{"id":25518,"date":"2018-11-14T17:22:14","date_gmt":"2018-11-14T16:22:14","guid":{"rendered":"https:\/\/www.itakaescolapios.org\/?p=25518"},"modified":"2023-11-28T12:37:08","modified_gmt":"2023-11-28T11:37:08","slug":"presentacion-de-la-campana-de-solidaridad-18-19-al-ritmo-de-congo-en-valencia","status":"publish","type":"post","link":"https:\/\/www.itakaescolapios.org\/en\/2018\/11\/presentacion-de-la-campana-de-solidaridad-18-19-al-ritmo-de-congo-en-valencia\/","title":{"rendered":"PRESENTACI\u00d3N DE LA CAMPA\u00d1A DE SOLIDARIDAD 18-19 \"AL RITMO DE CONGO\" EN VALENCIA"},"content":{"rendered":"<p style=\"text-align: justify\">Hoy se han reunido en la sede de Itaka-Escolapios de Valencia los coordinadores de Acci\u00f3n Social de la zona este de Betania para conocer la nueva campa\u00f1a de solidaridad, &#8220;Al ritmo de Congo&#8221;.<\/p>\n<p style=\"text-align: justify\">Los coordinadores de los colegios escolapios de Valencia, Castell\u00f3n, Albacete, Algemes\u00ed y Gandia han escuchado de primera mano toda la informaci\u00f3n y actividades preparadas para la campa\u00f1a que este a\u00f1o se destina a la Rep\u00fablica Democr\u00e1tica de Congo.<\/p>\n<p style=\"text-align: justify\">El objetivo es que cada uno de ellos lleve todos los materiales a sus respectivos centros escolares para sensibilizar al alumnado, a trav\u00e9s de din\u00e1micas, juegos y reflexiones, sobre la realidad de Congo y los proyectos que los escolapios tienen all\u00ed.<\/p>\n<p style=\"text-align: justify\">En unas semanas tambi\u00e9n se presentar\u00e1 la campa\u00f1a de solidaridad a los coordinadores de Acci\u00f3n Social de las zonas centro y norte de Betania.<\/p>\n\n\t\t<style type=\"text\/css\">\n\t\t\t#gallery-1 {\n\t\t\t\tmargin: auto;\n\t\t\t}\n\t\t\t#gallery-1 .gallery-item {\n\t\t\t\tfloat: left;\n\t\t\t\tmargin-top: 10px;\n\t\t\t\ttext-align: center;\n\t\t\t\twidth: 33%;\n\t\t\t}\n\t\t\t#gallery-1 img {\n\t\t\t\tborder: 2px solid #cfcfcf;\n\t\t\t}\n\t\t\t#gallery-1 .gallery-caption {\n\t\t\t\tmargin-left: 0;\n\t\t\t}\n\t\t\t\/* see gallery_shortcode() in wp-includes\/media.php *\/\n\t\t<\/style>\n\t\t<div id='gallery-1' class='gallery galleryid-25518 gallery-columns-3 gallery-size-thumbnail'><dl class='gallery-item'>\n\t\t\t<dt class='gallery-icon landscape'>\n\t\t\t\t<a href='https:\/\/www.itakaescolapios.org\/en\/2018\/11\/presentacion-de-la-campana-de-solidaridad-18-19-al-ritmo-de-congo-en-valencia\/whatsapp-image-2018-11-14-at-17-11-55\/'><img decoding=\"async\" width=\"90\" height=\"90\" src=\"https:\/\/www.itakaescolapios.org\/wp-content\/uploads\/2018\/11\/WhatsApp-Image-2018-11-14-at-17.11.55-90x90.jpeg\" class=\"attachment-thumbnail size-thumbnail\" alt=\"\" \/><\/a>\n\t\t\t<\/dt><\/dl><dl class='gallery-item'>\n\t\t\t<dt class='gallery-icon landscape'>\n\t\t\t\t<a href='https:\/\/www.itakaescolapios.org\/en\/2018\/11\/presentacion-de-la-campana-de-solidaridad-18-19-al-ritmo-de-congo-en-valencia\/whatsapp-image-2018-11-14-at-17-11-55-2\/'><img decoding=\"async\" width=\"90\" height=\"90\" src=\"https:\/\/www.itakaescolapios.org\/wp-content\/uploads\/2018\/11\/WhatsApp-Image-2018-11-14-at-17.11.55-2-90x90.jpeg\" class=\"attachment-thumbnail size-thumbnail\" alt=\"\" \/><\/a>\n\t\t\t<\/dt><\/dl><dl class='gallery-item'>\n\t\t\t<dt class='gallery-icon landscape'>\n\t\t\t\t<a href='https:\/\/www.itakaescolapios.org\/en\/2018\/11\/presentacion-de-la-campana-de-solidaridad-18-19-al-ritmo-de-congo-en-valencia\/whatsapp-image-2018-11-14-at-17-11-55-1\/'><img decoding=\"async\" width=\"90\" height=\"90\" src=\"https:\/\/www.itakaescolapios.org\/wp-content\/uploads\/2018\/11\/WhatsApp-Image-2018-11-14-at-17.11.55-1-90x90.jpeg\" class=\"attachment-thumbnail size-thumbnail\" alt=\"\" \/><\/a>\n\t\t\t<\/dt><\/dl><br style=\"clear: both\" \/><dl class='gallery-item'>\n\t\t\t<dt class='gallery-icon landscape'>\n\t\t\t\t<a href='https:\/\/www.itakaescolapios.org\/en\/2018\/11\/presentacion-de-la-campana-de-solidaridad-18-19-al-ritmo-de-congo-en-valencia\/whatsapp-image-2018-11-14-at-17-11-54\/'><img decoding=\"async\" width=\"90\" height=\"90\" src=\"https:\/\/www.itakaescolapios.org\/wp-content\/uploads\/2018\/11\/WhatsApp-Image-2018-11-14-at-17.11.54-90x90.jpeg\" class=\"attachment-thumbnail size-thumbnail\" alt=\"\" \/><\/a>\n\t\t\t<\/dt><\/dl><dl class='gallery-item'>\n\t\t\t<dt class='gallery-icon landscape'>\n\t\t\t\t<a href='https:\/\/www.itakaescolapios.org\/en\/2018\/11\/presentacion-de-la-campana-de-solidaridad-18-19-al-ritmo-de-congo-en-valencia\/whatsapp-image-2018-11-14-at-17-11-54-1\/'><img decoding=\"async\" width=\"90\" height=\"90\" src=\"https:\/\/www.itakaescolapios.org\/wp-content\/uploads\/2018\/11\/WhatsApp-Image-2018-11-14-at-17.11.54-1-90x90.jpeg\" class=\"attachment-thumbnail size-thumbnail\" alt=\"\" \/><\/a>\n\t\t\t<\/dt><\/dl>\n\t\t\t<br style='clear: both' \/>\n\t\t<\/div>\n\n<p style=\"text-align: justify\">\n","protected":false},"excerpt":{"rendered":"<p>Hoy se han reunido en la sede de Itaka-Escolapios de Valencia los coordinadores de Acci\u00f3n Social de la zona este de Betania para conocer la nueva campa\u00f1a de solidaridad, &#8220;Al [&hellip;]<\/p>\n","protected":false},"author":48,"featured_media":25521,"comment_status":"closed","ping_status":"closed","sticky":false,"template":"","format":"standard","meta":{"_et_pb_use_builder":"","_et_pb_old_content":"","_et_gb_content_width":"","footnotes":""},"categories":[12],"tags":[],"class_list":["post-25518","post","type-post","status-publish","format-standard","has-post-thumbnail","hentry","category-valencia"],"yoast_head":"<!-- This site is optimized with the Yoast SEO plugin v27.4 - https:\/\/yoast.com\/product\/yoast-seo-wordpress\/ -->\n<title>PRESENTACI\u00d3N DE LA CAMPA\u00d1A DE SOLIDARIDAD 18-19 &quot;AL RITMO DE CONGO&quot; EN VALENCIA<\/title>\n<meta name=\"description\" content=\"Hoy se han reunido en la sede de Itaka-Escolapios de Valencia los coordinadores de Acci\u00f3n Social de la zona este de Betania para conocer la nueva campa\u00f1a de solidaridad, &quot;Al ritmo de Congo&quot;. Los coordinadores de los colegios escolapios de Valencia, Castell\u00f3n, Albacete, Algemes\u00ed y Gandia han escuchado de primera mano toda la informaci\u00f3n y&hellip;\" \/>\n<meta name=\"robots\" content=\"index, follow, max-snippet:-1, max-image-preview:large, max-video-preview:-1\" \/>\n<link rel=\"canonical\" href=\"http:\/\/Hoy%20se%20han%20reunido%20en%20la%20sede%20de%20Itaka-Escolapios%20de%20Valencia%20los%20coordinadores%20de%20Acci\u00f3n%20Social%20de%20la%20zona%20este%20de%20Betania%20para%20conocer%20la%20nueva%20campa\u00f1a%20de%20solidaridad,%20Al%20ritmo%20de%20Congo.%20Los%20coordinadores%20de%20los%20colegios%20escolapios%20de%20Valencia,%20Castell\u00f3n,%20Albacete,%20Algemes\u00ed%20y%20Gandia%20han%20escuchado%20de%20primera%20mano%20toda%20la%20informaci\u00f3n%20y&hellip;\" \/>\n<meta property=\"og:locale\" content=\"en_US\" \/>\n<meta property=\"og:type\" content=\"article\" \/>\n<meta property=\"og:title\" content=\"PRESENTACI\u00d3N DE LA CAMPA\u00d1A DE SOLIDARIDAD 18-19 &quot;AL RITMO DE CONGO&quot; EN VALENCIA\" \/>\n<meta property=\"og:description\" content=\"Hoy se han reunido en la sede de Itaka-Escolapios de Valencia los coordinadores de Acci\u00f3n Social de la zona este de Betania para conocer la nueva campa\u00f1a de solidaridad, &quot;Al ritmo de Congo&quot;. Los coordinadores de los colegios escolapios de Valencia, Castell\u00f3n, Albacete, Algemes\u00ed y Gandia han escuchado de primera mano toda la informaci\u00f3n y&hellip;\" \/>\n<meta property=\"og:url\" content=\"https:\/\/www.itakaescolapios.org\/en\/2018\/11\/presentacion-de-la-campana-de-solidaridad-18-19-al-ritmo-de-congo-en-valencia\/\" \/>\n<meta property=\"og:site_name\" content=\"Proofs in Itaka-Escolapios\" \/>\n<meta property=\"article:published_time\" content=\"2018-11-14T16:22:14+00:00\" \/>\n<meta property=\"article:modified_time\" content=\"2023-11-28T11:37:08+00:00\" \/>\n<meta property=\"og:image\" content=\"https:\/\/www.itakaescolapios.org\/wp-content\/uploads\/2018\/11\/WhatsApp-Image-2018-11-14-at-17.11.54-1.jpeg\" \/>\n\t<meta property=\"og:image:width\" content=\"1600\" \/>\n\t<meta property=\"og:image:height\" content=\"1200\" \/>\n\t<meta property=\"og:image:type\" content=\"image\/jpeg\" \/>\n<meta name=\"author\" content=\"madrid01\" \/>\n<meta name=\"twitter:card\" content=\"summary_large_image\" \/>\n<meta name=\"twitter:label1\" content=\"Written by\" \/>\n\t<meta name=\"twitter:data1\" content=\"madrid01\" \/>\n\t<meta name=\"twitter:label2\" content=\"Est. reading time\" \/>\n\t<meta name=\"twitter:data2\" content=\"1 minute\" \/>\n<script type=\"application\/ld+json\" class=\"yoast-schema-graph\">{\"@context\":\"https:\\\/\\\/schema.org\",\"@graph\":[{\"@type\":\"Article\",\"@id\":\"https:\\\/\\\/www.itakaescolapios.org\\\/en\\\/2018\\\/11\\\/presentacion-de-la-campana-de-solidaridad-18-19-al-ritmo-de-congo-en-valencia\\\/#article\",\"isPartOf\":{\"@id\":\"https:\\\/\\\/www.itakaescolapios.org\\\/en\\\/2018\\\/11\\\/presentacion-de-la-campana-de-solidaridad-18-19-al-ritmo-de-congo-en-valencia\\\/\"},\"author\":{\"name\":\"madrid01\",\"@id\":\"https:\\\/\\\/www.itakaescolapios.org\\\/es\\\/#\\\/schema\\\/person\\\/bcd60d18d9795d0e978153a567a2edcb\"},\"headline\":\"PRESENTACI\u00d3N DE LA CAMPA\u00d1A DE SOLIDARIDAD 18-19 \\\"AL RITMO DE CONGO\\\" EN VALENCIA\",\"datePublished\":\"2018-11-14T16:22:14+00:00\",\"dateModified\":\"2023-11-28T11:37:08+00:00\",\"mainEntityOfPage\":{\"@id\":\"https:\\\/\\\/www.itakaescolapios.org\\\/en\\\/2018\\\/11\\\/presentacion-de-la-campana-de-solidaridad-18-19-al-ritmo-de-congo-en-valencia\\\/\"},\"wordCount\":166,\"publisher\":{\"@id\":\"https:\\\/\\\/www.itakaescolapios.org\\\/es\\\/#organization\"},\"image\":{\"@id\":\"https:\\\/\\\/www.itakaescolapios.org\\\/en\\\/2018\\\/11\\\/presentacion-de-la-campana-de-solidaridad-18-19-al-ritmo-de-congo-en-valencia\\\/#primaryimage\"},\"thumbnailUrl\":\"https:\\\/\\\/www.itakaescolapios.org\\\/wp-content\\\/uploads\\\/2018\\\/11\\\/WhatsApp-Image-2018-11-14-at-17.11.54-1.jpeg\",\"articleSection\":[\"Valencia\"],\"inLanguage\":\"en-US\"},{\"@type\":\"WebPage\",\"@id\":\"https:\\\/\\\/www.itakaescolapios.org\\\/en\\\/2018\\\/11\\\/presentacion-de-la-campana-de-solidaridad-18-19-al-ritmo-de-congo-en-valencia\\\/\",\"url\":\"https:\\\/\\\/www.itakaescolapios.org\\\/en\\\/2018\\\/11\\\/presentacion-de-la-campana-de-solidaridad-18-19-al-ritmo-de-congo-en-valencia\\\/\",\"name\":\"PRESENTACI\u00d3N DE LA CAMPA\u00d1A DE SOLIDARIDAD 18-19 \\\"AL RITMO DE CONGO\\\" EN VALENCIA - Proofs in Itaka-Escolapios\",\"isPartOf\":{\"@id\":\"https:\\\/\\\/www.itakaescolapios.org\\\/es\\\/#website\"},\"primaryImageOfPage\":{\"@id\":\"https:\\\/\\\/www.itakaescolapios.org\\\/en\\\/2018\\\/11\\\/presentacion-de-la-campana-de-solidaridad-18-19-al-ritmo-de-congo-en-valencia\\\/#primaryimage\"},\"image\":{\"@id\":\"https:\\\/\\\/www.itakaescolapios.org\\\/en\\\/2018\\\/11\\\/presentacion-de-la-campana-de-solidaridad-18-19-al-ritmo-de-congo-en-valencia\\\/#primaryimage\"},\"thumbnailUrl\":\"https:\\\/\\\/www.itakaescolapios.org\\\/wp-content\\\/uploads\\\/2018\\\/11\\\/WhatsApp-Image-2018-11-14-at-17.11.54-1.jpeg\",\"datePublished\":\"2018-11-14T16:22:14+00:00\",\"dateModified\":\"2023-11-28T11:37:08+00:00\",\"breadcrumb\":{\"@id\":\"https:\\\/\\\/www.itakaescolapios.org\\\/en\\\/2018\\\/11\\\/presentacion-de-la-campana-de-solidaridad-18-19-al-ritmo-de-congo-en-valencia\\\/#breadcrumb\"},\"inLanguage\":\"en-US\",\"potentialAction\":[{\"@type\":\"ReadAction\",\"target\":[\"https:\\\/\\\/www.itakaescolapios.org\\\/en\\\/2018\\\/11\\\/presentacion-de-la-campana-de-solidaridad-18-19-al-ritmo-de-congo-en-valencia\\\/\"]}]},{\"@type\":\"ImageObject\",\"inLanguage\":\"en-US\",\"@id\":\"https:\\\/\\\/www.itakaescolapios.org\\\/en\\\/2018\\\/11\\\/presentacion-de-la-campana-de-solidaridad-18-19-al-ritmo-de-congo-en-valencia\\\/#primaryimage\",\"url\":\"https:\\\/\\\/www.itakaescolapios.org\\\/wp-content\\\/uploads\\\/2018\\\/11\\\/WhatsApp-Image-2018-11-14-at-17.11.54-1.jpeg\",\"contentUrl\":\"https:\\\/\\\/www.itakaescolapios.org\\\/wp-content\\\/uploads\\\/2018\\\/11\\\/WhatsApp-Image-2018-11-14-at-17.11.54-1.jpeg\",\"width\":1600,\"height\":1200},{\"@type\":\"BreadcrumbList\",\"@id\":\"https:\\\/\\\/www.itakaescolapios.org\\\/en\\\/2018\\\/11\\\/presentacion-de-la-campana-de-solidaridad-18-19-al-ritmo-de-congo-en-valencia\\\/#breadcrumb\",\"itemListElement\":[{\"@type\":\"ListItem\",\"position\":1,\"name\":\"Proof\",\"item\":\"https:\\\/\\\/www.itakaescolapios.org\\\/es\\\/\"},{\"@type\":\"ListItem\",\"position\":2,\"name\":\"PRESENTACI\u00d3N DE LA CAMPA\u00d1A DE SOLIDARIDAD 18-19 \\\"AL RITMO DE CONGO\\\" EN VALENCIA\"}]},{\"@type\":\"WebSite\",\"@id\":\"https:\\\/\\\/www.itakaescolapios.org\\\/en\\\/es\\\/#website\",\"url\":\"https:\\\/\\\/www.itakaescolapios.org\\\/en\\\/es\\\/\",\"name\":\"Itaka-Escolapios\",\"description\":\"Red de Itaka-Escolapios\",\"publisher\":{\"@id\":\"https:\\\/\\\/www.itakaescolapios.org\\\/en\\\/es\\\/#organization\"},\"potentialAction\":[{\"@type\":\"SearchAction\",\"target\":{\"@type\":\"EntryPoint\",\"urlTemplate\":\"https:\\\/\\\/www.itakaescolapios.org\\\/en\\\/es\\\/?s={search_term_string}\"},\"query-input\":{\"@type\":\"PropertyValueSpecification\",\"valueRequired\":true,\"valueName\":\"search_term_string\"}}],\"inLanguage\":\"en-US\"},{\"@type\":\"Organization\",\"@id\":\"https:\\\/\\\/www.itakaescolapios.org\\\/en\\\/es\\\/#organization\",\"name\":\"Fundaci\u00f3 Itaka-Escolapios\",\"url\":\"https:\\\/\\\/www.itakaescolapios.org\\\/en\\\/es\\\/\",\"logo\":{\"@type\":\"ImageObject\",\"inLanguage\":\"en-US\",\"@id\":\"https:\\\/\\\/www.itakaescolapios.org\\\/en\\\/es\\\/#\\\/schema\\\/logo\\\/image\\\/\",\"url\":\"https:\\\/\\\/www.itakaescolapios.org\\\/wp-content\\\/uploads\\\/2024\\\/04\\\/Logo-itakaescolapios-peque.png\",\"contentUrl\":\"https:\\\/\\\/www.itakaescolapios.org\\\/wp-content\\\/uploads\\\/2024\\\/04\\\/Logo-itakaescolapios-peque.png\",\"width\":500,\"height\":199,\"caption\":\"Fundaci\u00f3 Itaka-Escolapios\"},\"image\":{\"@id\":\"https:\\\/\\\/www.itakaescolapios.org\\\/en\\\/es\\\/#\\\/schema\\\/logo\\\/image\\\/\"}},{\"@type\":\"Person\",\"@id\":\"https:\\\/\\\/www.itakaescolapios.org\\\/es\\\/#\\\/schema\\\/person\\\/bcd60d18d9795d0e978153a567a2edcb\",\"name\":\"madrid01\",\"url\":\"https:\\\/\\\/www.itakaescolapios.org\\\/en\\\/author\\\/madrid01\\\/\"}]}<\/script>\n<!-- \/ Yoast SEO plugin. -->","yoast_head_json":{"title":"PRESENTACI\u00d3N DE LA CAMPA\u00d1A DE SOLIDARIDAD 18-19 \"AL RITMO DE CONGO\" EN VALENCIA","description":"Hoy se han reunido en la sede de Itaka-Escolapios de Valencia los coordinadores de Acci\u00f3n Social de la zona este de Betania para conocer la nueva campa\u00f1a de solidaridad, \"Al ritmo de Congo\". Los coordinadores de los colegios escolapios de Valencia, Castell\u00f3n, Albacete, Algemes\u00ed y Gandia han escuchado de primera mano toda la informaci\u00f3n y&hellip;","robots":{"index":"index","follow":"follow","max-snippet":"max-snippet:-1","max-image-preview":"max-image-preview:large","max-video-preview":"max-video-preview:-1"},"canonical":"Hoy se han reunido en la sede de Itaka-Escolapios de Valencia los coordinadores de Acci\u00f3n Social de la zona este de Betania para conocer la nueva campa\u00f1a de solidaridad, \"Al ritmo de Congo\". Los coordinadores de los colegios escolapios de Valencia, Castell\u00f3n, Albacete, Algemes\u00ed y Gandia han escuchado de primera mano toda la informaci\u00f3n y&hellip;","og_locale":"en_US","og_type":"article","og_title":"PRESENTACI\u00d3N DE LA CAMPA\u00d1A DE SOLIDARIDAD 18-19 \"AL RITMO DE CONGO\" EN VALENCIA","og_description":"Hoy se han reunido en la sede de Itaka-Escolapios de Valencia los coordinadores de Acci\u00f3n Social de la zona este de Betania para conocer la nueva campa\u00f1a de solidaridad, \"Al ritmo de Congo\". Los coordinadores de los colegios escolapios de Valencia, Castell\u00f3n, Albacete, Algemes\u00ed y Gandia han escuchado de primera mano toda la informaci\u00f3n y&hellip;","og_url":"https:\/\/www.itakaescolapios.org\/en\/2018\/11\/presentacion-de-la-campana-de-solidaridad-18-19-al-ritmo-de-congo-en-valencia\/","og_site_name":"Proofs in Itaka-Escolapios","article_published_time":"2018-11-14T16:22:14+00:00","article_modified_time":"2023-11-28T11:37:08+00:00","og_image":[{"width":1600,"height":1200,"url":"https:\/\/www.itakaescolapios.org\/wp-content\/uploads\/2018\/11\/WhatsApp-Image-2018-11-14-at-17.11.54-1.jpeg","type":"image\/jpeg"}],"author":"madrid01","twitter_card":"summary_large_image","twitter_misc":{"Written by":"madrid01","Est. reading time":"1 minute"},"schema":{"@context":"https:\/\/schema.org","@graph":[{"@type":"Article","@id":"https:\/\/www.itakaescolapios.org\/en\/2018\/11\/presentacion-de-la-campana-de-solidaridad-18-19-al-ritmo-de-congo-en-valencia\/#article","isPartOf":{"@id":"https:\/\/www.itakaescolapios.org\/en\/2018\/11\/presentacion-de-la-campana-de-solidaridad-18-19-al-ritmo-de-congo-en-valencia\/"},"author":{"name":"madrid01","@id":"https:\/\/www.itakaescolapios.org\/es\/#\/schema\/person\/bcd60d18d9795d0e978153a567a2edcb"},"headline":"PRESENTACI\u00d3N DE LA CAMPA\u00d1A DE SOLIDARIDAD 18-19 \"AL RITMO DE CONGO\" EN VALENCIA","datePublished":"2018-11-14T16:22:14+00:00","dateModified":"2023-11-28T11:37:08+00:00","mainEntityOfPage":{"@id":"https:\/\/www.itakaescolapios.org\/en\/2018\/11\/presentacion-de-la-campana-de-solidaridad-18-19-al-ritmo-de-congo-en-valencia\/"},"wordCount":166,"publisher":{"@id":"https:\/\/www.itakaescolapios.org\/es\/#organization"},"image":{"@id":"https:\/\/www.itakaescolapios.org\/en\/2018\/11\/presentacion-de-la-campana-de-solidaridad-18-19-al-ritmo-de-congo-en-valencia\/#primaryimage"},"thumbnailUrl":"https:\/\/www.itakaescolapios.org\/wp-content\/uploads\/2018\/11\/WhatsApp-Image-2018-11-14-at-17.11.54-1.jpeg","articleSection":["Valencia"],"inLanguage":"en-US"},{"@type":"WebPage","@id":"https:\/\/www.itakaescolapios.org\/en\/2018\/11\/presentacion-de-la-campana-de-solidaridad-18-19-al-ritmo-de-congo-en-valencia\/","url":"https:\/\/www.itakaescolapios.org\/en\/2018\/11\/presentacion-de-la-campana-de-solidaridad-18-19-al-ritmo-de-congo-en-valencia\/","name":"PRESENTACI\u00d3N DE LA CAMPA\u00d1A DE SOLIDARIDAD 18-19 \"AL RITMO DE CONGO\" EN VALENCIA - Proofs in Itaka-Escolapios","isPartOf":{"@id":"https:\/\/www.itakaescolapios.org\/es\/#website"},"primaryImageOfPage":{"@id":"https:\/\/www.itakaescolapios.org\/en\/2018\/11\/presentacion-de-la-campana-de-solidaridad-18-19-al-ritmo-de-congo-en-valencia\/#primaryimage"},"image":{"@id":"https:\/\/www.itakaescolapios.org\/en\/2018\/11\/presentacion-de-la-campana-de-solidaridad-18-19-al-ritmo-de-congo-en-valencia\/#primaryimage"},"thumbnailUrl":"https:\/\/www.itakaescolapios.org\/wp-content\/uploads\/2018\/11\/WhatsApp-Image-2018-11-14-at-17.11.54-1.jpeg","datePublished":"2018-11-14T16:22:14+00:00","dateModified":"2023-11-28T11:37:08+00:00","breadcrumb":{"@id":"https:\/\/www.itakaescolapios.org\/en\/2018\/11\/presentacion-de-la-campana-de-solidaridad-18-19-al-ritmo-de-congo-en-valencia\/#breadcrumb"},"inLanguage":"en-US","potentialAction":[{"@type":"ReadAction","target":["https:\/\/www.itakaescolapios.org\/en\/2018\/11\/presentacion-de-la-campana-de-solidaridad-18-19-al-ritmo-de-congo-en-valencia\/"]}]},{"@type":"ImageObject","inLanguage":"en-US","@id":"https:\/\/www.itakaescolapios.org\/en\/2018\/11\/presentacion-de-la-campana-de-solidaridad-18-19-al-ritmo-de-congo-en-valencia\/#primaryimage","url":"https:\/\/www.itakaescolapios.org\/wp-content\/uploads\/2018\/11\/WhatsApp-Image-2018-11-14-at-17.11.54-1.jpeg","contentUrl":"https:\/\/www.itakaescolapios.org\/wp-content\/uploads\/2018\/11\/WhatsApp-Image-2018-11-14-at-17.11.54-1.jpeg","width":1600,"height":1200},{"@type":"BreadcrumbList","@id":"https:\/\/www.itakaescolapios.org\/en\/2018\/11\/presentacion-de-la-campana-de-solidaridad-18-19-al-ritmo-de-congo-en-valencia\/#breadcrumb","itemListElement":[{"@type":"ListItem","position":1,"name":"Proof","item":"https:\/\/www.itakaescolapios.org\/es\/"},{"@type":"ListItem","position":2,"name":"PRESENTACI\u00d3N DE LA CAMPA\u00d1A DE SOLIDARIDAD 18-19 \"AL RITMO DE CONGO\" EN VALENCIA"}]},{"@type":"WebSite","@id":"https:\/\/www.itakaescolapios.org\/en\/es\/#website","url":"https:\/\/www.itakaescolapios.org\/en\/es\/","name":"Itaka-Escolapios","description":"Red de Itaka-Escolapios","publisher":{"@id":"https:\/\/www.itakaescolapios.org\/en\/es\/#organization"},"potentialAction":[{"@type":"SearchAction","target":{"@type":"EntryPoint","urlTemplate":"https:\/\/www.itakaescolapios.org\/en\/es\/?s={search_term_string}"},"query-input":{"@type":"PropertyValueSpecification","valueRequired":true,"valueName":"search_term_string"}}],"inLanguage":"en-US"},{"@type":"Organization","@id":"https:\/\/www.itakaescolapios.org\/en\/es\/#organization","name":"Fundaci\u00f3 Itaka-Escolapios","url":"https:\/\/www.itakaescolapios.org\/en\/es\/","logo":{"@type":"ImageObject","inLanguage":"en-US","@id":"https:\/\/www.itakaescolapios.org\/en\/es\/#\/schema\/logo\/image\/","url":"https:\/\/www.itakaescolapios.org\/wp-content\/uploads\/2024\/04\/Logo-itakaescolapios-peque.png","contentUrl":"https:\/\/www.itakaescolapios.org\/wp-content\/uploads\/2024\/04\/Logo-itakaescolapios-peque.png","width":500,"height":199,"caption":"Fundaci\u00f3 Itaka-Escolapios"},"image":{"@id":"https:\/\/www.itakaescolapios.org\/en\/es\/#\/schema\/logo\/image\/"}},{"@type":"Person","@id":"https:\/\/www.itakaescolapios.org\/es\/#\/schema\/person\/bcd60d18d9795d0e978153a567a2edcb","name":"madrid01","url":"https:\/\/www.itakaescolapios.org\/en\/author\/madrid01\/"}]}},"_links":{"self":[{"href":"https:\/\/www.itakaescolapios.org\/en\/wp-json\/wp\/v2\/posts\/25518","targetHints":{"allow":["GET"]}}],"collection":[{"href":"https:\/\/www.itakaescolapios.org\/en\/wp-json\/wp\/v2\/posts"}],"about":[{"href":"https:\/\/www.itakaescolapios.org\/en\/wp-json\/wp\/v2\/types\/post"}],"author":[{"embeddable":true,"href":"https:\/\/www.itakaescolapios.org\/en\/wp-json\/wp\/v2\/users\/48"}],"replies":[{"embeddable":true,"href":"https:\/\/www.itakaescolapios.org\/en\/wp-json\/wp\/v2\/comments?post=25518"}],"version-history":[{"count":5,"href":"https:\/\/www.itakaescolapios.org\/en\/wp-json\/wp\/v2\/posts\/25518\/revisions"}],"predecessor-version":[{"id":46146,"href":"https:\/\/www.itakaescolapios.org\/en\/wp-json\/wp\/v2\/posts\/25518\/revisions\/46146"}],"wp:featuredmedia":[{"embeddable":true,"href":"https:\/\/www.itakaescolapios.org\/en\/wp-json\/wp\/v2\/media\/25521"}],"wp:attachment":[{"href":"https:\/\/www.itakaescolapios.org\/en\/wp-json\/wp\/v2\/media?parent=25518"}],"wp:term":[{"taxonomy":"category","embeddable":true,"href":"https:\/\/www.itakaescolapios.org\/en\/wp-json\/wp\/v2\/categories?post=25518"},{"taxonomy":"post_tag","embeddable":true,"href":"https:\/\/www.itakaescolapios.org\/en\/wp-json\/wp\/v2\/tags?post=25518"}],"curies":[{"name":"wp","href":"https:\/\/api.w.org\/{rel}","templated":true}]}}