{"id":26398,"date":"2019-01-17T11:56:47","date_gmt":"2019-01-17T10:56:47","guid":{"rendered":"https:\/\/www.itakaescolapios.org\/?p=26398"},"modified":"2023-11-28T12:37:02","modified_gmt":"2023-11-28T11:37:02","slug":"reunion-del-equipo-del-movimiento-calasanz-area-dakar","status":"publish","type":"post","link":"https:\/\/www.itakaescolapios.org\/en\/2019\/01\/reunion-del-equipo-del-movimiento-calasanz-area-dakar\/","title":{"rendered":"Reuni\u00f3n del equipo del Movimiento Calasanz, \u00c1rea Dakar"},"content":{"rendered":"<p><strong>Ayer, a las 19.30 horas, se celebr\u00f3 la reuni\u00f3n de los miembros de la oficina del Movimiento de Calasanz, en la zona de Dakar (Senegal).<\/strong><\/p>\n<p>Estuvieron presentes Bertrand DIEME, coordinador del Movimiento a nivel provincial, Gabriel, Presidente del Movimiento a nivel nacional, Guy, Olivia, Nadin, el hermano Franck, el hermano St\u00e9phane, el hermano Pierre, el hermano Fran\u00e7ois Emmanuel y Marie Eve, miembros del Consejo y Fr\u00e9d\u00e9ric MBOA (Miembro Activo del Movimiento Calasanz en Daloa, Costa de Marfil), que visitaron las diferentes presencias de las Escuelas P\u00edas en Senegal.<\/p>\n<p>El objetivo de este encuentro fue preparar la pr\u00f3xima sesi\u00f3n de formaci\u00f3n del Movimiento Calasanz del 10 de febrero sobre Liderazgo. Este entrenamiento ser\u00e1 facilitado por un miembro de YMCA, una instituci\u00f3n americana. YMCA es una organizaci\u00f3n cuya misi\u00f3n es trabajar por el desarrollo de j\u00f3venes talentosos, responsables en sus familias, l\u00edderes a nivel de sus generaciones y comprometidos con sus comunidades. Esta formaci\u00f3n ayudar\u00e1 a muchos de los j\u00f3venes que trabajan con nosotros en el Movimiento Calasanz a ser capaces de dirigir, animar y servir a un grupo.<\/p>\n<p>Con el objetivo tambi\u00e9n de vivir fraternalmente, el Movimiento Calasanz organizar\u00e1 durante el mes de febrero un \u00e1gape fraterno para comunicarse, compartir, fraternizar y conocerse mejor. El lugar se determinar\u00e1 en una fecha posterior al mismo tiempo que la fecha exacta.<\/p>\n<p>Est\u00e1 prevista una jornada de formaci\u00f3n y amistad en Notre Dame d&#8217;Afrique. Un grupo ya designado se encargar\u00e1 de programar todo y distribuir las tareas para un mejor \u00e9xito de este d\u00eda.<\/p>\n<p>Tambi\u00e9n se celebrar\u00e1 una mesa redonda en febrero y marzo. Eric COLY, de Keur Massar, lo organizar\u00e1 y otro grupo se encargar\u00e1 de toda la log\u00edstica.<\/p>\n<p>El d\u00eda 15 de febrero, d\u00eda escolapio del Movimiento Calasanz, el grupo propondr\u00e1 a todos una actividad para conmemorar no s\u00f3lo al Santo Patr\u00f3n (Glicerio LANDRIANI), sino tambi\u00e9n para estar en comuni\u00f3n con todos los dem\u00e1s movimientos escolapios del mundo.<\/p>\n<p>Finalmente, se trataba de preparar la peregrinaci\u00f3n post-sinodal a Keur Guilaye para discutir las resoluciones del S\u00ednodo y tomar decisiones para avanzar en nuestro camino de fe a trav\u00e9s del discernimiento.<!--more--><\/p>\n","protected":false},"excerpt":{"rendered":"<p>Ayer, a las 19.30 horas, se celebr\u00f3 la reuni\u00f3n de los miembros de la oficina del Movimiento de Calasanz, en la zona de Dakar (Senegal). Estuvieron presentes Bertrand DIEME, coordinador [&hellip;]<\/p>\n","protected":false},"author":46,"featured_media":26399,"comment_status":"closed","ping_status":"closed","sticky":false,"template":"","format":"standard","meta":{"_et_pb_use_builder":"","_et_pb_old_content":"","_et_gb_content_width":"","footnotes":""},"categories":[1,282],"tags":[370,69],"class_list":["post-26398","post","type-post","status-publish","format-standard","has-post-thumbnail","hentry","category-none","category-senegal","tag-dakar","tag-movimiento-calasanz"],"yoast_head":"<!-- This site is optimized with the Yoast SEO plugin v27.4 - https:\/\/yoast.com\/product\/yoast-seo-wordpress\/ -->\n<title>Reuni\u00f3n del equipo del Movimiento Calasanz, \u00c1rea Dakar<\/title>\n<meta name=\"description\" content=\"Ayer, a las 19.30 horas, se celebr\u00f3 la reuni\u00f3n de los miembros de la oficina del Movimiento de Calasanz, en la zona de Dakar (Senegal). Estuvieron presentes Bertrand DIEME, coordinador del Movimiento a nivel provincial, Gabriel, Presidente del Movimiento a nivel nacional, Guy, Olivia, Nadin, el hermano Franck, el hermano St\u00e9phane, el hermano Pierre, el&hellip;\" \/>\n<meta name=\"robots\" content=\"index, follow, max-snippet:-1, max-image-preview:large, max-video-preview:-1\" \/>\n<link rel=\"canonical\" href=\"http:\/\/Ayer,%20a%20las%2019.30%20horas,%20se%20celebr\u00f3%20la%20reuni\u00f3n%20de%20los%20miembros%20de%20la%20oficina%20del%20Movimiento%20de%20Calasanz,%20en%20la%20zona%20de%20Dakar%20(Senegal).%20Estuvieron%20presentes%20Bertrand%20DIEME,%20coordinador%20del%20Movimiento%20a%20nivel%20provincial,%20Gabriel,%20Presidente%20del%20Movimiento%20a%20nivel%20nacional,%20Guy,%20Olivia,%20Nadin,%20el%20hermano%20Franck,%20el%20hermano%20St\u00e9phane,%20el%20hermano%20Pierre,%20el&hellip;\" \/>\n<meta property=\"og:locale\" content=\"en_US\" \/>\n<meta property=\"og:type\" content=\"article\" \/>\n<meta property=\"og:title\" content=\"Reuni\u00f3n del equipo del Movimiento Calasanz, \u00c1rea Dakar\" \/>\n<meta property=\"og:description\" content=\"Ayer, a las 19.30 horas, se celebr\u00f3 la reuni\u00f3n de los miembros de la oficina del Movimiento de Calasanz, en la zona de Dakar (Senegal). Estuvieron presentes Bertrand DIEME, coordinador del Movimiento a nivel provincial, Gabriel, Presidente del Movimiento a nivel nacional, Guy, Olivia, Nadin, el hermano Franck, el hermano St\u00e9phane, el hermano Pierre, el&hellip;\" \/>\n<meta property=\"og:url\" content=\"https:\/\/www.itakaescolapios.org\/en\/2019\/01\/reunion-del-equipo-del-movimiento-calasanz-area-dakar\/\" \/>\n<meta property=\"og:site_name\" content=\"Proofs in Itaka-Escolapios\" \/>\n<meta property=\"article:published_time\" content=\"2019-01-17T10:56:47+00:00\" \/>\n<meta property=\"article:modified_time\" content=\"2023-11-28T11:37:02+00:00\" \/>\n<meta property=\"og:image\" content=\"https:\/\/www.itakaescolapios.org\/wp-content\/uploads\/2019\/01\/20190116-Reuni\u00f3n-oficina-Movimiento-Calasanz-Dakar.jpg\" \/>\n\t<meta property=\"og:image:width\" content=\"1040\" \/>\n\t<meta property=\"og:image:height\" content=\"780\" \/>\n\t<meta property=\"og:image:type\" content=\"image\/jpeg\" \/>\n<meta name=\"author\" content=\"itakaescolapios\" \/>\n<meta name=\"twitter:card\" content=\"summary_large_image\" \/>\n<meta name=\"twitter:label1\" content=\"Written by\" \/>\n\t<meta name=\"twitter:data1\" content=\"itakaescolapios\" \/>\n\t<meta name=\"twitter:label2\" content=\"Est. reading time\" \/>\n\t<meta name=\"twitter:data2\" content=\"2 minutes\" \/>\n<script type=\"application\/ld+json\" class=\"yoast-schema-graph\">{\"@context\":\"https:\\\/\\\/schema.org\",\"@graph\":[{\"@type\":\"Article\",\"@id\":\"https:\\\/\\\/www.itakaescolapios.org\\\/en\\\/2019\\\/01\\\/reunion-del-equipo-del-movimiento-calasanz-area-dakar\\\/#article\",\"isPartOf\":{\"@id\":\"https:\\\/\\\/www.itakaescolapios.org\\\/en\\\/2019\\\/01\\\/reunion-del-equipo-del-movimiento-calasanz-area-dakar\\\/\"},\"author\":{\"name\":\"itakaescolapios\",\"@id\":\"https:\\\/\\\/www.itakaescolapios.org\\\/es\\\/#\\\/schema\\\/person\\\/768ce0f19db5c2c2b6361e77e15db2db\"},\"headline\":\"Reuni\u00f3n del equipo del Movimiento Calasanz, \u00c1rea Dakar\",\"datePublished\":\"2019-01-17T10:56:47+00:00\",\"dateModified\":\"2023-11-28T11:37:02+00:00\",\"mainEntityOfPage\":{\"@id\":\"https:\\\/\\\/www.itakaescolapios.org\\\/en\\\/2019\\\/01\\\/reunion-del-equipo-del-movimiento-calasanz-area-dakar\\\/\"},\"wordCount\":385,\"publisher\":{\"@id\":\"https:\\\/\\\/www.itakaescolapios.org\\\/es\\\/#organization\"},\"image\":{\"@id\":\"https:\\\/\\\/www.itakaescolapios.org\\\/en\\\/2019\\\/01\\\/reunion-del-equipo-del-movimiento-calasanz-area-dakar\\\/#primaryimage\"},\"thumbnailUrl\":\"https:\\\/\\\/www.itakaescolapios.org\\\/wp-content\\\/uploads\\\/2019\\\/01\\\/20190116-Reuni\u00f3n-oficina-Movimiento-Calasanz-Dakar.jpg\",\"keywords\":[\"Dakar\",\"Movimiento Calasanz\"],\"articleSection\":[\"Ninguna\",\"Senegal\"],\"inLanguage\":\"en-US\"},{\"@type\":\"WebPage\",\"@id\":\"https:\\\/\\\/www.itakaescolapios.org\\\/en\\\/2019\\\/01\\\/reunion-del-equipo-del-movimiento-calasanz-area-dakar\\\/\",\"url\":\"https:\\\/\\\/www.itakaescolapios.org\\\/en\\\/2019\\\/01\\\/reunion-del-equipo-del-movimiento-calasanz-area-dakar\\\/\",\"name\":\"Reuni\u00f3n del equipo del Movimiento Calasanz, \u00c1rea Dakar - Proofs in Itaka-Escolapios\",\"isPartOf\":{\"@id\":\"https:\\\/\\\/www.itakaescolapios.org\\\/es\\\/#website\"},\"primaryImageOfPage\":{\"@id\":\"https:\\\/\\\/www.itakaescolapios.org\\\/en\\\/2019\\\/01\\\/reunion-del-equipo-del-movimiento-calasanz-area-dakar\\\/#primaryimage\"},\"image\":{\"@id\":\"https:\\\/\\\/www.itakaescolapios.org\\\/en\\\/2019\\\/01\\\/reunion-del-equipo-del-movimiento-calasanz-area-dakar\\\/#primaryimage\"},\"thumbnailUrl\":\"https:\\\/\\\/www.itakaescolapios.org\\\/wp-content\\\/uploads\\\/2019\\\/01\\\/20190116-Reuni\u00f3n-oficina-Movimiento-Calasanz-Dakar.jpg\",\"datePublished\":\"2019-01-17T10:56:47+00:00\",\"dateModified\":\"2023-11-28T11:37:02+00:00\",\"breadcrumb\":{\"@id\":\"https:\\\/\\\/www.itakaescolapios.org\\\/en\\\/2019\\\/01\\\/reunion-del-equipo-del-movimiento-calasanz-area-dakar\\\/#breadcrumb\"},\"inLanguage\":\"en-US\",\"potentialAction\":[{\"@type\":\"ReadAction\",\"target\":[\"https:\\\/\\\/www.itakaescolapios.org\\\/en\\\/2019\\\/01\\\/reunion-del-equipo-del-movimiento-calasanz-area-dakar\\\/\"]}]},{\"@type\":\"ImageObject\",\"inLanguage\":\"en-US\",\"@id\":\"https:\\\/\\\/www.itakaescolapios.org\\\/en\\\/2019\\\/01\\\/reunion-del-equipo-del-movimiento-calasanz-area-dakar\\\/#primaryimage\",\"url\":\"https:\\\/\\\/www.itakaescolapios.org\\\/wp-content\\\/uploads\\\/2019\\\/01\\\/20190116-Reuni\u00f3n-oficina-Movimiento-Calasanz-Dakar.jpg\",\"contentUrl\":\"https:\\\/\\\/www.itakaescolapios.org\\\/wp-content\\\/uploads\\\/2019\\\/01\\\/20190116-Reuni\u00f3n-oficina-Movimiento-Calasanz-Dakar.jpg\",\"width\":1040,\"height\":780},{\"@type\":\"BreadcrumbList\",\"@id\":\"https:\\\/\\\/www.itakaescolapios.org\\\/en\\\/2019\\\/01\\\/reunion-del-equipo-del-movimiento-calasanz-area-dakar\\\/#breadcrumb\",\"itemListElement\":[{\"@type\":\"ListItem\",\"position\":1,\"name\":\"Proof\",\"item\":\"https:\\\/\\\/www.itakaescolapios.org\\\/es\\\/\"},{\"@type\":\"ListItem\",\"position\":2,\"name\":\"Reuni\u00f3n del equipo del Movimiento Calasanz, \u00c1rea Dakar\"}]},{\"@type\":\"WebSite\",\"@id\":\"https:\\\/\\\/www.itakaescolapios.org\\\/en\\\/es\\\/#website\",\"url\":\"https:\\\/\\\/www.itakaescolapios.org\\\/en\\\/es\\\/\",\"name\":\"Itaka-Escolapios\",\"description\":\"Red de Itaka-Escolapios\",\"publisher\":{\"@id\":\"https:\\\/\\\/www.itakaescolapios.org\\\/en\\\/es\\\/#organization\"},\"potentialAction\":[{\"@type\":\"SearchAction\",\"target\":{\"@type\":\"EntryPoint\",\"urlTemplate\":\"https:\\\/\\\/www.itakaescolapios.org\\\/en\\\/es\\\/?s={search_term_string}\"},\"query-input\":{\"@type\":\"PropertyValueSpecification\",\"valueRequired\":true,\"valueName\":\"search_term_string\"}}],\"inLanguage\":\"en-US\"},{\"@type\":\"Organization\",\"@id\":\"https:\\\/\\\/www.itakaescolapios.org\\\/en\\\/es\\\/#organization\",\"name\":\"Fundaci\u00f3 Itaka-Escolapios\",\"url\":\"https:\\\/\\\/www.itakaescolapios.org\\\/en\\\/es\\\/\",\"logo\":{\"@type\":\"ImageObject\",\"inLanguage\":\"en-US\",\"@id\":\"https:\\\/\\\/www.itakaescolapios.org\\\/en\\\/es\\\/#\\\/schema\\\/logo\\\/image\\\/\",\"url\":\"https:\\\/\\\/www.itakaescolapios.org\\\/wp-content\\\/uploads\\\/2024\\\/04\\\/Logo-itakaescolapios-peque.png\",\"contentUrl\":\"https:\\\/\\\/www.itakaescolapios.org\\\/wp-content\\\/uploads\\\/2024\\\/04\\\/Logo-itakaescolapios-peque.png\",\"width\":500,\"height\":199,\"caption\":\"Fundaci\u00f3 Itaka-Escolapios\"},\"image\":{\"@id\":\"https:\\\/\\\/www.itakaescolapios.org\\\/en\\\/es\\\/#\\\/schema\\\/logo\\\/image\\\/\"}},{\"@type\":\"Person\",\"@id\":\"https:\\\/\\\/www.itakaescolapios.org\\\/es\\\/#\\\/schema\\\/person\\\/768ce0f19db5c2c2b6361e77e15db2db\",\"name\":\"itakaescolapios\",\"url\":\"https:\\\/\\\/www.itakaescolapios.org\\\/en\\\/author\\\/itakaescolapios\\\/\"}]}<\/script>\n<!-- \/ Yoast SEO plugin. -->","yoast_head_json":{"title":"Reuni\u00f3n del equipo del Movimiento Calasanz, \u00c1rea Dakar","description":"Ayer, a las 19.30 horas, se celebr\u00f3 la reuni\u00f3n de los miembros de la oficina del Movimiento de Calasanz, en la zona de Dakar (Senegal). Estuvieron presentes Bertrand DIEME, coordinador del Movimiento a nivel provincial, Gabriel, Presidente del Movimiento a nivel nacional, Guy, Olivia, Nadin, el hermano Franck, el hermano St\u00e9phane, el hermano Pierre, el&hellip;","robots":{"index":"index","follow":"follow","max-snippet":"max-snippet:-1","max-image-preview":"max-image-preview:large","max-video-preview":"max-video-preview:-1"},"canonical":"Ayer, a las 19.30 horas, se celebr\u00f3 la reuni\u00f3n de los miembros de la oficina del Movimiento de Calasanz, en la zona de Dakar (Senegal). Estuvieron presentes Bertrand DIEME, coordinador del Movimiento a nivel provincial, Gabriel, Presidente del Movimiento a nivel nacional, Guy, Olivia, Nadin, el hermano Franck, el hermano St\u00e9phane, el hermano Pierre, el&hellip;","og_locale":"en_US","og_type":"article","og_title":"Reuni\u00f3n del equipo del Movimiento Calasanz, \u00c1rea Dakar","og_description":"Ayer, a las 19.30 horas, se celebr\u00f3 la reuni\u00f3n de los miembros de la oficina del Movimiento de Calasanz, en la zona de Dakar (Senegal). Estuvieron presentes Bertrand DIEME, coordinador del Movimiento a nivel provincial, Gabriel, Presidente del Movimiento a nivel nacional, Guy, Olivia, Nadin, el hermano Franck, el hermano St\u00e9phane, el hermano Pierre, el&hellip;","og_url":"https:\/\/www.itakaescolapios.org\/en\/2019\/01\/reunion-del-equipo-del-movimiento-calasanz-area-dakar\/","og_site_name":"Proofs in Itaka-Escolapios","article_published_time":"2019-01-17T10:56:47+00:00","article_modified_time":"2023-11-28T11:37:02+00:00","og_image":[{"width":1040,"height":780,"url":"https:\/\/www.itakaescolapios.org\/wp-content\/uploads\/2019\/01\/20190116-Reuni\u00f3n-oficina-Movimiento-Calasanz-Dakar.jpg","type":"image\/jpeg"}],"author":"itakaescolapios","twitter_card":"summary_large_image","twitter_misc":{"Written by":"itakaescolapios","Est. reading time":"2 minutes"},"schema":{"@context":"https:\/\/schema.org","@graph":[{"@type":"Article","@id":"https:\/\/www.itakaescolapios.org\/en\/2019\/01\/reunion-del-equipo-del-movimiento-calasanz-area-dakar\/#article","isPartOf":{"@id":"https:\/\/www.itakaescolapios.org\/en\/2019\/01\/reunion-del-equipo-del-movimiento-calasanz-area-dakar\/"},"author":{"name":"itakaescolapios","@id":"https:\/\/www.itakaescolapios.org\/es\/#\/schema\/person\/768ce0f19db5c2c2b6361e77e15db2db"},"headline":"Reuni\u00f3n del equipo del Movimiento Calasanz, \u00c1rea Dakar","datePublished":"2019-01-17T10:56:47+00:00","dateModified":"2023-11-28T11:37:02+00:00","mainEntityOfPage":{"@id":"https:\/\/www.itakaescolapios.org\/en\/2019\/01\/reunion-del-equipo-del-movimiento-calasanz-area-dakar\/"},"wordCount":385,"publisher":{"@id":"https:\/\/www.itakaescolapios.org\/es\/#organization"},"image":{"@id":"https:\/\/www.itakaescolapios.org\/en\/2019\/01\/reunion-del-equipo-del-movimiento-calasanz-area-dakar\/#primaryimage"},"thumbnailUrl":"https:\/\/www.itakaescolapios.org\/wp-content\/uploads\/2019\/01\/20190116-Reuni\u00f3n-oficina-Movimiento-Calasanz-Dakar.jpg","keywords":["Dakar","Movimiento Calasanz"],"articleSection":["Ninguna","Senegal"],"inLanguage":"en-US"},{"@type":"WebPage","@id":"https:\/\/www.itakaescolapios.org\/en\/2019\/01\/reunion-del-equipo-del-movimiento-calasanz-area-dakar\/","url":"https:\/\/www.itakaescolapios.org\/en\/2019\/01\/reunion-del-equipo-del-movimiento-calasanz-area-dakar\/","name":"Reuni\u00f3n del equipo del Movimiento Calasanz, \u00c1rea Dakar - Proofs in Itaka-Escolapios","isPartOf":{"@id":"https:\/\/www.itakaescolapios.org\/es\/#website"},"primaryImageOfPage":{"@id":"https:\/\/www.itakaescolapios.org\/en\/2019\/01\/reunion-del-equipo-del-movimiento-calasanz-area-dakar\/#primaryimage"},"image":{"@id":"https:\/\/www.itakaescolapios.org\/en\/2019\/01\/reunion-del-equipo-del-movimiento-calasanz-area-dakar\/#primaryimage"},"thumbnailUrl":"https:\/\/www.itakaescolapios.org\/wp-content\/uploads\/2019\/01\/20190116-Reuni\u00f3n-oficina-Movimiento-Calasanz-Dakar.jpg","datePublished":"2019-01-17T10:56:47+00:00","dateModified":"2023-11-28T11:37:02+00:00","breadcrumb":{"@id":"https:\/\/www.itakaescolapios.org\/en\/2019\/01\/reunion-del-equipo-del-movimiento-calasanz-area-dakar\/#breadcrumb"},"inLanguage":"en-US","potentialAction":[{"@type":"ReadAction","target":["https:\/\/www.itakaescolapios.org\/en\/2019\/01\/reunion-del-equipo-del-movimiento-calasanz-area-dakar\/"]}]},{"@type":"ImageObject","inLanguage":"en-US","@id":"https:\/\/www.itakaescolapios.org\/en\/2019\/01\/reunion-del-equipo-del-movimiento-calasanz-area-dakar\/#primaryimage","url":"https:\/\/www.itakaescolapios.org\/wp-content\/uploads\/2019\/01\/20190116-Reuni\u00f3n-oficina-Movimiento-Calasanz-Dakar.jpg","contentUrl":"https:\/\/www.itakaescolapios.org\/wp-content\/uploads\/2019\/01\/20190116-Reuni\u00f3n-oficina-Movimiento-Calasanz-Dakar.jpg","width":1040,"height":780},{"@type":"BreadcrumbList","@id":"https:\/\/www.itakaescolapios.org\/en\/2019\/01\/reunion-del-equipo-del-movimiento-calasanz-area-dakar\/#breadcrumb","itemListElement":[{"@type":"ListItem","position":1,"name":"Proof","item":"https:\/\/www.itakaescolapios.org\/es\/"},{"@type":"ListItem","position":2,"name":"Reuni\u00f3n del equipo del Movimiento Calasanz, \u00c1rea Dakar"}]},{"@type":"WebSite","@id":"https:\/\/www.itakaescolapios.org\/en\/es\/#website","url":"https:\/\/www.itakaescolapios.org\/en\/es\/","name":"Itaka-Escolapios","description":"Red de Itaka-Escolapios","publisher":{"@id":"https:\/\/www.itakaescolapios.org\/en\/es\/#organization"},"potentialAction":[{"@type":"SearchAction","target":{"@type":"EntryPoint","urlTemplate":"https:\/\/www.itakaescolapios.org\/en\/es\/?s={search_term_string}"},"query-input":{"@type":"PropertyValueSpecification","valueRequired":true,"valueName":"search_term_string"}}],"inLanguage":"en-US"},{"@type":"Organization","@id":"https:\/\/www.itakaescolapios.org\/en\/es\/#organization","name":"Fundaci\u00f3 Itaka-Escolapios","url":"https:\/\/www.itakaescolapios.org\/en\/es\/","logo":{"@type":"ImageObject","inLanguage":"en-US","@id":"https:\/\/www.itakaescolapios.org\/en\/es\/#\/schema\/logo\/image\/","url":"https:\/\/www.itakaescolapios.org\/wp-content\/uploads\/2024\/04\/Logo-itakaescolapios-peque.png","contentUrl":"https:\/\/www.itakaescolapios.org\/wp-content\/uploads\/2024\/04\/Logo-itakaescolapios-peque.png","width":500,"height":199,"caption":"Fundaci\u00f3 Itaka-Escolapios"},"image":{"@id":"https:\/\/www.itakaescolapios.org\/en\/es\/#\/schema\/logo\/image\/"}},{"@type":"Person","@id":"https:\/\/www.itakaescolapios.org\/es\/#\/schema\/person\/768ce0f19db5c2c2b6361e77e15db2db","name":"itakaescolapios","url":"https:\/\/www.itakaescolapios.org\/en\/author\/itakaescolapios\/"}]}},"_links":{"self":[{"href":"https:\/\/www.itakaescolapios.org\/en\/wp-json\/wp\/v2\/posts\/26398","targetHints":{"allow":["GET"]}}],"collection":[{"href":"https:\/\/www.itakaescolapios.org\/en\/wp-json\/wp\/v2\/posts"}],"about":[{"href":"https:\/\/www.itakaescolapios.org\/en\/wp-json\/wp\/v2\/types\/post"}],"author":[{"embeddable":true,"href":"https:\/\/www.itakaescolapios.org\/en\/wp-json\/wp\/v2\/users\/46"}],"replies":[{"embeddable":true,"href":"https:\/\/www.itakaescolapios.org\/en\/wp-json\/wp\/v2\/comments?post=26398"}],"version-history":[{"count":6,"href":"https:\/\/www.itakaescolapios.org\/en\/wp-json\/wp\/v2\/posts\/26398\/revisions"}],"predecessor-version":[{"id":45966,"href":"https:\/\/www.itakaescolapios.org\/en\/wp-json\/wp\/v2\/posts\/26398\/revisions\/45966"}],"wp:featuredmedia":[{"embeddable":true,"href":"https:\/\/www.itakaescolapios.org\/en\/wp-json\/wp\/v2\/media\/26399"}],"wp:attachment":[{"href":"https:\/\/www.itakaescolapios.org\/en\/wp-json\/wp\/v2\/media?parent=26398"}],"wp:term":[{"taxonomy":"category","embeddable":true,"href":"https:\/\/www.itakaescolapios.org\/en\/wp-json\/wp\/v2\/categories?post=26398"},{"taxonomy":"post_tag","embeddable":true,"href":"https:\/\/www.itakaescolapios.org\/en\/wp-json\/wp\/v2\/tags?post=26398"}],"curies":[{"name":"wp","href":"https:\/\/api.w.org\/{rel}","templated":true}]}}