{"id":27508,"date":"2019-05-05T10:13:39","date_gmt":"2019-05-05T09:13:39","guid":{"rendered":"https:\/\/www.itakaescolapios.org\/?p=27508"},"modified":"2023-11-28T12:36:51","modified_gmt":"2023-11-28T11:36:51","slug":"encuentro-de-proyectos-sociales-itaka-escolapios-emaus-en-tafalla","status":"publish","type":"post","link":"https:\/\/www.itakaescolapios.org\/en\/2019\/05\/encuentro-de-proyectos-sociales-itaka-escolapios-emaus-en-tafalla\/","title":{"rendered":"ENCUENTRO DE PROYECTOS SOCIALES ITAKA ESCOLAPIOS EMA\u00daS EN TAFALLA"},"content":{"rendered":"<p>Ayer s\u00e1bado hemos celebrado por primera vez un encuentro formativo para responsables y lideres de nuestros proyecto sociales en Ema\u00fas. El encuentro se celebr\u00f3 en Tafalla una de nuestras sedes en Ema\u00fas.<\/p>\n<p>Comenzamos el encuentro conociendo la presencia de Tafalla, a continuaci\u00f3n repasamos la situaci\u00f3n de los proyectos sociales; algunos datos, su recorrido en los \u00faltimos a\u00f1os y los retos que tienen por delante. Antes de comer escuchamos una ponencia sobre el &#8220;Duelo migratorio&#8221;. La tarde se dedic\u00f3 a trabajar las claves transversales de nuestros proyectos sociales, la relaci\u00f3n con el Movimiento Calasanz, el voluntariado, g\u00e9nero&#8230; finalmente nos reunimos por equipos de proyectos para compartir conclusiones y retos.<\/p>\n<p>Fue un magnifico momento de encuentro y reflexi\u00f3n. Compartimos algunas fotos del encuentro.<\/p>\n\n\t\t<style type=\"text\/css\">\n\t\t\t#gallery-1 {\n\t\t\t\tmargin: auto;\n\t\t\t}\n\t\t\t#gallery-1 .gallery-item {\n\t\t\t\tfloat: left;\n\t\t\t\tmargin-top: 10px;\n\t\t\t\ttext-align: center;\n\t\t\t\twidth: 33%;\n\t\t\t}\n\t\t\t#gallery-1 img {\n\t\t\t\tborder: 2px solid #cfcfcf;\n\t\t\t}\n\t\t\t#gallery-1 .gallery-caption {\n\t\t\t\tmargin-left: 0;\n\t\t\t}\n\t\t\t\/* see gallery_shortcode() in wp-includes\/media.php *\/\n\t\t<\/style>\n\t\t<div id='gallery-1' class='gallery galleryid-27508 gallery-columns-3 gallery-size-thumbnail'><dl class='gallery-item'>\n\t\t\t<dt class='gallery-icon landscape'>\n\t\t\t\t<a href='https:\/\/www.itakaescolapios.org\/en\/2019\/05\/encuentro-de-proyectos-sociales-itaka-escolapios-emaus-en-tafalla\/ed71d401-dc93-44d2-9e7f-f2578b5045ed\/'><img decoding=\"async\" width=\"90\" height=\"90\" src=\"https:\/\/www.itakaescolapios.org\/wp-content\/uploads\/2019\/05\/ed71d401-dc93-44d2-9e7f-f2578b5045ed-90x90.jpg\" class=\"attachment-thumbnail size-thumbnail\" alt=\"\" \/><\/a>\n\t\t\t<\/dt><\/dl><dl class='gallery-item'>\n\t\t\t<dt class='gallery-icon landscape'>\n\t\t\t\t<a href='https:\/\/www.itakaescolapios.org\/en\/2019\/05\/encuentro-de-proyectos-sociales-itaka-escolapios-emaus-en-tafalla\/whatsapp-image-2019-05-04-at-20-22-43\/'><img decoding=\"async\" width=\"90\" height=\"90\" src=\"https:\/\/www.itakaescolapios.org\/wp-content\/uploads\/2019\/05\/WhatsApp-Image-2019-05-04-at-20.22.43-90x90.jpeg\" class=\"attachment-thumbnail size-thumbnail\" alt=\"\" \/><\/a>\n\t\t\t<\/dt><\/dl><dl class='gallery-item'>\n\t\t\t<dt class='gallery-icon landscape'>\n\t\t\t\t<a href='https:\/\/www.itakaescolapios.org\/en\/2019\/05\/encuentro-de-proyectos-sociales-itaka-escolapios-emaus-en-tafalla\/whatsapp-image-2019-05-04-at-20-22-432\/'><img decoding=\"async\" width=\"90\" height=\"90\" src=\"https:\/\/www.itakaescolapios.org\/wp-content\/uploads\/2019\/05\/WhatsApp-Image-2019-05-04-at-20.22.432-90x90.jpeg\" class=\"attachment-thumbnail size-thumbnail\" alt=\"\" \/><\/a>\n\t\t\t<\/dt><\/dl><br style=\"clear: both\" \/><dl class='gallery-item'>\n\t\t\t<dt class='gallery-icon landscape'>\n\t\t\t\t<a href='https:\/\/www.itakaescolapios.org\/en\/2019\/05\/encuentro-de-proyectos-sociales-itaka-escolapios-emaus-en-tafalla\/whatsapp-image-2019-05-04-at-20-22-411\/'><img decoding=\"async\" width=\"90\" height=\"90\" src=\"https:\/\/www.itakaescolapios.org\/wp-content\/uploads\/2019\/05\/WhatsApp-Image-2019-05-04-at-20.22.411-90x90.jpeg\" class=\"attachment-thumbnail size-thumbnail\" alt=\"\" \/><\/a>\n\t\t\t<\/dt><\/dl><dl class='gallery-item'>\n\t\t\t<dt class='gallery-icon landscape'>\n\t\t\t\t<a href='https:\/\/www.itakaescolapios.org\/en\/2019\/05\/encuentro-de-proyectos-sociales-itaka-escolapios-emaus-en-tafalla\/whatsapp-image-2019-05-04-at-20-22-42\/'><img decoding=\"async\" width=\"90\" height=\"90\" src=\"https:\/\/www.itakaescolapios.org\/wp-content\/uploads\/2019\/05\/WhatsApp-Image-2019-05-04-at-20.22.42-90x90.jpeg\" class=\"attachment-thumbnail size-thumbnail\" alt=\"\" \/><\/a>\n\t\t\t<\/dt><\/dl><dl class='gallery-item'>\n\t\t\t<dt class='gallery-icon landscape'>\n\t\t\t\t<a href='https:\/\/www.itakaescolapios.org\/en\/2019\/05\/encuentro-de-proyectos-sociales-itaka-escolapios-emaus-en-tafalla\/whatsapp-image-2019-05-04-at-20-22-421\/'><img decoding=\"async\" width=\"90\" height=\"90\" src=\"https:\/\/www.itakaescolapios.org\/wp-content\/uploads\/2019\/05\/WhatsApp-Image-2019-05-04-at-20.22.421-90x90.jpeg\" class=\"attachment-thumbnail size-thumbnail\" alt=\"\" \/><\/a>\n\t\t\t<\/dt><\/dl><br style=\"clear: both\" \/><dl class='gallery-item'>\n\t\t\t<dt class='gallery-icon landscape'>\n\t\t\t\t<a href='https:\/\/www.itakaescolapios.org\/en\/2019\/05\/encuentro-de-proyectos-sociales-itaka-escolapios-emaus-en-tafalla\/whatsapp-image-2019-05-04-at-20-22-414\/'><img decoding=\"async\" width=\"90\" height=\"90\" src=\"https:\/\/www.itakaescolapios.org\/wp-content\/uploads\/2019\/05\/WhatsApp-Image-2019-05-04-at-20.22.414-90x90.jpeg\" class=\"attachment-thumbnail size-thumbnail\" alt=\"\" \/><\/a>\n\t\t\t<\/dt><\/dl><dl class='gallery-item'>\n\t\t\t<dt class='gallery-icon landscape'>\n\t\t\t\t<a href='https:\/\/www.itakaescolapios.org\/en\/2019\/05\/encuentro-de-proyectos-sociales-itaka-escolapios-emaus-en-tafalla\/whatsapp-image-2019-05-04-at-20-22-413\/'><img decoding=\"async\" width=\"90\" height=\"90\" src=\"https:\/\/www.itakaescolapios.org\/wp-content\/uploads\/2019\/05\/WhatsApp-Image-2019-05-04-at-20.22.413-90x90.jpeg\" class=\"attachment-thumbnail size-thumbnail\" alt=\"\" \/><\/a>\n\t\t\t<\/dt><\/dl><dl class='gallery-item'>\n\t\t\t<dt class='gallery-icon landscape'>\n\t\t\t\t<a href='https:\/\/www.itakaescolapios.org\/en\/2019\/05\/encuentro-de-proyectos-sociales-itaka-escolapios-emaus-en-tafalla\/whatsapp-image-2019-05-04-at-20-22-412\/'><img decoding=\"async\" width=\"90\" height=\"90\" src=\"https:\/\/www.itakaescolapios.org\/wp-content\/uploads\/2019\/05\/WhatsApp-Image-2019-05-04-at-20.22.412-90x90.jpeg\" class=\"attachment-thumbnail size-thumbnail\" alt=\"\" \/><\/a>\n\t\t\t<\/dt><\/dl><br style=\"clear: both\" \/><dl class='gallery-item'>\n\t\t\t<dt class='gallery-icon portrait'>\n\t\t\t\t<a href='https:\/\/www.itakaescolapios.org\/en\/2019\/05\/encuentro-de-proyectos-sociales-itaka-escolapios-emaus-en-tafalla\/whatsapp-image-2019-05-04-at-20-22-431\/'><img decoding=\"async\" width=\"90\" height=\"90\" src=\"https:\/\/www.itakaescolapios.org\/wp-content\/uploads\/2019\/05\/WhatsApp-Image-2019-05-04-at-20.22.431-90x90.jpeg\" class=\"attachment-thumbnail size-thumbnail\" alt=\"\" \/><\/a>\n\t\t\t<\/dt><\/dl>\n\t\t\t<br style='clear: both' \/>\n\t\t<\/div>\n\n<p>&nbsp;<\/p>\n<p>&nbsp;<\/p>\n<p>&nbsp;<\/p>\n","protected":false},"excerpt":{"rendered":"<p>Ayer s\u00e1bado hemos celebrado por primera vez un encuentro formativo para responsables y lideres de nuestros proyecto sociales en Ema\u00fas. El encuentro se celebr\u00f3 en Tafalla una de nuestras sedes [&hellip;]<\/p>\n","protected":false},"author":4,"featured_media":27517,"comment_status":"closed","ping_status":"closed","sticky":false,"template":"","format":"standard","meta":{"_et_pb_use_builder":"","_et_pb_old_content":"","_et_gb_content_width":"","footnotes":""},"categories":[30],"tags":[],"class_list":["post-27508","post","type-post","status-publish","format-standard","has-post-thumbnail","hentry","category-itaka-escolapios"],"yoast_head":"<!-- This site is optimized with the Yoast SEO plugin v27.4 - https:\/\/yoast.com\/product\/yoast-seo-wordpress\/ -->\n<title>ENCUENTRO DE PROYECTOS SOCIALES ITAKA ESCOLAPIOS EMA\u00daS EN TAFALLA<\/title>\n<meta name=\"description\" content=\"Ayer s\u00e1bado hemos celebrado por primera vez un encuentro formativo para responsables y lideres de nuestros proyecto sociales en Ema\u00fas. El encuentro se celebr\u00f3 en Tafalla una de nuestras sedes en Ema\u00fas. Comenzamos el encuentro conociendo la presencia de Tafalla, a continuaci\u00f3n repasamos la situaci\u00f3n de los proyectos sociales; algunos datos, su recorrido en los&hellip;\" \/>\n<meta name=\"robots\" content=\"index, follow, max-snippet:-1, max-image-preview:large, max-video-preview:-1\" \/>\n<link rel=\"canonical\" href=\"http:\/\/Ayer%20s\u00e1bado%20hemos%20celebrado%20por%20primera%20vez%20un%20encuentro%20formativo%20para%20responsables%20y%20lideres%20de%20nuestros%20proyecto%20sociales%20en%20Ema\u00fas.%20El%20encuentro%20se%20celebr\u00f3%20en%20Tafalla%20una%20de%20nuestras%20sedes%20en%20Ema\u00fas.%20Comenzamos%20el%20encuentro%20conociendo%20la%20presencia%20de%20Tafalla,%20a%20continuaci\u00f3n%20repasamos%20la%20situaci\u00f3n%20de%20los%20proyectos%20sociales;%20algunos%20datos,%20su%20recorrido%20en%20los&hellip;\" \/>\n<meta property=\"og:locale\" content=\"en_US\" \/>\n<meta property=\"og:type\" content=\"article\" \/>\n<meta property=\"og:title\" content=\"ENCUENTRO DE PROYECTOS SOCIALES ITAKA ESCOLAPIOS EMA\u00daS EN TAFALLA\" \/>\n<meta property=\"og:description\" content=\"Ayer s\u00e1bado hemos celebrado por primera vez un encuentro formativo para responsables y lideres de nuestros proyecto sociales en Ema\u00fas. El encuentro se celebr\u00f3 en Tafalla una de nuestras sedes en Ema\u00fas. Comenzamos el encuentro conociendo la presencia de Tafalla, a continuaci\u00f3n repasamos la situaci\u00f3n de los proyectos sociales; algunos datos, su recorrido en los&hellip;\" \/>\n<meta property=\"og:url\" content=\"https:\/\/www.itakaescolapios.org\/en\/2019\/05\/encuentro-de-proyectos-sociales-itaka-escolapios-emaus-en-tafalla\/\" \/>\n<meta property=\"og:site_name\" content=\"Proofs in Itaka-Escolapios\" \/>\n<meta property=\"article:published_time\" content=\"2019-05-05T09:13:39+00:00\" \/>\n<meta property=\"article:modified_time\" content=\"2023-11-28T11:36:51+00:00\" \/>\n<meta property=\"og:image\" content=\"https:\/\/www.itakaescolapios.org\/wp-content\/uploads\/2019\/05\/ed71d401-dc93-44d2-9e7f-f2578b5045ed.jpg\" \/>\n\t<meta property=\"og:image:width\" content=\"1427\" \/>\n\t<meta property=\"og:image:height\" content=\"762\" \/>\n\t<meta property=\"og:image:type\" content=\"image\/jpeg\" \/>\n<meta name=\"author\" content=\"itaka\" \/>\n<meta name=\"twitter:card\" content=\"summary_large_image\" \/>\n<meta name=\"twitter:label1\" content=\"Written by\" \/>\n\t<meta name=\"twitter:data1\" content=\"itaka\" \/>\n\t<meta name=\"twitter:label2\" content=\"Est. reading time\" \/>\n\t<meta name=\"twitter:data2\" content=\"1 minute\" \/>\n<script type=\"application\/ld+json\" class=\"yoast-schema-graph\">{\"@context\":\"https:\\\/\\\/schema.org\",\"@graph\":[{\"@type\":\"Article\",\"@id\":\"https:\\\/\\\/www.itakaescolapios.org\\\/en\\\/2019\\\/05\\\/encuentro-de-proyectos-sociales-itaka-escolapios-emaus-en-tafalla\\\/#article\",\"isPartOf\":{\"@id\":\"https:\\\/\\\/www.itakaescolapios.org\\\/en\\\/2019\\\/05\\\/encuentro-de-proyectos-sociales-itaka-escolapios-emaus-en-tafalla\\\/\"},\"author\":{\"name\":\"itaka\",\"@id\":\"https:\\\/\\\/www.itakaescolapios.org\\\/es\\\/#\\\/schema\\\/person\\\/670123daeb1cc31cae1b106740036ccb\"},\"headline\":\"ENCUENTRO DE PROYECTOS SOCIALES ITAKA ESCOLAPIOS EMA\u00daS EN TAFALLA\",\"datePublished\":\"2019-05-05T09:13:39+00:00\",\"dateModified\":\"2023-11-28T11:36:51+00:00\",\"mainEntityOfPage\":{\"@id\":\"https:\\\/\\\/www.itakaescolapios.org\\\/en\\\/2019\\\/05\\\/encuentro-de-proyectos-sociales-itaka-escolapios-emaus-en-tafalla\\\/\"},\"wordCount\":145,\"publisher\":{\"@id\":\"https:\\\/\\\/www.itakaescolapios.org\\\/es\\\/#organization\"},\"image\":{\"@id\":\"https:\\\/\\\/www.itakaescolapios.org\\\/en\\\/2019\\\/05\\\/encuentro-de-proyectos-sociales-itaka-escolapios-emaus-en-tafalla\\\/#primaryimage\"},\"thumbnailUrl\":\"https:\\\/\\\/www.itakaescolapios.org\\\/wp-content\\\/uploads\\\/2019\\\/05\\\/ed71d401-dc93-44d2-9e7f-f2578b5045ed.jpg\",\"articleSection\":[\"Itaka Escolapios\"],\"inLanguage\":\"en-US\"},{\"@type\":\"WebPage\",\"@id\":\"https:\\\/\\\/www.itakaescolapios.org\\\/en\\\/2019\\\/05\\\/encuentro-de-proyectos-sociales-itaka-escolapios-emaus-en-tafalla\\\/\",\"url\":\"https:\\\/\\\/www.itakaescolapios.org\\\/en\\\/2019\\\/05\\\/encuentro-de-proyectos-sociales-itaka-escolapios-emaus-en-tafalla\\\/\",\"name\":\"ENCUENTRO DE PROYECTOS SOCIALES ITAKA ESCOLAPIOS EMA\u00daS EN TAFALLA - Proofs in Itaka-Escolapios\",\"isPartOf\":{\"@id\":\"https:\\\/\\\/www.itakaescolapios.org\\\/es\\\/#website\"},\"primaryImageOfPage\":{\"@id\":\"https:\\\/\\\/www.itakaescolapios.org\\\/en\\\/2019\\\/05\\\/encuentro-de-proyectos-sociales-itaka-escolapios-emaus-en-tafalla\\\/#primaryimage\"},\"image\":{\"@id\":\"https:\\\/\\\/www.itakaescolapios.org\\\/en\\\/2019\\\/05\\\/encuentro-de-proyectos-sociales-itaka-escolapios-emaus-en-tafalla\\\/#primaryimage\"},\"thumbnailUrl\":\"https:\\\/\\\/www.itakaescolapios.org\\\/wp-content\\\/uploads\\\/2019\\\/05\\\/ed71d401-dc93-44d2-9e7f-f2578b5045ed.jpg\",\"datePublished\":\"2019-05-05T09:13:39+00:00\",\"dateModified\":\"2023-11-28T11:36:51+00:00\",\"breadcrumb\":{\"@id\":\"https:\\\/\\\/www.itakaescolapios.org\\\/en\\\/2019\\\/05\\\/encuentro-de-proyectos-sociales-itaka-escolapios-emaus-en-tafalla\\\/#breadcrumb\"},\"inLanguage\":\"en-US\",\"potentialAction\":[{\"@type\":\"ReadAction\",\"target\":[\"https:\\\/\\\/www.itakaescolapios.org\\\/en\\\/2019\\\/05\\\/encuentro-de-proyectos-sociales-itaka-escolapios-emaus-en-tafalla\\\/\"]}]},{\"@type\":\"ImageObject\",\"inLanguage\":\"en-US\",\"@id\":\"https:\\\/\\\/www.itakaescolapios.org\\\/en\\\/2019\\\/05\\\/encuentro-de-proyectos-sociales-itaka-escolapios-emaus-en-tafalla\\\/#primaryimage\",\"url\":\"https:\\\/\\\/www.itakaescolapios.org\\\/wp-content\\\/uploads\\\/2019\\\/05\\\/ed71d401-dc93-44d2-9e7f-f2578b5045ed.jpg\",\"contentUrl\":\"https:\\\/\\\/www.itakaescolapios.org\\\/wp-content\\\/uploads\\\/2019\\\/05\\\/ed71d401-dc93-44d2-9e7f-f2578b5045ed.jpg\",\"width\":1427,\"height\":762},{\"@type\":\"BreadcrumbList\",\"@id\":\"https:\\\/\\\/www.itakaescolapios.org\\\/en\\\/2019\\\/05\\\/encuentro-de-proyectos-sociales-itaka-escolapios-emaus-en-tafalla\\\/#breadcrumb\",\"itemListElement\":[{\"@type\":\"ListItem\",\"position\":1,\"name\":\"Proof\",\"item\":\"https:\\\/\\\/www.itakaescolapios.org\\\/es\\\/\"},{\"@type\":\"ListItem\",\"position\":2,\"name\":\"ENCUENTRO DE PROYECTOS SOCIALES ITAKA ESCOLAPIOS EMA\u00daS EN TAFALLA\"}]},{\"@type\":\"WebSite\",\"@id\":\"https:\\\/\\\/www.itakaescolapios.org\\\/en\\\/es\\\/#website\",\"url\":\"https:\\\/\\\/www.itakaescolapios.org\\\/en\\\/es\\\/\",\"name\":\"Itaka-Escolapios\",\"description\":\"Red de Itaka-Escolapios\",\"publisher\":{\"@id\":\"https:\\\/\\\/www.itakaescolapios.org\\\/en\\\/es\\\/#organization\"},\"potentialAction\":[{\"@type\":\"SearchAction\",\"target\":{\"@type\":\"EntryPoint\",\"urlTemplate\":\"https:\\\/\\\/www.itakaescolapios.org\\\/en\\\/es\\\/?s={search_term_string}\"},\"query-input\":{\"@type\":\"PropertyValueSpecification\",\"valueRequired\":true,\"valueName\":\"search_term_string\"}}],\"inLanguage\":\"en-US\"},{\"@type\":\"Organization\",\"@id\":\"https:\\\/\\\/www.itakaescolapios.org\\\/en\\\/es\\\/#organization\",\"name\":\"Fundaci\u00f3 Itaka-Escolapios\",\"url\":\"https:\\\/\\\/www.itakaescolapios.org\\\/en\\\/es\\\/\",\"logo\":{\"@type\":\"ImageObject\",\"inLanguage\":\"en-US\",\"@id\":\"https:\\\/\\\/www.itakaescolapios.org\\\/en\\\/es\\\/#\\\/schema\\\/logo\\\/image\\\/\",\"url\":\"https:\\\/\\\/www.itakaescolapios.org\\\/wp-content\\\/uploads\\\/2024\\\/04\\\/Logo-itakaescolapios-peque.png\",\"contentUrl\":\"https:\\\/\\\/www.itakaescolapios.org\\\/wp-content\\\/uploads\\\/2024\\\/04\\\/Logo-itakaescolapios-peque.png\",\"width\":500,\"height\":199,\"caption\":\"Fundaci\u00f3 Itaka-Escolapios\"},\"image\":{\"@id\":\"https:\\\/\\\/www.itakaescolapios.org\\\/en\\\/es\\\/#\\\/schema\\\/logo\\\/image\\\/\"}},{\"@type\":\"Person\",\"@id\":\"https:\\\/\\\/www.itakaescolapios.org\\\/es\\\/#\\\/schema\\\/person\\\/670123daeb1cc31cae1b106740036ccb\",\"name\":\"itaka\",\"url\":\"https:\\\/\\\/www.itakaescolapios.org\\\/en\\\/author\\\/itaka\\\/\"}]}<\/script>\n<!-- \/ Yoast SEO plugin. -->","yoast_head_json":{"title":"ENCUENTRO DE PROYECTOS SOCIALES ITAKA ESCOLAPIOS EMA\u00daS EN TAFALLA","description":"Ayer s\u00e1bado hemos celebrado por primera vez un encuentro formativo para responsables y lideres de nuestros proyecto sociales en Ema\u00fas. El encuentro se celebr\u00f3 en Tafalla una de nuestras sedes en Ema\u00fas. Comenzamos el encuentro conociendo la presencia de Tafalla, a continuaci\u00f3n repasamos la situaci\u00f3n de los proyectos sociales; algunos datos, su recorrido en los&hellip;","robots":{"index":"index","follow":"follow","max-snippet":"max-snippet:-1","max-image-preview":"max-image-preview:large","max-video-preview":"max-video-preview:-1"},"canonical":"Ayer s\u00e1bado hemos celebrado por primera vez un encuentro formativo para responsables y lideres de nuestros proyecto sociales en Ema\u00fas. El encuentro se celebr\u00f3 en Tafalla una de nuestras sedes en Ema\u00fas. Comenzamos el encuentro conociendo la presencia de Tafalla, a continuaci\u00f3n repasamos la situaci\u00f3n de los proyectos sociales; algunos datos, su recorrido en los&hellip;","og_locale":"en_US","og_type":"article","og_title":"ENCUENTRO DE PROYECTOS SOCIALES ITAKA ESCOLAPIOS EMA\u00daS EN TAFALLA","og_description":"Ayer s\u00e1bado hemos celebrado por primera vez un encuentro formativo para responsables y lideres de nuestros proyecto sociales en Ema\u00fas. El encuentro se celebr\u00f3 en Tafalla una de nuestras sedes en Ema\u00fas. Comenzamos el encuentro conociendo la presencia de Tafalla, a continuaci\u00f3n repasamos la situaci\u00f3n de los proyectos sociales; algunos datos, su recorrido en los&hellip;","og_url":"https:\/\/www.itakaescolapios.org\/en\/2019\/05\/encuentro-de-proyectos-sociales-itaka-escolapios-emaus-en-tafalla\/","og_site_name":"Proofs in Itaka-Escolapios","article_published_time":"2019-05-05T09:13:39+00:00","article_modified_time":"2023-11-28T11:36:51+00:00","og_image":[{"width":1427,"height":762,"url":"https:\/\/www.itakaescolapios.org\/wp-content\/uploads\/2019\/05\/ed71d401-dc93-44d2-9e7f-f2578b5045ed.jpg","type":"image\/jpeg"}],"author":"itaka","twitter_card":"summary_large_image","twitter_misc":{"Written by":"itaka","Est. reading time":"1 minute"},"schema":{"@context":"https:\/\/schema.org","@graph":[{"@type":"Article","@id":"https:\/\/www.itakaescolapios.org\/en\/2019\/05\/encuentro-de-proyectos-sociales-itaka-escolapios-emaus-en-tafalla\/#article","isPartOf":{"@id":"https:\/\/www.itakaescolapios.org\/en\/2019\/05\/encuentro-de-proyectos-sociales-itaka-escolapios-emaus-en-tafalla\/"},"author":{"name":"itaka","@id":"https:\/\/www.itakaescolapios.org\/es\/#\/schema\/person\/670123daeb1cc31cae1b106740036ccb"},"headline":"ENCUENTRO DE PROYECTOS SOCIALES ITAKA ESCOLAPIOS EMA\u00daS EN TAFALLA","datePublished":"2019-05-05T09:13:39+00:00","dateModified":"2023-11-28T11:36:51+00:00","mainEntityOfPage":{"@id":"https:\/\/www.itakaescolapios.org\/en\/2019\/05\/encuentro-de-proyectos-sociales-itaka-escolapios-emaus-en-tafalla\/"},"wordCount":145,"publisher":{"@id":"https:\/\/www.itakaescolapios.org\/es\/#organization"},"image":{"@id":"https:\/\/www.itakaescolapios.org\/en\/2019\/05\/encuentro-de-proyectos-sociales-itaka-escolapios-emaus-en-tafalla\/#primaryimage"},"thumbnailUrl":"https:\/\/www.itakaescolapios.org\/wp-content\/uploads\/2019\/05\/ed71d401-dc93-44d2-9e7f-f2578b5045ed.jpg","articleSection":["Itaka Escolapios"],"inLanguage":"en-US"},{"@type":"WebPage","@id":"https:\/\/www.itakaescolapios.org\/en\/2019\/05\/encuentro-de-proyectos-sociales-itaka-escolapios-emaus-en-tafalla\/","url":"https:\/\/www.itakaescolapios.org\/en\/2019\/05\/encuentro-de-proyectos-sociales-itaka-escolapios-emaus-en-tafalla\/","name":"ENCUENTRO DE PROYECTOS SOCIALES ITAKA ESCOLAPIOS EMA\u00daS EN TAFALLA - Proofs in Itaka-Escolapios","isPartOf":{"@id":"https:\/\/www.itakaescolapios.org\/es\/#website"},"primaryImageOfPage":{"@id":"https:\/\/www.itakaescolapios.org\/en\/2019\/05\/encuentro-de-proyectos-sociales-itaka-escolapios-emaus-en-tafalla\/#primaryimage"},"image":{"@id":"https:\/\/www.itakaescolapios.org\/en\/2019\/05\/encuentro-de-proyectos-sociales-itaka-escolapios-emaus-en-tafalla\/#primaryimage"},"thumbnailUrl":"https:\/\/www.itakaescolapios.org\/wp-content\/uploads\/2019\/05\/ed71d401-dc93-44d2-9e7f-f2578b5045ed.jpg","datePublished":"2019-05-05T09:13:39+00:00","dateModified":"2023-11-28T11:36:51+00:00","breadcrumb":{"@id":"https:\/\/www.itakaescolapios.org\/en\/2019\/05\/encuentro-de-proyectos-sociales-itaka-escolapios-emaus-en-tafalla\/#breadcrumb"},"inLanguage":"en-US","potentialAction":[{"@type":"ReadAction","target":["https:\/\/www.itakaescolapios.org\/en\/2019\/05\/encuentro-de-proyectos-sociales-itaka-escolapios-emaus-en-tafalla\/"]}]},{"@type":"ImageObject","inLanguage":"en-US","@id":"https:\/\/www.itakaescolapios.org\/en\/2019\/05\/encuentro-de-proyectos-sociales-itaka-escolapios-emaus-en-tafalla\/#primaryimage","url":"https:\/\/www.itakaescolapios.org\/wp-content\/uploads\/2019\/05\/ed71d401-dc93-44d2-9e7f-f2578b5045ed.jpg","contentUrl":"https:\/\/www.itakaescolapios.org\/wp-content\/uploads\/2019\/05\/ed71d401-dc93-44d2-9e7f-f2578b5045ed.jpg","width":1427,"height":762},{"@type":"BreadcrumbList","@id":"https:\/\/www.itakaescolapios.org\/en\/2019\/05\/encuentro-de-proyectos-sociales-itaka-escolapios-emaus-en-tafalla\/#breadcrumb","itemListElement":[{"@type":"ListItem","position":1,"name":"Proof","item":"https:\/\/www.itakaescolapios.org\/es\/"},{"@type":"ListItem","position":2,"name":"ENCUENTRO DE PROYECTOS SOCIALES ITAKA ESCOLAPIOS EMA\u00daS EN TAFALLA"}]},{"@type":"WebSite","@id":"https:\/\/www.itakaescolapios.org\/en\/es\/#website","url":"https:\/\/www.itakaescolapios.org\/en\/es\/","name":"Itaka-Escolapios","description":"Red de Itaka-Escolapios","publisher":{"@id":"https:\/\/www.itakaescolapios.org\/en\/es\/#organization"},"potentialAction":[{"@type":"SearchAction","target":{"@type":"EntryPoint","urlTemplate":"https:\/\/www.itakaescolapios.org\/en\/es\/?s={search_term_string}"},"query-input":{"@type":"PropertyValueSpecification","valueRequired":true,"valueName":"search_term_string"}}],"inLanguage":"en-US"},{"@type":"Organization","@id":"https:\/\/www.itakaescolapios.org\/en\/es\/#organization","name":"Fundaci\u00f3 Itaka-Escolapios","url":"https:\/\/www.itakaescolapios.org\/en\/es\/","logo":{"@type":"ImageObject","inLanguage":"en-US","@id":"https:\/\/www.itakaescolapios.org\/en\/es\/#\/schema\/logo\/image\/","url":"https:\/\/www.itakaescolapios.org\/wp-content\/uploads\/2024\/04\/Logo-itakaescolapios-peque.png","contentUrl":"https:\/\/www.itakaescolapios.org\/wp-content\/uploads\/2024\/04\/Logo-itakaescolapios-peque.png","width":500,"height":199,"caption":"Fundaci\u00f3 Itaka-Escolapios"},"image":{"@id":"https:\/\/www.itakaescolapios.org\/en\/es\/#\/schema\/logo\/image\/"}},{"@type":"Person","@id":"https:\/\/www.itakaescolapios.org\/es\/#\/schema\/person\/670123daeb1cc31cae1b106740036ccb","name":"itaka","url":"https:\/\/www.itakaescolapios.org\/en\/author\/itaka\/"}]}},"_links":{"self":[{"href":"https:\/\/www.itakaescolapios.org\/en\/wp-json\/wp\/v2\/posts\/27508","targetHints":{"allow":["GET"]}}],"collection":[{"href":"https:\/\/www.itakaescolapios.org\/en\/wp-json\/wp\/v2\/posts"}],"about":[{"href":"https:\/\/www.itakaescolapios.org\/en\/wp-json\/wp\/v2\/types\/post"}],"author":[{"embeddable":true,"href":"https:\/\/www.itakaescolapios.org\/en\/wp-json\/wp\/v2\/users\/4"}],"replies":[{"embeddable":true,"href":"https:\/\/www.itakaescolapios.org\/en\/wp-json\/wp\/v2\/comments?post=27508"}],"version-history":[{"count":4,"href":"https:\/\/www.itakaescolapios.org\/en\/wp-json\/wp\/v2\/posts\/27508\/revisions"}],"predecessor-version":[{"id":45693,"href":"https:\/\/www.itakaescolapios.org\/en\/wp-json\/wp\/v2\/posts\/27508\/revisions\/45693"}],"wp:featuredmedia":[{"embeddable":true,"href":"https:\/\/www.itakaescolapios.org\/en\/wp-json\/wp\/v2\/media\/27517"}],"wp:attachment":[{"href":"https:\/\/www.itakaescolapios.org\/en\/wp-json\/wp\/v2\/media?parent=27508"}],"wp:term":[{"taxonomy":"category","embeddable":true,"href":"https:\/\/www.itakaescolapios.org\/en\/wp-json\/wp\/v2\/categories?post=27508"},{"taxonomy":"post_tag","embeddable":true,"href":"https:\/\/www.itakaescolapios.org\/en\/wp-json\/wp\/v2\/tags?post=27508"}],"curies":[{"name":"wp","href":"https:\/\/api.w.org\/{rel}","templated":true}]}}