{"id":27688,"date":"2019-06-05T11:21:16","date_gmt":"2019-06-05T10:21:16","guid":{"rendered":"https:\/\/www.itakaescolapios.org\/?p=27688"},"modified":"2023-11-28T12:36:49","modified_gmt":"2023-11-28T11:36:49","slug":"acampada-de-amaltea","status":"publish","type":"post","link":"https:\/\/www.itakaescolapios.org\/en\/2019\/06\/acampada-de-amaltea\/","title":{"rendered":"ACAMPADA DE AMALTEA"},"content":{"rendered":"<p style=\"text-align: justify\">Este fin de semana pasado los grupos de Secundaria \u201cDespistaos\u201d y \u201cViej\u00f3venes\u201d, del Centro de D\u00eda Convivencial del proyecto Amaltea\u00a0 han estado de caminata y acampada con el grupo de mayores del Centro de D\u00eda Arca de Nazaret. En total, 18 j\u00f3venes que hicieron pi\u00f1a y pasaron dos d\u00edas geniales.<\/p>\n<p style=\"text-align: justify\">Ambos grupos salieron el s\u00e1bado por la ma\u00f1ana hacia La Ceja del R\u00edo Grande en Navarr\u00e9s, donde todos juntos hicieron una ruta por la monta\u00f1a, con ba\u00f1o en el r\u00edo incluido, para despu\u00e9s acampar con tiendas por la zona. All\u00ed compartieron tiempo, juegos y nuevas amistades.<\/p>\n<p style=\"text-align: justify\">Los equipos de educadores y educadoras de los dos centros de d\u00eda han trabajado para que la experiencia fuese estupenda y ya se plantean nuevos proyectos comunes, as\u00ed que la aventura acaba de empezar.<\/p>\n\n\t\t<style type=\"text\/css\">\n\t\t\t#gallery-1 {\n\t\t\t\tmargin: auto;\n\t\t\t}\n\t\t\t#gallery-1 .gallery-item {\n\t\t\t\tfloat: left;\n\t\t\t\tmargin-top: 10px;\n\t\t\t\ttext-align: center;\n\t\t\t\twidth: 20%;\n\t\t\t}\n\t\t\t#gallery-1 img {\n\t\t\t\tborder: 2px solid #cfcfcf;\n\t\t\t}\n\t\t\t#gallery-1 .gallery-caption {\n\t\t\t\tmargin-left: 0;\n\t\t\t}\n\t\t\t\/* see gallery_shortcode() in wp-includes\/media.php *\/\n\t\t<\/style>\n\t\t<div id='gallery-1' class='gallery galleryid-27688 gallery-columns-5 gallery-size-thumbnail'><dl class='gallery-item'>\n\t\t\t<dt class='gallery-icon landscape'>\n\t\t\t\t<a href='https:\/\/www.itakaescolapios.org\/en\/2019\/06\/acampada-de-amaltea\/61607643_2190112311066813_2381581480418607104_o\/'><img decoding=\"async\" width=\"90\" height=\"90\" src=\"https:\/\/www.itakaescolapios.org\/wp-content\/uploads\/2019\/06\/61607643_2190112311066813_2381581480418607104_o-90x90.jpg\" class=\"attachment-thumbnail size-thumbnail\" alt=\"\" \/><\/a>\n\t\t\t<\/dt><\/dl><dl class='gallery-item'>\n\t\t\t<dt class='gallery-icon landscape'>\n\t\t\t\t<a href='https:\/\/www.itakaescolapios.org\/en\/2019\/06\/acampada-de-amaltea\/61632790_2190112217733489_1875247815957938176_o\/'><img decoding=\"async\" width=\"90\" height=\"90\" src=\"https:\/\/www.itakaescolapios.org\/wp-content\/uploads\/2019\/06\/61632790_2190112217733489_1875247815957938176_o-90x90.jpg\" class=\"attachment-thumbnail size-thumbnail\" alt=\"\" \/><\/a>\n\t\t\t<\/dt><\/dl><dl class='gallery-item'>\n\t\t\t<dt class='gallery-icon landscape'>\n\t\t\t\t<a href='https:\/\/www.itakaescolapios.org\/en\/2019\/06\/acampada-de-amaltea\/61664269_2190112071066837_7252865230705786880_o\/'><img decoding=\"async\" width=\"90\" height=\"90\" src=\"https:\/\/www.itakaescolapios.org\/wp-content\/uploads\/2019\/06\/61664269_2190112071066837_7252865230705786880_o-90x90.jpg\" class=\"attachment-thumbnail size-thumbnail\" alt=\"\" \/><\/a>\n\t\t\t<\/dt><\/dl><dl class='gallery-item'>\n\t\t\t<dt class='gallery-icon landscape'>\n\t\t\t\t<a href='https:\/\/www.itakaescolapios.org\/en\/2019\/06\/acampada-de-amaltea\/61671001_2190112041066840_7123420345243009024_o\/'><img decoding=\"async\" width=\"90\" height=\"90\" src=\"https:\/\/www.itakaescolapios.org\/wp-content\/uploads\/2019\/06\/61671001_2190112041066840_7123420345243009024_o-90x90.jpg\" class=\"attachment-thumbnail size-thumbnail\" alt=\"\" \/><\/a>\n\t\t\t<\/dt><\/dl><dl class='gallery-item'>\n\t\t\t<dt class='gallery-icon portrait'>\n\t\t\t\t<a href='https:\/\/www.itakaescolapios.org\/en\/2019\/06\/acampada-de-amaltea\/whatsapp-image-2019-06-01-at-16-38-29\/'><img decoding=\"async\" width=\"90\" height=\"90\" src=\"https:\/\/www.itakaescolapios.org\/wp-content\/uploads\/2019\/06\/WhatsApp-Image-2019-06-01-at-16.38.29-90x90.jpeg\" class=\"attachment-thumbnail size-thumbnail\" alt=\"\" \/><\/a>\n\t\t\t<\/dt><\/dl><br style=\"clear: both\" \/><dl class='gallery-item'>\n\t\t\t<dt class='gallery-icon landscape'>\n\t\t\t\t<a href='https:\/\/www.itakaescolapios.org\/en\/2019\/06\/acampada-de-amaltea\/whatsapp-image-2019-06-01-at-16-37-56\/'><img decoding=\"async\" width=\"90\" height=\"90\" src=\"https:\/\/www.itakaescolapios.org\/wp-content\/uploads\/2019\/06\/WhatsApp-Image-2019-06-01-at-16.37.56-90x90.jpeg\" class=\"attachment-thumbnail size-thumbnail\" alt=\"\" \/><\/a>\n\t\t\t<\/dt><\/dl><dl class='gallery-item'>\n\t\t\t<dt class='gallery-icon landscape'>\n\t\t\t\t<a href='https:\/\/www.itakaescolapios.org\/en\/2019\/06\/acampada-de-amaltea\/whatsapp-image-2019-06-01-at-16-38-21\/'><img decoding=\"async\" width=\"90\" height=\"90\" src=\"https:\/\/www.itakaescolapios.org\/wp-content\/uploads\/2019\/06\/WhatsApp-Image-2019-06-01-at-16.38.21-90x90.jpeg\" class=\"attachment-thumbnail size-thumbnail\" alt=\"\" \/><\/a>\n\t\t\t<\/dt><\/dl><dl class='gallery-item'>\n\t\t\t<dt class='gallery-icon landscape'>\n\t\t\t\t<a href='https:\/\/www.itakaescolapios.org\/en\/2019\/06\/acampada-de-amaltea\/61911587_2190112204400157_7727115506645204992_o\/'><img decoding=\"async\" width=\"90\" height=\"90\" src=\"https:\/\/www.itakaescolapios.org\/wp-content\/uploads\/2019\/06\/61911587_2190112204400157_7727115506645204992_o-90x90.jpg\" class=\"attachment-thumbnail size-thumbnail\" alt=\"\" \/><\/a>\n\t\t\t<\/dt><\/dl><dl class='gallery-item'>\n\t\t\t<dt class='gallery-icon landscape'>\n\t\t\t\t<a href='https:\/\/www.itakaescolapios.org\/en\/2019\/06\/acampada-de-amaltea\/62033437_2190112247733486_5077795351360962560_o\/'><img decoding=\"async\" width=\"90\" height=\"90\" src=\"https:\/\/www.itakaescolapios.org\/wp-content\/uploads\/2019\/06\/62033437_2190112247733486_5077795351360962560_o-90x90.jpg\" class=\"attachment-thumbnail size-thumbnail\" alt=\"\" \/><\/a>\n\t\t\t<\/dt><\/dl><dl class='gallery-item'>\n\t\t\t<dt class='gallery-icon landscape'>\n\t\t\t\t<a href='https:\/\/www.itakaescolapios.org\/en\/2019\/06\/acampada-de-amaltea\/61903670_2190112344400143_7042765360549855232_o\/'><img decoding=\"async\" width=\"90\" height=\"90\" src=\"https:\/\/www.itakaescolapios.org\/wp-content\/uploads\/2019\/06\/61903670_2190112344400143_7042765360549855232_o-90x90.jpg\" class=\"attachment-thumbnail size-thumbnail\" alt=\"\" \/><\/a>\n\t\t\t<\/dt><\/dl><br style=\"clear: both\" \/><dl class='gallery-item'>\n\t\t\t<dt class='gallery-icon portrait'>\n\t\t\t\t<a href='https:\/\/www.itakaescolapios.org\/en\/2019\/06\/acampada-de-amaltea\/whatsapp-image-2019-06-01-at-16-38-28\/'><img decoding=\"async\" width=\"90\" height=\"90\" src=\"https:\/\/www.itakaescolapios.org\/wp-content\/uploads\/2019\/06\/WhatsApp-Image-2019-06-01-at-16.38.28-90x90.jpeg\" class=\"attachment-thumbnail size-thumbnail\" alt=\"\" \/><\/a>\n\t\t\t<\/dt><\/dl><dl class='gallery-item'>\n\t\t\t<dt class='gallery-icon landscape'>\n\t\t\t\t<a href='https:\/\/www.itakaescolapios.org\/en\/2019\/06\/acampada-de-amaltea\/61767999_2190112014400176_4107740789574991872_o\/'><img decoding=\"async\" width=\"90\" height=\"90\" src=\"https:\/\/www.itakaescolapios.org\/wp-content\/uploads\/2019\/06\/61767999_2190112014400176_4107740789574991872_o-90x90.jpg\" class=\"attachment-thumbnail size-thumbnail\" alt=\"\" \/><\/a>\n\t\t\t<\/dt><\/dl><dl class='gallery-item'>\n\t\t\t<dt class='gallery-icon landscape'>\n\t\t\t\t<a href='https:\/\/www.itakaescolapios.org\/en\/2019\/06\/acampada-de-amaltea\/62072187_2190112241066820_4790759753506619392_o\/'><img decoding=\"async\" width=\"90\" height=\"90\" src=\"https:\/\/www.itakaescolapios.org\/wp-content\/uploads\/2019\/06\/62072187_2190112241066820_4790759753506619392_o-90x90.jpg\" class=\"attachment-thumbnail size-thumbnail\" alt=\"\" \/><\/a>\n\t\t\t<\/dt><\/dl><dl class='gallery-item'>\n\t\t\t<dt class='gallery-icon portrait'>\n\t\t\t\t<a href='https:\/\/www.itakaescolapios.org\/en\/2019\/06\/acampada-de-amaltea\/62123352_2190112167733494_4911757370306068480_o\/'><img decoding=\"async\" width=\"90\" height=\"90\" src=\"https:\/\/www.itakaescolapios.org\/wp-content\/uploads\/2019\/06\/62123352_2190112167733494_4911757370306068480_o-90x90.jpg\" class=\"attachment-thumbnail size-thumbnail\" alt=\"\" \/><\/a>\n\t\t\t<\/dt><\/dl><dl class='gallery-item'>\n\t\t\t<dt class='gallery-icon landscape'>\n\t\t\t\t<a href='https:\/\/www.itakaescolapios.org\/en\/2019\/06\/acampada-de-amaltea\/61742345_2190111987733512_6135385577182199808_o\/'><img decoding=\"async\" width=\"90\" height=\"90\" src=\"https:\/\/www.itakaescolapios.org\/wp-content\/uploads\/2019\/06\/61742345_2190111987733512_6135385577182199808_o-90x90.jpg\" class=\"attachment-thumbnail size-thumbnail\" alt=\"\" \/><\/a>\n\t\t\t<\/dt><\/dl><br style=\"clear: both\" \/>\n\t\t<\/div>\n\n","protected":false},"excerpt":{"rendered":"<p>Este fin de semana pasado los grupos de Secundaria \u201cDespistaos\u201d y \u201cViej\u00f3venes\u201d, del Centro de D\u00eda Convivencial del proyecto Amaltea\u00a0 han estado de caminata y acampada con el grupo de [&hellip;]<\/p>\n","protected":false},"author":39,"featured_media":27690,"comment_status":"closed","ping_status":"closed","sticky":false,"template":"","format":"standard","meta":{"_et_pb_use_builder":"","_et_pb_old_content":"","_et_gb_content_width":"","footnotes":""},"categories":[12],"tags":[232,401,327,357,318],"class_list":["post-27688","post","type-post","status-publish","format-standard","has-post-thumbnail","hentry","category-valencia","tag-amaltea","tag-cdconvivencial","tag-infancia","tag-juventud","tag-proyecto-amaltea"],"yoast_head":"<!-- This site is optimized with the Yoast SEO plugin v27.4 - https:\/\/yoast.com\/product\/yoast-seo-wordpress\/ -->\n<title>ACAMPADA DE AMALTEA<\/title>\n<meta name=\"description\" content=\"Este fin de semana pasado los grupos de Secundaria \u201cDespistaos\u201d y \u201cViej\u00f3venes\u201d, del Centro de D\u00eda Convivencial del proyecto Amaltea\u00a0 han estado de caminata y acampada con el grupo de mayores del Centro de D\u00eda Arca de Nazaret. En total, 18 j\u00f3venes que hicieron pi\u00f1a y pasaron dos d\u00edas geniales. Ambos grupos salieron el s\u00e1bado&hellip;\" \/>\n<meta name=\"robots\" content=\"index, follow, max-snippet:-1, max-image-preview:large, max-video-preview:-1\" \/>\n<link rel=\"canonical\" href=\"http:\/\/Este%20fin%20de%20semana%20pasado%20los%20grupos%20de%20Secundaria%20\u201cDespistaos\u201d%20y%20\u201cViej\u00f3venes\u201d,%20del%20Centro%20de%20D\u00eda%20Convivencial%20del%20proyecto%20Amaltea\u00a0%20han%20estado%20de%20caminata%20y%20acampada%20con%20el%20grupo%20de%20mayores%20del%20Centro%20de%20D\u00eda%20Arca%20de%20Nazaret.%20En%20total,%2018%20j\u00f3venes%20que%20hicieron%20pi\u00f1a%20y%20pasaron%20dos%20d\u00edas%20geniales.%20Ambos%20grupos%20salieron%20el%20s\u00e1bado&hellip;\" \/>\n<meta property=\"og:locale\" content=\"en_US\" \/>\n<meta property=\"og:type\" content=\"article\" \/>\n<meta property=\"og:title\" content=\"ACAMPADA DE AMALTEA\" \/>\n<meta property=\"og:description\" content=\"Este fin de semana pasado los grupos de Secundaria \u201cDespistaos\u201d y \u201cViej\u00f3venes\u201d, del Centro de D\u00eda Convivencial del proyecto Amaltea\u00a0 han estado de caminata y acampada con el grupo de mayores del Centro de D\u00eda Arca de Nazaret. En total, 18 j\u00f3venes que hicieron pi\u00f1a y pasaron dos d\u00edas geniales. Ambos grupos salieron el s\u00e1bado&hellip;\" \/>\n<meta property=\"og:url\" content=\"https:\/\/www.itakaescolapios.org\/en\/2019\/06\/acampada-de-amaltea\/\" \/>\n<meta property=\"og:site_name\" content=\"Proofs in Itaka-Escolapios\" \/>\n<meta property=\"article:published_time\" content=\"2019-06-05T10:21:16+00:00\" \/>\n<meta property=\"article:modified_time\" content=\"2023-11-28T11:36:49+00:00\" \/>\n<meta property=\"og:image\" content=\"https:\/\/www.itakaescolapios.org\/wp-content\/uploads\/2019\/06\/61632790_2190112217733489_1875247815957938176_o.jpg\" \/>\n\t<meta property=\"og:image:width\" content=\"1600\" \/>\n\t<meta property=\"og:image:height\" content=\"1200\" \/>\n\t<meta property=\"og:image:type\" content=\"image\/jpeg\" \/>\n<meta name=\"author\" content=\"valencia01\" \/>\n<meta name=\"twitter:card\" content=\"summary_large_image\" \/>\n<meta name=\"twitter:label1\" content=\"Written by\" \/>\n\t<meta name=\"twitter:data1\" content=\"valencia01\" \/>\n\t<meta name=\"twitter:label2\" content=\"Est. reading time\" \/>\n\t<meta name=\"twitter:data2\" content=\"1 minute\" \/>\n<script type=\"application\/ld+json\" class=\"yoast-schema-graph\">{\"@context\":\"https:\\\/\\\/schema.org\",\"@graph\":[{\"@type\":\"Article\",\"@id\":\"https:\\\/\\\/www.itakaescolapios.org\\\/en\\\/2019\\\/06\\\/acampada-de-amaltea\\\/#article\",\"isPartOf\":{\"@id\":\"https:\\\/\\\/www.itakaescolapios.org\\\/en\\\/2019\\\/06\\\/acampada-de-amaltea\\\/\"},\"author\":{\"name\":\"valencia01\",\"@id\":\"https:\\\/\\\/www.itakaescolapios.org\\\/es\\\/#\\\/schema\\\/person\\\/c232ccaa2b3f2e98db93c1f8dfca96ff\"},\"headline\":\"ACAMPADA DE AMALTEA\",\"datePublished\":\"2019-06-05T10:21:16+00:00\",\"dateModified\":\"2023-11-28T11:36:49+00:00\",\"mainEntityOfPage\":{\"@id\":\"https:\\\/\\\/www.itakaescolapios.org\\\/en\\\/2019\\\/06\\\/acampada-de-amaltea\\\/\"},\"wordCount\":150,\"publisher\":{\"@id\":\"https:\\\/\\\/www.itakaescolapios.org\\\/es\\\/#organization\"},\"image\":{\"@id\":\"https:\\\/\\\/www.itakaescolapios.org\\\/en\\\/2019\\\/06\\\/acampada-de-amaltea\\\/#primaryimage\"},\"thumbnailUrl\":\"https:\\\/\\\/www.itakaescolapios.org\\\/wp-content\\\/uploads\\\/2019\\\/06\\\/61632790_2190112217733489_1875247815957938176_o.jpg\",\"keywords\":[\"Amaltea\",\"CDConvivencial\",\"Infancia\",\"Juventud\",\"Proyecto Amaltea\"],\"articleSection\":[\"Valencia\"],\"inLanguage\":\"en-US\"},{\"@type\":\"WebPage\",\"@id\":\"https:\\\/\\\/www.itakaescolapios.org\\\/en\\\/2019\\\/06\\\/acampada-de-amaltea\\\/\",\"url\":\"https:\\\/\\\/www.itakaescolapios.org\\\/en\\\/2019\\\/06\\\/acampada-de-amaltea\\\/\",\"name\":\"ACAMPADA DE AMALTEA - Proofs in Itaka-Escolapios\",\"isPartOf\":{\"@id\":\"https:\\\/\\\/www.itakaescolapios.org\\\/es\\\/#website\"},\"primaryImageOfPage\":{\"@id\":\"https:\\\/\\\/www.itakaescolapios.org\\\/en\\\/2019\\\/06\\\/acampada-de-amaltea\\\/#primaryimage\"},\"image\":{\"@id\":\"https:\\\/\\\/www.itakaescolapios.org\\\/en\\\/2019\\\/06\\\/acampada-de-amaltea\\\/#primaryimage\"},\"thumbnailUrl\":\"https:\\\/\\\/www.itakaescolapios.org\\\/wp-content\\\/uploads\\\/2019\\\/06\\\/61632790_2190112217733489_1875247815957938176_o.jpg\",\"datePublished\":\"2019-06-05T10:21:16+00:00\",\"dateModified\":\"2023-11-28T11:36:49+00:00\",\"breadcrumb\":{\"@id\":\"https:\\\/\\\/www.itakaescolapios.org\\\/en\\\/2019\\\/06\\\/acampada-de-amaltea\\\/#breadcrumb\"},\"inLanguage\":\"en-US\",\"potentialAction\":[{\"@type\":\"ReadAction\",\"target\":[\"https:\\\/\\\/www.itakaescolapios.org\\\/en\\\/2019\\\/06\\\/acampada-de-amaltea\\\/\"]}]},{\"@type\":\"ImageObject\",\"inLanguage\":\"en-US\",\"@id\":\"https:\\\/\\\/www.itakaescolapios.org\\\/en\\\/2019\\\/06\\\/acampada-de-amaltea\\\/#primaryimage\",\"url\":\"https:\\\/\\\/www.itakaescolapios.org\\\/wp-content\\\/uploads\\\/2019\\\/06\\\/61632790_2190112217733489_1875247815957938176_o.jpg\",\"contentUrl\":\"https:\\\/\\\/www.itakaescolapios.org\\\/wp-content\\\/uploads\\\/2019\\\/06\\\/61632790_2190112217733489_1875247815957938176_o.jpg\",\"width\":1600,\"height\":1200},{\"@type\":\"BreadcrumbList\",\"@id\":\"https:\\\/\\\/www.itakaescolapios.org\\\/en\\\/2019\\\/06\\\/acampada-de-amaltea\\\/#breadcrumb\",\"itemListElement\":[{\"@type\":\"ListItem\",\"position\":1,\"name\":\"Proof\",\"item\":\"https:\\\/\\\/www.itakaescolapios.org\\\/es\\\/\"},{\"@type\":\"ListItem\",\"position\":2,\"name\":\"ACAMPADA DE AMALTEA\"}]},{\"@type\":\"WebSite\",\"@id\":\"https:\\\/\\\/www.itakaescolapios.org\\\/en\\\/es\\\/#website\",\"url\":\"https:\\\/\\\/www.itakaescolapios.org\\\/en\\\/es\\\/\",\"name\":\"Itaka-Escolapios\",\"description\":\"Red de Itaka-Escolapios\",\"publisher\":{\"@id\":\"https:\\\/\\\/www.itakaescolapios.org\\\/en\\\/es\\\/#organization\"},\"potentialAction\":[{\"@type\":\"SearchAction\",\"target\":{\"@type\":\"EntryPoint\",\"urlTemplate\":\"https:\\\/\\\/www.itakaescolapios.org\\\/en\\\/es\\\/?s={search_term_string}\"},\"query-input\":{\"@type\":\"PropertyValueSpecification\",\"valueRequired\":true,\"valueName\":\"search_term_string\"}}],\"inLanguage\":\"en-US\"},{\"@type\":\"Organization\",\"@id\":\"https:\\\/\\\/www.itakaescolapios.org\\\/en\\\/es\\\/#organization\",\"name\":\"Fundaci\u00f3 Itaka-Escolapios\",\"url\":\"https:\\\/\\\/www.itakaescolapios.org\\\/en\\\/es\\\/\",\"logo\":{\"@type\":\"ImageObject\",\"inLanguage\":\"en-US\",\"@id\":\"https:\\\/\\\/www.itakaescolapios.org\\\/en\\\/es\\\/#\\\/schema\\\/logo\\\/image\\\/\",\"url\":\"https:\\\/\\\/www.itakaescolapios.org\\\/wp-content\\\/uploads\\\/2024\\\/04\\\/Logo-itakaescolapios-peque.png\",\"contentUrl\":\"https:\\\/\\\/www.itakaescolapios.org\\\/wp-content\\\/uploads\\\/2024\\\/04\\\/Logo-itakaescolapios-peque.png\",\"width\":500,\"height\":199,\"caption\":\"Fundaci\u00f3 Itaka-Escolapios\"},\"image\":{\"@id\":\"https:\\\/\\\/www.itakaescolapios.org\\\/en\\\/es\\\/#\\\/schema\\\/logo\\\/image\\\/\"}},{\"@type\":\"Person\",\"@id\":\"https:\\\/\\\/www.itakaescolapios.org\\\/es\\\/#\\\/schema\\\/person\\\/c232ccaa2b3f2e98db93c1f8dfca96ff\",\"name\":\"valencia01\",\"url\":\"https:\\\/\\\/www.itakaescolapios.org\\\/en\\\/author\\\/valencia01\\\/\"}]}<\/script>\n<!-- \/ Yoast SEO plugin. -->","yoast_head_json":{"title":"ACAMPADA DE AMALTEA","description":"Este fin de semana pasado los grupos de Secundaria \u201cDespistaos\u201d y \u201cViej\u00f3venes\u201d, del Centro de D\u00eda Convivencial del proyecto Amaltea\u00a0 han estado de caminata y acampada con el grupo de mayores del Centro de D\u00eda Arca de Nazaret. En total, 18 j\u00f3venes que hicieron pi\u00f1a y pasaron dos d\u00edas geniales. Ambos grupos salieron el s\u00e1bado&hellip;","robots":{"index":"index","follow":"follow","max-snippet":"max-snippet:-1","max-image-preview":"max-image-preview:large","max-video-preview":"max-video-preview:-1"},"canonical":"Este fin de semana pasado los grupos de Secundaria \u201cDespistaos\u201d y \u201cViej\u00f3venes\u201d, del Centro de D\u00eda Convivencial del proyecto Amaltea\u00a0 han estado de caminata y acampada con el grupo de mayores del Centro de D\u00eda Arca de Nazaret. En total, 18 j\u00f3venes que hicieron pi\u00f1a y pasaron dos d\u00edas geniales. Ambos grupos salieron el s\u00e1bado&hellip;","og_locale":"en_US","og_type":"article","og_title":"ACAMPADA DE AMALTEA","og_description":"Este fin de semana pasado los grupos de Secundaria \u201cDespistaos\u201d y \u201cViej\u00f3venes\u201d, del Centro de D\u00eda Convivencial del proyecto Amaltea\u00a0 han estado de caminata y acampada con el grupo de mayores del Centro de D\u00eda Arca de Nazaret. En total, 18 j\u00f3venes que hicieron pi\u00f1a y pasaron dos d\u00edas geniales. Ambos grupos salieron el s\u00e1bado&hellip;","og_url":"https:\/\/www.itakaescolapios.org\/en\/2019\/06\/acampada-de-amaltea\/","og_site_name":"Proofs in Itaka-Escolapios","article_published_time":"2019-06-05T10:21:16+00:00","article_modified_time":"2023-11-28T11:36:49+00:00","og_image":[{"width":1600,"height":1200,"url":"https:\/\/www.itakaescolapios.org\/wp-content\/uploads\/2019\/06\/61632790_2190112217733489_1875247815957938176_o.jpg","type":"image\/jpeg"}],"author":"valencia01","twitter_card":"summary_large_image","twitter_misc":{"Written by":"valencia01","Est. reading time":"1 minute"},"schema":{"@context":"https:\/\/schema.org","@graph":[{"@type":"Article","@id":"https:\/\/www.itakaescolapios.org\/en\/2019\/06\/acampada-de-amaltea\/#article","isPartOf":{"@id":"https:\/\/www.itakaescolapios.org\/en\/2019\/06\/acampada-de-amaltea\/"},"author":{"name":"valencia01","@id":"https:\/\/www.itakaescolapios.org\/es\/#\/schema\/person\/c232ccaa2b3f2e98db93c1f8dfca96ff"},"headline":"ACAMPADA DE AMALTEA","datePublished":"2019-06-05T10:21:16+00:00","dateModified":"2023-11-28T11:36:49+00:00","mainEntityOfPage":{"@id":"https:\/\/www.itakaescolapios.org\/en\/2019\/06\/acampada-de-amaltea\/"},"wordCount":150,"publisher":{"@id":"https:\/\/www.itakaescolapios.org\/es\/#organization"},"image":{"@id":"https:\/\/www.itakaescolapios.org\/en\/2019\/06\/acampada-de-amaltea\/#primaryimage"},"thumbnailUrl":"https:\/\/www.itakaescolapios.org\/wp-content\/uploads\/2019\/06\/61632790_2190112217733489_1875247815957938176_o.jpg","keywords":["Amaltea","CDConvivencial","Infancia","Juventud","Proyecto Amaltea"],"articleSection":["Valencia"],"inLanguage":"en-US"},{"@type":"WebPage","@id":"https:\/\/www.itakaescolapios.org\/en\/2019\/06\/acampada-de-amaltea\/","url":"https:\/\/www.itakaescolapios.org\/en\/2019\/06\/acampada-de-amaltea\/","name":"ACAMPADA DE AMALTEA - Proofs in Itaka-Escolapios","isPartOf":{"@id":"https:\/\/www.itakaescolapios.org\/es\/#website"},"primaryImageOfPage":{"@id":"https:\/\/www.itakaescolapios.org\/en\/2019\/06\/acampada-de-amaltea\/#primaryimage"},"image":{"@id":"https:\/\/www.itakaescolapios.org\/en\/2019\/06\/acampada-de-amaltea\/#primaryimage"},"thumbnailUrl":"https:\/\/www.itakaescolapios.org\/wp-content\/uploads\/2019\/06\/61632790_2190112217733489_1875247815957938176_o.jpg","datePublished":"2019-06-05T10:21:16+00:00","dateModified":"2023-11-28T11:36:49+00:00","breadcrumb":{"@id":"https:\/\/www.itakaescolapios.org\/en\/2019\/06\/acampada-de-amaltea\/#breadcrumb"},"inLanguage":"en-US","potentialAction":[{"@type":"ReadAction","target":["https:\/\/www.itakaescolapios.org\/en\/2019\/06\/acampada-de-amaltea\/"]}]},{"@type":"ImageObject","inLanguage":"en-US","@id":"https:\/\/www.itakaescolapios.org\/en\/2019\/06\/acampada-de-amaltea\/#primaryimage","url":"https:\/\/www.itakaescolapios.org\/wp-content\/uploads\/2019\/06\/61632790_2190112217733489_1875247815957938176_o.jpg","contentUrl":"https:\/\/www.itakaescolapios.org\/wp-content\/uploads\/2019\/06\/61632790_2190112217733489_1875247815957938176_o.jpg","width":1600,"height":1200},{"@type":"BreadcrumbList","@id":"https:\/\/www.itakaescolapios.org\/en\/2019\/06\/acampada-de-amaltea\/#breadcrumb","itemListElement":[{"@type":"ListItem","position":1,"name":"Proof","item":"https:\/\/www.itakaescolapios.org\/es\/"},{"@type":"ListItem","position":2,"name":"ACAMPADA DE AMALTEA"}]},{"@type":"WebSite","@id":"https:\/\/www.itakaescolapios.org\/en\/es\/#website","url":"https:\/\/www.itakaescolapios.org\/en\/es\/","name":"Itaka-Escolapios","description":"Red de Itaka-Escolapios","publisher":{"@id":"https:\/\/www.itakaescolapios.org\/en\/es\/#organization"},"potentialAction":[{"@type":"SearchAction","target":{"@type":"EntryPoint","urlTemplate":"https:\/\/www.itakaescolapios.org\/en\/es\/?s={search_term_string}"},"query-input":{"@type":"PropertyValueSpecification","valueRequired":true,"valueName":"search_term_string"}}],"inLanguage":"en-US"},{"@type":"Organization","@id":"https:\/\/www.itakaescolapios.org\/en\/es\/#organization","name":"Fundaci\u00f3 Itaka-Escolapios","url":"https:\/\/www.itakaescolapios.org\/en\/es\/","logo":{"@type":"ImageObject","inLanguage":"en-US","@id":"https:\/\/www.itakaescolapios.org\/en\/es\/#\/schema\/logo\/image\/","url":"https:\/\/www.itakaescolapios.org\/wp-content\/uploads\/2024\/04\/Logo-itakaescolapios-peque.png","contentUrl":"https:\/\/www.itakaescolapios.org\/wp-content\/uploads\/2024\/04\/Logo-itakaescolapios-peque.png","width":500,"height":199,"caption":"Fundaci\u00f3 Itaka-Escolapios"},"image":{"@id":"https:\/\/www.itakaescolapios.org\/en\/es\/#\/schema\/logo\/image\/"}},{"@type":"Person","@id":"https:\/\/www.itakaescolapios.org\/es\/#\/schema\/person\/c232ccaa2b3f2e98db93c1f8dfca96ff","name":"valencia01","url":"https:\/\/www.itakaescolapios.org\/en\/author\/valencia01\/"}]}},"_links":{"self":[{"href":"https:\/\/www.itakaescolapios.org\/en\/wp-json\/wp\/v2\/posts\/27688","targetHints":{"allow":["GET"]}}],"collection":[{"href":"https:\/\/www.itakaescolapios.org\/en\/wp-json\/wp\/v2\/posts"}],"about":[{"href":"https:\/\/www.itakaescolapios.org\/en\/wp-json\/wp\/v2\/types\/post"}],"author":[{"embeddable":true,"href":"https:\/\/www.itakaescolapios.org\/en\/wp-json\/wp\/v2\/users\/39"}],"replies":[{"embeddable":true,"href":"https:\/\/www.itakaescolapios.org\/en\/wp-json\/wp\/v2\/comments?post=27688"}],"version-history":[{"count":4,"href":"https:\/\/www.itakaescolapios.org\/en\/wp-json\/wp\/v2\/posts\/27688\/revisions"}],"predecessor-version":[{"id":45647,"href":"https:\/\/www.itakaescolapios.org\/en\/wp-json\/wp\/v2\/posts\/27688\/revisions\/45647"}],"wp:featuredmedia":[{"embeddable":true,"href":"https:\/\/www.itakaescolapios.org\/en\/wp-json\/wp\/v2\/media\/27690"}],"wp:attachment":[{"href":"https:\/\/www.itakaescolapios.org\/en\/wp-json\/wp\/v2\/media?parent=27688"}],"wp:term":[{"taxonomy":"category","embeddable":true,"href":"https:\/\/www.itakaescolapios.org\/en\/wp-json\/wp\/v2\/categories?post=27688"},{"taxonomy":"post_tag","embeddable":true,"href":"https:\/\/www.itakaescolapios.org\/en\/wp-json\/wp\/v2\/tags?post=27688"}],"curies":[{"name":"wp","href":"https:\/\/api.w.org\/{rel}","templated":true}]}}