{"id":27769,"date":"2019-06-10T17:17:22","date_gmt":"2019-06-10T16:17:22","guid":{"rendered":"https:\/\/www.itakaescolapios.org\/?p=27769"},"modified":"2023-11-28T12:36:48","modified_gmt":"2023-11-28T11:36:48","slug":"itaka-escolapios-para-una-educacion-a-pleno-tiempo","status":"publish","type":"post","link":"https:\/\/www.itakaescolapios.org\/en\/2019\/06\/itaka-escolapios-para-una-educacion-a-pleno-tiempo\/","title":{"rendered":"ITAKA - ESCOLAPIOS PARA UNA EDUCACI\u00d3N A PLENO TIEMPO"},"content":{"rendered":"<p>Una educaci\u00f3n reducida al espacio, horario y calendario escolar ser\u00e1 siempre muy pobre. Si conseguimos una colaboraci\u00f3n pr\u00f3xima con la familia estamos multiplicando su capacidad formativa. Si la parroquia, la sociedad, las entidades sociales, los medios de comunicaci\u00f3n est\u00e1n en parecida sinton\u00eda, estamos ya haciendo una educaci\u00f3n muy valiosa. Pero todav\u00eda es mejor, mucho mejor, si incluimos una acci\u00f3n educativa vinculada al Movimiento Calasanz y a la Red de Itaka &#8211; Escolapios, estamos ya en otro nivel.<\/p>\n<p>Itaka &#8211; Escolapios ofrece tambi\u00e9n esta posibilidad, ya hecha realidad en muchos lugares.<\/p>\n","protected":false},"excerpt":{"rendered":"<p>Una educaci\u00f3n reducida al espacio, horario y calendario escolar ser\u00e1 siempre muy pobre. Si conseguimos una colaboraci\u00f3n pr\u00f3xima con la familia estamos multiplicando su capacidad formativa. Si la parroquia, la [&hellip;]<\/p>\n","protected":false},"author":4,"featured_media":27773,"comment_status":"closed","ping_status":"closed","sticky":false,"template":"","format":"standard","meta":{"_et_pb_use_builder":"","_et_pb_old_content":"","_et_gb_content_width":"","footnotes":""},"categories":[30],"tags":[],"class_list":["post-27769","post","type-post","status-publish","format-standard","has-post-thumbnail","hentry","category-itaka-escolapios"],"yoast_head":"<!-- This site is optimized with the Yoast SEO plugin v27.4 - https:\/\/yoast.com\/product\/yoast-seo-wordpress\/ -->\n<title>ITAKA - ESCOLAPIOS PARA UNA EDUCACI\u00d3N A PLENO TIEMPO<\/title>\n<meta name=\"description\" content=\"Una educaci\u00f3n reducida al espacio, horario y calendario escolar ser\u00e1 siempre muy pobre. Si conseguimos una colaboraci\u00f3n pr\u00f3xima con la familia estamos multiplicando su capacidad formativa. Si la parroquia, la sociedad, las entidades sociales, los medios de comunicaci\u00f3n est\u00e1n en parecida sinton\u00eda, estamos ya haciendo una educaci\u00f3n muy valiosa. Pero todav\u00eda es mejor, mucho mejor,&hellip;\" \/>\n<meta name=\"robots\" content=\"index, follow, max-snippet:-1, max-image-preview:large, max-video-preview:-1\" \/>\n<link rel=\"canonical\" href=\"http:\/\/Una%20educaci\u00f3n%20reducida%20al%20espacio,%20horario%20y%20calendario%20escolar%20ser\u00e1%20siempre%20muy%20pobre.%20Si%20conseguimos%20una%20colaboraci\u00f3n%20pr\u00f3xima%20con%20la%20familia%20estamos%20multiplicando%20su%20capacidad%20formativa.%20Si%20la%20parroquia,%20la%20sociedad,%20las%20entidades%20sociales,%20los%20medios%20de%20comunicaci\u00f3n%20est\u00e1n%20en%20parecida%20sinton\u00eda,%20estamos%20ya%20haciendo%20una%20educaci\u00f3n%20muy%20valiosa.%20Pero%20todav\u00eda%20es%20mejor,%20mucho%20mejor,&hellip;\" \/>\n<meta property=\"og:locale\" content=\"en_US\" \/>\n<meta property=\"og:type\" content=\"article\" \/>\n<meta property=\"og:title\" content=\"ITAKA - ESCOLAPIOS PARA UNA EDUCACI\u00d3N A PLENO TIEMPO\" \/>\n<meta property=\"og:description\" content=\"Una educaci\u00f3n reducida al espacio, horario y calendario escolar ser\u00e1 siempre muy pobre. Si conseguimos una colaboraci\u00f3n pr\u00f3xima con la familia estamos multiplicando su capacidad formativa. Si la parroquia, la sociedad, las entidades sociales, los medios de comunicaci\u00f3n est\u00e1n en parecida sinton\u00eda, estamos ya haciendo una educaci\u00f3n muy valiosa. Pero todav\u00eda es mejor, mucho mejor,&hellip;\" \/>\n<meta property=\"og:url\" content=\"https:\/\/www.itakaescolapios.org\/en\/2019\/06\/itaka-escolapios-para-una-educacion-a-pleno-tiempo\/\" \/>\n<meta property=\"og:site_name\" content=\"Proofs in Itaka-Escolapios\" \/>\n<meta property=\"article:published_time\" content=\"2019-06-10T16:17:22+00:00\" \/>\n<meta property=\"article:modified_time\" content=\"2023-11-28T11:36:48+00:00\" \/>\n<meta property=\"og:image\" content=\"https:\/\/www.itakaescolapios.org\/wp-content\/uploads\/2019\/06\/0002.jpg\" \/>\n\t<meta property=\"og:image:width\" content=\"383\" \/>\n\t<meta property=\"og:image:height\" content=\"132\" \/>\n\t<meta property=\"og:image:type\" content=\"image\/jpeg\" \/>\n<meta name=\"author\" content=\"itaka\" \/>\n<meta name=\"twitter:card\" content=\"summary_large_image\" \/>\n<meta name=\"twitter:label1\" content=\"Written by\" \/>\n\t<meta name=\"twitter:data1\" content=\"itaka\" \/>\n\t<meta name=\"twitter:label2\" content=\"Est. reading time\" \/>\n\t<meta name=\"twitter:data2\" content=\"1 minute\" \/>\n<script type=\"application\/ld+json\" class=\"yoast-schema-graph\">{\"@context\":\"https:\\\/\\\/schema.org\",\"@graph\":[{\"@type\":\"Article\",\"@id\":\"https:\\\/\\\/www.itakaescolapios.org\\\/en\\\/2019\\\/06\\\/itaka-escolapios-para-una-educacion-a-pleno-tiempo\\\/#article\",\"isPartOf\":{\"@id\":\"https:\\\/\\\/www.itakaescolapios.org\\\/en\\\/2019\\\/06\\\/itaka-escolapios-para-una-educacion-a-pleno-tiempo\\\/\"},\"author\":{\"name\":\"itaka\",\"@id\":\"https:\\\/\\\/www.itakaescolapios.org\\\/es\\\/#\\\/schema\\\/person\\\/670123daeb1cc31cae1b106740036ccb\"},\"headline\":\"ITAKA - ESCOLAPIOS PARA UNA EDUCACI\u00d3N A PLENO TIEMPO\",\"datePublished\":\"2019-06-10T16:17:22+00:00\",\"dateModified\":\"2023-11-28T11:36:48+00:00\",\"mainEntityOfPage\":{\"@id\":\"https:\\\/\\\/www.itakaescolapios.org\\\/en\\\/2019\\\/06\\\/itaka-escolapios-para-una-educacion-a-pleno-tiempo\\\/\"},\"wordCount\":110,\"publisher\":{\"@id\":\"https:\\\/\\\/www.itakaescolapios.org\\\/es\\\/#organization\"},\"image\":{\"@id\":\"https:\\\/\\\/www.itakaescolapios.org\\\/en\\\/2019\\\/06\\\/itaka-escolapios-para-una-educacion-a-pleno-tiempo\\\/#primaryimage\"},\"thumbnailUrl\":\"https:\\\/\\\/www.itakaescolapios.org\\\/wp-content\\\/uploads\\\/2019\\\/06\\\/0002.jpg\",\"articleSection\":[\"Itaka Escolapios\"],\"inLanguage\":\"en-US\"},{\"@type\":\"WebPage\",\"@id\":\"https:\\\/\\\/www.itakaescolapios.org\\\/en\\\/2019\\\/06\\\/itaka-escolapios-para-una-educacion-a-pleno-tiempo\\\/\",\"url\":\"https:\\\/\\\/www.itakaescolapios.org\\\/en\\\/2019\\\/06\\\/itaka-escolapios-para-una-educacion-a-pleno-tiempo\\\/\",\"name\":\"ITAKA - ESCOLAPIOS PARA UNA EDUCACI\u00d3N A PLENO TIEMPO - Proofs in Itaka-Escolapios\",\"isPartOf\":{\"@id\":\"https:\\\/\\\/www.itakaescolapios.org\\\/es\\\/#website\"},\"primaryImageOfPage\":{\"@id\":\"https:\\\/\\\/www.itakaescolapios.org\\\/en\\\/2019\\\/06\\\/itaka-escolapios-para-una-educacion-a-pleno-tiempo\\\/#primaryimage\"},\"image\":{\"@id\":\"https:\\\/\\\/www.itakaescolapios.org\\\/en\\\/2019\\\/06\\\/itaka-escolapios-para-una-educacion-a-pleno-tiempo\\\/#primaryimage\"},\"thumbnailUrl\":\"https:\\\/\\\/www.itakaescolapios.org\\\/wp-content\\\/uploads\\\/2019\\\/06\\\/0002.jpg\",\"datePublished\":\"2019-06-10T16:17:22+00:00\",\"dateModified\":\"2023-11-28T11:36:48+00:00\",\"breadcrumb\":{\"@id\":\"https:\\\/\\\/www.itakaescolapios.org\\\/en\\\/2019\\\/06\\\/itaka-escolapios-para-una-educacion-a-pleno-tiempo\\\/#breadcrumb\"},\"inLanguage\":\"en-US\",\"potentialAction\":[{\"@type\":\"ReadAction\",\"target\":[\"https:\\\/\\\/www.itakaescolapios.org\\\/en\\\/2019\\\/06\\\/itaka-escolapios-para-una-educacion-a-pleno-tiempo\\\/\"]}]},{\"@type\":\"ImageObject\",\"inLanguage\":\"en-US\",\"@id\":\"https:\\\/\\\/www.itakaescolapios.org\\\/en\\\/2019\\\/06\\\/itaka-escolapios-para-una-educacion-a-pleno-tiempo\\\/#primaryimage\",\"url\":\"https:\\\/\\\/www.itakaescolapios.org\\\/wp-content\\\/uploads\\\/2019\\\/06\\\/0002.jpg\",\"contentUrl\":\"https:\\\/\\\/www.itakaescolapios.org\\\/wp-content\\\/uploads\\\/2019\\\/06\\\/0002.jpg\",\"width\":383,\"height\":132},{\"@type\":\"BreadcrumbList\",\"@id\":\"https:\\\/\\\/www.itakaescolapios.org\\\/en\\\/2019\\\/06\\\/itaka-escolapios-para-una-educacion-a-pleno-tiempo\\\/#breadcrumb\",\"itemListElement\":[{\"@type\":\"ListItem\",\"position\":1,\"name\":\"Proof\",\"item\":\"https:\\\/\\\/www.itakaescolapios.org\\\/es\\\/\"},{\"@type\":\"ListItem\",\"position\":2,\"name\":\"ITAKA - ESCOLAPIOS PARA UNA EDUCACI\u00d3N A PLENO TIEMPO\"}]},{\"@type\":\"WebSite\",\"@id\":\"https:\\\/\\\/www.itakaescolapios.org\\\/en\\\/es\\\/#website\",\"url\":\"https:\\\/\\\/www.itakaescolapios.org\\\/en\\\/es\\\/\",\"name\":\"Itaka-Escolapios\",\"description\":\"Red de Itaka-Escolapios\",\"publisher\":{\"@id\":\"https:\\\/\\\/www.itakaescolapios.org\\\/en\\\/es\\\/#organization\"},\"potentialAction\":[{\"@type\":\"SearchAction\",\"target\":{\"@type\":\"EntryPoint\",\"urlTemplate\":\"https:\\\/\\\/www.itakaescolapios.org\\\/en\\\/es\\\/?s={search_term_string}\"},\"query-input\":{\"@type\":\"PropertyValueSpecification\",\"valueRequired\":true,\"valueName\":\"search_term_string\"}}],\"inLanguage\":\"en-US\"},{\"@type\":\"Organization\",\"@id\":\"https:\\\/\\\/www.itakaescolapios.org\\\/en\\\/es\\\/#organization\",\"name\":\"Fundaci\u00f3 Itaka-Escolapios\",\"url\":\"https:\\\/\\\/www.itakaescolapios.org\\\/en\\\/es\\\/\",\"logo\":{\"@type\":\"ImageObject\",\"inLanguage\":\"en-US\",\"@id\":\"https:\\\/\\\/www.itakaescolapios.org\\\/en\\\/es\\\/#\\\/schema\\\/logo\\\/image\\\/\",\"url\":\"https:\\\/\\\/www.itakaescolapios.org\\\/wp-content\\\/uploads\\\/2024\\\/04\\\/Logo-itakaescolapios-peque.png\",\"contentUrl\":\"https:\\\/\\\/www.itakaescolapios.org\\\/wp-content\\\/uploads\\\/2024\\\/04\\\/Logo-itakaescolapios-peque.png\",\"width\":500,\"height\":199,\"caption\":\"Fundaci\u00f3 Itaka-Escolapios\"},\"image\":{\"@id\":\"https:\\\/\\\/www.itakaescolapios.org\\\/en\\\/es\\\/#\\\/schema\\\/logo\\\/image\\\/\"}},{\"@type\":\"Person\",\"@id\":\"https:\\\/\\\/www.itakaescolapios.org\\\/es\\\/#\\\/schema\\\/person\\\/670123daeb1cc31cae1b106740036ccb\",\"name\":\"itaka\",\"url\":\"https:\\\/\\\/www.itakaescolapios.org\\\/en\\\/author\\\/itaka\\\/\"}]}<\/script>\n<!-- \/ Yoast SEO plugin. -->","yoast_head_json":{"title":"ITAKA - ESCOLAPIOS PARA UNA EDUCACI\u00d3N A PLENO TIEMPO","description":"Una educaci\u00f3n reducida al espacio, horario y calendario escolar ser\u00e1 siempre muy pobre. Si conseguimos una colaboraci\u00f3n pr\u00f3xima con la familia estamos multiplicando su capacidad formativa. Si la parroquia, la sociedad, las entidades sociales, los medios de comunicaci\u00f3n est\u00e1n en parecida sinton\u00eda, estamos ya haciendo una educaci\u00f3n muy valiosa. Pero todav\u00eda es mejor, mucho mejor,&hellip;","robots":{"index":"index","follow":"follow","max-snippet":"max-snippet:-1","max-image-preview":"max-image-preview:large","max-video-preview":"max-video-preview:-1"},"canonical":"Una educaci\u00f3n reducida al espacio, horario y calendario escolar ser\u00e1 siempre muy pobre. Si conseguimos una colaboraci\u00f3n pr\u00f3xima con la familia estamos multiplicando su capacidad formativa. Si la parroquia, la sociedad, las entidades sociales, los medios de comunicaci\u00f3n est\u00e1n en parecida sinton\u00eda, estamos ya haciendo una educaci\u00f3n muy valiosa. Pero todav\u00eda es mejor, mucho mejor,&hellip;","og_locale":"en_US","og_type":"article","og_title":"ITAKA - ESCOLAPIOS PARA UNA EDUCACI\u00d3N A PLENO TIEMPO","og_description":"Una educaci\u00f3n reducida al espacio, horario y calendario escolar ser\u00e1 siempre muy pobre. Si conseguimos una colaboraci\u00f3n pr\u00f3xima con la familia estamos multiplicando su capacidad formativa. Si la parroquia, la sociedad, las entidades sociales, los medios de comunicaci\u00f3n est\u00e1n en parecida sinton\u00eda, estamos ya haciendo una educaci\u00f3n muy valiosa. Pero todav\u00eda es mejor, mucho mejor,&hellip;","og_url":"https:\/\/www.itakaescolapios.org\/en\/2019\/06\/itaka-escolapios-para-una-educacion-a-pleno-tiempo\/","og_site_name":"Proofs in Itaka-Escolapios","article_published_time":"2019-06-10T16:17:22+00:00","article_modified_time":"2023-11-28T11:36:48+00:00","og_image":[{"width":383,"height":132,"url":"https:\/\/www.itakaescolapios.org\/wp-content\/uploads\/2019\/06\/0002.jpg","type":"image\/jpeg"}],"author":"itaka","twitter_card":"summary_large_image","twitter_misc":{"Written by":"itaka","Est. reading time":"1 minute"},"schema":{"@context":"https:\/\/schema.org","@graph":[{"@type":"Article","@id":"https:\/\/www.itakaescolapios.org\/en\/2019\/06\/itaka-escolapios-para-una-educacion-a-pleno-tiempo\/#article","isPartOf":{"@id":"https:\/\/www.itakaescolapios.org\/en\/2019\/06\/itaka-escolapios-para-una-educacion-a-pleno-tiempo\/"},"author":{"name":"itaka","@id":"https:\/\/www.itakaescolapios.org\/es\/#\/schema\/person\/670123daeb1cc31cae1b106740036ccb"},"headline":"ITAKA - ESCOLAPIOS PARA UNA EDUCACI\u00d3N A PLENO TIEMPO","datePublished":"2019-06-10T16:17:22+00:00","dateModified":"2023-11-28T11:36:48+00:00","mainEntityOfPage":{"@id":"https:\/\/www.itakaescolapios.org\/en\/2019\/06\/itaka-escolapios-para-una-educacion-a-pleno-tiempo\/"},"wordCount":110,"publisher":{"@id":"https:\/\/www.itakaescolapios.org\/es\/#organization"},"image":{"@id":"https:\/\/www.itakaescolapios.org\/en\/2019\/06\/itaka-escolapios-para-una-educacion-a-pleno-tiempo\/#primaryimage"},"thumbnailUrl":"https:\/\/www.itakaescolapios.org\/wp-content\/uploads\/2019\/06\/0002.jpg","articleSection":["Itaka Escolapios"],"inLanguage":"en-US"},{"@type":"WebPage","@id":"https:\/\/www.itakaescolapios.org\/en\/2019\/06\/itaka-escolapios-para-una-educacion-a-pleno-tiempo\/","url":"https:\/\/www.itakaescolapios.org\/en\/2019\/06\/itaka-escolapios-para-una-educacion-a-pleno-tiempo\/","name":"ITAKA - ESCOLAPIOS PARA UNA EDUCACI\u00d3N A PLENO TIEMPO - Proofs in Itaka-Escolapios","isPartOf":{"@id":"https:\/\/www.itakaescolapios.org\/es\/#website"},"primaryImageOfPage":{"@id":"https:\/\/www.itakaescolapios.org\/en\/2019\/06\/itaka-escolapios-para-una-educacion-a-pleno-tiempo\/#primaryimage"},"image":{"@id":"https:\/\/www.itakaescolapios.org\/en\/2019\/06\/itaka-escolapios-para-una-educacion-a-pleno-tiempo\/#primaryimage"},"thumbnailUrl":"https:\/\/www.itakaescolapios.org\/wp-content\/uploads\/2019\/06\/0002.jpg","datePublished":"2019-06-10T16:17:22+00:00","dateModified":"2023-11-28T11:36:48+00:00","breadcrumb":{"@id":"https:\/\/www.itakaescolapios.org\/en\/2019\/06\/itaka-escolapios-para-una-educacion-a-pleno-tiempo\/#breadcrumb"},"inLanguage":"en-US","potentialAction":[{"@type":"ReadAction","target":["https:\/\/www.itakaescolapios.org\/en\/2019\/06\/itaka-escolapios-para-una-educacion-a-pleno-tiempo\/"]}]},{"@type":"ImageObject","inLanguage":"en-US","@id":"https:\/\/www.itakaescolapios.org\/en\/2019\/06\/itaka-escolapios-para-una-educacion-a-pleno-tiempo\/#primaryimage","url":"https:\/\/www.itakaescolapios.org\/wp-content\/uploads\/2019\/06\/0002.jpg","contentUrl":"https:\/\/www.itakaescolapios.org\/wp-content\/uploads\/2019\/06\/0002.jpg","width":383,"height":132},{"@type":"BreadcrumbList","@id":"https:\/\/www.itakaescolapios.org\/en\/2019\/06\/itaka-escolapios-para-una-educacion-a-pleno-tiempo\/#breadcrumb","itemListElement":[{"@type":"ListItem","position":1,"name":"Proof","item":"https:\/\/www.itakaescolapios.org\/es\/"},{"@type":"ListItem","position":2,"name":"ITAKA - ESCOLAPIOS PARA UNA EDUCACI\u00d3N A PLENO TIEMPO"}]},{"@type":"WebSite","@id":"https:\/\/www.itakaescolapios.org\/en\/es\/#website","url":"https:\/\/www.itakaescolapios.org\/en\/es\/","name":"Itaka-Escolapios","description":"Red de Itaka-Escolapios","publisher":{"@id":"https:\/\/www.itakaescolapios.org\/en\/es\/#organization"},"potentialAction":[{"@type":"SearchAction","target":{"@type":"EntryPoint","urlTemplate":"https:\/\/www.itakaescolapios.org\/en\/es\/?s={search_term_string}"},"query-input":{"@type":"PropertyValueSpecification","valueRequired":true,"valueName":"search_term_string"}}],"inLanguage":"en-US"},{"@type":"Organization","@id":"https:\/\/www.itakaescolapios.org\/en\/es\/#organization","name":"Fundaci\u00f3 Itaka-Escolapios","url":"https:\/\/www.itakaescolapios.org\/en\/es\/","logo":{"@type":"ImageObject","inLanguage":"en-US","@id":"https:\/\/www.itakaescolapios.org\/en\/es\/#\/schema\/logo\/image\/","url":"https:\/\/www.itakaescolapios.org\/wp-content\/uploads\/2024\/04\/Logo-itakaescolapios-peque.png","contentUrl":"https:\/\/www.itakaescolapios.org\/wp-content\/uploads\/2024\/04\/Logo-itakaescolapios-peque.png","width":500,"height":199,"caption":"Fundaci\u00f3 Itaka-Escolapios"},"image":{"@id":"https:\/\/www.itakaescolapios.org\/en\/es\/#\/schema\/logo\/image\/"}},{"@type":"Person","@id":"https:\/\/www.itakaescolapios.org\/es\/#\/schema\/person\/670123daeb1cc31cae1b106740036ccb","name":"itaka","url":"https:\/\/www.itakaescolapios.org\/en\/author\/itaka\/"}]}},"_links":{"self":[{"href":"https:\/\/www.itakaescolapios.org\/en\/wp-json\/wp\/v2\/posts\/27769","targetHints":{"allow":["GET"]}}],"collection":[{"href":"https:\/\/www.itakaescolapios.org\/en\/wp-json\/wp\/v2\/posts"}],"about":[{"href":"https:\/\/www.itakaescolapios.org\/en\/wp-json\/wp\/v2\/types\/post"}],"author":[{"embeddable":true,"href":"https:\/\/www.itakaescolapios.org\/en\/wp-json\/wp\/v2\/users\/4"}],"replies":[{"embeddable":true,"href":"https:\/\/www.itakaescolapios.org\/en\/wp-json\/wp\/v2\/comments?post=27769"}],"version-history":[{"count":4,"href":"https:\/\/www.itakaescolapios.org\/en\/wp-json\/wp\/v2\/posts\/27769\/revisions"}],"predecessor-version":[{"id":45631,"href":"https:\/\/www.itakaescolapios.org\/en\/wp-json\/wp\/v2\/posts\/27769\/revisions\/45631"}],"wp:featuredmedia":[{"embeddable":true,"href":"https:\/\/www.itakaescolapios.org\/en\/wp-json\/wp\/v2\/media\/27773"}],"wp:attachment":[{"href":"https:\/\/www.itakaescolapios.org\/en\/wp-json\/wp\/v2\/media?parent=27769"}],"wp:term":[{"taxonomy":"category","embeddable":true,"href":"https:\/\/www.itakaescolapios.org\/en\/wp-json\/wp\/v2\/categories?post=27769"},{"taxonomy":"post_tag","embeddable":true,"href":"https:\/\/www.itakaescolapios.org\/en\/wp-json\/wp\/v2\/tags?post=27769"}],"curies":[{"name":"wp","href":"https:\/\/api.w.org\/{rel}","templated":true}]}}