{"id":28149,"date":"2019-08-25T12:06:28","date_gmt":"2019-08-25T11:06:28","guid":{"rendered":"https:\/\/www.itakaescolapios.org\/?p=28149"},"modified":"2023-11-28T12:36:44","modified_gmt":"2023-11-28T11:36:44","slug":"se-amplia-la-escuela-de-abobo-en-yaunde","status":"publish","type":"post","link":"https:\/\/www.itakaescolapios.org\/en\/2019\/08\/se-amplia-la-escuela-de-abobo-en-yaunde\/","title":{"rendered":"SE AMPL\u00cdA LA ESCUELA DE ABOBO EN YAUND\u00c9"},"content":{"rendered":"<p>El edificio para los m\u00e1s peque\u00f1os de la escuela de Abobo, en Yaund\u00e9 (Camer\u00fan) ya casi est\u00e1 construido.\u00a0 Es necesaria esta construcci\u00f3n para dar cabida a las muchas familias que lo piden, para mejor la buena labor que ya se realiza y para seguir posibilitando una buena experiencia para los j\u00f3venes religiosos que se est\u00e1n formando muy cerca la escuela.<\/p>\n","protected":false},"excerpt":{"rendered":"<p>El edificio para los m\u00e1s peque\u00f1os de la escuela de Abobo, en Yaund\u00e9 (Camer\u00fan) ya casi est\u00e1 construido.\u00a0 Es necesaria esta construcci\u00f3n para dar cabida a las muchas familias que [&hellip;]<\/p>\n","protected":false},"author":4,"featured_media":28153,"comment_status":"closed","ping_status":"closed","sticky":false,"template":"","format":"standard","meta":{"_et_pb_use_builder":"","_et_pb_old_content":"","_et_gb_content_width":"","footnotes":""},"categories":[10],"tags":[],"class_list":["post-28149","post","type-post","status-publish","format-standard","has-post-thumbnail","hentry","category-camerun"],"yoast_head":"<!-- This site is optimized with the Yoast SEO plugin v27.4 - https:\/\/yoast.com\/product\/yoast-seo-wordpress\/ -->\n<title>SE AMPL\u00cdA LA ESCUELA DE ABOBO EN YAUND\u00c9<\/title>\n<meta name=\"description\" content=\"El edificio para los m\u00e1s peque\u00f1os de la escuela de Abobo, en Yaund\u00e9 (Camer\u00fan) ya casi est\u00e1 construido.\u00a0 Es necesaria esta construcci\u00f3n para dar cabida a las muchas familias que lo piden, para mejor la buena labor que ya se realiza y para seguir posibilitando una buena experiencia para los j\u00f3venes religiosos que se est\u00e1n&hellip;\" \/>\n<meta name=\"robots\" content=\"index, follow, max-snippet:-1, max-image-preview:large, max-video-preview:-1\" \/>\n<link rel=\"canonical\" href=\"http:\/\/El%20edificio%20para%20los%20m\u00e1s%20peque\u00f1os%20de%20la%20escuela%20de%20Abobo,%20en%20Yaund\u00e9%20(Camer\u00fan)%20ya%20casi%20est\u00e1%20construido.\u00a0%20Es%20necesaria%20esta%20construcci\u00f3n%20para%20dar%20cabida%20a%20las%20muchas%20familias%20que%20lo%20piden,%20para%20mejor%20la%20buena%20labor%20que%20ya%20se%20realiza%20y%20para%20seguir%20posibilitando%20una%20buena%20experiencia%20para%20los%20j\u00f3venes%20religiosos%20que%20se%20est\u00e1n&hellip;\" \/>\n<meta property=\"og:locale\" content=\"en_US\" \/>\n<meta property=\"og:type\" content=\"article\" \/>\n<meta property=\"og:title\" content=\"SE AMPL\u00cdA LA ESCUELA DE ABOBO EN YAUND\u00c9\" \/>\n<meta property=\"og:description\" content=\"El edificio para los m\u00e1s peque\u00f1os de la escuela de Abobo, en Yaund\u00e9 (Camer\u00fan) ya casi est\u00e1 construido.\u00a0 Es necesaria esta construcci\u00f3n para dar cabida a las muchas familias que lo piden, para mejor la buena labor que ya se realiza y para seguir posibilitando una buena experiencia para los j\u00f3venes religiosos que se est\u00e1n&hellip;\" \/>\n<meta property=\"og:url\" content=\"https:\/\/www.itakaescolapios.org\/en\/2019\/08\/se-amplia-la-escuela-de-abobo-en-yaunde\/\" \/>\n<meta property=\"og:site_name\" content=\"Proofs in Itaka-Escolapios\" \/>\n<meta property=\"article:published_time\" content=\"2019-08-25T11:06:28+00:00\" \/>\n<meta property=\"article:modified_time\" content=\"2023-11-28T11:36:44+00:00\" \/>\n<meta property=\"og:image\" content=\"https:\/\/www.itakaescolapios.org\/wp-content\/uploads\/2019\/08\/IMG-20190823-WA0003.jpg\" \/>\n\t<meta property=\"og:image:width\" content=\"780\" \/>\n\t<meta property=\"og:image:height\" content=\"1040\" \/>\n\t<meta property=\"og:image:type\" content=\"image\/jpeg\" \/>\n<meta name=\"author\" content=\"itaka\" \/>\n<meta name=\"twitter:card\" content=\"summary_large_image\" \/>\n<meta name=\"twitter:label1\" content=\"Written by\" \/>\n\t<meta name=\"twitter:data1\" content=\"itaka\" \/>\n<script type=\"application\/ld+json\" class=\"yoast-schema-graph\">{\"@context\":\"https:\\\/\\\/schema.org\",\"@graph\":[{\"@type\":\"Article\",\"@id\":\"https:\\\/\\\/www.itakaescolapios.org\\\/en\\\/2019\\\/08\\\/se-amplia-la-escuela-de-abobo-en-yaunde\\\/#article\",\"isPartOf\":{\"@id\":\"https:\\\/\\\/www.itakaescolapios.org\\\/en\\\/2019\\\/08\\\/se-amplia-la-escuela-de-abobo-en-yaunde\\\/\"},\"author\":{\"name\":\"itaka\",\"@id\":\"https:\\\/\\\/www.itakaescolapios.org\\\/es\\\/#\\\/schema\\\/person\\\/670123daeb1cc31cae1b106740036ccb\"},\"headline\":\"SE AMPL\u00cdA LA ESCUELA DE ABOBO EN YAUND\u00c9\",\"datePublished\":\"2019-08-25T11:06:28+00:00\",\"dateModified\":\"2023-11-28T11:36:44+00:00\",\"mainEntityOfPage\":{\"@id\":\"https:\\\/\\\/www.itakaescolapios.org\\\/en\\\/2019\\\/08\\\/se-amplia-la-escuela-de-abobo-en-yaunde\\\/\"},\"wordCount\":75,\"publisher\":{\"@id\":\"https:\\\/\\\/www.itakaescolapios.org\\\/es\\\/#organization\"},\"image\":{\"@id\":\"https:\\\/\\\/www.itakaescolapios.org\\\/en\\\/2019\\\/08\\\/se-amplia-la-escuela-de-abobo-en-yaunde\\\/#primaryimage\"},\"thumbnailUrl\":\"https:\\\/\\\/www.itakaescolapios.org\\\/wp-content\\\/uploads\\\/2019\\\/08\\\/IMG-20190823-WA0003.jpg\",\"articleSection\":[\"Cameroon\"],\"inLanguage\":\"en-US\"},{\"@type\":\"WebPage\",\"@id\":\"https:\\\/\\\/www.itakaescolapios.org\\\/en\\\/2019\\\/08\\\/se-amplia-la-escuela-de-abobo-en-yaunde\\\/\",\"url\":\"https:\\\/\\\/www.itakaescolapios.org\\\/en\\\/2019\\\/08\\\/se-amplia-la-escuela-de-abobo-en-yaunde\\\/\",\"name\":\"SE AMPL\u00cdA LA ESCUELA DE ABOBO EN YAUND\u00c9 - Proofs in Itaka-Escolapios\",\"isPartOf\":{\"@id\":\"https:\\\/\\\/www.itakaescolapios.org\\\/es\\\/#website\"},\"primaryImageOfPage\":{\"@id\":\"https:\\\/\\\/www.itakaescolapios.org\\\/en\\\/2019\\\/08\\\/se-amplia-la-escuela-de-abobo-en-yaunde\\\/#primaryimage\"},\"image\":{\"@id\":\"https:\\\/\\\/www.itakaescolapios.org\\\/en\\\/2019\\\/08\\\/se-amplia-la-escuela-de-abobo-en-yaunde\\\/#primaryimage\"},\"thumbnailUrl\":\"https:\\\/\\\/www.itakaescolapios.org\\\/wp-content\\\/uploads\\\/2019\\\/08\\\/IMG-20190823-WA0003.jpg\",\"datePublished\":\"2019-08-25T11:06:28+00:00\",\"dateModified\":\"2023-11-28T11:36:44+00:00\",\"breadcrumb\":{\"@id\":\"https:\\\/\\\/www.itakaescolapios.org\\\/en\\\/2019\\\/08\\\/se-amplia-la-escuela-de-abobo-en-yaunde\\\/#breadcrumb\"},\"inLanguage\":\"en-US\",\"potentialAction\":[{\"@type\":\"ReadAction\",\"target\":[\"https:\\\/\\\/www.itakaescolapios.org\\\/en\\\/2019\\\/08\\\/se-amplia-la-escuela-de-abobo-en-yaunde\\\/\"]}]},{\"@type\":\"ImageObject\",\"inLanguage\":\"en-US\",\"@id\":\"https:\\\/\\\/www.itakaescolapios.org\\\/en\\\/2019\\\/08\\\/se-amplia-la-escuela-de-abobo-en-yaunde\\\/#primaryimage\",\"url\":\"https:\\\/\\\/www.itakaescolapios.org\\\/wp-content\\\/uploads\\\/2019\\\/08\\\/IMG-20190823-WA0003.jpg\",\"contentUrl\":\"https:\\\/\\\/www.itakaescolapios.org\\\/wp-content\\\/uploads\\\/2019\\\/08\\\/IMG-20190823-WA0003.jpg\",\"width\":780,\"height\":1040},{\"@type\":\"BreadcrumbList\",\"@id\":\"https:\\\/\\\/www.itakaescolapios.org\\\/en\\\/2019\\\/08\\\/se-amplia-la-escuela-de-abobo-en-yaunde\\\/#breadcrumb\",\"itemListElement\":[{\"@type\":\"ListItem\",\"position\":1,\"name\":\"Proof\",\"item\":\"https:\\\/\\\/www.itakaescolapios.org\\\/es\\\/\"},{\"@type\":\"ListItem\",\"position\":2,\"name\":\"SE AMPL\u00cdA LA ESCUELA DE ABOBO EN YAUND\u00c9\"}]},{\"@type\":\"WebSite\",\"@id\":\"https:\\\/\\\/www.itakaescolapios.org\\\/en\\\/es\\\/#website\",\"url\":\"https:\\\/\\\/www.itakaescolapios.org\\\/en\\\/es\\\/\",\"name\":\"Itaka-Escolapios\",\"description\":\"Red de Itaka-Escolapios\",\"publisher\":{\"@id\":\"https:\\\/\\\/www.itakaescolapios.org\\\/en\\\/es\\\/#organization\"},\"potentialAction\":[{\"@type\":\"SearchAction\",\"target\":{\"@type\":\"EntryPoint\",\"urlTemplate\":\"https:\\\/\\\/www.itakaescolapios.org\\\/en\\\/es\\\/?s={search_term_string}\"},\"query-input\":{\"@type\":\"PropertyValueSpecification\",\"valueRequired\":true,\"valueName\":\"search_term_string\"}}],\"inLanguage\":\"en-US\"},{\"@type\":\"Organization\",\"@id\":\"https:\\\/\\\/www.itakaescolapios.org\\\/en\\\/es\\\/#organization\",\"name\":\"Fundaci\u00f3 Itaka-Escolapios\",\"url\":\"https:\\\/\\\/www.itakaescolapios.org\\\/en\\\/es\\\/\",\"logo\":{\"@type\":\"ImageObject\",\"inLanguage\":\"en-US\",\"@id\":\"https:\\\/\\\/www.itakaescolapios.org\\\/en\\\/es\\\/#\\\/schema\\\/logo\\\/image\\\/\",\"url\":\"https:\\\/\\\/www.itakaescolapios.org\\\/wp-content\\\/uploads\\\/2024\\\/04\\\/Logo-itakaescolapios-peque.png\",\"contentUrl\":\"https:\\\/\\\/www.itakaescolapios.org\\\/wp-content\\\/uploads\\\/2024\\\/04\\\/Logo-itakaescolapios-peque.png\",\"width\":500,\"height\":199,\"caption\":\"Fundaci\u00f3 Itaka-Escolapios\"},\"image\":{\"@id\":\"https:\\\/\\\/www.itakaescolapios.org\\\/en\\\/es\\\/#\\\/schema\\\/logo\\\/image\\\/\"}},{\"@type\":\"Person\",\"@id\":\"https:\\\/\\\/www.itakaescolapios.org\\\/es\\\/#\\\/schema\\\/person\\\/670123daeb1cc31cae1b106740036ccb\",\"name\":\"itaka\",\"url\":\"https:\\\/\\\/www.itakaescolapios.org\\\/en\\\/author\\\/itaka\\\/\"}]}<\/script>\n<!-- \/ Yoast SEO plugin. -->","yoast_head_json":{"title":"SE AMPL\u00cdA LA ESCUELA DE ABOBO EN YAUND\u00c9","description":"El edificio para los m\u00e1s peque\u00f1os de la escuela de Abobo, en Yaund\u00e9 (Camer\u00fan) ya casi est\u00e1 construido.\u00a0 Es necesaria esta construcci\u00f3n para dar cabida a las muchas familias que lo piden, para mejor la buena labor que ya se realiza y para seguir posibilitando una buena experiencia para los j\u00f3venes religiosos que se est\u00e1n&hellip;","robots":{"index":"index","follow":"follow","max-snippet":"max-snippet:-1","max-image-preview":"max-image-preview:large","max-video-preview":"max-video-preview:-1"},"canonical":"El edificio para los m\u00e1s peque\u00f1os de la escuela de Abobo, en Yaund\u00e9 (Camer\u00fan) ya casi est\u00e1 construido.\u00a0 Es necesaria esta construcci\u00f3n para dar cabida a las muchas familias que lo piden, para mejor la buena labor que ya se realiza y para seguir posibilitando una buena experiencia para los j\u00f3venes religiosos que se est\u00e1n&hellip;","og_locale":"en_US","og_type":"article","og_title":"SE AMPL\u00cdA LA ESCUELA DE ABOBO EN YAUND\u00c9","og_description":"El edificio para los m\u00e1s peque\u00f1os de la escuela de Abobo, en Yaund\u00e9 (Camer\u00fan) ya casi est\u00e1 construido.\u00a0 Es necesaria esta construcci\u00f3n para dar cabida a las muchas familias que lo piden, para mejor la buena labor que ya se realiza y para seguir posibilitando una buena experiencia para los j\u00f3venes religiosos que se est\u00e1n&hellip;","og_url":"https:\/\/www.itakaescolapios.org\/en\/2019\/08\/se-amplia-la-escuela-de-abobo-en-yaunde\/","og_site_name":"Proofs in Itaka-Escolapios","article_published_time":"2019-08-25T11:06:28+00:00","article_modified_time":"2023-11-28T11:36:44+00:00","og_image":[{"width":780,"height":1040,"url":"https:\/\/www.itakaescolapios.org\/wp-content\/uploads\/2019\/08\/IMG-20190823-WA0003.jpg","type":"image\/jpeg"}],"author":"itaka","twitter_card":"summary_large_image","twitter_misc":{"Written by":"itaka"},"schema":{"@context":"https:\/\/schema.org","@graph":[{"@type":"Article","@id":"https:\/\/www.itakaescolapios.org\/en\/2019\/08\/se-amplia-la-escuela-de-abobo-en-yaunde\/#article","isPartOf":{"@id":"https:\/\/www.itakaescolapios.org\/en\/2019\/08\/se-amplia-la-escuela-de-abobo-en-yaunde\/"},"author":{"name":"itaka","@id":"https:\/\/www.itakaescolapios.org\/es\/#\/schema\/person\/670123daeb1cc31cae1b106740036ccb"},"headline":"SE AMPL\u00cdA LA ESCUELA DE ABOBO EN YAUND\u00c9","datePublished":"2019-08-25T11:06:28+00:00","dateModified":"2023-11-28T11:36:44+00:00","mainEntityOfPage":{"@id":"https:\/\/www.itakaescolapios.org\/en\/2019\/08\/se-amplia-la-escuela-de-abobo-en-yaunde\/"},"wordCount":75,"publisher":{"@id":"https:\/\/www.itakaescolapios.org\/es\/#organization"},"image":{"@id":"https:\/\/www.itakaescolapios.org\/en\/2019\/08\/se-amplia-la-escuela-de-abobo-en-yaunde\/#primaryimage"},"thumbnailUrl":"https:\/\/www.itakaescolapios.org\/wp-content\/uploads\/2019\/08\/IMG-20190823-WA0003.jpg","articleSection":["Cameroon"],"inLanguage":"en-US"},{"@type":"WebPage","@id":"https:\/\/www.itakaescolapios.org\/en\/2019\/08\/se-amplia-la-escuela-de-abobo-en-yaunde\/","url":"https:\/\/www.itakaescolapios.org\/en\/2019\/08\/se-amplia-la-escuela-de-abobo-en-yaunde\/","name":"SE AMPL\u00cdA LA ESCUELA DE ABOBO EN YAUND\u00c9 - Proofs in Itaka-Escolapios","isPartOf":{"@id":"https:\/\/www.itakaescolapios.org\/es\/#website"},"primaryImageOfPage":{"@id":"https:\/\/www.itakaescolapios.org\/en\/2019\/08\/se-amplia-la-escuela-de-abobo-en-yaunde\/#primaryimage"},"image":{"@id":"https:\/\/www.itakaescolapios.org\/en\/2019\/08\/se-amplia-la-escuela-de-abobo-en-yaunde\/#primaryimage"},"thumbnailUrl":"https:\/\/www.itakaescolapios.org\/wp-content\/uploads\/2019\/08\/IMG-20190823-WA0003.jpg","datePublished":"2019-08-25T11:06:28+00:00","dateModified":"2023-11-28T11:36:44+00:00","breadcrumb":{"@id":"https:\/\/www.itakaescolapios.org\/en\/2019\/08\/se-amplia-la-escuela-de-abobo-en-yaunde\/#breadcrumb"},"inLanguage":"en-US","potentialAction":[{"@type":"ReadAction","target":["https:\/\/www.itakaescolapios.org\/en\/2019\/08\/se-amplia-la-escuela-de-abobo-en-yaunde\/"]}]},{"@type":"ImageObject","inLanguage":"en-US","@id":"https:\/\/www.itakaescolapios.org\/en\/2019\/08\/se-amplia-la-escuela-de-abobo-en-yaunde\/#primaryimage","url":"https:\/\/www.itakaescolapios.org\/wp-content\/uploads\/2019\/08\/IMG-20190823-WA0003.jpg","contentUrl":"https:\/\/www.itakaescolapios.org\/wp-content\/uploads\/2019\/08\/IMG-20190823-WA0003.jpg","width":780,"height":1040},{"@type":"BreadcrumbList","@id":"https:\/\/www.itakaescolapios.org\/en\/2019\/08\/se-amplia-la-escuela-de-abobo-en-yaunde\/#breadcrumb","itemListElement":[{"@type":"ListItem","position":1,"name":"Proof","item":"https:\/\/www.itakaescolapios.org\/es\/"},{"@type":"ListItem","position":2,"name":"SE AMPL\u00cdA LA ESCUELA DE ABOBO EN YAUND\u00c9"}]},{"@type":"WebSite","@id":"https:\/\/www.itakaescolapios.org\/en\/es\/#website","url":"https:\/\/www.itakaescolapios.org\/en\/es\/","name":"Itaka-Escolapios","description":"Red de Itaka-Escolapios","publisher":{"@id":"https:\/\/www.itakaescolapios.org\/en\/es\/#organization"},"potentialAction":[{"@type":"SearchAction","target":{"@type":"EntryPoint","urlTemplate":"https:\/\/www.itakaescolapios.org\/en\/es\/?s={search_term_string}"},"query-input":{"@type":"PropertyValueSpecification","valueRequired":true,"valueName":"search_term_string"}}],"inLanguage":"en-US"},{"@type":"Organization","@id":"https:\/\/www.itakaescolapios.org\/en\/es\/#organization","name":"Fundaci\u00f3 Itaka-Escolapios","url":"https:\/\/www.itakaescolapios.org\/en\/es\/","logo":{"@type":"ImageObject","inLanguage":"en-US","@id":"https:\/\/www.itakaescolapios.org\/en\/es\/#\/schema\/logo\/image\/","url":"https:\/\/www.itakaescolapios.org\/wp-content\/uploads\/2024\/04\/Logo-itakaescolapios-peque.png","contentUrl":"https:\/\/www.itakaescolapios.org\/wp-content\/uploads\/2024\/04\/Logo-itakaescolapios-peque.png","width":500,"height":199,"caption":"Fundaci\u00f3 Itaka-Escolapios"},"image":{"@id":"https:\/\/www.itakaescolapios.org\/en\/es\/#\/schema\/logo\/image\/"}},{"@type":"Person","@id":"https:\/\/www.itakaescolapios.org\/es\/#\/schema\/person\/670123daeb1cc31cae1b106740036ccb","name":"itaka","url":"https:\/\/www.itakaescolapios.org\/en\/author\/itaka\/"}]}},"_links":{"self":[{"href":"https:\/\/www.itakaescolapios.org\/en\/wp-json\/wp\/v2\/posts\/28149","targetHints":{"allow":["GET"]}}],"collection":[{"href":"https:\/\/www.itakaescolapios.org\/en\/wp-json\/wp\/v2\/posts"}],"about":[{"href":"https:\/\/www.itakaescolapios.org\/en\/wp-json\/wp\/v2\/types\/post"}],"author":[{"embeddable":true,"href":"https:\/\/www.itakaescolapios.org\/en\/wp-json\/wp\/v2\/users\/4"}],"replies":[{"embeddable":true,"href":"https:\/\/www.itakaescolapios.org\/en\/wp-json\/wp\/v2\/comments?post=28149"}],"version-history":[{"count":4,"href":"https:\/\/www.itakaescolapios.org\/en\/wp-json\/wp\/v2\/posts\/28149\/revisions"}],"predecessor-version":[{"id":45517,"href":"https:\/\/www.itakaescolapios.org\/en\/wp-json\/wp\/v2\/posts\/28149\/revisions\/45517"}],"wp:featuredmedia":[{"embeddable":true,"href":"https:\/\/www.itakaescolapios.org\/en\/wp-json\/wp\/v2\/media\/28153"}],"wp:attachment":[{"href":"https:\/\/www.itakaescolapios.org\/en\/wp-json\/wp\/v2\/media?parent=28149"}],"wp:term":[{"taxonomy":"category","embeddable":true,"href":"https:\/\/www.itakaescolapios.org\/en\/wp-json\/wp\/v2\/categories?post=28149"},{"taxonomy":"post_tag","embeddable":true,"href":"https:\/\/www.itakaescolapios.org\/en\/wp-json\/wp\/v2\/tags?post=28149"}],"curies":[{"name":"wp","href":"https:\/\/api.w.org\/{rel}","templated":true}]}}