{"id":2892,"date":"2012-06-11T12:18:24","date_gmt":"2012-06-11T11:18:24","guid":{"rendered":"https:\/\/www.itakaescolapios.org\/?p=2892"},"modified":"2023-11-28T12:39:42","modified_gmt":"2023-11-28T11:39:42","slug":"fiesta-solidaridad-2012","status":"publish","type":"post","link":"https:\/\/www.itakaescolapios.org\/en\/2012\/06\/fiesta-solidaridad-2012\/","title":{"rendered":"FIESTA SOLIDARIDAD 2012"},"content":{"rendered":"<p>El pasado viernes d\u00eda 8 de junio tuvo lugar en el colegio de C\u00f3rdoba la FIESTA DE LA SOLIDARIDAD 2012 en la que cientos de corazones participamos con un objetivo com\u00fan, seguir MULTIPLICANDO la VIDA de los que m\u00e1s lo necesitan, este a\u00f1o en concreto con el proyecto que la FUNDACI\u00d3N tiene en Brasil. Fue un gran d\u00eda de convivencia de todos los que formamos LA COMUNIDAD ESCOLAPIA DE C\u00d3RDOBA, padres, madres, alumnos\/as, abuelos, primos, amigos&#8230; En la fiesta hubo de todo: actuaciones de los alumnos\/as (con todo el arte del mundo), la tradicional t\u00f3mbola que fue todo un \u00e9xito, la venta de productos de ARESO (artesan\u00eda escolapia solidaria), concurso de sevillanas, comida, bebida, m\u00fasica, baile y, como novedad de este a\u00f1o, dos castillos inflables que hicieron las delicias de los m\u00e1s peque\u00f1os. No nos podemos olvidar que todo esto ha sido posible gracias al trabajo y esfuerzo de todos los voluntarios: profesores, catequistas, miembros del MC C\u00f3rdoba, familiares&#8230; Deseando que esos corazones solidarios no se apaguen nunca os decimos: GRACIAS A TODOS!!!<\/p>\n","protected":false},"excerpt":{"rendered":"<p>El pasado viernes d\u00eda 8 de junio tuvo lugar en el colegio de C\u00f3rdoba la FIESTA DE LA SOLIDARIDAD 2012 en la que cientos de corazones participamos con un objetivo [&hellip;]<\/p>\n","protected":false},"author":3,"featured_media":2893,"comment_status":"closed","ping_status":"closed","sticky":false,"template":"","format":"standard","meta":{"_et_pb_use_builder":"","_et_pb_old_content":"","_et_gb_content_width":"","footnotes":""},"categories":[18],"tags":[],"class_list":["post-2892","post","type-post","status-publish","format-standard","has-post-thumbnail","hentry","category-cordoba"],"yoast_head":"<!-- This site is optimized with the Yoast SEO plugin v27.4 - https:\/\/yoast.com\/product\/yoast-seo-wordpress\/ -->\n<title>FIESTA SOLIDARIDAD 2012<\/title>\n<meta name=\"description\" content=\"El pasado viernes d\u00eda 8 de junio tuvo lugar en el colegio de C\u00f3rdoba la FIESTA DE LA SOLIDARIDAD 2012 en la que cientos de corazones participamos con un objetivo com\u00fan, seguir MULTIPLICANDO la VIDA de los que m\u00e1s lo necesitan, este a\u00f1o en concreto con el proyecto que la FUNDACI\u00d3N tiene en Brasil. Fue&hellip;\" \/>\n<meta name=\"robots\" content=\"index, follow, max-snippet:-1, max-image-preview:large, max-video-preview:-1\" \/>\n<link rel=\"canonical\" href=\"http:\/\/El%20pasado%20viernes%20d\u00eda%208%20de%20junio%20tuvo%20lugar%20en%20el%20colegio%20de%20C\u00f3rdoba%20la%20FIESTA%20DE%20LA%20SOLIDARIDAD%202012%20en%20la%20que%20cientos%20de%20corazones%20participamos%20con%20un%20objetivo%20com\u00fan,%20seguir%20MULTIPLICANDO%20la%20VIDA%20de%20los%20que%20m\u00e1s%20lo%20necesitan,%20este%20a\u00f1o%20en%20concreto%20con%20el%20proyecto%20que%20la%20FUNDACI\u00d3N%20tiene%20en%20Brasil.%20Fue&hellip;\" \/>\n<meta property=\"og:locale\" content=\"en_US\" \/>\n<meta property=\"og:type\" content=\"article\" \/>\n<meta property=\"og:title\" content=\"FIESTA SOLIDARIDAD 2012\" \/>\n<meta property=\"og:description\" content=\"El pasado viernes d\u00eda 8 de junio tuvo lugar en el colegio de C\u00f3rdoba la FIESTA DE LA SOLIDARIDAD 2012 en la que cientos de corazones participamos con un objetivo com\u00fan, seguir MULTIPLICANDO la VIDA de los que m\u00e1s lo necesitan, este a\u00f1o en concreto con el proyecto que la FUNDACI\u00d3N tiene en Brasil. Fue&hellip;\" \/>\n<meta property=\"og:url\" content=\"https:\/\/www.itakaescolapios.org\/en\/2012\/06\/fiesta-solidaridad-2012\/\" \/>\n<meta property=\"og:site_name\" content=\"Proofs in Itaka-Escolapios\" \/>\n<meta property=\"article:published_time\" content=\"2012-06-11T11:18:24+00:00\" \/>\n<meta property=\"article:modified_time\" content=\"2023-11-28T11:39:42+00:00\" \/>\n<meta property=\"og:image\" content=\"https:\/\/www.itakaescolapios.org\/wp-content\/uploads\/2012\/09\/FIESTA-SOLIDARIDAD.jpg\" \/>\n\t<meta property=\"og:image:width\" content=\"800\" \/>\n\t<meta property=\"og:image:height\" content=\"597\" \/>\n\t<meta property=\"og:image:type\" content=\"image\/jpeg\" \/>\n<meta name=\"author\" content=\"Bilbao\" \/>\n<meta name=\"twitter:card\" content=\"summary_large_image\" \/>\n<meta name=\"twitter:label1\" content=\"Written by\" \/>\n\t<meta name=\"twitter:data1\" content=\"Bilbao\" \/>\n\t<meta name=\"twitter:label2\" content=\"Est. reading time\" \/>\n\t<meta name=\"twitter:data2\" content=\"1 minute\" \/>\n<script type=\"application\/ld+json\" class=\"yoast-schema-graph\">{\"@context\":\"https:\\\/\\\/schema.org\",\"@graph\":[{\"@type\":\"Article\",\"@id\":\"https:\\\/\\\/www.itakaescolapios.org\\\/en\\\/2012\\\/06\\\/fiesta-solidaridad-2012\\\/#article\",\"isPartOf\":{\"@id\":\"https:\\\/\\\/www.itakaescolapios.org\\\/en\\\/2012\\\/06\\\/fiesta-solidaridad-2012\\\/\"},\"author\":{\"name\":\"Bilbao\",\"@id\":\"https:\\\/\\\/www.itakaescolapios.org\\\/es\\\/#\\\/schema\\\/person\\\/d5b530ea20cbfbbd734611b2591f590c\"},\"headline\":\"FIESTA SOLIDARIDAD 2012\",\"datePublished\":\"2012-06-11T11:18:24+00:00\",\"dateModified\":\"2023-11-28T11:39:42+00:00\",\"mainEntityOfPage\":{\"@id\":\"https:\\\/\\\/www.itakaescolapios.org\\\/en\\\/2012\\\/06\\\/fiesta-solidaridad-2012\\\/\"},\"wordCount\":190,\"publisher\":{\"@id\":\"https:\\\/\\\/www.itakaescolapios.org\\\/es\\\/#organization\"},\"image\":{\"@id\":\"https:\\\/\\\/www.itakaescolapios.org\\\/en\\\/2012\\\/06\\\/fiesta-solidaridad-2012\\\/#primaryimage\"},\"thumbnailUrl\":\"https:\\\/\\\/www.itakaescolapios.org\\\/wp-content\\\/uploads\\\/2012\\\/09\\\/FIESTA-SOLIDARIDAD.jpg\",\"articleSection\":[\"C\u00f3rdoba\"],\"inLanguage\":\"en-US\"},{\"@type\":\"WebPage\",\"@id\":\"https:\\\/\\\/www.itakaescolapios.org\\\/en\\\/2012\\\/06\\\/fiesta-solidaridad-2012\\\/\",\"url\":\"https:\\\/\\\/www.itakaescolapios.org\\\/en\\\/2012\\\/06\\\/fiesta-solidaridad-2012\\\/\",\"name\":\"FIESTA SOLIDARIDAD 2012 - Proofs in Itaka-Escolapios\",\"isPartOf\":{\"@id\":\"https:\\\/\\\/www.itakaescolapios.org\\\/es\\\/#website\"},\"primaryImageOfPage\":{\"@id\":\"https:\\\/\\\/www.itakaescolapios.org\\\/en\\\/2012\\\/06\\\/fiesta-solidaridad-2012\\\/#primaryimage\"},\"image\":{\"@id\":\"https:\\\/\\\/www.itakaescolapios.org\\\/en\\\/2012\\\/06\\\/fiesta-solidaridad-2012\\\/#primaryimage\"},\"thumbnailUrl\":\"https:\\\/\\\/www.itakaescolapios.org\\\/wp-content\\\/uploads\\\/2012\\\/09\\\/FIESTA-SOLIDARIDAD.jpg\",\"datePublished\":\"2012-06-11T11:18:24+00:00\",\"dateModified\":\"2023-11-28T11:39:42+00:00\",\"breadcrumb\":{\"@id\":\"https:\\\/\\\/www.itakaescolapios.org\\\/en\\\/2012\\\/06\\\/fiesta-solidaridad-2012\\\/#breadcrumb\"},\"inLanguage\":\"en-US\",\"potentialAction\":[{\"@type\":\"ReadAction\",\"target\":[\"https:\\\/\\\/www.itakaescolapios.org\\\/en\\\/2012\\\/06\\\/fiesta-solidaridad-2012\\\/\"]}]},{\"@type\":\"ImageObject\",\"inLanguage\":\"en-US\",\"@id\":\"https:\\\/\\\/www.itakaescolapios.org\\\/en\\\/2012\\\/06\\\/fiesta-solidaridad-2012\\\/#primaryimage\",\"url\":\"https:\\\/\\\/www.itakaescolapios.org\\\/wp-content\\\/uploads\\\/2012\\\/09\\\/FIESTA-SOLIDARIDAD.jpg\",\"contentUrl\":\"https:\\\/\\\/www.itakaescolapios.org\\\/wp-content\\\/uploads\\\/2012\\\/09\\\/FIESTA-SOLIDARIDAD.jpg\",\"width\":\"800\",\"height\":\"597\"},{\"@type\":\"BreadcrumbList\",\"@id\":\"https:\\\/\\\/www.itakaescolapios.org\\\/en\\\/2012\\\/06\\\/fiesta-solidaridad-2012\\\/#breadcrumb\",\"itemListElement\":[{\"@type\":\"ListItem\",\"position\":1,\"name\":\"Proof\",\"item\":\"https:\\\/\\\/www.itakaescolapios.org\\\/es\\\/\"},{\"@type\":\"ListItem\",\"position\":2,\"name\":\"FIESTA SOLIDARIDAD 2012\"}]},{\"@type\":\"WebSite\",\"@id\":\"https:\\\/\\\/www.itakaescolapios.org\\\/en\\\/es\\\/#website\",\"url\":\"https:\\\/\\\/www.itakaescolapios.org\\\/en\\\/es\\\/\",\"name\":\"Itaka-Escolapios\",\"description\":\"Red de Itaka-Escolapios\",\"publisher\":{\"@id\":\"https:\\\/\\\/www.itakaescolapios.org\\\/en\\\/es\\\/#organization\"},\"potentialAction\":[{\"@type\":\"SearchAction\",\"target\":{\"@type\":\"EntryPoint\",\"urlTemplate\":\"https:\\\/\\\/www.itakaescolapios.org\\\/en\\\/es\\\/?s={search_term_string}\"},\"query-input\":{\"@type\":\"PropertyValueSpecification\",\"valueRequired\":true,\"valueName\":\"search_term_string\"}}],\"inLanguage\":\"en-US\"},{\"@type\":\"Organization\",\"@id\":\"https:\\\/\\\/www.itakaescolapios.org\\\/en\\\/es\\\/#organization\",\"name\":\"Fundaci\u00f3 Itaka-Escolapios\",\"url\":\"https:\\\/\\\/www.itakaescolapios.org\\\/en\\\/es\\\/\",\"logo\":{\"@type\":\"ImageObject\",\"inLanguage\":\"en-US\",\"@id\":\"https:\\\/\\\/www.itakaescolapios.org\\\/en\\\/es\\\/#\\\/schema\\\/logo\\\/image\\\/\",\"url\":\"https:\\\/\\\/www.itakaescolapios.org\\\/wp-content\\\/uploads\\\/2024\\\/04\\\/Logo-itakaescolapios-peque.png\",\"contentUrl\":\"https:\\\/\\\/www.itakaescolapios.org\\\/wp-content\\\/uploads\\\/2024\\\/04\\\/Logo-itakaescolapios-peque.png\",\"width\":500,\"height\":199,\"caption\":\"Fundaci\u00f3 Itaka-Escolapios\"},\"image\":{\"@id\":\"https:\\\/\\\/www.itakaescolapios.org\\\/en\\\/es\\\/#\\\/schema\\\/logo\\\/image\\\/\"}},{\"@type\":\"Person\",\"@id\":\"https:\\\/\\\/www.itakaescolapios.org\\\/es\\\/#\\\/schema\\\/person\\\/d5b530ea20cbfbbd734611b2591f590c\",\"name\":\"Bilbao\",\"url\":\"https:\\\/\\\/www.itakaescolapios.org\\\/en\\\/author\\\/bilbao\\\/\"}]}<\/script>\n<!-- \/ Yoast SEO plugin. -->","yoast_head_json":{"title":"FIESTA SOLIDARIDAD 2012","description":"El pasado viernes d\u00eda 8 de junio tuvo lugar en el colegio de C\u00f3rdoba la FIESTA DE LA SOLIDARIDAD 2012 en la que cientos de corazones participamos con un objetivo com\u00fan, seguir MULTIPLICANDO la VIDA de los que m\u00e1s lo necesitan, este a\u00f1o en concreto con el proyecto que la FUNDACI\u00d3N tiene en Brasil. Fue&hellip;","robots":{"index":"index","follow":"follow","max-snippet":"max-snippet:-1","max-image-preview":"max-image-preview:large","max-video-preview":"max-video-preview:-1"},"canonical":"El pasado viernes d\u00eda 8 de junio tuvo lugar en el colegio de C\u00f3rdoba la FIESTA DE LA SOLIDARIDAD 2012 en la que cientos de corazones participamos con un objetivo com\u00fan, seguir MULTIPLICANDO la VIDA de los que m\u00e1s lo necesitan, este a\u00f1o en concreto con el proyecto que la FUNDACI\u00d3N tiene en Brasil. Fue&hellip;","og_locale":"en_US","og_type":"article","og_title":"FIESTA SOLIDARIDAD 2012","og_description":"El pasado viernes d\u00eda 8 de junio tuvo lugar en el colegio de C\u00f3rdoba la FIESTA DE LA SOLIDARIDAD 2012 en la que cientos de corazones participamos con un objetivo com\u00fan, seguir MULTIPLICANDO la VIDA de los que m\u00e1s lo necesitan, este a\u00f1o en concreto con el proyecto que la FUNDACI\u00d3N tiene en Brasil. Fue&hellip;","og_url":"https:\/\/www.itakaescolapios.org\/en\/2012\/06\/fiesta-solidaridad-2012\/","og_site_name":"Proofs in Itaka-Escolapios","article_published_time":"2012-06-11T11:18:24+00:00","article_modified_time":"2023-11-28T11:39:42+00:00","og_image":[{"width":800,"height":597,"url":"https:\/\/www.itakaescolapios.org\/wp-content\/uploads\/2012\/09\/FIESTA-SOLIDARIDAD.jpg","type":"image\/jpeg"}],"author":"Bilbao","twitter_card":"summary_large_image","twitter_misc":{"Written by":"Bilbao","Est. reading time":"1 minute"},"schema":{"@context":"https:\/\/schema.org","@graph":[{"@type":"Article","@id":"https:\/\/www.itakaescolapios.org\/en\/2012\/06\/fiesta-solidaridad-2012\/#article","isPartOf":{"@id":"https:\/\/www.itakaescolapios.org\/en\/2012\/06\/fiesta-solidaridad-2012\/"},"author":{"name":"Bilbao","@id":"https:\/\/www.itakaescolapios.org\/es\/#\/schema\/person\/d5b530ea20cbfbbd734611b2591f590c"},"headline":"FIESTA SOLIDARIDAD 2012","datePublished":"2012-06-11T11:18:24+00:00","dateModified":"2023-11-28T11:39:42+00:00","mainEntityOfPage":{"@id":"https:\/\/www.itakaescolapios.org\/en\/2012\/06\/fiesta-solidaridad-2012\/"},"wordCount":190,"publisher":{"@id":"https:\/\/www.itakaescolapios.org\/es\/#organization"},"image":{"@id":"https:\/\/www.itakaescolapios.org\/en\/2012\/06\/fiesta-solidaridad-2012\/#primaryimage"},"thumbnailUrl":"https:\/\/www.itakaescolapios.org\/wp-content\/uploads\/2012\/09\/FIESTA-SOLIDARIDAD.jpg","articleSection":["C\u00f3rdoba"],"inLanguage":"en-US"},{"@type":"WebPage","@id":"https:\/\/www.itakaescolapios.org\/en\/2012\/06\/fiesta-solidaridad-2012\/","url":"https:\/\/www.itakaescolapios.org\/en\/2012\/06\/fiesta-solidaridad-2012\/","name":"FIESTA SOLIDARIDAD 2012 - Proofs in Itaka-Escolapios","isPartOf":{"@id":"https:\/\/www.itakaescolapios.org\/es\/#website"},"primaryImageOfPage":{"@id":"https:\/\/www.itakaescolapios.org\/en\/2012\/06\/fiesta-solidaridad-2012\/#primaryimage"},"image":{"@id":"https:\/\/www.itakaescolapios.org\/en\/2012\/06\/fiesta-solidaridad-2012\/#primaryimage"},"thumbnailUrl":"https:\/\/www.itakaescolapios.org\/wp-content\/uploads\/2012\/09\/FIESTA-SOLIDARIDAD.jpg","datePublished":"2012-06-11T11:18:24+00:00","dateModified":"2023-11-28T11:39:42+00:00","breadcrumb":{"@id":"https:\/\/www.itakaescolapios.org\/en\/2012\/06\/fiesta-solidaridad-2012\/#breadcrumb"},"inLanguage":"en-US","potentialAction":[{"@type":"ReadAction","target":["https:\/\/www.itakaescolapios.org\/en\/2012\/06\/fiesta-solidaridad-2012\/"]}]},{"@type":"ImageObject","inLanguage":"en-US","@id":"https:\/\/www.itakaescolapios.org\/en\/2012\/06\/fiesta-solidaridad-2012\/#primaryimage","url":"https:\/\/www.itakaescolapios.org\/wp-content\/uploads\/2012\/09\/FIESTA-SOLIDARIDAD.jpg","contentUrl":"https:\/\/www.itakaescolapios.org\/wp-content\/uploads\/2012\/09\/FIESTA-SOLIDARIDAD.jpg","width":"800","height":"597"},{"@type":"BreadcrumbList","@id":"https:\/\/www.itakaescolapios.org\/en\/2012\/06\/fiesta-solidaridad-2012\/#breadcrumb","itemListElement":[{"@type":"ListItem","position":1,"name":"Proof","item":"https:\/\/www.itakaescolapios.org\/es\/"},{"@type":"ListItem","position":2,"name":"FIESTA SOLIDARIDAD 2012"}]},{"@type":"WebSite","@id":"https:\/\/www.itakaescolapios.org\/en\/es\/#website","url":"https:\/\/www.itakaescolapios.org\/en\/es\/","name":"Itaka-Escolapios","description":"Red de Itaka-Escolapios","publisher":{"@id":"https:\/\/www.itakaescolapios.org\/en\/es\/#organization"},"potentialAction":[{"@type":"SearchAction","target":{"@type":"EntryPoint","urlTemplate":"https:\/\/www.itakaescolapios.org\/en\/es\/?s={search_term_string}"},"query-input":{"@type":"PropertyValueSpecification","valueRequired":true,"valueName":"search_term_string"}}],"inLanguage":"en-US"},{"@type":"Organization","@id":"https:\/\/www.itakaescolapios.org\/en\/es\/#organization","name":"Fundaci\u00f3 Itaka-Escolapios","url":"https:\/\/www.itakaescolapios.org\/en\/es\/","logo":{"@type":"ImageObject","inLanguage":"en-US","@id":"https:\/\/www.itakaescolapios.org\/en\/es\/#\/schema\/logo\/image\/","url":"https:\/\/www.itakaescolapios.org\/wp-content\/uploads\/2024\/04\/Logo-itakaescolapios-peque.png","contentUrl":"https:\/\/www.itakaescolapios.org\/wp-content\/uploads\/2024\/04\/Logo-itakaescolapios-peque.png","width":500,"height":199,"caption":"Fundaci\u00f3 Itaka-Escolapios"},"image":{"@id":"https:\/\/www.itakaescolapios.org\/en\/es\/#\/schema\/logo\/image\/"}},{"@type":"Person","@id":"https:\/\/www.itakaescolapios.org\/es\/#\/schema\/person\/d5b530ea20cbfbbd734611b2591f590c","name":"Bilbao","url":"https:\/\/www.itakaescolapios.org\/en\/author\/bilbao\/"}]}},"_links":{"self":[{"href":"https:\/\/www.itakaescolapios.org\/en\/wp-json\/wp\/v2\/posts\/2892","targetHints":{"allow":["GET"]}}],"collection":[{"href":"https:\/\/www.itakaescolapios.org\/en\/wp-json\/wp\/v2\/posts"}],"about":[{"href":"https:\/\/www.itakaescolapios.org\/en\/wp-json\/wp\/v2\/types\/post"}],"author":[{"embeddable":true,"href":"https:\/\/www.itakaescolapios.org\/en\/wp-json\/wp\/v2\/users\/3"}],"replies":[{"embeddable":true,"href":"https:\/\/www.itakaescolapios.org\/en\/wp-json\/wp\/v2\/comments?post=2892"}],"version-history":[{"count":4,"href":"https:\/\/www.itakaescolapios.org\/en\/wp-json\/wp\/v2\/posts\/2892\/revisions"}],"predecessor-version":[{"id":50137,"href":"https:\/\/www.itakaescolapios.org\/en\/wp-json\/wp\/v2\/posts\/2892\/revisions\/50137"}],"wp:featuredmedia":[{"embeddable":true,"href":"https:\/\/www.itakaescolapios.org\/en\/wp-json\/wp\/v2\/media\/2893"}],"wp:attachment":[{"href":"https:\/\/www.itakaescolapios.org\/en\/wp-json\/wp\/v2\/media?parent=2892"}],"wp:term":[{"taxonomy":"category","embeddable":true,"href":"https:\/\/www.itakaescolapios.org\/en\/wp-json\/wp\/v2\/categories?post=2892"},{"taxonomy":"post_tag","embeddable":true,"href":"https:\/\/www.itakaescolapios.org\/en\/wp-json\/wp\/v2\/tags?post=2892"}],"curies":[{"name":"wp","href":"https:\/\/api.w.org\/{rel}","templated":true}]}}