{"id":29496,"date":"2019-12-18T12:50:50","date_gmt":"2019-12-18T11:50:50","guid":{"rendered":"https:\/\/www.itakaescolapios.org\/?p=29496"},"modified":"2023-11-28T12:36:34","modified_gmt":"2023-11-28T11:36:34","slug":"18-de-diciembre-dia-internacional-de-las-personas-migrantes","status":"publish","type":"post","link":"https:\/\/www.itakaescolapios.org\/en\/2019\/12\/18-de-diciembre-dia-internacional-de-las-personas-migrantes\/","title":{"rendered":"18 DE DICIEMBRE: D\u00cdA INTERNACIONAL DE LAS PERSONAS MIGRANTES"},"content":{"rendered":"<p>Nadie deber\u00eda tener que abandonar su hogar o su familia a causa de la guerra, el hambre, la sequ\u00eda o cualquier otra raz\u00f3n. A su vez, a todos los seres humanos nos asiste el derecho a elegir el lugar donde queremos desarrollar nuestra vida y, en cualquier caso, todas las personas somos titulares del derecho a una igual protecci\u00f3n de todos nuestros derechos, estemos donde estemos.<br \/>\nEn Itaka-Escolapios, comprometidas en la defensa de todos los derechos de todas las personas, dedicamos gran parte de nuestros esfuerzos a la cooperaci\u00f3n internacional y al apoyo de las comunidades en sus lugares de origen. Asimismo, estamos convencidas de que la acogida de las personas que, por cualquier raz\u00f3n, se ven obligadas a migrar a otros pa\u00edses, adem\u00e1s de ser de estricta justicia, es una condici\u00f3n de posibilidad para llevar adelante proyectos educativos y pastorales desde el Evangelio de Jes\u00fas.<br \/>\nCuando cada vez se escuchan m\u00e1s argumentos en contra de las personas migrantes, siempre contra las personas migrantes pobres, por cierto, es m\u00e1s necesario que nunca mostrar el rostro humano de nuestras sociedades y tender la mano a quienes solo piden una oportunidad para recomenzar sus vidas y poder ofrecer lo mejor de sus talentos.<br \/>\nDesde Itaka-Escolapios nos comprometemos a seguir profundizando en nuestros programas de acogida, alfabetizaci\u00f3n, acompa\u00f1amiento y apoyo de las personas migrantes, as\u00ed como a crecer en sensibilidad respecto a todo lo que nos aportan y sentirlas parte importante de nuestra organizaci\u00f3n.<\/p>\n\n\t\t<style type=\"text\/css\">\n\t\t\t#gallery-1 {\n\t\t\t\tmargin: auto;\n\t\t\t}\n\t\t\t#gallery-1 .gallery-item {\n\t\t\t\tfloat: left;\n\t\t\t\tmargin-top: 10px;\n\t\t\t\ttext-align: center;\n\t\t\t\twidth: 33%;\n\t\t\t}\n\t\t\t#gallery-1 img {\n\t\t\t\tborder: 2px solid #cfcfcf;\n\t\t\t}\n\t\t\t#gallery-1 .gallery-caption {\n\t\t\t\tmargin-left: 0;\n\t\t\t}\n\t\t\t\/* see gallery_shortcode() in wp-includes\/media.php *\/\n\t\t<\/style>\n\t\t<div id='gallery-1' class='gallery galleryid-29496 gallery-columns-3 gallery-size-thumbnail'><dl class='gallery-item'>\n\t\t\t<dt class='gallery-icon portrait'>\n\t\t\t\t<a href='https:\/\/www.itakaescolapios.org\/en\/2019\/12\/18-de-diciembre-dia-internacional-de-las-personas-migrantes\/18d-esp-eusk\/'><img decoding=\"async\" width=\"90\" height=\"90\" src=\"https:\/\/www.itakaescolapios.org\/wp-content\/uploads\/2019\/12\/18D-ESP-EUSK-90x90.jpg\" class=\"attachment-thumbnail size-thumbnail\" alt=\"\" \/><\/a>\n\t\t\t<\/dt><\/dl><dl class='gallery-item'>\n\t\t\t<dt class='gallery-icon landscape'>\n\t\t\t\t<a href='https:\/\/www.itakaescolapios.org\/en\/2019\/12\/18-de-diciembre-dia-internacional-de-las-personas-migrantes\/18d-red-itaka\/'><img decoding=\"async\" width=\"90\" height=\"90\" src=\"https:\/\/www.itakaescolapios.org\/wp-content\/uploads\/2019\/12\/18D-RED-ITAKA-90x90.jpg\" class=\"attachment-thumbnail size-thumbnail\" alt=\"\" \/><\/a>\n\t\t\t<\/dt><\/dl>\n\t\t\t<br style='clear: both' \/>\n\t\t<\/div>\n\n","protected":false},"excerpt":{"rendered":"<p>Nadie deber\u00eda tener que abandonar su hogar o su familia a causa de la guerra, el hambre, la sequ\u00eda o cualquier otra raz\u00f3n. A su vez, a todos los seres [&hellip;]<\/p>\n","protected":false},"author":4,"featured_media":29497,"comment_status":"closed","ping_status":"closed","sticky":false,"template":"","format":"standard","meta":{"_et_pb_use_builder":"","_et_pb_old_content":"","_et_gb_content_width":"","footnotes":""},"categories":[30],"tags":[],"class_list":["post-29496","post","type-post","status-publish","format-standard","has-post-thumbnail","hentry","category-itaka-escolapios"],"yoast_head":"<!-- This site is optimized with the Yoast SEO plugin v27.4 - https:\/\/yoast.com\/product\/yoast-seo-wordpress\/ -->\n<title>18 DE DICIEMBRE: D\u00cdA INTERNACIONAL DE LAS PERSONAS MIGRANTES<\/title>\n<meta name=\"description\" content=\"Nadie deber\u00eda tener que abandonar su hogar o su familia a causa de la guerra, el hambre, la sequ\u00eda o cualquier otra raz\u00f3n. A su vez, a todos los seres humanos nos asiste el derecho a elegir el lugar donde queremos desarrollar nuestra vida y, en cualquier caso, todas las personas somos titulares del derecho&hellip;\" \/>\n<meta name=\"robots\" content=\"index, follow, max-snippet:-1, max-image-preview:large, max-video-preview:-1\" \/>\n<link rel=\"canonical\" href=\"http:\/\/Nadie%20deber\u00eda%20tener%20que%20abandonar%20su%20hogar%20o%20su%20familia%20a%20causa%20de%20la%20guerra,%20el%20hambre,%20la%20sequ\u00eda%20o%20cualquier%20otra%20raz\u00f3n.%20A%20su%20vez,%20a%20todos%20los%20seres%20humanos%20nos%20asiste%20el%20derecho%20a%20elegir%20el%20lugar%20donde%20queremos%20desarrollar%20nuestra%20vida%20y,%20en%20cualquier%20caso,%20todas%20las%20personas%20somos%20titulares%20del%20derecho&hellip;\" \/>\n<meta property=\"og:locale\" content=\"en_US\" \/>\n<meta property=\"og:type\" content=\"article\" \/>\n<meta property=\"og:title\" content=\"18 DE DICIEMBRE: D\u00cdA INTERNACIONAL DE LAS PERSONAS MIGRANTES\" \/>\n<meta property=\"og:description\" content=\"Nadie deber\u00eda tener que abandonar su hogar o su familia a causa de la guerra, el hambre, la sequ\u00eda o cualquier otra raz\u00f3n. A su vez, a todos los seres humanos nos asiste el derecho a elegir el lugar donde queremos desarrollar nuestra vida y, en cualquier caso, todas las personas somos titulares del derecho&hellip;\" \/>\n<meta property=\"og:url\" content=\"https:\/\/www.itakaescolapios.org\/en\/2019\/12\/18-de-diciembre-dia-internacional-de-las-personas-migrantes\/\" \/>\n<meta property=\"og:site_name\" content=\"Proofs in Itaka-Escolapios\" \/>\n<meta property=\"article:published_time\" content=\"2019-12-18T11:50:50+00:00\" \/>\n<meta property=\"article:modified_time\" content=\"2023-11-28T11:36:34+00:00\" \/>\n<meta property=\"og:image\" content=\"https:\/\/www.itakaescolapios.org\/wp-content\/uploads\/2019\/12\/18D-RED-ITAKA.jpg\" \/>\n\t<meta property=\"og:image:width\" content=\"1890\" \/>\n\t<meta property=\"og:image:height\" content=\"1276\" \/>\n\t<meta property=\"og:image:type\" content=\"image\/jpeg\" \/>\n<meta name=\"author\" content=\"itaka\" \/>\n<meta name=\"twitter:card\" content=\"summary_large_image\" \/>\n<meta name=\"twitter:label1\" content=\"Written by\" \/>\n\t<meta name=\"twitter:data1\" content=\"itaka\" \/>\n\t<meta name=\"twitter:label2\" content=\"Est. reading time\" \/>\n\t<meta name=\"twitter:data2\" content=\"1 minute\" \/>\n<script type=\"application\/ld+json\" class=\"yoast-schema-graph\">{\"@context\":\"https:\\\/\\\/schema.org\",\"@graph\":[{\"@type\":\"Article\",\"@id\":\"https:\\\/\\\/www.itakaescolapios.org\\\/en\\\/2019\\\/12\\\/18-de-diciembre-dia-internacional-de-las-personas-migrantes\\\/#article\",\"isPartOf\":{\"@id\":\"https:\\\/\\\/www.itakaescolapios.org\\\/en\\\/2019\\\/12\\\/18-de-diciembre-dia-internacional-de-las-personas-migrantes\\\/\"},\"author\":{\"name\":\"itaka\",\"@id\":\"https:\\\/\\\/www.itakaescolapios.org\\\/es\\\/#\\\/schema\\\/person\\\/670123daeb1cc31cae1b106740036ccb\"},\"headline\":\"18 DE DICIEMBRE: D\u00cdA INTERNACIONAL DE LAS PERSONAS MIGRANTES\",\"datePublished\":\"2019-12-18T11:50:50+00:00\",\"dateModified\":\"2023-11-28T11:36:34+00:00\",\"mainEntityOfPage\":{\"@id\":\"https:\\\/\\\/www.itakaescolapios.org\\\/en\\\/2019\\\/12\\\/18-de-diciembre-dia-internacional-de-las-personas-migrantes\\\/\"},\"wordCount\":267,\"publisher\":{\"@id\":\"https:\\\/\\\/www.itakaescolapios.org\\\/es\\\/#organization\"},\"image\":{\"@id\":\"https:\\\/\\\/www.itakaescolapios.org\\\/en\\\/2019\\\/12\\\/18-de-diciembre-dia-internacional-de-las-personas-migrantes\\\/#primaryimage\"},\"thumbnailUrl\":\"https:\\\/\\\/www.itakaescolapios.org\\\/wp-content\\\/uploads\\\/2019\\\/12\\\/18D-RED-ITAKA.jpg\",\"articleSection\":[\"Itaka Escolapios\"],\"inLanguage\":\"en-US\"},{\"@type\":\"WebPage\",\"@id\":\"https:\\\/\\\/www.itakaescolapios.org\\\/en\\\/2019\\\/12\\\/18-de-diciembre-dia-internacional-de-las-personas-migrantes\\\/\",\"url\":\"https:\\\/\\\/www.itakaescolapios.org\\\/en\\\/2019\\\/12\\\/18-de-diciembre-dia-internacional-de-las-personas-migrantes\\\/\",\"name\":\"18 DE DICIEMBRE: D\u00cdA INTERNACIONAL DE LAS PERSONAS MIGRANTES - Proofs in Itaka-Escolapios\",\"isPartOf\":{\"@id\":\"https:\\\/\\\/www.itakaescolapios.org\\\/es\\\/#website\"},\"primaryImageOfPage\":{\"@id\":\"https:\\\/\\\/www.itakaescolapios.org\\\/en\\\/2019\\\/12\\\/18-de-diciembre-dia-internacional-de-las-personas-migrantes\\\/#primaryimage\"},\"image\":{\"@id\":\"https:\\\/\\\/www.itakaescolapios.org\\\/en\\\/2019\\\/12\\\/18-de-diciembre-dia-internacional-de-las-personas-migrantes\\\/#primaryimage\"},\"thumbnailUrl\":\"https:\\\/\\\/www.itakaescolapios.org\\\/wp-content\\\/uploads\\\/2019\\\/12\\\/18D-RED-ITAKA.jpg\",\"datePublished\":\"2019-12-18T11:50:50+00:00\",\"dateModified\":\"2023-11-28T11:36:34+00:00\",\"breadcrumb\":{\"@id\":\"https:\\\/\\\/www.itakaescolapios.org\\\/en\\\/2019\\\/12\\\/18-de-diciembre-dia-internacional-de-las-personas-migrantes\\\/#breadcrumb\"},\"inLanguage\":\"en-US\",\"potentialAction\":[{\"@type\":\"ReadAction\",\"target\":[\"https:\\\/\\\/www.itakaescolapios.org\\\/en\\\/2019\\\/12\\\/18-de-diciembre-dia-internacional-de-las-personas-migrantes\\\/\"]}]},{\"@type\":\"ImageObject\",\"inLanguage\":\"en-US\",\"@id\":\"https:\\\/\\\/www.itakaescolapios.org\\\/en\\\/2019\\\/12\\\/18-de-diciembre-dia-internacional-de-las-personas-migrantes\\\/#primaryimage\",\"url\":\"https:\\\/\\\/www.itakaescolapios.org\\\/wp-content\\\/uploads\\\/2019\\\/12\\\/18D-RED-ITAKA.jpg\",\"contentUrl\":\"https:\\\/\\\/www.itakaescolapios.org\\\/wp-content\\\/uploads\\\/2019\\\/12\\\/18D-RED-ITAKA.jpg\",\"width\":1890,\"height\":1276},{\"@type\":\"BreadcrumbList\",\"@id\":\"https:\\\/\\\/www.itakaescolapios.org\\\/en\\\/2019\\\/12\\\/18-de-diciembre-dia-internacional-de-las-personas-migrantes\\\/#breadcrumb\",\"itemListElement\":[{\"@type\":\"ListItem\",\"position\":1,\"name\":\"Proof\",\"item\":\"https:\\\/\\\/www.itakaescolapios.org\\\/es\\\/\"},{\"@type\":\"ListItem\",\"position\":2,\"name\":\"18 DE DICIEMBRE: D\u00cdA INTERNACIONAL DE LAS PERSONAS MIGRANTES\"}]},{\"@type\":\"WebSite\",\"@id\":\"https:\\\/\\\/www.itakaescolapios.org\\\/en\\\/es\\\/#website\",\"url\":\"https:\\\/\\\/www.itakaescolapios.org\\\/en\\\/es\\\/\",\"name\":\"Itaka-Escolapios\",\"description\":\"Red de Itaka-Escolapios\",\"publisher\":{\"@id\":\"https:\\\/\\\/www.itakaescolapios.org\\\/en\\\/es\\\/#organization\"},\"potentialAction\":[{\"@type\":\"SearchAction\",\"target\":{\"@type\":\"EntryPoint\",\"urlTemplate\":\"https:\\\/\\\/www.itakaescolapios.org\\\/en\\\/es\\\/?s={search_term_string}\"},\"query-input\":{\"@type\":\"PropertyValueSpecification\",\"valueRequired\":true,\"valueName\":\"search_term_string\"}}],\"inLanguage\":\"en-US\"},{\"@type\":\"Organization\",\"@id\":\"https:\\\/\\\/www.itakaescolapios.org\\\/en\\\/es\\\/#organization\",\"name\":\"Fundaci\u00f3 Itaka-Escolapios\",\"url\":\"https:\\\/\\\/www.itakaescolapios.org\\\/en\\\/es\\\/\",\"logo\":{\"@type\":\"ImageObject\",\"inLanguage\":\"en-US\",\"@id\":\"https:\\\/\\\/www.itakaescolapios.org\\\/en\\\/es\\\/#\\\/schema\\\/logo\\\/image\\\/\",\"url\":\"https:\\\/\\\/www.itakaescolapios.org\\\/wp-content\\\/uploads\\\/2024\\\/04\\\/Logo-itakaescolapios-peque.png\",\"contentUrl\":\"https:\\\/\\\/www.itakaescolapios.org\\\/wp-content\\\/uploads\\\/2024\\\/04\\\/Logo-itakaescolapios-peque.png\",\"width\":500,\"height\":199,\"caption\":\"Fundaci\u00f3 Itaka-Escolapios\"},\"image\":{\"@id\":\"https:\\\/\\\/www.itakaescolapios.org\\\/en\\\/es\\\/#\\\/schema\\\/logo\\\/image\\\/\"}},{\"@type\":\"Person\",\"@id\":\"https:\\\/\\\/www.itakaescolapios.org\\\/es\\\/#\\\/schema\\\/person\\\/670123daeb1cc31cae1b106740036ccb\",\"name\":\"itaka\",\"url\":\"https:\\\/\\\/www.itakaescolapios.org\\\/en\\\/author\\\/itaka\\\/\"}]}<\/script>\n<!-- \/ Yoast SEO plugin. -->","yoast_head_json":{"title":"18 DE DICIEMBRE: D\u00cdA INTERNACIONAL DE LAS PERSONAS MIGRANTES","description":"Nadie deber\u00eda tener que abandonar su hogar o su familia a causa de la guerra, el hambre, la sequ\u00eda o cualquier otra raz\u00f3n. A su vez, a todos los seres humanos nos asiste el derecho a elegir el lugar donde queremos desarrollar nuestra vida y, en cualquier caso, todas las personas somos titulares del derecho&hellip;","robots":{"index":"index","follow":"follow","max-snippet":"max-snippet:-1","max-image-preview":"max-image-preview:large","max-video-preview":"max-video-preview:-1"},"canonical":"Nadie deber\u00eda tener que abandonar su hogar o su familia a causa de la guerra, el hambre, la sequ\u00eda o cualquier otra raz\u00f3n. A su vez, a todos los seres humanos nos asiste el derecho a elegir el lugar donde queremos desarrollar nuestra vida y, en cualquier caso, todas las personas somos titulares del derecho&hellip;","og_locale":"en_US","og_type":"article","og_title":"18 DE DICIEMBRE: D\u00cdA INTERNACIONAL DE LAS PERSONAS MIGRANTES","og_description":"Nadie deber\u00eda tener que abandonar su hogar o su familia a causa de la guerra, el hambre, la sequ\u00eda o cualquier otra raz\u00f3n. A su vez, a todos los seres humanos nos asiste el derecho a elegir el lugar donde queremos desarrollar nuestra vida y, en cualquier caso, todas las personas somos titulares del derecho&hellip;","og_url":"https:\/\/www.itakaescolapios.org\/en\/2019\/12\/18-de-diciembre-dia-internacional-de-las-personas-migrantes\/","og_site_name":"Proofs in Itaka-Escolapios","article_published_time":"2019-12-18T11:50:50+00:00","article_modified_time":"2023-11-28T11:36:34+00:00","og_image":[{"width":1890,"height":1276,"url":"https:\/\/www.itakaescolapios.org\/wp-content\/uploads\/2019\/12\/18D-RED-ITAKA.jpg","type":"image\/jpeg"}],"author":"itaka","twitter_card":"summary_large_image","twitter_misc":{"Written by":"itaka","Est. reading time":"1 minute"},"schema":{"@context":"https:\/\/schema.org","@graph":[{"@type":"Article","@id":"https:\/\/www.itakaescolapios.org\/en\/2019\/12\/18-de-diciembre-dia-internacional-de-las-personas-migrantes\/#article","isPartOf":{"@id":"https:\/\/www.itakaescolapios.org\/en\/2019\/12\/18-de-diciembre-dia-internacional-de-las-personas-migrantes\/"},"author":{"name":"itaka","@id":"https:\/\/www.itakaescolapios.org\/es\/#\/schema\/person\/670123daeb1cc31cae1b106740036ccb"},"headline":"18 DE DICIEMBRE: D\u00cdA INTERNACIONAL DE LAS PERSONAS MIGRANTES","datePublished":"2019-12-18T11:50:50+00:00","dateModified":"2023-11-28T11:36:34+00:00","mainEntityOfPage":{"@id":"https:\/\/www.itakaescolapios.org\/en\/2019\/12\/18-de-diciembre-dia-internacional-de-las-personas-migrantes\/"},"wordCount":267,"publisher":{"@id":"https:\/\/www.itakaescolapios.org\/es\/#organization"},"image":{"@id":"https:\/\/www.itakaescolapios.org\/en\/2019\/12\/18-de-diciembre-dia-internacional-de-las-personas-migrantes\/#primaryimage"},"thumbnailUrl":"https:\/\/www.itakaescolapios.org\/wp-content\/uploads\/2019\/12\/18D-RED-ITAKA.jpg","articleSection":["Itaka Escolapios"],"inLanguage":"en-US"},{"@type":"WebPage","@id":"https:\/\/www.itakaescolapios.org\/en\/2019\/12\/18-de-diciembre-dia-internacional-de-las-personas-migrantes\/","url":"https:\/\/www.itakaescolapios.org\/en\/2019\/12\/18-de-diciembre-dia-internacional-de-las-personas-migrantes\/","name":"18 DE DICIEMBRE: D\u00cdA INTERNACIONAL DE LAS PERSONAS MIGRANTES - Proofs in Itaka-Escolapios","isPartOf":{"@id":"https:\/\/www.itakaescolapios.org\/es\/#website"},"primaryImageOfPage":{"@id":"https:\/\/www.itakaescolapios.org\/en\/2019\/12\/18-de-diciembre-dia-internacional-de-las-personas-migrantes\/#primaryimage"},"image":{"@id":"https:\/\/www.itakaescolapios.org\/en\/2019\/12\/18-de-diciembre-dia-internacional-de-las-personas-migrantes\/#primaryimage"},"thumbnailUrl":"https:\/\/www.itakaescolapios.org\/wp-content\/uploads\/2019\/12\/18D-RED-ITAKA.jpg","datePublished":"2019-12-18T11:50:50+00:00","dateModified":"2023-11-28T11:36:34+00:00","breadcrumb":{"@id":"https:\/\/www.itakaescolapios.org\/en\/2019\/12\/18-de-diciembre-dia-internacional-de-las-personas-migrantes\/#breadcrumb"},"inLanguage":"en-US","potentialAction":[{"@type":"ReadAction","target":["https:\/\/www.itakaescolapios.org\/en\/2019\/12\/18-de-diciembre-dia-internacional-de-las-personas-migrantes\/"]}]},{"@type":"ImageObject","inLanguage":"en-US","@id":"https:\/\/www.itakaescolapios.org\/en\/2019\/12\/18-de-diciembre-dia-internacional-de-las-personas-migrantes\/#primaryimage","url":"https:\/\/www.itakaescolapios.org\/wp-content\/uploads\/2019\/12\/18D-RED-ITAKA.jpg","contentUrl":"https:\/\/www.itakaescolapios.org\/wp-content\/uploads\/2019\/12\/18D-RED-ITAKA.jpg","width":1890,"height":1276},{"@type":"BreadcrumbList","@id":"https:\/\/www.itakaescolapios.org\/en\/2019\/12\/18-de-diciembre-dia-internacional-de-las-personas-migrantes\/#breadcrumb","itemListElement":[{"@type":"ListItem","position":1,"name":"Proof","item":"https:\/\/www.itakaescolapios.org\/es\/"},{"@type":"ListItem","position":2,"name":"18 DE DICIEMBRE: D\u00cdA INTERNACIONAL DE LAS PERSONAS MIGRANTES"}]},{"@type":"WebSite","@id":"https:\/\/www.itakaescolapios.org\/en\/es\/#website","url":"https:\/\/www.itakaescolapios.org\/en\/es\/","name":"Itaka-Escolapios","description":"Red de Itaka-Escolapios","publisher":{"@id":"https:\/\/www.itakaescolapios.org\/en\/es\/#organization"},"potentialAction":[{"@type":"SearchAction","target":{"@type":"EntryPoint","urlTemplate":"https:\/\/www.itakaescolapios.org\/en\/es\/?s={search_term_string}"},"query-input":{"@type":"PropertyValueSpecification","valueRequired":true,"valueName":"search_term_string"}}],"inLanguage":"en-US"},{"@type":"Organization","@id":"https:\/\/www.itakaescolapios.org\/en\/es\/#organization","name":"Fundaci\u00f3 Itaka-Escolapios","url":"https:\/\/www.itakaescolapios.org\/en\/es\/","logo":{"@type":"ImageObject","inLanguage":"en-US","@id":"https:\/\/www.itakaescolapios.org\/en\/es\/#\/schema\/logo\/image\/","url":"https:\/\/www.itakaescolapios.org\/wp-content\/uploads\/2024\/04\/Logo-itakaescolapios-peque.png","contentUrl":"https:\/\/www.itakaescolapios.org\/wp-content\/uploads\/2024\/04\/Logo-itakaescolapios-peque.png","width":500,"height":199,"caption":"Fundaci\u00f3 Itaka-Escolapios"},"image":{"@id":"https:\/\/www.itakaescolapios.org\/en\/es\/#\/schema\/logo\/image\/"}},{"@type":"Person","@id":"https:\/\/www.itakaescolapios.org\/es\/#\/schema\/person\/670123daeb1cc31cae1b106740036ccb","name":"itaka","url":"https:\/\/www.itakaescolapios.org\/en\/author\/itaka\/"}]}},"_links":{"self":[{"href":"https:\/\/www.itakaescolapios.org\/en\/wp-json\/wp\/v2\/posts\/29496","targetHints":{"allow":["GET"]}}],"collection":[{"href":"https:\/\/www.itakaescolapios.org\/en\/wp-json\/wp\/v2\/posts"}],"about":[{"href":"https:\/\/www.itakaescolapios.org\/en\/wp-json\/wp\/v2\/types\/post"}],"author":[{"embeddable":true,"href":"https:\/\/www.itakaescolapios.org\/en\/wp-json\/wp\/v2\/users\/4"}],"replies":[{"embeddable":true,"href":"https:\/\/www.itakaescolapios.org\/en\/wp-json\/wp\/v2\/comments?post=29496"}],"version-history":[{"count":3,"href":"https:\/\/www.itakaescolapios.org\/en\/wp-json\/wp\/v2\/posts\/29496\/revisions"}],"predecessor-version":[{"id":45236,"href":"https:\/\/www.itakaescolapios.org\/en\/wp-json\/wp\/v2\/posts\/29496\/revisions\/45236"}],"wp:featuredmedia":[{"embeddable":true,"href":"https:\/\/www.itakaescolapios.org\/en\/wp-json\/wp\/v2\/media\/29497"}],"wp:attachment":[{"href":"https:\/\/www.itakaescolapios.org\/en\/wp-json\/wp\/v2\/media?parent=29496"}],"wp:term":[{"taxonomy":"category","embeddable":true,"href":"https:\/\/www.itakaescolapios.org\/en\/wp-json\/wp\/v2\/categories?post=29496"},{"taxonomy":"post_tag","embeddable":true,"href":"https:\/\/www.itakaescolapios.org\/en\/wp-json\/wp\/v2\/tags?post=29496"}],"curies":[{"name":"wp","href":"https:\/\/api.w.org\/{rel}","templated":true}]}}