{"id":30108,"date":"2020-02-26T12:51:56","date_gmt":"2020-02-26T11:51:56","guid":{"rendered":"https:\/\/www.itakaescolapios.org\/?p=30108"},"modified":"2023-11-28T12:36:28","modified_gmt":"2023-11-28T11:36:28","slug":"fin-de-semana-de-formacion-en-valencia","status":"publish","type":"post","link":"https:\/\/www.itakaescolapios.org\/en\/2020\/02\/fin-de-semana-de-formacion-en-valencia\/","title":{"rendered":"FIN DE SEMANA DE FORMACI\u00d3N EN VALENCIA"},"content":{"rendered":"<p>El fin de semana del 15 y 16 de febrero celebramos en N\u00e1quera (Valencia) un encuentro formativo de voluntariado, donde los y las asistentes disfrutamos de diversas charlas y formaciones para aprender y volver a encontrarse.<\/p>\n<p>El s\u00e1bado 15 por la ma\u00f1ana Elena, del proyecto Desconectando nos dio una charla sobre el Aprendizaje basado en juegos; c\u00f3mo los juegos de mesa ayudan a los ni\u00f1os a concentrarse, a mejorar su memoria, a resolver problemas matem\u00e1ticos, elaborar estrategias y tomar decisiones. En resumen, una buena opci\u00f3n para utilizar en el refuerzo educativo que hacemos en nuestros proyectos y trabajar conceptos de manera l\u00fadica. Una charla muy interesante y entretenida, adem\u00e1s antes de acabar, pusimos en pr\u00e1ctica varios juegos.<\/p>\n<p>Por la tarde tuvimos una formaci\u00f3n con Ester Moll\u00e1, trabajadora social que nos explic\u00f3 c\u00f3mo comportarnos con los ni\u00f1os y ni\u00f1as, y ser figura de autoridad frente a ellos y ellas en el punto adecuado; acabamos la formaci\u00f3n hablando de c\u00f3mo nos sent\u00edamos y qu\u00e9 creemos que hacemos mal o bien cuando estamos con los y las menores. Nos ayud\u00f3 a darnos cuenta sobre nuestro comportamiento y c\u00f3mo poder mejorarlo.<\/p>\n<p>Para acabar el d\u00eda, Fer Garc\u00eda imparti\u00f3 una formaci\u00f3n sobre los tipos de voluntarios que existen a trav\u00e9s de diversos juegos din\u00e1micos para comprender y entender con cu\u00e1l de estos modelos de voluntariado nos identific\u00e1bamos y qu\u00e9 requisitos debe de tener un buen voluntario o voluntaria. Fue una formaci\u00f3n muy din\u00e1mica y divertida.<\/p>\n<p>A la ma\u00f1ana siguiente antes de marcharnos de N\u00e1quera, Javi Manche\u00f1o trat\u00f3 en una charla el tema de la educaci\u00f3n emocional, muy interesante y \u00fatil.<\/p>\n<p>Fue un encuentro para hablar de nuestras experiencias y formarse un poco m\u00e1s mientras disfrut\u00e1bamos\u00a0 y nos divert\u00edamos con otros voluntarios y voluntarias.<\/p>\n\n\t\t<style type=\"text\/css\">\n\t\t\t#gallery-1 {\n\t\t\t\tmargin: auto;\n\t\t\t}\n\t\t\t#gallery-1 .gallery-item {\n\t\t\t\tfloat: left;\n\t\t\t\tmargin-top: 10px;\n\t\t\t\ttext-align: center;\n\t\t\t\twidth: 33%;\n\t\t\t}\n\t\t\t#gallery-1 img {\n\t\t\t\tborder: 2px solid #cfcfcf;\n\t\t\t}\n\t\t\t#gallery-1 .gallery-caption {\n\t\t\t\tmargin-left: 0;\n\t\t\t}\n\t\t\t\/* see gallery_shortcode() in wp-includes\/media.php *\/\n\t\t<\/style>\n\t\t<div id='gallery-1' class='gallery galleryid-30108 gallery-columns-3 gallery-size-thumbnail'><dl class='gallery-item'>\n\t\t\t<dt class='gallery-icon landscape'>\n\t\t\t\t<a href='https:\/\/www.itakaescolapios.org\/en\/2020\/02\/fin-de-semana-de-formacion-en-valencia\/img_20200215_110942\/'><img decoding=\"async\" width=\"90\" height=\"90\" src=\"https:\/\/www.itakaescolapios.org\/wp-content\/uploads\/2020\/02\/IMG_20200215_110942-90x90.jpg\" class=\"attachment-thumbnail size-thumbnail\" alt=\"\" \/><\/a>\n\t\t\t<\/dt><\/dl><dl class='gallery-item'>\n\t\t\t<dt class='gallery-icon landscape'>\n\t\t\t\t<a href='https:\/\/www.itakaescolapios.org\/en\/2020\/02\/fin-de-semana-de-formacion-en-valencia\/img_20200215_115834\/'><img decoding=\"async\" width=\"90\" height=\"90\" src=\"https:\/\/www.itakaescolapios.org\/wp-content\/uploads\/2020\/02\/IMG_20200215_115834-90x90.jpg\" class=\"attachment-thumbnail size-thumbnail\" alt=\"\" \/><\/a>\n\t\t\t<\/dt><\/dl><dl class='gallery-item'>\n\t\t\t<dt class='gallery-icon landscape'>\n\t\t\t\t<a href='https:\/\/www.itakaescolapios.org\/en\/2020\/02\/fin-de-semana-de-formacion-en-valencia\/img_20200215_140453\/'><img decoding=\"async\" width=\"90\" height=\"90\" src=\"https:\/\/www.itakaescolapios.org\/wp-content\/uploads\/2020\/02\/IMG_20200215_140453-90x90.jpg\" class=\"attachment-thumbnail size-thumbnail\" alt=\"\" \/><\/a>\n\t\t\t<\/dt><\/dl><br style=\"clear: both\" \/><dl class='gallery-item'>\n\t\t\t<dt class='gallery-icon landscape'>\n\t\t\t\t<a href='https:\/\/www.itakaescolapios.org\/en\/2020\/02\/fin-de-semana-de-formacion-en-valencia\/img_20200215_163014\/'><img decoding=\"async\" width=\"90\" height=\"90\" src=\"https:\/\/www.itakaescolapios.org\/wp-content\/uploads\/2020\/02\/IMG_20200215_163014-90x90.jpg\" class=\"attachment-thumbnail size-thumbnail\" alt=\"\" \/><\/a>\n\t\t\t<\/dt><\/dl><dl class='gallery-item'>\n\t\t\t<dt class='gallery-icon landscape'>\n\t\t\t\t<a href='https:\/\/www.itakaescolapios.org\/en\/2020\/02\/fin-de-semana-de-formacion-en-valencia\/img_20200215_173519\/'><img decoding=\"async\" width=\"90\" height=\"90\" src=\"https:\/\/www.itakaescolapios.org\/wp-content\/uploads\/2020\/02\/IMG_20200215_173519-90x90.jpg\" class=\"attachment-thumbnail size-thumbnail\" alt=\"\" \/><\/a>\n\t\t\t<\/dt><\/dl>\n\t\t\t<br style='clear: both' \/>\n\t\t<\/div>\n\n","protected":false},"excerpt":{"rendered":"<p>El fin de semana del 15 y 16 de febrero celebramos en N\u00e1quera (Valencia) un encuentro formativo de voluntariado, donde los y las asistentes disfrutamos de diversas charlas y formaciones [&hellip;]<\/p>\n","protected":false},"author":39,"featured_media":30116,"comment_status":"closed","ping_status":"closed","sticky":false,"template":"","format":"standard","meta":{"_et_pb_use_builder":"","_et_pb_old_content":"","_et_gb_content_width":"","footnotes":""},"categories":[12],"tags":[452,453,161,72,451,142],"class_list":["post-30108","post","type-post","status-publish","format-standard","has-post-thumbnail","hentry","category-valencia","tag-aprendizaje-basado-en-juegos","tag-educacion-emocional","tag-encuentro-formativo","tag-formacion","tag-naquera","tag-voluntariado"],"yoast_head":"<!-- This site is optimized with the Yoast SEO plugin v27.4 - https:\/\/yoast.com\/product\/yoast-seo-wordpress\/ -->\n<title>FIN DE SEMANA DE FORMACI\u00d3N EN VALENCIA<\/title>\n<meta name=\"description\" content=\"El fin de semana del 15 y 16 de febrero celebramos en N\u00e1quera (Valencia) un encuentro formativo de voluntariado, donde los y las asistentes disfrutamos de diversas charlas y formaciones para aprender y volver a encontrarse. El s\u00e1bado 15 por la ma\u00f1ana Elena, del proyecto Desconectando nos dio una charla sobre el Aprendizaje basado en&hellip;\" \/>\n<meta name=\"robots\" content=\"index, follow, max-snippet:-1, max-image-preview:large, max-video-preview:-1\" \/>\n<link rel=\"canonical\" href=\"http:\/\/El%20fin%20de%20semana%20del%2015%20y%2016%20de%20febrero%20celebramos%20en%20N\u00e1quera%20(Valencia)%20un%20encuentro%20formativo%20de%20voluntariado,%20donde%20los%20y%20las%20asistentes%20disfrutamos%20de%20diversas%20charlas%20y%20formaciones%20para%20aprender%20y%20volver%20a%20encontrarse.%20El%20s\u00e1bado%2015%20por%20la%20ma\u00f1ana%20Elena,%20del%20proyecto%20Desconectando%20nos%20dio%20una%20charla%20sobre%20el%20Aprendizaje%20basado%20en&hellip;\" \/>\n<meta property=\"og:locale\" content=\"en_US\" \/>\n<meta property=\"og:type\" content=\"article\" \/>\n<meta property=\"og:title\" content=\"FIN DE SEMANA DE FORMACI\u00d3N EN VALENCIA\" \/>\n<meta property=\"og:description\" content=\"El fin de semana del 15 y 16 de febrero celebramos en N\u00e1quera (Valencia) un encuentro formativo de voluntariado, donde los y las asistentes disfrutamos de diversas charlas y formaciones para aprender y volver a encontrarse. El s\u00e1bado 15 por la ma\u00f1ana Elena, del proyecto Desconectando nos dio una charla sobre el Aprendizaje basado en&hellip;\" \/>\n<meta property=\"og:url\" content=\"https:\/\/www.itakaescolapios.org\/en\/2020\/02\/fin-de-semana-de-formacion-en-valencia\/\" \/>\n<meta property=\"og:site_name\" content=\"Proofs in Itaka-Escolapios\" \/>\n<meta property=\"article:published_time\" content=\"2020-02-26T11:51:56+00:00\" \/>\n<meta property=\"article:modified_time\" content=\"2023-11-28T11:36:28+00:00\" \/>\n<meta property=\"og:image\" content=\"https:\/\/www.itakaescolapios.org\/wp-content\/uploads\/2020\/02\/b.jpg\" \/>\n\t<meta property=\"og:image:width\" content=\"563\" \/>\n\t<meta property=\"og:image:height\" content=\"562\" \/>\n\t<meta property=\"og:image:type\" content=\"image\/jpeg\" \/>\n<meta name=\"author\" content=\"valencia01\" \/>\n<meta name=\"twitter:card\" content=\"summary_large_image\" \/>\n<meta name=\"twitter:label1\" content=\"Written by\" \/>\n\t<meta name=\"twitter:data1\" content=\"valencia01\" \/>\n\t<meta name=\"twitter:label2\" content=\"Est. reading time\" \/>\n\t<meta name=\"twitter:data2\" content=\"2 minutes\" \/>\n<script type=\"application\/ld+json\" class=\"yoast-schema-graph\">{\"@context\":\"https:\\\/\\\/schema.org\",\"@graph\":[{\"@type\":\"Article\",\"@id\":\"https:\\\/\\\/www.itakaescolapios.org\\\/en\\\/2020\\\/02\\\/fin-de-semana-de-formacion-en-valencia\\\/#article\",\"isPartOf\":{\"@id\":\"https:\\\/\\\/www.itakaescolapios.org\\\/en\\\/2020\\\/02\\\/fin-de-semana-de-formacion-en-valencia\\\/\"},\"author\":{\"name\":\"valencia01\",\"@id\":\"https:\\\/\\\/www.itakaescolapios.org\\\/es\\\/#\\\/schema\\\/person\\\/c232ccaa2b3f2e98db93c1f8dfca96ff\"},\"headline\":\"FIN DE SEMANA DE FORMACI\u00d3N EN VALENCIA\",\"datePublished\":\"2020-02-26T11:51:56+00:00\",\"dateModified\":\"2023-11-28T11:36:28+00:00\",\"mainEntityOfPage\":{\"@id\":\"https:\\\/\\\/www.itakaescolapios.org\\\/en\\\/2020\\\/02\\\/fin-de-semana-de-formacion-en-valencia\\\/\"},\"wordCount\":329,\"publisher\":{\"@id\":\"https:\\\/\\\/www.itakaescolapios.org\\\/es\\\/#organization\"},\"image\":{\"@id\":\"https:\\\/\\\/www.itakaescolapios.org\\\/en\\\/2020\\\/02\\\/fin-de-semana-de-formacion-en-valencia\\\/#primaryimage\"},\"thumbnailUrl\":\"https:\\\/\\\/www.itakaescolapios.org\\\/wp-content\\\/uploads\\\/2020\\\/02\\\/b.jpg\",\"keywords\":[\"Aprendizaje basado en juegos\",\"educaci\u00f3n emocional\",\"Encuentro Formativo\",\"formaci\u00f3n\",\"N\u00e1quera\",\"voluntariado\"],\"articleSection\":[\"Valencia\"],\"inLanguage\":\"en-US\"},{\"@type\":\"WebPage\",\"@id\":\"https:\\\/\\\/www.itakaescolapios.org\\\/en\\\/2020\\\/02\\\/fin-de-semana-de-formacion-en-valencia\\\/\",\"url\":\"https:\\\/\\\/www.itakaescolapios.org\\\/en\\\/2020\\\/02\\\/fin-de-semana-de-formacion-en-valencia\\\/\",\"name\":\"FIN DE SEMANA DE FORMACI\u00d3N EN VALENCIA - Proofs in Itaka-Escolapios\",\"isPartOf\":{\"@id\":\"https:\\\/\\\/www.itakaescolapios.org\\\/es\\\/#website\"},\"primaryImageOfPage\":{\"@id\":\"https:\\\/\\\/www.itakaescolapios.org\\\/en\\\/2020\\\/02\\\/fin-de-semana-de-formacion-en-valencia\\\/#primaryimage\"},\"image\":{\"@id\":\"https:\\\/\\\/www.itakaescolapios.org\\\/en\\\/2020\\\/02\\\/fin-de-semana-de-formacion-en-valencia\\\/#primaryimage\"},\"thumbnailUrl\":\"https:\\\/\\\/www.itakaescolapios.org\\\/wp-content\\\/uploads\\\/2020\\\/02\\\/b.jpg\",\"datePublished\":\"2020-02-26T11:51:56+00:00\",\"dateModified\":\"2023-11-28T11:36:28+00:00\",\"breadcrumb\":{\"@id\":\"https:\\\/\\\/www.itakaescolapios.org\\\/en\\\/2020\\\/02\\\/fin-de-semana-de-formacion-en-valencia\\\/#breadcrumb\"},\"inLanguage\":\"en-US\",\"potentialAction\":[{\"@type\":\"ReadAction\",\"target\":[\"https:\\\/\\\/www.itakaescolapios.org\\\/en\\\/2020\\\/02\\\/fin-de-semana-de-formacion-en-valencia\\\/\"]}]},{\"@type\":\"ImageObject\",\"inLanguage\":\"en-US\",\"@id\":\"https:\\\/\\\/www.itakaescolapios.org\\\/en\\\/2020\\\/02\\\/fin-de-semana-de-formacion-en-valencia\\\/#primaryimage\",\"url\":\"https:\\\/\\\/www.itakaescolapios.org\\\/wp-content\\\/uploads\\\/2020\\\/02\\\/b.jpg\",\"contentUrl\":\"https:\\\/\\\/www.itakaescolapios.org\\\/wp-content\\\/uploads\\\/2020\\\/02\\\/b.jpg\",\"width\":563,\"height\":562},{\"@type\":\"BreadcrumbList\",\"@id\":\"https:\\\/\\\/www.itakaescolapios.org\\\/en\\\/2020\\\/02\\\/fin-de-semana-de-formacion-en-valencia\\\/#breadcrumb\",\"itemListElement\":[{\"@type\":\"ListItem\",\"position\":1,\"name\":\"Proof\",\"item\":\"https:\\\/\\\/www.itakaescolapios.org\\\/es\\\/\"},{\"@type\":\"ListItem\",\"position\":2,\"name\":\"FIN DE SEMANA DE FORMACI\u00d3N EN VALENCIA\"}]},{\"@type\":\"WebSite\",\"@id\":\"https:\\\/\\\/www.itakaescolapios.org\\\/en\\\/es\\\/#website\",\"url\":\"https:\\\/\\\/www.itakaescolapios.org\\\/en\\\/es\\\/\",\"name\":\"Itaka-Escolapios\",\"description\":\"Red de Itaka-Escolapios\",\"publisher\":{\"@id\":\"https:\\\/\\\/www.itakaescolapios.org\\\/en\\\/es\\\/#organization\"},\"potentialAction\":[{\"@type\":\"SearchAction\",\"target\":{\"@type\":\"EntryPoint\",\"urlTemplate\":\"https:\\\/\\\/www.itakaescolapios.org\\\/en\\\/es\\\/?s={search_term_string}\"},\"query-input\":{\"@type\":\"PropertyValueSpecification\",\"valueRequired\":true,\"valueName\":\"search_term_string\"}}],\"inLanguage\":\"en-US\"},{\"@type\":\"Organization\",\"@id\":\"https:\\\/\\\/www.itakaescolapios.org\\\/en\\\/es\\\/#organization\",\"name\":\"Fundaci\u00f3 Itaka-Escolapios\",\"url\":\"https:\\\/\\\/www.itakaescolapios.org\\\/en\\\/es\\\/\",\"logo\":{\"@type\":\"ImageObject\",\"inLanguage\":\"en-US\",\"@id\":\"https:\\\/\\\/www.itakaescolapios.org\\\/en\\\/es\\\/#\\\/schema\\\/logo\\\/image\\\/\",\"url\":\"https:\\\/\\\/www.itakaescolapios.org\\\/wp-content\\\/uploads\\\/2024\\\/04\\\/Logo-itakaescolapios-peque.png\",\"contentUrl\":\"https:\\\/\\\/www.itakaescolapios.org\\\/wp-content\\\/uploads\\\/2024\\\/04\\\/Logo-itakaescolapios-peque.png\",\"width\":500,\"height\":199,\"caption\":\"Fundaci\u00f3 Itaka-Escolapios\"},\"image\":{\"@id\":\"https:\\\/\\\/www.itakaescolapios.org\\\/en\\\/es\\\/#\\\/schema\\\/logo\\\/image\\\/\"}},{\"@type\":\"Person\",\"@id\":\"https:\\\/\\\/www.itakaescolapios.org\\\/es\\\/#\\\/schema\\\/person\\\/c232ccaa2b3f2e98db93c1f8dfca96ff\",\"name\":\"valencia01\",\"url\":\"https:\\\/\\\/www.itakaescolapios.org\\\/en\\\/author\\\/valencia01\\\/\"}]}<\/script>\n<!-- \/ Yoast SEO plugin. -->","yoast_head_json":{"title":"FIN DE SEMANA DE FORMACI\u00d3N EN VALENCIA","description":"El fin de semana del 15 y 16 de febrero celebramos en N\u00e1quera (Valencia) un encuentro formativo de voluntariado, donde los y las asistentes disfrutamos de diversas charlas y formaciones para aprender y volver a encontrarse. El s\u00e1bado 15 por la ma\u00f1ana Elena, del proyecto Desconectando nos dio una charla sobre el Aprendizaje basado en&hellip;","robots":{"index":"index","follow":"follow","max-snippet":"max-snippet:-1","max-image-preview":"max-image-preview:large","max-video-preview":"max-video-preview:-1"},"canonical":"El fin de semana del 15 y 16 de febrero celebramos en N\u00e1quera (Valencia) un encuentro formativo de voluntariado, donde los y las asistentes disfrutamos de diversas charlas y formaciones para aprender y volver a encontrarse. El s\u00e1bado 15 por la ma\u00f1ana Elena, del proyecto Desconectando nos dio una charla sobre el Aprendizaje basado en&hellip;","og_locale":"en_US","og_type":"article","og_title":"FIN DE SEMANA DE FORMACI\u00d3N EN VALENCIA","og_description":"El fin de semana del 15 y 16 de febrero celebramos en N\u00e1quera (Valencia) un encuentro formativo de voluntariado, donde los y las asistentes disfrutamos de diversas charlas y formaciones para aprender y volver a encontrarse. El s\u00e1bado 15 por la ma\u00f1ana Elena, del proyecto Desconectando nos dio una charla sobre el Aprendizaje basado en&hellip;","og_url":"https:\/\/www.itakaescolapios.org\/en\/2020\/02\/fin-de-semana-de-formacion-en-valencia\/","og_site_name":"Proofs in Itaka-Escolapios","article_published_time":"2020-02-26T11:51:56+00:00","article_modified_time":"2023-11-28T11:36:28+00:00","og_image":[{"width":563,"height":562,"url":"https:\/\/www.itakaescolapios.org\/wp-content\/uploads\/2020\/02\/b.jpg","type":"image\/jpeg"}],"author":"valencia01","twitter_card":"summary_large_image","twitter_misc":{"Written by":"valencia01","Est. reading time":"2 minutes"},"schema":{"@context":"https:\/\/schema.org","@graph":[{"@type":"Article","@id":"https:\/\/www.itakaescolapios.org\/en\/2020\/02\/fin-de-semana-de-formacion-en-valencia\/#article","isPartOf":{"@id":"https:\/\/www.itakaescolapios.org\/en\/2020\/02\/fin-de-semana-de-formacion-en-valencia\/"},"author":{"name":"valencia01","@id":"https:\/\/www.itakaescolapios.org\/es\/#\/schema\/person\/c232ccaa2b3f2e98db93c1f8dfca96ff"},"headline":"FIN DE SEMANA DE FORMACI\u00d3N EN VALENCIA","datePublished":"2020-02-26T11:51:56+00:00","dateModified":"2023-11-28T11:36:28+00:00","mainEntityOfPage":{"@id":"https:\/\/www.itakaescolapios.org\/en\/2020\/02\/fin-de-semana-de-formacion-en-valencia\/"},"wordCount":329,"publisher":{"@id":"https:\/\/www.itakaescolapios.org\/es\/#organization"},"image":{"@id":"https:\/\/www.itakaescolapios.org\/en\/2020\/02\/fin-de-semana-de-formacion-en-valencia\/#primaryimage"},"thumbnailUrl":"https:\/\/www.itakaescolapios.org\/wp-content\/uploads\/2020\/02\/b.jpg","keywords":["Aprendizaje basado en juegos","educaci\u00f3n emocional","Encuentro Formativo","formaci\u00f3n","N\u00e1quera","voluntariado"],"articleSection":["Valencia"],"inLanguage":"en-US"},{"@type":"WebPage","@id":"https:\/\/www.itakaescolapios.org\/en\/2020\/02\/fin-de-semana-de-formacion-en-valencia\/","url":"https:\/\/www.itakaescolapios.org\/en\/2020\/02\/fin-de-semana-de-formacion-en-valencia\/","name":"FIN DE SEMANA DE FORMACI\u00d3N EN VALENCIA - Proofs in Itaka-Escolapios","isPartOf":{"@id":"https:\/\/www.itakaescolapios.org\/es\/#website"},"primaryImageOfPage":{"@id":"https:\/\/www.itakaescolapios.org\/en\/2020\/02\/fin-de-semana-de-formacion-en-valencia\/#primaryimage"},"image":{"@id":"https:\/\/www.itakaescolapios.org\/en\/2020\/02\/fin-de-semana-de-formacion-en-valencia\/#primaryimage"},"thumbnailUrl":"https:\/\/www.itakaescolapios.org\/wp-content\/uploads\/2020\/02\/b.jpg","datePublished":"2020-02-26T11:51:56+00:00","dateModified":"2023-11-28T11:36:28+00:00","breadcrumb":{"@id":"https:\/\/www.itakaescolapios.org\/en\/2020\/02\/fin-de-semana-de-formacion-en-valencia\/#breadcrumb"},"inLanguage":"en-US","potentialAction":[{"@type":"ReadAction","target":["https:\/\/www.itakaescolapios.org\/en\/2020\/02\/fin-de-semana-de-formacion-en-valencia\/"]}]},{"@type":"ImageObject","inLanguage":"en-US","@id":"https:\/\/www.itakaescolapios.org\/en\/2020\/02\/fin-de-semana-de-formacion-en-valencia\/#primaryimage","url":"https:\/\/www.itakaescolapios.org\/wp-content\/uploads\/2020\/02\/b.jpg","contentUrl":"https:\/\/www.itakaescolapios.org\/wp-content\/uploads\/2020\/02\/b.jpg","width":563,"height":562},{"@type":"BreadcrumbList","@id":"https:\/\/www.itakaescolapios.org\/en\/2020\/02\/fin-de-semana-de-formacion-en-valencia\/#breadcrumb","itemListElement":[{"@type":"ListItem","position":1,"name":"Proof","item":"https:\/\/www.itakaescolapios.org\/es\/"},{"@type":"ListItem","position":2,"name":"FIN DE SEMANA DE FORMACI\u00d3N EN VALENCIA"}]},{"@type":"WebSite","@id":"https:\/\/www.itakaescolapios.org\/en\/es\/#website","url":"https:\/\/www.itakaescolapios.org\/en\/es\/","name":"Itaka-Escolapios","description":"Red de Itaka-Escolapios","publisher":{"@id":"https:\/\/www.itakaescolapios.org\/en\/es\/#organization"},"potentialAction":[{"@type":"SearchAction","target":{"@type":"EntryPoint","urlTemplate":"https:\/\/www.itakaescolapios.org\/en\/es\/?s={search_term_string}"},"query-input":{"@type":"PropertyValueSpecification","valueRequired":true,"valueName":"search_term_string"}}],"inLanguage":"en-US"},{"@type":"Organization","@id":"https:\/\/www.itakaescolapios.org\/en\/es\/#organization","name":"Fundaci\u00f3 Itaka-Escolapios","url":"https:\/\/www.itakaescolapios.org\/en\/es\/","logo":{"@type":"ImageObject","inLanguage":"en-US","@id":"https:\/\/www.itakaescolapios.org\/en\/es\/#\/schema\/logo\/image\/","url":"https:\/\/www.itakaescolapios.org\/wp-content\/uploads\/2024\/04\/Logo-itakaescolapios-peque.png","contentUrl":"https:\/\/www.itakaescolapios.org\/wp-content\/uploads\/2024\/04\/Logo-itakaescolapios-peque.png","width":500,"height":199,"caption":"Fundaci\u00f3 Itaka-Escolapios"},"image":{"@id":"https:\/\/www.itakaescolapios.org\/en\/es\/#\/schema\/logo\/image\/"}},{"@type":"Person","@id":"https:\/\/www.itakaescolapios.org\/es\/#\/schema\/person\/c232ccaa2b3f2e98db93c1f8dfca96ff","name":"valencia01","url":"https:\/\/www.itakaescolapios.org\/en\/author\/valencia01\/"}]}},"_links":{"self":[{"href":"https:\/\/www.itakaescolapios.org\/en\/wp-json\/wp\/v2\/posts\/30108","targetHints":{"allow":["GET"]}}],"collection":[{"href":"https:\/\/www.itakaescolapios.org\/en\/wp-json\/wp\/v2\/posts"}],"about":[{"href":"https:\/\/www.itakaescolapios.org\/en\/wp-json\/wp\/v2\/types\/post"}],"author":[{"embeddable":true,"href":"https:\/\/www.itakaescolapios.org\/en\/wp-json\/wp\/v2\/users\/39"}],"replies":[{"embeddable":true,"href":"https:\/\/www.itakaescolapios.org\/en\/wp-json\/wp\/v2\/comments?post=30108"}],"version-history":[{"count":3,"href":"https:\/\/www.itakaescolapios.org\/en\/wp-json\/wp\/v2\/posts\/30108\/revisions"}],"predecessor-version":[{"id":45058,"href":"https:\/\/www.itakaescolapios.org\/en\/wp-json\/wp\/v2\/posts\/30108\/revisions\/45058"}],"wp:featuredmedia":[{"embeddable":true,"href":"https:\/\/www.itakaescolapios.org\/en\/wp-json\/wp\/v2\/media\/30116"}],"wp:attachment":[{"href":"https:\/\/www.itakaescolapios.org\/en\/wp-json\/wp\/v2\/media?parent=30108"}],"wp:term":[{"taxonomy":"category","embeddable":true,"href":"https:\/\/www.itakaescolapios.org\/en\/wp-json\/wp\/v2\/categories?post=30108"},{"taxonomy":"post_tag","embeddable":true,"href":"https:\/\/www.itakaescolapios.org\/en\/wp-json\/wp\/v2\/tags?post=30108"}],"curies":[{"name":"wp","href":"https:\/\/api.w.org\/{rel}","templated":true}]}}