{"id":30220,"date":"2020-03-09T09:39:35","date_gmt":"2020-03-09T08:39:35","guid":{"rendered":"https:\/\/www.itakaescolapios.org\/?p=30220"},"modified":"2023-11-28T12:36:27","modified_gmt":"2023-11-28T11:36:27","slug":"9-de-marzo-dia-del-voluntariado-en-itaka-escolapios-4","status":"publish","type":"post","link":"https:\/\/www.itakaescolapios.org\/en\/2020\/03\/9-de-marzo-dia-del-voluntariado-en-itaka-escolapios-4\/","title":{"rendered":"9 DE MARZO: D\u00cdA DEL VOLUNTARIADO EN ITAKA ESCOLAPIOS"},"content":{"rendered":"<p>A todos los voluntarios y voluntarias de la Red Itaka Escolapios<\/p>\n<p>El d\u00eda 9 de marzo de 2001 naci\u00f3 nuestra fundaci\u00f3n, fecha importante para todos nosotros. Nos parece acertada la elecci\u00f3n de este d\u00eda para celebrar el voluntariado, ya que la labor tan bella de transformar la sociedad a trav\u00e9s de la educaci\u00f3n no podr\u00eda llevarse a cabo sin la colaboraci\u00f3n de personas como ustedes.<\/p>\n<p>Queremos agradecer su disposici\u00f3n voluntaria para transformar tantas realidades necesitadas. A trav\u00e9s de los distintos testimonios que han compartido por las redes sociales nos damos cuenta del alcance de sus acciones y los significativo que est\u00e1 siendo. Los m\u00e1s peque\u00f1os y los m\u00e1s vulnerables sin duda lo agradecen, nosotros extendemos esta gratitud.<\/p>\n<p>Que el d\u00eda de hoy nos permita reflexionar sobre nuestra acci\u00f3n educativa, y al mismo tiempo, veamos que pasito a pasito vamos construyendo un mundo m\u00e1s justo y equitativo.<br \/>\nDesde lo profundo de nuestro coraz\u00f3n, gracias.<\/p>\n<p>Equipo de Voluntariado<br \/>\nRED ITAKA ESCOLAPIOS<\/p>\n","protected":false},"excerpt":{"rendered":"<p>A todos los voluntarios y voluntarias de la Red Itaka Escolapios El d\u00eda 9 de marzo de 2001 naci\u00f3 nuestra fundaci\u00f3n, fecha importante para todos nosotros. Nos parece acertada la [&hellip;]<\/p>\n","protected":false},"author":4,"featured_media":30221,"comment_status":"closed","ping_status":"closed","sticky":false,"template":"","format":"standard","meta":{"_et_pb_use_builder":"","_et_pb_old_content":"","_et_gb_content_width":"","footnotes":""},"categories":[30],"tags":[],"class_list":["post-30220","post","type-post","status-publish","format-standard","has-post-thumbnail","hentry","category-itaka-escolapios"],"yoast_head":"<!-- This site is optimized with the Yoast SEO plugin v27.4 - https:\/\/yoast.com\/product\/yoast-seo-wordpress\/ -->\n<title>9 DE MARZO: D\u00cdA DEL VOLUNTARIADO EN ITAKA ESCOLAPIOS<\/title>\n<meta name=\"description\" content=\"A todos los voluntarios y voluntarias de la Red Itaka Escolapios El d\u00eda 9 de marzo de 2001 naci\u00f3 nuestra fundaci\u00f3n, fecha importante para todos nosotros. Nos parece acertada la elecci\u00f3n de este d\u00eda para celebrar el voluntariado, ya que la labor tan bella de transformar la sociedad a trav\u00e9s de la educaci\u00f3n no podr\u00eda&hellip;\" \/>\n<meta name=\"robots\" content=\"index, follow, max-snippet:-1, max-image-preview:large, max-video-preview:-1\" \/>\n<link rel=\"canonical\" href=\"http:\/\/A%20todos%20los%20voluntarios%20y%20voluntarias%20de%20la%20Red%20Itaka%20Escolapios%20El%20d\u00eda%209%20de%20marzo%20de%202001%20naci\u00f3%20nuestra%20fundaci\u00f3n,%20fecha%20importante%20para%20todos%20nosotros.%20Nos%20parece%20acertada%20la%20elecci\u00f3n%20de%20este%20d\u00eda%20para%20celebrar%20el%20voluntariado,%20ya%20que%20la%20labor%20tan%20bella%20de%20transformar%20la%20sociedad%20a%20trav\u00e9s%20de%20la%20educaci\u00f3n%20no%20podr\u00eda&hellip;\" \/>\n<meta property=\"og:locale\" content=\"en_US\" \/>\n<meta property=\"og:type\" content=\"article\" \/>\n<meta property=\"og:title\" content=\"9 DE MARZO: D\u00cdA DEL VOLUNTARIADO EN ITAKA ESCOLAPIOS\" \/>\n<meta property=\"og:description\" content=\"A todos los voluntarios y voluntarias de la Red Itaka Escolapios El d\u00eda 9 de marzo de 2001 naci\u00f3 nuestra fundaci\u00f3n, fecha importante para todos nosotros. Nos parece acertada la elecci\u00f3n de este d\u00eda para celebrar el voluntariado, ya que la labor tan bella de transformar la sociedad a trav\u00e9s de la educaci\u00f3n no podr\u00eda&hellip;\" \/>\n<meta property=\"og:url\" content=\"https:\/\/www.itakaescolapios.org\/en\/2020\/03\/9-de-marzo-dia-del-voluntariado-en-itaka-escolapios-4\/\" \/>\n<meta property=\"og:site_name\" content=\"Proofs in Itaka-Escolapios\" \/>\n<meta property=\"article:published_time\" content=\"2020-03-09T08:39:35+00:00\" \/>\n<meta property=\"article:modified_time\" content=\"2023-11-28T11:36:27+00:00\" \/>\n<meta property=\"og:image\" content=\"https:\/\/www.itakaescolapios.org\/wp-content\/uploads\/2020\/03\/dia-int-vol-2020-00.png\" \/>\n\t<meta property=\"og:image:width\" content=\"1449\" \/>\n\t<meta property=\"og:image:height\" content=\"1137\" \/>\n\t<meta property=\"og:image:type\" content=\"image\/png\" \/>\n<meta name=\"author\" content=\"itaka\" \/>\n<meta name=\"twitter:card\" content=\"summary_large_image\" \/>\n<meta name=\"twitter:label1\" content=\"Written by\" \/>\n\t<meta name=\"twitter:data1\" content=\"itaka\" \/>\n\t<meta name=\"twitter:label2\" content=\"Est. reading time\" \/>\n\t<meta name=\"twitter:data2\" content=\"1 minute\" \/>\n<script type=\"application\/ld+json\" class=\"yoast-schema-graph\">{\"@context\":\"https:\\\/\\\/schema.org\",\"@graph\":[{\"@type\":\"Article\",\"@id\":\"https:\\\/\\\/www.itakaescolapios.org\\\/en\\\/2020\\\/03\\\/9-de-marzo-dia-del-voluntariado-en-itaka-escolapios-4\\\/#article\",\"isPartOf\":{\"@id\":\"https:\\\/\\\/www.itakaescolapios.org\\\/en\\\/2020\\\/03\\\/9-de-marzo-dia-del-voluntariado-en-itaka-escolapios-4\\\/\"},\"author\":{\"name\":\"itaka\",\"@id\":\"https:\\\/\\\/www.itakaescolapios.org\\\/es\\\/#\\\/schema\\\/person\\\/670123daeb1cc31cae1b106740036ccb\"},\"headline\":\"9 DE MARZO: D\u00cdA DEL VOLUNTARIADO EN ITAKA ESCOLAPIOS\",\"datePublished\":\"2020-03-09T08:39:35+00:00\",\"dateModified\":\"2023-11-28T11:36:27+00:00\",\"mainEntityOfPage\":{\"@id\":\"https:\\\/\\\/www.itakaescolapios.org\\\/en\\\/2020\\\/03\\\/9-de-marzo-dia-del-voluntariado-en-itaka-escolapios-4\\\/\"},\"wordCount\":183,\"publisher\":{\"@id\":\"https:\\\/\\\/www.itakaescolapios.org\\\/es\\\/#organization\"},\"image\":{\"@id\":\"https:\\\/\\\/www.itakaescolapios.org\\\/en\\\/2020\\\/03\\\/9-de-marzo-dia-del-voluntariado-en-itaka-escolapios-4\\\/#primaryimage\"},\"thumbnailUrl\":\"https:\\\/\\\/www.itakaescolapios.org\\\/wp-content\\\/uploads\\\/2020\\\/03\\\/dia-int-vol-2020-00.png\",\"articleSection\":[\"Itaka Escolapios\"],\"inLanguage\":\"en-US\"},{\"@type\":\"WebPage\",\"@id\":\"https:\\\/\\\/www.itakaescolapios.org\\\/en\\\/2020\\\/03\\\/9-de-marzo-dia-del-voluntariado-en-itaka-escolapios-4\\\/\",\"url\":\"https:\\\/\\\/www.itakaescolapios.org\\\/en\\\/2020\\\/03\\\/9-de-marzo-dia-del-voluntariado-en-itaka-escolapios-4\\\/\",\"name\":\"9 DE MARZO: D\u00cdA DEL VOLUNTARIADO EN ITAKA ESCOLAPIOS - Proofs in Itaka-Escolapios\",\"isPartOf\":{\"@id\":\"https:\\\/\\\/www.itakaescolapios.org\\\/es\\\/#website\"},\"primaryImageOfPage\":{\"@id\":\"https:\\\/\\\/www.itakaescolapios.org\\\/en\\\/2020\\\/03\\\/9-de-marzo-dia-del-voluntariado-en-itaka-escolapios-4\\\/#primaryimage\"},\"image\":{\"@id\":\"https:\\\/\\\/www.itakaescolapios.org\\\/en\\\/2020\\\/03\\\/9-de-marzo-dia-del-voluntariado-en-itaka-escolapios-4\\\/#primaryimage\"},\"thumbnailUrl\":\"https:\\\/\\\/www.itakaescolapios.org\\\/wp-content\\\/uploads\\\/2020\\\/03\\\/dia-int-vol-2020-00.png\",\"datePublished\":\"2020-03-09T08:39:35+00:00\",\"dateModified\":\"2023-11-28T11:36:27+00:00\",\"breadcrumb\":{\"@id\":\"https:\\\/\\\/www.itakaescolapios.org\\\/en\\\/2020\\\/03\\\/9-de-marzo-dia-del-voluntariado-en-itaka-escolapios-4\\\/#breadcrumb\"},\"inLanguage\":\"en-US\",\"potentialAction\":[{\"@type\":\"ReadAction\",\"target\":[\"https:\\\/\\\/www.itakaescolapios.org\\\/en\\\/2020\\\/03\\\/9-de-marzo-dia-del-voluntariado-en-itaka-escolapios-4\\\/\"]}]},{\"@type\":\"ImageObject\",\"inLanguage\":\"en-US\",\"@id\":\"https:\\\/\\\/www.itakaescolapios.org\\\/en\\\/2020\\\/03\\\/9-de-marzo-dia-del-voluntariado-en-itaka-escolapios-4\\\/#primaryimage\",\"url\":\"https:\\\/\\\/www.itakaescolapios.org\\\/wp-content\\\/uploads\\\/2020\\\/03\\\/dia-int-vol-2020-00.png\",\"contentUrl\":\"https:\\\/\\\/www.itakaescolapios.org\\\/wp-content\\\/uploads\\\/2020\\\/03\\\/dia-int-vol-2020-00.png\",\"width\":1449,\"height\":1137},{\"@type\":\"BreadcrumbList\",\"@id\":\"https:\\\/\\\/www.itakaescolapios.org\\\/en\\\/2020\\\/03\\\/9-de-marzo-dia-del-voluntariado-en-itaka-escolapios-4\\\/#breadcrumb\",\"itemListElement\":[{\"@type\":\"ListItem\",\"position\":1,\"name\":\"Proof\",\"item\":\"https:\\\/\\\/www.itakaescolapios.org\\\/es\\\/\"},{\"@type\":\"ListItem\",\"position\":2,\"name\":\"9 DE MARZO: D\u00cdA DEL VOLUNTARIADO EN ITAKA ESCOLAPIOS\"}]},{\"@type\":\"WebSite\",\"@id\":\"https:\\\/\\\/www.itakaescolapios.org\\\/en\\\/es\\\/#website\",\"url\":\"https:\\\/\\\/www.itakaescolapios.org\\\/en\\\/es\\\/\",\"name\":\"Itaka-Escolapios\",\"description\":\"Red de Itaka-Escolapios\",\"publisher\":{\"@id\":\"https:\\\/\\\/www.itakaescolapios.org\\\/en\\\/es\\\/#organization\"},\"potentialAction\":[{\"@type\":\"SearchAction\",\"target\":{\"@type\":\"EntryPoint\",\"urlTemplate\":\"https:\\\/\\\/www.itakaescolapios.org\\\/en\\\/es\\\/?s={search_term_string}\"},\"query-input\":{\"@type\":\"PropertyValueSpecification\",\"valueRequired\":true,\"valueName\":\"search_term_string\"}}],\"inLanguage\":\"en-US\"},{\"@type\":\"Organization\",\"@id\":\"https:\\\/\\\/www.itakaescolapios.org\\\/en\\\/es\\\/#organization\",\"name\":\"Fundaci\u00f3 Itaka-Escolapios\",\"url\":\"https:\\\/\\\/www.itakaescolapios.org\\\/en\\\/es\\\/\",\"logo\":{\"@type\":\"ImageObject\",\"inLanguage\":\"en-US\",\"@id\":\"https:\\\/\\\/www.itakaescolapios.org\\\/en\\\/es\\\/#\\\/schema\\\/logo\\\/image\\\/\",\"url\":\"https:\\\/\\\/www.itakaescolapios.org\\\/wp-content\\\/uploads\\\/2024\\\/04\\\/Logo-itakaescolapios-peque.png\",\"contentUrl\":\"https:\\\/\\\/www.itakaescolapios.org\\\/wp-content\\\/uploads\\\/2024\\\/04\\\/Logo-itakaescolapios-peque.png\",\"width\":500,\"height\":199,\"caption\":\"Fundaci\u00f3 Itaka-Escolapios\"},\"image\":{\"@id\":\"https:\\\/\\\/www.itakaescolapios.org\\\/en\\\/es\\\/#\\\/schema\\\/logo\\\/image\\\/\"}},{\"@type\":\"Person\",\"@id\":\"https:\\\/\\\/www.itakaescolapios.org\\\/es\\\/#\\\/schema\\\/person\\\/670123daeb1cc31cae1b106740036ccb\",\"name\":\"itaka\",\"url\":\"https:\\\/\\\/www.itakaescolapios.org\\\/en\\\/author\\\/itaka\\\/\"}]}<\/script>\n<!-- \/ Yoast SEO plugin. -->","yoast_head_json":{"title":"9 DE MARZO: D\u00cdA DEL VOLUNTARIADO EN ITAKA ESCOLAPIOS","description":"A todos los voluntarios y voluntarias de la Red Itaka Escolapios El d\u00eda 9 de marzo de 2001 naci\u00f3 nuestra fundaci\u00f3n, fecha importante para todos nosotros. Nos parece acertada la elecci\u00f3n de este d\u00eda para celebrar el voluntariado, ya que la labor tan bella de transformar la sociedad a trav\u00e9s de la educaci\u00f3n no podr\u00eda&hellip;","robots":{"index":"index","follow":"follow","max-snippet":"max-snippet:-1","max-image-preview":"max-image-preview:large","max-video-preview":"max-video-preview:-1"},"canonical":"A todos los voluntarios y voluntarias de la Red Itaka Escolapios El d\u00eda 9 de marzo de 2001 naci\u00f3 nuestra fundaci\u00f3n, fecha importante para todos nosotros. Nos parece acertada la elecci\u00f3n de este d\u00eda para celebrar el voluntariado, ya que la labor tan bella de transformar la sociedad a trav\u00e9s de la educaci\u00f3n no podr\u00eda&hellip;","og_locale":"en_US","og_type":"article","og_title":"9 DE MARZO: D\u00cdA DEL VOLUNTARIADO EN ITAKA ESCOLAPIOS","og_description":"A todos los voluntarios y voluntarias de la Red Itaka Escolapios El d\u00eda 9 de marzo de 2001 naci\u00f3 nuestra fundaci\u00f3n, fecha importante para todos nosotros. Nos parece acertada la elecci\u00f3n de este d\u00eda para celebrar el voluntariado, ya que la labor tan bella de transformar la sociedad a trav\u00e9s de la educaci\u00f3n no podr\u00eda&hellip;","og_url":"https:\/\/www.itakaescolapios.org\/en\/2020\/03\/9-de-marzo-dia-del-voluntariado-en-itaka-escolapios-4\/","og_site_name":"Proofs in Itaka-Escolapios","article_published_time":"2020-03-09T08:39:35+00:00","article_modified_time":"2023-11-28T11:36:27+00:00","og_image":[{"width":1449,"height":1137,"url":"https:\/\/www.itakaescolapios.org\/wp-content\/uploads\/2020\/03\/dia-int-vol-2020-00.png","type":"image\/png"}],"author":"itaka","twitter_card":"summary_large_image","twitter_misc":{"Written by":"itaka","Est. reading time":"1 minute"},"schema":{"@context":"https:\/\/schema.org","@graph":[{"@type":"Article","@id":"https:\/\/www.itakaescolapios.org\/en\/2020\/03\/9-de-marzo-dia-del-voluntariado-en-itaka-escolapios-4\/#article","isPartOf":{"@id":"https:\/\/www.itakaescolapios.org\/en\/2020\/03\/9-de-marzo-dia-del-voluntariado-en-itaka-escolapios-4\/"},"author":{"name":"itaka","@id":"https:\/\/www.itakaescolapios.org\/es\/#\/schema\/person\/670123daeb1cc31cae1b106740036ccb"},"headline":"9 DE MARZO: D\u00cdA DEL VOLUNTARIADO EN ITAKA ESCOLAPIOS","datePublished":"2020-03-09T08:39:35+00:00","dateModified":"2023-11-28T11:36:27+00:00","mainEntityOfPage":{"@id":"https:\/\/www.itakaescolapios.org\/en\/2020\/03\/9-de-marzo-dia-del-voluntariado-en-itaka-escolapios-4\/"},"wordCount":183,"publisher":{"@id":"https:\/\/www.itakaescolapios.org\/es\/#organization"},"image":{"@id":"https:\/\/www.itakaescolapios.org\/en\/2020\/03\/9-de-marzo-dia-del-voluntariado-en-itaka-escolapios-4\/#primaryimage"},"thumbnailUrl":"https:\/\/www.itakaescolapios.org\/wp-content\/uploads\/2020\/03\/dia-int-vol-2020-00.png","articleSection":["Itaka Escolapios"],"inLanguage":"en-US"},{"@type":"WebPage","@id":"https:\/\/www.itakaescolapios.org\/en\/2020\/03\/9-de-marzo-dia-del-voluntariado-en-itaka-escolapios-4\/","url":"https:\/\/www.itakaescolapios.org\/en\/2020\/03\/9-de-marzo-dia-del-voluntariado-en-itaka-escolapios-4\/","name":"9 DE MARZO: D\u00cdA DEL VOLUNTARIADO EN ITAKA ESCOLAPIOS - Proofs in Itaka-Escolapios","isPartOf":{"@id":"https:\/\/www.itakaescolapios.org\/es\/#website"},"primaryImageOfPage":{"@id":"https:\/\/www.itakaescolapios.org\/en\/2020\/03\/9-de-marzo-dia-del-voluntariado-en-itaka-escolapios-4\/#primaryimage"},"image":{"@id":"https:\/\/www.itakaescolapios.org\/en\/2020\/03\/9-de-marzo-dia-del-voluntariado-en-itaka-escolapios-4\/#primaryimage"},"thumbnailUrl":"https:\/\/www.itakaescolapios.org\/wp-content\/uploads\/2020\/03\/dia-int-vol-2020-00.png","datePublished":"2020-03-09T08:39:35+00:00","dateModified":"2023-11-28T11:36:27+00:00","breadcrumb":{"@id":"https:\/\/www.itakaescolapios.org\/en\/2020\/03\/9-de-marzo-dia-del-voluntariado-en-itaka-escolapios-4\/#breadcrumb"},"inLanguage":"en-US","potentialAction":[{"@type":"ReadAction","target":["https:\/\/www.itakaescolapios.org\/en\/2020\/03\/9-de-marzo-dia-del-voluntariado-en-itaka-escolapios-4\/"]}]},{"@type":"ImageObject","inLanguage":"en-US","@id":"https:\/\/www.itakaescolapios.org\/en\/2020\/03\/9-de-marzo-dia-del-voluntariado-en-itaka-escolapios-4\/#primaryimage","url":"https:\/\/www.itakaescolapios.org\/wp-content\/uploads\/2020\/03\/dia-int-vol-2020-00.png","contentUrl":"https:\/\/www.itakaescolapios.org\/wp-content\/uploads\/2020\/03\/dia-int-vol-2020-00.png","width":1449,"height":1137},{"@type":"BreadcrumbList","@id":"https:\/\/www.itakaescolapios.org\/en\/2020\/03\/9-de-marzo-dia-del-voluntariado-en-itaka-escolapios-4\/#breadcrumb","itemListElement":[{"@type":"ListItem","position":1,"name":"Proof","item":"https:\/\/www.itakaescolapios.org\/es\/"},{"@type":"ListItem","position":2,"name":"9 DE MARZO: D\u00cdA DEL VOLUNTARIADO EN ITAKA ESCOLAPIOS"}]},{"@type":"WebSite","@id":"https:\/\/www.itakaescolapios.org\/en\/es\/#website","url":"https:\/\/www.itakaescolapios.org\/en\/es\/","name":"Itaka-Escolapios","description":"Red de Itaka-Escolapios","publisher":{"@id":"https:\/\/www.itakaescolapios.org\/en\/es\/#organization"},"potentialAction":[{"@type":"SearchAction","target":{"@type":"EntryPoint","urlTemplate":"https:\/\/www.itakaescolapios.org\/en\/es\/?s={search_term_string}"},"query-input":{"@type":"PropertyValueSpecification","valueRequired":true,"valueName":"search_term_string"}}],"inLanguage":"en-US"},{"@type":"Organization","@id":"https:\/\/www.itakaescolapios.org\/en\/es\/#organization","name":"Fundaci\u00f3 Itaka-Escolapios","url":"https:\/\/www.itakaescolapios.org\/en\/es\/","logo":{"@type":"ImageObject","inLanguage":"en-US","@id":"https:\/\/www.itakaescolapios.org\/en\/es\/#\/schema\/logo\/image\/","url":"https:\/\/www.itakaescolapios.org\/wp-content\/uploads\/2024\/04\/Logo-itakaescolapios-peque.png","contentUrl":"https:\/\/www.itakaescolapios.org\/wp-content\/uploads\/2024\/04\/Logo-itakaescolapios-peque.png","width":500,"height":199,"caption":"Fundaci\u00f3 Itaka-Escolapios"},"image":{"@id":"https:\/\/www.itakaescolapios.org\/en\/es\/#\/schema\/logo\/image\/"}},{"@type":"Person","@id":"https:\/\/www.itakaescolapios.org\/es\/#\/schema\/person\/670123daeb1cc31cae1b106740036ccb","name":"itaka","url":"https:\/\/www.itakaescolapios.org\/en\/author\/itaka\/"}]}},"_links":{"self":[{"href":"https:\/\/www.itakaescolapios.org\/en\/wp-json\/wp\/v2\/posts\/30220","targetHints":{"allow":["GET"]}}],"collection":[{"href":"https:\/\/www.itakaescolapios.org\/en\/wp-json\/wp\/v2\/posts"}],"about":[{"href":"https:\/\/www.itakaescolapios.org\/en\/wp-json\/wp\/v2\/types\/post"}],"author":[{"embeddable":true,"href":"https:\/\/www.itakaescolapios.org\/en\/wp-json\/wp\/v2\/users\/4"}],"replies":[{"embeddable":true,"href":"https:\/\/www.itakaescolapios.org\/en\/wp-json\/wp\/v2\/comments?post=30220"}],"version-history":[{"count":3,"href":"https:\/\/www.itakaescolapios.org\/en\/wp-json\/wp\/v2\/posts\/30220\/revisions"}],"predecessor-version":[{"id":45018,"href":"https:\/\/www.itakaescolapios.org\/en\/wp-json\/wp\/v2\/posts\/30220\/revisions\/45018"}],"wp:featuredmedia":[{"embeddable":true,"href":"https:\/\/www.itakaescolapios.org\/en\/wp-json\/wp\/v2\/media\/30221"}],"wp:attachment":[{"href":"https:\/\/www.itakaescolapios.org\/en\/wp-json\/wp\/v2\/media?parent=30220"}],"wp:term":[{"taxonomy":"category","embeddable":true,"href":"https:\/\/www.itakaescolapios.org\/en\/wp-json\/wp\/v2\/categories?post=30220"},{"taxonomy":"post_tag","embeddable":true,"href":"https:\/\/www.itakaescolapios.org\/en\/wp-json\/wp\/v2\/tags?post=30220"}],"curies":[{"name":"wp","href":"https:\/\/api.w.org\/{rel}","templated":true}]}}