{"id":30371,"date":"2020-04-03T09:19:55","date_gmt":"2020-04-03T08:19:55","guid":{"rendered":"https:\/\/www.itakaescolapios.org\/?p=30371"},"modified":"2023-11-28T12:36:24","modified_gmt":"2023-11-28T11:36:24","slug":"concierto-de-amaltea-con-la-generalitat-valenciana","status":"publish","type":"post","link":"https:\/\/www.itakaescolapios.org\/en\/2020\/04\/concierto-de-amaltea-con-la-generalitat-valenciana\/","title":{"rendered":"CONCIERTO DE AMALTEA CON LA GENERALITAT VALENCIANA"},"content":{"rendered":"<p>\u00a1En Valencia estamos de enhorabuena! Desde el pasado d\u00eda 1 de abril, los centros de d\u00eda de Inserci\u00f3n y Convivencial del proyecto Amaltea son centros concertados de la Generalitat Valenciana, lo que supone entrar en la red de servicios sociales p\u00fablicos de atenci\u00f3n a la infancia y la juventud.<\/p>\n<p>Con el concierto entre Amaltea y la GVA conseguiremos reforzar a\u00fan m\u00e1s la labor que hemos llevado a cabo hasta ahora con nuestros ni\u00f1os, ni\u00f1as y adolescentes, adem\u00e1s de consolidar la continuidad del trabajo realizado.<\/p>\n<p>\u00a1Ahora, a seguir avanzando en beneficio de todos ellos!<\/p>\n<p><img decoding=\"async\" class=\"aligncenter size-medium wp-image-30372\" src=\"https:\/\/www.itakaescolapios.org\/wp-content\/uploads\/2020\/04\/amaltea-300x300.jpg\" alt=\"\" width=\"300\" height=\"300\" srcset=\"https:\/\/www.itakaescolapios.org\/wp-content\/uploads\/2020\/04\/amaltea-300x300.jpg 300w, https:\/\/www.itakaescolapios.org\/wp-content\/uploads\/2020\/04\/amaltea-90x90.jpg 90w, https:\/\/www.itakaescolapios.org\/wp-content\/uploads\/2020\/04\/amaltea-250x250.jpg 250w, https:\/\/www.itakaescolapios.org\/wp-content\/uploads\/2020\/04\/amaltea.jpg 766w\" sizes=\"(max-width: 300px) 100vw, 300px\" \/><\/p>\n","protected":false},"excerpt":{"rendered":"<p>\u00a1En Valencia estamos de enhorabuena! Desde el pasado d\u00eda 1 de abril, los centros de d\u00eda de Inserci\u00f3n y Convivencial del proyecto Amaltea son centros concertados de la Generalitat Valenciana, [&hellip;]<\/p>\n","protected":false},"author":39,"featured_media":30373,"comment_status":"closed","ping_status":"closed","sticky":false,"template":"","format":"standard","meta":{"_et_pb_use_builder":"","_et_pb_old_content":"","_et_gb_content_width":"","footnotes":""},"categories":[12],"tags":[232,401,396,455,346,456,457,327,395,357,318],"class_list":["post-30371","post","type-post","status-publish","format-standard","has-post-thumbnail","hentry","category-valencia","tag-amaltea","tag-cdconvivencial","tag-cdinsercion","tag-concierto","tag-convivencial","tag-generalitat","tag-gva","tag-infancia","tag-insercion","tag-juventud","tag-proyecto-amaltea"],"yoast_head":"<!-- This site is optimized with the Yoast SEO plugin v27.4 - https:\/\/yoast.com\/product\/yoast-seo-wordpress\/ -->\n<title>CONCIERTO DE AMALTEA CON LA GENERALITAT VALENCIANA<\/title>\n<meta name=\"description\" content=\"\u00a1En Valencia estamos de enhorabuena! Desde el pasado d\u00eda 1 de abril, los centros de d\u00eda de Inserci\u00f3n y Convivencial del proyecto Amaltea son centros concertados de la Generalitat Valenciana, lo que supone entrar en la red de servicios sociales p\u00fablicos de atenci\u00f3n a la infancia y la juventud. Con el concierto entre Amaltea y&hellip;\" \/>\n<meta name=\"robots\" content=\"index, follow, max-snippet:-1, max-image-preview:large, max-video-preview:-1\" \/>\n<link rel=\"canonical\" href=\"http:\/\/\u00a1En%20Valencia%20estamos%20de%20enhorabuena!%20Desde%20el%20pasado%20d\u00eda%201%20de%20abril,%20los%20centros%20de%20d\u00eda%20de%20Inserci\u00f3n%20y%20Convivencial%20del%20proyecto%20Amaltea%20son%20centros%20concertados%20de%20la%20Generalitat%20Valenciana,%20lo%20que%20supone%20entrar%20en%20la%20red%20de%20servicios%20sociales%20p\u00fablicos%20de%20atenci\u00f3n%20a%20la%20infancia%20y%20la%20juventud.%20Con%20el%20concierto%20entre%20Amaltea%20y&hellip;\" \/>\n<meta property=\"og:locale\" content=\"en_US\" \/>\n<meta property=\"og:type\" content=\"article\" \/>\n<meta property=\"og:title\" content=\"CONCIERTO DE AMALTEA CON LA GENERALITAT VALENCIANA\" \/>\n<meta property=\"og:description\" content=\"\u00a1En Valencia estamos de enhorabuena! Desde el pasado d\u00eda 1 de abril, los centros de d\u00eda de Inserci\u00f3n y Convivencial del proyecto Amaltea son centros concertados de la Generalitat Valenciana, lo que supone entrar en la red de servicios sociales p\u00fablicos de atenci\u00f3n a la infancia y la juventud. Con el concierto entre Amaltea y&hellip;\" \/>\n<meta property=\"og:url\" content=\"https:\/\/www.itakaescolapios.org\/en\/2020\/04\/concierto-de-amaltea-con-la-generalitat-valenciana\/\" \/>\n<meta property=\"og:site_name\" content=\"Proofs in Itaka-Escolapios\" \/>\n<meta property=\"article:published_time\" content=\"2020-04-03T08:19:55+00:00\" \/>\n<meta property=\"article:modified_time\" content=\"2023-11-28T11:36:24+00:00\" \/>\n<meta property=\"og:image\" content=\"https:\/\/www.itakaescolapios.org\/wp-content\/uploads\/2020\/04\/Conselleria-Igualtat-roig-2.jpg\" \/>\n\t<meta property=\"og:image:width\" content=\"2000\" \/>\n\t<meta property=\"og:image:height\" content=\"1181\" \/>\n\t<meta property=\"og:image:type\" content=\"image\/jpeg\" \/>\n<meta name=\"author\" content=\"valencia01\" \/>\n<meta name=\"twitter:card\" content=\"summary_large_image\" \/>\n<meta name=\"twitter:label1\" content=\"Written by\" \/>\n\t<meta name=\"twitter:data1\" content=\"valencia01\" \/>\n\t<meta name=\"twitter:label2\" content=\"Est. reading time\" \/>\n\t<meta name=\"twitter:data2\" content=\"1 minute\" \/>\n<script type=\"application\/ld+json\" class=\"yoast-schema-graph\">{\"@context\":\"https:\\\/\\\/schema.org\",\"@graph\":[{\"@type\":\"Article\",\"@id\":\"https:\\\/\\\/www.itakaescolapios.org\\\/en\\\/2020\\\/04\\\/concierto-de-amaltea-con-la-generalitat-valenciana\\\/#article\",\"isPartOf\":{\"@id\":\"https:\\\/\\\/www.itakaescolapios.org\\\/en\\\/2020\\\/04\\\/concierto-de-amaltea-con-la-generalitat-valenciana\\\/\"},\"author\":{\"name\":\"valencia01\",\"@id\":\"https:\\\/\\\/www.itakaescolapios.org\\\/es\\\/#\\\/schema\\\/person\\\/c232ccaa2b3f2e98db93c1f8dfca96ff\"},\"headline\":\"CONCIERTO DE AMALTEA CON LA GENERALITAT VALENCIANA\",\"datePublished\":\"2020-04-03T08:19:55+00:00\",\"dateModified\":\"2023-11-28T11:36:24+00:00\",\"mainEntityOfPage\":{\"@id\":\"https:\\\/\\\/www.itakaescolapios.org\\\/en\\\/2020\\\/04\\\/concierto-de-amaltea-con-la-generalitat-valenciana\\\/\"},\"wordCount\":109,\"publisher\":{\"@id\":\"https:\\\/\\\/www.itakaescolapios.org\\\/es\\\/#organization\"},\"image\":{\"@id\":\"https:\\\/\\\/www.itakaescolapios.org\\\/en\\\/2020\\\/04\\\/concierto-de-amaltea-con-la-generalitat-valenciana\\\/#primaryimage\"},\"thumbnailUrl\":\"https:\\\/\\\/www.itakaescolapios.org\\\/wp-content\\\/uploads\\\/2020\\\/04\\\/Conselleria-Igualtat-roig-2.jpg\",\"keywords\":[\"Amaltea\",\"CDConvivencial\",\"CDInserci\u00f3n\",\"concierto\",\"Convivencial\",\"Generalitat\",\"GVA\",\"Infancia\",\"Inserci\u00f3n\",\"Juventud\",\"Proyecto Amaltea\"],\"articleSection\":[\"Valencia\"],\"inLanguage\":\"en-US\"},{\"@type\":\"WebPage\",\"@id\":\"https:\\\/\\\/www.itakaescolapios.org\\\/en\\\/2020\\\/04\\\/concierto-de-amaltea-con-la-generalitat-valenciana\\\/\",\"url\":\"https:\\\/\\\/www.itakaescolapios.org\\\/en\\\/2020\\\/04\\\/concierto-de-amaltea-con-la-generalitat-valenciana\\\/\",\"name\":\"CONCIERTO DE AMALTEA CON LA GENERALITAT VALENCIANA - Proofs in Itaka-Escolapios\",\"isPartOf\":{\"@id\":\"https:\\\/\\\/www.itakaescolapios.org\\\/es\\\/#website\"},\"primaryImageOfPage\":{\"@id\":\"https:\\\/\\\/www.itakaescolapios.org\\\/en\\\/2020\\\/04\\\/concierto-de-amaltea-con-la-generalitat-valenciana\\\/#primaryimage\"},\"image\":{\"@id\":\"https:\\\/\\\/www.itakaescolapios.org\\\/en\\\/2020\\\/04\\\/concierto-de-amaltea-con-la-generalitat-valenciana\\\/#primaryimage\"},\"thumbnailUrl\":\"https:\\\/\\\/www.itakaescolapios.org\\\/wp-content\\\/uploads\\\/2020\\\/04\\\/Conselleria-Igualtat-roig-2.jpg\",\"datePublished\":\"2020-04-03T08:19:55+00:00\",\"dateModified\":\"2023-11-28T11:36:24+00:00\",\"breadcrumb\":{\"@id\":\"https:\\\/\\\/www.itakaescolapios.org\\\/en\\\/2020\\\/04\\\/concierto-de-amaltea-con-la-generalitat-valenciana\\\/#breadcrumb\"},\"inLanguage\":\"en-US\",\"potentialAction\":[{\"@type\":\"ReadAction\",\"target\":[\"https:\\\/\\\/www.itakaescolapios.org\\\/en\\\/2020\\\/04\\\/concierto-de-amaltea-con-la-generalitat-valenciana\\\/\"]}]},{\"@type\":\"ImageObject\",\"inLanguage\":\"en-US\",\"@id\":\"https:\\\/\\\/www.itakaescolapios.org\\\/en\\\/2020\\\/04\\\/concierto-de-amaltea-con-la-generalitat-valenciana\\\/#primaryimage\",\"url\":\"https:\\\/\\\/www.itakaescolapios.org\\\/wp-content\\\/uploads\\\/2020\\\/04\\\/Conselleria-Igualtat-roig-2.jpg\",\"contentUrl\":\"https:\\\/\\\/www.itakaescolapios.org\\\/wp-content\\\/uploads\\\/2020\\\/04\\\/Conselleria-Igualtat-roig-2.jpg\",\"width\":2000,\"height\":1181},{\"@type\":\"BreadcrumbList\",\"@id\":\"https:\\\/\\\/www.itakaescolapios.org\\\/en\\\/2020\\\/04\\\/concierto-de-amaltea-con-la-generalitat-valenciana\\\/#breadcrumb\",\"itemListElement\":[{\"@type\":\"ListItem\",\"position\":1,\"name\":\"Proof\",\"item\":\"https:\\\/\\\/www.itakaescolapios.org\\\/es\\\/\"},{\"@type\":\"ListItem\",\"position\":2,\"name\":\"CONCIERTO DE AMALTEA CON LA GENERALITAT VALENCIANA\"}]},{\"@type\":\"WebSite\",\"@id\":\"https:\\\/\\\/www.itakaescolapios.org\\\/en\\\/es\\\/#website\",\"url\":\"https:\\\/\\\/www.itakaescolapios.org\\\/en\\\/es\\\/\",\"name\":\"Itaka-Escolapios\",\"description\":\"Red de Itaka-Escolapios\",\"publisher\":{\"@id\":\"https:\\\/\\\/www.itakaescolapios.org\\\/en\\\/es\\\/#organization\"},\"potentialAction\":[{\"@type\":\"SearchAction\",\"target\":{\"@type\":\"EntryPoint\",\"urlTemplate\":\"https:\\\/\\\/www.itakaescolapios.org\\\/en\\\/es\\\/?s={search_term_string}\"},\"query-input\":{\"@type\":\"PropertyValueSpecification\",\"valueRequired\":true,\"valueName\":\"search_term_string\"}}],\"inLanguage\":\"en-US\"},{\"@type\":\"Organization\",\"@id\":\"https:\\\/\\\/www.itakaescolapios.org\\\/en\\\/es\\\/#organization\",\"name\":\"Fundaci\u00f3 Itaka-Escolapios\",\"url\":\"https:\\\/\\\/www.itakaescolapios.org\\\/en\\\/es\\\/\",\"logo\":{\"@type\":\"ImageObject\",\"inLanguage\":\"en-US\",\"@id\":\"https:\\\/\\\/www.itakaescolapios.org\\\/en\\\/es\\\/#\\\/schema\\\/logo\\\/image\\\/\",\"url\":\"https:\\\/\\\/www.itakaescolapios.org\\\/wp-content\\\/uploads\\\/2024\\\/04\\\/Logo-itakaescolapios-peque.png\",\"contentUrl\":\"https:\\\/\\\/www.itakaescolapios.org\\\/wp-content\\\/uploads\\\/2024\\\/04\\\/Logo-itakaescolapios-peque.png\",\"width\":500,\"height\":199,\"caption\":\"Fundaci\u00f3 Itaka-Escolapios\"},\"image\":{\"@id\":\"https:\\\/\\\/www.itakaescolapios.org\\\/en\\\/es\\\/#\\\/schema\\\/logo\\\/image\\\/\"}},{\"@type\":\"Person\",\"@id\":\"https:\\\/\\\/www.itakaescolapios.org\\\/es\\\/#\\\/schema\\\/person\\\/c232ccaa2b3f2e98db93c1f8dfca96ff\",\"name\":\"valencia01\",\"url\":\"https:\\\/\\\/www.itakaescolapios.org\\\/en\\\/author\\\/valencia01\\\/\"}]}<\/script>\n<!-- \/ Yoast SEO plugin. -->","yoast_head_json":{"title":"CONCIERTO DE AMALTEA CON LA GENERALITAT VALENCIANA","description":"\u00a1En Valencia estamos de enhorabuena! Desde el pasado d\u00eda 1 de abril, los centros de d\u00eda de Inserci\u00f3n y Convivencial del proyecto Amaltea son centros concertados de la Generalitat Valenciana, lo que supone entrar en la red de servicios sociales p\u00fablicos de atenci\u00f3n a la infancia y la juventud. Con el concierto entre Amaltea y&hellip;","robots":{"index":"index","follow":"follow","max-snippet":"max-snippet:-1","max-image-preview":"max-image-preview:large","max-video-preview":"max-video-preview:-1"},"canonical":"\u00a1En Valencia estamos de enhorabuena! Desde el pasado d\u00eda 1 de abril, los centros de d\u00eda de Inserci\u00f3n y Convivencial del proyecto Amaltea son centros concertados de la Generalitat Valenciana, lo que supone entrar en la red de servicios sociales p\u00fablicos de atenci\u00f3n a la infancia y la juventud. Con el concierto entre Amaltea y&hellip;","og_locale":"en_US","og_type":"article","og_title":"CONCIERTO DE AMALTEA CON LA GENERALITAT VALENCIANA","og_description":"\u00a1En Valencia estamos de enhorabuena! Desde el pasado d\u00eda 1 de abril, los centros de d\u00eda de Inserci\u00f3n y Convivencial del proyecto Amaltea son centros concertados de la Generalitat Valenciana, lo que supone entrar en la red de servicios sociales p\u00fablicos de atenci\u00f3n a la infancia y la juventud. Con el concierto entre Amaltea y&hellip;","og_url":"https:\/\/www.itakaescolapios.org\/en\/2020\/04\/concierto-de-amaltea-con-la-generalitat-valenciana\/","og_site_name":"Proofs in Itaka-Escolapios","article_published_time":"2020-04-03T08:19:55+00:00","article_modified_time":"2023-11-28T11:36:24+00:00","og_image":[{"width":2000,"height":1181,"url":"https:\/\/www.itakaescolapios.org\/wp-content\/uploads\/2020\/04\/Conselleria-Igualtat-roig-2.jpg","type":"image\/jpeg"}],"author":"valencia01","twitter_card":"summary_large_image","twitter_misc":{"Written by":"valencia01","Est. reading time":"1 minute"},"schema":{"@context":"https:\/\/schema.org","@graph":[{"@type":"Article","@id":"https:\/\/www.itakaescolapios.org\/en\/2020\/04\/concierto-de-amaltea-con-la-generalitat-valenciana\/#article","isPartOf":{"@id":"https:\/\/www.itakaescolapios.org\/en\/2020\/04\/concierto-de-amaltea-con-la-generalitat-valenciana\/"},"author":{"name":"valencia01","@id":"https:\/\/www.itakaescolapios.org\/es\/#\/schema\/person\/c232ccaa2b3f2e98db93c1f8dfca96ff"},"headline":"CONCIERTO DE AMALTEA CON LA GENERALITAT VALENCIANA","datePublished":"2020-04-03T08:19:55+00:00","dateModified":"2023-11-28T11:36:24+00:00","mainEntityOfPage":{"@id":"https:\/\/www.itakaescolapios.org\/en\/2020\/04\/concierto-de-amaltea-con-la-generalitat-valenciana\/"},"wordCount":109,"publisher":{"@id":"https:\/\/www.itakaescolapios.org\/es\/#organization"},"image":{"@id":"https:\/\/www.itakaescolapios.org\/en\/2020\/04\/concierto-de-amaltea-con-la-generalitat-valenciana\/#primaryimage"},"thumbnailUrl":"https:\/\/www.itakaescolapios.org\/wp-content\/uploads\/2020\/04\/Conselleria-Igualtat-roig-2.jpg","keywords":["Amaltea","CDConvivencial","CDInserci\u00f3n","concierto","Convivencial","Generalitat","GVA","Infancia","Inserci\u00f3n","Juventud","Proyecto Amaltea"],"articleSection":["Valencia"],"inLanguage":"en-US"},{"@type":"WebPage","@id":"https:\/\/www.itakaescolapios.org\/en\/2020\/04\/concierto-de-amaltea-con-la-generalitat-valenciana\/","url":"https:\/\/www.itakaescolapios.org\/en\/2020\/04\/concierto-de-amaltea-con-la-generalitat-valenciana\/","name":"CONCIERTO DE AMALTEA CON LA GENERALITAT VALENCIANA - Proofs in Itaka-Escolapios","isPartOf":{"@id":"https:\/\/www.itakaescolapios.org\/es\/#website"},"primaryImageOfPage":{"@id":"https:\/\/www.itakaescolapios.org\/en\/2020\/04\/concierto-de-amaltea-con-la-generalitat-valenciana\/#primaryimage"},"image":{"@id":"https:\/\/www.itakaescolapios.org\/en\/2020\/04\/concierto-de-amaltea-con-la-generalitat-valenciana\/#primaryimage"},"thumbnailUrl":"https:\/\/www.itakaescolapios.org\/wp-content\/uploads\/2020\/04\/Conselleria-Igualtat-roig-2.jpg","datePublished":"2020-04-03T08:19:55+00:00","dateModified":"2023-11-28T11:36:24+00:00","breadcrumb":{"@id":"https:\/\/www.itakaescolapios.org\/en\/2020\/04\/concierto-de-amaltea-con-la-generalitat-valenciana\/#breadcrumb"},"inLanguage":"en-US","potentialAction":[{"@type":"ReadAction","target":["https:\/\/www.itakaescolapios.org\/en\/2020\/04\/concierto-de-amaltea-con-la-generalitat-valenciana\/"]}]},{"@type":"ImageObject","inLanguage":"en-US","@id":"https:\/\/www.itakaescolapios.org\/en\/2020\/04\/concierto-de-amaltea-con-la-generalitat-valenciana\/#primaryimage","url":"https:\/\/www.itakaescolapios.org\/wp-content\/uploads\/2020\/04\/Conselleria-Igualtat-roig-2.jpg","contentUrl":"https:\/\/www.itakaescolapios.org\/wp-content\/uploads\/2020\/04\/Conselleria-Igualtat-roig-2.jpg","width":2000,"height":1181},{"@type":"BreadcrumbList","@id":"https:\/\/www.itakaescolapios.org\/en\/2020\/04\/concierto-de-amaltea-con-la-generalitat-valenciana\/#breadcrumb","itemListElement":[{"@type":"ListItem","position":1,"name":"Proof","item":"https:\/\/www.itakaescolapios.org\/es\/"},{"@type":"ListItem","position":2,"name":"CONCIERTO DE AMALTEA CON LA GENERALITAT VALENCIANA"}]},{"@type":"WebSite","@id":"https:\/\/www.itakaescolapios.org\/en\/es\/#website","url":"https:\/\/www.itakaescolapios.org\/en\/es\/","name":"Itaka-Escolapios","description":"Red de Itaka-Escolapios","publisher":{"@id":"https:\/\/www.itakaescolapios.org\/en\/es\/#organization"},"potentialAction":[{"@type":"SearchAction","target":{"@type":"EntryPoint","urlTemplate":"https:\/\/www.itakaescolapios.org\/en\/es\/?s={search_term_string}"},"query-input":{"@type":"PropertyValueSpecification","valueRequired":true,"valueName":"search_term_string"}}],"inLanguage":"en-US"},{"@type":"Organization","@id":"https:\/\/www.itakaescolapios.org\/en\/es\/#organization","name":"Fundaci\u00f3 Itaka-Escolapios","url":"https:\/\/www.itakaescolapios.org\/en\/es\/","logo":{"@type":"ImageObject","inLanguage":"en-US","@id":"https:\/\/www.itakaescolapios.org\/en\/es\/#\/schema\/logo\/image\/","url":"https:\/\/www.itakaescolapios.org\/wp-content\/uploads\/2024\/04\/Logo-itakaescolapios-peque.png","contentUrl":"https:\/\/www.itakaescolapios.org\/wp-content\/uploads\/2024\/04\/Logo-itakaescolapios-peque.png","width":500,"height":199,"caption":"Fundaci\u00f3 Itaka-Escolapios"},"image":{"@id":"https:\/\/www.itakaescolapios.org\/en\/es\/#\/schema\/logo\/image\/"}},{"@type":"Person","@id":"https:\/\/www.itakaescolapios.org\/es\/#\/schema\/person\/c232ccaa2b3f2e98db93c1f8dfca96ff","name":"valencia01","url":"https:\/\/www.itakaescolapios.org\/en\/author\/valencia01\/"}]}},"_links":{"self":[{"href":"https:\/\/www.itakaescolapios.org\/en\/wp-json\/wp\/v2\/posts\/30371","targetHints":{"allow":["GET"]}}],"collection":[{"href":"https:\/\/www.itakaescolapios.org\/en\/wp-json\/wp\/v2\/posts"}],"about":[{"href":"https:\/\/www.itakaescolapios.org\/en\/wp-json\/wp\/v2\/types\/post"}],"author":[{"embeddable":true,"href":"https:\/\/www.itakaescolapios.org\/en\/wp-json\/wp\/v2\/users\/39"}],"replies":[{"embeddable":true,"href":"https:\/\/www.itakaescolapios.org\/en\/wp-json\/wp\/v2\/comments?post=30371"}],"version-history":[{"count":3,"href":"https:\/\/www.itakaescolapios.org\/en\/wp-json\/wp\/v2\/posts\/30371\/revisions"}],"predecessor-version":[{"id":44960,"href":"https:\/\/www.itakaescolapios.org\/en\/wp-json\/wp\/v2\/posts\/30371\/revisions\/44960"}],"wp:featuredmedia":[{"embeddable":true,"href":"https:\/\/www.itakaescolapios.org\/en\/wp-json\/wp\/v2\/media\/30373"}],"wp:attachment":[{"href":"https:\/\/www.itakaescolapios.org\/en\/wp-json\/wp\/v2\/media?parent=30371"}],"wp:term":[{"taxonomy":"category","embeddable":true,"href":"https:\/\/www.itakaescolapios.org\/en\/wp-json\/wp\/v2\/categories?post=30371"},{"taxonomy":"post_tag","embeddable":true,"href":"https:\/\/www.itakaescolapios.org\/en\/wp-json\/wp\/v2\/tags?post=30371"}],"curies":[{"name":"wp","href":"https:\/\/api.w.org\/{rel}","templated":true}]}}