{"id":30603,"date":"2020-05-06T12:29:50","date_gmt":"2020-05-06T11:29:50","guid":{"rendered":"https:\/\/www.itakaescolapios.org\/?p=30603"},"modified":"2025-03-07T19:11:36","modified_gmt":"2025-03-07T18:11:36","slug":"itaka-escolapios-da-la-palabra-con-la-alfabetizacion","status":"publish","type":"post","link":"https:\/\/www.itakaescolapios.org\/en\/2020\/05\/itaka-escolapios-da-la-palabra-con-la-alfabetizacion\/","title":{"rendered":"ITAKA - ESCOLAPIOS DA LA PALABRA CON LA ALFABETIZACI\u00d3N"},"content":{"rendered":"<p>Nuestro mundo est\u00e1, gracias a Dios, muy interconectado por la comunicaci\u00f3n, las ideas, el comercio&#8230; y por lo m\u00e1s importante: las personas que conviven en el mismo lugar siendo de pa\u00edses, lenguas, culturas diferentes.<\/p>\n<p>Es necesario dar la palabra, posibilitar la comunicaci\u00f3n que da la lengua&#8230; y tambi\u00e9n el derecho a ser como los dem\u00e1s estemos donde estemos y seamos de donde seamos.<\/p>\n<p>Itaka &#8211; Escolapios se esfuerza en la alfabetizaci\u00f3n de personas inmigrantes, especialmente en Espa\u00f1a y Senegal.<\/p>\n<p>Podemos verlo en este v\u00eddeo: <a href=\"https:\/\/www.facebook.com\/369497866534344\/videos\/2436880026357253\/\">https:\/\/www.facebook.com\/369497866534344\/videos\/2436880026357253\/<\/a><\/p>\n","protected":false},"excerpt":{"rendered":"<p>Nuestro mundo est\u00e1, gracias a Dios, muy interconectado por la comunicaci\u00f3n, las ideas, el comercio&#8230; y por lo m\u00e1s importante: las personas que conviven en el mismo lugar siendo de [&hellip;]<\/p>\n","protected":false},"author":4,"featured_media":30604,"comment_status":"closed","ping_status":"closed","sticky":false,"template":"","format":"standard","meta":{"_et_pb_use_builder":"","_et_pb_old_content":"","_et_gb_content_width":"","footnotes":""},"categories":[30],"tags":[],"class_list":["post-30603","post","type-post","status-publish","format-standard","has-post-thumbnail","hentry","category-itaka-escolapios"],"yoast_head":"<!-- This site is optimized with the Yoast SEO plugin v27.4 - https:\/\/yoast.com\/product\/yoast-seo-wordpress\/ -->\n<title>ITAKA - ESCOLAPIOS DA LA PALABRA CON LA ALFABETIZACI\u00d3N<\/title>\n<meta name=\"description\" content=\"Nuestro mundo est\u00e1, gracias a Dios, muy interconectado por la comunicaci\u00f3n, las ideas, el comercio... y por lo m\u00e1s importante: las personas que conviven en el mismo lugar siendo de pa\u00edses, lenguas, culturas diferentes. Es necesario dar la palabra, posibilitar la comunicaci\u00f3n que da la lengua... y tambi\u00e9n el derecho a ser como los dem\u00e1s&hellip;\" \/>\n<meta name=\"robots\" content=\"index, follow, max-snippet:-1, max-image-preview:large, max-video-preview:-1\" \/>\n<link rel=\"canonical\" href=\"\" \/>\n<meta property=\"og:locale\" content=\"en_US\" \/>\n<meta property=\"og:type\" content=\"article\" \/>\n<meta property=\"og:title\" content=\"ITAKA - ESCOLAPIOS DA LA PALABRA CON LA ALFABETIZACI\u00d3N\" \/>\n<meta property=\"og:description\" content=\"Nuestro mundo est\u00e1, gracias a Dios, muy interconectado por la comunicaci\u00f3n, las ideas, el comercio... y por lo m\u00e1s importante: las personas que conviven en el mismo lugar siendo de pa\u00edses, lenguas, culturas diferentes. Es necesario dar la palabra, posibilitar la comunicaci\u00f3n que da la lengua... y tambi\u00e9n el derecho a ser como los dem\u00e1s&hellip;\" \/>\n<meta property=\"og:url\" content=\"https:\/\/www.itakaescolapios.org\/en\/2020\/05\/itaka-escolapios-da-la-palabra-con-la-alfabetizacion\/\" \/>\n<meta property=\"og:site_name\" content=\"Proofs in Itaka-Escolapios\" \/>\n<meta property=\"article:published_time\" content=\"2020-05-06T11:29:50+00:00\" \/>\n<meta property=\"article:modified_time\" content=\"2025-03-07T18:11:36+00:00\" \/>\n<meta property=\"og:image\" content=\"https:\/\/www.itakaescolapios.org\/wp-content\/uploads\/2020\/05\/1alfab.jpg\" \/>\n\t<meta property=\"og:image:width\" content=\"688\" \/>\n\t<meta property=\"og:image:height\" content=\"358\" \/>\n\t<meta property=\"og:image:type\" content=\"image\/jpeg\" \/>\n<meta name=\"author\" content=\"itaka\" \/>\n<meta name=\"twitter:card\" content=\"summary_large_image\" \/>\n<meta name=\"twitter:label1\" content=\"Written by\" \/>\n\t<meta name=\"twitter:data1\" content=\"itaka\" \/>\n<script type=\"application\/ld+json\" class=\"yoast-schema-graph\">{\"@context\":\"https:\\\/\\\/schema.org\",\"@graph\":[{\"@type\":\"Article\",\"@id\":\"https:\\\/\\\/www.itakaescolapios.org\\\/en\\\/2020\\\/05\\\/itaka-escolapios-da-la-palabra-con-la-alfabetizacion\\\/#article\",\"isPartOf\":{\"@id\":\"https:\\\/\\\/www.itakaescolapios.org\\\/en\\\/2020\\\/05\\\/itaka-escolapios-da-la-palabra-con-la-alfabetizacion\\\/\"},\"author\":{\"name\":\"itaka\",\"@id\":\"https:\\\/\\\/www.itakaescolapios.org\\\/es\\\/#\\\/schema\\\/person\\\/670123daeb1cc31cae1b106740036ccb\"},\"headline\":\"ITAKA - ESCOLAPIOS DA LA PALABRA CON LA ALFABETIZACI\u00d3N\",\"datePublished\":\"2020-05-06T11:29:50+00:00\",\"dateModified\":\"2025-03-07T18:11:36+00:00\",\"mainEntityOfPage\":{\"@id\":\"https:\\\/\\\/www.itakaescolapios.org\\\/en\\\/2020\\\/05\\\/itaka-escolapios-da-la-palabra-con-la-alfabetizacion\\\/\"},\"wordCount\":108,\"publisher\":{\"@id\":\"https:\\\/\\\/www.itakaescolapios.org\\\/es\\\/#organization\"},\"image\":{\"@id\":\"https:\\\/\\\/www.itakaescolapios.org\\\/en\\\/2020\\\/05\\\/itaka-escolapios-da-la-palabra-con-la-alfabetizacion\\\/#primaryimage\"},\"thumbnailUrl\":\"https:\\\/\\\/www.itakaescolapios.org\\\/wp-content\\\/uploads\\\/2020\\\/05\\\/1alfab.jpg\",\"articleSection\":[\"Itaka Escolapios\"],\"inLanguage\":\"en-US\"},{\"@type\":\"WebPage\",\"@id\":\"https:\\\/\\\/www.itakaescolapios.org\\\/en\\\/2020\\\/05\\\/itaka-escolapios-da-la-palabra-con-la-alfabetizacion\\\/\",\"url\":\"https:\\\/\\\/www.itakaescolapios.org\\\/en\\\/2020\\\/05\\\/itaka-escolapios-da-la-palabra-con-la-alfabetizacion\\\/\",\"name\":\"ITAKA - ESCOLAPIOS DA LA PALABRA CON LA ALFABETIZACI\u00d3N - Proofs in Itaka-Escolapios\",\"isPartOf\":{\"@id\":\"https:\\\/\\\/www.itakaescolapios.org\\\/es\\\/#website\"},\"primaryImageOfPage\":{\"@id\":\"https:\\\/\\\/www.itakaescolapios.org\\\/en\\\/2020\\\/05\\\/itaka-escolapios-da-la-palabra-con-la-alfabetizacion\\\/#primaryimage\"},\"image\":{\"@id\":\"https:\\\/\\\/www.itakaescolapios.org\\\/en\\\/2020\\\/05\\\/itaka-escolapios-da-la-palabra-con-la-alfabetizacion\\\/#primaryimage\"},\"thumbnailUrl\":\"https:\\\/\\\/www.itakaescolapios.org\\\/wp-content\\\/uploads\\\/2020\\\/05\\\/1alfab.jpg\",\"datePublished\":\"2020-05-06T11:29:50+00:00\",\"dateModified\":\"2025-03-07T18:11:36+00:00\",\"breadcrumb\":{\"@id\":\"https:\\\/\\\/www.itakaescolapios.org\\\/en\\\/2020\\\/05\\\/itaka-escolapios-da-la-palabra-con-la-alfabetizacion\\\/#breadcrumb\"},\"inLanguage\":\"en-US\",\"potentialAction\":[{\"@type\":\"ReadAction\",\"target\":[\"https:\\\/\\\/www.itakaescolapios.org\\\/en\\\/2020\\\/05\\\/itaka-escolapios-da-la-palabra-con-la-alfabetizacion\\\/\"]}]},{\"@type\":\"ImageObject\",\"inLanguage\":\"en-US\",\"@id\":\"https:\\\/\\\/www.itakaescolapios.org\\\/en\\\/2020\\\/05\\\/itaka-escolapios-da-la-palabra-con-la-alfabetizacion\\\/#primaryimage\",\"url\":\"https:\\\/\\\/www.itakaescolapios.org\\\/wp-content\\\/uploads\\\/2020\\\/05\\\/1alfab.jpg\",\"contentUrl\":\"https:\\\/\\\/www.itakaescolapios.org\\\/wp-content\\\/uploads\\\/2020\\\/05\\\/1alfab.jpg\",\"width\":688,\"height\":358},{\"@type\":\"BreadcrumbList\",\"@id\":\"https:\\\/\\\/www.itakaescolapios.org\\\/en\\\/2020\\\/05\\\/itaka-escolapios-da-la-palabra-con-la-alfabetizacion\\\/#breadcrumb\",\"itemListElement\":[{\"@type\":\"ListItem\",\"position\":1,\"name\":\"Proof\",\"item\":\"https:\\\/\\\/www.itakaescolapios.org\\\/es\\\/\"},{\"@type\":\"ListItem\",\"position\":2,\"name\":\"ITAKA - ESCOLAPIOS DA LA PALABRA CON LA ALFABETIZACI\u00d3N\"}]},{\"@type\":\"WebSite\",\"@id\":\"https:\\\/\\\/www.itakaescolapios.org\\\/en\\\/es\\\/#website\",\"url\":\"https:\\\/\\\/www.itakaescolapios.org\\\/en\\\/es\\\/\",\"name\":\"Itaka-Escolapios\",\"description\":\"Red de Itaka-Escolapios\",\"publisher\":{\"@id\":\"https:\\\/\\\/www.itakaescolapios.org\\\/en\\\/es\\\/#organization\"},\"potentialAction\":[{\"@type\":\"SearchAction\",\"target\":{\"@type\":\"EntryPoint\",\"urlTemplate\":\"https:\\\/\\\/www.itakaescolapios.org\\\/en\\\/es\\\/?s={search_term_string}\"},\"query-input\":{\"@type\":\"PropertyValueSpecification\",\"valueRequired\":true,\"valueName\":\"search_term_string\"}}],\"inLanguage\":\"en-US\"},{\"@type\":\"Organization\",\"@id\":\"https:\\\/\\\/www.itakaescolapios.org\\\/en\\\/es\\\/#organization\",\"name\":\"Fundaci\u00f3 Itaka-Escolapios\",\"url\":\"https:\\\/\\\/www.itakaescolapios.org\\\/en\\\/es\\\/\",\"logo\":{\"@type\":\"ImageObject\",\"inLanguage\":\"en-US\",\"@id\":\"https:\\\/\\\/www.itakaescolapios.org\\\/en\\\/es\\\/#\\\/schema\\\/logo\\\/image\\\/\",\"url\":\"https:\\\/\\\/www.itakaescolapios.org\\\/wp-content\\\/uploads\\\/2024\\\/04\\\/Logo-itakaescolapios-peque.png\",\"contentUrl\":\"https:\\\/\\\/www.itakaescolapios.org\\\/wp-content\\\/uploads\\\/2024\\\/04\\\/Logo-itakaescolapios-peque.png\",\"width\":500,\"height\":199,\"caption\":\"Fundaci\u00f3 Itaka-Escolapios\"},\"image\":{\"@id\":\"https:\\\/\\\/www.itakaescolapios.org\\\/en\\\/es\\\/#\\\/schema\\\/logo\\\/image\\\/\"}},{\"@type\":\"Person\",\"@id\":\"https:\\\/\\\/www.itakaescolapios.org\\\/es\\\/#\\\/schema\\\/person\\\/670123daeb1cc31cae1b106740036ccb\",\"name\":\"itaka\",\"url\":\"https:\\\/\\\/www.itakaescolapios.org\\\/en\\\/author\\\/itaka\\\/\"}]}<\/script>\n<!-- \/ Yoast SEO plugin. -->","yoast_head_json":{"title":"ITAKA - ESCOLAPIOS DA LA PALABRA CON LA ALFABETIZACI\u00d3N","description":"Nuestro mundo est\u00e1, gracias a Dios, muy interconectado por la comunicaci\u00f3n, las ideas, el comercio... y por lo m\u00e1s importante: las personas que conviven en el mismo lugar siendo de pa\u00edses, lenguas, culturas diferentes. Es necesario dar la palabra, posibilitar la comunicaci\u00f3n que da la lengua... y tambi\u00e9n el derecho a ser como los dem\u00e1s&hellip;","robots":{"index":"index","follow":"follow","max-snippet":"max-snippet:-1","max-image-preview":"max-image-preview:large","max-video-preview":"max-video-preview:-1"},"canonical":"Nuestro mundo est\u00e1, gracias a Dios, muy interconectado por la comunicaci\u00f3n, las ideas, el comercio... y por lo m\u00e1s importante: las personas que conviven en el mismo lugar siendo de pa\u00edses, lenguas, culturas diferentes. Es necesario dar la palabra, posibilitar la comunicaci\u00f3n que da la lengua... y tambi\u00e9n el derecho a ser como los dem\u00e1s&hellip;","og_locale":"en_US","og_type":"article","og_title":"ITAKA - ESCOLAPIOS DA LA PALABRA CON LA ALFABETIZACI\u00d3N","og_description":"Nuestro mundo est\u00e1, gracias a Dios, muy interconectado por la comunicaci\u00f3n, las ideas, el comercio... y por lo m\u00e1s importante: las personas que conviven en el mismo lugar siendo de pa\u00edses, lenguas, culturas diferentes. Es necesario dar la palabra, posibilitar la comunicaci\u00f3n que da la lengua... y tambi\u00e9n el derecho a ser como los dem\u00e1s&hellip;","og_url":"https:\/\/www.itakaescolapios.org\/en\/2020\/05\/itaka-escolapios-da-la-palabra-con-la-alfabetizacion\/","og_site_name":"Proofs in Itaka-Escolapios","article_published_time":"2020-05-06T11:29:50+00:00","article_modified_time":"2025-03-07T18:11:36+00:00","og_image":[{"width":688,"height":358,"url":"https:\/\/www.itakaescolapios.org\/wp-content\/uploads\/2020\/05\/1alfab.jpg","type":"image\/jpeg"}],"author":"itaka","twitter_card":"summary_large_image","twitter_misc":{"Written by":"itaka"},"schema":{"@context":"https:\/\/schema.org","@graph":[{"@type":"Article","@id":"https:\/\/www.itakaescolapios.org\/en\/2020\/05\/itaka-escolapios-da-la-palabra-con-la-alfabetizacion\/#article","isPartOf":{"@id":"https:\/\/www.itakaescolapios.org\/en\/2020\/05\/itaka-escolapios-da-la-palabra-con-la-alfabetizacion\/"},"author":{"name":"itaka","@id":"https:\/\/www.itakaescolapios.org\/es\/#\/schema\/person\/670123daeb1cc31cae1b106740036ccb"},"headline":"ITAKA - ESCOLAPIOS DA LA PALABRA CON LA ALFABETIZACI\u00d3N","datePublished":"2020-05-06T11:29:50+00:00","dateModified":"2025-03-07T18:11:36+00:00","mainEntityOfPage":{"@id":"https:\/\/www.itakaescolapios.org\/en\/2020\/05\/itaka-escolapios-da-la-palabra-con-la-alfabetizacion\/"},"wordCount":108,"publisher":{"@id":"https:\/\/www.itakaescolapios.org\/es\/#organization"},"image":{"@id":"https:\/\/www.itakaescolapios.org\/en\/2020\/05\/itaka-escolapios-da-la-palabra-con-la-alfabetizacion\/#primaryimage"},"thumbnailUrl":"https:\/\/www.itakaescolapios.org\/wp-content\/uploads\/2020\/05\/1alfab.jpg","articleSection":["Itaka Escolapios"],"inLanguage":"en-US"},{"@type":"WebPage","@id":"https:\/\/www.itakaescolapios.org\/en\/2020\/05\/itaka-escolapios-da-la-palabra-con-la-alfabetizacion\/","url":"https:\/\/www.itakaescolapios.org\/en\/2020\/05\/itaka-escolapios-da-la-palabra-con-la-alfabetizacion\/","name":"ITAKA - ESCOLAPIOS DA LA PALABRA CON LA ALFABETIZACI\u00d3N - Proofs in Itaka-Escolapios","isPartOf":{"@id":"https:\/\/www.itakaescolapios.org\/es\/#website"},"primaryImageOfPage":{"@id":"https:\/\/www.itakaescolapios.org\/en\/2020\/05\/itaka-escolapios-da-la-palabra-con-la-alfabetizacion\/#primaryimage"},"image":{"@id":"https:\/\/www.itakaescolapios.org\/en\/2020\/05\/itaka-escolapios-da-la-palabra-con-la-alfabetizacion\/#primaryimage"},"thumbnailUrl":"https:\/\/www.itakaescolapios.org\/wp-content\/uploads\/2020\/05\/1alfab.jpg","datePublished":"2020-05-06T11:29:50+00:00","dateModified":"2025-03-07T18:11:36+00:00","breadcrumb":{"@id":"https:\/\/www.itakaescolapios.org\/en\/2020\/05\/itaka-escolapios-da-la-palabra-con-la-alfabetizacion\/#breadcrumb"},"inLanguage":"en-US","potentialAction":[{"@type":"ReadAction","target":["https:\/\/www.itakaescolapios.org\/en\/2020\/05\/itaka-escolapios-da-la-palabra-con-la-alfabetizacion\/"]}]},{"@type":"ImageObject","inLanguage":"en-US","@id":"https:\/\/www.itakaescolapios.org\/en\/2020\/05\/itaka-escolapios-da-la-palabra-con-la-alfabetizacion\/#primaryimage","url":"https:\/\/www.itakaescolapios.org\/wp-content\/uploads\/2020\/05\/1alfab.jpg","contentUrl":"https:\/\/www.itakaescolapios.org\/wp-content\/uploads\/2020\/05\/1alfab.jpg","width":688,"height":358},{"@type":"BreadcrumbList","@id":"https:\/\/www.itakaescolapios.org\/en\/2020\/05\/itaka-escolapios-da-la-palabra-con-la-alfabetizacion\/#breadcrumb","itemListElement":[{"@type":"ListItem","position":1,"name":"Proof","item":"https:\/\/www.itakaescolapios.org\/es\/"},{"@type":"ListItem","position":2,"name":"ITAKA - ESCOLAPIOS DA LA PALABRA CON LA ALFABETIZACI\u00d3N"}]},{"@type":"WebSite","@id":"https:\/\/www.itakaescolapios.org\/en\/es\/#website","url":"https:\/\/www.itakaescolapios.org\/en\/es\/","name":"Itaka-Escolapios","description":"Red de Itaka-Escolapios","publisher":{"@id":"https:\/\/www.itakaescolapios.org\/en\/es\/#organization"},"potentialAction":[{"@type":"SearchAction","target":{"@type":"EntryPoint","urlTemplate":"https:\/\/www.itakaescolapios.org\/en\/es\/?s={search_term_string}"},"query-input":{"@type":"PropertyValueSpecification","valueRequired":true,"valueName":"search_term_string"}}],"inLanguage":"en-US"},{"@type":"Organization","@id":"https:\/\/www.itakaescolapios.org\/en\/es\/#organization","name":"Fundaci\u00f3 Itaka-Escolapios","url":"https:\/\/www.itakaescolapios.org\/en\/es\/","logo":{"@type":"ImageObject","inLanguage":"en-US","@id":"https:\/\/www.itakaescolapios.org\/en\/es\/#\/schema\/logo\/image\/","url":"https:\/\/www.itakaescolapios.org\/wp-content\/uploads\/2024\/04\/Logo-itakaescolapios-peque.png","contentUrl":"https:\/\/www.itakaescolapios.org\/wp-content\/uploads\/2024\/04\/Logo-itakaescolapios-peque.png","width":500,"height":199,"caption":"Fundaci\u00f3 Itaka-Escolapios"},"image":{"@id":"https:\/\/www.itakaescolapios.org\/en\/es\/#\/schema\/logo\/image\/"}},{"@type":"Person","@id":"https:\/\/www.itakaescolapios.org\/es\/#\/schema\/person\/670123daeb1cc31cae1b106740036ccb","name":"itaka","url":"https:\/\/www.itakaescolapios.org\/en\/author\/itaka\/"}]}},"_links":{"self":[{"href":"https:\/\/www.itakaescolapios.org\/en\/wp-json\/wp\/v2\/posts\/30603","targetHints":{"allow":["GET"]}}],"collection":[{"href":"https:\/\/www.itakaescolapios.org\/en\/wp-json\/wp\/v2\/posts"}],"about":[{"href":"https:\/\/www.itakaescolapios.org\/en\/wp-json\/wp\/v2\/types\/post"}],"author":[{"embeddable":true,"href":"https:\/\/www.itakaescolapios.org\/en\/wp-json\/wp\/v2\/users\/4"}],"replies":[{"embeddable":true,"href":"https:\/\/www.itakaescolapios.org\/en\/wp-json\/wp\/v2\/comments?post=30603"}],"version-history":[{"count":3,"href":"https:\/\/www.itakaescolapios.org\/en\/wp-json\/wp\/v2\/posts\/30603\/revisions"}],"predecessor-version":[{"id":44866,"href":"https:\/\/www.itakaescolapios.org\/en\/wp-json\/wp\/v2\/posts\/30603\/revisions\/44866"}],"wp:featuredmedia":[{"embeddable":true,"href":"https:\/\/www.itakaescolapios.org\/en\/wp-json\/wp\/v2\/media\/30604"}],"wp:attachment":[{"href":"https:\/\/www.itakaescolapios.org\/en\/wp-json\/wp\/v2\/media?parent=30603"}],"wp:term":[{"taxonomy":"category","embeddable":true,"href":"https:\/\/www.itakaescolapios.org\/en\/wp-json\/wp\/v2\/categories?post=30603"},{"taxonomy":"post_tag","embeddable":true,"href":"https:\/\/www.itakaescolapios.org\/en\/wp-json\/wp\/v2\/tags?post=30603"}],"curies":[{"name":"wp","href":"https:\/\/api.w.org\/{rel}","templated":true}]}}