{"id":30629,"date":"2020-05-08T12:12:53","date_gmt":"2020-05-08T11:12:53","guid":{"rendered":"https:\/\/www.itakaescolapios.org\/?p=30629"},"modified":"2023-11-28T12:36:21","modified_gmt":"2023-11-28T11:36:21","slug":"la-sede-de-itaka-escolapios-en-valencia-ya-cuenta-con-certificado-de-calidad","status":"publish","type":"post","link":"https:\/\/www.itakaescolapios.org\/en\/2020\/05\/la-sede-de-itaka-escolapios-en-valencia-ya-cuenta-con-certificado-de-calidad\/","title":{"rendered":"\u00a1LA SEDE DE ITAKA- ESCOLAPIOS EN VALENCIA YA CUENTA CON CERTIFICADO DE CALIDAD!"},"content":{"rendered":"<p>La Fundaci\u00f3n Itaka-Escolapios en Valencia ya dispone de un Sistema de Gesti\u00f3n de Calidad certificado de acuerdo a la norma UNE-EN ISO 9001: 2015 por EDUQATIA, despu\u00e9s de m\u00e1s de un a\u00f1o preparando y adecuando los procesos que han sido auditados por esta entidad.<\/p>\n<p>En concreto, este sistema ha revisado el trabajo en Valencia en relaci\u00f3n a las actividades y programas de intervenci\u00f3n socioeducativa en el Centro de D\u00eda Convivencial Amaltea, Centro de D\u00eda de Inserci\u00f3n Amaltea y el proyecto Llum, as\u00ed como la gesti\u00f3n de personas y recursos, voluntariado, sensibilizaci\u00f3n y comunicaci\u00f3n.<\/p>\n<p>Este certificado de calidad supone un paso muy importante para la sede de Valencia, ya que con \u00e9l se verifica que nuestras actividades est\u00e1n organizadas y contrastadas, y que hay una mejora continua tanto en los proyectos de transformaci\u00f3n social que llevamos a cabo en Valencia como en los procesos que desarrollamos.<\/p>\n<p>Adem\u00e1s, el certificado confirma nuestro compromiso por mantener unos niveles altos de satisfacci\u00f3n en los menores, sus familias y, en general, todas las personas que se implican con Itaka- Escolapios.<\/p>\n<p>Eduqatia es una entidad de certificaci\u00f3n de sistemas de gesti\u00f3n creada en 2003 especializada en el sector de la educaci\u00f3n y la formaci\u00f3n.<\/p>\n<p>&nbsp;<\/p>\n","protected":false},"excerpt":{"rendered":"<p>La Fundaci\u00f3n Itaka-Escolapios en Valencia ya dispone de un Sistema de Gesti\u00f3n de Calidad certificado de acuerdo a la norma UNE-EN ISO 9001: 2015 por EDUQATIA, despu\u00e9s de m\u00e1s de [&hellip;]<\/p>\n","protected":false},"author":39,"featured_media":30630,"comment_status":"closed","ping_status":"closed","sticky":false,"template":"","format":"standard","meta":{"_et_pb_use_builder":"","_et_pb_old_content":"","_et_gb_content_width":"","footnotes":""},"categories":[12],"tags":[469,471,327,357,141,473,272,470,472,301],"class_list":["post-30629","post","type-post","status-publish","format-standard","has-post-thumbnail","hentry","category-valencia","tag-certificado-de-calidad","tag-eduqatia","tag-infancia","tag-juventud","tag-procesos","tag-programas","tag-proyectos","tag-sede-valencia","tag-sistema-de-gestion-de-calidad","tag-transformacion-social"],"yoast_head":"<!-- This site is optimized with the Yoast SEO plugin v27.4 - https:\/\/yoast.com\/product\/yoast-seo-wordpress\/ -->\n<title>\u00a1LA SEDE DE ITAKA- ESCOLAPIOS EN VALENCIA YA CUENTA CON CERTIFICADO DE CALIDAD!<\/title>\n<meta name=\"description\" content=\"La Fundaci\u00f3n Itaka-Escolapios en Valencia ya dispone de un Sistema de Gesti\u00f3n de Calidad certificado de acuerdo a la norma UNE-EN ISO 9001: 2015 por EDUQATIA, despu\u00e9s de m\u00e1s de un a\u00f1o preparando y adecuando los procesos que han sido auditados por esta entidad. En concreto, este sistema ha revisado el trabajo en Valencia en&hellip;\" \/>\n<meta name=\"robots\" content=\"index, follow, max-snippet:-1, max-image-preview:large, max-video-preview:-1\" \/>\n<link rel=\"canonical\" href=\"\" \/>\n<meta property=\"og:locale\" content=\"en_US\" \/>\n<meta property=\"og:type\" content=\"article\" \/>\n<meta property=\"og:title\" content=\"\u00a1LA SEDE DE ITAKA- ESCOLAPIOS EN VALENCIA YA CUENTA CON CERTIFICADO DE CALIDAD!\" \/>\n<meta property=\"og:description\" content=\"La Fundaci\u00f3n Itaka-Escolapios en Valencia ya dispone de un Sistema de Gesti\u00f3n de Calidad certificado de acuerdo a la norma UNE-EN ISO 9001: 2015 por EDUQATIA, despu\u00e9s de m\u00e1s de un a\u00f1o preparando y adecuando los procesos que han sido auditados por esta entidad. En concreto, este sistema ha revisado el trabajo en Valencia en&hellip;\" \/>\n<meta property=\"og:url\" content=\"https:\/\/www.itakaescolapios.org\/en\/2020\/05\/la-sede-de-itaka-escolapios-en-valencia-ya-cuenta-con-certificado-de-calidad\/\" \/>\n<meta property=\"og:site_name\" content=\"Proofs in Itaka-Escolapios\" \/>\n<meta property=\"article:published_time\" content=\"2020-05-08T11:12:53+00:00\" \/>\n<meta property=\"article:modified_time\" content=\"2023-11-28T11:36:21+00:00\" \/>\n<meta property=\"og:image\" content=\"https:\/\/www.itakaescolapios.org\/wp-content\/uploads\/2020\/05\/Marca-EDUQATIA-ISO9001-714-19.jpg\" \/>\n\t<meta property=\"og:image:width\" content=\"978\" \/>\n\t<meta property=\"og:image:height\" content=\"1500\" \/>\n\t<meta property=\"og:image:type\" content=\"image\/jpeg\" \/>\n<meta name=\"author\" content=\"valencia01\" \/>\n<meta name=\"twitter:card\" content=\"summary_large_image\" \/>\n<meta name=\"twitter:label1\" content=\"Written by\" \/>\n\t<meta name=\"twitter:data1\" content=\"valencia01\" \/>\n\t<meta name=\"twitter:label2\" content=\"Est. reading time\" \/>\n\t<meta name=\"twitter:data2\" content=\"1 minute\" \/>\n<script type=\"application\/ld+json\" class=\"yoast-schema-graph\">{\"@context\":\"https:\\\/\\\/schema.org\",\"@graph\":[{\"@type\":\"Article\",\"@id\":\"https:\\\/\\\/www.itakaescolapios.org\\\/en\\\/2020\\\/05\\\/la-sede-de-itaka-escolapios-en-valencia-ya-cuenta-con-certificado-de-calidad\\\/#article\",\"isPartOf\":{\"@id\":\"https:\\\/\\\/www.itakaescolapios.org\\\/en\\\/2020\\\/05\\\/la-sede-de-itaka-escolapios-en-valencia-ya-cuenta-con-certificado-de-calidad\\\/\"},\"author\":{\"name\":\"valencia01\",\"@id\":\"https:\\\/\\\/www.itakaescolapios.org\\\/es\\\/#\\\/schema\\\/person\\\/c232ccaa2b3f2e98db93c1f8dfca96ff\"},\"headline\":\"\u00a1LA SEDE DE ITAKA- ESCOLAPIOS EN VALENCIA YA CUENTA CON CERTIFICADO DE CALIDAD!\",\"datePublished\":\"2020-05-08T11:12:53+00:00\",\"dateModified\":\"2023-11-28T11:36:21+00:00\",\"mainEntityOfPage\":{\"@id\":\"https:\\\/\\\/www.itakaescolapios.org\\\/en\\\/2020\\\/05\\\/la-sede-de-itaka-escolapios-en-valencia-ya-cuenta-con-certificado-de-calidad\\\/\"},\"wordCount\":230,\"publisher\":{\"@id\":\"https:\\\/\\\/www.itakaescolapios.org\\\/es\\\/#organization\"},\"image\":{\"@id\":\"https:\\\/\\\/www.itakaescolapios.org\\\/en\\\/2020\\\/05\\\/la-sede-de-itaka-escolapios-en-valencia-ya-cuenta-con-certificado-de-calidad\\\/#primaryimage\"},\"thumbnailUrl\":\"https:\\\/\\\/www.itakaescolapios.org\\\/wp-content\\\/uploads\\\/2020\\\/05\\\/Marca-EDUQATIA-ISO9001-714-19.jpg\",\"keywords\":[\"certificado de calidad\",\"Eduqatia\",\"Infancia\",\"Juventud\",\"procesos\",\"programas\",\"proyectos\",\"sede Valencia\",\"Sistema de Gesti\u00f3n de Calidad\",\"transformaci\u00f3n social\"],\"articleSection\":[\"Valencia\"],\"inLanguage\":\"en-US\"},{\"@type\":\"WebPage\",\"@id\":\"https:\\\/\\\/www.itakaescolapios.org\\\/en\\\/2020\\\/05\\\/la-sede-de-itaka-escolapios-en-valencia-ya-cuenta-con-certificado-de-calidad\\\/\",\"url\":\"https:\\\/\\\/www.itakaescolapios.org\\\/en\\\/2020\\\/05\\\/la-sede-de-itaka-escolapios-en-valencia-ya-cuenta-con-certificado-de-calidad\\\/\",\"name\":\"\u00a1LA SEDE DE ITAKA- ESCOLAPIOS EN VALENCIA YA CUENTA CON CERTIFICADO DE CALIDAD! - Proofs in Itaka-Escolapios\",\"isPartOf\":{\"@id\":\"https:\\\/\\\/www.itakaescolapios.org\\\/es\\\/#website\"},\"primaryImageOfPage\":{\"@id\":\"https:\\\/\\\/www.itakaescolapios.org\\\/en\\\/2020\\\/05\\\/la-sede-de-itaka-escolapios-en-valencia-ya-cuenta-con-certificado-de-calidad\\\/#primaryimage\"},\"image\":{\"@id\":\"https:\\\/\\\/www.itakaescolapios.org\\\/en\\\/2020\\\/05\\\/la-sede-de-itaka-escolapios-en-valencia-ya-cuenta-con-certificado-de-calidad\\\/#primaryimage\"},\"thumbnailUrl\":\"https:\\\/\\\/www.itakaescolapios.org\\\/wp-content\\\/uploads\\\/2020\\\/05\\\/Marca-EDUQATIA-ISO9001-714-19.jpg\",\"datePublished\":\"2020-05-08T11:12:53+00:00\",\"dateModified\":\"2023-11-28T11:36:21+00:00\",\"breadcrumb\":{\"@id\":\"https:\\\/\\\/www.itakaescolapios.org\\\/en\\\/2020\\\/05\\\/la-sede-de-itaka-escolapios-en-valencia-ya-cuenta-con-certificado-de-calidad\\\/#breadcrumb\"},\"inLanguage\":\"en-US\",\"potentialAction\":[{\"@type\":\"ReadAction\",\"target\":[\"https:\\\/\\\/www.itakaescolapios.org\\\/en\\\/2020\\\/05\\\/la-sede-de-itaka-escolapios-en-valencia-ya-cuenta-con-certificado-de-calidad\\\/\"]}]},{\"@type\":\"ImageObject\",\"inLanguage\":\"en-US\",\"@id\":\"https:\\\/\\\/www.itakaescolapios.org\\\/en\\\/2020\\\/05\\\/la-sede-de-itaka-escolapios-en-valencia-ya-cuenta-con-certificado-de-calidad\\\/#primaryimage\",\"url\":\"https:\\\/\\\/www.itakaescolapios.org\\\/wp-content\\\/uploads\\\/2020\\\/05\\\/Marca-EDUQATIA-ISO9001-714-19.jpg\",\"contentUrl\":\"https:\\\/\\\/www.itakaescolapios.org\\\/wp-content\\\/uploads\\\/2020\\\/05\\\/Marca-EDUQATIA-ISO9001-714-19.jpg\",\"width\":978,\"height\":1500},{\"@type\":\"BreadcrumbList\",\"@id\":\"https:\\\/\\\/www.itakaescolapios.org\\\/en\\\/2020\\\/05\\\/la-sede-de-itaka-escolapios-en-valencia-ya-cuenta-con-certificado-de-calidad\\\/#breadcrumb\",\"itemListElement\":[{\"@type\":\"ListItem\",\"position\":1,\"name\":\"Proof\",\"item\":\"https:\\\/\\\/www.itakaescolapios.org\\\/es\\\/\"},{\"@type\":\"ListItem\",\"position\":2,\"name\":\"\u00a1LA SEDE DE ITAKA- ESCOLAPIOS EN VALENCIA YA CUENTA CON CERTIFICADO DE CALIDAD!\"}]},{\"@type\":\"WebSite\",\"@id\":\"https:\\\/\\\/www.itakaescolapios.org\\\/en\\\/es\\\/#website\",\"url\":\"https:\\\/\\\/www.itakaescolapios.org\\\/en\\\/es\\\/\",\"name\":\"Itaka-Escolapios\",\"description\":\"Red de Itaka-Escolapios\",\"publisher\":{\"@id\":\"https:\\\/\\\/www.itakaescolapios.org\\\/en\\\/es\\\/#organization\"},\"potentialAction\":[{\"@type\":\"SearchAction\",\"target\":{\"@type\":\"EntryPoint\",\"urlTemplate\":\"https:\\\/\\\/www.itakaescolapios.org\\\/en\\\/es\\\/?s={search_term_string}\"},\"query-input\":{\"@type\":\"PropertyValueSpecification\",\"valueRequired\":true,\"valueName\":\"search_term_string\"}}],\"inLanguage\":\"en-US\"},{\"@type\":\"Organization\",\"@id\":\"https:\\\/\\\/www.itakaescolapios.org\\\/en\\\/es\\\/#organization\",\"name\":\"Fundaci\u00f3 Itaka-Escolapios\",\"url\":\"https:\\\/\\\/www.itakaescolapios.org\\\/en\\\/es\\\/\",\"logo\":{\"@type\":\"ImageObject\",\"inLanguage\":\"en-US\",\"@id\":\"https:\\\/\\\/www.itakaescolapios.org\\\/en\\\/es\\\/#\\\/schema\\\/logo\\\/image\\\/\",\"url\":\"https:\\\/\\\/www.itakaescolapios.org\\\/wp-content\\\/uploads\\\/2024\\\/04\\\/Logo-itakaescolapios-peque.png\",\"contentUrl\":\"https:\\\/\\\/www.itakaescolapios.org\\\/wp-content\\\/uploads\\\/2024\\\/04\\\/Logo-itakaescolapios-peque.png\",\"width\":500,\"height\":199,\"caption\":\"Fundaci\u00f3 Itaka-Escolapios\"},\"image\":{\"@id\":\"https:\\\/\\\/www.itakaescolapios.org\\\/en\\\/es\\\/#\\\/schema\\\/logo\\\/image\\\/\"}},{\"@type\":\"Person\",\"@id\":\"https:\\\/\\\/www.itakaescolapios.org\\\/es\\\/#\\\/schema\\\/person\\\/c232ccaa2b3f2e98db93c1f8dfca96ff\",\"name\":\"valencia01\",\"url\":\"https:\\\/\\\/www.itakaescolapios.org\\\/en\\\/author\\\/valencia01\\\/\"}]}<\/script>\n<!-- \/ Yoast SEO plugin. -->","yoast_head_json":{"title":"\u00a1LA SEDE DE ITAKA- ESCOLAPIOS EN VALENCIA YA CUENTA CON CERTIFICADO DE CALIDAD!","description":"La Fundaci\u00f3n Itaka-Escolapios en Valencia ya dispone de un Sistema de Gesti\u00f3n de Calidad certificado de acuerdo a la norma UNE-EN ISO 9001: 2015 por EDUQATIA, despu\u00e9s de m\u00e1s de un a\u00f1o preparando y adecuando los procesos que han sido auditados por esta entidad. En concreto, este sistema ha revisado el trabajo en Valencia en&hellip;","robots":{"index":"index","follow":"follow","max-snippet":"max-snippet:-1","max-image-preview":"max-image-preview:large","max-video-preview":"max-video-preview:-1"},"canonical":"La Fundaci\u00f3n Itaka-Escolapios en Valencia ya dispone de un Sistema de Gesti\u00f3n de Calidad certificado de acuerdo a la norma UNE-EN ISO 9001: 2015 por EDUQATIA, despu\u00e9s de m\u00e1s de un a\u00f1o preparando y adecuando los procesos que han sido auditados por esta entidad. En concreto, este sistema ha revisado el trabajo en Valencia en&hellip;","og_locale":"en_US","og_type":"article","og_title":"\u00a1LA SEDE DE ITAKA- ESCOLAPIOS EN VALENCIA YA CUENTA CON CERTIFICADO DE CALIDAD!","og_description":"La Fundaci\u00f3n Itaka-Escolapios en Valencia ya dispone de un Sistema de Gesti\u00f3n de Calidad certificado de acuerdo a la norma UNE-EN ISO 9001: 2015 por EDUQATIA, despu\u00e9s de m\u00e1s de un a\u00f1o preparando y adecuando los procesos que han sido auditados por esta entidad. En concreto, este sistema ha revisado el trabajo en Valencia en&hellip;","og_url":"https:\/\/www.itakaescolapios.org\/en\/2020\/05\/la-sede-de-itaka-escolapios-en-valencia-ya-cuenta-con-certificado-de-calidad\/","og_site_name":"Proofs in Itaka-Escolapios","article_published_time":"2020-05-08T11:12:53+00:00","article_modified_time":"2023-11-28T11:36:21+00:00","og_image":[{"width":978,"height":1500,"url":"https:\/\/www.itakaescolapios.org\/wp-content\/uploads\/2020\/05\/Marca-EDUQATIA-ISO9001-714-19.jpg","type":"image\/jpeg"}],"author":"valencia01","twitter_card":"summary_large_image","twitter_misc":{"Written by":"valencia01","Est. reading time":"1 minute"},"schema":{"@context":"https:\/\/schema.org","@graph":[{"@type":"Article","@id":"https:\/\/www.itakaescolapios.org\/en\/2020\/05\/la-sede-de-itaka-escolapios-en-valencia-ya-cuenta-con-certificado-de-calidad\/#article","isPartOf":{"@id":"https:\/\/www.itakaescolapios.org\/en\/2020\/05\/la-sede-de-itaka-escolapios-en-valencia-ya-cuenta-con-certificado-de-calidad\/"},"author":{"name":"valencia01","@id":"https:\/\/www.itakaescolapios.org\/es\/#\/schema\/person\/c232ccaa2b3f2e98db93c1f8dfca96ff"},"headline":"\u00a1LA SEDE DE ITAKA- ESCOLAPIOS EN VALENCIA YA CUENTA CON CERTIFICADO DE CALIDAD!","datePublished":"2020-05-08T11:12:53+00:00","dateModified":"2023-11-28T11:36:21+00:00","mainEntityOfPage":{"@id":"https:\/\/www.itakaescolapios.org\/en\/2020\/05\/la-sede-de-itaka-escolapios-en-valencia-ya-cuenta-con-certificado-de-calidad\/"},"wordCount":230,"publisher":{"@id":"https:\/\/www.itakaescolapios.org\/es\/#organization"},"image":{"@id":"https:\/\/www.itakaescolapios.org\/en\/2020\/05\/la-sede-de-itaka-escolapios-en-valencia-ya-cuenta-con-certificado-de-calidad\/#primaryimage"},"thumbnailUrl":"https:\/\/www.itakaescolapios.org\/wp-content\/uploads\/2020\/05\/Marca-EDUQATIA-ISO9001-714-19.jpg","keywords":["certificado de calidad","Eduqatia","Infancia","Juventud","procesos","programas","proyectos","sede Valencia","Sistema de Gesti\u00f3n de Calidad","transformaci\u00f3n social"],"articleSection":["Valencia"],"inLanguage":"en-US"},{"@type":"WebPage","@id":"https:\/\/www.itakaescolapios.org\/en\/2020\/05\/la-sede-de-itaka-escolapios-en-valencia-ya-cuenta-con-certificado-de-calidad\/","url":"https:\/\/www.itakaescolapios.org\/en\/2020\/05\/la-sede-de-itaka-escolapios-en-valencia-ya-cuenta-con-certificado-de-calidad\/","name":"\u00a1LA SEDE DE ITAKA- ESCOLAPIOS EN VALENCIA YA CUENTA CON CERTIFICADO DE CALIDAD! - Proofs in Itaka-Escolapios","isPartOf":{"@id":"https:\/\/www.itakaescolapios.org\/es\/#website"},"primaryImageOfPage":{"@id":"https:\/\/www.itakaescolapios.org\/en\/2020\/05\/la-sede-de-itaka-escolapios-en-valencia-ya-cuenta-con-certificado-de-calidad\/#primaryimage"},"image":{"@id":"https:\/\/www.itakaescolapios.org\/en\/2020\/05\/la-sede-de-itaka-escolapios-en-valencia-ya-cuenta-con-certificado-de-calidad\/#primaryimage"},"thumbnailUrl":"https:\/\/www.itakaescolapios.org\/wp-content\/uploads\/2020\/05\/Marca-EDUQATIA-ISO9001-714-19.jpg","datePublished":"2020-05-08T11:12:53+00:00","dateModified":"2023-11-28T11:36:21+00:00","breadcrumb":{"@id":"https:\/\/www.itakaescolapios.org\/en\/2020\/05\/la-sede-de-itaka-escolapios-en-valencia-ya-cuenta-con-certificado-de-calidad\/#breadcrumb"},"inLanguage":"en-US","potentialAction":[{"@type":"ReadAction","target":["https:\/\/www.itakaescolapios.org\/en\/2020\/05\/la-sede-de-itaka-escolapios-en-valencia-ya-cuenta-con-certificado-de-calidad\/"]}]},{"@type":"ImageObject","inLanguage":"en-US","@id":"https:\/\/www.itakaescolapios.org\/en\/2020\/05\/la-sede-de-itaka-escolapios-en-valencia-ya-cuenta-con-certificado-de-calidad\/#primaryimage","url":"https:\/\/www.itakaescolapios.org\/wp-content\/uploads\/2020\/05\/Marca-EDUQATIA-ISO9001-714-19.jpg","contentUrl":"https:\/\/www.itakaescolapios.org\/wp-content\/uploads\/2020\/05\/Marca-EDUQATIA-ISO9001-714-19.jpg","width":978,"height":1500},{"@type":"BreadcrumbList","@id":"https:\/\/www.itakaescolapios.org\/en\/2020\/05\/la-sede-de-itaka-escolapios-en-valencia-ya-cuenta-con-certificado-de-calidad\/#breadcrumb","itemListElement":[{"@type":"ListItem","position":1,"name":"Proof","item":"https:\/\/www.itakaescolapios.org\/es\/"},{"@type":"ListItem","position":2,"name":"\u00a1LA SEDE DE ITAKA- ESCOLAPIOS EN VALENCIA YA CUENTA CON CERTIFICADO DE CALIDAD!"}]},{"@type":"WebSite","@id":"https:\/\/www.itakaescolapios.org\/en\/es\/#website","url":"https:\/\/www.itakaescolapios.org\/en\/es\/","name":"Itaka-Escolapios","description":"Red de Itaka-Escolapios","publisher":{"@id":"https:\/\/www.itakaescolapios.org\/en\/es\/#organization"},"potentialAction":[{"@type":"SearchAction","target":{"@type":"EntryPoint","urlTemplate":"https:\/\/www.itakaescolapios.org\/en\/es\/?s={search_term_string}"},"query-input":{"@type":"PropertyValueSpecification","valueRequired":true,"valueName":"search_term_string"}}],"inLanguage":"en-US"},{"@type":"Organization","@id":"https:\/\/www.itakaescolapios.org\/en\/es\/#organization","name":"Fundaci\u00f3 Itaka-Escolapios","url":"https:\/\/www.itakaescolapios.org\/en\/es\/","logo":{"@type":"ImageObject","inLanguage":"en-US","@id":"https:\/\/www.itakaescolapios.org\/en\/es\/#\/schema\/logo\/image\/","url":"https:\/\/www.itakaescolapios.org\/wp-content\/uploads\/2024\/04\/Logo-itakaescolapios-peque.png","contentUrl":"https:\/\/www.itakaescolapios.org\/wp-content\/uploads\/2024\/04\/Logo-itakaescolapios-peque.png","width":500,"height":199,"caption":"Fundaci\u00f3 Itaka-Escolapios"},"image":{"@id":"https:\/\/www.itakaescolapios.org\/en\/es\/#\/schema\/logo\/image\/"}},{"@type":"Person","@id":"https:\/\/www.itakaescolapios.org\/es\/#\/schema\/person\/c232ccaa2b3f2e98db93c1f8dfca96ff","name":"valencia01","url":"https:\/\/www.itakaescolapios.org\/en\/author\/valencia01\/"}]}},"_links":{"self":[{"href":"https:\/\/www.itakaescolapios.org\/en\/wp-json\/wp\/v2\/posts\/30629","targetHints":{"allow":["GET"]}}],"collection":[{"href":"https:\/\/www.itakaescolapios.org\/en\/wp-json\/wp\/v2\/posts"}],"about":[{"href":"https:\/\/www.itakaescolapios.org\/en\/wp-json\/wp\/v2\/types\/post"}],"author":[{"embeddable":true,"href":"https:\/\/www.itakaescolapios.org\/en\/wp-json\/wp\/v2\/users\/39"}],"replies":[{"embeddable":true,"href":"https:\/\/www.itakaescolapios.org\/en\/wp-json\/wp\/v2\/comments?post=30629"}],"version-history":[{"count":3,"href":"https:\/\/www.itakaescolapios.org\/en\/wp-json\/wp\/v2\/posts\/30629\/revisions"}],"predecessor-version":[{"id":44858,"href":"https:\/\/www.itakaescolapios.org\/en\/wp-json\/wp\/v2\/posts\/30629\/revisions\/44858"}],"wp:featuredmedia":[{"embeddable":true,"href":"https:\/\/www.itakaescolapios.org\/en\/wp-json\/wp\/v2\/media\/30630"}],"wp:attachment":[{"href":"https:\/\/www.itakaescolapios.org\/en\/wp-json\/wp\/v2\/media?parent=30629"}],"wp:term":[{"taxonomy":"category","embeddable":true,"href":"https:\/\/www.itakaescolapios.org\/en\/wp-json\/wp\/v2\/categories?post=30629"},{"taxonomy":"post_tag","embeddable":true,"href":"https:\/\/www.itakaescolapios.org\/en\/wp-json\/wp\/v2\/tags?post=30629"}],"curies":[{"name":"wp","href":"https:\/\/api.w.org\/{rel}","templated":true}]}}