{"id":31384,"date":"2020-07-31T09:47:07","date_gmt":"2020-07-31T08:47:07","guid":{"rendered":"https:\/\/www.itakaescolapios.org\/?p=31384"},"modified":"2023-11-28T12:36:13","modified_gmt":"2023-11-28T11:36:13","slug":"cerrando-el-curso-a-lo-grande-con-el-campamento-urbano-de-amaltea","status":"publish","type":"post","link":"https:\/\/www.itakaescolapios.org\/en\/2020\/07\/cerrando-el-curso-a-lo-grande-con-el-campamento-urbano-de-amaltea\/","title":{"rendered":"CERRANDO EL CURSO A LO GRANDE CON EL CAMPAMENTO URBANO DE AMALTEA"},"content":{"rendered":"<p>El Centro Convivencial Amaltea de Valencia cerr\u00f3 el viernes pasado cuatro semanas de talleres, excursiones y acampadas con los ni\u00f1os y ni\u00f1as, despu\u00e9s de los duros meses de confinamiento que hemos pasado. Y es que ten\u00edamos muchas ganas de estar todos juntos, con los amigos y amigas, saliendo y haciendo mil actividades, siempre con las medidas de precauci\u00f3n que este a\u00f1o es necesario seguir.<\/p>\n<p>Desde el 29 de junio, 60 menores de 4 a 17 a\u00f1os, repartidos en cinco grupos educativos y acompa\u00f1ados por 8 profesionales y 28 voluntarios y voluntarias, han disfrutado de d\u00edas de piscina, deporte, salidas en bici, excursiones al Bioparc y al Oceanogr\u00e0fic, juego en el cauce del r\u00edo Turia, sesiones de cine\u2026<\/p>\n<p>Tambi\u00e9n han tenido momentos m\u00e1s \u201crelajados\u201d, con talleres de stop motion, serigraf\u00eda, creaci\u00f3n art\u00edstica, cocina o juegos de mesa, a los que han seguido sesiones de spinning, escape room o salidas a la playa y el lago de El Saler.<\/p>\n<p>Asimismo, el grupo educativo 3 y los grupos de la ESO han disfrutado de tres d\u00edas de acampada, en Alborache y en U\u00f1a (Cuenca), respectivamente. La de Alborache fue, adem\u00e1s, una acampada conjunta con el grupo de ni\u00f1os y ni\u00f1as del proyecto Llum, que sirvi\u00f3 para hacer amistades nuevas y planificar nuevas actividades juntos.<\/p>\n<p>Llegamos a agosto cansados de tanta actividad, pero mucho m\u00e1s contentos de haber podido realizar un nuevo campamento urbano, con las limitaciones de la nueva normalidad, pero que nos deja con m\u00e1s ganas de volver a vernos en septiembre.<\/p>\n<p>\u00a1Feliz verano!<\/p>\n\n\t\t<style type=\"text\/css\">\n\t\t\t#gallery-1 {\n\t\t\t\tmargin: auto;\n\t\t\t}\n\t\t\t#gallery-1 .gallery-item {\n\t\t\t\tfloat: left;\n\t\t\t\tmargin-top: 10px;\n\t\t\t\ttext-align: center;\n\t\t\t\twidth: 20%;\n\t\t\t}\n\t\t\t#gallery-1 img {\n\t\t\t\tborder: 2px solid #cfcfcf;\n\t\t\t}\n\t\t\t#gallery-1 .gallery-caption {\n\t\t\t\tmargin-left: 0;\n\t\t\t}\n\t\t\t\/* see gallery_shortcode() in wp-includes\/media.php *\/\n\t\t<\/style>\n\t\t<div id='gallery-1' class='gallery galleryid-31384 gallery-columns-5 gallery-size-thumbnail'><dl class='gallery-item'>\n\t\t\t<dt class='gallery-icon landscape'>\n\t\t\t\t<a href='https:\/\/www.itakaescolapios.org\/en\/2020\/07\/cerrando-el-curso-a-lo-grande-con-el-campamento-urbano-de-amaltea\/107073314_3025767880834581_7208096842196257587_o\/'><img decoding=\"async\" width=\"90\" height=\"90\" src=\"https:\/\/www.itakaescolapios.org\/wp-content\/uploads\/2020\/07\/107073314_3025767880834581_7208096842196257587_o-90x90.jpg\" class=\"attachment-thumbnail size-thumbnail\" alt=\"\" \/><\/a>\n\t\t\t<\/dt><\/dl><dl class='gallery-item'>\n\t\t\t<dt class='gallery-icon landscape'>\n\t\t\t\t<a href='https:\/\/www.itakaescolapios.org\/en\/2020\/07\/cerrando-el-curso-a-lo-grande-con-el-campamento-urbano-de-amaltea\/107168620_3025764094168293_1904601858736463185_o\/'><img decoding=\"async\" width=\"90\" height=\"90\" src=\"https:\/\/www.itakaescolapios.org\/wp-content\/uploads\/2020\/07\/107168620_3025764094168293_1904601858736463185_o-90x90.jpg\" class=\"attachment-thumbnail size-thumbnail\" alt=\"\" \/><\/a>\n\t\t\t<\/dt><\/dl><dl class='gallery-item'>\n\t\t\t<dt class='gallery-icon landscape'>\n\t\t\t\t<a href='https:\/\/www.itakaescolapios.org\/en\/2020\/07\/cerrando-el-curso-a-lo-grande-con-el-campamento-urbano-de-amaltea\/107330688_3025764697501566_2338473278651632962_o\/'><img decoding=\"async\" width=\"90\" height=\"90\" src=\"https:\/\/www.itakaescolapios.org\/wp-content\/uploads\/2020\/07\/107330688_3025764697501566_2338473278651632962_o-90x90.jpg\" class=\"attachment-thumbnail size-thumbnail\" alt=\"\" \/><\/a>\n\t\t\t<\/dt><\/dl><dl class='gallery-item'>\n\t\t\t<dt class='gallery-icon landscape'>\n\t\t\t\t<a href='https:\/\/www.itakaescolapios.org\/en\/2020\/07\/cerrando-el-curso-a-lo-grande-con-el-campamento-urbano-de-amaltea\/107369083_3025767150834654_3210861291345486419_o\/'><img decoding=\"async\" width=\"90\" height=\"90\" src=\"https:\/\/www.itakaescolapios.org\/wp-content\/uploads\/2020\/07\/107369083_3025767150834654_3210861291345486419_o-90x90.jpg\" class=\"attachment-thumbnail size-thumbnail\" alt=\"\" \/><\/a>\n\t\t\t<\/dt><\/dl><dl class='gallery-item'>\n\t\t\t<dt class='gallery-icon landscape'>\n\t\t\t\t<a href='https:\/\/www.itakaescolapios.org\/en\/2020\/07\/cerrando-el-curso-a-lo-grande-con-el-campamento-urbano-de-amaltea\/107513613_3025764060834963_4183735887357495158_o\/'><img decoding=\"async\" width=\"90\" height=\"90\" src=\"https:\/\/www.itakaescolapios.org\/wp-content\/uploads\/2020\/07\/107513613_3025764060834963_4183735887357495158_o-90x90.jpg\" class=\"attachment-thumbnail size-thumbnail\" alt=\"\" \/><\/a>\n\t\t\t<\/dt><\/dl><br style=\"clear: both\" \/><dl class='gallery-item'>\n\t\t\t<dt class='gallery-icon landscape'>\n\t\t\t\t<a href='https:\/\/www.itakaescolapios.org\/en\/2020\/07\/cerrando-el-curso-a-lo-grande-con-el-campamento-urbano-de-amaltea\/107514326_3025770337501002_5216676776166766153_o\/'><img decoding=\"async\" width=\"90\" height=\"90\" src=\"https:\/\/www.itakaescolapios.org\/wp-content\/uploads\/2020\/07\/107514326_3025770337501002_5216676776166766153_o-90x90.jpg\" class=\"attachment-thumbnail size-thumbnail\" alt=\"\" \/><\/a>\n\t\t\t<\/dt><\/dl><dl class='gallery-item'>\n\t\t\t<dt class='gallery-icon landscape'>\n\t\t\t\t<a href='https:\/\/www.itakaescolapios.org\/en\/2020\/07\/cerrando-el-curso-a-lo-grande-con-el-campamento-urbano-de-amaltea\/107537120_3025768477501188_7701282577718335526_o\/'><img decoding=\"async\" width=\"90\" height=\"90\" src=\"https:\/\/www.itakaescolapios.org\/wp-content\/uploads\/2020\/07\/107537120_3025768477501188_7701282577718335526_o-90x90.jpg\" class=\"attachment-thumbnail size-thumbnail\" alt=\"\" \/><\/a>\n\t\t\t<\/dt><\/dl><dl class='gallery-item'>\n\t\t\t<dt class='gallery-icon landscape'>\n\t\t\t\t<a href='https:\/\/www.itakaescolapios.org\/en\/2020\/07\/cerrando-el-curso-a-lo-grande-con-el-campamento-urbano-de-amaltea\/108189536_3044230935654942_117350445342475378_o\/'><img decoding=\"async\" width=\"90\" height=\"90\" src=\"https:\/\/www.itakaescolapios.org\/wp-content\/uploads\/2020\/07\/108189536_3044230935654942_117350445342475378_o-90x90.jpg\" class=\"attachment-thumbnail size-thumbnail\" alt=\"\" \/><\/a>\n\t\t\t<\/dt><\/dl><dl class='gallery-item'>\n\t\t\t<dt class='gallery-icon landscape'>\n\t\t\t\t<a href='https:\/\/www.itakaescolapios.org\/en\/2020\/07\/cerrando-el-curso-a-lo-grande-con-el-campamento-urbano-de-amaltea\/109228865_3044230352321667_5849049955692200158_o\/'><img decoding=\"async\" width=\"90\" height=\"90\" src=\"https:\/\/www.itakaescolapios.org\/wp-content\/uploads\/2020\/07\/109228865_3044230352321667_5849049955692200158_o-90x90.jpg\" class=\"attachment-thumbnail size-thumbnail\" alt=\"\" \/><\/a>\n\t\t\t<\/dt><\/dl><dl class='gallery-item'>\n\t\t\t<dt class='gallery-icon landscape'>\n\t\t\t\t<a href='https:\/\/www.itakaescolapios.org\/en\/2020\/07\/cerrando-el-curso-a-lo-grande-con-el-campamento-urbano-de-amaltea\/109290594_3044231355654900_5547538393453374187_o\/'><img decoding=\"async\" width=\"90\" height=\"90\" src=\"https:\/\/www.itakaescolapios.org\/wp-content\/uploads\/2020\/07\/109290594_3044231355654900_5547538393453374187_o-90x90.jpg\" class=\"attachment-thumbnail size-thumbnail\" alt=\"\" \/><\/a>\n\t\t\t<\/dt><\/dl><br style=\"clear: both\" \/><dl class='gallery-item'>\n\t\t\t<dt class='gallery-icon landscape'>\n\t\t\t\t<a href='https:\/\/www.itakaescolapios.org\/en\/2020\/07\/cerrando-el-curso-a-lo-grande-con-el-campamento-urbano-de-amaltea\/109530847_3044230542321648_7960666899916797248_o\/'><img decoding=\"async\" width=\"90\" height=\"90\" src=\"https:\/\/www.itakaescolapios.org\/wp-content\/uploads\/2020\/07\/109530847_3044230542321648_7960666899916797248_o-90x90.jpg\" class=\"attachment-thumbnail size-thumbnail\" alt=\"\" \/><\/a>\n\t\t\t<\/dt><\/dl><dl class='gallery-item'>\n\t\t\t<dt class='gallery-icon landscape'>\n\t\t\t\t<a href='https:\/\/www.itakaescolapios.org\/en\/2020\/07\/cerrando-el-curso-a-lo-grande-con-el-campamento-urbano-de-amaltea\/115800360_3072094959535206_9094752662426045177_o\/'><img decoding=\"async\" width=\"90\" height=\"90\" src=\"https:\/\/www.itakaescolapios.org\/wp-content\/uploads\/2020\/07\/115800360_3072094959535206_9094752662426045177_o-90x90.jpg\" class=\"attachment-thumbnail size-thumbnail\" alt=\"\" \/><\/a>\n\t\t\t<\/dt><\/dl><dl class='gallery-item'>\n\t\t\t<dt class='gallery-icon landscape'>\n\t\t\t\t<a href='https:\/\/www.itakaescolapios.org\/en\/2020\/07\/cerrando-el-curso-a-lo-grande-con-el-campamento-urbano-de-amaltea\/116053672_3072078346203534_5153664846867095833_o\/'><img decoding=\"async\" width=\"90\" height=\"90\" src=\"https:\/\/www.itakaescolapios.org\/wp-content\/uploads\/2020\/07\/116053672_3072078346203534_5153664846867095833_o-90x90.jpg\" class=\"attachment-thumbnail size-thumbnail\" alt=\"\" \/><\/a>\n\t\t\t<\/dt><\/dl><dl class='gallery-item'>\n\t\t\t<dt class='gallery-icon landscape'>\n\t\t\t\t<a href='https:\/\/www.itakaescolapios.org\/en\/2020\/07\/cerrando-el-curso-a-lo-grande-con-el-campamento-urbano-de-amaltea\/116068661_3072096336201735_6342345320994465961_o\/'><img decoding=\"async\" width=\"90\" height=\"90\" src=\"https:\/\/www.itakaescolapios.org\/wp-content\/uploads\/2020\/07\/116068661_3072096336201735_6342345320994465961_o-90x90.jpg\" class=\"attachment-thumbnail size-thumbnail\" alt=\"\" \/><\/a>\n\t\t\t<\/dt><\/dl><dl class='gallery-item'>\n\t\t\t<dt class='gallery-icon portrait'>\n\t\t\t\t<a href='https:\/\/www.itakaescolapios.org\/en\/2020\/07\/cerrando-el-curso-a-lo-grande-con-el-campamento-urbano-de-amaltea\/116086688_3072078196203549_4431689013701258208_o\/'><img decoding=\"async\" width=\"90\" height=\"90\" src=\"https:\/\/www.itakaescolapios.org\/wp-content\/uploads\/2020\/07\/116086688_3072078196203549_4431689013701258208_o-90x90.jpg\" class=\"attachment-thumbnail size-thumbnail\" alt=\"\" \/><\/a>\n\t\t\t<\/dt><\/dl><br style=\"clear: both\" \/><dl class='gallery-item'>\n\t\t\t<dt class='gallery-icon landscape'>\n\t\t\t\t<a href='https:\/\/www.itakaescolapios.org\/en\/2020\/07\/cerrando-el-curso-a-lo-grande-con-el-campamento-urbano-de-amaltea\/116154419_3072077982870237_1126819197001030588_o\/'><img decoding=\"async\" width=\"90\" height=\"90\" src=\"https:\/\/www.itakaescolapios.org\/wp-content\/uploads\/2020\/07\/116154419_3072077982870237_1126819197001030588_o-90x90.jpg\" class=\"attachment-thumbnail size-thumbnail\" alt=\"\" \/><\/a>\n\t\t\t<\/dt><\/dl><dl class='gallery-item'>\n\t\t\t<dt class='gallery-icon landscape'>\n\t\t\t\t<a href='https:\/\/www.itakaescolapios.org\/en\/2020\/07\/cerrando-el-curso-a-lo-grande-con-el-campamento-urbano-de-amaltea\/116277026_3072095909535111_8250268417957672881_o\/'><img decoding=\"async\" width=\"90\" height=\"90\" src=\"https:\/\/www.itakaescolapios.org\/wp-content\/uploads\/2020\/07\/116277026_3072095909535111_8250268417957672881_o-90x90.jpg\" class=\"attachment-thumbnail size-thumbnail\" alt=\"\" \/><\/a>\n\t\t\t<\/dt><\/dl><dl class='gallery-item'>\n\t\t\t<dt class='gallery-icon landscape'>\n\t\t\t\t<a href='https:\/\/www.itakaescolapios.org\/en\/2020\/07\/cerrando-el-curso-a-lo-grande-con-el-campamento-urbano-de-amaltea\/116336553_3072078166203552_1267583616092728942_o\/'><img decoding=\"async\" width=\"90\" height=\"90\" src=\"https:\/\/www.itakaescolapios.org\/wp-content\/uploads\/2020\/07\/116336553_3072078166203552_1267583616092728942_o-90x90.jpg\" class=\"attachment-thumbnail size-thumbnail\" alt=\"\" \/><\/a>\n\t\t\t<\/dt><\/dl><dl class='gallery-item'>\n\t\t\t<dt class='gallery-icon landscape'>\n\t\t\t\t<a href='https:\/\/www.itakaescolapios.org\/en\/2020\/07\/cerrando-el-curso-a-lo-grande-con-el-campamento-urbano-de-amaltea\/whatsapp-image-2020-07-16-at-07-34-11-2\/'><img decoding=\"async\" width=\"90\" height=\"90\" src=\"https:\/\/www.itakaescolapios.org\/wp-content\/uploads\/2020\/07\/WhatsApp-Image-2020-07-16-at-07.34.11-2-90x90.jpeg\" class=\"attachment-thumbnail size-thumbnail\" alt=\"\" \/><\/a>\n\t\t\t<\/dt><\/dl><dl class='gallery-item'>\n\t\t\t<dt class='gallery-icon portrait'>\n\t\t\t\t<a href='https:\/\/www.itakaescolapios.org\/en\/2020\/07\/cerrando-el-curso-a-lo-grande-con-el-campamento-urbano-de-amaltea\/whatsapp-image-2020-07-16-at-13-59-36-1-2\/'><img decoding=\"async\" width=\"90\" height=\"90\" src=\"https:\/\/www.itakaescolapios.org\/wp-content\/uploads\/2020\/07\/WhatsApp-Image-2020-07-16-at-13.59.36-1-1-90x90.jpeg\" class=\"attachment-thumbnail size-thumbnail\" alt=\"\" \/><\/a>\n\t\t\t<\/dt><\/dl><br style=\"clear: both\" \/><dl class='gallery-item'>\n\t\t\t<dt class='gallery-icon landscape'>\n\t\t\t\t<a href='https:\/\/www.itakaescolapios.org\/en\/2020\/07\/cerrando-el-curso-a-lo-grande-con-el-campamento-urbano-de-amaltea\/whatsapp-image-2020-07-17-at-17-36-05-2\/'><img decoding=\"async\" width=\"90\" height=\"90\" src=\"https:\/\/www.itakaescolapios.org\/wp-content\/uploads\/2020\/07\/WhatsApp-Image-2020-07-17-at-17.36.05-1-90x90.jpeg\" class=\"attachment-thumbnail size-thumbnail\" alt=\"\" \/><\/a>\n\t\t\t<\/dt><\/dl>\n\t\t\t<br style='clear: both' \/>\n\t\t<\/div>\n\n","protected":false},"excerpt":{"rendered":"<p>El Centro Convivencial Amaltea de Valencia cerr\u00f3 el viernes pasado cuatro semanas de talleres, excursiones y acampadas con los ni\u00f1os y ni\u00f1as, despu\u00e9s de los duros meses de confinamiento que [&hellip;]<\/p>\n","protected":false},"author":39,"featured_media":31391,"comment_status":"closed","ping_status":"closed","sticky":false,"template":"","format":"standard","meta":{"_et_pb_use_builder":"","_et_pb_old_content":"","_et_gb_content_width":"","footnotes":""},"categories":[12],"tags":[319,265,232,264,401,479,327,357,281,318,347,137],"class_list":["post-31384","post","type-post","status-publish","format-standard","has-post-thumbnail","hentry","category-valencia","tag-acampada","tag-actividades","tag-amaltea","tag-campamento-urbano","tag-cdconvivencial","tag-excursiones","tag-infancia","tag-juventud","tag-menores","tag-proyecto-amaltea","tag-talleres","tag-verano"],"yoast_head":"<!-- This site is optimized with the Yoast SEO plugin v27.4 - https:\/\/yoast.com\/product\/yoast-seo-wordpress\/ -->\n<title>CERRANDO EL CURSO A LO GRANDE CON EL CAMPAMENTO URBANO DE AMALTEA<\/title>\n<meta name=\"description\" content=\"El Centro Convivencial Amaltea de Valencia cerr\u00f3 el viernes pasado cuatro semanas de talleres, excursiones y acampadas con los ni\u00f1os y ni\u00f1as, despu\u00e9s de los duros meses de confinamiento que hemos pasado. Y es que ten\u00edamos muchas ganas de estar todos juntos, con los amigos y amigas, saliendo y haciendo mil actividades, siempre con las&hellip;\" \/>\n<meta name=\"robots\" content=\"index, follow, max-snippet:-1, max-image-preview:large, max-video-preview:-1\" \/>\n<link rel=\"canonical\" href=\"http:\/\/El%20Centro%20Convivencial%20Amaltea%20de%20Valencia%20cerr\u00f3%20el%20viernes%20pasado%20cuatro%20semanas%20de%20talleres,%20excursiones%20y%20acampadas%20con%20los%20ni\u00f1os%20y%20ni\u00f1as,%20despu\u00e9s%20de%20los%20duros%20meses%20de%20confinamiento%20que%20hemos%20pasado.%20Y%20es%20que%20ten\u00edamos%20muchas%20ganas%20de%20estar%20todos%20juntos,%20con%20los%20amigos%20y%20amigas,%20saliendo%20y%20haciendo%20mil%20actividades,%20siempre%20con%20las&hellip;\" \/>\n<meta property=\"og:locale\" content=\"en_US\" \/>\n<meta property=\"og:type\" content=\"article\" \/>\n<meta property=\"og:title\" content=\"CERRANDO EL CURSO A LO GRANDE CON EL CAMPAMENTO URBANO DE AMALTEA\" \/>\n<meta property=\"og:description\" content=\"El Centro Convivencial Amaltea de Valencia cerr\u00f3 el viernes pasado cuatro semanas de talleres, excursiones y acampadas con los ni\u00f1os y ni\u00f1as, despu\u00e9s de los duros meses de confinamiento que hemos pasado. Y es que ten\u00edamos muchas ganas de estar todos juntos, con los amigos y amigas, saliendo y haciendo mil actividades, siempre con las&hellip;\" \/>\n<meta property=\"og:url\" content=\"https:\/\/www.itakaescolapios.org\/en\/2020\/07\/cerrando-el-curso-a-lo-grande-con-el-campamento-urbano-de-amaltea\/\" \/>\n<meta property=\"og:site_name\" content=\"Proofs in Itaka-Escolapios\" \/>\n<meta property=\"article:published_time\" content=\"2020-07-31T08:47:07+00:00\" \/>\n<meta property=\"article:modified_time\" content=\"2023-11-28T11:36:13+00:00\" \/>\n<meta property=\"og:image\" content=\"https:\/\/www.itakaescolapios.org\/wp-content\/uploads\/2020\/07\/107537120_3025768477501188_7701282577718335526_o.jpg\" \/>\n\t<meta property=\"og:image:width\" content=\"1276\" \/>\n\t<meta property=\"og:image:height\" content=\"956\" \/>\n\t<meta property=\"og:image:type\" content=\"image\/jpeg\" \/>\n<meta name=\"author\" content=\"valencia01\" \/>\n<meta name=\"twitter:card\" content=\"summary_large_image\" \/>\n<meta name=\"twitter:label1\" content=\"Written by\" \/>\n\t<meta name=\"twitter:data1\" content=\"valencia01\" \/>\n\t<meta name=\"twitter:label2\" content=\"Est. reading time\" \/>\n\t<meta name=\"twitter:data2\" content=\"1 minute\" \/>\n<script type=\"application\/ld+json\" class=\"yoast-schema-graph\">{\"@context\":\"https:\\\/\\\/schema.org\",\"@graph\":[{\"@type\":\"Article\",\"@id\":\"https:\\\/\\\/www.itakaescolapios.org\\\/en\\\/2020\\\/07\\\/cerrando-el-curso-a-lo-grande-con-el-campamento-urbano-de-amaltea\\\/#article\",\"isPartOf\":{\"@id\":\"https:\\\/\\\/www.itakaescolapios.org\\\/en\\\/2020\\\/07\\\/cerrando-el-curso-a-lo-grande-con-el-campamento-urbano-de-amaltea\\\/\"},\"author\":{\"name\":\"valencia01\",\"@id\":\"https:\\\/\\\/www.itakaescolapios.org\\\/es\\\/#\\\/schema\\\/person\\\/c232ccaa2b3f2e98db93c1f8dfca96ff\"},\"headline\":\"CERRANDO EL CURSO A LO GRANDE CON EL CAMPAMENTO URBANO DE AMALTEA\",\"datePublished\":\"2020-07-31T08:47:07+00:00\",\"dateModified\":\"2023-11-28T11:36:13+00:00\",\"mainEntityOfPage\":{\"@id\":\"https:\\\/\\\/www.itakaescolapios.org\\\/en\\\/2020\\\/07\\\/cerrando-el-curso-a-lo-grande-con-el-campamento-urbano-de-amaltea\\\/\"},\"wordCount\":283,\"publisher\":{\"@id\":\"https:\\\/\\\/www.itakaescolapios.org\\\/es\\\/#organization\"},\"image\":{\"@id\":\"https:\\\/\\\/www.itakaescolapios.org\\\/en\\\/2020\\\/07\\\/cerrando-el-curso-a-lo-grande-con-el-campamento-urbano-de-amaltea\\\/#primaryimage\"},\"thumbnailUrl\":\"https:\\\/\\\/www.itakaescolapios.org\\\/wp-content\\\/uploads\\\/2020\\\/07\\\/107537120_3025768477501188_7701282577718335526_o.jpg\",\"keywords\":[\"acampada\",\"actividades\",\"Amaltea\",\"campamento urbano\",\"CDConvivencial\",\"excursiones\",\"Infancia\",\"Juventud\",\"menores\",\"Proyecto Amaltea\",\"Talleres\",\"Verano\"],\"articleSection\":[\"Valencia\"],\"inLanguage\":\"en-US\"},{\"@type\":\"WebPage\",\"@id\":\"https:\\\/\\\/www.itakaescolapios.org\\\/en\\\/2020\\\/07\\\/cerrando-el-curso-a-lo-grande-con-el-campamento-urbano-de-amaltea\\\/\",\"url\":\"https:\\\/\\\/www.itakaescolapios.org\\\/en\\\/2020\\\/07\\\/cerrando-el-curso-a-lo-grande-con-el-campamento-urbano-de-amaltea\\\/\",\"name\":\"CERRANDO EL CURSO A LO GRANDE CON EL CAMPAMENTO URBANO DE AMALTEA - Proofs in Itaka-Escolapios\",\"isPartOf\":{\"@id\":\"https:\\\/\\\/www.itakaescolapios.org\\\/es\\\/#website\"},\"primaryImageOfPage\":{\"@id\":\"https:\\\/\\\/www.itakaescolapios.org\\\/en\\\/2020\\\/07\\\/cerrando-el-curso-a-lo-grande-con-el-campamento-urbano-de-amaltea\\\/#primaryimage\"},\"image\":{\"@id\":\"https:\\\/\\\/www.itakaescolapios.org\\\/en\\\/2020\\\/07\\\/cerrando-el-curso-a-lo-grande-con-el-campamento-urbano-de-amaltea\\\/#primaryimage\"},\"thumbnailUrl\":\"https:\\\/\\\/www.itakaescolapios.org\\\/wp-content\\\/uploads\\\/2020\\\/07\\\/107537120_3025768477501188_7701282577718335526_o.jpg\",\"datePublished\":\"2020-07-31T08:47:07+00:00\",\"dateModified\":\"2023-11-28T11:36:13+00:00\",\"breadcrumb\":{\"@id\":\"https:\\\/\\\/www.itakaescolapios.org\\\/en\\\/2020\\\/07\\\/cerrando-el-curso-a-lo-grande-con-el-campamento-urbano-de-amaltea\\\/#breadcrumb\"},\"inLanguage\":\"en-US\",\"potentialAction\":[{\"@type\":\"ReadAction\",\"target\":[\"https:\\\/\\\/www.itakaescolapios.org\\\/en\\\/2020\\\/07\\\/cerrando-el-curso-a-lo-grande-con-el-campamento-urbano-de-amaltea\\\/\"]}]},{\"@type\":\"ImageObject\",\"inLanguage\":\"en-US\",\"@id\":\"https:\\\/\\\/www.itakaescolapios.org\\\/en\\\/2020\\\/07\\\/cerrando-el-curso-a-lo-grande-con-el-campamento-urbano-de-amaltea\\\/#primaryimage\",\"url\":\"https:\\\/\\\/www.itakaescolapios.org\\\/wp-content\\\/uploads\\\/2020\\\/07\\\/107537120_3025768477501188_7701282577718335526_o.jpg\",\"contentUrl\":\"https:\\\/\\\/www.itakaescolapios.org\\\/wp-content\\\/uploads\\\/2020\\\/07\\\/107537120_3025768477501188_7701282577718335526_o.jpg\",\"width\":1276,\"height\":956},{\"@type\":\"BreadcrumbList\",\"@id\":\"https:\\\/\\\/www.itakaescolapios.org\\\/en\\\/2020\\\/07\\\/cerrando-el-curso-a-lo-grande-con-el-campamento-urbano-de-amaltea\\\/#breadcrumb\",\"itemListElement\":[{\"@type\":\"ListItem\",\"position\":1,\"name\":\"Proof\",\"item\":\"https:\\\/\\\/www.itakaescolapios.org\\\/es\\\/\"},{\"@type\":\"ListItem\",\"position\":2,\"name\":\"CERRANDO EL CURSO A LO GRANDE CON EL CAMPAMENTO URBANO DE AMALTEA\"}]},{\"@type\":\"WebSite\",\"@id\":\"https:\\\/\\\/www.itakaescolapios.org\\\/en\\\/es\\\/#website\",\"url\":\"https:\\\/\\\/www.itakaescolapios.org\\\/en\\\/es\\\/\",\"name\":\"Itaka-Escolapios\",\"description\":\"Red de Itaka-Escolapios\",\"publisher\":{\"@id\":\"https:\\\/\\\/www.itakaescolapios.org\\\/en\\\/es\\\/#organization\"},\"potentialAction\":[{\"@type\":\"SearchAction\",\"target\":{\"@type\":\"EntryPoint\",\"urlTemplate\":\"https:\\\/\\\/www.itakaescolapios.org\\\/en\\\/es\\\/?s={search_term_string}\"},\"query-input\":{\"@type\":\"PropertyValueSpecification\",\"valueRequired\":true,\"valueName\":\"search_term_string\"}}],\"inLanguage\":\"en-US\"},{\"@type\":\"Organization\",\"@id\":\"https:\\\/\\\/www.itakaescolapios.org\\\/en\\\/es\\\/#organization\",\"name\":\"Fundaci\u00f3 Itaka-Escolapios\",\"url\":\"https:\\\/\\\/www.itakaescolapios.org\\\/en\\\/es\\\/\",\"logo\":{\"@type\":\"ImageObject\",\"inLanguage\":\"en-US\",\"@id\":\"https:\\\/\\\/www.itakaescolapios.org\\\/en\\\/es\\\/#\\\/schema\\\/logo\\\/image\\\/\",\"url\":\"https:\\\/\\\/www.itakaescolapios.org\\\/wp-content\\\/uploads\\\/2024\\\/04\\\/Logo-itakaescolapios-peque.png\",\"contentUrl\":\"https:\\\/\\\/www.itakaescolapios.org\\\/wp-content\\\/uploads\\\/2024\\\/04\\\/Logo-itakaescolapios-peque.png\",\"width\":500,\"height\":199,\"caption\":\"Fundaci\u00f3 Itaka-Escolapios\"},\"image\":{\"@id\":\"https:\\\/\\\/www.itakaescolapios.org\\\/en\\\/es\\\/#\\\/schema\\\/logo\\\/image\\\/\"}},{\"@type\":\"Person\",\"@id\":\"https:\\\/\\\/www.itakaescolapios.org\\\/es\\\/#\\\/schema\\\/person\\\/c232ccaa2b3f2e98db93c1f8dfca96ff\",\"name\":\"valencia01\",\"url\":\"https:\\\/\\\/www.itakaescolapios.org\\\/en\\\/author\\\/valencia01\\\/\"}]}<\/script>\n<!-- \/ Yoast SEO plugin. -->","yoast_head_json":{"title":"CERRANDO EL CURSO A LO GRANDE CON EL CAMPAMENTO URBANO DE AMALTEA","description":"El Centro Convivencial Amaltea de Valencia cerr\u00f3 el viernes pasado cuatro semanas de talleres, excursiones y acampadas con los ni\u00f1os y ni\u00f1as, despu\u00e9s de los duros meses de confinamiento que hemos pasado. Y es que ten\u00edamos muchas ganas de estar todos juntos, con los amigos y amigas, saliendo y haciendo mil actividades, siempre con las&hellip;","robots":{"index":"index","follow":"follow","max-snippet":"max-snippet:-1","max-image-preview":"max-image-preview:large","max-video-preview":"max-video-preview:-1"},"canonical":"El Centro Convivencial Amaltea de Valencia cerr\u00f3 el viernes pasado cuatro semanas de talleres, excursiones y acampadas con los ni\u00f1os y ni\u00f1as, despu\u00e9s de los duros meses de confinamiento que hemos pasado. Y es que ten\u00edamos muchas ganas de estar todos juntos, con los amigos y amigas, saliendo y haciendo mil actividades, siempre con las&hellip;","og_locale":"en_US","og_type":"article","og_title":"CERRANDO EL CURSO A LO GRANDE CON EL CAMPAMENTO URBANO DE AMALTEA","og_description":"El Centro Convivencial Amaltea de Valencia cerr\u00f3 el viernes pasado cuatro semanas de talleres, excursiones y acampadas con los ni\u00f1os y ni\u00f1as, despu\u00e9s de los duros meses de confinamiento que hemos pasado. Y es que ten\u00edamos muchas ganas de estar todos juntos, con los amigos y amigas, saliendo y haciendo mil actividades, siempre con las&hellip;","og_url":"https:\/\/www.itakaescolapios.org\/en\/2020\/07\/cerrando-el-curso-a-lo-grande-con-el-campamento-urbano-de-amaltea\/","og_site_name":"Proofs in Itaka-Escolapios","article_published_time":"2020-07-31T08:47:07+00:00","article_modified_time":"2023-11-28T11:36:13+00:00","og_image":[{"width":1276,"height":956,"url":"https:\/\/www.itakaescolapios.org\/wp-content\/uploads\/2020\/07\/107537120_3025768477501188_7701282577718335526_o.jpg","type":"image\/jpeg"}],"author":"valencia01","twitter_card":"summary_large_image","twitter_misc":{"Written by":"valencia01","Est. reading time":"1 minute"},"schema":{"@context":"https:\/\/schema.org","@graph":[{"@type":"Article","@id":"https:\/\/www.itakaescolapios.org\/en\/2020\/07\/cerrando-el-curso-a-lo-grande-con-el-campamento-urbano-de-amaltea\/#article","isPartOf":{"@id":"https:\/\/www.itakaescolapios.org\/en\/2020\/07\/cerrando-el-curso-a-lo-grande-con-el-campamento-urbano-de-amaltea\/"},"author":{"name":"valencia01","@id":"https:\/\/www.itakaescolapios.org\/es\/#\/schema\/person\/c232ccaa2b3f2e98db93c1f8dfca96ff"},"headline":"CERRANDO EL CURSO A LO GRANDE CON EL CAMPAMENTO URBANO DE AMALTEA","datePublished":"2020-07-31T08:47:07+00:00","dateModified":"2023-11-28T11:36:13+00:00","mainEntityOfPage":{"@id":"https:\/\/www.itakaescolapios.org\/en\/2020\/07\/cerrando-el-curso-a-lo-grande-con-el-campamento-urbano-de-amaltea\/"},"wordCount":283,"publisher":{"@id":"https:\/\/www.itakaescolapios.org\/es\/#organization"},"image":{"@id":"https:\/\/www.itakaescolapios.org\/en\/2020\/07\/cerrando-el-curso-a-lo-grande-con-el-campamento-urbano-de-amaltea\/#primaryimage"},"thumbnailUrl":"https:\/\/www.itakaescolapios.org\/wp-content\/uploads\/2020\/07\/107537120_3025768477501188_7701282577718335526_o.jpg","keywords":["acampada","actividades","Amaltea","campamento urbano","CDConvivencial","excursiones","Infancia","Juventud","menores","Proyecto Amaltea","Talleres","Verano"],"articleSection":["Valencia"],"inLanguage":"en-US"},{"@type":"WebPage","@id":"https:\/\/www.itakaescolapios.org\/en\/2020\/07\/cerrando-el-curso-a-lo-grande-con-el-campamento-urbano-de-amaltea\/","url":"https:\/\/www.itakaescolapios.org\/en\/2020\/07\/cerrando-el-curso-a-lo-grande-con-el-campamento-urbano-de-amaltea\/","name":"CERRANDO EL CURSO A LO GRANDE CON EL CAMPAMENTO URBANO DE AMALTEA - Proofs in Itaka-Escolapios","isPartOf":{"@id":"https:\/\/www.itakaescolapios.org\/es\/#website"},"primaryImageOfPage":{"@id":"https:\/\/www.itakaescolapios.org\/en\/2020\/07\/cerrando-el-curso-a-lo-grande-con-el-campamento-urbano-de-amaltea\/#primaryimage"},"image":{"@id":"https:\/\/www.itakaescolapios.org\/en\/2020\/07\/cerrando-el-curso-a-lo-grande-con-el-campamento-urbano-de-amaltea\/#primaryimage"},"thumbnailUrl":"https:\/\/www.itakaescolapios.org\/wp-content\/uploads\/2020\/07\/107537120_3025768477501188_7701282577718335526_o.jpg","datePublished":"2020-07-31T08:47:07+00:00","dateModified":"2023-11-28T11:36:13+00:00","breadcrumb":{"@id":"https:\/\/www.itakaescolapios.org\/en\/2020\/07\/cerrando-el-curso-a-lo-grande-con-el-campamento-urbano-de-amaltea\/#breadcrumb"},"inLanguage":"en-US","potentialAction":[{"@type":"ReadAction","target":["https:\/\/www.itakaescolapios.org\/en\/2020\/07\/cerrando-el-curso-a-lo-grande-con-el-campamento-urbano-de-amaltea\/"]}]},{"@type":"ImageObject","inLanguage":"en-US","@id":"https:\/\/www.itakaescolapios.org\/en\/2020\/07\/cerrando-el-curso-a-lo-grande-con-el-campamento-urbano-de-amaltea\/#primaryimage","url":"https:\/\/www.itakaescolapios.org\/wp-content\/uploads\/2020\/07\/107537120_3025768477501188_7701282577718335526_o.jpg","contentUrl":"https:\/\/www.itakaescolapios.org\/wp-content\/uploads\/2020\/07\/107537120_3025768477501188_7701282577718335526_o.jpg","width":1276,"height":956},{"@type":"BreadcrumbList","@id":"https:\/\/www.itakaescolapios.org\/en\/2020\/07\/cerrando-el-curso-a-lo-grande-con-el-campamento-urbano-de-amaltea\/#breadcrumb","itemListElement":[{"@type":"ListItem","position":1,"name":"Proof","item":"https:\/\/www.itakaescolapios.org\/es\/"},{"@type":"ListItem","position":2,"name":"CERRANDO EL CURSO A LO GRANDE CON EL CAMPAMENTO URBANO DE AMALTEA"}]},{"@type":"WebSite","@id":"https:\/\/www.itakaescolapios.org\/en\/es\/#website","url":"https:\/\/www.itakaescolapios.org\/en\/es\/","name":"Itaka-Escolapios","description":"Red de Itaka-Escolapios","publisher":{"@id":"https:\/\/www.itakaescolapios.org\/en\/es\/#organization"},"potentialAction":[{"@type":"SearchAction","target":{"@type":"EntryPoint","urlTemplate":"https:\/\/www.itakaescolapios.org\/en\/es\/?s={search_term_string}"},"query-input":{"@type":"PropertyValueSpecification","valueRequired":true,"valueName":"search_term_string"}}],"inLanguage":"en-US"},{"@type":"Organization","@id":"https:\/\/www.itakaescolapios.org\/en\/es\/#organization","name":"Fundaci\u00f3 Itaka-Escolapios","url":"https:\/\/www.itakaescolapios.org\/en\/es\/","logo":{"@type":"ImageObject","inLanguage":"en-US","@id":"https:\/\/www.itakaescolapios.org\/en\/es\/#\/schema\/logo\/image\/","url":"https:\/\/www.itakaescolapios.org\/wp-content\/uploads\/2024\/04\/Logo-itakaescolapios-peque.png","contentUrl":"https:\/\/www.itakaescolapios.org\/wp-content\/uploads\/2024\/04\/Logo-itakaescolapios-peque.png","width":500,"height":199,"caption":"Fundaci\u00f3 Itaka-Escolapios"},"image":{"@id":"https:\/\/www.itakaescolapios.org\/en\/es\/#\/schema\/logo\/image\/"}},{"@type":"Person","@id":"https:\/\/www.itakaescolapios.org\/es\/#\/schema\/person\/c232ccaa2b3f2e98db93c1f8dfca96ff","name":"valencia01","url":"https:\/\/www.itakaescolapios.org\/en\/author\/valencia01\/"}]}},"_links":{"self":[{"href":"https:\/\/www.itakaescolapios.org\/en\/wp-json\/wp\/v2\/posts\/31384","targetHints":{"allow":["GET"]}}],"collection":[{"href":"https:\/\/www.itakaescolapios.org\/en\/wp-json\/wp\/v2\/posts"}],"about":[{"href":"https:\/\/www.itakaescolapios.org\/en\/wp-json\/wp\/v2\/types\/post"}],"author":[{"embeddable":true,"href":"https:\/\/www.itakaescolapios.org\/en\/wp-json\/wp\/v2\/users\/39"}],"replies":[{"embeddable":true,"href":"https:\/\/www.itakaescolapios.org\/en\/wp-json\/wp\/v2\/comments?post=31384"}],"version-history":[{"count":3,"href":"https:\/\/www.itakaescolapios.org\/en\/wp-json\/wp\/v2\/posts\/31384\/revisions"}],"predecessor-version":[{"id":44632,"href":"https:\/\/www.itakaescolapios.org\/en\/wp-json\/wp\/v2\/posts\/31384\/revisions\/44632"}],"wp:featuredmedia":[{"embeddable":true,"href":"https:\/\/www.itakaescolapios.org\/en\/wp-json\/wp\/v2\/media\/31391"}],"wp:attachment":[{"href":"https:\/\/www.itakaescolapios.org\/en\/wp-json\/wp\/v2\/media?parent=31384"}],"wp:term":[{"taxonomy":"category","embeddable":true,"href":"https:\/\/www.itakaescolapios.org\/en\/wp-json\/wp\/v2\/categories?post=31384"},{"taxonomy":"post_tag","embeddable":true,"href":"https:\/\/www.itakaescolapios.org\/en\/wp-json\/wp\/v2\/tags?post=31384"}],"curies":[{"name":"wp","href":"https:\/\/api.w.org\/{rel}","templated":true}]}}