{"id":325207,"date":"2023-12-18T11:55:06","date_gmt":"2023-12-18T10:55:06","guid":{"rendered":"https:\/\/www.itakaescolapios.org\/?p=43610"},"modified":"2025-03-07T18:28:31","modified_gmt":"2025-03-07T17:28:31","slug":"francais-cest-officiellement-le-depart-en-conge-pour-les-enfants-des-ecoles-pies-dafrique-centrale","status":"publish","type":"post","link":"https:\/\/www.itakaescolapios.org\/en\/2023\/12\/francais-cest-officiellement-le-depart-en-conge-pour-les-enfants-des-ecoles-pies-dafrique-centrale\/","title":{"rendered":"Tiempo de vacaciones para los ni\u00f1os de las Escuelas P\u00edas de \u00c1frica Central"},"content":{"rendered":"<p>En Camer\u00fan, Gab\u00f3n y Guinea Ecuatorial, los ni\u00f1os terminaron su primer trimestre con la celebraci\u00f3n del \u00e1rbol de Navidad. En ambos lados, la alegr\u00eda y la magia de la Navidad fueron compartidas por ni\u00f1os, profesores, padres y sacerdotes el viernes 15 de diciembre de 2023. Por nuestra parte, es Navidad \ud83c\udf84. As\u00ed que mientras nos adentramos en el fin de semana, te deseamos una Feliz Navidad desde donde est\u00e9s sentado<\/p>\n","protected":false},"excerpt":{"rendered":"<p>En Camer\u00fan, Gab\u00f3n y Guinea Ecuatorial, los ni\u00f1os terminaron su primer trimestre con la celebraci\u00f3n del \u00e1rbol de Navidad. En ambos lados, la alegr\u00eda y la magia de la Navidad [&hellip;]<\/p>\n","protected":false},"author":15,"featured_media":325452,"comment_status":"closed","ping_status":"closed","sticky":false,"template":"","format":"standard","meta":{"_et_pb_use_builder":"","_et_pb_old_content":"","_et_gb_content_width":"","footnotes":""},"categories":[53,10,285,533],"tags":[],"class_list":["post-325207","post","type-post","status-publish","format-standard","has-post-thumbnail","hentry","category-africa-central","category-camerun","category-gabon","category-guinea"],"yoast_head":"<!-- This site is optimized with the Yoast SEO plugin v27.4 - https:\/\/yoast.com\/product\/yoast-seo-wordpress\/ -->\n<title>Tiempo de vacaciones para los ni\u00f1os de las Escuelas P\u00edas de \u00c1frica Central<\/title>\n<meta name=\"description\" content=\"En Camer\u00fan, Gab\u00f3n y Guinea Ecuatorial, los ni\u00f1os terminaron su primer trimestre con la celebraci\u00f3n del \u00e1rbol de Navidad. En ambos lados, la alegr\u00eda y la magia de la Navidad fueron compartidas por ni\u00f1os, profesores, padres y sacerdotes el viernes 15 de diciembre de 2023. Por nuestra parte, es Navidad \ud83c\udf84. As\u00ed que mientras nos&hellip;\" \/>\n<meta name=\"robots\" content=\"index, follow, max-snippet:-1, max-image-preview:large, max-video-preview:-1\" \/>\n<link rel=\"canonical\" href=\"http:\/\/En%20Camer\u00fan,%20Gab\u00f3n%20y%20Guinea%20Ecuatorial,%20los%20ni\u00f1os%20terminaron%20su%20primer%20trimestre%20con%20la%20celebraci\u00f3n%20del%20\u00e1rbol%20de%20Navidad.%20En%20ambos%20lados,%20la%20alegr\u00eda%20y%20la%20magia%20de%20la%20Navidad%20fueron%20compartidas%20por%20ni\u00f1os,%20profesores,%20padres%20y%20sacerdotes%20el%20viernes%2015%20de%20diciembre%20de%202023.%20Por%20nuestra%20parte,%20es%20Navidad%20\ud83c\udf84.%20As\u00ed%20que%20mientras%20nos&hellip;\" \/>\n<meta property=\"og:locale\" content=\"en_US\" \/>\n<meta property=\"og:type\" content=\"article\" \/>\n<meta property=\"og:title\" content=\"Tiempo de vacaciones para los ni\u00f1os de las Escuelas P\u00edas de \u00c1frica Central\" \/>\n<meta property=\"og:description\" content=\"En Camer\u00fan, Gab\u00f3n y Guinea Ecuatorial, los ni\u00f1os terminaron su primer trimestre con la celebraci\u00f3n del \u00e1rbol de Navidad. En ambos lados, la alegr\u00eda y la magia de la Navidad fueron compartidas por ni\u00f1os, profesores, padres y sacerdotes el viernes 15 de diciembre de 2023. Por nuestra parte, es Navidad \ud83c\udf84. As\u00ed que mientras nos&hellip;\" \/>\n<meta property=\"og:url\" content=\"https:\/\/www.itakaescolapios.org\/en\/2023\/12\/francais-cest-officiellement-le-depart-en-conge-pour-les-enfants-des-ecoles-pies-dafrique-centrale\/\" \/>\n<meta property=\"og:site_name\" content=\"Proofs in Itaka-Escolapios\" \/>\n<meta property=\"article:published_time\" content=\"2023-12-18T10:55:06+00:00\" \/>\n<meta property=\"article:modified_time\" content=\"2025-03-07T17:28:31+00:00\" \/>\n<meta property=\"og:image\" content=\"https:\/\/www.itakaescolapios.org\/wp-content\/uploads\/2023\/12\/WhatsApp-Image-2023-12-15-at-11.45.40-1.jpeg\" \/>\n\t<meta property=\"og:image:width\" content=\"960\" \/>\n\t<meta property=\"og:image:height\" content=\"432\" \/>\n\t<meta property=\"og:image:type\" content=\"image\/jpeg\" \/>\n<meta name=\"author\" content=\"cameroun01\" \/>\n<meta name=\"twitter:card\" content=\"summary_large_image\" \/>\n<meta name=\"twitter:label1\" content=\"Written by\" \/>\n\t<meta name=\"twitter:data1\" content=\"cameroun01\" \/>\n<script type=\"application\/ld+json\" class=\"yoast-schema-graph\">{\"@context\":\"https:\\\/\\\/schema.org\",\"@graph\":[{\"@type\":\"Article\",\"@id\":\"https:\\\/\\\/www.itakaescolapios.org\\\/en\\\/2023\\\/12\\\/francais-cest-officiellement-le-depart-en-conge-pour-les-enfants-des-ecoles-pies-dafrique-centrale\\\/#article\",\"isPartOf\":{\"@id\":\"https:\\\/\\\/www.itakaescolapios.org\\\/en\\\/2023\\\/12\\\/francais-cest-officiellement-le-depart-en-conge-pour-les-enfants-des-ecoles-pies-dafrique-centrale\\\/\"},\"author\":{\"name\":\"cameroun01\",\"@id\":\"https:\\\/\\\/www.itakaescolapios.org\\\/es\\\/#\\\/schema\\\/person\\\/d2844383e29bfdfef69039672ce14eb1\"},\"headline\":\"Tiempo de vacaciones para los ni\u00f1os de las Escuelas P\u00edas de \u00c1frica Central\",\"datePublished\":\"2023-12-18T10:55:06+00:00\",\"dateModified\":\"2025-03-07T17:28:31+00:00\",\"mainEntityOfPage\":{\"@id\":\"https:\\\/\\\/www.itakaescolapios.org\\\/en\\\/2023\\\/12\\\/francais-cest-officiellement-le-depart-en-conge-pour-les-enfants-des-ecoles-pies-dafrique-centrale\\\/\"},\"wordCount\":89,\"publisher\":{\"@id\":\"https:\\\/\\\/www.itakaescolapios.org\\\/es\\\/#organization\"},\"image\":{\"@id\":\"https:\\\/\\\/www.itakaescolapios.org\\\/en\\\/2023\\\/12\\\/francais-cest-officiellement-le-depart-en-conge-pour-les-enfants-des-ecoles-pies-dafrique-centrale\\\/#primaryimage\"},\"thumbnailUrl\":\"https:\\\/\\\/www.itakaescolapios.org\\\/wp-content\\\/uploads\\\/2023\\\/12\\\/WhatsApp-Image-2023-12-15-at-11.45.40-1.jpeg\",\"articleSection\":[\"Central Africa\",\"Cameroon\",\"Gab\u00f3n\",\"Guinea\"],\"inLanguage\":\"en-US\"},{\"@type\":\"WebPage\",\"@id\":\"https:\\\/\\\/www.itakaescolapios.org\\\/en\\\/2023\\\/12\\\/francais-cest-officiellement-le-depart-en-conge-pour-les-enfants-des-ecoles-pies-dafrique-centrale\\\/\",\"url\":\"https:\\\/\\\/www.itakaescolapios.org\\\/en\\\/2023\\\/12\\\/francais-cest-officiellement-le-depart-en-conge-pour-les-enfants-des-ecoles-pies-dafrique-centrale\\\/\",\"name\":\"Tiempo de vacaciones para los ni\u00f1os de las Escuelas P\u00edas de \u00c1frica Central - Proofs in Itaka-Escolapios\",\"isPartOf\":{\"@id\":\"https:\\\/\\\/www.itakaescolapios.org\\\/es\\\/#website\"},\"primaryImageOfPage\":{\"@id\":\"https:\\\/\\\/www.itakaescolapios.org\\\/en\\\/2023\\\/12\\\/francais-cest-officiellement-le-depart-en-conge-pour-les-enfants-des-ecoles-pies-dafrique-centrale\\\/#primaryimage\"},\"image\":{\"@id\":\"https:\\\/\\\/www.itakaescolapios.org\\\/en\\\/2023\\\/12\\\/francais-cest-officiellement-le-depart-en-conge-pour-les-enfants-des-ecoles-pies-dafrique-centrale\\\/#primaryimage\"},\"thumbnailUrl\":\"https:\\\/\\\/www.itakaescolapios.org\\\/wp-content\\\/uploads\\\/2023\\\/12\\\/WhatsApp-Image-2023-12-15-at-11.45.40-1.jpeg\",\"datePublished\":\"2023-12-18T10:55:06+00:00\",\"dateModified\":\"2025-03-07T17:28:31+00:00\",\"breadcrumb\":{\"@id\":\"https:\\\/\\\/www.itakaescolapios.org\\\/en\\\/2023\\\/12\\\/francais-cest-officiellement-le-depart-en-conge-pour-les-enfants-des-ecoles-pies-dafrique-centrale\\\/#breadcrumb\"},\"inLanguage\":\"en-US\",\"potentialAction\":[{\"@type\":\"ReadAction\",\"target\":[\"https:\\\/\\\/www.itakaescolapios.org\\\/en\\\/2023\\\/12\\\/francais-cest-officiellement-le-depart-en-conge-pour-les-enfants-des-ecoles-pies-dafrique-centrale\\\/\"]}]},{\"@type\":\"ImageObject\",\"inLanguage\":\"en-US\",\"@id\":\"https:\\\/\\\/www.itakaescolapios.org\\\/en\\\/2023\\\/12\\\/francais-cest-officiellement-le-depart-en-conge-pour-les-enfants-des-ecoles-pies-dafrique-centrale\\\/#primaryimage\",\"url\":\"https:\\\/\\\/www.itakaescolapios.org\\\/wp-content\\\/uploads\\\/2023\\\/12\\\/WhatsApp-Image-2023-12-15-at-11.45.40-1.jpeg\",\"contentUrl\":\"https:\\\/\\\/www.itakaescolapios.org\\\/wp-content\\\/uploads\\\/2023\\\/12\\\/WhatsApp-Image-2023-12-15-at-11.45.40-1.jpeg\",\"width\":960,\"height\":432},{\"@type\":\"BreadcrumbList\",\"@id\":\"https:\\\/\\\/www.itakaescolapios.org\\\/en\\\/2023\\\/12\\\/francais-cest-officiellement-le-depart-en-conge-pour-les-enfants-des-ecoles-pies-dafrique-centrale\\\/#breadcrumb\",\"itemListElement\":[{\"@type\":\"ListItem\",\"position\":1,\"name\":\"Proof\",\"item\":\"https:\\\/\\\/www.itakaescolapios.org\\\/es\\\/\"},{\"@type\":\"ListItem\",\"position\":2,\"name\":\"Tiempo de vacaciones para los ni\u00f1os de las Escuelas P\u00edas de \u00c1frica Central\"}]},{\"@type\":\"WebSite\",\"@id\":\"https:\\\/\\\/www.itakaescolapios.org\\\/en\\\/es\\\/#website\",\"url\":\"https:\\\/\\\/www.itakaescolapios.org\\\/en\\\/es\\\/\",\"name\":\"Itaka-Escolapios\",\"description\":\"Red de Itaka-Escolapios\",\"publisher\":{\"@id\":\"https:\\\/\\\/www.itakaescolapios.org\\\/en\\\/es\\\/#organization\"},\"potentialAction\":[{\"@type\":\"SearchAction\",\"target\":{\"@type\":\"EntryPoint\",\"urlTemplate\":\"https:\\\/\\\/www.itakaescolapios.org\\\/en\\\/es\\\/?s={search_term_string}\"},\"query-input\":{\"@type\":\"PropertyValueSpecification\",\"valueRequired\":true,\"valueName\":\"search_term_string\"}}],\"inLanguage\":\"en-US\"},{\"@type\":\"Organization\",\"@id\":\"https:\\\/\\\/www.itakaescolapios.org\\\/en\\\/es\\\/#organization\",\"name\":\"Fundaci\u00f3 Itaka-Escolapios\",\"url\":\"https:\\\/\\\/www.itakaescolapios.org\\\/en\\\/es\\\/\",\"logo\":{\"@type\":\"ImageObject\",\"inLanguage\":\"en-US\",\"@id\":\"https:\\\/\\\/www.itakaescolapios.org\\\/en\\\/es\\\/#\\\/schema\\\/logo\\\/image\\\/\",\"url\":\"https:\\\/\\\/www.itakaescolapios.org\\\/wp-content\\\/uploads\\\/2024\\\/04\\\/Logo-itakaescolapios-peque.png\",\"contentUrl\":\"https:\\\/\\\/www.itakaescolapios.org\\\/wp-content\\\/uploads\\\/2024\\\/04\\\/Logo-itakaescolapios-peque.png\",\"width\":500,\"height\":199,\"caption\":\"Fundaci\u00f3 Itaka-Escolapios\"},\"image\":{\"@id\":\"https:\\\/\\\/www.itakaescolapios.org\\\/en\\\/es\\\/#\\\/schema\\\/logo\\\/image\\\/\"}},{\"@type\":\"Person\",\"@id\":\"https:\\\/\\\/www.itakaescolapios.org\\\/es\\\/#\\\/schema\\\/person\\\/d2844383e29bfdfef69039672ce14eb1\",\"name\":\"cameroun01\",\"url\":\"https:\\\/\\\/www.itakaescolapios.org\\\/en\\\/author\\\/cameroun01\\\/\"}]}<\/script>\n<!-- \/ Yoast SEO plugin. -->","yoast_head_json":{"title":"Tiempo de vacaciones para los ni\u00f1os de las Escuelas P\u00edas de \u00c1frica Central","description":"En Camer\u00fan, Gab\u00f3n y Guinea Ecuatorial, los ni\u00f1os terminaron su primer trimestre con la celebraci\u00f3n del \u00e1rbol de Navidad. En ambos lados, la alegr\u00eda y la magia de la Navidad fueron compartidas por ni\u00f1os, profesores, padres y sacerdotes el viernes 15 de diciembre de 2023. Por nuestra parte, es Navidad \ud83c\udf84. As\u00ed que mientras nos&hellip;","robots":{"index":"index","follow":"follow","max-snippet":"max-snippet:-1","max-image-preview":"max-image-preview:large","max-video-preview":"max-video-preview:-1"},"canonical":"En Camer\u00fan, Gab\u00f3n y Guinea Ecuatorial, los ni\u00f1os terminaron su primer trimestre con la celebraci\u00f3n del \u00e1rbol de Navidad. En ambos lados, la alegr\u00eda y la magia de la Navidad fueron compartidas por ni\u00f1os, profesores, padres y sacerdotes el viernes 15 de diciembre de 2023. Por nuestra parte, es Navidad \ud83c\udf84. As\u00ed que mientras nos&hellip;","og_locale":"en_US","og_type":"article","og_title":"Tiempo de vacaciones para los ni\u00f1os de las Escuelas P\u00edas de \u00c1frica Central","og_description":"En Camer\u00fan, Gab\u00f3n y Guinea Ecuatorial, los ni\u00f1os terminaron su primer trimestre con la celebraci\u00f3n del \u00e1rbol de Navidad. En ambos lados, la alegr\u00eda y la magia de la Navidad fueron compartidas por ni\u00f1os, profesores, padres y sacerdotes el viernes 15 de diciembre de 2023. Por nuestra parte, es Navidad \ud83c\udf84. As\u00ed que mientras nos&hellip;","og_url":"https:\/\/www.itakaescolapios.org\/en\/2023\/12\/francais-cest-officiellement-le-depart-en-conge-pour-les-enfants-des-ecoles-pies-dafrique-centrale\/","og_site_name":"Proofs in Itaka-Escolapios","article_published_time":"2023-12-18T10:55:06+00:00","article_modified_time":"2025-03-07T17:28:31+00:00","og_image":[{"width":960,"height":432,"url":"https:\/\/www.itakaescolapios.org\/wp-content\/uploads\/2023\/12\/WhatsApp-Image-2023-12-15-at-11.45.40-1.jpeg","type":"image\/jpeg"}],"author":"cameroun01","twitter_card":"summary_large_image","twitter_misc":{"Written by":"cameroun01"},"schema":{"@context":"https:\/\/schema.org","@graph":[{"@type":"Article","@id":"https:\/\/www.itakaescolapios.org\/en\/2023\/12\/francais-cest-officiellement-le-depart-en-conge-pour-les-enfants-des-ecoles-pies-dafrique-centrale\/#article","isPartOf":{"@id":"https:\/\/www.itakaescolapios.org\/en\/2023\/12\/francais-cest-officiellement-le-depart-en-conge-pour-les-enfants-des-ecoles-pies-dafrique-centrale\/"},"author":{"name":"cameroun01","@id":"https:\/\/www.itakaescolapios.org\/es\/#\/schema\/person\/d2844383e29bfdfef69039672ce14eb1"},"headline":"Tiempo de vacaciones para los ni\u00f1os de las Escuelas P\u00edas de \u00c1frica Central","datePublished":"2023-12-18T10:55:06+00:00","dateModified":"2025-03-07T17:28:31+00:00","mainEntityOfPage":{"@id":"https:\/\/www.itakaescolapios.org\/en\/2023\/12\/francais-cest-officiellement-le-depart-en-conge-pour-les-enfants-des-ecoles-pies-dafrique-centrale\/"},"wordCount":89,"publisher":{"@id":"https:\/\/www.itakaescolapios.org\/es\/#organization"},"image":{"@id":"https:\/\/www.itakaescolapios.org\/en\/2023\/12\/francais-cest-officiellement-le-depart-en-conge-pour-les-enfants-des-ecoles-pies-dafrique-centrale\/#primaryimage"},"thumbnailUrl":"https:\/\/www.itakaescolapios.org\/wp-content\/uploads\/2023\/12\/WhatsApp-Image-2023-12-15-at-11.45.40-1.jpeg","articleSection":["Central Africa","Cameroon","Gab\u00f3n","Guinea"],"inLanguage":"en-US"},{"@type":"WebPage","@id":"https:\/\/www.itakaescolapios.org\/en\/2023\/12\/francais-cest-officiellement-le-depart-en-conge-pour-les-enfants-des-ecoles-pies-dafrique-centrale\/","url":"https:\/\/www.itakaescolapios.org\/en\/2023\/12\/francais-cest-officiellement-le-depart-en-conge-pour-les-enfants-des-ecoles-pies-dafrique-centrale\/","name":"Tiempo de vacaciones para los ni\u00f1os de las Escuelas P\u00edas de \u00c1frica Central - Proofs in Itaka-Escolapios","isPartOf":{"@id":"https:\/\/www.itakaescolapios.org\/es\/#website"},"primaryImageOfPage":{"@id":"https:\/\/www.itakaescolapios.org\/en\/2023\/12\/francais-cest-officiellement-le-depart-en-conge-pour-les-enfants-des-ecoles-pies-dafrique-centrale\/#primaryimage"},"image":{"@id":"https:\/\/www.itakaescolapios.org\/en\/2023\/12\/francais-cest-officiellement-le-depart-en-conge-pour-les-enfants-des-ecoles-pies-dafrique-centrale\/#primaryimage"},"thumbnailUrl":"https:\/\/www.itakaescolapios.org\/wp-content\/uploads\/2023\/12\/WhatsApp-Image-2023-12-15-at-11.45.40-1.jpeg","datePublished":"2023-12-18T10:55:06+00:00","dateModified":"2025-03-07T17:28:31+00:00","breadcrumb":{"@id":"https:\/\/www.itakaescolapios.org\/en\/2023\/12\/francais-cest-officiellement-le-depart-en-conge-pour-les-enfants-des-ecoles-pies-dafrique-centrale\/#breadcrumb"},"inLanguage":"en-US","potentialAction":[{"@type":"ReadAction","target":["https:\/\/www.itakaescolapios.org\/en\/2023\/12\/francais-cest-officiellement-le-depart-en-conge-pour-les-enfants-des-ecoles-pies-dafrique-centrale\/"]}]},{"@type":"ImageObject","inLanguage":"en-US","@id":"https:\/\/www.itakaescolapios.org\/en\/2023\/12\/francais-cest-officiellement-le-depart-en-conge-pour-les-enfants-des-ecoles-pies-dafrique-centrale\/#primaryimage","url":"https:\/\/www.itakaescolapios.org\/wp-content\/uploads\/2023\/12\/WhatsApp-Image-2023-12-15-at-11.45.40-1.jpeg","contentUrl":"https:\/\/www.itakaescolapios.org\/wp-content\/uploads\/2023\/12\/WhatsApp-Image-2023-12-15-at-11.45.40-1.jpeg","width":960,"height":432},{"@type":"BreadcrumbList","@id":"https:\/\/www.itakaescolapios.org\/en\/2023\/12\/francais-cest-officiellement-le-depart-en-conge-pour-les-enfants-des-ecoles-pies-dafrique-centrale\/#breadcrumb","itemListElement":[{"@type":"ListItem","position":1,"name":"Proof","item":"https:\/\/www.itakaescolapios.org\/es\/"},{"@type":"ListItem","position":2,"name":"Tiempo de vacaciones para los ni\u00f1os de las Escuelas P\u00edas de \u00c1frica Central"}]},{"@type":"WebSite","@id":"https:\/\/www.itakaescolapios.org\/en\/es\/#website","url":"https:\/\/www.itakaescolapios.org\/en\/es\/","name":"Itaka-Escolapios","description":"Red de Itaka-Escolapios","publisher":{"@id":"https:\/\/www.itakaescolapios.org\/en\/es\/#organization"},"potentialAction":[{"@type":"SearchAction","target":{"@type":"EntryPoint","urlTemplate":"https:\/\/www.itakaescolapios.org\/en\/es\/?s={search_term_string}"},"query-input":{"@type":"PropertyValueSpecification","valueRequired":true,"valueName":"search_term_string"}}],"inLanguage":"en-US"},{"@type":"Organization","@id":"https:\/\/www.itakaescolapios.org\/en\/es\/#organization","name":"Fundaci\u00f3 Itaka-Escolapios","url":"https:\/\/www.itakaescolapios.org\/en\/es\/","logo":{"@type":"ImageObject","inLanguage":"en-US","@id":"https:\/\/www.itakaescolapios.org\/en\/es\/#\/schema\/logo\/image\/","url":"https:\/\/www.itakaescolapios.org\/wp-content\/uploads\/2024\/04\/Logo-itakaescolapios-peque.png","contentUrl":"https:\/\/www.itakaescolapios.org\/wp-content\/uploads\/2024\/04\/Logo-itakaescolapios-peque.png","width":500,"height":199,"caption":"Fundaci\u00f3 Itaka-Escolapios"},"image":{"@id":"https:\/\/www.itakaescolapios.org\/en\/es\/#\/schema\/logo\/image\/"}},{"@type":"Person","@id":"https:\/\/www.itakaescolapios.org\/es\/#\/schema\/person\/d2844383e29bfdfef69039672ce14eb1","name":"cameroun01","url":"https:\/\/www.itakaescolapios.org\/en\/author\/cameroun01\/"}]}},"_links":{"self":[{"href":"https:\/\/www.itakaescolapios.org\/en\/wp-json\/wp\/v2\/posts\/325207","targetHints":{"allow":["GET"]}}],"collection":[{"href":"https:\/\/www.itakaescolapios.org\/en\/wp-json\/wp\/v2\/posts"}],"about":[{"href":"https:\/\/www.itakaescolapios.org\/en\/wp-json\/wp\/v2\/types\/post"}],"author":[{"embeddable":true,"href":"https:\/\/www.itakaescolapios.org\/en\/wp-json\/wp\/v2\/users\/15"}],"replies":[{"embeddable":true,"href":"https:\/\/www.itakaescolapios.org\/en\/wp-json\/wp\/v2\/comments?post=325207"}],"version-history":[{"count":2,"href":"https:\/\/www.itakaescolapios.org\/en\/wp-json\/wp\/v2\/posts\/325207\/revisions"}],"predecessor-version":[{"id":326406,"href":"https:\/\/www.itakaescolapios.org\/en\/wp-json\/wp\/v2\/posts\/325207\/revisions\/326406"}],"wp:featuredmedia":[{"embeddable":true,"href":"https:\/\/www.itakaescolapios.org\/en\/wp-json\/wp\/v2\/media\/325452"}],"wp:attachment":[{"href":"https:\/\/www.itakaescolapios.org\/en\/wp-json\/wp\/v2\/media?parent=325207"}],"wp:term":[{"taxonomy":"category","embeddable":true,"href":"https:\/\/www.itakaescolapios.org\/en\/wp-json\/wp\/v2\/categories?post=325207"},{"taxonomy":"post_tag","embeddable":true,"href":"https:\/\/www.itakaescolapios.org\/en\/wp-json\/wp\/v2\/tags?post=325207"}],"curies":[{"name":"wp","href":"https:\/\/api.w.org\/{rel}","templated":true}]}}