{"id":325226,"date":"2024-02-07T10:18:37","date_gmt":"2024-02-07T09:18:37","guid":{"rendered":"https:\/\/www.itakaescolapios.org\/?p=43828"},"modified":"2025-03-07T18:28:28","modified_gmt":"2025-03-07T17:28:28","slug":"english-bilingualism-day-celebrated-at-bandjoun-ctc","status":"publish","type":"post","link":"https:\/\/www.itakaescolapios.org\/en\/2024\/02\/english-bilingualism-day-celebrated-at-bandjoun-ctc\/","title":{"rendered":"Bilingualism Day celebrated at Bandjoun CTC."},"content":{"rendered":"<p>On the theme &#8220;Bilingualism, a vector for digitizing teaching to promote civic and moral values in a peaceful and emerging Cameroon&#8221;, the 19th Bilingualism Day was celebrated yesterday, February 06, at the CTC (Coll\u00e8ge Technique Calasanz) Bandjoun. The program included dances, songs, stories and other presentations in French and English. It was not only a great way to promote our national languages, but also a great day of study and entertainment.<\/p>\n<div style=\"width: 640px;\" class=\"wp-video\"><video class=\"wp-video-shortcode\" id=\"video-325226-1\" width=\"640\" height=\"368\" preload=\"metadata\" controls=\"controls\"><source type=\"video\/mp4\" src=\"https:\/\/www.itakaescolapios.org\/wp-content\/uploads\/2024\/02\/WhatsApp-Video-2024-02-07-at-10.04.20-1.mp4?_=1\" \/><a href=\"https:\/\/www.itakaescolapios.org\/wp-content\/uploads\/2024\/02\/WhatsApp-Video-2024-02-07-at-10.04.20-1.mp4\">https:\/\/www.itakaescolapios.org\/wp-content\/uploads\/2024\/02\/WhatsApp-Video-2024-02-07-at-10.04.20-1.mp4<\/a><\/video><\/div>\n","protected":false},"excerpt":{"rendered":"<p>On the theme &#8220;Bilingualism, a vector for digitizing teaching to promote civic and moral values in a peaceful and emerging Cameroon&#8221;, the 19th Bilingualism Day was celebrated yesterday, February 06, [&hellip;]<\/p>\n","protected":false},"author":15,"featured_media":325586,"comment_status":"closed","ping_status":"closed","sticky":false,"template":"","format":"standard","meta":{"_et_pb_use_builder":"","_et_pb_old_content":"","_et_gb_content_width":"","footnotes":""},"categories":[53,10],"tags":[],"class_list":["post-325226","post","type-post","status-publish","format-standard","has-post-thumbnail","hentry","category-africa-central","category-camerun"],"yoast_head":"<!-- This site is optimized with the Yoast SEO plugin v27.4 - https:\/\/yoast.com\/product\/yoast-seo-wordpress\/ -->\n<title>Bilingualism Day celebrated at Bandjoun CTC.<\/title>\n<meta name=\"description\" content=\"On the theme &quot;Bilingualism, a vector for digitizing teaching to promote civic and moral values in a peaceful and emerging Cameroon&quot;, the 19th Bilingualism Day was celebrated yesterday, February 06, at the CTC (Coll\u00e8ge Technique Calasanz) Bandjoun. The program included dances, songs, stories and other presentations in French and English. It was not only a&hellip;\" \/>\n<meta name=\"robots\" content=\"index, follow, max-snippet:-1, max-image-preview:large, max-video-preview:-1\" \/>\n<link rel=\"canonical\" href=\"http:\/\/On%20the%20theme%20Bilingualism,%20a%20vector%20for%20digitizing%20teaching%20to%20promote%20civic%20and%20moral%20values%20in%20a%20peaceful%20and%20emerging%20Cameroon,%20the%2019th%20Bilingualism%20Day%20was%20celebrated%20yesterday,%20February%2006,%20at%20the%20CTC%20(Coll\u00e8ge%20Technique%20Calasanz)%20Bandjoun.%20The%20program%20included%20dances,%20songs,%20stories%20and%20other%20presentations%20in%20French%20and%20English.%20It%20was%20not%20only%20a&hellip;\" \/>\n<meta property=\"og:locale\" content=\"en_US\" \/>\n<meta property=\"og:type\" content=\"article\" \/>\n<meta property=\"og:title\" content=\"Bilingualism Day celebrated at Bandjoun CTC.\" \/>\n<meta property=\"og:description\" content=\"On the theme &quot;Bilingualism, a vector for digitizing teaching to promote civic and moral values in a peaceful and emerging Cameroon&quot;, the 19th Bilingualism Day was celebrated yesterday, February 06, at the CTC (Coll\u00e8ge Technique Calasanz) Bandjoun. The program included dances, songs, stories and other presentations in French and English. It was not only a&hellip;\" \/>\n<meta property=\"og:url\" content=\"https:\/\/www.itakaescolapios.org\/en\/2024\/02\/english-bilingualism-day-celebrated-at-bandjoun-ctc\/\" \/>\n<meta property=\"og:site_name\" content=\"Proofs in Itaka-Escolapios\" \/>\n<meta property=\"article:published_time\" content=\"2024-02-07T09:18:37+00:00\" \/>\n<meta property=\"article:modified_time\" content=\"2025-03-07T17:28:28+00:00\" \/>\n<meta property=\"og:image\" content=\"https:\/\/www.itakaescolapios.org\/wp-content\/uploads\/2024\/02\/NOTICIA-1-1.jpg\" \/>\n\t<meta property=\"og:image:width\" content=\"547\" \/>\n\t<meta property=\"og:image:height\" content=\"287\" \/>\n\t<meta property=\"og:image:type\" content=\"image\/jpeg\" \/>\n<meta name=\"author\" content=\"cameroun01\" \/>\n<meta name=\"twitter:card\" content=\"summary_large_image\" \/>\n<meta name=\"twitter:label1\" content=\"Written by\" \/>\n\t<meta name=\"twitter:data1\" content=\"cameroun01\" \/>\n<script type=\"application\/ld+json\" class=\"yoast-schema-graph\">{\"@context\":\"https:\\\/\\\/schema.org\",\"@graph\":[{\"@type\":\"Article\",\"@id\":\"https:\\\/\\\/www.itakaescolapios.org\\\/en\\\/2024\\\/02\\\/english-bilingualism-day-celebrated-at-bandjoun-ctc\\\/#article\",\"isPartOf\":{\"@id\":\"https:\\\/\\\/www.itakaescolapios.org\\\/en\\\/2024\\\/02\\\/english-bilingualism-day-celebrated-at-bandjoun-ctc\\\/\"},\"author\":{\"name\":\"cameroun01\",\"@id\":\"https:\\\/\\\/www.itakaescolapios.org\\\/es\\\/#\\\/schema\\\/person\\\/d2844383e29bfdfef69039672ce14eb1\"},\"headline\":\"Bilingualism Day celebrated at Bandjoun CTC.\",\"datePublished\":\"2024-02-07T09:18:37+00:00\",\"dateModified\":\"2025-03-07T17:28:28+00:00\",\"mainEntityOfPage\":{\"@id\":\"https:\\\/\\\/www.itakaescolapios.org\\\/en\\\/2024\\\/02\\\/english-bilingualism-day-celebrated-at-bandjoun-ctc\\\/\"},\"wordCount\":100,\"publisher\":{\"@id\":\"https:\\\/\\\/www.itakaescolapios.org\\\/es\\\/#organization\"},\"image\":{\"@id\":\"https:\\\/\\\/www.itakaescolapios.org\\\/en\\\/2024\\\/02\\\/english-bilingualism-day-celebrated-at-bandjoun-ctc\\\/#primaryimage\"},\"thumbnailUrl\":\"https:\\\/\\\/www.itakaescolapios.org\\\/wp-content\\\/uploads\\\/2024\\\/02\\\/NOTICIA-1-1.jpg\",\"articleSection\":[\"Central Africa\",\"Cameroon\"],\"inLanguage\":\"en-US\"},{\"@type\":\"WebPage\",\"@id\":\"https:\\\/\\\/www.itakaescolapios.org\\\/en\\\/2024\\\/02\\\/english-bilingualism-day-celebrated-at-bandjoun-ctc\\\/\",\"url\":\"https:\\\/\\\/www.itakaescolapios.org\\\/en\\\/2024\\\/02\\\/english-bilingualism-day-celebrated-at-bandjoun-ctc\\\/\",\"name\":\"Celebraci\u00f3n del D\u00eda del Biling\u00fcismo en el CTC de Bandjoun. - Proofs in Itaka-Escolapios\",\"isPartOf\":{\"@id\":\"https:\\\/\\\/www.itakaescolapios.org\\\/es\\\/#website\"},\"primaryImageOfPage\":{\"@id\":\"https:\\\/\\\/www.itakaescolapios.org\\\/en\\\/2024\\\/02\\\/english-bilingualism-day-celebrated-at-bandjoun-ctc\\\/#primaryimage\"},\"image\":{\"@id\":\"https:\\\/\\\/www.itakaescolapios.org\\\/en\\\/2024\\\/02\\\/english-bilingualism-day-celebrated-at-bandjoun-ctc\\\/#primaryimage\"},\"thumbnailUrl\":\"https:\\\/\\\/www.itakaescolapios.org\\\/wp-content\\\/uploads\\\/2024\\\/02\\\/NOTICIA-1-1.jpg\",\"datePublished\":\"2024-02-07T09:18:37+00:00\",\"dateModified\":\"2025-03-07T17:28:28+00:00\",\"breadcrumb\":{\"@id\":\"https:\\\/\\\/www.itakaescolapios.org\\\/en\\\/2024\\\/02\\\/english-bilingualism-day-celebrated-at-bandjoun-ctc\\\/#breadcrumb\"},\"inLanguage\":\"en-US\",\"potentialAction\":[{\"@type\":\"ReadAction\",\"target\":[\"https:\\\/\\\/www.itakaescolapios.org\\\/en\\\/2024\\\/02\\\/english-bilingualism-day-celebrated-at-bandjoun-ctc\\\/\"]}]},{\"@type\":\"ImageObject\",\"inLanguage\":\"en-US\",\"@id\":\"https:\\\/\\\/www.itakaescolapios.org\\\/en\\\/2024\\\/02\\\/english-bilingualism-day-celebrated-at-bandjoun-ctc\\\/#primaryimage\",\"url\":\"https:\\\/\\\/www.itakaescolapios.org\\\/wp-content\\\/uploads\\\/2024\\\/02\\\/NOTICIA-1-1.jpg\",\"contentUrl\":\"https:\\\/\\\/www.itakaescolapios.org\\\/wp-content\\\/uploads\\\/2024\\\/02\\\/NOTICIA-1-1.jpg\",\"width\":547,\"height\":287},{\"@type\":\"BreadcrumbList\",\"@id\":\"https:\\\/\\\/www.itakaescolapios.org\\\/en\\\/2024\\\/02\\\/english-bilingualism-day-celebrated-at-bandjoun-ctc\\\/#breadcrumb\",\"itemListElement\":[{\"@type\":\"ListItem\",\"position\":1,\"name\":\"Proof\",\"item\":\"https:\\\/\\\/www.itakaescolapios.org\\\/es\\\/\"},{\"@type\":\"ListItem\",\"position\":2,\"name\":\"Bilingualism Day celebrated at Bandjoun CTC.\"}]},{\"@type\":\"WebSite\",\"@id\":\"https:\\\/\\\/www.itakaescolapios.org\\\/en\\\/es\\\/#website\",\"url\":\"https:\\\/\\\/www.itakaescolapios.org\\\/en\\\/es\\\/\",\"name\":\"Itaka-Escolapios\",\"description\":\"Red de Itaka-Escolapios\",\"publisher\":{\"@id\":\"https:\\\/\\\/www.itakaescolapios.org\\\/en\\\/es\\\/#organization\"},\"potentialAction\":[{\"@type\":\"SearchAction\",\"target\":{\"@type\":\"EntryPoint\",\"urlTemplate\":\"https:\\\/\\\/www.itakaescolapios.org\\\/en\\\/es\\\/?s={search_term_string}\"},\"query-input\":{\"@type\":\"PropertyValueSpecification\",\"valueRequired\":true,\"valueName\":\"search_term_string\"}}],\"inLanguage\":\"en-US\"},{\"@type\":\"Organization\",\"@id\":\"https:\\\/\\\/www.itakaescolapios.org\\\/en\\\/es\\\/#organization\",\"name\":\"Fundaci\u00f3 Itaka-Escolapios\",\"url\":\"https:\\\/\\\/www.itakaescolapios.org\\\/en\\\/es\\\/\",\"logo\":{\"@type\":\"ImageObject\",\"inLanguage\":\"en-US\",\"@id\":\"https:\\\/\\\/www.itakaescolapios.org\\\/en\\\/es\\\/#\\\/schema\\\/logo\\\/image\\\/\",\"url\":\"https:\\\/\\\/www.itakaescolapios.org\\\/wp-content\\\/uploads\\\/2024\\\/04\\\/Logo-itakaescolapios-peque.png\",\"contentUrl\":\"https:\\\/\\\/www.itakaescolapios.org\\\/wp-content\\\/uploads\\\/2024\\\/04\\\/Logo-itakaescolapios-peque.png\",\"width\":500,\"height\":199,\"caption\":\"Fundaci\u00f3 Itaka-Escolapios\"},\"image\":{\"@id\":\"https:\\\/\\\/www.itakaescolapios.org\\\/en\\\/es\\\/#\\\/schema\\\/logo\\\/image\\\/\"}},{\"@type\":\"Person\",\"@id\":\"https:\\\/\\\/www.itakaescolapios.org\\\/es\\\/#\\\/schema\\\/person\\\/d2844383e29bfdfef69039672ce14eb1\",\"name\":\"cameroun01\",\"url\":\"https:\\\/\\\/www.itakaescolapios.org\\\/en\\\/author\\\/cameroun01\\\/\"}]}<\/script>\n<!-- \/ Yoast SEO plugin. -->","yoast_head_json":{"title":"Bilingualism Day celebrated at Bandjoun CTC.","description":"On the theme \"Bilingualism, a vector for digitizing teaching to promote civic and moral values in a peaceful and emerging Cameroon\", the 19th Bilingualism Day was celebrated yesterday, February 06, at the CTC (Coll\u00e8ge Technique Calasanz) Bandjoun. The program included dances, songs, stories and other presentations in French and English. It was not only a&hellip;","robots":{"index":"index","follow":"follow","max-snippet":"max-snippet:-1","max-image-preview":"max-image-preview:large","max-video-preview":"max-video-preview:-1"},"canonical":"On the theme \"Bilingualism, a vector for digitizing teaching to promote civic and moral values in a peaceful and emerging Cameroon\", the 19th Bilingualism Day was celebrated yesterday, February 06, at the CTC (Coll\u00e8ge Technique Calasanz) Bandjoun. The program included dances, songs, stories and other presentations in French and English. It was not only a&hellip;","og_locale":"en_US","og_type":"article","og_title":"Bilingualism Day celebrated at Bandjoun CTC.","og_description":"On the theme \"Bilingualism, a vector for digitizing teaching to promote civic and moral values in a peaceful and emerging Cameroon\", the 19th Bilingualism Day was celebrated yesterday, February 06, at the CTC (Coll\u00e8ge Technique Calasanz) Bandjoun. The program included dances, songs, stories and other presentations in French and English. It was not only a&hellip;","og_url":"https:\/\/www.itakaescolapios.org\/en\/2024\/02\/english-bilingualism-day-celebrated-at-bandjoun-ctc\/","og_site_name":"Proofs in Itaka-Escolapios","article_published_time":"2024-02-07T09:18:37+00:00","article_modified_time":"2025-03-07T17:28:28+00:00","og_image":[{"width":547,"height":287,"url":"https:\/\/www.itakaescolapios.org\/wp-content\/uploads\/2024\/02\/NOTICIA-1-1.jpg","type":"image\/jpeg"}],"author":"cameroun01","twitter_card":"summary_large_image","twitter_misc":{"Written by":"cameroun01"},"schema":{"@context":"https:\/\/schema.org","@graph":[{"@type":"Article","@id":"https:\/\/www.itakaescolapios.org\/en\/2024\/02\/english-bilingualism-day-celebrated-at-bandjoun-ctc\/#article","isPartOf":{"@id":"https:\/\/www.itakaescolapios.org\/en\/2024\/02\/english-bilingualism-day-celebrated-at-bandjoun-ctc\/"},"author":{"name":"cameroun01","@id":"https:\/\/www.itakaescolapios.org\/es\/#\/schema\/person\/d2844383e29bfdfef69039672ce14eb1"},"headline":"Bilingualism Day celebrated at Bandjoun CTC.","datePublished":"2024-02-07T09:18:37+00:00","dateModified":"2025-03-07T17:28:28+00:00","mainEntityOfPage":{"@id":"https:\/\/www.itakaescolapios.org\/en\/2024\/02\/english-bilingualism-day-celebrated-at-bandjoun-ctc\/"},"wordCount":100,"publisher":{"@id":"https:\/\/www.itakaescolapios.org\/es\/#organization"},"image":{"@id":"https:\/\/www.itakaescolapios.org\/en\/2024\/02\/english-bilingualism-day-celebrated-at-bandjoun-ctc\/#primaryimage"},"thumbnailUrl":"https:\/\/www.itakaescolapios.org\/wp-content\/uploads\/2024\/02\/NOTICIA-1-1.jpg","articleSection":["Central Africa","Cameroon"],"inLanguage":"en-US"},{"@type":"WebPage","@id":"https:\/\/www.itakaescolapios.org\/en\/2024\/02\/english-bilingualism-day-celebrated-at-bandjoun-ctc\/","url":"https:\/\/www.itakaescolapios.org\/en\/2024\/02\/english-bilingualism-day-celebrated-at-bandjoun-ctc\/","name":"Celebraci\u00f3n del D\u00eda del Biling\u00fcismo en el CTC de Bandjoun. - Proofs in Itaka-Escolapios","isPartOf":{"@id":"https:\/\/www.itakaescolapios.org\/es\/#website"},"primaryImageOfPage":{"@id":"https:\/\/www.itakaescolapios.org\/en\/2024\/02\/english-bilingualism-day-celebrated-at-bandjoun-ctc\/#primaryimage"},"image":{"@id":"https:\/\/www.itakaescolapios.org\/en\/2024\/02\/english-bilingualism-day-celebrated-at-bandjoun-ctc\/#primaryimage"},"thumbnailUrl":"https:\/\/www.itakaescolapios.org\/wp-content\/uploads\/2024\/02\/NOTICIA-1-1.jpg","datePublished":"2024-02-07T09:18:37+00:00","dateModified":"2025-03-07T17:28:28+00:00","breadcrumb":{"@id":"https:\/\/www.itakaescolapios.org\/en\/2024\/02\/english-bilingualism-day-celebrated-at-bandjoun-ctc\/#breadcrumb"},"inLanguage":"en-US","potentialAction":[{"@type":"ReadAction","target":["https:\/\/www.itakaescolapios.org\/en\/2024\/02\/english-bilingualism-day-celebrated-at-bandjoun-ctc\/"]}]},{"@type":"ImageObject","inLanguage":"en-US","@id":"https:\/\/www.itakaescolapios.org\/en\/2024\/02\/english-bilingualism-day-celebrated-at-bandjoun-ctc\/#primaryimage","url":"https:\/\/www.itakaescolapios.org\/wp-content\/uploads\/2024\/02\/NOTICIA-1-1.jpg","contentUrl":"https:\/\/www.itakaescolapios.org\/wp-content\/uploads\/2024\/02\/NOTICIA-1-1.jpg","width":547,"height":287},{"@type":"BreadcrumbList","@id":"https:\/\/www.itakaescolapios.org\/en\/2024\/02\/english-bilingualism-day-celebrated-at-bandjoun-ctc\/#breadcrumb","itemListElement":[{"@type":"ListItem","position":1,"name":"Proof","item":"https:\/\/www.itakaescolapios.org\/es\/"},{"@type":"ListItem","position":2,"name":"Bilingualism Day celebrated at Bandjoun CTC."}]},{"@type":"WebSite","@id":"https:\/\/www.itakaescolapios.org\/en\/es\/#website","url":"https:\/\/www.itakaescolapios.org\/en\/es\/","name":"Itaka-Escolapios","description":"Red de Itaka-Escolapios","publisher":{"@id":"https:\/\/www.itakaescolapios.org\/en\/es\/#organization"},"potentialAction":[{"@type":"SearchAction","target":{"@type":"EntryPoint","urlTemplate":"https:\/\/www.itakaescolapios.org\/en\/es\/?s={search_term_string}"},"query-input":{"@type":"PropertyValueSpecification","valueRequired":true,"valueName":"search_term_string"}}],"inLanguage":"en-US"},{"@type":"Organization","@id":"https:\/\/www.itakaescolapios.org\/en\/es\/#organization","name":"Fundaci\u00f3 Itaka-Escolapios","url":"https:\/\/www.itakaescolapios.org\/en\/es\/","logo":{"@type":"ImageObject","inLanguage":"en-US","@id":"https:\/\/www.itakaescolapios.org\/en\/es\/#\/schema\/logo\/image\/","url":"https:\/\/www.itakaescolapios.org\/wp-content\/uploads\/2024\/04\/Logo-itakaescolapios-peque.png","contentUrl":"https:\/\/www.itakaescolapios.org\/wp-content\/uploads\/2024\/04\/Logo-itakaescolapios-peque.png","width":500,"height":199,"caption":"Fundaci\u00f3 Itaka-Escolapios"},"image":{"@id":"https:\/\/www.itakaescolapios.org\/en\/es\/#\/schema\/logo\/image\/"}},{"@type":"Person","@id":"https:\/\/www.itakaescolapios.org\/es\/#\/schema\/person\/d2844383e29bfdfef69039672ce14eb1","name":"cameroun01","url":"https:\/\/www.itakaescolapios.org\/en\/author\/cameroun01\/"}]}},"_links":{"self":[{"href":"https:\/\/www.itakaescolapios.org\/en\/wp-json\/wp\/v2\/posts\/325226","targetHints":{"allow":["GET"]}}],"collection":[{"href":"https:\/\/www.itakaescolapios.org\/en\/wp-json\/wp\/v2\/posts"}],"about":[{"href":"https:\/\/www.itakaescolapios.org\/en\/wp-json\/wp\/v2\/types\/post"}],"author":[{"embeddable":true,"href":"https:\/\/www.itakaescolapios.org\/en\/wp-json\/wp\/v2\/users\/15"}],"replies":[{"embeddable":true,"href":"https:\/\/www.itakaescolapios.org\/en\/wp-json\/wp\/v2\/comments?post=325226"}],"version-history":[{"count":2,"href":"https:\/\/www.itakaescolapios.org\/en\/wp-json\/wp\/v2\/posts\/325226\/revisions"}],"predecessor-version":[{"id":326369,"href":"https:\/\/www.itakaescolapios.org\/en\/wp-json\/wp\/v2\/posts\/325226\/revisions\/326369"}],"wp:featuredmedia":[{"embeddable":true,"href":"https:\/\/www.itakaescolapios.org\/en\/wp-json\/wp\/v2\/media\/325586"}],"wp:attachment":[{"href":"https:\/\/www.itakaescolapios.org\/en\/wp-json\/wp\/v2\/media?parent=325226"}],"wp:term":[{"taxonomy":"category","embeddable":true,"href":"https:\/\/www.itakaescolapios.org\/en\/wp-json\/wp\/v2\/categories?post=325226"},{"taxonomy":"post_tag","embeddable":true,"href":"https:\/\/www.itakaescolapios.org\/en\/wp-json\/wp\/v2\/tags?post=325226"}],"curies":[{"name":"wp","href":"https:\/\/api.w.org\/{rel}","templated":true}]}}