{"id":327082,"date":"2025-03-24T16:11:28","date_gmt":"2025-03-24T15:11:28","guid":{"rendered":"https:\/\/www.itakaescolapios.org\/?p=327082"},"modified":"2025-03-24T16:11:28","modified_gmt":"2025-03-24T15:11:28","slug":"iii-concierto-solidario-en-valencia","status":"publish","type":"post","link":"https:\/\/www.itakaescolapios.org\/en\/2025\/03\/iii-concierto-solidario-en-valencia\/","title":{"rendered":"III CONCIERTO SOLIDARIO EN VALENCIA"},"content":{"rendered":"<p>El pasado viernes Radio City acogi\u00f3 anoche el III Concierto Solidario de Itaka- Escolapios, a beneficio de los proyectos que tiene la red en Valencia: Amaltea, Akeloo, Llum y Sa\u00f3. Fue una noche llena de ritmo en la que los m\u00fasicos que colaboraron desinteresadamente lo dieron todo para hacer disfrutar y bailar a los asistentes.<\/p>\n<p>Abri\u00f3 la noche Luc\u00eda Carri\u00f3n, acompa\u00f1ada por \u00a0la banda Yo vivo Navegando, que interpret\u00f3 algunas de sus temas con su voz inconfundible. A continuaci\u00f3n, el estreno de la noche, Cuatrie Ruiz, un nuevo grupo de m\u00fasica compuesto por Natalia, Nuria, Jaume y Pablo, todos ellos voluntarios de Itaka- Escolapios en Valencia. Y el broche final lleg\u00f3 con Calle Levante y sus versiones flamencas que llenaron de ritmo Radio City. \u00a1Qu\u00e9 bien lo pasamos!<\/p>\n<p>Solo nos queda agradecer a cada uno de ellos y ellas sus actuaciones desinteresadas; gracias tambi\u00e9n a Radio City por cedernos el espacio y a Entradium por la gesti\u00f3n de las entradas; al equipo de Sensibilizaci\u00f3n de Valencia que prepar\u00f3 con esmero el concierto; y, por supuesto, a todos los que vinisteis a disfrutar y colaborar con los proyectos de Itaka- Escolapios en Valencia. \u00a1Gracias!<\/p>\n\n\t\t<style type=\"text\/css\">\n\t\t\t#gallery-1 {\n\t\t\t\tmargin: auto;\n\t\t\t}\n\t\t\t#gallery-1 .gallery-item {\n\t\t\t\tfloat: left;\n\t\t\t\tmargin-top: 10px;\n\t\t\t\ttext-align: center;\n\t\t\t\twidth: 25%;\n\t\t\t}\n\t\t\t#gallery-1 img {\n\t\t\t\tborder: 2px solid #cfcfcf;\n\t\t\t}\n\t\t\t#gallery-1 .gallery-caption {\n\t\t\t\tmargin-left: 0;\n\t\t\t}\n\t\t\t\/* see gallery_shortcode() in wp-includes\/media.php *\/\n\t\t<\/style>\n\t\t<div id='gallery-1' class='gallery galleryid-327082 gallery-columns-4 gallery-size-thumbnail'><dl class='gallery-item'>\n\t\t\t<dt class='gallery-icon portrait'>\n\t\t\t\t<a href='https:\/\/www.itakaescolapios.org\/en\/2025\/03\/iii-concierto-solidario-en-valencia\/whatsapp-image-2025-03-22-at-00-51-04\/'><img decoding=\"async\" width=\"90\" height=\"90\" src=\"https:\/\/www.itakaescolapios.org\/wp-content\/uploads\/2025\/03\/WhatsApp-Image-2025-03-22-at-00.51.04-90x90.jpeg\" class=\"attachment-thumbnail size-thumbnail\" alt=\"\" \/><\/a>\n\t\t\t<\/dt><\/dl><dl class='gallery-item'>\n\t\t\t<dt class='gallery-icon landscape'>\n\t\t\t\t<a href='https:\/\/www.itakaescolapios.org\/en\/2025\/03\/iii-concierto-solidario-en-valencia\/concierto-solidario-valencia-2\/'><img decoding=\"async\" width=\"90\" height=\"90\" src=\"https:\/\/www.itakaescolapios.org\/wp-content\/uploads\/2025\/03\/concierto-solidario-Valencia-2-90x90.jpeg\" class=\"attachment-thumbnail size-thumbnail\" alt=\"\" \/><\/a>\n\t\t\t<\/dt><\/dl><dl class='gallery-item'>\n\t\t\t<dt class='gallery-icon portrait'>\n\t\t\t\t<a href='https:\/\/www.itakaescolapios.org\/en\/2025\/03\/iii-concierto-solidario-en-valencia\/concierto-solidario-valencia-3\/'><img decoding=\"async\" width=\"90\" height=\"90\" src=\"https:\/\/www.itakaescolapios.org\/wp-content\/uploads\/2025\/03\/concierto-solidario-Valencia-3-90x90.jpeg\" class=\"attachment-thumbnail size-thumbnail\" alt=\"\" \/><\/a>\n\t\t\t<\/dt><\/dl><dl class='gallery-item'>\n\t\t\t<dt class='gallery-icon landscape'>\n\t\t\t\t<a href='https:\/\/www.itakaescolapios.org\/en\/2025\/03\/iii-concierto-solidario-en-valencia\/concierto-solidario-valencia-4\/'><img decoding=\"async\" width=\"90\" height=\"90\" src=\"https:\/\/www.itakaescolapios.org\/wp-content\/uploads\/2025\/03\/concierto-solidario-Valencia-4-90x90.jpeg\" class=\"attachment-thumbnail size-thumbnail\" alt=\"\" \/><\/a>\n\t\t\t<\/dt><\/dl><br style=\"clear: both\" \/><dl class='gallery-item'>\n\t\t\t<dt class='gallery-icon landscape'>\n\t\t\t\t<a href='https:\/\/www.itakaescolapios.org\/en\/2025\/03\/iii-concierto-solidario-en-valencia\/concierto-solidario-valencia-5\/'><img decoding=\"async\" width=\"90\" height=\"90\" src=\"https:\/\/www.itakaescolapios.org\/wp-content\/uploads\/2025\/03\/concierto-solidario-Valencia-5-90x90.jpeg\" class=\"attachment-thumbnail size-thumbnail\" alt=\"\" \/><\/a>\n\t\t\t<\/dt><\/dl><dl class='gallery-item'>\n\t\t\t<dt class='gallery-icon portrait'>\n\t\t\t\t<a href='https:\/\/www.itakaescolapios.org\/en\/2025\/03\/iii-concierto-solidario-en-valencia\/concierto-solidario-valencia-6\/'><img decoding=\"async\" width=\"90\" height=\"90\" src=\"https:\/\/www.itakaescolapios.org\/wp-content\/uploads\/2025\/03\/concierto-solidario-Valencia-6-90x90.jpeg\" class=\"attachment-thumbnail size-thumbnail\" alt=\"\" \/><\/a>\n\t\t\t<\/dt><\/dl><dl class='gallery-item'>\n\t\t\t<dt class='gallery-icon portrait'>\n\t\t\t\t<a href='https:\/\/www.itakaescolapios.org\/en\/2025\/03\/iii-concierto-solidario-en-valencia\/concierto-solidario-valencia-7\/'><img decoding=\"async\" width=\"90\" height=\"90\" src=\"https:\/\/www.itakaescolapios.org\/wp-content\/uploads\/2025\/03\/concierto-solidario-Valencia-7-90x90.jpeg\" class=\"attachment-thumbnail size-thumbnail\" alt=\"\" \/><\/a>\n\t\t\t<\/dt><\/dl><dl class='gallery-item'>\n\t\t\t<dt class='gallery-icon portrait'>\n\t\t\t\t<a href='https:\/\/www.itakaescolapios.org\/en\/2025\/03\/iii-concierto-solidario-en-valencia\/concierto-solidario-valencia-8\/'><img decoding=\"async\" width=\"90\" height=\"90\" src=\"https:\/\/www.itakaescolapios.org\/wp-content\/uploads\/2025\/03\/concierto-solidario-Valencia-8-90x90.jpeg\" class=\"attachment-thumbnail size-thumbnail\" alt=\"\" \/><\/a>\n\t\t\t<\/dt><\/dl><br style=\"clear: both\" \/><dl class='gallery-item'>\n\t\t\t<dt class='gallery-icon portrait'>\n\t\t\t\t<a href='https:\/\/www.itakaescolapios.org\/en\/2025\/03\/iii-concierto-solidario-en-valencia\/concierto-solidario-valencia-9\/'><img decoding=\"async\" width=\"90\" height=\"90\" src=\"https:\/\/www.itakaescolapios.org\/wp-content\/uploads\/2025\/03\/concierto-solidario-Valencia-9-90x90.jpeg\" class=\"attachment-thumbnail size-thumbnail\" alt=\"\" \/><\/a>\n\t\t\t<\/dt><\/dl><dl class='gallery-item'>\n\t\t\t<dt class='gallery-icon portrait'>\n\t\t\t\t<a href='https:\/\/www.itakaescolapios.org\/en\/2025\/03\/iii-concierto-solidario-en-valencia\/concierto-solidario-valencia-10\/'><img decoding=\"async\" width=\"90\" height=\"90\" src=\"https:\/\/www.itakaescolapios.org\/wp-content\/uploads\/2025\/03\/concierto-solidario-Valencia-10-90x90.jpeg\" class=\"attachment-thumbnail size-thumbnail\" alt=\"\" \/><\/a>\n\t\t\t<\/dt><\/dl><dl class='gallery-item'>\n\t\t\t<dt class='gallery-icon landscape'>\n\t\t\t\t<a href='https:\/\/www.itakaescolapios.org\/en\/2025\/03\/iii-concierto-solidario-en-valencia\/concierto-solidario-valencia-11\/'><img decoding=\"async\" width=\"90\" height=\"90\" src=\"https:\/\/www.itakaescolapios.org\/wp-content\/uploads\/2025\/03\/concierto-solidario-Valencia-11-90x90.jpeg\" class=\"attachment-thumbnail size-thumbnail\" alt=\"\" \/><\/a>\n\t\t\t<\/dt><\/dl><dl class='gallery-item'>\n\t\t\t<dt class='gallery-icon portrait'>\n\t\t\t\t<a href='https:\/\/www.itakaescolapios.org\/en\/2025\/03\/iii-concierto-solidario-en-valencia\/concierto-solidario-valencia-12\/'><img decoding=\"async\" width=\"90\" height=\"90\" src=\"https:\/\/www.itakaescolapios.org\/wp-content\/uploads\/2025\/03\/concierto-solidario-Valencia-12-90x90.jpeg\" class=\"attachment-thumbnail size-thumbnail\" alt=\"\" \/><\/a>\n\t\t\t<\/dt><\/dl><br style=\"clear: both\" \/><dl class='gallery-item'>\n\t\t\t<dt class='gallery-icon landscape'>\n\t\t\t\t<a href='https:\/\/www.itakaescolapios.org\/en\/2025\/03\/iii-concierto-solidario-en-valencia\/concierto-solidario-valencia-1\/'><img decoding=\"async\" width=\"90\" height=\"90\" src=\"https:\/\/www.itakaescolapios.org\/wp-content\/uploads\/2025\/03\/concierto-solidario-Valencia-1-90x90.jpeg\" class=\"attachment-thumbnail size-thumbnail\" alt=\"\" \/><\/a>\n\t\t\t<\/dt><\/dl>\n\t\t\t<br style='clear: both' \/>\n\t\t<\/div>\n\n<p>&nbsp;<\/p>\n","protected":false},"excerpt":{"rendered":"<p>El pasado viernes Radio City acogi\u00f3 anoche el III Concierto Solidario de Itaka- Escolapios, a beneficio de los proyectos que tiene la red en Valencia: Amaltea, Akeloo, Llum y Sa\u00f3. [&hellip;]<\/p>\n","protected":false},"author":39,"featured_media":327105,"comment_status":"closed","ping_status":"closed","sticky":false,"template":"","format":"standard","meta":{"_et_pb_use_builder":"","_et_pb_old_content":"","_et_gb_content_width":"","footnotes":""},"categories":[12],"tags":[455,579,228,272,43,411],"class_list":["post-327082","post","type-post","status-publish","format-standard","has-post-thumbnail","hentry","category-valencia","tag-concierto","tag-concierto-solidario","tag-musica","tag-proyectos","tag-solidaridad","tag-valencia"],"yoast_head":"<!-- This site is optimized with the Yoast SEO plugin v27.4 - https:\/\/yoast.com\/product\/yoast-seo-wordpress\/ -->\n<title>III CONCIERTO SOLIDARIO EN VALENCIA<\/title>\n<meta name=\"description\" content=\"El pasado viernes Radio City acogi\u00f3 anoche el III Concierto Solidario de Itaka- Escolapios, a beneficio de los proyectos que tiene la red en Valencia: Amaltea, Akeloo, Llum y Sa\u00f3. Fue una noche llena de ritmo en la que los m\u00fasicos que colaboraron desinteresadamente lo dieron todo para hacer disfrutar y bailar a los asistentes.&hellip;\" \/>\n<meta name=\"robots\" content=\"index, follow, max-snippet:-1, max-image-preview:large, max-video-preview:-1\" \/>\n<link rel=\"canonical\" href=\"\" \/>\n<meta property=\"og:locale\" content=\"en_US\" \/>\n<meta property=\"og:type\" content=\"article\" \/>\n<meta property=\"og:title\" content=\"III CONCIERTO SOLIDARIO EN VALENCIA\" \/>\n<meta property=\"og:description\" content=\"El pasado viernes Radio City acogi\u00f3 anoche el III Concierto Solidario de Itaka- Escolapios, a beneficio de los proyectos que tiene la red en Valencia: Amaltea, Akeloo, Llum y Sa\u00f3. Fue una noche llena de ritmo en la que los m\u00fasicos que colaboraron desinteresadamente lo dieron todo para hacer disfrutar y bailar a los asistentes.&hellip;\" \/>\n<meta property=\"og:url\" content=\"https:\/\/www.itakaescolapios.org\/en\/2025\/03\/iii-concierto-solidario-en-valencia\/\" \/>\n<meta property=\"og:site_name\" content=\"Proofs in Itaka-Escolapios\" \/>\n<meta property=\"article:published_time\" content=\"2025-03-24T15:11:28+00:00\" \/>\n<meta property=\"og:image\" content=\"https:\/\/www.itakaescolapios.org\/wp-content\/uploads\/2025\/03\/concierto-solidario-Valencia-1.jpeg\" \/>\n\t<meta property=\"og:image:width\" content=\"2000\" \/>\n\t<meta property=\"og:image:height\" content=\"900\" \/>\n\t<meta property=\"og:image:type\" content=\"image\/jpeg\" \/>\n<meta name=\"author\" content=\"valencia01\" \/>\n<meta name=\"twitter:card\" content=\"summary_large_image\" \/>\n<meta name=\"twitter:label1\" content=\"Written by\" \/>\n\t<meta name=\"twitter:data1\" content=\"valencia01\" \/>\n\t<meta name=\"twitter:label2\" content=\"Est. reading time\" \/>\n\t<meta name=\"twitter:data2\" content=\"2 minutes\" \/>\n<script type=\"application\/ld+json\" class=\"yoast-schema-graph\">{\"@context\":\"https:\\\/\\\/schema.org\",\"@graph\":[{\"@type\":\"Article\",\"@id\":\"https:\\\/\\\/www.itakaescolapios.org\\\/en\\\/2025\\\/03\\\/iii-concierto-solidario-en-valencia\\\/#article\",\"isPartOf\":{\"@id\":\"https:\\\/\\\/www.itakaescolapios.org\\\/en\\\/2025\\\/03\\\/iii-concierto-solidario-en-valencia\\\/\"},\"author\":{\"name\":\"valencia01\",\"@id\":\"https:\\\/\\\/www.itakaescolapios.org\\\/es\\\/#\\\/schema\\\/person\\\/c232ccaa2b3f2e98db93c1f8dfca96ff\"},\"headline\":\"III CONCIERTO SOLIDARIO EN VALENCIA\",\"datePublished\":\"2025-03-24T15:11:28+00:00\",\"mainEntityOfPage\":{\"@id\":\"https:\\\/\\\/www.itakaescolapios.org\\\/en\\\/2025\\\/03\\\/iii-concierto-solidario-en-valencia\\\/\"},\"wordCount\":211,\"publisher\":{\"@id\":\"https:\\\/\\\/www.itakaescolapios.org\\\/es\\\/#organization\"},\"image\":{\"@id\":\"https:\\\/\\\/www.itakaescolapios.org\\\/en\\\/2025\\\/03\\\/iii-concierto-solidario-en-valencia\\\/#primaryimage\"},\"thumbnailUrl\":\"https:\\\/\\\/www.itakaescolapios.org\\\/wp-content\\\/uploads\\\/2025\\\/03\\\/concierto-solidario-Valencia-1.jpeg\",\"keywords\":[\"concierto\",\"concierto solidario\",\"M\u00fasica\",\"proyectos\",\"Solidaridad\",\"Valencia\"],\"articleSection\":[\"Valencia\"],\"inLanguage\":\"en-US\"},{\"@type\":\"WebPage\",\"@id\":\"https:\\\/\\\/www.itakaescolapios.org\\\/en\\\/2025\\\/03\\\/iii-concierto-solidario-en-valencia\\\/\",\"url\":\"https:\\\/\\\/www.itakaescolapios.org\\\/en\\\/2025\\\/03\\\/iii-concierto-solidario-en-valencia\\\/\",\"name\":\"III CONCIERTO SOLIDARIO EN VALENCIA - Proofs in Itaka-Escolapios\",\"isPartOf\":{\"@id\":\"https:\\\/\\\/www.itakaescolapios.org\\\/es\\\/#website\"},\"primaryImageOfPage\":{\"@id\":\"https:\\\/\\\/www.itakaescolapios.org\\\/en\\\/2025\\\/03\\\/iii-concierto-solidario-en-valencia\\\/#primaryimage\"},\"image\":{\"@id\":\"https:\\\/\\\/www.itakaescolapios.org\\\/en\\\/2025\\\/03\\\/iii-concierto-solidario-en-valencia\\\/#primaryimage\"},\"thumbnailUrl\":\"https:\\\/\\\/www.itakaescolapios.org\\\/wp-content\\\/uploads\\\/2025\\\/03\\\/concierto-solidario-Valencia-1.jpeg\",\"datePublished\":\"2025-03-24T15:11:28+00:00\",\"breadcrumb\":{\"@id\":\"https:\\\/\\\/www.itakaescolapios.org\\\/en\\\/2025\\\/03\\\/iii-concierto-solidario-en-valencia\\\/#breadcrumb\"},\"inLanguage\":\"en-US\",\"potentialAction\":[{\"@type\":\"ReadAction\",\"target\":[\"https:\\\/\\\/www.itakaescolapios.org\\\/en\\\/2025\\\/03\\\/iii-concierto-solidario-en-valencia\\\/\"]}]},{\"@type\":\"ImageObject\",\"inLanguage\":\"en-US\",\"@id\":\"https:\\\/\\\/www.itakaescolapios.org\\\/en\\\/2025\\\/03\\\/iii-concierto-solidario-en-valencia\\\/#primaryimage\",\"url\":\"https:\\\/\\\/www.itakaescolapios.org\\\/wp-content\\\/uploads\\\/2025\\\/03\\\/concierto-solidario-Valencia-1.jpeg\",\"contentUrl\":\"https:\\\/\\\/www.itakaescolapios.org\\\/wp-content\\\/uploads\\\/2025\\\/03\\\/concierto-solidario-Valencia-1.jpeg\",\"width\":2000,\"height\":900},{\"@type\":\"BreadcrumbList\",\"@id\":\"https:\\\/\\\/www.itakaescolapios.org\\\/en\\\/2025\\\/03\\\/iii-concierto-solidario-en-valencia\\\/#breadcrumb\",\"itemListElement\":[{\"@type\":\"ListItem\",\"position\":1,\"name\":\"Proof\",\"item\":\"https:\\\/\\\/www.itakaescolapios.org\\\/es\\\/\"},{\"@type\":\"ListItem\",\"position\":2,\"name\":\"III CONCIERTO SOLIDARIO EN VALENCIA\"}]},{\"@type\":\"WebSite\",\"@id\":\"https:\\\/\\\/www.itakaescolapios.org\\\/en\\\/es\\\/#website\",\"url\":\"https:\\\/\\\/www.itakaescolapios.org\\\/en\\\/es\\\/\",\"name\":\"Itaka-Escolapios\",\"description\":\"Red de Itaka-Escolapios\",\"publisher\":{\"@id\":\"https:\\\/\\\/www.itakaescolapios.org\\\/en\\\/es\\\/#organization\"},\"potentialAction\":[{\"@type\":\"SearchAction\",\"target\":{\"@type\":\"EntryPoint\",\"urlTemplate\":\"https:\\\/\\\/www.itakaescolapios.org\\\/en\\\/es\\\/?s={search_term_string}\"},\"query-input\":{\"@type\":\"PropertyValueSpecification\",\"valueRequired\":true,\"valueName\":\"search_term_string\"}}],\"inLanguage\":\"en-US\"},{\"@type\":\"Organization\",\"@id\":\"https:\\\/\\\/www.itakaescolapios.org\\\/en\\\/es\\\/#organization\",\"name\":\"Fundaci\u00f3 Itaka-Escolapios\",\"url\":\"https:\\\/\\\/www.itakaescolapios.org\\\/en\\\/es\\\/\",\"logo\":{\"@type\":\"ImageObject\",\"inLanguage\":\"en-US\",\"@id\":\"https:\\\/\\\/www.itakaescolapios.org\\\/en\\\/es\\\/#\\\/schema\\\/logo\\\/image\\\/\",\"url\":\"https:\\\/\\\/www.itakaescolapios.org\\\/wp-content\\\/uploads\\\/2024\\\/04\\\/Logo-itakaescolapios-peque.png\",\"contentUrl\":\"https:\\\/\\\/www.itakaescolapios.org\\\/wp-content\\\/uploads\\\/2024\\\/04\\\/Logo-itakaescolapios-peque.png\",\"width\":500,\"height\":199,\"caption\":\"Fundaci\u00f3 Itaka-Escolapios\"},\"image\":{\"@id\":\"https:\\\/\\\/www.itakaescolapios.org\\\/en\\\/es\\\/#\\\/schema\\\/logo\\\/image\\\/\"}},{\"@type\":\"Person\",\"@id\":\"https:\\\/\\\/www.itakaescolapios.org\\\/es\\\/#\\\/schema\\\/person\\\/c232ccaa2b3f2e98db93c1f8dfca96ff\",\"name\":\"valencia01\",\"url\":\"https:\\\/\\\/www.itakaescolapios.org\\\/en\\\/author\\\/valencia01\\\/\"}]}<\/script>\n<!-- \/ Yoast SEO plugin. -->","yoast_head_json":{"title":"III CONCIERTO SOLIDARIO EN VALENCIA","description":"El pasado viernes Radio City acogi\u00f3 anoche el III Concierto Solidario de Itaka- Escolapios, a beneficio de los proyectos que tiene la red en Valencia: Amaltea, Akeloo, Llum y Sa\u00f3. Fue una noche llena de ritmo en la que los m\u00fasicos que colaboraron desinteresadamente lo dieron todo para hacer disfrutar y bailar a los asistentes.&hellip;","robots":{"index":"index","follow":"follow","max-snippet":"max-snippet:-1","max-image-preview":"max-image-preview:large","max-video-preview":"max-video-preview:-1"},"canonical":"El pasado viernes Radio City acogi\u00f3 anoche el III Concierto Solidario de Itaka- Escolapios, a beneficio de los proyectos que tiene la red en Valencia: Amaltea, Akeloo, Llum y Sa\u00f3. Fue una noche llena de ritmo en la que los m\u00fasicos que colaboraron desinteresadamente lo dieron todo para hacer disfrutar y bailar a los asistentes.&hellip;","og_locale":"en_US","og_type":"article","og_title":"III CONCIERTO SOLIDARIO EN VALENCIA","og_description":"El pasado viernes Radio City acogi\u00f3 anoche el III Concierto Solidario de Itaka- Escolapios, a beneficio de los proyectos que tiene la red en Valencia: Amaltea, Akeloo, Llum y Sa\u00f3. Fue una noche llena de ritmo en la que los m\u00fasicos que colaboraron desinteresadamente lo dieron todo para hacer disfrutar y bailar a los asistentes.&hellip;","og_url":"https:\/\/www.itakaescolapios.org\/en\/2025\/03\/iii-concierto-solidario-en-valencia\/","og_site_name":"Proofs in Itaka-Escolapios","article_published_time":"2025-03-24T15:11:28+00:00","og_image":[{"width":2000,"height":900,"url":"https:\/\/www.itakaescolapios.org\/wp-content\/uploads\/2025\/03\/concierto-solidario-Valencia-1.jpeg","type":"image\/jpeg"}],"author":"valencia01","twitter_card":"summary_large_image","twitter_misc":{"Written by":"valencia01","Est. reading time":"2 minutes"},"schema":{"@context":"https:\/\/schema.org","@graph":[{"@type":"Article","@id":"https:\/\/www.itakaescolapios.org\/en\/2025\/03\/iii-concierto-solidario-en-valencia\/#article","isPartOf":{"@id":"https:\/\/www.itakaescolapios.org\/en\/2025\/03\/iii-concierto-solidario-en-valencia\/"},"author":{"name":"valencia01","@id":"https:\/\/www.itakaescolapios.org\/es\/#\/schema\/person\/c232ccaa2b3f2e98db93c1f8dfca96ff"},"headline":"III CONCIERTO SOLIDARIO EN VALENCIA","datePublished":"2025-03-24T15:11:28+00:00","mainEntityOfPage":{"@id":"https:\/\/www.itakaescolapios.org\/en\/2025\/03\/iii-concierto-solidario-en-valencia\/"},"wordCount":211,"publisher":{"@id":"https:\/\/www.itakaescolapios.org\/es\/#organization"},"image":{"@id":"https:\/\/www.itakaescolapios.org\/en\/2025\/03\/iii-concierto-solidario-en-valencia\/#primaryimage"},"thumbnailUrl":"https:\/\/www.itakaescolapios.org\/wp-content\/uploads\/2025\/03\/concierto-solidario-Valencia-1.jpeg","keywords":["concierto","concierto solidario","M\u00fasica","proyectos","Solidaridad","Valencia"],"articleSection":["Valencia"],"inLanguage":"en-US"},{"@type":"WebPage","@id":"https:\/\/www.itakaescolapios.org\/en\/2025\/03\/iii-concierto-solidario-en-valencia\/","url":"https:\/\/www.itakaescolapios.org\/en\/2025\/03\/iii-concierto-solidario-en-valencia\/","name":"III CONCIERTO SOLIDARIO EN VALENCIA - Proofs in Itaka-Escolapios","isPartOf":{"@id":"https:\/\/www.itakaescolapios.org\/es\/#website"},"primaryImageOfPage":{"@id":"https:\/\/www.itakaescolapios.org\/en\/2025\/03\/iii-concierto-solidario-en-valencia\/#primaryimage"},"image":{"@id":"https:\/\/www.itakaescolapios.org\/en\/2025\/03\/iii-concierto-solidario-en-valencia\/#primaryimage"},"thumbnailUrl":"https:\/\/www.itakaescolapios.org\/wp-content\/uploads\/2025\/03\/concierto-solidario-Valencia-1.jpeg","datePublished":"2025-03-24T15:11:28+00:00","breadcrumb":{"@id":"https:\/\/www.itakaescolapios.org\/en\/2025\/03\/iii-concierto-solidario-en-valencia\/#breadcrumb"},"inLanguage":"en-US","potentialAction":[{"@type":"ReadAction","target":["https:\/\/www.itakaescolapios.org\/en\/2025\/03\/iii-concierto-solidario-en-valencia\/"]}]},{"@type":"ImageObject","inLanguage":"en-US","@id":"https:\/\/www.itakaescolapios.org\/en\/2025\/03\/iii-concierto-solidario-en-valencia\/#primaryimage","url":"https:\/\/www.itakaescolapios.org\/wp-content\/uploads\/2025\/03\/concierto-solidario-Valencia-1.jpeg","contentUrl":"https:\/\/www.itakaescolapios.org\/wp-content\/uploads\/2025\/03\/concierto-solidario-Valencia-1.jpeg","width":2000,"height":900},{"@type":"BreadcrumbList","@id":"https:\/\/www.itakaescolapios.org\/en\/2025\/03\/iii-concierto-solidario-en-valencia\/#breadcrumb","itemListElement":[{"@type":"ListItem","position":1,"name":"Proof","item":"https:\/\/www.itakaescolapios.org\/es\/"},{"@type":"ListItem","position":2,"name":"III CONCIERTO SOLIDARIO EN VALENCIA"}]},{"@type":"WebSite","@id":"https:\/\/www.itakaescolapios.org\/en\/es\/#website","url":"https:\/\/www.itakaescolapios.org\/en\/es\/","name":"Itaka-Escolapios","description":"Red de Itaka-Escolapios","publisher":{"@id":"https:\/\/www.itakaescolapios.org\/en\/es\/#organization"},"potentialAction":[{"@type":"SearchAction","target":{"@type":"EntryPoint","urlTemplate":"https:\/\/www.itakaescolapios.org\/en\/es\/?s={search_term_string}"},"query-input":{"@type":"PropertyValueSpecification","valueRequired":true,"valueName":"search_term_string"}}],"inLanguage":"en-US"},{"@type":"Organization","@id":"https:\/\/www.itakaescolapios.org\/en\/es\/#organization","name":"Fundaci\u00f3 Itaka-Escolapios","url":"https:\/\/www.itakaescolapios.org\/en\/es\/","logo":{"@type":"ImageObject","inLanguage":"en-US","@id":"https:\/\/www.itakaescolapios.org\/en\/es\/#\/schema\/logo\/image\/","url":"https:\/\/www.itakaescolapios.org\/wp-content\/uploads\/2024\/04\/Logo-itakaescolapios-peque.png","contentUrl":"https:\/\/www.itakaescolapios.org\/wp-content\/uploads\/2024\/04\/Logo-itakaescolapios-peque.png","width":500,"height":199,"caption":"Fundaci\u00f3 Itaka-Escolapios"},"image":{"@id":"https:\/\/www.itakaescolapios.org\/en\/es\/#\/schema\/logo\/image\/"}},{"@type":"Person","@id":"https:\/\/www.itakaescolapios.org\/es\/#\/schema\/person\/c232ccaa2b3f2e98db93c1f8dfca96ff","name":"valencia01","url":"https:\/\/www.itakaescolapios.org\/en\/author\/valencia01\/"}]}},"_links":{"self":[{"href":"https:\/\/www.itakaescolapios.org\/en\/wp-json\/wp\/v2\/posts\/327082","targetHints":{"allow":["GET"]}}],"collection":[{"href":"https:\/\/www.itakaescolapios.org\/en\/wp-json\/wp\/v2\/posts"}],"about":[{"href":"https:\/\/www.itakaescolapios.org\/en\/wp-json\/wp\/v2\/types\/post"}],"author":[{"embeddable":true,"href":"https:\/\/www.itakaescolapios.org\/en\/wp-json\/wp\/v2\/users\/39"}],"replies":[{"embeddable":true,"href":"https:\/\/www.itakaescolapios.org\/en\/wp-json\/wp\/v2\/comments?post=327082"}],"version-history":[{"count":2,"href":"https:\/\/www.itakaescolapios.org\/en\/wp-json\/wp\/v2\/posts\/327082\/revisions"}],"predecessor-version":[{"id":327107,"href":"https:\/\/www.itakaescolapios.org\/en\/wp-json\/wp\/v2\/posts\/327082\/revisions\/327107"}],"wp:featuredmedia":[{"embeddable":true,"href":"https:\/\/www.itakaescolapios.org\/en\/wp-json\/wp\/v2\/media\/327105"}],"wp:attachment":[{"href":"https:\/\/www.itakaescolapios.org\/en\/wp-json\/wp\/v2\/media?parent=327082"}],"wp:term":[{"taxonomy":"category","embeddable":true,"href":"https:\/\/www.itakaescolapios.org\/en\/wp-json\/wp\/v2\/categories?post=327082"},{"taxonomy":"post_tag","embeddable":true,"href":"https:\/\/www.itakaescolapios.org\/en\/wp-json\/wp\/v2\/tags?post=327082"}],"curies":[{"name":"wp","href":"https:\/\/api.w.org\/{rel}","templated":true}]}}