{"id":32737,"date":"2021-03-16T16:05:40","date_gmt":"2021-03-16T15:05:40","guid":{"rendered":"https:\/\/www.itakaescolapios.org\/?p=32737"},"modified":"2023-11-28T12:36:03","modified_gmt":"2023-11-28T11:36:03","slug":"africa-central-a-traves-de-la-escuela-calasanz-de-bafia-comprometida-con-la-lucha-contra-la-propagacion-de-covid-19","status":"publish","type":"post","link":"https:\/\/www.itakaescolapios.org\/en\/2021\/03\/africa-central-a-traves-de-la-escuela-calasanz-de-bafia-comprometida-con-la-lucha-contra-la-propagacion-de-covid-19\/","title":{"rendered":" Central Africa through the Calasanz school in Bafia engaged in the fight against the spread of Covid-19"},"content":{"rendered":"<p>Monday, 15 March 2021<br \/>\nIn a health context tense by the presence of Covid-19, the Calasanz School of Bafia of the Piarist Fathers following a real alert of 02 cases of contamination in its midst hastened to align itself in close coalition with the institutions indicated. To this end, all the students who had been in contact with these cases were tested, always with a view to ensuring the health and social security of all by saying: NO a Covid-19.<img decoding=\"async\" class=\"alignright size-medium wp-image-32731\" src=\"https:\/\/www.itakaescolapios.org\/wp-content\/uploads\/2021\/03\/Image-378-300x190.jpg\" alt=\"\" width=\"300\" height=\"190\" srcset=\"https:\/\/www.itakaescolapios.org\/wp-content\/uploads\/2021\/03\/Image-378-300x190.jpg 300w, https:\/\/www.itakaescolapios.org\/wp-content\/uploads\/2021\/03\/Image-378-768x486.jpg 768w, https:\/\/www.itakaescolapios.org\/wp-content\/uploads\/2021\/03\/Image-378-1024x649.jpg 1024w, https:\/\/www.itakaescolapios.org\/wp-content\/uploads\/2021\/03\/Image-378-250x158.jpg 250w, https:\/\/www.itakaescolapios.org\/wp-content\/uploads\/2021\/03\/Image-378.jpg 2000w\" sizes=\"(max-width: 300px) 100vw, 300px\" \/> <img decoding=\"async\" class=\"alignright size-medium wp-image-32735\" src=\"https:\/\/www.itakaescolapios.org\/wp-content\/uploads\/2021\/03\/Image-383-300x189.jpg\" alt=\"\" width=\"300\" height=\"189\" srcset=\"https:\/\/www.itakaescolapios.org\/wp-content\/uploads\/2021\/03\/Image-383-300x189.jpg 300w, https:\/\/www.itakaescolapios.org\/wp-content\/uploads\/2021\/03\/Image-383-768x485.jpg 768w, https:\/\/www.itakaescolapios.org\/wp-content\/uploads\/2021\/03\/Image-383-1024x646.jpg 1024w, https:\/\/www.itakaescolapios.org\/wp-content\/uploads\/2021\/03\/Image-383-250x158.jpg 250w, https:\/\/www.itakaescolapios.org\/wp-content\/uploads\/2021\/03\/Image-383.jpg 2000w\" sizes=\"(max-width: 300px) 100vw, 300px\" \/> <img decoding=\"async\" class=\"alignright size-medium wp-image-32736\" src=\"https:\/\/www.itakaescolapios.org\/wp-content\/uploads\/2021\/03\/Image-385-300x225.jpg\" alt=\"\" width=\"300\" height=\"225\" srcset=\"https:\/\/www.itakaescolapios.org\/wp-content\/uploads\/2021\/03\/Image-385-300x225.jpg 300w, https:\/\/www.itakaescolapios.org\/wp-content\/uploads\/2021\/03\/Image-385-768x576.jpg 768w, https:\/\/www.itakaescolapios.org\/wp-content\/uploads\/2021\/03\/Image-385-1024x768.jpg 1024w, https:\/\/www.itakaescolapios.org\/wp-content\/uploads\/2021\/03\/Image-385-250x188.jpg 250w, https:\/\/www.itakaescolapios.org\/wp-content\/uploads\/2021\/03\/Image-385.jpg 2000w\" sizes=\"(max-width: 300px) 100vw, 300px\" \/><\/p>\n","protected":false},"excerpt":{"rendered":"<p>Monday, 15 March 2021 In a health context tense by the presence of Covid-19, the Calasanz School of Bafia of the Piarist Fathers following a real alert of 02 cases [&hellip;]<\/p>\n","protected":false},"author":15,"featured_media":32734,"comment_status":"closed","ping_status":"closed","sticky":false,"template":"","format":"standard","meta":{"_et_pb_use_builder":"","_et_pb_old_content":"","_et_gb_content_width":"","footnotes":""},"categories":[53],"tags":[],"class_list":["post-32737","post","type-post","status-publish","format-standard","has-post-thumbnail","hentry","category-africa-central"],"yoast_head":"<!-- This site is optimized with the Yoast SEO plugin v27.4 - https:\/\/yoast.com\/product\/yoast-seo-wordpress\/ -->\n<title>Central Africa through the Calasanz school in Bafia engaged in the fight against the spread of Covid-19<\/title>\n<meta name=\"description\" content=\"Monday, 15 March 2021 In a health context tense by the presence of Covid-19, the Calasanz School of Bafia of the Piarist Fathers following a real alert of 02 cases of contamination in its midst hastened to align itself in close coalition with the institutions indicated. To this end, all the students who had been&hellip;\" \/>\n<meta name=\"robots\" content=\"index, follow, max-snippet:-1, max-image-preview:large, max-video-preview:-1\" \/>\n<link rel=\"canonical\" href=\"http:\/\/Monday,%2015%20March%202021%20In%20a%20health%20context%20tense%20by%20the%20presence%20of%20Covid-19,%20the%20Calasanz%20School%20of%20Bafia%20of%20the%20Piarist%20Fathers%20following%20a%20real%20alert%20of%2002%20cases%20of%20contamination%20in%20its%20midst%20hastened%20to%20align%20itself%20in%20close%20coalition%20with%20the%20institutions%20indicated.%20To%20this%20end,%20all%20the%20students%20who%20had%20been&hellip;\" \/>\n<meta property=\"og:locale\" content=\"en_US\" \/>\n<meta property=\"og:type\" content=\"article\" \/>\n<meta property=\"og:title\" content=\"Central Africa through the Calasanz school in Bafia engaged in the fight against the spread of Covid-19\" \/>\n<meta property=\"og:description\" content=\"Monday, 15 March 2021 In a health context tense by the presence of Covid-19, the Calasanz School of Bafia of the Piarist Fathers following a real alert of 02 cases of contamination in its midst hastened to align itself in close coalition with the institutions indicated. To this end, all the students who had been&hellip;\" \/>\n<meta property=\"og:url\" content=\"https:\/\/www.itakaescolapios.org\/en\/2021\/03\/africa-central-a-traves-de-la-escuela-calasanz-de-bafia-comprometida-con-la-lucha-contra-la-propagacion-de-covid-19\/\" \/>\n<meta property=\"og:site_name\" content=\"Proofs in Itaka-Escolapios\" \/>\n<meta property=\"article:published_time\" content=\"2021-03-16T15:05:40+00:00\" \/>\n<meta property=\"article:modified_time\" content=\"2023-11-28T11:36:03+00:00\" \/>\n<meta property=\"og:image\" content=\"https:\/\/www.itakaescolapios.org\/wp-content\/uploads\/2021\/03\/Image-381.jpg\" \/>\n\t<meta property=\"og:image:width\" content=\"2000\" \/>\n\t<meta property=\"og:image:height\" content=\"1268\" \/>\n\t<meta property=\"og:image:type\" content=\"image\/jpeg\" \/>\n<meta name=\"author\" content=\"cameroun01\" \/>\n<meta name=\"twitter:card\" content=\"summary_large_image\" \/>\n<meta name=\"twitter:label1\" content=\"Written by\" \/>\n\t<meta name=\"twitter:data1\" content=\"cameroun01\" \/>\n<script type=\"application\/ld+json\" class=\"yoast-schema-graph\">{\"@context\":\"https:\\\/\\\/schema.org\",\"@graph\":[{\"@type\":\"Article\",\"@id\":\"https:\\\/\\\/www.itakaescolapios.org\\\/en\\\/2021\\\/03\\\/africa-central-a-traves-de-la-escuela-calasanz-de-bafia-comprometida-con-la-lucha-contra-la-propagacion-de-covid-19\\\/#article\",\"isPartOf\":{\"@id\":\"https:\\\/\\\/www.itakaescolapios.org\\\/en\\\/2021\\\/03\\\/africa-central-a-traves-de-la-escuela-calasanz-de-bafia-comprometida-con-la-lucha-contra-la-propagacion-de-covid-19\\\/\"},\"author\":{\"name\":\"cameroun01\",\"@id\":\"https:\\\/\\\/www.itakaescolapios.org\\\/es\\\/#\\\/schema\\\/person\\\/d2844383e29bfdfef69039672ce14eb1\"},\"headline\":\"Central Africa through the Calasanz school in Bafia engaged in the fight against the spread of Covid-19\",\"datePublished\":\"2021-03-16T15:05:40+00:00\",\"dateModified\":\"2023-11-28T11:36:03+00:00\",\"mainEntityOfPage\":{\"@id\":\"https:\\\/\\\/www.itakaescolapios.org\\\/en\\\/2021\\\/03\\\/africa-central-a-traves-de-la-escuela-calasanz-de-bafia-comprometida-con-la-lucha-contra-la-propagacion-de-covid-19\\\/\"},\"wordCount\":105,\"publisher\":{\"@id\":\"https:\\\/\\\/www.itakaescolapios.org\\\/es\\\/#organization\"},\"image\":{\"@id\":\"https:\\\/\\\/www.itakaescolapios.org\\\/en\\\/2021\\\/03\\\/africa-central-a-traves-de-la-escuela-calasanz-de-bafia-comprometida-con-la-lucha-contra-la-propagacion-de-covid-19\\\/#primaryimage\"},\"thumbnailUrl\":\"https:\\\/\\\/www.itakaescolapios.org\\\/wp-content\\\/uploads\\\/2021\\\/03\\\/Image-381.jpg\",\"articleSection\":[\"Central Africa\"],\"inLanguage\":\"en-US\"},{\"@type\":\"WebPage\",\"@id\":\"https:\\\/\\\/www.itakaescolapios.org\\\/en\\\/2021\\\/03\\\/africa-central-a-traves-de-la-escuela-calasanz-de-bafia-comprometida-con-la-lucha-contra-la-propagacion-de-covid-19\\\/\",\"url\":\"https:\\\/\\\/www.itakaescolapios.org\\\/en\\\/2021\\\/03\\\/africa-central-a-traves-de-la-escuela-calasanz-de-bafia-comprometida-con-la-lucha-contra-la-propagacion-de-covid-19\\\/\",\"name\":\"\u00c1frica Central a trav\u00e9s de la escuela Calasanz de Bafia comprometida con la lucha contra la propagaci\u00f3n de Covid-19 - Proofs in Itaka-Escolapios\",\"isPartOf\":{\"@id\":\"https:\\\/\\\/www.itakaescolapios.org\\\/es\\\/#website\"},\"primaryImageOfPage\":{\"@id\":\"https:\\\/\\\/www.itakaescolapios.org\\\/en\\\/2021\\\/03\\\/africa-central-a-traves-de-la-escuela-calasanz-de-bafia-comprometida-con-la-lucha-contra-la-propagacion-de-covid-19\\\/#primaryimage\"},\"image\":{\"@id\":\"https:\\\/\\\/www.itakaescolapios.org\\\/en\\\/2021\\\/03\\\/africa-central-a-traves-de-la-escuela-calasanz-de-bafia-comprometida-con-la-lucha-contra-la-propagacion-de-covid-19\\\/#primaryimage\"},\"thumbnailUrl\":\"https:\\\/\\\/www.itakaescolapios.org\\\/wp-content\\\/uploads\\\/2021\\\/03\\\/Image-381.jpg\",\"datePublished\":\"2021-03-16T15:05:40+00:00\",\"dateModified\":\"2023-11-28T11:36:03+00:00\",\"breadcrumb\":{\"@id\":\"https:\\\/\\\/www.itakaescolapios.org\\\/en\\\/2021\\\/03\\\/africa-central-a-traves-de-la-escuela-calasanz-de-bafia-comprometida-con-la-lucha-contra-la-propagacion-de-covid-19\\\/#breadcrumb\"},\"inLanguage\":\"en-US\",\"potentialAction\":[{\"@type\":\"ReadAction\",\"target\":[\"https:\\\/\\\/www.itakaescolapios.org\\\/en\\\/2021\\\/03\\\/africa-central-a-traves-de-la-escuela-calasanz-de-bafia-comprometida-con-la-lucha-contra-la-propagacion-de-covid-19\\\/\"]}]},{\"@type\":\"ImageObject\",\"inLanguage\":\"en-US\",\"@id\":\"https:\\\/\\\/www.itakaescolapios.org\\\/en\\\/2021\\\/03\\\/africa-central-a-traves-de-la-escuela-calasanz-de-bafia-comprometida-con-la-lucha-contra-la-propagacion-de-covid-19\\\/#primaryimage\",\"url\":\"https:\\\/\\\/www.itakaescolapios.org\\\/wp-content\\\/uploads\\\/2021\\\/03\\\/Image-381.jpg\",\"contentUrl\":\"https:\\\/\\\/www.itakaescolapios.org\\\/wp-content\\\/uploads\\\/2021\\\/03\\\/Image-381.jpg\",\"width\":2000,\"height\":1268},{\"@type\":\"BreadcrumbList\",\"@id\":\"https:\\\/\\\/www.itakaescolapios.org\\\/en\\\/2021\\\/03\\\/africa-central-a-traves-de-la-escuela-calasanz-de-bafia-comprometida-con-la-lucha-contra-la-propagacion-de-covid-19\\\/#breadcrumb\",\"itemListElement\":[{\"@type\":\"ListItem\",\"position\":1,\"name\":\"Proof\",\"item\":\"https:\\\/\\\/www.itakaescolapios.org\\\/es\\\/\"},{\"@type\":\"ListItem\",\"position\":2,\"name\":\"Central Africa through the Calasanz school in Bafia engaged in the fight against the spread of Covid-19\"}]},{\"@type\":\"WebSite\",\"@id\":\"https:\\\/\\\/www.itakaescolapios.org\\\/en\\\/es\\\/#website\",\"url\":\"https:\\\/\\\/www.itakaescolapios.org\\\/en\\\/es\\\/\",\"name\":\"Itaka-Escolapios\",\"description\":\"Red de Itaka-Escolapios\",\"publisher\":{\"@id\":\"https:\\\/\\\/www.itakaescolapios.org\\\/en\\\/es\\\/#organization\"},\"potentialAction\":[{\"@type\":\"SearchAction\",\"target\":{\"@type\":\"EntryPoint\",\"urlTemplate\":\"https:\\\/\\\/www.itakaescolapios.org\\\/en\\\/es\\\/?s={search_term_string}\"},\"query-input\":{\"@type\":\"PropertyValueSpecification\",\"valueRequired\":true,\"valueName\":\"search_term_string\"}}],\"inLanguage\":\"en-US\"},{\"@type\":\"Organization\",\"@id\":\"https:\\\/\\\/www.itakaescolapios.org\\\/en\\\/es\\\/#organization\",\"name\":\"Fundaci\u00f3 Itaka-Escolapios\",\"url\":\"https:\\\/\\\/www.itakaescolapios.org\\\/en\\\/es\\\/\",\"logo\":{\"@type\":\"ImageObject\",\"inLanguage\":\"en-US\",\"@id\":\"https:\\\/\\\/www.itakaescolapios.org\\\/en\\\/es\\\/#\\\/schema\\\/logo\\\/image\\\/\",\"url\":\"https:\\\/\\\/www.itakaescolapios.org\\\/wp-content\\\/uploads\\\/2024\\\/04\\\/Logo-itakaescolapios-peque.png\",\"contentUrl\":\"https:\\\/\\\/www.itakaescolapios.org\\\/wp-content\\\/uploads\\\/2024\\\/04\\\/Logo-itakaescolapios-peque.png\",\"width\":500,\"height\":199,\"caption\":\"Fundaci\u00f3 Itaka-Escolapios\"},\"image\":{\"@id\":\"https:\\\/\\\/www.itakaescolapios.org\\\/en\\\/es\\\/#\\\/schema\\\/logo\\\/image\\\/\"}},{\"@type\":\"Person\",\"@id\":\"https:\\\/\\\/www.itakaescolapios.org\\\/es\\\/#\\\/schema\\\/person\\\/d2844383e29bfdfef69039672ce14eb1\",\"name\":\"cameroun01\",\"url\":\"https:\\\/\\\/www.itakaescolapios.org\\\/en\\\/author\\\/cameroun01\\\/\"}]}<\/script>\n<!-- \/ Yoast SEO plugin. -->","yoast_head_json":{"title":"Central Africa through the Calasanz school in Bafia engaged in the fight against the spread of Covid-19","description":"Monday, 15 March 2021 In a health context tense by the presence of Covid-19, the Calasanz School of Bafia of the Piarist Fathers following a real alert of 02 cases of contamination in its midst hastened to align itself in close coalition with the institutions indicated. To this end, all the students who had been&hellip;","robots":{"index":"index","follow":"follow","max-snippet":"max-snippet:-1","max-image-preview":"max-image-preview:large","max-video-preview":"max-video-preview:-1"},"canonical":"Monday, 15 March 2021 In a health context tense by the presence of Covid-19, the Calasanz School of Bafia of the Piarist Fathers following a real alert of 02 cases of contamination in its midst hastened to align itself in close coalition with the institutions indicated. To this end, all the students who had been&hellip;","og_locale":"en_US","og_type":"article","og_title":"Central Africa through the Calasanz school in Bafia engaged in the fight against the spread of Covid-19","og_description":"Monday, 15 March 2021 In a health context tense by the presence of Covid-19, the Calasanz School of Bafia of the Piarist Fathers following a real alert of 02 cases of contamination in its midst hastened to align itself in close coalition with the institutions indicated. To this end, all the students who had been&hellip;","og_url":"https:\/\/www.itakaescolapios.org\/en\/2021\/03\/africa-central-a-traves-de-la-escuela-calasanz-de-bafia-comprometida-con-la-lucha-contra-la-propagacion-de-covid-19\/","og_site_name":"Proofs in Itaka-Escolapios","article_published_time":"2021-03-16T15:05:40+00:00","article_modified_time":"2023-11-28T11:36:03+00:00","og_image":[{"width":2000,"height":1268,"url":"https:\/\/www.itakaescolapios.org\/wp-content\/uploads\/2021\/03\/Image-381.jpg","type":"image\/jpeg"}],"author":"cameroun01","twitter_card":"summary_large_image","twitter_misc":{"Written by":"cameroun01"},"schema":{"@context":"https:\/\/schema.org","@graph":[{"@type":"Article","@id":"https:\/\/www.itakaescolapios.org\/en\/2021\/03\/africa-central-a-traves-de-la-escuela-calasanz-de-bafia-comprometida-con-la-lucha-contra-la-propagacion-de-covid-19\/#article","isPartOf":{"@id":"https:\/\/www.itakaescolapios.org\/en\/2021\/03\/africa-central-a-traves-de-la-escuela-calasanz-de-bafia-comprometida-con-la-lucha-contra-la-propagacion-de-covid-19\/"},"author":{"name":"cameroun01","@id":"https:\/\/www.itakaescolapios.org\/es\/#\/schema\/person\/d2844383e29bfdfef69039672ce14eb1"},"headline":"Central Africa through the Calasanz school in Bafia engaged in the fight against the spread of Covid-19","datePublished":"2021-03-16T15:05:40+00:00","dateModified":"2023-11-28T11:36:03+00:00","mainEntityOfPage":{"@id":"https:\/\/www.itakaescolapios.org\/en\/2021\/03\/africa-central-a-traves-de-la-escuela-calasanz-de-bafia-comprometida-con-la-lucha-contra-la-propagacion-de-covid-19\/"},"wordCount":105,"publisher":{"@id":"https:\/\/www.itakaescolapios.org\/es\/#organization"},"image":{"@id":"https:\/\/www.itakaescolapios.org\/en\/2021\/03\/africa-central-a-traves-de-la-escuela-calasanz-de-bafia-comprometida-con-la-lucha-contra-la-propagacion-de-covid-19\/#primaryimage"},"thumbnailUrl":"https:\/\/www.itakaescolapios.org\/wp-content\/uploads\/2021\/03\/Image-381.jpg","articleSection":["Central Africa"],"inLanguage":"en-US"},{"@type":"WebPage","@id":"https:\/\/www.itakaescolapios.org\/en\/2021\/03\/africa-central-a-traves-de-la-escuela-calasanz-de-bafia-comprometida-con-la-lucha-contra-la-propagacion-de-covid-19\/","url":"https:\/\/www.itakaescolapios.org\/en\/2021\/03\/africa-central-a-traves-de-la-escuela-calasanz-de-bafia-comprometida-con-la-lucha-contra-la-propagacion-de-covid-19\/","name":"\u00c1frica Central a trav\u00e9s de la escuela Calasanz de Bafia comprometida con la lucha contra la propagaci\u00f3n de Covid-19 - Proofs in Itaka-Escolapios","isPartOf":{"@id":"https:\/\/www.itakaescolapios.org\/es\/#website"},"primaryImageOfPage":{"@id":"https:\/\/www.itakaescolapios.org\/en\/2021\/03\/africa-central-a-traves-de-la-escuela-calasanz-de-bafia-comprometida-con-la-lucha-contra-la-propagacion-de-covid-19\/#primaryimage"},"image":{"@id":"https:\/\/www.itakaescolapios.org\/en\/2021\/03\/africa-central-a-traves-de-la-escuela-calasanz-de-bafia-comprometida-con-la-lucha-contra-la-propagacion-de-covid-19\/#primaryimage"},"thumbnailUrl":"https:\/\/www.itakaescolapios.org\/wp-content\/uploads\/2021\/03\/Image-381.jpg","datePublished":"2021-03-16T15:05:40+00:00","dateModified":"2023-11-28T11:36:03+00:00","breadcrumb":{"@id":"https:\/\/www.itakaescolapios.org\/en\/2021\/03\/africa-central-a-traves-de-la-escuela-calasanz-de-bafia-comprometida-con-la-lucha-contra-la-propagacion-de-covid-19\/#breadcrumb"},"inLanguage":"en-US","potentialAction":[{"@type":"ReadAction","target":["https:\/\/www.itakaescolapios.org\/en\/2021\/03\/africa-central-a-traves-de-la-escuela-calasanz-de-bafia-comprometida-con-la-lucha-contra-la-propagacion-de-covid-19\/"]}]},{"@type":"ImageObject","inLanguage":"en-US","@id":"https:\/\/www.itakaescolapios.org\/en\/2021\/03\/africa-central-a-traves-de-la-escuela-calasanz-de-bafia-comprometida-con-la-lucha-contra-la-propagacion-de-covid-19\/#primaryimage","url":"https:\/\/www.itakaescolapios.org\/wp-content\/uploads\/2021\/03\/Image-381.jpg","contentUrl":"https:\/\/www.itakaescolapios.org\/wp-content\/uploads\/2021\/03\/Image-381.jpg","width":2000,"height":1268},{"@type":"BreadcrumbList","@id":"https:\/\/www.itakaescolapios.org\/en\/2021\/03\/africa-central-a-traves-de-la-escuela-calasanz-de-bafia-comprometida-con-la-lucha-contra-la-propagacion-de-covid-19\/#breadcrumb","itemListElement":[{"@type":"ListItem","position":1,"name":"Proof","item":"https:\/\/www.itakaescolapios.org\/es\/"},{"@type":"ListItem","position":2,"name":"Central Africa through the Calasanz school in Bafia engaged in the fight against the spread of Covid-19"}]},{"@type":"WebSite","@id":"https:\/\/www.itakaescolapios.org\/en\/es\/#website","url":"https:\/\/www.itakaescolapios.org\/en\/es\/","name":"Itaka-Escolapios","description":"Red de Itaka-Escolapios","publisher":{"@id":"https:\/\/www.itakaescolapios.org\/en\/es\/#organization"},"potentialAction":[{"@type":"SearchAction","target":{"@type":"EntryPoint","urlTemplate":"https:\/\/www.itakaescolapios.org\/en\/es\/?s={search_term_string}"},"query-input":{"@type":"PropertyValueSpecification","valueRequired":true,"valueName":"search_term_string"}}],"inLanguage":"en-US"},{"@type":"Organization","@id":"https:\/\/www.itakaescolapios.org\/en\/es\/#organization","name":"Fundaci\u00f3 Itaka-Escolapios","url":"https:\/\/www.itakaescolapios.org\/en\/es\/","logo":{"@type":"ImageObject","inLanguage":"en-US","@id":"https:\/\/www.itakaescolapios.org\/en\/es\/#\/schema\/logo\/image\/","url":"https:\/\/www.itakaescolapios.org\/wp-content\/uploads\/2024\/04\/Logo-itakaescolapios-peque.png","contentUrl":"https:\/\/www.itakaescolapios.org\/wp-content\/uploads\/2024\/04\/Logo-itakaescolapios-peque.png","width":500,"height":199,"caption":"Fundaci\u00f3 Itaka-Escolapios"},"image":{"@id":"https:\/\/www.itakaescolapios.org\/en\/es\/#\/schema\/logo\/image\/"}},{"@type":"Person","@id":"https:\/\/www.itakaescolapios.org\/es\/#\/schema\/person\/d2844383e29bfdfef69039672ce14eb1","name":"cameroun01","url":"https:\/\/www.itakaescolapios.org\/en\/author\/cameroun01\/"}]}},"_links":{"self":[{"href":"https:\/\/www.itakaescolapios.org\/en\/wp-json\/wp\/v2\/posts\/32737","targetHints":{"allow":["GET"]}}],"collection":[{"href":"https:\/\/www.itakaescolapios.org\/en\/wp-json\/wp\/v2\/posts"}],"about":[{"href":"https:\/\/www.itakaescolapios.org\/en\/wp-json\/wp\/v2\/types\/post"}],"author":[{"embeddable":true,"href":"https:\/\/www.itakaescolapios.org\/en\/wp-json\/wp\/v2\/users\/15"}],"replies":[{"embeddable":true,"href":"https:\/\/www.itakaescolapios.org\/en\/wp-json\/wp\/v2\/comments?post=32737"}],"version-history":[{"count":3,"href":"https:\/\/www.itakaescolapios.org\/en\/wp-json\/wp\/v2\/posts\/32737\/revisions"}],"predecessor-version":[{"id":44351,"href":"https:\/\/www.itakaescolapios.org\/en\/wp-json\/wp\/v2\/posts\/32737\/revisions\/44351"}],"wp:featuredmedia":[{"embeddable":true,"href":"https:\/\/www.itakaescolapios.org\/en\/wp-json\/wp\/v2\/media\/32734"}],"wp:attachment":[{"href":"https:\/\/www.itakaescolapios.org\/en\/wp-json\/wp\/v2\/media?parent=32737"}],"wp:term":[{"taxonomy":"category","embeddable":true,"href":"https:\/\/www.itakaescolapios.org\/en\/wp-json\/wp\/v2\/categories?post=32737"},{"taxonomy":"post_tag","embeddable":true,"href":"https:\/\/www.itakaescolapios.org\/en\/wp-json\/wp\/v2\/tags?post=32737"}],"curies":[{"name":"wp","href":"https:\/\/api.w.org\/{rel}","templated":true}]}}