{"id":328217,"date":"2025-07-14T12:41:22","date_gmt":"2025-07-14T11:41:22","guid":{"rendered":"https:\/\/www.itakaescolapios.org\/es\/?p=328217"},"modified":"2025-07-16T11:31:26","modified_gmt":"2025-07-16T10:31:26","slug":"ausolan-un-dia-de-comedor-escolar-que-alimenta-los-proyectos-de-itaka-escolapios","status":"publish","type":"post","link":"https:\/\/www.itakaescolapios.org\/en\/2025\/07\/ausolan-un-dia-de-comedor-escolar-que-alimenta-los-proyectos-de-itaka-escolapios\/","title":{"rendered":"AUSOLAN: A School Lunch Day That Fuels Itaka-Escolapios Projects"},"content":{"rendered":"<p>[et_pb_section fb_built=&#8221;1&#8243; make_equal=&#8221;on&#8221; use_custom_gutter=&#8221;on&#8221; gutter_width=&#8221;2&#8243; specialty=&#8221;on&#8221; _builder_version=&#8221;4.24.3&#8243; _module_preset=&#8221;default&#8221; width=&#8221;100%&#8221; max_width=&#8221;100%&#8221; module_alignment=&#8221;center&#8221; inner_width=&#8221;90%&#8221; inner_max_width=&#8221;2222px&#8221; inner_module_alignment=&#8221;center&#8221; custom_margin=&#8221;0px||||false|false&#8221; custom_padding=&#8221;0px||||false|false&#8221; da_disable_devices=&#8221;off|off|off&#8221; global_colors_info=&#8221;{}&#8221; da_is_popup=&#8221;off&#8221; da_exit_intent=&#8221;off&#8221; da_has_close=&#8221;on&#8221; da_alt_close=&#8221;off&#8221; da_dark_close=&#8221;off&#8221; da_not_modal=&#8221;on&#8221; da_is_singular=&#8221;off&#8221; da_with_loader=&#8221;off&#8221; da_has_shadow=&#8221;on&#8221;][et_pb_column type=&#8221;3_4&#8243; specialty_columns=&#8221;3&#8243; _builder_version=&#8221;4.16&#8243; custom_padding=&#8221;|||&#8221; global_colors_info=&#8221;{}&#8221; custom_padding__hover=&#8221;|||&#8221;][et_pb_row_inner custom_padding_last_edited=&#8221;on|phone&#8221; _builder_version=&#8221;4.24.3&#8243; _module_preset=&#8221;default&#8221; module_alignment=&#8221;center&#8221; custom_padding=&#8221;|50px|4px||false|false&#8221; custom_padding_tablet=&#8221;|50px|4px||false|false&#8221; custom_padding_phone=&#8221;|0px|||false|false&#8221; border_color_all=&#8221;gcid-b1ace166-c11d-4c70-a679-55884e9ca298&#8243; border_style_all=&#8221;dotted&#8221; border_width_right=&#8221;3px&#8221; border_color_right=&#8221;gcid-b1ace166-c11d-4c70-a679-55884e9ca298&#8243; border_width_right_tablet=&#8221;3px&#8221; border_width_right_phone=&#8221;0px&#8221; border_width_right_last_edited=&#8221;on|desktop&#8221; collapsed=&#8221;off&#8221; global_colors_info=&#8221;{%22gcid-b1ace166-c11d-4c70-a679-55884e9ca298%22:%91%22border_color_all%22,%22border_color_right%22%93}&#8221;][et_pb_column_inner saved_specialty_column_type=&#8221;3_4&#8243; _builder_version=&#8221;4.24.3&#8243; _module_preset=&#8221;default&#8221; global_colors_info=&#8221;{}&#8221;][et_pb_text admin_label=&#8221;T\u00cdTULO NOTICIA&#8221; _builder_version=&#8221;4.27.4&#8243; _module_preset=&#8221;default&#8221; header_font=&#8221;Titulo Itaka-Escolapios|700|||||||&#8221; header_text_align=&#8221;center&#8221; header_text_color=&#8221;gcid-cca90ba6-297c-4d63-9e2c-8201011ef870&#8243; header_font_size=&#8221;50px&#8221; custom_margin=&#8221;||20px||false|false&#8221; custom_margin_tablet=&#8221;||20px||false|false&#8221; custom_margin_phone=&#8221;||20px||false|false&#8221; custom_margin_last_edited=&#8221;on|desktop&#8221; hover_enabled=&#8221;0&#8243; header_font_size_tablet=&#8221;55px&#8221; header_font_size_phone=&#8221;35px&#8221; header_font_size_last_edited=&#8221;on|phone&#8221; content_en_us=&#8221;<\/p>\n<h1><strong>AUSOLAN: A School Lunch Day That Fuels Itaka-Escolapios Projects<\/strong><\/h1>\n<p>&#8221; content_fr_fr=&#8221;<\/p>\n<h1><strong>AUSOLAN : Une journ\u00e9e de cantine scolaire qui soutient les projets d\u2019Itaka-Escolapios<\/strong><\/h1>\n<p>&#8221; content_eu=&#8221;<\/p>\n<h1><strong>AUSOLAN: Ikasleen jantoki-egun batek Itaka-Escolapiosen proiektuak elikatzen ditu<\/strong><\/h1>\n<p>&#8221; content_ca=&#8221;<\/p>\n<h1><strong>AUSOLAN: un dia de menjador escolar que alimenta els projectes d\u2019Itaka-Escolapis<\/strong><\/h1>\n<p>&#8221; content_pt_br=&#8221;<\/p>\n<h1><strong>AUSOLAN: um dia de refei\u00e7\u00e3o escolar que alimenta os projetos da Itaka-Escol\u00e1pios<\/strong><\/h1>\n<p>&#8221; global_colors_info=&#8221;{%22gcid-cca90ba6-297c-4d63-9e2c-8201011ef870%22:%91%22header_text_color%22%93}&#8221; sticky_enabled=&#8221;0&#8243;]<\/p>\n<h1><strong>AUSOLAN: un d\u00eda de comedor escolar que alimenta los proyectos de Itaka-Escolapios<\/strong><\/h1>\n<p>[\/et_pb_text][et_pb_text admin_label=&#8221;Fecha noticia no tocar&#8221; _builder_version=&#8221;4.27.4&#8243; _dynamic_attributes=&#8221;content&#8221; _module_preset=&#8221;default&#8221; text_font=&#8221;Titulo Itaka-Escolapios|700|||||||&#8221; text_text_color=&#8221;gcid-cca90ba6-297c-4d63-9e2c-8201011ef870&#8243; text_font_size=&#8221;16px&#8221; text_orientation=&#8221;right&#8221; global_colors_info=&#8221;{%22gcid-cca90ba6-297c-4d63-9e2c-8201011ef870%22:%91%22text_text_color%22%93}&#8221;]@ET-DC@eyJkeW5hbWljIjp0cnVlLCJjb250ZW50IjoicG9zdF9kYXRlIiwic2V0dGluZ3MiOnsiYmVmb3JlIjoiIiwiYWZ0ZXIiOiIiLCJkYXRlX2Zvcm1hdCI6ImRlZmF1bHQiLCJjdXN0b21fZGF0ZV9mb3JtYXQiOiIifX0=@[\/et_pb_text][\/et_pb_column_inner][\/et_pb_row_inner][et_pb_row_inner _builder_version=&#8221;4.27.4&#8243; _module_preset=&#8221;default&#8221; border_width_right=&#8221;3px&#8221; border_color_right=&#8221;gcid-b1ace166-c11d-4c70-a679-55884e9ca298&#8243; border_style_right=&#8221;dotted&#8221; collapsed=&#8221;off&#8221; global_colors_info=&#8221;{%22gcid-b1ace166-c11d-4c70-a679-55884e9ca298%22:%91%22border_color_right%22%93}&#8221;][et_pb_column_inner saved_specialty_column_type=&#8221;3_4&#8243; _builder_version=&#8221;4.27.4&#8243; _module_preset=&#8221;default&#8221; global_colors_info=&#8221;{}&#8221;][et_pb_text admin_label=&#8221;CUERPO NOTICIA&#8221; _builder_version=&#8221;4.27.4&#8243; _module_preset=&#8221;default&#8221; text_font=&#8221;&#8211;et_global_body_font||||||||&#8221; text_font_size=&#8221;16px&#8221; width=&#8221;100%&#8221; module_alignment=&#8221;center&#8221; custom_padding=&#8221;|60px|||false|false&#8221; text_font_size_tablet=&#8221;16px&#8221; text_font_size_phone=&#8221;16px&#8221; text_font_size_last_edited=&#8221;on|desktop&#8221; content_en_us=&#8221;<\/p>\n<p><strong data-start=%22150%22 data-end=%22218%22>AUSOLAN: A School Lunch Day That Fuels Itaka-Escolapios Projects<\/strong><br data-start=%22218%22 data-end=%22221%22 \/>Once again, Itaka-Escolapios would like to deeply thank the generous gesture of Ausolan S. Coop., the cooperative responsible for school cafeterias in many schools across the Ema\u00fas and Betania provinces.<br data-start=%22424%22 data-end=%22427%22 \/>As a further demonstration of its commitment to social transformation and its connection to the Piarist mission, Ausolan has donated the equivalent of one day of school meals for all the children in the centers it manages. This generous contribution, which amounts to more than \u20ac12,000 this year, will directly support various socio-educational projects run by the Itaka-Escolapios network in different countries and vulnerable contexts.<br data-start=%22864%22 data-end=%22867%22 \/>The symbolic check presentation took place during a warm and meaningful meeting attended by Gotzone Heriz, manager of the cooperative, and C\u00e9sar L\u00f3pez, client relations manager, on behalf of Ausolan. Representing Itaka-Escolapios were Igor Irigoyen, General Coordinator of the network, and Jon Sustatxa, Project Management Coordinator.<br data-start=%221202%22 data-end=%221205%22 \/>We at Itaka-Escolapios thank Ausolan S. Coop. for their loyalty, generosity, and constant commitment, whose involvement goes far beyond a professional supplier relationship. This alliance inspires us to continue building a more just future for children and young people.<\/p>\n<p>&#8221; content_fr_fr=&#8221;<\/p>\n<p><strong data-start=%221504%22 data-end=%221593%22>AUSOLAN : Une journ\u00e9e de cantine scolaire qui soutient les projets d\u2019Itaka-Escolapios<\/strong><br data-start=%221593%22 data-end=%221596%22 \/>Une ann\u00e9e de plus, nous voulons remercier chaleureusement le geste solidaire d\u2019Ausolan S. Coop., la coop\u00e9rative charg\u00e9e des cantines scolaires de nombreux \u00e9tablissements des provinces d\u2019Ema\u00fas et de B\u00e9tanie.<br data-start=%221802%22 data-end=%221805%22 \/>Dans une nouvelle preuve de son engagement pour la transformation sociale et de sa proximit\u00e9 avec la mission piariste, Ausolan a fait don de la somme \u00e9quivalente \u00e0 une journ\u00e9e de repas scolaires pour tous les enfants des centres qu\u2019elle g\u00e8re. Cette contribution solidaire, qui d\u00e9passe cette ann\u00e9e les 12 000 euros, servira directement \u00e0 soutenir les diff\u00e9rents projets socio-\u00e9ducatifs men\u00e9s par le r\u00e9seau Itaka-Escolapios dans divers pays et contextes vuln\u00e9rables.<br data-start=%222269%22 data-end=%222272%22 \/>La remise symbolique du ch\u00e8que a eu lieu lors d&#8217;une rencontre chaleureuse et significative, en pr\u00e9sence de Gotzone Heriz, directrice de la coop\u00e9rative, et de C\u00e9sar L\u00f3pez, responsable clients, pour Ausolan. Igor Irigoyen, coordinateur g\u00e9n\u00e9ral du r\u00e9seau, et Jon Sustatxa, coordinateur de gestion de projets, repr\u00e9sentaient Itaka-Escolapios.<br data-start=%222610%22 data-end=%222613%22 \/>Nous remercions Ausolan S. Coop. pour sa fid\u00e9lit\u00e9, sa g\u00e9n\u00e9rosit\u00e9 et son engagement constant, dont l\u2019implication d\u00e9passe largement une simple relation fournisseur. Cette alliance nous encourage \u00e0 continuer \u00e0 construire ensemble un avenir plus juste pour les enfants et les jeunes.<\/p>\n<p>&#8221; content_eu=&#8221;<\/p>\n<p><strong data-start=%222920%22 data-end=%223005%22>AUSOLAN: Ikasleen jantoki-egun batek Itaka-Escolapiosen proiektuak elikatzen ditu<\/strong><br data-start=%223005%22 data-end=%223008%22 \/>Beste behin ere, Itaka-Escolapiostik bihotzez eskertu nahi dugu Ausolan S. Coop. kooperatibaren keinu solidarioa; Emaus eta Betania probintzietako ikastetxe askotako jantokien arduraduna baita.<br data-start=%223201%22 data-end=%223204%22 \/>Gizarte-eraldaketarekin duen konpromisoa eta eskolapioen misioarekiko hurbiltasuna berriz erakutsiz, Ausolanek kudeatzen dituen ikastetxe guztietako haurren jantoki-egun baten baliokidea den diru-kopurua eman du dohaintzan. Aurten 12.000 euro baino gehiagokoa den ekarpen solidario horrek Itaka-Escolapios sareak hainbat herrialde eta egoera ahuletan garatzen dituen proiektu sozio-hezitzaileak zuzenean lagunduko ditu.<br data-start=%223623%22 data-end=%223626%22 \/>Txekearen entrega sinbolikoa giro atsegin eta esanguratsu batean egin zen, eta bertan izan ziren Gotzone Heriz, kooperatibako zuzendaria, eta C\u00e9sar L\u00f3pez, bezero arduraduna, Ausolanen izenean. Itaka-Escolapios ordezkatuz, bertan izan ziren Igor Irigoyen, sareko koordinatzaile nagusia, eta Jon Sustatxa, Proiektuen Kudeaketa Koordinatzailea.<br data-start=%223967%22 data-end=%223970%22 \/>Itaka-Escolapiostik eskerrak ematen dizkiogu Ausolan S. Coop.-i bere leialtasunagatik, eskuzabaltasunagatik eta etengabeko ahaleginagatik, harreman profesional hutsa gainditzen duen inplikazioa erakutsiz. Aliantza honek haur eta gazteen etorkizun justuago bat elkarrekin eraikitzen jarraitzera bultzatzen gaitu.<\/p>\n<p>&#8221; content_ca=&#8221;<\/p>\n<p><strong data-start=%224310%22 data-end=%224394%22>AUSOLAN: un dia de menjador escolar que alimenta els projectes d\u2019Itaka-Escolapis<\/strong><br data-start=%224394%22 data-end=%224397%22 \/>Un any m\u00e9s, des d\u2019Itaka-Escolapis volem agrair profundament el gest solidari d\u2019Ausolan S. Coop., cooperativa encarregada dels menjadors escolars de moltes escoles de les prov\u00edncies d\u2019Ema\u00fas i Bet\u00e0nia.<br data-start=%224596%22 data-end=%224599%22 \/>En una mostra m\u00e9s del seu comprom\u00eds amb la transformaci\u00f3 social i la seua proximitat a la missi\u00f3 escol\u00e0pia, Ausolan ha donat l\u2019import equivalent a un dia de menjador escolar de tots els xiquets i xiquetes dels centres que gestiona. Aquesta aportaci\u00f3 solid\u00e0ria, que enguany ascendeix a m\u00e9s de 12.000 euros, contribuir\u00e0 directament al sosteniment dels diversos projectes socioeducatius que desenvolupem des de la xarxa Itaka-Escolapis en diferents pa\u00efsos i contextos vulnerables.<br data-start=%225076%22 data-end=%225079%22 \/>El lliurament simb\u00f2lic del xec es va realitzar en una trobada cordial i significativa, amb la participaci\u00f3 de Gotzone Heriz, gerent de la cooperativa, i C\u00e9sar L\u00f3pez, responsable de clients, en representaci\u00f3 d\u2019Ausolan. Per part d\u2019Itaka-Escolapis hi van ser presents Igor Irigoyen, coordinador general de la xarxa, i Jon Sustatxa, coordinador de gesti\u00f3 de projectes.<br data-start=%225443%22 data-end=%225446%22 \/>Des d\u2019Itaka-Escolapis agra\u00efm la fidelitat, generositat i esfor\u00e7 constant d\u2019Ausolan S. Coop., la implicaci\u00f3 del qual va molt m\u00e9s enll\u00e0 d\u2019una relaci\u00f3 professional com a prove\u00efdor. Aquesta alian\u00e7a ens impulsa a continuar construint, junts, un futur m\u00e9s just per a la inf\u00e0ncia i la joventut.<\/p>\n<p>&#8221; content_pt_br=&#8221;<\/p>\n<p><strong data-start=%225772%22 data-end=%225856%22>AUSOLAN: um dia de refei\u00e7\u00e3o escolar que alimenta os projetos da Itaka-Escol\u00e1pios<\/strong><br data-start=%225856%22 data-end=%225859%22 \/>Mais uma vez, a Itaka-Escol\u00e1pios quer agradecer profundamente o gesto solid\u00e1rio da Ausolan S. Coop., cooperativa respons\u00e1vel pelas cantinas escolares de muitas escolas das prov\u00edncias de Ema\u00fas e Bet\u00e2nia.<br data-start=%226061%22 data-end=%226064%22 \/>Demonstrando mais uma vez seu compromisso com a transforma\u00e7\u00e3o social e sua proximidade com a miss\u00e3o escol\u00e1pia, a Ausolan doou o valor equivalente a um dia de refei\u00e7\u00e3o escolar para todas as crian\u00e7as dos centros que administra. Esta contribui\u00e7\u00e3o solid\u00e1ria, que este ano ultrapassa os 12.000 euros, contribuir\u00e1 diretamente para a manuten\u00e7\u00e3o dos diversos projetos socioeducativos desenvolvidos pela rede Itaka-Escol\u00e1pios em diferentes pa\u00edses e contextos vulner\u00e1veis.<br data-start=%226526%22 data-end=%226529%22 \/>A entrega simb\u00f3lica do cheque ocorreu em um encontro cordial e significativo, com a presen\u00e7a de Gotzone Heriz, gerente da cooperativa, e C\u00e9sar L\u00f3pez, respons\u00e1vel pelo atendimento ao cliente, representando a Ausolan. Representando a Itaka-Escol\u00e1pios, estiveram presentes Igor Irigoyen, coordenador geral da rede, e Jon Sustatxa, coordenador de gest\u00e3o de projetos.<br data-start=%226891%22 data-end=%226894%22 \/>Agradecemos \u00e0 Ausolan S. Coop. pela fidelidade, generosidade e constante esfor\u00e7o, cujo envolvimento vai muito al\u00e9m de uma simples rela\u00e7\u00e3o comercial como fornecedor. Essa parceria nos inspira a continuar construindo, juntos, um futuro mais justo para a inf\u00e2ncia e a juventude.<\/p>\n<p>&#8221; global_colors_info=&#8221;{}&#8221;]<\/p>\n<p>Un a\u00f1o m\u00e1s, desde Itaka-Escolapios queremos agradecer profundamente el gesto solidario de Ausolan S. Coop., cooperativa encargada de los comedores escolares de muchos de los colegios de las provincias de Ema\u00fas y Betania.<\/p>\n<p>En una muestra m\u00e1s de su compromiso con la transformaci\u00f3n social y su cercan\u00eda a la misi\u00f3n escolapia, Ausolan ha donado el importe equivalente a un d\u00eda de comedor escolar de todos los ni\u00f1os y ni\u00f1as de los centros que gestiona. Esta aportaci\u00f3n solidaria, que este a\u00f1o asciende a m\u00e1s de 12.000 euros, contribuir\u00e1 directamente al sostenimiento de los diversos proyectos socioeducativos que desarrollamos desde la red Itaka-Escolapios en distintos pa\u00edses y contextos vulnerables.<\/p>\n<p>La entrega simb\u00f3lica del cheque tuvo lugar en un encuentro cordial y significativo, en el que participaron por parte de Ausolan Gotzone Heriz, gerente de la cooperativa, y C\u00e9sar L\u00f3pez, responsable de clientes. En representaci\u00f3n de Itaka-Escolapios estuvieron presentes Igor Irigoyen, Coordinador General de la red, y Jon Sustatxa, Coordinador de Gesti\u00f3n de Proyectos.<\/p>\n<p>Desde Itaka-Escolapios agradecemos la fidelidad, generosidad y esfuerzo constante de Ausolan S. Coop., cuya implicaci\u00f3n va mucho m\u00e1s all\u00e1 de una relaci\u00f3n profesional como proveedor. Esta alianza nos impulsa a seguir construyendo, juntos, un futuro m\u00e1s justo para la infancia y la juventud.<\/p>\n<p>[\/et_pb_text][\/et_pb_column_inner][\/et_pb_row_inner][et_pb_row_inner admin_label=&#8221;Im\u00e1genes sede&#8221; _builder_version=&#8221;4.27.4&#8243; _module_preset=&#8221;default&#8221; custom_padding=&#8221;20px||||false|false&#8221; border_width_right=&#8221;3px&#8221; border_color_right=&#8221;gcid-b1ace166-c11d-4c70-a679-55884e9ca298&#8243; border_style_right=&#8221;dotted&#8221; border_width_right_tablet=&#8221;3px&#8221; border_width_right_phone=&#8221;0px&#8221; border_width_right_last_edited=&#8221;on|desktop&#8221; collapsed=&#8221;off&#8221; global_colors_info=&#8221;{%22gcid-b1ace166-c11d-4c70-a679-55884e9ca298%22:%91%22border_color_right%22%93}&#8221;][et_pb_column_inner saved_specialty_column_type=&#8221;3_4&#8243; _builder_version=&#8221;4.27.4&#8243; _module_preset=&#8221;default&#8221; global_colors_info=&#8221;{}&#8221;][difl_imagecarousel item_desktop=&#8221;1&#8243; item_tablet=&#8221;1&#8243; loop=&#8221;on&#8221; dots=&#8221;on&#8221; use_lightbox=&#8221;on&#8221; arrow_color=&#8221;gcid-b1ace166-c11d-4c70-a679-55884e9ca298&#8243; dots_color=&#8221;gcid-cca90ba6-297c-4d63-9e2c-8201011ef870&#8243; active_dots_color=&#8221;gcid-b1ace166-c11d-4c70-a679-55884e9ca298&#8243; _builder_version=&#8221;4.27.4&#8243; _module_preset=&#8221;default&#8221; overflow-x=&#8221;hidden&#8221; overflow-y=&#8221;hidden&#8221; custom_margin=&#8221;|60px|||false|false&#8221; custom_margin_tablet=&#8221;|60px|||false|false&#8221; custom_margin_phone=&#8221;|60px|||false|false&#8221; custom_margin_last_edited=&#8221;on|desktop&#8221; custom_css_free_form=&#8221;selector .df_ici_container {margin: 0 auto;}&#8221; global_colors_info=&#8221;{%22gcid-b1ace166-c11d-4c70-a679-55884e9ca298%22:%91%22arrow_color%22,%22active_dots_color%22%93,%22gcid-cca90ba6-297c-4d63-9e2c-8201011ef870%22:%91%22dots_color%22%93}&#8221;][difl_imagecarouselitem image=&#8221;https:\/\/www.itakaescolapios.org\/wp-content\/uploads\/2025\/07\/IMG_20250714_130346.jpg&#8221; ic_button_button_url_new_window=&#8221;1&#8243; _builder_version=&#8221;4.27.4&#8243; _module_preset=&#8221;default&#8221; global_colors_info=&#8221;{}&#8221;][\/difl_imagecarouselitem][\/difl_imagecarousel][\/et_pb_column_inner][\/et_pb_row_inner][et_pb_row_inner _builder_version=&#8221;4.24.3&#8243; _module_preset=&#8221;default&#8221; custom_padding=&#8221;20px||||false|false&#8221; border_width_right=&#8221;3px&#8221; border_color_right=&#8221;gcid-b1ace166-c11d-4c70-a679-55884e9ca298&#8243; border_style_right=&#8221;dotted&#8221; border_width_right_tablet=&#8221;3px&#8221; border_width_right_phone=&#8221;0px&#8221; border_width_right_last_edited=&#8221;on|desktop&#8221; collapsed=&#8221;on&#8221; global_colors_info=&#8221;{%22gcid-b1ace166-c11d-4c70-a679-55884e9ca298%22:%91%22border_color_right%22%93}&#8221;][et_pb_column_inner saved_specialty_column_type=&#8221;3_4&#8243; _builder_version=&#8221;4.24.3&#8243; _module_preset=&#8221;default&#8221; global_colors_info=&#8221;{}&#8221;][et_pb_text admin_label=&#8221;L\u00ednea divisoria&#8221; _builder_version=&#8221;4.27.4&#8243; _module_preset=&#8221;default&#8221; header_font=&#8221;IBM Plex Sans|700|||||||&#8221; header_text_color=&#8221;gcid-cca90ba6-297c-4d63-9e2c-8201011ef870&#8243; header_font_size=&#8221;40px&#8221; custom_margin=&#8221;|30px|||false|false&#8221; header_font_size_tablet=&#8221;55px&#8221; header_font_size_phone=&#8221;30px&#8221; header_font_size_last_edited=&#8221;on|phone&#8221; border_width_bottom=&#8221;3px&#8221; border_color_bottom=&#8221;gcid-b1ace166-c11d-4c70-a679-55884e9ca298&#8243; border_style_bottom=&#8221;dotted&#8221; global_colors_info=&#8221;{%22gcid-cca90ba6-297c-4d63-9e2c-8201011ef870%22:%91%22header_text_color%22%93,%22gcid-b1ace166-c11d-4c70-a679-55884e9ca298%22:%91%22border_color_bottom%22%93}&#8221;][\/et_pb_text][difl_imagecarousel item_desktop=&#8221;3&#8243; admin_label=&#8221;Campa\u00f1a, educa y voluntariado&#8221; _builder_version=&#8221;4.27.4&#8243; _module_preset=&#8221;default&#8221; width_tablet=&#8221;&#8221; width_phone=&#8221;100%&#8221; width_last_edited=&#8221;on|desktop&#8221; custom_margin=&#8221;|62px|||false|false&#8221; custom_margin_tablet=&#8221;|62px|||false|false&#8221; custom_margin_phone=&#8221;|62px|||false|false&#8221; custom_margin_last_edited=&#8221;on|desktop&#8221; global_module=&#8221;316782&#8243; global_colors_info=&#8221;{}&#8221; custom_margin__hover_enabled=&#8221;off|desktop&#8221; custom_margin__hover=&#8221;|30px|||false|false&#8221;][difl_imagecarouselitem image=&#8221;https:\/\/www.itakaescolapios.org\/wp-content\/uploads\/2025\/02\/BANNERS-CAMPANA-INFERIOR-500500.jpg&#8221; ic_button_button_url_new_window=&#8221;1&#8243; _builder_version=&#8221;4.27.4&#8243; _module_preset=&#8221;default&#8221; link_option_url=&#8221;https:\/\/www.educa.itakaescolapios.org\/campanas\/2024-2025-abriendo-caminos&#8221; image_en_us=&#8221;https:\/\/www.itakaescolapios.org\/wp-content\/uploads\/2025\/02\/BANNERS-CAMPANA-INFERIOR-5005002.jpg&#8221; image_fr_fr=&#8221;https:\/\/www.itakaescolapios.org\/wp-content\/uploads\/2025\/02\/BANNERS-CAMPANA-INFERIOR-5005003.jpg&#8221; image_eu=&#8221;https:\/\/www.itakaescolapios.org\/wp-content\/uploads\/2025\/02\/BANNERS-CAMPANA-INFERIOR-5005006.jpg&#8221; image_ca=&#8221;https:\/\/www.itakaescolapios.org\/wp-content\/uploads\/2025\/02\/BANNERS-CAMPANA-INFERIOR-5005005.jpg&#8221; image_pt_br=&#8221;https:\/\/www.itakaescolapios.org\/wp-content\/uploads\/2025\/02\/BANNERS-CAMPANA-INFERIOR-5005004.jpg&#8221; global_colors_info=&#8221;{}&#8221;][\/difl_imagecarouselitem][difl_imagecarouselitem admin_label=&#8221;Voluntariado&#8221; image=&#8221;https:\/\/www.itakaescolapios.org\/wp-content\/uploads\/2025\/02\/BANNERS-VOLUNTARIADO-INFERIOR-500500.jpg&#8221; ic_button_button_url_new_window=&#8221;1&#8243; _builder_version=&#8221;4.27.4&#8243; _module_preset=&#8221;default&#8221; link_option_url=&#8221;https:\/\/www.itakaescolapios.org\/es\/haz-voluntariado\/&#8221; image_en_us=&#8221;https:\/\/www.itakaescolapios.org\/wp-content\/uploads\/2025\/02\/BANNERS-VOLUNTARIADO-INFERIOR-5005002.jpg&#8221; ic_button_button_url_en_us=&#8221;https:\/\/www.itakaescolapios.org\/&#8221; image_fr_fr=&#8221;https:\/\/www.itakaescolapios.org\/wp-content\/uploads\/2025\/02\/BANNERS-VOLUNTARIADO-INFERIOR-5005003.jpg&#8221; image_eu=&#8221;https:\/\/www.itakaescolapios.org\/wp-content\/uploads\/2025\/02\/BANNERS-VOLUNTARIADO-INFERIOR-5005006.jpg&#8221; image_ca=&#8221;https:\/\/www.itakaescolapios.org\/wp-content\/uploads\/2025\/02\/BANNERS-VOLUNTARIADO-INFERIOR-5005004.jpg&#8221; image_pt_br=&#8221;https:\/\/www.itakaescolapios.org\/wp-content\/uploads\/2025\/02\/BANNERS-VOLUNTARIADO-INFERIOR-5005005.jpg&#8221; global_colors_info=&#8221;{}&#8221;][\/difl_imagecarouselitem][difl_imagecarouselitem image=&#8221;https:\/\/www.itakaescolapios.org\/wp-content\/uploads\/2025\/02\/BANNERS-EDUCA-INFERIOR-500500.jpg&#8221; ic_button_button_url_new_window=&#8221;1&#8243; _builder_version=&#8221;4.27.4&#8243; _module_preset=&#8221;default&#8221; link_option_url=&#8221;https:\/\/www.educa.itakaescolapios.org\/&#8221; image_en_us=&#8221;https:\/\/www.itakaescolapios.org\/wp-content\/uploads\/2025\/02\/BANNERS-EDUCA-INFERIOR-5005002.jpg&#8221; image_fr_fr=&#8221;https:\/\/www.itakaescolapios.org\/wp-content\/uploads\/2025\/02\/BANNERS-EDUCA-INFERIOR-5005003.jpg&#8221; image_eu=&#8221;https:\/\/www.itakaescolapios.org\/wp-content\/uploads\/2025\/02\/BANNERS-EDUCA-INFERIOR-5005006.jpg&#8221; image_ca=&#8221;https:\/\/www.itakaescolapios.org\/wp-content\/uploads\/2025\/02\/BANNERS-EDUCA-INFERIOR-5005005.jpg&#8221; image_pt_br=&#8221;https:\/\/www.itakaescolapios.org\/wp-content\/uploads\/2025\/02\/BANNERS-EDUCA-INFERIOR-5005004.jpg&#8221; global_colors_info=&#8221;{}&#8221;][\/difl_imagecarouselitem][\/difl_imagecarousel][\/et_pb_column_inner][\/et_pb_row_inner][\/et_pb_column][et_pb_column type=&#8221;1_4&#8243; _builder_version=&#8221;4.16&#8243; custom_padding=&#8221;|||&#8221; global_colors_info=&#8221;{}&#8221; custom_padding__hover=&#8221;|||&#8221;][difl_imagecarousel item_desktop=&#8221;1&#8243; item_tablet=&#8221;1&#8243; loop=&#8221;on&#8221; autoplay=&#8221;on&#8221; autospeed=&#8221;3500&#8243; dots=&#8221;on&#8221; dots_color=&#8221;gcid-cca90ba6-297c-4d63-9e2c-8201011ef870&#8243; active_dots_color=&#8221;gcid-b1ace166-c11d-4c70-a679-55884e9ca298&#8243; dots_gap=&#8221;21px&#8221; item_wrapper_padding=&#8221;||15px||false|false&#8221; admin_label=&#8221;Ser miembro y newsletter&#8221; module_class=&#8221;extiendeenlacedeboton&#8221; _builder_version=&#8221;4.27.4&#8243; _module_preset=&#8221;default&#8221; global_module=&#8221;51656&#8243; saved_tabs=&#8221;all&#8221; global_colors_info=&#8221;{%22gcid-cca90ba6-297c-4d63-9e2c-8201011ef870%22:%91%22dots_color%22%93,%22gcid-b1ace166-c11d-4c70-a679-55884e9ca298%22:%91%22active_dots_color%22%93}&#8221;][difl_imagecarouselitem image=&#8221;https:\/\/www.itakaescolapios.org\/wp-content\/uploads\/2025\/02\/banners-500&#215;500-esp.jpg&#8221; ic_button_button_text=&#8221;bot&#8221; ic_button_button_url=&#8221;\/es\/colabora&#8221; ic_button_button_url_new_window=&#8221;1&#8243; _builder_version=&#8221;4.27.4&#8243; _module_preset=&#8221;default&#8221; image_en_us=&#8221;https:\/\/www.itakaescolapios.org\/wp-content\/uploads\/2025\/02\/banners-500&#215;500-eng.jpg&#8221; ic_button_button_text_en_us=&#8221;bot&#8221; ic_button_button_url_en_us=&#8221;\/en\/collaborate\/&#8221; image_fr_fr=&#8221;https:\/\/www.itakaescolapios.org\/wp-content\/uploads\/2025\/02\/banners-500&#215;500-fra.jpg&#8221; ic_button_button_text_fr_fr=&#8221;bot&#8221; ic_button_button_url_fr_fr=&#8221;\/fr\/collaborez\/&#8221; image_eu=&#8221;https:\/\/www.itakaescolapios.org\/wp-content\/uploads\/2025\/02\/banners-500&#215;500-eusk.jpg&#8221; ic_button_button_text_eu=&#8221;bot&#8221; ic_button_button_url_eu=&#8221;\/eu\/lagundu\/&#8221; image_ca=&#8221;https:\/\/www.itakaescolapios.org\/wp-content\/uploads\/2025\/02\/banners-500&#215;500-val.jpg&#8221; ic_button_button_text_ca=&#8221;bot&#8221; ic_button_button_url_ca=&#8221;\/ca\/collabora\/&#8221; image_pt_br=&#8221;https:\/\/www.itakaescolapios.org\/wp-content\/uploads\/2025\/02\/banners-500&#215;500-port.jpg&#8221; ic_button_button_text_pt_br=&#8221;bot&#8221; ic_button_button_url_pt_br=&#8221;\/pt\/colabore\/&#8221; global_colors_info=&#8221;{}&#8221;][\/difl_imagecarouselitem][difl_imagecarouselitem image=&#8221;https:\/\/www.itakaescolapios.org\/wp-content\/uploads\/2025\/02\/banners-500&#215;500-esp2.png&#8221; ic_button_button_text=&#8221;bot&#8221; ic_button_button_url=&#8221;\/es\/suscribete\/&#8221; ic_button_button_url_new_window=&#8221;1&#8243; _builder_version=&#8221;4.27.4&#8243; _module_preset=&#8221;default&#8221; image_en_us=&#8221;https:\/\/www.itakaescolapios.org\/wp-content\/uploads\/2025\/02\/banners-500&#215;500-eng2.jpg&#8221; ic_button_button_text_en_us=&#8221;bot&#8221; ic_button_button_url_en_us=&#8221;\/en\/subscribe\/&#8221; image_fr_fr=&#8221;https:\/\/www.itakaescolapios.org\/wp-content\/uploads\/2025\/02\/banners-500&#215;500-fra2.jpg&#8221; ic_button_button_text_fr_fr=&#8221;bot&#8221; ic_button_button_url_fr_fr=&#8221;\/fr\/abonnez-vous-maintenant\/&#8221; image_eu=&#8221;https:\/\/www.itakaescolapios.org\/wp-content\/uploads\/2025\/02\/banners-500&#215;500-eusk2.jpg&#8221; ic_button_button_text_eu=&#8221;bot&#8221; ic_button_button_url_eu=&#8221;\/eu\/harpidetu\/&#8221; image_ca=&#8221;https:\/\/www.itakaescolapios.org\/wp-content\/uploads\/2025\/02\/banners-500&#215;500-val2.jpg&#8221; ic_button_button_text_ca=&#8221;bot&#8221; ic_button_button_url_ca=&#8221;\/ca\/subscriu-te\/&#8221; image_pt_br=&#8221;https:\/\/www.itakaescolapios.org\/wp-content\/uploads\/2025\/02\/banners-500&#215;500-port2.jpg&#8221; ic_button_button_text_pt_br=&#8221;bot&#8221; ic_button_button_url_pt_br=&#8221;\/pt\/assine\/&#8221; global_colors_info=&#8221;{}&#8221;][\/difl_imagecarouselitem][\/difl_imagecarousel][et_pb_text admin_label=&#8221;Texto %22\u00daltimas noticias%22&#8243; _builder_version=&#8221;4.25.0&#8243; _module_preset=&#8221;default&#8221; header_font=&#8221;IBM Plex Sans|700|||||||&#8221; header_text_color=&#8221;gcid-cca90ba6-297c-4d63-9e2c-8201011ef870&#8243; header_font_size=&#8221;40px&#8221; custom_margin=&#8221;||||false|false&#8221; header_font_size_tablet=&#8221;55px&#8221; header_font_size_phone=&#8221;30px&#8221; header_font_size_last_edited=&#8221;on|phone&#8221; content_en_us=&#8221;<\/p>\n<h1>Last news<\/h1>\n<p>&#8221; content_fr_fr=&#8221;<\/p>\n<h1>Derni\u00e8res nouvelles<\/h1>\n<p>&#8221; content_eu=&#8221;<\/p>\n<h1>Azken berriak<\/h1>\n<p>&#8221; content_ca=&#8221;<\/p>\n<h1>\u00daltimes not\u00edcies<\/h1>\n<p>&#8221; content_pt_br=&#8221;<\/p>\n<h1>\u00daltimas not\u00edcias<\/h1>\n<p>&#8221; border_width_bottom=&#8221;3px&#8221; border_color_bottom=&#8221;gcid-b1ace166-c11d-4c70-a679-55884e9ca298&#8243; border_style_bottom=&#8221;dotted&#8221; global_module=&#8221;50904&#8243; saved_tabs=&#8221;all&#8221; global_colors_info=&#8221;{%22gcid-cca90ba6-297c-4d63-9e2c-8201011ef870%22:%91%22header_text_color%22,%22header_text_color%22%93,%22gcid-b1ace166-c11d-4c70-a679-55884e9ca298%22:%91%22border_color_bottom%22%93}&#8221;]<\/p>\n<h1>\u00daltimas noticias<\/h1>\n<p>[\/et_pb_text][difl_blogcarousel posts_number=&#8221;6&#8243; post_display=&#8221;by_category&#8221; use_image_as_background=&#8221;on&#8221; item_desktop=&#8221;1&#8243; item_tablet=&#8221;1&#8243; loop=&#8221;on&#8221; dots=&#8221;on&#8221; equal_height=&#8221;on&#8221; item_background_bgcolor=&#8221;rgba(175,196,16,0.9)&#8221; arrow_color=&#8221;#FFFFFF&#8221; arrow_background=&#8221;gcid-cca90ba6-297c-4d63-9e2c-8201011ef870&#8243; arrow_circle=&#8221;on&#8221; arrow_prev_icon_use_icon=&#8221;off&#8221; arrow_prev_margin=&#8221;|||-70px|false|false&#8221; arrow_prev_margin_tablet=&#8221;&#8221; arrow_prev_margin_phone=&#8221;|||0px|false|false&#8221; arrow_prev_margin_last_edited=&#8221;on|phone&#8221; arrow_next_margin=&#8221;|-70px|||false|false&#8221; arrow_next_margin_tablet=&#8221;&#8221; arrow_next_margin_phone=&#8221;|0px|||false|false&#8221; arrow_next_margin_last_edited=&#8221;on|phone&#8221; large_active_dot=&#8221;on&#8221; dots_color=&#8221;gcid-cca90ba6-297c-4d63-9e2c-8201011ef870&#8243; active_dots_color=&#8221;gcid-b1ace166-c11d-4c70-a679-55884e9ca298&#8243; wrapper_padding=&#8221;||15px||false|false&#8221; item_wrapper_padding=&#8221;300px||||false|false&#8221; item_padding=&#8221;20px||||false|false&#8221; admin_label=&#8221;AQU\u00cd CAMBIA LA CATEGOR\u00cdA&#8221; _builder_version=&#8221;4.27.4&#8243; _module_preset=&#8221;default&#8221; border_radii_item_outer=&#8221;on|8px|8px|8px|8px&#8221; global_colors_info=&#8221;{%22gcid-b1ace166-c11d-4c70-a679-55884e9ca298%22:%91%22item_background_bgcolor%22,%22active_dots_color%22%93}&#8221;][difl_postitem type=&#8221;title&#8221; element_padding=&#8221;10px|10px||10px|false|true&#8221; _builder_version=&#8221;4.27.4&#8243; _module_preset=&#8221;default&#8221; post_font_style_font=&#8221;Merriweather|900|||||||&#8221; post_font_style_text_color=&#8221;#FFFFFF&#8221; post_font_style_font_size=&#8221;20px&#8221; post_font_style_line_height=&#8221;22px&#8221; background_color=&#8221;RGBA(255,255,255,0)&#8221; background_enable_color=&#8221;on&#8221; text_orientation=&#8221;center&#8221; global_colors_info=&#8221;{}&#8221;][\/difl_postitem][difl_postitem type=&#8221;date&#8221; date_format=&#8221;j-F-Y&#8221; meta_display=&#8221;block&#8221; use_icon=&#8221;on&#8221; font_icon=&#8221;&#xe023;||divi||400&#8243; icon_color=&#8221;#FFFFFF&#8221; element_padding=&#8221;|10px||10px|false|true&#8221; _builder_version=&#8221;4.27.4&#8243; _module_preset=&#8221;default&#8221; post_font_style_font=&#8221;IBM Plex Sans|700|||||||&#8221; post_font_style_text_color=&#8221;#FFFFFF&#8221; post_font_style_font_size=&#8221;12px&#8221; background_color=&#8221;RGBA(255,255,255,0)&#8221; background_enable_color=&#8221;on&#8221; text_orientation=&#8221;right&#8221; global_colors_info=&#8221;{}&#8221;][\/difl_postitem][\/difl_blogcarousel][et_pb_text admin_label=&#8221;Texto %22S\u00edguenos%22&#8243; _builder_version=&#8221;4.27.4&#8243; _module_preset=&#8221;default&#8221; header_font=&#8221;IBM Plex Sans|600|||||||&#8221; header_text_color=&#8221;#FFFFFF&#8221; background_color=&#8221;gcid-cca90ba6-297c-4d63-9e2c-8201011ef870&#8243; custom_margin=&#8221;0px||0px||true|false&#8221; custom_padding=&#8221;20px||||false|false&#8221; content_en_us=&#8221;<\/p>\n<h1 style=%22text-align: center;%22>Follow us<\/h1>\n<p>&#8221; content_fr_fr=&#8221;<\/p>\n<h1 style=%22text-align: center;%22>Suivez-nous sur<\/h1>\n<p>&#8221; content_eu=&#8221;<\/p>\n<h1 style=%22text-align: center;%22>Jarraitu<\/h1>\n<p>&#8221; content_ca=&#8221;<\/p>\n<h1 style=%22text-align: center;%22>Segueix-nos<\/h1>\n<p>&#8221; content_pt_br=&#8221;<\/p>\n<h1 style=%22text-align: center;%22>Siga-nos em<\/h1>\n<p>&#8221; border_radii=&#8221;off||15px||&#8221; global_colors_info=&#8221;{%22gcid-cca90ba6-297c-4d63-9e2c-8201011ef870%22:%91%22background_color%22%93}&#8221;]<\/p>\n<h1 style=\"text-align: center;\">S\u00edguenos<\/h1>\n<p>[\/et_pb_text][et_pb_social_media_follow admin_label=&#8221;REDES SOCIALES SEDE&#8221; module_class=&#8221;redes-portada-sede&#8221; _builder_version=&#8221;4.25.1&#8243; _module_preset=&#8221;default&#8221; background_color=&#8221;gcid-cca90ba6-297c-4d63-9e2c-8201011ef870&#8243; text_orientation=&#8221;center&#8221; custom_margin=&#8221;0px||||false|false&#8221; custom_padding=&#8221;15px||15px||true|false&#8221; custom_css_free_form=&#8221;.redes-portada-sede.et_pb_module {border-bottom-left-radius: 15px !important;}&#8221; border_radii=&#8221;off|15px|15px|15px|15px&#8221; global_colors_info=&#8221;{%22gcid-cca90ba6-297c-4d63-9e2c-8201011ef870%22:%91%22background_color%22%93}&#8221;][et_pb_social_media_follow_network social_network=&#8221;facebook&#8221; icon_color=&#8221;gcid-cca90ba6-297c-4d63-9e2c-8201011ef870&#8243; _builder_version=&#8221;4.24.3&#8243; _module_preset=&#8221;default&#8221; background_color=&#8221;#FFFFFF&#8221; background_enable_color=&#8221;on&#8221; global_colors_info=&#8221;{%22gcid-cca90ba6-297c-4d63-9e2c-8201011ef870%22:%91%22icon_color%22%93}&#8221; follow_button=&#8221;off&#8221; url_new_window=&#8221;on&#8221;]facebook[\/et_pb_social_media_follow_network][et_pb_social_media_follow_network social_network=&#8221;instagram&#8221; icon_color=&#8221;gcid-cca90ba6-297c-4d63-9e2c-8201011ef870&#8243; _builder_version=&#8221;4.24.3&#8243; _module_preset=&#8221;default&#8221; background_color=&#8221;#FFFFFF&#8221; background_enable_color=&#8221;on&#8221; global_colors_info=&#8221;{%22gcid-cca90ba6-297c-4d63-9e2c-8201011ef870%22:%91%22icon_color%22%93}&#8221; follow_button=&#8221;off&#8221; url_new_window=&#8221;on&#8221;]instagram[\/et_pb_social_media_follow_network][et_pb_social_media_follow_network social_network=&#8221;youtube&#8221; icon_color=&#8221;gcid-cca90ba6-297c-4d63-9e2c-8201011ef870&#8243; _builder_version=&#8221;4.24.3&#8243; _module_preset=&#8221;default&#8221; background_color=&#8221;#FFFFFF&#8221; background_enable_color=&#8221;on&#8221; global_colors_info=&#8221;{%22gcid-cca90ba6-297c-4d63-9e2c-8201011ef870%22:%91%22icon_color%22%93}&#8221; follow_button=&#8221;off&#8221; url_new_window=&#8221;on&#8221;]youtube[\/et_pb_social_media_follow_network][\/et_pb_social_media_follow][difl_imagecarousel item_desktop=&#8221;1&#8243; item_tablet=&#8221;1&#8243; loop=&#8221;on&#8221; autoplay=&#8221;on&#8221; autospeed=&#8221;3500&#8243; dots=&#8221;on&#8221; dots_color=&#8221;gcid-cca90ba6-297c-4d63-9e2c-8201011ef870&#8243; active_dots_color=&#8221;gcid-b1ace166-c11d-4c70-a679-55884e9ca298&#8243; item_wrapper_padding=&#8221;||20px||false|false&#8221; admin_label=&#8221;Formaci\u00f3n, hemeroteca y formaci\u00f3n&#8221; module_class=&#8221;extiendeenlacedeboton&#8221; _builder_version=&#8221;4.27.4&#8243; _module_preset=&#8221;default&#8221; module_alignment=&#8221;center&#8221; custom_margin=&#8221;||||false|false&#8221; global_module=&#8221;51721&#8243; saved_tabs=&#8221;all&#8221; global_colors_info=&#8221;{%22gcid-cca90ba6-297c-4d63-9e2c-8201011ef870%22:%91%22dots_color%22%93,%22gcid-b1ace166-c11d-4c70-a679-55884e9ca298%22:%91%22active_dots_color%22%93}&#8221; custom_margin__hover_enabled=&#8221;on|hover&#8221; custom_margin__hover=&#8221;||||false|false&#8221;][difl_imagecarouselitem admin_label=&#8221;Formaci\u00f3n&#8221; image=&#8221;https:\/\/www.itakaescolapios.org\/wp-content\/uploads\/2025\/02\/banners-500&#215;500-esp5.jpg&#8221; ic_button_button_text=&#8221;bot&#8221; ic_button_button_url=&#8221;\/es\/que-hacemos\/formacion\/&#8221; ic_button_button_url_new_window=&#8221;1&#8243; _builder_version=&#8221;4.27.4&#8243; _module_preset=&#8221;default&#8221; image_en_us=&#8221;https:\/\/www.itakaescolapios.org\/wp-content\/uploads\/2025\/02\/banners-500&#215;500-eng5.jpg&#8221; ic_button_button_text_en_us=&#8221;bot&#8221; ic_button_button_url_en_us=&#8221;\/en\/what-we-do\/training\/&#8221; image_fr_fr=&#8221;https:\/\/www.itakaescolapios.org\/wp-content\/uploads\/2025\/02\/banners-500&#215;500-fra5.jpg&#8221; ic_button_button_text_fr_fr=&#8221;bot&#8221; ic_button_button_url_fr_fr=&#8221;\/fr\/que-faisons-nous\/formation\/&#8221; image_eu=&#8221;https:\/\/www.itakaescolapios.org\/wp-content\/uploads\/2025\/02\/banners-500&#215;500-eusk5.jpg&#8221; ic_button_button_text_eu=&#8221;bot&#8221; ic_button_button_url_eu=&#8221;\/eu\/zer-egiten-dugu\/prestakuntza\/&#8221; image_ca=&#8221;https:\/\/www.itakaescolapios.org\/wp-content\/uploads\/2025\/02\/banners-500&#215;500-val5.jpg&#8221; ic_button_button_text_ca=&#8221;bot&#8221; ic_button_button_url_ca=&#8221;\/ca\/que-fem\/formacio\/&#8221; image_pt_br=&#8221;https:\/\/www.itakaescolapios.org\/wp-content\/uploads\/2025\/02\/banners-500&#215;500-port5.jpg&#8221; ic_button_button_text_pt_br=&#8221;bot&#8221; ic_button_button_url_pt_br=&#8221;\/pt\/o-que-fazemos\/formacao\/&#8221; global_colors_info=&#8221;{}&#8221;][\/difl_imagecarouselitem][difl_imagecarouselitem admin_label=&#8221;Publicaciones&#8221; image=&#8221;https:\/\/www.itakaescolapios.org\/wp-content\/uploads\/2025\/02\/banners-500&#215;500-esp3-1.jpg&#8221; ic_button_button_text=&#8221;bot&#8221; ic_button_button_url=&#8221;\/es\/publicaciones&#8221; ic_button_button_url_new_window=&#8221;1&#8243; _builder_version=&#8221;4.27.4&#8243; _module_preset=&#8221;default&#8221; image_en_us=&#8221;https:\/\/www.itakaescolapios.org\/wp-content\/uploads\/2025\/02\/banners-500&#215;500-eng3.jpg&#8221; ic_button_button_text_en_us=&#8221;bot&#8221; ic_button_button_url_en_us=&#8221;\/en\/publicaciones&#8221; image_fr_fr=&#8221;https:\/\/www.itakaescolapios.org\/wp-content\/uploads\/2025\/02\/banners-500&#215;500-fra3.jpg&#8221; ic_button_button_text_fr_fr=&#8221;bot&#8221; ic_button_button_url_fr_fr=&#8221;\/fr\/publicaciones&#8221; image_eu=&#8221;https:\/\/www.itakaescolapios.org\/wp-content\/uploads\/2025\/02\/banners-500&#215;500-eusk3.jpg&#8221; ic_button_button_text_eu=&#8221;bot&#8221; ic_button_button_url_eu=&#8221;\/eu\/publicaciones&#8221; image_ca=&#8221;https:\/\/www.itakaescolapios.org\/wp-content\/uploads\/2025\/02\/banners-500&#215;500-val3.jpg&#8221; ic_button_button_text_ca=&#8221;bot&#8221; ic_button_button_url_ca=&#8221;\/ca\/publicaciones&#8221; image_pt_br=&#8221;https:\/\/www.itakaescolapios.org\/wp-content\/uploads\/2025\/02\/banners-500&#215;500-port3.jpg&#8221; ic_button_button_text_pt_br=&#8221;bot&#8221; ic_button_button_url_pt_br=&#8221;\/pt\/publicaciones&#8221; global_colors_info=&#8221;{}&#8221;][\/difl_imagecarouselitem][difl_imagecarouselitem admin_label=&#8221;Hemeroteca&#8221; image=&#8221;https:\/\/www.itakaescolapios.org\/wp-content\/uploads\/2025\/02\/banners-500&#215;500-esp4.jpg&#8221; ic_button_button_text=&#8221;bot&#8221; ic_button_button_url=&#8221;\/es\/noticias\/&#8221; ic_button_button_url_new_window=&#8221;1&#8243; _builder_version=&#8221;4.27.4&#8243; _module_preset=&#8221;default&#8221; image_en_us=&#8221;https:\/\/www.itakaescolapios.org\/wp-content\/uploads\/2025\/02\/banners-500&#215;500-eng4.jpg&#8221; ic_button_button_text_en_us=&#8221;bot&#8221; ic_button_button_url_en_us=&#8221;7en\/news\/&#8221; image_fr_fr=&#8221;https:\/\/www.itakaescolapios.org\/wp-content\/uploads\/2025\/02\/banners-500&#215;500-fra4.jpg&#8221; ic_button_button_text_fr_fr=&#8221;bot&#8221; ic_button_button_url_fr_fr=&#8221;\/fr\/actualites\/&#8221; image_eu=&#8221;https:\/\/www.itakaescolapios.org\/wp-content\/uploads\/2025\/02\/banners-500&#215;500-eusk4.jpg&#8221; ic_button_button_text_eu=&#8221;bot&#8221; ic_button_button_url_eu=&#8221;\/eu\/berriak\/&#8221; image_ca=&#8221;https:\/\/www.itakaescolapios.org\/wp-content\/uploads\/2025\/02\/banners-500&#215;500-val4.jpg&#8221; ic_button_button_text_ca=&#8221;bot&#8221; ic_button_button_url_ca=&#8221;\/ca\/noticies\/&#8221; image_pt_br=&#8221;https:\/\/www.itakaescolapios.org\/wp-content\/uploads\/2025\/02\/banners-500&#215;500-port4.jpg&#8221; ic_button_button_text_pt_br=&#8221;bot&#8221; ic_button_button_url_pt_br=&#8221;\/pt\/novidades\/&#8221; global_colors_info=&#8221;{}&#8221;][\/difl_imagecarouselitem][\/difl_imagecarousel][\/et_pb_column][\/et_pb_section]<\/p>\n","protected":false},"excerpt":{"rendered":"<p>AUSOLAN: un d\u00eda de comedor escolar que alimenta los proyectos de Itaka-EscolapiosUn a\u00f1o m\u00e1s, desde Itaka-Escolapios queremos agradecer profundamente el gesto solidario de Ausolan S. Coop., cooperativa encargada de los [&hellip;]<\/p>\n","protected":false},"author":1,"featured_media":328218,"comment_status":"closed","ping_status":"closed","sticky":false,"template":"","format":"standard","meta":{"_et_pb_use_builder":"on","_et_pb_old_content":"<p>Un a\u00f1o m\u00e1s, desde Itaka-Escolapios queremos agradecer profundamente el gesto solidario de Ausolan S. Coop., cooperativa encargada de los comedores escolares de muchos de los colegios de las provincias de Ema\u00fas y Betania.<\/p><p>En una muestra m\u00e1s de su compromiso con la transformaci\u00f3n social y su cercan\u00eda a la misi\u00f3n escolapia, Ausolan ha donado el importe equivalente a un d\u00eda de comedor escolar de todos los ni\u00f1os y ni\u00f1as de los centros que gestiona. Esta aportaci\u00f3n solidaria, que este a\u00f1o asciende a m\u00e1s de 12.000 euros, contribuir\u00e1 directamente al sostenimiento de los diversos proyectos socioeducativos que desarrollamos desde la red Itaka-Escolapios en distintos pa\u00edses y contextos vulnerables.<\/p><p>La entrega simb\u00f3lica del cheque tuvo lugar en un encuentro cordial y significativo, en el que participaron por parte de Ausolan Gotzone Heriz, gerente de la cooperativa, y C\u00e9sar L\u00f3pez, responsable de clientes. En representaci\u00f3n de Itaka-Escolapios estuvieron presentes Igor Irigoyen, Coordinador General de la red, y Jon Sustatxa, Coordinador de Gesti\u00f3n de Proyectos.<\/p><p>Desde Itaka-Escolapios agradecemos la fidelidad, generosidad y esfuerzo constante de Ausolan S. Coop., cuya implicaci\u00f3n va mucho m\u00e1s all\u00e1 de una relaci\u00f3n profesional como proveedor. Esta alianza nos impulsa a seguir construyendo, juntos, un futuro m\u00e1s justo para la infancia y la juventud.<\/p><p>\u00a0<\/p><p>[gallery ids=\"328218\"]<\/p>","_et_gb_content_width":"","footnotes":""},"categories":[30],"tags":[],"class_list":["post-328217","post","type-post","status-publish","format-standard","has-post-thumbnail","hentry","category-itaka-escolapios"],"yoast_head":"<!-- This site is optimized with the Yoast SEO plugin v27.4 - https:\/\/yoast.com\/product\/yoast-seo-wordpress\/ -->\n<title>AUSOLAN: A School Lunch Day That Fuels Itaka-Escolapios Projects<\/title>\n<meta name=\"description\" content=\"Once again, Itaka-Escolapios would like to deeply thank the generous gesture of Ausolan S. Coop., the cooperative responsible for school cafeterias in many schools across the Ema\u00fas and Betania provinces. As a further demonstration of its commitment to social transformation and its connection to the Piarist mission, Ausolan has donated the equivalent of one day of school meals for all the children in the centers it manages. This generous contribution, which amounts to more than \u20ac12,000 this year, will directly support various socio-educational projects run by the Itaka-Escolapios network in different countries and vulnerable contexts.\" \/>\n<meta name=\"robots\" content=\"index, follow, max-snippet:-1, max-image-preview:large, max-video-preview:-1\" \/>\n<link rel=\"canonical\" href=\"http:\/\/Once%20again,%20Itaka-Escolapios%20would%20like%20to%20deeply%20thank%20the%20generous%20gesture%20of%20Ausolan%20S.%20Coop.,%20the%20cooperative%20responsible%20for%20school%20cafeterias%20in%20many%20schools%20across%20the%20Ema\u00fas%20and%20Betania%20provinces.%20As%20a%20further%20demonstration%20of%20its%20commitment%20to%20social%20transformation%20and%20its%20connection%20to%20the%20Piarist%20mission,%20Ausolan%20has%20donated%20the%20equivalent%20of%20one%20day%20of%20school%20meals%20for%20all%20the%20children%20in%20the%20centers%20it%20manages.%20This%20generous%20contribution,%20which%20amounts%20to%20more%20than%20\u20ac12,000%20this%20year,%20will%20directly%20support%20various%20socio-educational%20projects%20run%20by%20the%20Itaka-Escolapios%20network%20in%20different%20countries%20and%20vulnerable%20contexts.\" \/>\n<meta property=\"og:locale\" content=\"en_US\" \/>\n<meta property=\"og:type\" content=\"article\" \/>\n<meta property=\"og:title\" content=\"AUSOLAN: A School Lunch Day That Fuels Itaka-Escolapios Projects\" \/>\n<meta property=\"og:description\" content=\"Once again, Itaka-Escolapios would like to deeply thank the generous gesture of Ausolan S. Coop., the cooperative responsible for school cafeterias in many schools across the Ema\u00fas and Betania provinces. As a further demonstration of its commitment to social transformation and its connection to the Piarist mission, Ausolan has donated the equivalent of one day of school meals for all the children in the centers it manages. This generous contribution, which amounts to more than \u20ac12,000 this year, will directly support various socio-educational projects run by the Itaka-Escolapios network in different countries and vulnerable contexts.\" \/>\n<meta property=\"og:url\" content=\"https:\/\/www.itakaescolapios.org\/en\/2025\/07\/ausolan-un-dia-de-comedor-escolar-que-alimenta-los-proyectos-de-itaka-escolapios\/\" \/>\n<meta property=\"og:site_name\" content=\"Proofs in Itaka-Escolapios\" \/>\n<meta property=\"article:published_time\" content=\"2025-07-14T11:41:22+00:00\" \/>\n<meta property=\"article:modified_time\" content=\"2025-07-16T10:31:26+00:00\" \/>\n<meta property=\"og:image\" content=\"https:\/\/www.itakaescolapios.org\/wp-content\/uploads\/2025\/07\/IMG_20250714_130346.jpg\" \/>\n\t<meta property=\"og:image:width\" content=\"2000\" \/>\n\t<meta property=\"og:image:height\" content=\"1497\" \/>\n\t<meta property=\"og:image:type\" content=\"image\/jpeg\" \/>\n<meta name=\"author\" content=\"administrador\" \/>\n<meta name=\"twitter:card\" content=\"summary_large_image\" \/>\n<meta name=\"twitter:label1\" content=\"Written by\" \/>\n\t<meta name=\"twitter:data1\" content=\"administrador\" \/>\n\t<meta name=\"twitter:label2\" content=\"Est. reading time\" \/>\n\t<meta name=\"twitter:data2\" content=\"4 minutes\" \/>\n<script type=\"application\/ld+json\" class=\"yoast-schema-graph\">{\"@context\":\"https:\\\/\\\/schema.org\",\"@graph\":[{\"@type\":\"Article\",\"@id\":\"https:\\\/\\\/www.itakaescolapios.org\\\/en\\\/2025\\\/07\\\/ausolan-un-dia-de-comedor-escolar-que-alimenta-los-proyectos-de-itaka-escolapios\\\/#article\",\"isPartOf\":{\"@id\":\"https:\\\/\\\/www.itakaescolapios.org\\\/en\\\/2025\\\/07\\\/ausolan-un-dia-de-comedor-escolar-que-alimenta-los-proyectos-de-itaka-escolapios\\\/\"},\"author\":{\"name\":\"administrador\",\"@id\":\"https:\\\/\\\/www.itakaescolapios.org\\\/es\\\/#\\\/schema\\\/person\\\/aaa10333558991c1d6ad358b7721fe71\"},\"headline\":\"AUSOLAN: A School Lunch Day That Fuels Itaka-Escolapios Projects\",\"datePublished\":\"2025-07-14T11:41:22+00:00\",\"dateModified\":\"2025-07-16T10:31:26+00:00\",\"mainEntityOfPage\":{\"@id\":\"https:\\\/\\\/www.itakaescolapios.org\\\/en\\\/2025\\\/07\\\/ausolan-un-dia-de-comedor-escolar-que-alimenta-los-proyectos-de-itaka-escolapios\\\/\"},\"wordCount\":4605,\"publisher\":{\"@id\":\"https:\\\/\\\/www.itakaescolapios.org\\\/es\\\/#organization\"},\"image\":{\"@id\":\"https:\\\/\\\/www.itakaescolapios.org\\\/en\\\/2025\\\/07\\\/ausolan-un-dia-de-comedor-escolar-que-alimenta-los-proyectos-de-itaka-escolapios\\\/#primaryimage\"},\"thumbnailUrl\":\"https:\\\/\\\/www.itakaescolapios.org\\\/wp-content\\\/uploads\\\/2025\\\/07\\\/IMG_20250714_130346.jpg\",\"articleSection\":[\"Itaka Escolapios\"],\"inLanguage\":\"en-US\"},{\"@type\":\"WebPage\",\"@id\":\"https:\\\/\\\/www.itakaescolapios.org\\\/en\\\/2025\\\/07\\\/ausolan-un-dia-de-comedor-escolar-que-alimenta-los-proyectos-de-itaka-escolapios\\\/\",\"url\":\"https:\\\/\\\/www.itakaescolapios.org\\\/en\\\/2025\\\/07\\\/ausolan-un-dia-de-comedor-escolar-que-alimenta-los-proyectos-de-itaka-escolapios\\\/\",\"name\":\"AUSOLAN: un d\u00eda de comedor escolar que alimenta los proyectos de Itaka-Escolapios - Proofs in Itaka-Escolapios\",\"isPartOf\":{\"@id\":\"https:\\\/\\\/www.itakaescolapios.org\\\/es\\\/#website\"},\"primaryImageOfPage\":{\"@id\":\"https:\\\/\\\/www.itakaescolapios.org\\\/en\\\/2025\\\/07\\\/ausolan-un-dia-de-comedor-escolar-que-alimenta-los-proyectos-de-itaka-escolapios\\\/#primaryimage\"},\"image\":{\"@id\":\"https:\\\/\\\/www.itakaescolapios.org\\\/en\\\/2025\\\/07\\\/ausolan-un-dia-de-comedor-escolar-que-alimenta-los-proyectos-de-itaka-escolapios\\\/#primaryimage\"},\"thumbnailUrl\":\"https:\\\/\\\/www.itakaescolapios.org\\\/wp-content\\\/uploads\\\/2025\\\/07\\\/IMG_20250714_130346.jpg\",\"datePublished\":\"2025-07-14T11:41:22+00:00\",\"dateModified\":\"2025-07-16T10:31:26+00:00\",\"breadcrumb\":{\"@id\":\"https:\\\/\\\/www.itakaescolapios.org\\\/en\\\/2025\\\/07\\\/ausolan-un-dia-de-comedor-escolar-que-alimenta-los-proyectos-de-itaka-escolapios\\\/#breadcrumb\"},\"inLanguage\":\"en-US\",\"potentialAction\":[{\"@type\":\"ReadAction\",\"target\":[\"https:\\\/\\\/www.itakaescolapios.org\\\/en\\\/2025\\\/07\\\/ausolan-un-dia-de-comedor-escolar-que-alimenta-los-proyectos-de-itaka-escolapios\\\/\"]}]},{\"@type\":\"ImageObject\",\"inLanguage\":\"en-US\",\"@id\":\"https:\\\/\\\/www.itakaescolapios.org\\\/en\\\/2025\\\/07\\\/ausolan-un-dia-de-comedor-escolar-que-alimenta-los-proyectos-de-itaka-escolapios\\\/#primaryimage\",\"url\":\"https:\\\/\\\/www.itakaescolapios.org\\\/wp-content\\\/uploads\\\/2025\\\/07\\\/IMG_20250714_130346.jpg\",\"contentUrl\":\"https:\\\/\\\/www.itakaescolapios.org\\\/wp-content\\\/uploads\\\/2025\\\/07\\\/IMG_20250714_130346.jpg\",\"width\":2000,\"height\":1497},{\"@type\":\"BreadcrumbList\",\"@id\":\"https:\\\/\\\/www.itakaescolapios.org\\\/en\\\/2025\\\/07\\\/ausolan-un-dia-de-comedor-escolar-que-alimenta-los-proyectos-de-itaka-escolapios\\\/#breadcrumb\",\"itemListElement\":[{\"@type\":\"ListItem\",\"position\":1,\"name\":\"Proof\",\"item\":\"https:\\\/\\\/www.itakaescolapios.org\\\/es\\\/\"},{\"@type\":\"ListItem\",\"position\":2,\"name\":\"AUSOLAN: A School Lunch Day That Fuels Itaka-Escolapios Projects\"}]},{\"@type\":\"WebSite\",\"@id\":\"https:\\\/\\\/www.itakaescolapios.org\\\/en\\\/es\\\/#website\",\"url\":\"https:\\\/\\\/www.itakaescolapios.org\\\/en\\\/es\\\/\",\"name\":\"Itaka-Escolapios\",\"description\":\"Red de Itaka-Escolapios\",\"publisher\":{\"@id\":\"https:\\\/\\\/www.itakaescolapios.org\\\/en\\\/es\\\/#organization\"},\"potentialAction\":[{\"@type\":\"SearchAction\",\"target\":{\"@type\":\"EntryPoint\",\"urlTemplate\":\"https:\\\/\\\/www.itakaescolapios.org\\\/en\\\/es\\\/?s={search_term_string}\"},\"query-input\":{\"@type\":\"PropertyValueSpecification\",\"valueRequired\":true,\"valueName\":\"search_term_string\"}}],\"inLanguage\":\"en-US\"},{\"@type\":\"Organization\",\"@id\":\"https:\\\/\\\/www.itakaescolapios.org\\\/en\\\/es\\\/#organization\",\"name\":\"Fundaci\u00f3 Itaka-Escolapios\",\"url\":\"https:\\\/\\\/www.itakaescolapios.org\\\/en\\\/es\\\/\",\"logo\":{\"@type\":\"ImageObject\",\"inLanguage\":\"en-US\",\"@id\":\"https:\\\/\\\/www.itakaescolapios.org\\\/en\\\/es\\\/#\\\/schema\\\/logo\\\/image\\\/\",\"url\":\"https:\\\/\\\/www.itakaescolapios.org\\\/wp-content\\\/uploads\\\/2024\\\/04\\\/Logo-itakaescolapios-peque.png\",\"contentUrl\":\"https:\\\/\\\/www.itakaescolapios.org\\\/wp-content\\\/uploads\\\/2024\\\/04\\\/Logo-itakaescolapios-peque.png\",\"width\":500,\"height\":199,\"caption\":\"Fundaci\u00f3 Itaka-Escolapios\"},\"image\":{\"@id\":\"https:\\\/\\\/www.itakaescolapios.org\\\/en\\\/es\\\/#\\\/schema\\\/logo\\\/image\\\/\"}},{\"@type\":\"Person\",\"@id\":\"https:\\\/\\\/www.itakaescolapios.org\\\/es\\\/#\\\/schema\\\/person\\\/aaa10333558991c1d6ad358b7721fe71\",\"name\":\"administrador\",\"url\":\"https:\\\/\\\/www.itakaescolapios.org\\\/en\\\/author\\\/administrador\\\/\"}]}<\/script>\n<!-- \/ Yoast SEO plugin. -->","yoast_head_json":{"title":"AUSOLAN: A School Lunch Day That Fuels Itaka-Escolapios Projects","description":"Once again, Itaka-Escolapios would like to deeply thank the generous gesture of Ausolan S. Coop., the cooperative responsible for school cafeterias in many schools across the Ema\u00fas and Betania provinces. As a further demonstration of its commitment to social transformation and its connection to the Piarist mission, Ausolan has donated the equivalent of one day of school meals for all the children in the centers it manages. This generous contribution, which amounts to more than \u20ac12,000 this year, will directly support various socio-educational projects run by the Itaka-Escolapios network in different countries and vulnerable contexts.","robots":{"index":"index","follow":"follow","max-snippet":"max-snippet:-1","max-image-preview":"max-image-preview:large","max-video-preview":"max-video-preview:-1"},"canonical":"Once again, Itaka-Escolapios would like to deeply thank the generous gesture of Ausolan S. Coop., the cooperative responsible for school cafeterias in many schools across the Ema\u00fas and Betania provinces. As a further demonstration of its commitment to social transformation and its connection to the Piarist mission, Ausolan has donated the equivalent of one day of school meals for all the children in the centers it manages. This generous contribution, which amounts to more than \u20ac12,000 this year, will directly support various socio-educational projects run by the Itaka-Escolapios network in different countries and vulnerable contexts.","og_locale":"en_US","og_type":"article","og_title":"AUSOLAN: A School Lunch Day That Fuels Itaka-Escolapios Projects","og_description":"Once again, Itaka-Escolapios would like to deeply thank the generous gesture of Ausolan S. Coop., the cooperative responsible for school cafeterias in many schools across the Ema\u00fas and Betania provinces. As a further demonstration of its commitment to social transformation and its connection to the Piarist mission, Ausolan has donated the equivalent of one day of school meals for all the children in the centers it manages. This generous contribution, which amounts to more than \u20ac12,000 this year, will directly support various socio-educational projects run by the Itaka-Escolapios network in different countries and vulnerable contexts.","og_url":"https:\/\/www.itakaescolapios.org\/en\/2025\/07\/ausolan-un-dia-de-comedor-escolar-que-alimenta-los-proyectos-de-itaka-escolapios\/","og_site_name":"Proofs in Itaka-Escolapios","article_published_time":"2025-07-14T11:41:22+00:00","article_modified_time":"2025-07-16T10:31:26+00:00","og_image":[{"width":2000,"height":1497,"url":"https:\/\/www.itakaescolapios.org\/wp-content\/uploads\/2025\/07\/IMG_20250714_130346.jpg","type":"image\/jpeg"}],"author":"administrador","twitter_card":"summary_large_image","twitter_misc":{"Written by":"administrador","Est. reading time":"4 minutes"},"schema":{"@context":"https:\/\/schema.org","@graph":[{"@type":"Article","@id":"https:\/\/www.itakaescolapios.org\/en\/2025\/07\/ausolan-un-dia-de-comedor-escolar-que-alimenta-los-proyectos-de-itaka-escolapios\/#article","isPartOf":{"@id":"https:\/\/www.itakaescolapios.org\/en\/2025\/07\/ausolan-un-dia-de-comedor-escolar-que-alimenta-los-proyectos-de-itaka-escolapios\/"},"author":{"name":"administrador","@id":"https:\/\/www.itakaescolapios.org\/es\/#\/schema\/person\/aaa10333558991c1d6ad358b7721fe71"},"headline":"AUSOLAN: A School Lunch Day That Fuels Itaka-Escolapios Projects","datePublished":"2025-07-14T11:41:22+00:00","dateModified":"2025-07-16T10:31:26+00:00","mainEntityOfPage":{"@id":"https:\/\/www.itakaescolapios.org\/en\/2025\/07\/ausolan-un-dia-de-comedor-escolar-que-alimenta-los-proyectos-de-itaka-escolapios\/"},"wordCount":4605,"publisher":{"@id":"https:\/\/www.itakaescolapios.org\/es\/#organization"},"image":{"@id":"https:\/\/www.itakaescolapios.org\/en\/2025\/07\/ausolan-un-dia-de-comedor-escolar-que-alimenta-los-proyectos-de-itaka-escolapios\/#primaryimage"},"thumbnailUrl":"https:\/\/www.itakaescolapios.org\/wp-content\/uploads\/2025\/07\/IMG_20250714_130346.jpg","articleSection":["Itaka Escolapios"],"inLanguage":"en-US"},{"@type":"WebPage","@id":"https:\/\/www.itakaescolapios.org\/en\/2025\/07\/ausolan-un-dia-de-comedor-escolar-que-alimenta-los-proyectos-de-itaka-escolapios\/","url":"https:\/\/www.itakaescolapios.org\/en\/2025\/07\/ausolan-un-dia-de-comedor-escolar-que-alimenta-los-proyectos-de-itaka-escolapios\/","name":"AUSOLAN: un d\u00eda de comedor escolar que alimenta los proyectos de Itaka-Escolapios - Proofs in Itaka-Escolapios","isPartOf":{"@id":"https:\/\/www.itakaescolapios.org\/es\/#website"},"primaryImageOfPage":{"@id":"https:\/\/www.itakaescolapios.org\/en\/2025\/07\/ausolan-un-dia-de-comedor-escolar-que-alimenta-los-proyectos-de-itaka-escolapios\/#primaryimage"},"image":{"@id":"https:\/\/www.itakaescolapios.org\/en\/2025\/07\/ausolan-un-dia-de-comedor-escolar-que-alimenta-los-proyectos-de-itaka-escolapios\/#primaryimage"},"thumbnailUrl":"https:\/\/www.itakaescolapios.org\/wp-content\/uploads\/2025\/07\/IMG_20250714_130346.jpg","datePublished":"2025-07-14T11:41:22+00:00","dateModified":"2025-07-16T10:31:26+00:00","breadcrumb":{"@id":"https:\/\/www.itakaescolapios.org\/en\/2025\/07\/ausolan-un-dia-de-comedor-escolar-que-alimenta-los-proyectos-de-itaka-escolapios\/#breadcrumb"},"inLanguage":"en-US","potentialAction":[{"@type":"ReadAction","target":["https:\/\/www.itakaescolapios.org\/en\/2025\/07\/ausolan-un-dia-de-comedor-escolar-que-alimenta-los-proyectos-de-itaka-escolapios\/"]}]},{"@type":"ImageObject","inLanguage":"en-US","@id":"https:\/\/www.itakaescolapios.org\/en\/2025\/07\/ausolan-un-dia-de-comedor-escolar-que-alimenta-los-proyectos-de-itaka-escolapios\/#primaryimage","url":"https:\/\/www.itakaescolapios.org\/wp-content\/uploads\/2025\/07\/IMG_20250714_130346.jpg","contentUrl":"https:\/\/www.itakaescolapios.org\/wp-content\/uploads\/2025\/07\/IMG_20250714_130346.jpg","width":2000,"height":1497},{"@type":"BreadcrumbList","@id":"https:\/\/www.itakaescolapios.org\/en\/2025\/07\/ausolan-un-dia-de-comedor-escolar-que-alimenta-los-proyectos-de-itaka-escolapios\/#breadcrumb","itemListElement":[{"@type":"ListItem","position":1,"name":"Proof","item":"https:\/\/www.itakaescolapios.org\/es\/"},{"@type":"ListItem","position":2,"name":"AUSOLAN: A School Lunch Day That Fuels Itaka-Escolapios Projects"}]},{"@type":"WebSite","@id":"https:\/\/www.itakaescolapios.org\/en\/es\/#website","url":"https:\/\/www.itakaescolapios.org\/en\/es\/","name":"Itaka-Escolapios","description":"Red de Itaka-Escolapios","publisher":{"@id":"https:\/\/www.itakaescolapios.org\/en\/es\/#organization"},"potentialAction":[{"@type":"SearchAction","target":{"@type":"EntryPoint","urlTemplate":"https:\/\/www.itakaescolapios.org\/en\/es\/?s={search_term_string}"},"query-input":{"@type":"PropertyValueSpecification","valueRequired":true,"valueName":"search_term_string"}}],"inLanguage":"en-US"},{"@type":"Organization","@id":"https:\/\/www.itakaescolapios.org\/en\/es\/#organization","name":"Fundaci\u00f3 Itaka-Escolapios","url":"https:\/\/www.itakaescolapios.org\/en\/es\/","logo":{"@type":"ImageObject","inLanguage":"en-US","@id":"https:\/\/www.itakaescolapios.org\/en\/es\/#\/schema\/logo\/image\/","url":"https:\/\/www.itakaescolapios.org\/wp-content\/uploads\/2024\/04\/Logo-itakaescolapios-peque.png","contentUrl":"https:\/\/www.itakaescolapios.org\/wp-content\/uploads\/2024\/04\/Logo-itakaescolapios-peque.png","width":500,"height":199,"caption":"Fundaci\u00f3 Itaka-Escolapios"},"image":{"@id":"https:\/\/www.itakaescolapios.org\/en\/es\/#\/schema\/logo\/image\/"}},{"@type":"Person","@id":"https:\/\/www.itakaescolapios.org\/es\/#\/schema\/person\/aaa10333558991c1d6ad358b7721fe71","name":"administrador","url":"https:\/\/www.itakaescolapios.org\/en\/author\/administrador\/"}]}},"_links":{"self":[{"href":"https:\/\/www.itakaescolapios.org\/en\/wp-json\/wp\/v2\/posts\/328217","targetHints":{"allow":["GET"]}}],"collection":[{"href":"https:\/\/www.itakaescolapios.org\/en\/wp-json\/wp\/v2\/posts"}],"about":[{"href":"https:\/\/www.itakaescolapios.org\/en\/wp-json\/wp\/v2\/types\/post"}],"author":[{"embeddable":true,"href":"https:\/\/www.itakaescolapios.org\/en\/wp-json\/wp\/v2\/users\/1"}],"replies":[{"embeddable":true,"href":"https:\/\/www.itakaescolapios.org\/en\/wp-json\/wp\/v2\/comments?post=328217"}],"version-history":[{"count":6,"href":"https:\/\/www.itakaescolapios.org\/en\/wp-json\/wp\/v2\/posts\/328217\/revisions"}],"predecessor-version":[{"id":328248,"href":"https:\/\/www.itakaescolapios.org\/en\/wp-json\/wp\/v2\/posts\/328217\/revisions\/328248"}],"wp:featuredmedia":[{"embeddable":true,"href":"https:\/\/www.itakaescolapios.org\/en\/wp-json\/wp\/v2\/media\/328218"}],"wp:attachment":[{"href":"https:\/\/www.itakaescolapios.org\/en\/wp-json\/wp\/v2\/media?parent=328217"}],"wp:term":[{"taxonomy":"category","embeddable":true,"href":"https:\/\/www.itakaescolapios.org\/en\/wp-json\/wp\/v2\/categories?post=328217"},{"taxonomy":"post_tag","embeddable":true,"href":"https:\/\/www.itakaescolapios.org\/en\/wp-json\/wp\/v2\/tags?post=328217"}],"curies":[{"name":"wp","href":"https:\/\/api.w.org\/{rel}","templated":true}]}}