{"id":32829,"date":"2021-04-22T08:43:50","date_gmt":"2021-04-22T07:43:50","guid":{"rendered":"https:\/\/www.itakaescolapios.org\/?p=32829"},"modified":"2023-11-28T12:36:02","modified_gmt":"2023-11-28T11:36:02","slug":"dia-internacional-de-la-tierra","status":"publish","type":"post","link":"https:\/\/www.itakaescolapios.org\/en\/2021\/04\/dia-internacional-de-la-tierra\/","title":{"rendered":"D\u00cdA INTERNACIONAL DE LA TIERRA"},"content":{"rendered":"<div class=\"kvgmc6g5 cxmmr5t8 oygrvhab hcukyx3x c1et5uql ii04i59q\">\n<div dir=\"auto\">El 22 de abril de cada a\u00f1o se celebra el nacimiento del movimiento ambientalista moderno, el cual se inici\u00f3 en 1970 cuando 20 millones de norteamericanos tomaron las calles, los parques y los auditorios para manifestarse por un ambiente saludable y sustentable. El D\u00eda de la Tierra de 1970 logr\u00f3 una coincidencia pol\u00edtica que parec\u00eda imposible. Ese d\u00eda condujo a la creaci\u00f3n de la Agencia de Protecci\u00f3n al Medio Ambiente de Estados Unidos y a la aprobaci\u00f3n de leyes relacionadas con el aire limpio, el agua limpia y la conservaci\u00f3n de especies en peligro de extinci\u00f3n. A partir de entonces, cada a\u00f1o en esta fecha, el mundo entero reflexiona y se moviliza por una Tierra mejor.<\/div>\n<\/div>\n<div class=\"o9v6fnle cxmmr5t8 oygrvhab hcukyx3x c1et5uql ii04i59q\">\n<div dir=\"auto\">Hasta este siglo pocos pensaron que los seres humanos, viviendo en una extensi\u00f3n de tierra aparentemente sin l\u00edmites y con agua abundante, podr\u00edan causar da\u00f1os irreparables al medio ambiente. Sin embargo, hoy los gobiernos y la gente en general en todo el mundo luchan con la erosi\u00f3n costera, los derrames de petr\u00f3leo y la contaminaci\u00f3n del agua potable, en tanto que, cuestiones como el crecimiento de la poblaci\u00f3n, la deforestaci\u00f3n, la lluvia \u00e1cida y la posibilidad de r\u00e1pidos cambios clim\u00e1ticos significan decisiones dif\u00edciles para el futuro.<\/div>\n<div dir=\"auto\">EL papa Francisco tambi\u00e9n se ha sumado a esta causa tan importante y en el a\u00f1o 2015 present\u00f3 su enc\u00edclica \u201cLaudato Si\u201d donde nos exhorta al cuidado de la casa com\u00fan, es un llamado a proteger la tierra, conservar la biodiversidad siendo conscientes y responsables de los recursos naturales. Todos y cada uno de nosotros debemos procurar vivir con equilibrio cuidando el pedacito que nos toca. Seamos parte de la soluci\u00f3n.<\/div>\n<\/div>\n","protected":false},"excerpt":{"rendered":"<p>El 22 de abril de cada a\u00f1o se celebra el nacimiento del movimiento ambientalista moderno, el cual se inici\u00f3 en 1970 cuando 20 millones de norteamericanos tomaron las calles, los [&hellip;]<\/p>\n","protected":false},"author":4,"featured_media":32830,"comment_status":"closed","ping_status":"closed","sticky":false,"template":"","format":"standard","meta":{"_et_pb_use_builder":"","_et_pb_old_content":"","_et_gb_content_width":"","footnotes":""},"categories":[30],"tags":[],"class_list":["post-32829","post","type-post","status-publish","format-standard","has-post-thumbnail","hentry","category-itaka-escolapios"],"yoast_head":"<!-- This site is optimized with the Yoast SEO plugin v27.4 - https:\/\/yoast.com\/product\/yoast-seo-wordpress\/ -->\n<title>D\u00cdA INTERNACIONAL DE LA TIERRA<\/title>\n<meta name=\"description\" content=\"El 22 de abril de cada a\u00f1o se celebra el nacimiento del movimiento ambientalista moderno, el cual se inici\u00f3 en 1970 cuando 20 millones de norteamericanos tomaron las calles, los parques y los auditorios para manifestarse por un ambiente saludable y sustentable. El D\u00eda de la Tierra de 1970 logr\u00f3 una coincidencia pol\u00edtica que parec\u00eda&hellip;\" \/>\n<meta name=\"robots\" content=\"index, follow, max-snippet:-1, max-image-preview:large, max-video-preview:-1\" \/>\n<link rel=\"canonical\" href=\"http:\/\/El%2022%20de%20abril%20de%20cada%20a\u00f1o%20se%20celebra%20el%20nacimiento%20del%20movimiento%20ambientalista%20moderno,%20el%20cual%20se%20inici\u00f3%20en%201970%20cuando%2020%20millones%20de%20norteamericanos%20tomaron%20las%20calles,%20los%20parques%20y%20los%20auditorios%20para%20manifestarse%20por%20un%20ambiente%20saludable%20y%20sustentable.%20El%20D\u00eda%20de%20la%20Tierra%20de%201970%20logr\u00f3%20una%20coincidencia%20pol\u00edtica%20que%20parec\u00eda&hellip;\" \/>\n<meta property=\"og:locale\" content=\"en_US\" \/>\n<meta property=\"og:type\" content=\"article\" \/>\n<meta property=\"og:title\" content=\"D\u00cdA INTERNACIONAL DE LA TIERRA\" \/>\n<meta property=\"og:description\" content=\"El 22 de abril de cada a\u00f1o se celebra el nacimiento del movimiento ambientalista moderno, el cual se inici\u00f3 en 1970 cuando 20 millones de norteamericanos tomaron las calles, los parques y los auditorios para manifestarse por un ambiente saludable y sustentable. El D\u00eda de la Tierra de 1970 logr\u00f3 una coincidencia pol\u00edtica que parec\u00eda&hellip;\" \/>\n<meta property=\"og:url\" content=\"https:\/\/www.itakaescolapios.org\/en\/2021\/04\/dia-internacional-de-la-tierra\/\" \/>\n<meta property=\"og:site_name\" content=\"Proofs in Itaka-Escolapios\" \/>\n<meta property=\"article:published_time\" content=\"2021-04-22T07:43:50+00:00\" \/>\n<meta property=\"article:modified_time\" content=\"2023-11-28T11:36:02+00:00\" \/>\n<meta property=\"og:image\" content=\"https:\/\/www.itakaescolapios.org\/wp-content\/uploads\/2021\/04\/dia-de-la-tierra-1.jpg\" \/>\n\t<meta property=\"og:image:width\" content=\"1061\" \/>\n\t<meta property=\"og:image:height\" content=\"1500\" \/>\n\t<meta property=\"og:image:type\" content=\"image\/jpeg\" \/>\n<meta name=\"author\" content=\"itaka\" \/>\n<meta name=\"twitter:card\" content=\"summary_large_image\" \/>\n<meta name=\"twitter:label1\" content=\"Written by\" \/>\n\t<meta name=\"twitter:data1\" content=\"itaka\" \/>\n\t<meta name=\"twitter:label2\" content=\"Est. reading time\" \/>\n\t<meta name=\"twitter:data2\" content=\"1 minute\" \/>\n<script type=\"application\/ld+json\" class=\"yoast-schema-graph\">{\"@context\":\"https:\\\/\\\/schema.org\",\"@graph\":[{\"@type\":\"Article\",\"@id\":\"https:\\\/\\\/www.itakaescolapios.org\\\/en\\\/2021\\\/04\\\/dia-internacional-de-la-tierra\\\/#article\",\"isPartOf\":{\"@id\":\"https:\\\/\\\/www.itakaescolapios.org\\\/en\\\/2021\\\/04\\\/dia-internacional-de-la-tierra\\\/\"},\"author\":{\"name\":\"itaka\",\"@id\":\"https:\\\/\\\/www.itakaescolapios.org\\\/es\\\/#\\\/schema\\\/person\\\/670123daeb1cc31cae1b106740036ccb\"},\"headline\":\"D\u00cdA INTERNACIONAL DE LA TIERRA\",\"datePublished\":\"2021-04-22T07:43:50+00:00\",\"dateModified\":\"2023-11-28T11:36:02+00:00\",\"mainEntityOfPage\":{\"@id\":\"https:\\\/\\\/www.itakaescolapios.org\\\/en\\\/2021\\\/04\\\/dia-internacional-de-la-tierra\\\/\"},\"wordCount\":302,\"publisher\":{\"@id\":\"https:\\\/\\\/www.itakaescolapios.org\\\/es\\\/#organization\"},\"image\":{\"@id\":\"https:\\\/\\\/www.itakaescolapios.org\\\/en\\\/2021\\\/04\\\/dia-internacional-de-la-tierra\\\/#primaryimage\"},\"thumbnailUrl\":\"https:\\\/\\\/www.itakaescolapios.org\\\/wp-content\\\/uploads\\\/2021\\\/04\\\/dia-de-la-tierra-1.jpg\",\"articleSection\":[\"Itaka Escolapios\"],\"inLanguage\":\"en-US\"},{\"@type\":\"WebPage\",\"@id\":\"https:\\\/\\\/www.itakaescolapios.org\\\/en\\\/2021\\\/04\\\/dia-internacional-de-la-tierra\\\/\",\"url\":\"https:\\\/\\\/www.itakaescolapios.org\\\/en\\\/2021\\\/04\\\/dia-internacional-de-la-tierra\\\/\",\"name\":\"D\u00cdA INTERNACIONAL DE LA TIERRA - Proofs in Itaka-Escolapios\",\"isPartOf\":{\"@id\":\"https:\\\/\\\/www.itakaescolapios.org\\\/es\\\/#website\"},\"primaryImageOfPage\":{\"@id\":\"https:\\\/\\\/www.itakaescolapios.org\\\/en\\\/2021\\\/04\\\/dia-internacional-de-la-tierra\\\/#primaryimage\"},\"image\":{\"@id\":\"https:\\\/\\\/www.itakaescolapios.org\\\/en\\\/2021\\\/04\\\/dia-internacional-de-la-tierra\\\/#primaryimage\"},\"thumbnailUrl\":\"https:\\\/\\\/www.itakaescolapios.org\\\/wp-content\\\/uploads\\\/2021\\\/04\\\/dia-de-la-tierra-1.jpg\",\"datePublished\":\"2021-04-22T07:43:50+00:00\",\"dateModified\":\"2023-11-28T11:36:02+00:00\",\"breadcrumb\":{\"@id\":\"https:\\\/\\\/www.itakaescolapios.org\\\/en\\\/2021\\\/04\\\/dia-internacional-de-la-tierra\\\/#breadcrumb\"},\"inLanguage\":\"en-US\",\"potentialAction\":[{\"@type\":\"ReadAction\",\"target\":[\"https:\\\/\\\/www.itakaescolapios.org\\\/en\\\/2021\\\/04\\\/dia-internacional-de-la-tierra\\\/\"]}]},{\"@type\":\"ImageObject\",\"inLanguage\":\"en-US\",\"@id\":\"https:\\\/\\\/www.itakaescolapios.org\\\/en\\\/2021\\\/04\\\/dia-internacional-de-la-tierra\\\/#primaryimage\",\"url\":\"https:\\\/\\\/www.itakaescolapios.org\\\/wp-content\\\/uploads\\\/2021\\\/04\\\/dia-de-la-tierra-1.jpg\",\"contentUrl\":\"https:\\\/\\\/www.itakaescolapios.org\\\/wp-content\\\/uploads\\\/2021\\\/04\\\/dia-de-la-tierra-1.jpg\",\"width\":1061,\"height\":1500},{\"@type\":\"BreadcrumbList\",\"@id\":\"https:\\\/\\\/www.itakaescolapios.org\\\/en\\\/2021\\\/04\\\/dia-internacional-de-la-tierra\\\/#breadcrumb\",\"itemListElement\":[{\"@type\":\"ListItem\",\"position\":1,\"name\":\"Proof\",\"item\":\"https:\\\/\\\/www.itakaescolapios.org\\\/es\\\/\"},{\"@type\":\"ListItem\",\"position\":2,\"name\":\"D\u00cdA INTERNACIONAL DE LA TIERRA\"}]},{\"@type\":\"WebSite\",\"@id\":\"https:\\\/\\\/www.itakaescolapios.org\\\/en\\\/es\\\/#website\",\"url\":\"https:\\\/\\\/www.itakaescolapios.org\\\/en\\\/es\\\/\",\"name\":\"Itaka-Escolapios\",\"description\":\"Red de Itaka-Escolapios\",\"publisher\":{\"@id\":\"https:\\\/\\\/www.itakaescolapios.org\\\/en\\\/es\\\/#organization\"},\"potentialAction\":[{\"@type\":\"SearchAction\",\"target\":{\"@type\":\"EntryPoint\",\"urlTemplate\":\"https:\\\/\\\/www.itakaescolapios.org\\\/en\\\/es\\\/?s={search_term_string}\"},\"query-input\":{\"@type\":\"PropertyValueSpecification\",\"valueRequired\":true,\"valueName\":\"search_term_string\"}}],\"inLanguage\":\"en-US\"},{\"@type\":\"Organization\",\"@id\":\"https:\\\/\\\/www.itakaescolapios.org\\\/en\\\/es\\\/#organization\",\"name\":\"Fundaci\u00f3 Itaka-Escolapios\",\"url\":\"https:\\\/\\\/www.itakaescolapios.org\\\/en\\\/es\\\/\",\"logo\":{\"@type\":\"ImageObject\",\"inLanguage\":\"en-US\",\"@id\":\"https:\\\/\\\/www.itakaescolapios.org\\\/en\\\/es\\\/#\\\/schema\\\/logo\\\/image\\\/\",\"url\":\"https:\\\/\\\/www.itakaescolapios.org\\\/wp-content\\\/uploads\\\/2024\\\/04\\\/Logo-itakaescolapios-peque.png\",\"contentUrl\":\"https:\\\/\\\/www.itakaescolapios.org\\\/wp-content\\\/uploads\\\/2024\\\/04\\\/Logo-itakaescolapios-peque.png\",\"width\":500,\"height\":199,\"caption\":\"Fundaci\u00f3 Itaka-Escolapios\"},\"image\":{\"@id\":\"https:\\\/\\\/www.itakaescolapios.org\\\/en\\\/es\\\/#\\\/schema\\\/logo\\\/image\\\/\"}},{\"@type\":\"Person\",\"@id\":\"https:\\\/\\\/www.itakaescolapios.org\\\/es\\\/#\\\/schema\\\/person\\\/670123daeb1cc31cae1b106740036ccb\",\"name\":\"itaka\",\"url\":\"https:\\\/\\\/www.itakaescolapios.org\\\/en\\\/author\\\/itaka\\\/\"}]}<\/script>\n<!-- \/ Yoast SEO plugin. -->","yoast_head_json":{"title":"D\u00cdA INTERNACIONAL DE LA TIERRA","description":"El 22 de abril de cada a\u00f1o se celebra el nacimiento del movimiento ambientalista moderno, el cual se inici\u00f3 en 1970 cuando 20 millones de norteamericanos tomaron las calles, los parques y los auditorios para manifestarse por un ambiente saludable y sustentable. El D\u00eda de la Tierra de 1970 logr\u00f3 una coincidencia pol\u00edtica que parec\u00eda&hellip;","robots":{"index":"index","follow":"follow","max-snippet":"max-snippet:-1","max-image-preview":"max-image-preview:large","max-video-preview":"max-video-preview:-1"},"canonical":"El 22 de abril de cada a\u00f1o se celebra el nacimiento del movimiento ambientalista moderno, el cual se inici\u00f3 en 1970 cuando 20 millones de norteamericanos tomaron las calles, los parques y los auditorios para manifestarse por un ambiente saludable y sustentable. El D\u00eda de la Tierra de 1970 logr\u00f3 una coincidencia pol\u00edtica que parec\u00eda&hellip;","og_locale":"en_US","og_type":"article","og_title":"D\u00cdA INTERNACIONAL DE LA TIERRA","og_description":"El 22 de abril de cada a\u00f1o se celebra el nacimiento del movimiento ambientalista moderno, el cual se inici\u00f3 en 1970 cuando 20 millones de norteamericanos tomaron las calles, los parques y los auditorios para manifestarse por un ambiente saludable y sustentable. El D\u00eda de la Tierra de 1970 logr\u00f3 una coincidencia pol\u00edtica que parec\u00eda&hellip;","og_url":"https:\/\/www.itakaescolapios.org\/en\/2021\/04\/dia-internacional-de-la-tierra\/","og_site_name":"Proofs in Itaka-Escolapios","article_published_time":"2021-04-22T07:43:50+00:00","article_modified_time":"2023-11-28T11:36:02+00:00","og_image":[{"width":1061,"height":1500,"url":"https:\/\/www.itakaescolapios.org\/wp-content\/uploads\/2021\/04\/dia-de-la-tierra-1.jpg","type":"image\/jpeg"}],"author":"itaka","twitter_card":"summary_large_image","twitter_misc":{"Written by":"itaka","Est. reading time":"1 minute"},"schema":{"@context":"https:\/\/schema.org","@graph":[{"@type":"Article","@id":"https:\/\/www.itakaescolapios.org\/en\/2021\/04\/dia-internacional-de-la-tierra\/#article","isPartOf":{"@id":"https:\/\/www.itakaescolapios.org\/en\/2021\/04\/dia-internacional-de-la-tierra\/"},"author":{"name":"itaka","@id":"https:\/\/www.itakaescolapios.org\/es\/#\/schema\/person\/670123daeb1cc31cae1b106740036ccb"},"headline":"D\u00cdA INTERNACIONAL DE LA TIERRA","datePublished":"2021-04-22T07:43:50+00:00","dateModified":"2023-11-28T11:36:02+00:00","mainEntityOfPage":{"@id":"https:\/\/www.itakaescolapios.org\/en\/2021\/04\/dia-internacional-de-la-tierra\/"},"wordCount":302,"publisher":{"@id":"https:\/\/www.itakaescolapios.org\/es\/#organization"},"image":{"@id":"https:\/\/www.itakaescolapios.org\/en\/2021\/04\/dia-internacional-de-la-tierra\/#primaryimage"},"thumbnailUrl":"https:\/\/www.itakaescolapios.org\/wp-content\/uploads\/2021\/04\/dia-de-la-tierra-1.jpg","articleSection":["Itaka Escolapios"],"inLanguage":"en-US"},{"@type":"WebPage","@id":"https:\/\/www.itakaescolapios.org\/en\/2021\/04\/dia-internacional-de-la-tierra\/","url":"https:\/\/www.itakaescolapios.org\/en\/2021\/04\/dia-internacional-de-la-tierra\/","name":"D\u00cdA INTERNACIONAL DE LA TIERRA - Proofs in Itaka-Escolapios","isPartOf":{"@id":"https:\/\/www.itakaescolapios.org\/es\/#website"},"primaryImageOfPage":{"@id":"https:\/\/www.itakaescolapios.org\/en\/2021\/04\/dia-internacional-de-la-tierra\/#primaryimage"},"image":{"@id":"https:\/\/www.itakaescolapios.org\/en\/2021\/04\/dia-internacional-de-la-tierra\/#primaryimage"},"thumbnailUrl":"https:\/\/www.itakaescolapios.org\/wp-content\/uploads\/2021\/04\/dia-de-la-tierra-1.jpg","datePublished":"2021-04-22T07:43:50+00:00","dateModified":"2023-11-28T11:36:02+00:00","breadcrumb":{"@id":"https:\/\/www.itakaescolapios.org\/en\/2021\/04\/dia-internacional-de-la-tierra\/#breadcrumb"},"inLanguage":"en-US","potentialAction":[{"@type":"ReadAction","target":["https:\/\/www.itakaescolapios.org\/en\/2021\/04\/dia-internacional-de-la-tierra\/"]}]},{"@type":"ImageObject","inLanguage":"en-US","@id":"https:\/\/www.itakaescolapios.org\/en\/2021\/04\/dia-internacional-de-la-tierra\/#primaryimage","url":"https:\/\/www.itakaescolapios.org\/wp-content\/uploads\/2021\/04\/dia-de-la-tierra-1.jpg","contentUrl":"https:\/\/www.itakaescolapios.org\/wp-content\/uploads\/2021\/04\/dia-de-la-tierra-1.jpg","width":1061,"height":1500},{"@type":"BreadcrumbList","@id":"https:\/\/www.itakaescolapios.org\/en\/2021\/04\/dia-internacional-de-la-tierra\/#breadcrumb","itemListElement":[{"@type":"ListItem","position":1,"name":"Proof","item":"https:\/\/www.itakaescolapios.org\/es\/"},{"@type":"ListItem","position":2,"name":"D\u00cdA INTERNACIONAL DE LA TIERRA"}]},{"@type":"WebSite","@id":"https:\/\/www.itakaescolapios.org\/en\/es\/#website","url":"https:\/\/www.itakaescolapios.org\/en\/es\/","name":"Itaka-Escolapios","description":"Red de Itaka-Escolapios","publisher":{"@id":"https:\/\/www.itakaescolapios.org\/en\/es\/#organization"},"potentialAction":[{"@type":"SearchAction","target":{"@type":"EntryPoint","urlTemplate":"https:\/\/www.itakaescolapios.org\/en\/es\/?s={search_term_string}"},"query-input":{"@type":"PropertyValueSpecification","valueRequired":true,"valueName":"search_term_string"}}],"inLanguage":"en-US"},{"@type":"Organization","@id":"https:\/\/www.itakaescolapios.org\/en\/es\/#organization","name":"Fundaci\u00f3 Itaka-Escolapios","url":"https:\/\/www.itakaescolapios.org\/en\/es\/","logo":{"@type":"ImageObject","inLanguage":"en-US","@id":"https:\/\/www.itakaescolapios.org\/en\/es\/#\/schema\/logo\/image\/","url":"https:\/\/www.itakaescolapios.org\/wp-content\/uploads\/2024\/04\/Logo-itakaescolapios-peque.png","contentUrl":"https:\/\/www.itakaescolapios.org\/wp-content\/uploads\/2024\/04\/Logo-itakaescolapios-peque.png","width":500,"height":199,"caption":"Fundaci\u00f3 Itaka-Escolapios"},"image":{"@id":"https:\/\/www.itakaescolapios.org\/en\/es\/#\/schema\/logo\/image\/"}},{"@type":"Person","@id":"https:\/\/www.itakaescolapios.org\/es\/#\/schema\/person\/670123daeb1cc31cae1b106740036ccb","name":"itaka","url":"https:\/\/www.itakaescolapios.org\/en\/author\/itaka\/"}]}},"_links":{"self":[{"href":"https:\/\/www.itakaescolapios.org\/en\/wp-json\/wp\/v2\/posts\/32829","targetHints":{"allow":["GET"]}}],"collection":[{"href":"https:\/\/www.itakaescolapios.org\/en\/wp-json\/wp\/v2\/posts"}],"about":[{"href":"https:\/\/www.itakaescolapios.org\/en\/wp-json\/wp\/v2\/types\/post"}],"author":[{"embeddable":true,"href":"https:\/\/www.itakaescolapios.org\/en\/wp-json\/wp\/v2\/users\/4"}],"replies":[{"embeddable":true,"href":"https:\/\/www.itakaescolapios.org\/en\/wp-json\/wp\/v2\/comments?post=32829"}],"version-history":[{"count":3,"href":"https:\/\/www.itakaescolapios.org\/en\/wp-json\/wp\/v2\/posts\/32829\/revisions"}],"predecessor-version":[{"id":44322,"href":"https:\/\/www.itakaescolapios.org\/en\/wp-json\/wp\/v2\/posts\/32829\/revisions\/44322"}],"wp:featuredmedia":[{"embeddable":true,"href":"https:\/\/www.itakaescolapios.org\/en\/wp-json\/wp\/v2\/media\/32830"}],"wp:attachment":[{"href":"https:\/\/www.itakaescolapios.org\/en\/wp-json\/wp\/v2\/media?parent=32829"}],"wp:term":[{"taxonomy":"category","embeddable":true,"href":"https:\/\/www.itakaescolapios.org\/en\/wp-json\/wp\/v2\/categories?post=32829"},{"taxonomy":"post_tag","embeddable":true,"href":"https:\/\/www.itakaescolapios.org\/en\/wp-json\/wp\/v2\/tags?post=32829"}],"curies":[{"name":"wp","href":"https:\/\/api.w.org\/{rel}","templated":true}]}}