{"id":32858,"date":"2021-04-27T08:49:45","date_gmt":"2021-04-27T07:49:45","guid":{"rendered":"https:\/\/www.itakaescolapios.org\/?p=32858"},"modified":"2023-11-28T12:36:02","modified_gmt":"2023-11-28T11:36:02","slug":"campana-mundial-por-la-educacion-same-2021-milmillonesdevoces","status":"publish","type":"post","link":"https:\/\/www.itakaescolapios.org\/en\/2021\/04\/campana-mundial-por-la-educacion-same-2021-milmillonesdevoces\/","title":{"rendered":"Campa\u00f1a Mundial por la Educaci\u00f3n. SAME 2021  #MilMillonesdeVoces"},"content":{"rendered":"<p>La Red Itaka Escolapios se une en todo el mundo a la Campa\u00f1a Mundial por la Educaci\u00f3n que celebra en esta \u00faltima semana de Abril su Semana de Acci\u00f3n Mundial.<\/p>\n<p>Bajo el lema <strong>#MilMillonesdeVoces<\/strong> y a trav\u00e9s de distintos materiales y actividades de movilizaci\u00f3n sensibilizaremos a la poblaci\u00f3n\u00a0en torno a la importancia de<strong><span style=\"color: #333300;\"> <u>defender la financiaci\u00f3n de la educaci\u00f3n como herramienta fundamental<\/u> <\/span><\/strong>para que nadie se quede atr\u00e1s en la recuperaci\u00f3n frente a la crisis social, econ\u00f3mica y sanitaria generada por la COVID-19.<\/p>\n<p style=\"text-align: left;\">#MilMillonesDeVoces surge de lo que ni\u00f1as y ni\u00f1os nos contaron durante el confinamiento. <span style=\"color: #333300;\"><strong><u>Escuchar a la infancia, sobre todo en asuntos que les conciernen, y una mayor inversi\u00f3n en educaci\u00f3n es imprescindible para asegurar que ning\u00fan ni\u00f1o o ni\u00f1a se quede atr\u00e1s<\/u>.<\/strong><\/span> Adem\u00e1s, queremos denunciar c\u00f3mo la pandemia est\u00e1 agravando los retos para acceder a una educaci\u00f3n equitativa, inclusiva y de calidad para todas las personas y poniendo en peligro la financiaci\u00f3n del derecho a la educaci\u00f3n.<\/p>\n<p>No podemos permitir otra vez que la crisis afecte a quienes se encuentran en una situaci\u00f3n de m\u00e1s debilidad.<\/p>\n<p>Puedes acceder a informaci\u00f3n de la campa\u00f1a a nivel internacional aqu\u00ed:\u00a0 <a href=\"https:\/\/campaignforeducation.org\/es\/\">https:\/\/campaignforeducation.org\/es\/<\/a> \u00a0o buscar la p\u00e1gina que coordina las acciones en tu propio pa\u00eds.<\/p>\n<p><a href=\"https:\/\/milmillonesdevoces.cme-espana.org\/\" target=\"_blank\" rel=\"noopener\"><img decoding=\"async\" class=\"wp-image-32861 alignleft\" src=\"https:\/\/www.itakaescolapios.org\/wp-content\/uploads\/2021\/04\/landing-300x181.jpg\" alt=\"\" width=\"192\" height=\"116\" srcset=\"https:\/\/www.itakaescolapios.org\/wp-content\/uploads\/2021\/04\/landing-300x181.jpg 300w, https:\/\/www.itakaescolapios.org\/wp-content\/uploads\/2021\/04\/landing-250x151.jpg 250w, https:\/\/www.itakaescolapios.org\/wp-content\/uploads\/2021\/04\/landing.jpg 500w\" sizes=\"(max-width: 192px) 100vw, 192px\" \/><\/a>En el landing\u00a0 <a href=\"https:\/\/milmillonesdevoces.cme-espana.org\/\" target=\"_blank\" rel=\"noopener\">https:\/\/milmillonesdevoces.cme-espana.org\/<\/a> \u00a0puedes encontrar diferentes materiales para trabajar la campa\u00f1a, incluidas unidades did\u00e1cticas y materiales de movilizaci\u00f3n<\/p>\n<p>&nbsp;<\/p>\n<p>&nbsp;<\/p>\n<p><a href=\"https:\/\/www.youtube.com\/playlist?list=PL4lZMDELcVvHDleZpQBAvLmCZFYapKN6X\" target=\"_blank\" rel=\"noopener\"><img decoding=\"async\" class=\"wp-image-32862 alignleft\" src=\"https:\/\/www.itakaescolapios.org\/wp-content\/uploads\/2021\/04\/youtube-300x164.jpg\" alt=\"\" width=\"187\" height=\"102\" srcset=\"https:\/\/www.itakaescolapios.org\/wp-content\/uploads\/2021\/04\/youtube-300x164.jpg 300w, https:\/\/www.itakaescolapios.org\/wp-content\/uploads\/2021\/04\/youtube-250x137.jpg 250w, https:\/\/www.itakaescolapios.org\/wp-content\/uploads\/2021\/04\/youtube.jpg 500w\" sizes=\"(max-width: 187px) 100vw, 187px\" \/><\/a>En el canal de Youtube: <a href=\"https:\/\/www.youtube.com\/playlist?list=PL4lZMDELcVvHDleZpQBAvLmCZFYapKN6X\" target=\"_blank\" rel=\"noopener\">https:\/\/www.youtube.com\/playlist?list=PL4lZMDELcVvHDleZpQBAvLmCZFYapKN6X<\/a> podr\u00e1s escuchar las historias de Edi desde Nicaragua, Cristina desde Espa\u00f1a y Yaniksa desde El Salvador.<\/p>\n","protected":false},"excerpt":{"rendered":"<p>La Red Itaka Escolapios se une en todo el mundo a la Campa\u00f1a Mundial por la Educaci\u00f3n que celebra en esta \u00faltima semana de Abril su Semana de Acci\u00f3n Mundial. [&hellip;]<\/p>\n","protected":false},"author":46,"featured_media":32859,"comment_status":"closed","ping_status":"closed","sticky":false,"template":"","format":"standard","meta":{"_et_pb_use_builder":"","_et_pb_old_content":"","_et_gb_content_width":"","footnotes":""},"categories":[30],"tags":[511,513,512],"class_list":["post-32858","post","type-post","status-publish","format-standard","has-post-thumbnail","hentry","category-itaka-escolapios","tag-cme","tag-milmillonesdevoces","tag-same"],"yoast_head":"<!-- This site is optimized with the Yoast SEO plugin v27.4 - https:\/\/yoast.com\/product\/yoast-seo-wordpress\/ -->\n<title>Campa\u00f1a Mundial por la Educaci\u00f3n. SAME 2021  #MilMillonesdeVoces<\/title>\n<meta name=\"description\" content=\"La Red Itaka Escolapios se une en todo el mundo a la Campa\u00f1a Mundial por la Educaci\u00f3n que celebra en esta \u00faltima semana de Abril su Semana de Acci\u00f3n Mundial. Bajo el lema #MilMillonesdeVoces y a trav\u00e9s de distintos materiales y actividades de movilizaci\u00f3n sensibilizaremos a la poblaci\u00f3n\u00a0en torno a la importancia de defender la&hellip;\" \/>\n<meta name=\"robots\" content=\"index, follow, max-snippet:-1, max-image-preview:large, max-video-preview:-1\" \/>\n<link rel=\"canonical\" href=\"http:\/\/La%20Red%20Itaka%20Escolapios%20se%20une%20en%20todo%20el%20mundo%20a%20la%20Campa\u00f1a%20Mundial%20por%20la%20Educaci\u00f3n%20que%20celebra%20en%20esta%20\u00faltima%20semana%20de%20Abril%20su%20Semana%20de%20Acci\u00f3n%20Mundial.%20Bajo%20el%20lema%20#MilMillonesdeVoces%20y%20a%20trav\u00e9s%20de%20distintos%20materiales%20y%20actividades%20de%20movilizaci\u00f3n%20sensibilizaremos%20a%20la%20poblaci\u00f3n\u00a0en%20torno%20a%20la%20importancia%20de%20defender%20la&hellip;\" \/>\n<meta property=\"og:locale\" content=\"en_US\" \/>\n<meta property=\"og:type\" content=\"article\" \/>\n<meta property=\"og:title\" content=\"Campa\u00f1a Mundial por la Educaci\u00f3n. SAME 2021  #MilMillonesdeVoces\" \/>\n<meta property=\"og:description\" content=\"La Red Itaka Escolapios se une en todo el mundo a la Campa\u00f1a Mundial por la Educaci\u00f3n que celebra en esta \u00faltima semana de Abril su Semana de Acci\u00f3n Mundial. Bajo el lema #MilMillonesdeVoces y a trav\u00e9s de distintos materiales y actividades de movilizaci\u00f3n sensibilizaremos a la poblaci\u00f3n\u00a0en torno a la importancia de defender la&hellip;\" \/>\n<meta property=\"og:url\" content=\"https:\/\/www.itakaescolapios.org\/en\/2021\/04\/campana-mundial-por-la-educacion-same-2021-milmillonesdevoces\/\" \/>\n<meta property=\"og:site_name\" content=\"Proofs in Itaka-Escolapios\" \/>\n<meta property=\"article:published_time\" content=\"2021-04-27T07:49:45+00:00\" \/>\n<meta property=\"article:modified_time\" content=\"2023-11-28T11:36:02+00:00\" \/>\n<meta property=\"og:image\" content=\"https:\/\/www.itakaescolapios.org\/wp-content\/uploads\/2021\/04\/mi-millones-de-voces.jpg\" \/>\n\t<meta property=\"og:image:width\" content=\"900\" \/>\n\t<meta property=\"og:image:height\" content=\"431\" \/>\n\t<meta property=\"og:image:type\" content=\"image\/jpeg\" \/>\n<meta name=\"author\" content=\"itakaescolapios\" \/>\n<meta name=\"twitter:card\" content=\"summary_large_image\" \/>\n<meta name=\"twitter:label1\" content=\"Written by\" \/>\n\t<meta name=\"twitter:data1\" content=\"itakaescolapios\" \/>\n\t<meta name=\"twitter:label2\" content=\"Est. reading time\" \/>\n\t<meta name=\"twitter:data2\" content=\"1 minute\" \/>\n<script type=\"application\/ld+json\" class=\"yoast-schema-graph\">{\"@context\":\"https:\\\/\\\/schema.org\",\"@graph\":[{\"@type\":\"Article\",\"@id\":\"https:\\\/\\\/www.itakaescolapios.org\\\/en\\\/2021\\\/04\\\/campana-mundial-por-la-educacion-same-2021-milmillonesdevoces\\\/#article\",\"isPartOf\":{\"@id\":\"https:\\\/\\\/www.itakaescolapios.org\\\/en\\\/2021\\\/04\\\/campana-mundial-por-la-educacion-same-2021-milmillonesdevoces\\\/\"},\"author\":{\"name\":\"itakaescolapios\",\"@id\":\"https:\\\/\\\/www.itakaescolapios.org\\\/es\\\/#\\\/schema\\\/person\\\/768ce0f19db5c2c2b6361e77e15db2db\"},\"headline\":\"Campa\u00f1a Mundial por la Educaci\u00f3n. SAME 2021 #MilMillonesdeVoces\",\"datePublished\":\"2021-04-27T07:49:45+00:00\",\"dateModified\":\"2023-11-28T11:36:02+00:00\",\"mainEntityOfPage\":{\"@id\":\"https:\\\/\\\/www.itakaescolapios.org\\\/en\\\/2021\\\/04\\\/campana-mundial-por-la-educacion-same-2021-milmillonesdevoces\\\/\"},\"wordCount\":305,\"publisher\":{\"@id\":\"https:\\\/\\\/www.itakaescolapios.org\\\/es\\\/#organization\"},\"image\":{\"@id\":\"https:\\\/\\\/www.itakaescolapios.org\\\/en\\\/2021\\\/04\\\/campana-mundial-por-la-educacion-same-2021-milmillonesdevoces\\\/#primaryimage\"},\"thumbnailUrl\":\"https:\\\/\\\/www.itakaescolapios.org\\\/wp-content\\\/uploads\\\/2021\\\/04\\\/mi-millones-de-voces.jpg\",\"keywords\":[\"CME\",\"milmillonesdevoces\",\"SAME\"],\"articleSection\":[\"Itaka Escolapios\"],\"inLanguage\":\"en-US\"},{\"@type\":\"WebPage\",\"@id\":\"https:\\\/\\\/www.itakaescolapios.org\\\/en\\\/2021\\\/04\\\/campana-mundial-por-la-educacion-same-2021-milmillonesdevoces\\\/\",\"url\":\"https:\\\/\\\/www.itakaescolapios.org\\\/en\\\/2021\\\/04\\\/campana-mundial-por-la-educacion-same-2021-milmillonesdevoces\\\/\",\"name\":\"Campa\u00f1a Mundial por la Educaci\u00f3n. SAME 2021 #MilMillonesdeVoces - Proofs in Itaka-Escolapios\",\"isPartOf\":{\"@id\":\"https:\\\/\\\/www.itakaescolapios.org\\\/es\\\/#website\"},\"primaryImageOfPage\":{\"@id\":\"https:\\\/\\\/www.itakaescolapios.org\\\/en\\\/2021\\\/04\\\/campana-mundial-por-la-educacion-same-2021-milmillonesdevoces\\\/#primaryimage\"},\"image\":{\"@id\":\"https:\\\/\\\/www.itakaescolapios.org\\\/en\\\/2021\\\/04\\\/campana-mundial-por-la-educacion-same-2021-milmillonesdevoces\\\/#primaryimage\"},\"thumbnailUrl\":\"https:\\\/\\\/www.itakaescolapios.org\\\/wp-content\\\/uploads\\\/2021\\\/04\\\/mi-millones-de-voces.jpg\",\"datePublished\":\"2021-04-27T07:49:45+00:00\",\"dateModified\":\"2023-11-28T11:36:02+00:00\",\"breadcrumb\":{\"@id\":\"https:\\\/\\\/www.itakaescolapios.org\\\/en\\\/2021\\\/04\\\/campana-mundial-por-la-educacion-same-2021-milmillonesdevoces\\\/#breadcrumb\"},\"inLanguage\":\"en-US\",\"potentialAction\":[{\"@type\":\"ReadAction\",\"target\":[\"https:\\\/\\\/www.itakaescolapios.org\\\/en\\\/2021\\\/04\\\/campana-mundial-por-la-educacion-same-2021-milmillonesdevoces\\\/\"]}]},{\"@type\":\"ImageObject\",\"inLanguage\":\"en-US\",\"@id\":\"https:\\\/\\\/www.itakaescolapios.org\\\/en\\\/2021\\\/04\\\/campana-mundial-por-la-educacion-same-2021-milmillonesdevoces\\\/#primaryimage\",\"url\":\"https:\\\/\\\/www.itakaescolapios.org\\\/wp-content\\\/uploads\\\/2021\\\/04\\\/mi-millones-de-voces.jpg\",\"contentUrl\":\"https:\\\/\\\/www.itakaescolapios.org\\\/wp-content\\\/uploads\\\/2021\\\/04\\\/mi-millones-de-voces.jpg\",\"width\":900,\"height\":431},{\"@type\":\"BreadcrumbList\",\"@id\":\"https:\\\/\\\/www.itakaescolapios.org\\\/en\\\/2021\\\/04\\\/campana-mundial-por-la-educacion-same-2021-milmillonesdevoces\\\/#breadcrumb\",\"itemListElement\":[{\"@type\":\"ListItem\",\"position\":1,\"name\":\"Proof\",\"item\":\"https:\\\/\\\/www.itakaescolapios.org\\\/es\\\/\"},{\"@type\":\"ListItem\",\"position\":2,\"name\":\"Campa\u00f1a Mundial por la Educaci\u00f3n. SAME 2021 #MilMillonesdeVoces\"}]},{\"@type\":\"WebSite\",\"@id\":\"https:\\\/\\\/www.itakaescolapios.org\\\/en\\\/es\\\/#website\",\"url\":\"https:\\\/\\\/www.itakaescolapios.org\\\/en\\\/es\\\/\",\"name\":\"Itaka-Escolapios\",\"description\":\"Red de Itaka-Escolapios\",\"publisher\":{\"@id\":\"https:\\\/\\\/www.itakaescolapios.org\\\/en\\\/es\\\/#organization\"},\"potentialAction\":[{\"@type\":\"SearchAction\",\"target\":{\"@type\":\"EntryPoint\",\"urlTemplate\":\"https:\\\/\\\/www.itakaescolapios.org\\\/en\\\/es\\\/?s={search_term_string}\"},\"query-input\":{\"@type\":\"PropertyValueSpecification\",\"valueRequired\":true,\"valueName\":\"search_term_string\"}}],\"inLanguage\":\"en-US\"},{\"@type\":\"Organization\",\"@id\":\"https:\\\/\\\/www.itakaescolapios.org\\\/en\\\/es\\\/#organization\",\"name\":\"Fundaci\u00f3 Itaka-Escolapios\",\"url\":\"https:\\\/\\\/www.itakaescolapios.org\\\/en\\\/es\\\/\",\"logo\":{\"@type\":\"ImageObject\",\"inLanguage\":\"en-US\",\"@id\":\"https:\\\/\\\/www.itakaescolapios.org\\\/en\\\/es\\\/#\\\/schema\\\/logo\\\/image\\\/\",\"url\":\"https:\\\/\\\/www.itakaescolapios.org\\\/wp-content\\\/uploads\\\/2024\\\/04\\\/Logo-itakaescolapios-peque.png\",\"contentUrl\":\"https:\\\/\\\/www.itakaescolapios.org\\\/wp-content\\\/uploads\\\/2024\\\/04\\\/Logo-itakaescolapios-peque.png\",\"width\":500,\"height\":199,\"caption\":\"Fundaci\u00f3 Itaka-Escolapios\"},\"image\":{\"@id\":\"https:\\\/\\\/www.itakaescolapios.org\\\/en\\\/es\\\/#\\\/schema\\\/logo\\\/image\\\/\"}},{\"@type\":\"Person\",\"@id\":\"https:\\\/\\\/www.itakaescolapios.org\\\/es\\\/#\\\/schema\\\/person\\\/768ce0f19db5c2c2b6361e77e15db2db\",\"name\":\"itakaescolapios\",\"url\":\"https:\\\/\\\/www.itakaescolapios.org\\\/en\\\/author\\\/itakaescolapios\\\/\"}]}<\/script>\n<!-- \/ Yoast SEO plugin. -->","yoast_head_json":{"title":"Campa\u00f1a Mundial por la Educaci\u00f3n. SAME 2021  #MilMillonesdeVoces","description":"La Red Itaka Escolapios se une en todo el mundo a la Campa\u00f1a Mundial por la Educaci\u00f3n que celebra en esta \u00faltima semana de Abril su Semana de Acci\u00f3n Mundial. Bajo el lema #MilMillonesdeVoces y a trav\u00e9s de distintos materiales y actividades de movilizaci\u00f3n sensibilizaremos a la poblaci\u00f3n\u00a0en torno a la importancia de defender la&hellip;","robots":{"index":"index","follow":"follow","max-snippet":"max-snippet:-1","max-image-preview":"max-image-preview:large","max-video-preview":"max-video-preview:-1"},"canonical":"La Red Itaka Escolapios se une en todo el mundo a la Campa\u00f1a Mundial por la Educaci\u00f3n que celebra en esta \u00faltima semana de Abril su Semana de Acci\u00f3n Mundial. Bajo el lema #MilMillonesdeVoces y a trav\u00e9s de distintos materiales y actividades de movilizaci\u00f3n sensibilizaremos a la poblaci\u00f3n\u00a0en torno a la importancia de defender la&hellip;","og_locale":"en_US","og_type":"article","og_title":"Campa\u00f1a Mundial por la Educaci\u00f3n. SAME 2021  #MilMillonesdeVoces","og_description":"La Red Itaka Escolapios se une en todo el mundo a la Campa\u00f1a Mundial por la Educaci\u00f3n que celebra en esta \u00faltima semana de Abril su Semana de Acci\u00f3n Mundial. Bajo el lema #MilMillonesdeVoces y a trav\u00e9s de distintos materiales y actividades de movilizaci\u00f3n sensibilizaremos a la poblaci\u00f3n\u00a0en torno a la importancia de defender la&hellip;","og_url":"https:\/\/www.itakaescolapios.org\/en\/2021\/04\/campana-mundial-por-la-educacion-same-2021-milmillonesdevoces\/","og_site_name":"Proofs in Itaka-Escolapios","article_published_time":"2021-04-27T07:49:45+00:00","article_modified_time":"2023-11-28T11:36:02+00:00","og_image":[{"width":900,"height":431,"url":"https:\/\/www.itakaescolapios.org\/wp-content\/uploads\/2021\/04\/mi-millones-de-voces.jpg","type":"image\/jpeg"}],"author":"itakaescolapios","twitter_card":"summary_large_image","twitter_misc":{"Written by":"itakaescolapios","Est. reading time":"1 minute"},"schema":{"@context":"https:\/\/schema.org","@graph":[{"@type":"Article","@id":"https:\/\/www.itakaescolapios.org\/en\/2021\/04\/campana-mundial-por-la-educacion-same-2021-milmillonesdevoces\/#article","isPartOf":{"@id":"https:\/\/www.itakaescolapios.org\/en\/2021\/04\/campana-mundial-por-la-educacion-same-2021-milmillonesdevoces\/"},"author":{"name":"itakaescolapios","@id":"https:\/\/www.itakaescolapios.org\/es\/#\/schema\/person\/768ce0f19db5c2c2b6361e77e15db2db"},"headline":"Campa\u00f1a Mundial por la Educaci\u00f3n. SAME 2021 #MilMillonesdeVoces","datePublished":"2021-04-27T07:49:45+00:00","dateModified":"2023-11-28T11:36:02+00:00","mainEntityOfPage":{"@id":"https:\/\/www.itakaescolapios.org\/en\/2021\/04\/campana-mundial-por-la-educacion-same-2021-milmillonesdevoces\/"},"wordCount":305,"publisher":{"@id":"https:\/\/www.itakaescolapios.org\/es\/#organization"},"image":{"@id":"https:\/\/www.itakaescolapios.org\/en\/2021\/04\/campana-mundial-por-la-educacion-same-2021-milmillonesdevoces\/#primaryimage"},"thumbnailUrl":"https:\/\/www.itakaescolapios.org\/wp-content\/uploads\/2021\/04\/mi-millones-de-voces.jpg","keywords":["CME","milmillonesdevoces","SAME"],"articleSection":["Itaka Escolapios"],"inLanguage":"en-US"},{"@type":"WebPage","@id":"https:\/\/www.itakaescolapios.org\/en\/2021\/04\/campana-mundial-por-la-educacion-same-2021-milmillonesdevoces\/","url":"https:\/\/www.itakaescolapios.org\/en\/2021\/04\/campana-mundial-por-la-educacion-same-2021-milmillonesdevoces\/","name":"Campa\u00f1a Mundial por la Educaci\u00f3n. SAME 2021 #MilMillonesdeVoces - Proofs in Itaka-Escolapios","isPartOf":{"@id":"https:\/\/www.itakaescolapios.org\/es\/#website"},"primaryImageOfPage":{"@id":"https:\/\/www.itakaescolapios.org\/en\/2021\/04\/campana-mundial-por-la-educacion-same-2021-milmillonesdevoces\/#primaryimage"},"image":{"@id":"https:\/\/www.itakaescolapios.org\/en\/2021\/04\/campana-mundial-por-la-educacion-same-2021-milmillonesdevoces\/#primaryimage"},"thumbnailUrl":"https:\/\/www.itakaescolapios.org\/wp-content\/uploads\/2021\/04\/mi-millones-de-voces.jpg","datePublished":"2021-04-27T07:49:45+00:00","dateModified":"2023-11-28T11:36:02+00:00","breadcrumb":{"@id":"https:\/\/www.itakaescolapios.org\/en\/2021\/04\/campana-mundial-por-la-educacion-same-2021-milmillonesdevoces\/#breadcrumb"},"inLanguage":"en-US","potentialAction":[{"@type":"ReadAction","target":["https:\/\/www.itakaescolapios.org\/en\/2021\/04\/campana-mundial-por-la-educacion-same-2021-milmillonesdevoces\/"]}]},{"@type":"ImageObject","inLanguage":"en-US","@id":"https:\/\/www.itakaescolapios.org\/en\/2021\/04\/campana-mundial-por-la-educacion-same-2021-milmillonesdevoces\/#primaryimage","url":"https:\/\/www.itakaescolapios.org\/wp-content\/uploads\/2021\/04\/mi-millones-de-voces.jpg","contentUrl":"https:\/\/www.itakaescolapios.org\/wp-content\/uploads\/2021\/04\/mi-millones-de-voces.jpg","width":900,"height":431},{"@type":"BreadcrumbList","@id":"https:\/\/www.itakaescolapios.org\/en\/2021\/04\/campana-mundial-por-la-educacion-same-2021-milmillonesdevoces\/#breadcrumb","itemListElement":[{"@type":"ListItem","position":1,"name":"Proof","item":"https:\/\/www.itakaescolapios.org\/es\/"},{"@type":"ListItem","position":2,"name":"Campa\u00f1a Mundial por la Educaci\u00f3n. SAME 2021 #MilMillonesdeVoces"}]},{"@type":"WebSite","@id":"https:\/\/www.itakaescolapios.org\/en\/es\/#website","url":"https:\/\/www.itakaescolapios.org\/en\/es\/","name":"Itaka-Escolapios","description":"Red de Itaka-Escolapios","publisher":{"@id":"https:\/\/www.itakaescolapios.org\/en\/es\/#organization"},"potentialAction":[{"@type":"SearchAction","target":{"@type":"EntryPoint","urlTemplate":"https:\/\/www.itakaescolapios.org\/en\/es\/?s={search_term_string}"},"query-input":{"@type":"PropertyValueSpecification","valueRequired":true,"valueName":"search_term_string"}}],"inLanguage":"en-US"},{"@type":"Organization","@id":"https:\/\/www.itakaescolapios.org\/en\/es\/#organization","name":"Fundaci\u00f3 Itaka-Escolapios","url":"https:\/\/www.itakaescolapios.org\/en\/es\/","logo":{"@type":"ImageObject","inLanguage":"en-US","@id":"https:\/\/www.itakaescolapios.org\/en\/es\/#\/schema\/logo\/image\/","url":"https:\/\/www.itakaescolapios.org\/wp-content\/uploads\/2024\/04\/Logo-itakaescolapios-peque.png","contentUrl":"https:\/\/www.itakaescolapios.org\/wp-content\/uploads\/2024\/04\/Logo-itakaescolapios-peque.png","width":500,"height":199,"caption":"Fundaci\u00f3 Itaka-Escolapios"},"image":{"@id":"https:\/\/www.itakaescolapios.org\/en\/es\/#\/schema\/logo\/image\/"}},{"@type":"Person","@id":"https:\/\/www.itakaescolapios.org\/es\/#\/schema\/person\/768ce0f19db5c2c2b6361e77e15db2db","name":"itakaescolapios","url":"https:\/\/www.itakaescolapios.org\/en\/author\/itakaescolapios\/"}]}},"_links":{"self":[{"href":"https:\/\/www.itakaescolapios.org\/en\/wp-json\/wp\/v2\/posts\/32858","targetHints":{"allow":["GET"]}}],"collection":[{"href":"https:\/\/www.itakaescolapios.org\/en\/wp-json\/wp\/v2\/posts"}],"about":[{"href":"https:\/\/www.itakaescolapios.org\/en\/wp-json\/wp\/v2\/types\/post"}],"author":[{"embeddable":true,"href":"https:\/\/www.itakaescolapios.org\/en\/wp-json\/wp\/v2\/users\/46"}],"replies":[{"embeddable":true,"href":"https:\/\/www.itakaescolapios.org\/en\/wp-json\/wp\/v2\/comments?post=32858"}],"version-history":[{"count":8,"href":"https:\/\/www.itakaescolapios.org\/en\/wp-json\/wp\/v2\/posts\/32858\/revisions"}],"predecessor-version":[{"id":44318,"href":"https:\/\/www.itakaescolapios.org\/en\/wp-json\/wp\/v2\/posts\/32858\/revisions\/44318"}],"wp:featuredmedia":[{"embeddable":true,"href":"https:\/\/www.itakaescolapios.org\/en\/wp-json\/wp\/v2\/media\/32859"}],"wp:attachment":[{"href":"https:\/\/www.itakaescolapios.org\/en\/wp-json\/wp\/v2\/media?parent=32858"}],"wp:term":[{"taxonomy":"category","embeddable":true,"href":"https:\/\/www.itakaescolapios.org\/en\/wp-json\/wp\/v2\/categories?post=32858"},{"taxonomy":"post_tag","embeddable":true,"href":"https:\/\/www.itakaescolapios.org\/en\/wp-json\/wp\/v2\/tags?post=32858"}],"curies":[{"name":"wp","href":"https:\/\/api.w.org\/{rel}","templated":true}]}}