{"id":329365,"date":"2025-11-20T20:48:15","date_gmt":"2025-11-20T19:48:15","guid":{"rendered":"https:\/\/www.itakaescolapios.org\/?p=329365"},"modified":"2025-11-21T09:29:55","modified_gmt":"2025-11-21T08:29:55","slug":"itaka-escolapios-y-la-red-de-accion-social-de-la-iglesia-unidos-para-construir-paz-y-esperanza","status":"publish","type":"post","link":"https:\/\/www.itakaescolapios.org\/en\/2025\/11\/itaka-escolapios-y-la-red-de-accion-social-de-la-iglesia-unidos-para-construir-paz-y-esperanza\/","title":{"rendered":"Itaka Escolapios y la Red de Acci\u00f3n Social de la Iglesia: Unidos para Construir Paz y Esperanza"},"content":{"rendered":"<p>[et_pb_section fb_built=&#8221;1&#8243; make_equal=&#8221;on&#8221; use_custom_gutter=&#8221;on&#8221; gutter_width=&#8221;2&#8243; specialty=&#8221;on&#8221; _builder_version=&#8221;4.24.3&#8243; _module_preset=&#8221;default&#8221; width=&#8221;100%&#8221; max_width=&#8221;100%&#8221; module_alignment=&#8221;center&#8221; inner_width=&#8221;90%&#8221; inner_max_width=&#8221;2222px&#8221; inner_module_alignment=&#8221;center&#8221; custom_margin=&#8221;0px||||false|false&#8221; custom_padding=&#8221;0px||||false|false&#8221; da_disable_devices=&#8221;off|off|off&#8221; global_colors_info=&#8221;{}&#8221; da_is_popup=&#8221;off&#8221; da_exit_intent=&#8221;off&#8221; da_has_close=&#8221;on&#8221; da_alt_close=&#8221;off&#8221; da_dark_close=&#8221;off&#8221; da_not_modal=&#8221;on&#8221; da_is_singular=&#8221;off&#8221; da_with_loader=&#8221;off&#8221; da_has_shadow=&#8221;on&#8221;][et_pb_column type=&#8221;3_4&#8243; specialty_columns=&#8221;3&#8243; _builder_version=&#8221;4.16&#8243; custom_padding=&#8221;|||&#8221; global_colors_info=&#8221;{}&#8221; custom_padding__hover=&#8221;|||&#8221;][et_pb_row_inner custom_padding_last_edited=&#8221;on|phone&#8221; _builder_version=&#8221;4.24.3&#8243; _module_preset=&#8221;default&#8221; module_alignment=&#8221;center&#8221; custom_padding=&#8221;|50px|4px||false|false&#8221; custom_padding_tablet=&#8221;|50px|4px||false|false&#8221; custom_padding_phone=&#8221;|0px|||false|false&#8221; border_color_all=&#8221;gcid-b1ace166-c11d-4c70-a679-55884e9ca298&#8243; border_style_all=&#8221;dotted&#8221; border_width_right=&#8221;3px&#8221; border_color_right=&#8221;gcid-b1ace166-c11d-4c70-a679-55884e9ca298&#8243; border_width_right_tablet=&#8221;3px&#8221; border_width_right_phone=&#8221;0px&#8221; border_width_right_last_edited=&#8221;on|desktop&#8221; collapsed=&#8221;off&#8221; global_colors_info=&#8221;{%22gcid-b1ace166-c11d-4c70-a679-55884e9ca298%22:%91%22border_color_all%22,%22border_color_right%22%93}&#8221;][et_pb_column_inner saved_specialty_column_type=&#8221;3_4&#8243; _builder_version=&#8221;4.24.3&#8243; _module_preset=&#8221;default&#8221; global_colors_info=&#8221;{}&#8221;][et_pb_text admin_label=&#8221;T\u00cdTULO NOTICIA&#8221; _builder_version=&#8221;4.27.4&#8243; _module_preset=&#8221;default&#8221; header_font=&#8221;Titulo Itaka-Escolapios|700|||||||&#8221; header_text_align=&#8221;center&#8221; header_text_color=&#8221;gcid-cca90ba6-297c-4d63-9e2c-8201011ef870&#8243; header_font_size=&#8221;50px&#8221; custom_margin=&#8221;||20px||false|false&#8221; custom_margin_tablet=&#8221;||20px||false|false&#8221; custom_margin_phone=&#8221;||20px||false|false&#8221; custom_margin_last_edited=&#8221;on|desktop&#8221; header_font_size_tablet=&#8221;55px&#8221; header_font_size_phone=&#8221;35px&#8221; header_font_size_last_edited=&#8221;on|phone&#8221; content_en_us=&#8221;<\/p>\n<h1><b><span>Itaka Escolapios and the Church&#8217;s Social Action Network: United to Build Peace and Hope<\/span><\/b><\/h1>\n<p>&#8221; content_fr_fr=&#8221;<\/p>\n<h1><strong>Itaka Escolapios et le R\u00e9seau d&#8217;Action Sociale de l&#8217;\u00c9glise : Unis pour Construire la Paix et l&#8217;Espoir<\/strong><\/h1>\n<p>&#8221; content_eu=&#8221;<\/p>\n<h1><b><span>Itaka Escolapios eta Elizaren Gizarte Ekintzako Sarea: Bakea eta Itxaropena Eraikitzeko Batuak<\/span><\/b><\/h1>\n<p>&#8221; content_ca=&#8221;<\/p>\n<h1><strong>Itaka Escolapios i la Xarxa d&#8217;Acci\u00f3 Social de l&#8217;Esgl\u00e9sia: Units per a Construir Pau i Esperan\u00e7a<\/strong><\/h1>\n<p>&#8221; content_pt_br=&#8221;<\/p>\n<h1><b><span>Itaka Escolapios e a Rede de A\u00e7\u00e3o Social da Igreja: Unidos para Construir Paz e Esperan\u00e7a<\/span><\/b><\/h1>\n<p>&#8221; global_colors_info=&#8221;{%22gcid-cca90ba6-297c-4d63-9e2c-8201011ef870%22:%91%22header_text_color%22%93}&#8221;]<\/p>\n<h1><strong>Itaka Escolapios y la Red de Acci\u00f3n Social de la Iglesia: Unidos para Construir Paz y Esperanza<\/strong><\/h1>\n<p>[\/et_pb_text][et_pb_text admin_label=&#8221;Fecha noticia no tocar&#8221; _builder_version=&#8221;4.27.4&#8243; _dynamic_attributes=&#8221;content&#8221; _module_preset=&#8221;default&#8221; text_font=&#8221;Titulo Itaka-Escolapios|700|||||||&#8221; text_text_color=&#8221;gcid-cca90ba6-297c-4d63-9e2c-8201011ef870&#8243; text_font_size=&#8221;16px&#8221; text_orientation=&#8221;right&#8221; global_colors_info=&#8221;{%22gcid-cca90ba6-297c-4d63-9e2c-8201011ef870%22:%91%22text_text_color%22%93}&#8221;]@ET-DC@eyJkeW5hbWljIjp0cnVlLCJjb250ZW50IjoicG9zdF9kYXRlIiwic2V0dGluZ3MiOnsiYmVmb3JlIjoiIiwiYWZ0ZXIiOiIiLCJkYXRlX2Zvcm1hdCI6ImRlZmF1bHQiLCJjdXN0b21fZGF0ZV9mb3JtYXQiOiIiLCJlbmFibGVfaHRtbCI6Im9mZiJ9fQ==@[\/et_pb_text][\/et_pb_column_inner][\/et_pb_row_inner][et_pb_row_inner _builder_version=&#8221;4.27.4&#8243; _module_preset=&#8221;default&#8221; border_width_right=&#8221;3px&#8221; border_color_right=&#8221;gcid-b1ace166-c11d-4c70-a679-55884e9ca298&#8243; border_style_right=&#8221;dotted&#8221; collapsed=&#8221;off&#8221; global_colors_info=&#8221;{%22gcid-b1ace166-c11d-4c70-a679-55884e9ca298%22:%91%22border_color_right%22%93}&#8221;][et_pb_column_inner saved_specialty_column_type=&#8221;3_4&#8243; _builder_version=&#8221;4.27.4&#8243; _module_preset=&#8221;default&#8221; global_colors_info=&#8221;{}&#8221;][et_pb_text admin_label=&#8221;CUERPO NOTICIA&#8221; _builder_version=&#8221;4.27.4&#8243; _module_preset=&#8221;default&#8221; text_font=&#8221;&#8211;et_global_body_font||||||||&#8221; text_font_size=&#8221;16px&#8221; width=&#8221;100%&#8221; module_alignment=&#8221;center&#8221; custom_padding=&#8221;|60px|||false|false&#8221; text_font_size_tablet=&#8221;16px&#8221; text_font_size_phone=&#8221;16px&#8221; text_font_size_last_edited=&#8221;on|desktop&#8221; content_en_us=&#8221;<\/p>\n<p>Since 2021, the Itaka Escolapios Foundation has been an active member of the Red de Acci\u00f3n Social de la Iglesia venezolana (RASI)\u2014the Venezuelan Church&#8217;s Social Action Network\u2014a vital platform that brings together various Catholic organizations to highlight the social and humanitarian work carried out by the Church in the country. Our participation in this network is key to strengthening synergies and amplifying the impact of our mission in Venezuela.<\/p>\n<p>Last weekend, November 14 and 15, 2025, Itaka Escolapios was present at two important national gatherings promoted by RASI, focusing on building peace and restoring hope, inspired by the exemplary lives of Saint Jos\u00e9 Gregorio Hern\u00e1ndez and Saint Carmen Rendiles.<\/p>\n<p>Both gatherings centered on the fundamental pillars of our mission: Life, Health, and Education, as essential tools for the recovery of hope in the current context.<\/p>\n<p>Friday, November 14 \u2013 Barquisimeto: We participated in the regional meeting %22Constructors of Peace%22 (<em>Constructores de Paz<\/em>). A space for dialogue and training to articulate strategies that promote coexistence and local development.<\/p>\n<p>Saturday, November 15 \u2013 Caracas: We were present at the %22Jubilee of Hope%22 (<em>Jubileo de la Esperanza<\/em>). A day of national gathering that reaffirms the commitment of the Church and its organizations to the future of Venezuela.<\/p>\n<p>Together with other RASI organizations, we continue to cultivate hope, build peace, and work tirelessly for the well-being of Venezuelan communities.<\/p>\n<p>&#8221; content_fr_fr=&#8221;<\/p>\n<p>Depuis 2021, la Fondation Itaka Escolapios est membre actif du Red de Acci\u00f3n Social de la Iglesia venezolana (RASI)\u2014le R\u00e9seau d&#8217;Action Sociale de l&#8217;\u00c9glise v\u00e9n\u00e9zu\u00e9lienne\u2014une plateforme vitale qui regroupe diverses organisations catholiques afin de rendre visible le travail social et humanitaire r\u00e9alis\u00e9 par l&#8217;\u00c9glise dans le pays. Notre participation \u00e0 ce r\u00e9seau est essentielle pour renforcer les synergies et amplifier l&#8217;impact de notre mission au Venezuela.<\/p>\n<p>Le week-end dernier, les 14 et 15 novembre 2025, Itaka Escolapios \u00e9tait pr\u00e9sent \u00e0 deux importantes rencontres nationales promues par le RASI, ax\u00e9es sur la construction de la paix et la restauration de l&#8217;espoir, inspir\u00e9es par la vie exemplaire de Saint Jos\u00e9 Gregorio Hern\u00e1ndez et de Sainte Carmen Rendiles.<\/p>\n<p>Les deux rencontres se sont concentr\u00e9es sur les piliers fondamentaux de notre mission : Vie, Sant\u00e9 et \u00c9ducation, en tant qu&#8217;outils essentiels pour le recouvrement de l&#8217;espoir dans le contexte actuel.<\/p>\n<p>Vendredi 14 novembre \u2013 Barquisimeto : Nous avons particip\u00e9 \u00e0 la rencontre r\u00e9gionale \u00ab B\u00e2tisseurs de Paix \u00bb (<em>Constructores de Paz<\/em>). Un espace de dialogue et de formation pour articuler des strat\u00e9gies qui promeuvent la coexistence et le d\u00e9veloppement local.<\/p>\n<p>Samedi 15 novembre \u2013 Caracas : Nous \u00e9tions pr\u00e9sents au \u00ab Jubil\u00e9 de l&#8217;Espoir \u00bb (<em>Jubileo de la Esperanza<\/em>). Une journ\u00e9e de rencontre nationale qui r\u00e9affirme l&#8217;engagement de l&#8217;\u00c9glise et de ses organisations envers l&#8217;avenir du Venezuela.<\/p>\n<p>En collaboration avec d&#8217;autres organisations du RASI, nous continuons \u00e0 cultiver l&#8217;espoir, \u00e0 construire la paix et \u00e0 travailler sans rel\u00e2che pour le bien-\u00eatre des communaut\u00e9s v\u00e9n\u00e9zu\u00e9liennes.<\/p>\n<p>&#8221; content_eu=&#8221;<\/p>\n<p>2021az geroztik, Itaka Escolapios Fundazioa Venezuelako Elizaren Gizarte Ekintzako Sarea (RASI) izenekoaren kide aktiboa da. Plataforma horrek hainbat erakunde katoliko biltzen ditu, Elizak herrialdean egiten duen gizarte eta laguntza lana ikusarazteko. Sare horretan parte hartzea funtsezkoa da sinergiak indartzeko eta Venezuelan dugun misioaren eragina zabaltzeko.<\/p>\n<p>Joan den asteburuan, 2025eko azaroaren 14an eta 15ean, Itaka Escolapios RASIk sustatutako bi topaketa nazional garrantzitsutan izan zen, bakearen eraikuntzan eta itxaropenaren berreskurapenean zentratuak, San Jos\u00e9 Gregorio Hern\u00e1ndez eta Santa Carmen Rendiles santuen bizitza eredugarrian inspiratuta.<\/p>\n<p>Bi topaketek gure misioaren oinarrizko zutabeak izan zituzten ardatz: Bizitza, Osasuna eta Hezkuntza, egungo testuinguruan itxaropena berreskuratzeko funtsezko tresna gisa.<\/p>\n<p>Azaroak 14, ostirala \u2013 Barquisimeto: Eskualdeko \u00abBakearen Eraikitzaileak\u00bb (<em>Constructores de Paz<\/em>) topaketan parte hartu genuen. Elkarbizitza eta tokiko garapena sustatzeko estrategiak artikulatzeko elkarrizketa eta prestakuntza gunea.<\/p>\n<p>Azaroak 15, larunbata \u2013 Caracas: \u00abItxaropenaren Jubileua\u00bb (<em>Jubileo de la Esperanza<\/em>) izenekoan izan ginen. Egun osoko topaketa nazionala, Elizak eta bere erakundeek Venezuelako etorkizunarekin duten konpromisoa berresten duena.<\/p>\n<p>RASIko beste erakunde batzuekin batera, itxaropena lantzen, bakea eraikitzen eta Venezuelako komunitateen ongizatearen alde etengabe lanean jarraitzen dugu.<\/p>\n<p>&#8221; content_ca=&#8221;<\/p>\n<p>Des de l&#8217;any 2021, la Fundaci\u00f3 Itaka Escolapios \u00e9s membre actiu de la Xarxa d&#8217;Acci\u00f3 Social de l&#8217;Esgl\u00e9sia vene\u00e7olana (RASI), una plataforma vital que agrupa diverses organitzacions cat\u00f2liques per a visibilitzar el treball social i humanitari que realitza l&#8217;Esgl\u00e9sia al pa\u00eds. La nostra participaci\u00f3 en aquesta xarxa \u00e9s clau per a enfortir sinergies i amplificar l&#8217;impacte de la nostra missi\u00f3 a Vene\u00e7uela.<\/p>\n<p>El passat cap de setmana, 14 i 15 de novembre del 2025, Itaka Escolapios va dir present en dos importants encontres nacionals impulsats per la RASI, centrats en la construcci\u00f3 de la pau i la restauraci\u00f3 de l&#8217;esperan\u00e7a, inspirats per la vida exemplar de Sant Jos\u00e9 Gregorio Hern\u00e1ndez i Santa Carmen Rendiles.<\/p>\n<p>Ambd\u00f3s encontres es van enfocar en els pilars fonamentals de la nostra missi\u00f3: Vida, Salut i Educaci\u00f3, com a ferramentes essencials per a la recuperaci\u00f3 de l&#8217;esperan\u00e7a en el context actual.<\/p>\n<p>Divendres 14 de novembre \u2013 Barquisimeto: Vam participar en l&#8217;encontre regional \u00abConstructors de Pau\u00bb (<em>Constructores de Paz<\/em>). Un espai de di\u00e0leg i formaci\u00f3 per a articular estrat\u00e8gies que promoguen la conviv\u00e8ncia i el desenvolupament local.<\/p>\n<p>Dissabte 15 de novembre \u2013 Caracas: Vam estar presents en el \u00abJubileu de l&#8217;Esperan\u00e7a\u00bb (<em>Jubileo de la Esperanza<\/em>). Una jornada d&#8217;encontre nacional que reafirma el comprom\u00eds de l&#8217;Esgl\u00e9sia i les seues organitzacions amb el futur de Vene\u00e7uela.<\/p>\n<p>Juntament amb altres organitzacions de la RASI, continuem cultivant esperan\u00e7a, construint la pau i treballant incansablement pel benestar de les comunitats vene\u00e7olanes.<\/p>\n<p>&#8221; content_pt_br=&#8221;<\/p>\n<p>Desde o ano de 2021, a Funda\u00e7\u00e3o Itaka Escolapios \u00e9 membro ativo da Rede de A\u00e7\u00e3o Social da Igreja venezuelana (RASI), uma plataforma vital que agrupa diversas organiza\u00e7\u00f5es cat\u00f3licas para dar visibilidade ao trabalho social e humanit\u00e1rio realizado pela Igreja no pa\u00eds. Nossa participa\u00e7\u00e3o nesta rede \u00e9 fundamental para fortalecer sinergias e ampliar o impacto de nossa miss\u00e3o na Venezuela.<\/p>\n<p>No \u00faltimo fim de semana, 14 e 15 de novembro de 2025, a Itaka Escolapios marcou presen\u00e7a em dois importantes encontros nacionais promovidos pela RASI, focados na constru\u00e7\u00e3o da paz e na restaura\u00e7\u00e3o da esperan\u00e7a, inspirados pela vida exemplar de S\u00e3o Jos\u00e9 Gregorio Hern\u00e1ndez e Santa Carmen Rendiles.<\/p>\n<p>Ambos os encontros se concentraram nos pilares fundamentais de nossa miss\u00e3o: Vida, Sa\u00fade e Educa\u00e7\u00e3o, como ferramentas essenciais para a recupera\u00e7\u00e3o da esperan\u00e7a no contexto atual.<\/p>\n<p>Sexta-feira, 14 de novembro \u2013 Barquisimeto: Participamos do encontro regional %22Construtores da Paz%22 (<em>Constructores de Paz<\/em>). Um espa\u00e7o de di\u00e1logo e forma\u00e7\u00e3o para articular estrat\u00e9gias que promovam a conviv\u00eancia e o desenvolvimento local.<\/p>\n<p>S\u00e1bado, 15 de novembro \u2013 Caracas: Estivemos presentes no %22Jubileu da Esperan\u00e7a%22 (<em>Jubileo de la Esperanza<\/em>). Uma jornada de encontro nacional que reafirma o compromisso da Igreja e de suas organiza\u00e7\u00f5es com o futuro da Venezuela.<\/p>\n<p>Junto a outras organiza\u00e7\u00f5es da RASI, continuamos cultivando esperan\u00e7a, construindo a paz e trabalhando incansavelmente pelo bem-estar das comunidades venezuelanas.<\/p>\n<p>&#8221; global_colors_info=&#8221;{}&#8221;]<\/p>\n<p>Desde el a\u00f1o 2021, la Fundaci\u00f3n Itaka Escolapios es miembro activo de la Red de Acci\u00f3n Social de la Iglesia venezolana (RASI), una plataforma vital que agrupa a diversas organizaciones cat\u00f3licas para visibilizar el trabajo social y humanitario que realiza la Iglesia en el pa\u00eds.<\/p>\n<p>Nuestra participaci\u00f3n en esta red es clave para fortalecer sinergias y amplificar el impacto de nuestra misi\u00f3n en Venezuela.<\/p>\n<p>El pasado fin de semana, 14 y 15 de noviembre 2025, Itaka Escolapios dijo presente en dos importantes encuentros nacionales impulsados por la RASI, centrados en la construcci\u00f3n de la paz y la restauraci\u00f3n de la esperanza, inspirados por la vida ejemplar de San Jos\u00e9 Gregorio Hern\u00e1ndez y Santa Carmen Rendiles.<\/p>\n<p>Ambos encuentros se enfocaron en los pilares fundamentales de nuestra misi\u00f3n: Vida, Salud y Educaci\u00f3n, como herramientas esenciales para la recuperaci\u00f3n de la esperanza en el contexto actual.<\/p>\n<p>Viernes 14 de noviembre \u2013 Barquisimeto: Participamos en el encuentro regional &#8220;Constructores de Paz&#8221;. Un espacio de di\u00e1logo y formaci\u00f3n para articular estrategias que promuevan la convivencia y el desarrollo local.<\/p>\n<p>S\u00e1bado 15 de noviembre \u2013 Caracas: Estuvimos presentes en el &#8220;Jubileo de la Esperanza&#8221;. Una jornada de encuentro nacional que reafirma el compromiso de la Iglesia y sus organizaciones con el futuro de Venezuela.<\/p>\n<p>Junto a otras organizaciones de la RASI, seguimos cultivando esperanza, construyendo la paz y trabajando incansablemente por el bienestar de las comunidades venezolanas.<\/p>\n<p>[\/et_pb_text][\/et_pb_column_inner][\/et_pb_row_inner][et_pb_row_inner admin_label=&#8221;Im\u00e1genes sede&#8221; _builder_version=&#8221;4.27.4&#8243; _module_preset=&#8221;default&#8221; custom_padding=&#8221;20px||||false|false&#8221; border_width_right=&#8221;3px&#8221; border_color_right=&#8221;gcid-b1ace166-c11d-4c70-a679-55884e9ca298&#8243; border_style_right=&#8221;dotted&#8221; border_width_right_tablet=&#8221;3px&#8221; border_width_right_phone=&#8221;0px&#8221; border_width_right_last_edited=&#8221;on|desktop&#8221; collapsed=&#8221;off&#8221; global_colors_info=&#8221;{%22gcid-b1ace166-c11d-4c70-a679-55884e9ca298%22:%91%22border_color_right%22%93}&#8221;][et_pb_column_inner saved_specialty_column_type=&#8221;3_4&#8243; _builder_version=&#8221;4.27.4&#8243; _module_preset=&#8221;default&#8221; global_colors_info=&#8221;{}&#8221;][difl_imagecarousel item_desktop=&#8221;2&#8243; item_tablet=&#8221;1&#8243; loop=&#8221;on&#8221; dots=&#8221;on&#8221; use_lightbox=&#8221;on&#8221; arrow_color=&#8221;gcid-b1ace166-c11d-4c70-a679-55884e9ca298&#8243; dots_color=&#8221;gcid-cca90ba6-297c-4d63-9e2c-8201011ef870&#8243; active_dots_color=&#8221;gcid-b1ace166-c11d-4c70-a679-55884e9ca298&#8243; _builder_version=&#8221;4.27.4&#8243; _module_preset=&#8221;default&#8221; overflow-x=&#8221;hidden&#8221; overflow-y=&#8221;hidden&#8221; custom_margin=&#8221;|60px|||false|false&#8221; custom_margin_tablet=&#8221;|60px|||false|false&#8221; custom_margin_phone=&#8221;|60px|||false|false&#8221; custom_margin_last_edited=&#8221;on|desktop&#8221; custom_css_free_form=&#8221;selector .df_ici_container {margin: 0 auto;}&#8221; global_colors_info=&#8221;{%22gcid-b1ace166-c11d-4c70-a679-55884e9ca298%22:%91%22arrow_color%22,%22active_dots_color%22%93,%22gcid-cca90ba6-297c-4d63-9e2c-8201011ef870%22:%91%22dots_color%22%93}&#8221;][difl_imagecarouselitem image=&#8221;https:\/\/www.itakaescolapios.org\/wp-content\/uploads\/2025\/11\/4956487475173985080-e1763713421139.jpg&#8221; ic_button_button_url_new_window=&#8221;1&#8243; _builder_version=&#8221;4.27.4&#8243; _module_preset=&#8221;default&#8221; global_colors_info=&#8221;{}&#8221;][\/difl_imagecarouselitem][difl_imagecarouselitem image=&#8221;https:\/\/www.itakaescolapios.org\/wp-content\/uploads\/2025\/11\/4956487475173985081-e1763713532271.jpg&#8221; ic_button_button_url_new_window=&#8221;1&#8243; _builder_version=&#8221;4.27.4&#8243; _module_preset=&#8221;default&#8221; global_colors_info=&#8221;{}&#8221;][\/difl_imagecarouselitem][difl_imagecarouselitem image=&#8221;https:\/\/www.itakaescolapios.org\/wp-content\/uploads\/2025\/11\/4956487475173985083-e1763664593530.jpg&#8221; ic_button_button_url_new_window=&#8221;1&#8243; _builder_version=&#8221;4.27.4&#8243; _module_preset=&#8221;default&#8221; global_colors_info=&#8221;{}&#8221;][\/difl_imagecarouselitem][difl_imagecarouselitem image=&#8221;https:\/\/www.itakaescolapios.org\/wp-content\/uploads\/2025\/11\/Voluntarios-participacion-Rasi-Bqto.jpg&#8221; ic_button_button_url_new_window=&#8221;1&#8243; _builder_version=&#8221;4.27.4&#8243; _module_preset=&#8221;default&#8221; global_colors_info=&#8221;{}&#8221;][\/difl_imagecarouselitem][difl_imagecarouselitem image=&#8221;https:\/\/www.itakaescolapios.org\/wp-content\/uploads\/2025\/11\/Encuentro-Constructores-de-Paz-Bqto.jpg&#8221; ic_button_button_url_new_window=&#8221;1&#8243; _builder_version=&#8221;4.27.4&#8243; _module_preset=&#8221;default&#8221; global_colors_info=&#8221;{}&#8221;][\/difl_imagecarouselitem][\/difl_imagecarousel][\/et_pb_column_inner][\/et_pb_row_inner][et_pb_row_inner _builder_version=&#8221;4.24.3&#8243; _module_preset=&#8221;default&#8221; custom_padding=&#8221;20px||||false|false&#8221; border_width_right=&#8221;3px&#8221; border_color_right=&#8221;gcid-b1ace166-c11d-4c70-a679-55884e9ca298&#8243; border_style_right=&#8221;dotted&#8221; border_width_right_tablet=&#8221;3px&#8221; border_width_right_phone=&#8221;0px&#8221; border_width_right_last_edited=&#8221;on|desktop&#8221; collapsed=&#8221;on&#8221; global_colors_info=&#8221;{%22gcid-b1ace166-c11d-4c70-a679-55884e9ca298%22:%91%22border_color_right%22%93}&#8221;][et_pb_column_inner saved_specialty_column_type=&#8221;3_4&#8243; _builder_version=&#8221;4.24.3&#8243; _module_preset=&#8221;default&#8221; global_colors_info=&#8221;{}&#8221;][et_pb_text admin_label=&#8221;L\u00ednea divisoria&#8221; _builder_version=&#8221;4.27.4&#8243; _module_preset=&#8221;default&#8221; header_font=&#8221;IBM Plex Sans|700|||||||&#8221; header_text_color=&#8221;gcid-cca90ba6-297c-4d63-9e2c-8201011ef870&#8243; header_font_size=&#8221;40px&#8221; custom_margin=&#8221;|30px|||false|false&#8221; header_font_size_tablet=&#8221;55px&#8221; header_font_size_phone=&#8221;30px&#8221; header_font_size_last_edited=&#8221;on|phone&#8221; border_width_bottom=&#8221;3px&#8221; border_color_bottom=&#8221;gcid-b1ace166-c11d-4c70-a679-55884e9ca298&#8243; border_style_bottom=&#8221;dotted&#8221; global_colors_info=&#8221;{%22gcid-cca90ba6-297c-4d63-9e2c-8201011ef870%22:%91%22header_text_color%22%93,%22gcid-b1ace166-c11d-4c70-a679-55884e9ca298%22:%91%22border_color_bottom%22%93}&#8221;][\/et_pb_text][difl_imagecarousel item_desktop=&#8221;3&#8243; admin_label=&#8221;Campa\u00f1a, educa y voluntariado&#8221; _builder_version=&#8221;4.27.4&#8243; _module_preset=&#8221;default&#8221; width_tablet=&#8221;&#8221; width_phone=&#8221;100%&#8221; width_last_edited=&#8221;on|desktop&#8221; custom_margin=&#8221;|62px|||false|false&#8221; custom_margin_tablet=&#8221;|62px|||false|false&#8221; custom_margin_phone=&#8221;|62px|||false|false&#8221; custom_margin_last_edited=&#8221;on|desktop&#8221; global_module=&#8221;316782&#8243; global_colors_info=&#8221;{}&#8221; custom_margin__hover_enabled=&#8221;off|desktop&#8221; custom_margin__hover=&#8221;|30px|||false|false&#8221;][difl_imagecarouselitem image=&#8221;https:\/\/www.itakaescolapios.org\/wp-content\/uploads\/2025\/02\/BANNERS-CAMPANA-INFERIOR-500500.jpg&#8221; ic_button_button_url_new_window=&#8221;1&#8243; _builder_version=&#8221;4.27.4&#8243; _module_preset=&#8221;default&#8221; link_option_url=&#8221;https:\/\/www.educa.itakaescolapios.org\/campanas\/2024-2025-abriendo-caminos&#8221; image_en_us=&#8221;https:\/\/www.itakaescolapios.org\/wp-content\/uploads\/2025\/02\/BANNERS-CAMPANA-INFERIOR-5005002.jpg&#8221; image_fr_fr=&#8221;https:\/\/www.itakaescolapios.org\/wp-content\/uploads\/2025\/02\/BANNERS-CAMPANA-INFERIOR-5005003.jpg&#8221; image_eu=&#8221;https:\/\/www.itakaescolapios.org\/wp-content\/uploads\/2025\/02\/BANNERS-CAMPANA-INFERIOR-5005006.jpg&#8221; image_ca=&#8221;https:\/\/www.itakaescolapios.org\/wp-content\/uploads\/2025\/02\/BANNERS-CAMPANA-INFERIOR-5005005.jpg&#8221; image_pt_br=&#8221;https:\/\/www.itakaescolapios.org\/wp-content\/uploads\/2025\/02\/BANNERS-CAMPANA-INFERIOR-5005004.jpg&#8221; global_colors_info=&#8221;{}&#8221;][\/difl_imagecarouselitem][difl_imagecarouselitem admin_label=&#8221;Voluntariado&#8221; image=&#8221;https:\/\/www.itakaescolapios.org\/wp-content\/uploads\/2025\/02\/BANNERS-VOLUNTARIADO-INFERIOR-500500.jpg&#8221; ic_button_button_url_new_window=&#8221;1&#8243; _builder_version=&#8221;4.27.4&#8243; _module_preset=&#8221;default&#8221; link_option_url=&#8221;https:\/\/www.itakaescolapios.org\/es\/haz-voluntariado\/&#8221; image_en_us=&#8221;https:\/\/www.itakaescolapios.org\/wp-content\/uploads\/2025\/02\/BANNERS-VOLUNTARIADO-INFERIOR-5005002.jpg&#8221; image_fr_fr=&#8221;https:\/\/www.itakaescolapios.org\/wp-content\/uploads\/2025\/02\/BANNERS-VOLUNTARIADO-INFERIOR-5005003.jpg&#8221; image_eu=&#8221;https:\/\/www.itakaescolapios.org\/wp-content\/uploads\/2025\/02\/BANNERS-VOLUNTARIADO-INFERIOR-5005006.jpg&#8221; image_ca=&#8221;https:\/\/www.itakaescolapios.org\/wp-content\/uploads\/2025\/02\/BANNERS-VOLUNTARIADO-INFERIOR-5005004.jpg&#8221; image_pt_br=&#8221;https:\/\/www.itakaescolapios.org\/wp-content\/uploads\/2025\/02\/BANNERS-VOLUNTARIADO-INFERIOR-5005005.jpg&#8221; global_colors_info=&#8221;{}&#8221;][\/difl_imagecarouselitem][difl_imagecarouselitem image=&#8221;https:\/\/www.itakaescolapios.org\/wp-content\/uploads\/2025\/02\/BANNERS-EDUCA-INFERIOR-500500.jpg&#8221; ic_button_button_url_new_window=&#8221;1&#8243; _builder_version=&#8221;4.27.4&#8243; _module_preset=&#8221;default&#8221; link_option_url=&#8221;https:\/\/www.educa.itakaescolapios.org\/&#8221; image_en_us=&#8221;https:\/\/www.itakaescolapios.org\/wp-content\/uploads\/2025\/02\/BANNERS-EDUCA-INFERIOR-5005002.jpg&#8221; image_fr_fr=&#8221;https:\/\/www.itakaescolapios.org\/wp-content\/uploads\/2025\/02\/BANNERS-EDUCA-INFERIOR-5005003.jpg&#8221; image_eu=&#8221;https:\/\/www.itakaescolapios.org\/wp-content\/uploads\/2025\/02\/BANNERS-EDUCA-INFERIOR-5005006.jpg&#8221; image_ca=&#8221;https:\/\/www.itakaescolapios.org\/wp-content\/uploads\/2025\/02\/BANNERS-EDUCA-INFERIOR-5005005.jpg&#8221; image_pt_br=&#8221;https:\/\/www.itakaescolapios.org\/wp-content\/uploads\/2025\/02\/BANNERS-EDUCA-INFERIOR-5005004.jpg&#8221; global_colors_info=&#8221;{}&#8221;][\/difl_imagecarouselitem][\/difl_imagecarousel][\/et_pb_column_inner][\/et_pb_row_inner][\/et_pb_column][et_pb_column type=&#8221;1_4&#8243; _builder_version=&#8221;4.16&#8243; custom_padding=&#8221;|||&#8221; global_colors_info=&#8221;{}&#8221; custom_padding__hover=&#8221;|||&#8221;][difl_imagecarousel item_desktop=&#8221;1&#8243; item_tablet=&#8221;1&#8243; loop=&#8221;on&#8221; autoplay=&#8221;on&#8221; autospeed=&#8221;3500&#8243; dots=&#8221;on&#8221; dots_color=&#8221;gcid-cca90ba6-297c-4d63-9e2c-8201011ef870&#8243; active_dots_color=&#8221;gcid-b1ace166-c11d-4c70-a679-55884e9ca298&#8243; dots_gap=&#8221;21px&#8221; item_wrapper_padding=&#8221;||15px||false|false&#8221; admin_label=&#8221;Ser miembro y newsletter&#8221; module_class=&#8221;extiendeenlacedeboton&#8221; _builder_version=&#8221;4.27.4&#8243; _module_preset=&#8221;default&#8221; global_module=&#8221;51656&#8243; saved_tabs=&#8221;all&#8221; locked=&#8221;off&#8221; global_colors_info=&#8221;{%22gcid-cca90ba6-297c-4d63-9e2c-8201011ef870%22:%91%22dots_color%22%93,%22gcid-b1ace166-c11d-4c70-a679-55884e9ca298%22:%91%22active_dots_color%22%93}&#8221;][difl_imagecarouselitem image=&#8221;https:\/\/www.itakaescolapios.org\/wp-content\/uploads\/2025\/02\/banners-500&#215;500-esp.jpg&#8221; ic_button_button_text=&#8221;bot&#8221; ic_button_button_url=&#8221;\/es\/colabora&#8221; ic_button_button_url_new_window=&#8221;1&#8243; _builder_version=&#8221;4.27.4&#8243; _module_preset=&#8221;default&#8221; image_en_us=&#8221;https:\/\/www.itakaescolapios.org\/wp-content\/uploads\/2025\/02\/banners-500&#215;500-eng.jpg&#8221; ic_button_button_text_en_us=&#8221;bot&#8221; image_fr_fr=&#8221;https:\/\/www.itakaescolapios.org\/wp-content\/uploads\/2025\/02\/banners-500&#215;500-fra.jpg&#8221; ic_button_button_text_fr_fr=&#8221;bot&#8221; image_eu=&#8221;https:\/\/www.itakaescolapios.org\/wp-content\/uploads\/2025\/02\/banners-500&#215;500-eusk.jpg&#8221; ic_button_button_text_eu=&#8221;bot&#8221; image_ca=&#8221;https:\/\/www.itakaescolapios.org\/wp-content\/uploads\/2025\/02\/banners-500&#215;500-val.jpg&#8221; ic_button_button_text_ca=&#8221;bot&#8221; image_pt_br=&#8221;https:\/\/www.itakaescolapios.org\/wp-content\/uploads\/2025\/02\/banners-500&#215;500-port.jpg&#8221; ic_button_button_text_pt_br=&#8221;bot&#8221; global_colors_info=&#8221;{}&#8221;][\/difl_imagecarouselitem][difl_imagecarouselitem image=&#8221;https:\/\/www.itakaescolapios.org\/wp-content\/uploads\/2025\/02\/banners-500&#215;500-esp2.png&#8221; ic_button_button_text=&#8221;bot&#8221; ic_button_button_url=&#8221;\/es\/suscribete\/&#8221; ic_button_button_url_new_window=&#8221;1&#8243; _builder_version=&#8221;4.27.4&#8243; _module_preset=&#8221;default&#8221; image_en_us=&#8221;https:\/\/www.itakaescolapios.org\/wp-content\/uploads\/2025\/02\/banners-500&#215;500-eng2.jpg&#8221; ic_button_button_text_en_us=&#8221;bot&#8221; image_fr_fr=&#8221;https:\/\/www.itakaescolapios.org\/wp-content\/uploads\/2025\/02\/banners-500&#215;500-fra2.jpg&#8221; ic_button_button_text_fr_fr=&#8221;bot&#8221; image_eu=&#8221;https:\/\/www.itakaescolapios.org\/wp-content\/uploads\/2025\/02\/banners-500&#215;500-eusk2.jpg&#8221; ic_button_button_text_eu=&#8221;bot&#8221; image_ca=&#8221;https:\/\/www.itakaescolapios.org\/wp-content\/uploads\/2025\/02\/banners-500&#215;500-val2.jpg&#8221; ic_button_button_text_ca=&#8221;bot&#8221; image_pt_br=&#8221;https:\/\/www.itakaescolapios.org\/wp-content\/uploads\/2025\/02\/banners-500&#215;500-port2.jpg&#8221; ic_button_button_text_pt_br=&#8221;bot&#8221; global_colors_info=&#8221;{}&#8221;][\/difl_imagecarouselitem][\/difl_imagecarousel][et_pb_text admin_label=&#8221;Texto %22\u00daltimas noticias%22&#8243; _builder_version=&#8221;4.25.0&#8243; _module_preset=&#8221;default&#8221; header_font=&#8221;IBM Plex Sans|700|||||||&#8221; header_text_color=&#8221;gcid-cca90ba6-297c-4d63-9e2c-8201011ef870&#8243; header_font_size=&#8221;40px&#8221; custom_margin=&#8221;||||false|false&#8221; header_font_size_tablet=&#8221;55px&#8221; header_font_size_phone=&#8221;30px&#8221; header_font_size_last_edited=&#8221;on|phone&#8221; content_en_us=&#8221;<\/p>\n<h1>Last news<\/h1>\n<p>&#8221; content_fr_fr=&#8221;<\/p>\n<h1>Derni\u00e8res nouvelles<\/h1>\n<p>&#8221; content_eu=&#8221;<\/p>\n<h1>Azken berriak<\/h1>\n<p>&#8221; content_ca=&#8221;<\/p>\n<h1>\u00daltimes not\u00edcies<\/h1>\n<p>&#8221; content_pt_br=&#8221;<\/p>\n<h1>\u00daltimas not\u00edcias<\/h1>\n<p>&#8221; border_width_bottom=&#8221;3px&#8221; border_color_bottom=&#8221;gcid-b1ace166-c11d-4c70-a679-55884e9ca298&#8243; border_style_bottom=&#8221;dotted&#8221; global_module=&#8221;50904&#8243; saved_tabs=&#8221;all&#8221; global_colors_info=&#8221;{%22gcid-cca90ba6-297c-4d63-9e2c-8201011ef870%22:%91%22header_text_color%22,%22header_text_color%22%93,%22gcid-b1ace166-c11d-4c70-a679-55884e9ca298%22:%91%22border_color_bottom%22%93}&#8221;]<\/p>\n<h1>\u00daltimas noticias<\/h1>\n<p>[\/et_pb_text][difl_blogcarousel posts_number=&#8221;6&#8243; post_display=&#8221;by_category&#8221; use_image_as_background=&#8221;on&#8221; item_desktop=&#8221;1&#8243; item_tablet=&#8221;1&#8243; loop=&#8221;on&#8221; dots=&#8221;on&#8221; equal_height=&#8221;on&#8221; item_background_bgcolor=&#8221;rgba(175,196,16,0.9)&#8221; arrow_color=&#8221;#FFFFFF&#8221; arrow_background=&#8221;gcid-cca90ba6-297c-4d63-9e2c-8201011ef870&#8243; arrow_circle=&#8221;on&#8221; arrow_prev_icon_use_icon=&#8221;off&#8221; arrow_prev_margin=&#8221;|||-70px|false|false&#8221; arrow_prev_margin_tablet=&#8221;&#8221; arrow_prev_margin_phone=&#8221;|||0px|false|false&#8221; arrow_prev_margin_last_edited=&#8221;on|phone&#8221; arrow_next_margin=&#8221;|-70px|||false|false&#8221; arrow_next_margin_tablet=&#8221;&#8221; arrow_next_margin_phone=&#8221;|0px|||false|false&#8221; arrow_next_margin_last_edited=&#8221;on|phone&#8221; large_active_dot=&#8221;on&#8221; dots_color=&#8221;gcid-cca90ba6-297c-4d63-9e2c-8201011ef870&#8243; active_dots_color=&#8221;gcid-b1ace166-c11d-4c70-a679-55884e9ca298&#8243; wrapper_padding=&#8221;||15px||false|false&#8221; item_wrapper_padding=&#8221;300px||||false|false&#8221; item_padding=&#8221;20px||||false|false&#8221; admin_label=&#8221;AQU\u00cd CAMBIA LA CATEGOR\u00cdA&#8221; _builder_version=&#8221;4.27.4&#8243; _module_preset=&#8221;default&#8221; border_radii_item_outer=&#8221;on|8px|8px|8px|8px&#8221; global_colors_info=&#8221;{%22gcid-b1ace166-c11d-4c70-a679-55884e9ca298%22:%91%22item_background_bgcolor%22,%22active_dots_color%22%93}&#8221;][difl_postitem type=&#8221;title&#8221; element_padding=&#8221;10px|10px||10px|false|true&#8221; _builder_version=&#8221;4.27.4&#8243; _module_preset=&#8221;default&#8221; post_font_style_font=&#8221;Merriweather|900|||||||&#8221; post_font_style_text_color=&#8221;#FFFFFF&#8221; post_font_style_font_size=&#8221;20px&#8221; post_font_style_line_height=&#8221;22px&#8221; background_color=&#8221;RGBA(255,255,255,0)&#8221; background_enable_color=&#8221;on&#8221; text_orientation=&#8221;center&#8221; global_colors_info=&#8221;{}&#8221;][\/difl_postitem][difl_postitem type=&#8221;date&#8221; date_format=&#8221;j-F-Y&#8221; meta_display=&#8221;block&#8221; use_icon=&#8221;on&#8221; font_icon=&#8221;&#xe023;||divi||400&#8243; icon_color=&#8221;#FFFFFF&#8221; element_padding=&#8221;|10px||10px|false|true&#8221; _builder_version=&#8221;4.27.4&#8243; _module_preset=&#8221;default&#8221; post_font_style_font=&#8221;IBM Plex Sans|700|||||||&#8221; post_font_style_text_color=&#8221;#FFFFFF&#8221; post_font_style_font_size=&#8221;12px&#8221; background_color=&#8221;RGBA(255,255,255,0)&#8221; background_enable_color=&#8221;on&#8221; text_orientation=&#8221;right&#8221; global_colors_info=&#8221;{}&#8221;][\/difl_postitem][\/difl_blogcarousel][et_pb_text admin_label=&#8221;Texto %22S\u00edguenos%22&#8243; _builder_version=&#8221;4.27.4&#8243; _module_preset=&#8221;default&#8221; header_font=&#8221;IBM Plex Sans|600|||||||&#8221; header_text_color=&#8221;#FFFFFF&#8221; background_color=&#8221;gcid-cca90ba6-297c-4d63-9e2c-8201011ef870&#8243; custom_margin=&#8221;0px||0px||true|false&#8221; custom_padding=&#8221;20px||||false|false&#8221; content_en_us=&#8221;<\/p>\n<h1>Follow us<\/h1>\n<p>&#8221; content_fr_fr=&#8221;<\/p>\n<h1>Suivez-nous sur<\/h1>\n<p>&#8221; content_eu=&#8221;<\/p>\n<h1>Jarraitu<\/h1>\n<p>&#8221; content_ca=&#8221;<\/p>\n<h1>Segueix-nos<\/h1>\n<p>&#8221; content_pt_br=&#8221;<\/p>\n<h1>Siga-nos em<\/h1>\n<p>&#8221; border_radii=&#8221;off||15px||&#8221; global_colors_info=&#8221;{%22gcid-cca90ba6-297c-4d63-9e2c-8201011ef870%22:%91%22background_color%22%93}&#8221;]<\/p>\n<h1 style=\"text-align: center\">S\u00edguenos<\/h1>\n<p>[\/et_pb_text][et_pb_social_media_follow admin_label=&#8221;REDES SOCIALES SEDE&#8221; module_class=&#8221;redes-portada-sede&#8221; _builder_version=&#8221;4.27.4&#8243; _module_preset=&#8221;default&#8221; background_color=&#8221;gcid-cca90ba6-297c-4d63-9e2c-8201011ef870&#8243; text_orientation=&#8221;center&#8221; custom_margin=&#8221;0px||||false|false&#8221; custom_padding=&#8221;15px||15px||true|false&#8221; custom_css_free_form=&#8221;.redes-portada-sede.et_pb_module {border-bottom-left-radius: 15px !important;}&#8221; border_radii=&#8221;off|15px|15px|15px|15px&#8221; global_colors_info=&#8221;{%22gcid-cca90ba6-297c-4d63-9e2c-8201011ef870%22:%91%22background_color%22%93}&#8221;][et_pb_social_media_follow_network social_network=&#8221;facebook&#8221; icon_color=&#8221;gcid-cca90ba6-297c-4d63-9e2c-8201011ef870&#8243; _builder_version=&#8221;4.27.4&#8243; _module_preset=&#8221;default&#8221; background_color=&#8221;#FFFFFF&#8221; background_enable_color=&#8221;on&#8221; global_colors_info=&#8221;{%22gcid-cca90ba6-297c-4d63-9e2c-8201011ef870%22:%91%22icon_color%22%93}&#8221; follow_button=&#8221;off&#8221; url_new_window=&#8221;on&#8221;]facebook[\/et_pb_social_media_follow_network][et_pb_social_media_follow_network social_network=&#8221;instagram&#8221; icon_color=&#8221;gcid-cca90ba6-297c-4d63-9e2c-8201011ef870&#8243; _builder_version=&#8221;4.24.3&#8243; _module_preset=&#8221;default&#8221; background_color=&#8221;#FFFFFF&#8221; background_enable_color=&#8221;on&#8221; global_colors_info=&#8221;{%22gcid-cca90ba6-297c-4d63-9e2c-8201011ef870%22:%91%22icon_color%22%93}&#8221; follow_button=&#8221;off&#8221; url_new_window=&#8221;on&#8221;]instagram[\/et_pb_social_media_follow_network][et_pb_social_media_follow_network social_network=&#8221;youtube&#8221; icon_color=&#8221;gcid-cca90ba6-297c-4d63-9e2c-8201011ef870&#8243; _builder_version=&#8221;4.27.4&#8243; _module_preset=&#8221;default&#8221; background_color=&#8221;#FFFFFF&#8221; background_enable_color=&#8221;on&#8221; global_colors_info=&#8221;{%22gcid-cca90ba6-297c-4d63-9e2c-8201011ef870%22:%91%22icon_color%22%93}&#8221; follow_button=&#8221;off&#8221; url_new_window=&#8221;on&#8221;]youtube[\/et_pb_social_media_follow_network][\/et_pb_social_media_follow][difl_imagecarousel item_desktop=&#8221;1&#8243; item_tablet=&#8221;1&#8243; loop=&#8221;on&#8221; autoplay=&#8221;on&#8221; autospeed=&#8221;3500&#8243; dots=&#8221;on&#8221; dots_color=&#8221;gcid-cca90ba6-297c-4d63-9e2c-8201011ef870&#8243; active_dots_color=&#8221;gcid-b1ace166-c11d-4c70-a679-55884e9ca298&#8243; item_wrapper_padding=&#8221;||20px||false|false&#8221; admin_label=&#8221;Formaci\u00f3n, hemeroteca y formaci\u00f3n&#8221; module_class=&#8221;extiendeenlacedeboton&#8221; _builder_version=&#8221;4.27.4&#8243; _module_preset=&#8221;default&#8221; module_alignment=&#8221;center&#8221; custom_margin=&#8221;||||false|false&#8221; global_module=&#8221;51721&#8243; saved_tabs=&#8221;all&#8221; global_colors_info=&#8221;{%22gcid-cca90ba6-297c-4d63-9e2c-8201011ef870%22:%91%22dots_color%22%93,%22gcid-b1ace166-c11d-4c70-a679-55884e9ca298%22:%91%22active_dots_color%22%93}&#8221; custom_margin__hover_enabled=&#8221;on|hover&#8221; custom_margin__hover=&#8221;||||false|false&#8221;][difl_imagecarouselitem admin_label=&#8221;Formaci\u00f3n&#8221; image=&#8221;https:\/\/www.itakaescolapios.org\/wp-content\/uploads\/2025\/02\/banners-500&#215;500-esp5.jpg&#8221; ic_button_button_text=&#8221;bot&#8221; ic_button_button_url=&#8221;\/es\/que-hacemos\/formacion\/&#8221; ic_button_button_url_new_window=&#8221;1&#8243; _builder_version=&#8221;4.27.4&#8243; _module_preset=&#8221;default&#8221; image_en_us=&#8221;https:\/\/www.itakaescolapios.org\/wp-content\/uploads\/2025\/02\/banners-500&#215;500-eng5.jpg&#8221; ic_button_button_text_en_us=&#8221;bot&#8221; image_fr_fr=&#8221;https:\/\/www.itakaescolapios.org\/wp-content\/uploads\/2025\/02\/banners-500&#215;500-fra5.jpg&#8221; ic_button_button_text_fr_fr=&#8221;bot&#8221; image_eu=&#8221;https:\/\/www.itakaescolapios.org\/wp-content\/uploads\/2025\/02\/banners-500&#215;500-eusk5.jpg&#8221; ic_button_button_text_eu=&#8221;bot&#8221; image_ca=&#8221;https:\/\/www.itakaescolapios.org\/wp-content\/uploads\/2025\/02\/banners-500&#215;500-val5.jpg&#8221; ic_button_button_text_ca=&#8221;bot&#8221; image_pt_br=&#8221;https:\/\/www.itakaescolapios.org\/wp-content\/uploads\/2025\/02\/banners-500&#215;500-port5.jpg&#8221; ic_button_button_text_pt_br=&#8221;bot&#8221; global_colors_info=&#8221;{}&#8221;][\/difl_imagecarouselitem][difl_imagecarouselitem admin_label=&#8221;Publicaciones&#8221; image=&#8221;https:\/\/www.itakaescolapios.org\/wp-content\/uploads\/2025\/02\/banners-500&#215;500-esp3-1.jpg&#8221; ic_button_button_text=&#8221;bot&#8221; ic_button_button_url=&#8221;\/es\/publicaciones&#8221; ic_button_button_url_new_window=&#8221;1&#8243; _builder_version=&#8221;4.27.4&#8243; _module_preset=&#8221;default&#8221; image_en_us=&#8221;https:\/\/www.itakaescolapios.org\/wp-content\/uploads\/2025\/02\/banners-500&#215;500-eng3.jpg&#8221; ic_button_button_text_en_us=&#8221;bot&#8221; image_fr_fr=&#8221;https:\/\/www.itakaescolapios.org\/wp-content\/uploads\/2025\/02\/banners-500&#215;500-fra3.jpg&#8221; ic_button_button_text_fr_fr=&#8221;bot&#8221; image_eu=&#8221;https:\/\/www.itakaescolapios.org\/wp-content\/uploads\/2025\/02\/banners-500&#215;500-eusk3.jpg&#8221; ic_button_button_text_eu=&#8221;bot&#8221; image_ca=&#8221;https:\/\/www.itakaescolapios.org\/wp-content\/uploads\/2025\/02\/banners-500&#215;500-val3.jpg&#8221; ic_button_button_text_ca=&#8221;bot&#8221; image_pt_br=&#8221;https:\/\/www.itakaescolapios.org\/wp-content\/uploads\/2025\/02\/banners-500&#215;500-port3.jpg&#8221; ic_button_button_text_pt_br=&#8221;bot&#8221; global_colors_info=&#8221;{}&#8221;][\/difl_imagecarouselitem][difl_imagecarouselitem admin_label=&#8221;Hemeroteca&#8221; image=&#8221;https:\/\/www.itakaescolapios.org\/wp-content\/uploads\/2025\/02\/banners-500&#215;500-esp4.jpg&#8221; ic_button_button_text=&#8221;bot&#8221; ic_button_button_url=&#8221;\/es\/noticias\/&#8221; ic_button_button_url_new_window=&#8221;1&#8243; _builder_version=&#8221;4.27.4&#8243; _module_preset=&#8221;default&#8221; image_en_us=&#8221;https:\/\/www.itakaescolapios.org\/wp-content\/uploads\/2025\/02\/banners-500&#215;500-eng4.jpg&#8221; ic_button_button_text_en_us=&#8221;bot&#8221; image_fr_fr=&#8221;https:\/\/www.itakaescolapios.org\/wp-content\/uploads\/2025\/02\/banners-500&#215;500-fra4.jpg&#8221; ic_button_button_text_fr_fr=&#8221;bot&#8221; image_eu=&#8221;https:\/\/www.itakaescolapios.org\/wp-content\/uploads\/2025\/02\/banners-500&#215;500-eusk4.jpg&#8221; ic_button_button_text_eu=&#8221;bot&#8221; image_ca=&#8221;https:\/\/www.itakaescolapios.org\/wp-content\/uploads\/2025\/02\/banners-500&#215;500-val4.jpg&#8221; ic_button_button_text_ca=&#8221;bot&#8221; image_pt_br=&#8221;https:\/\/www.itakaescolapios.org\/wp-content\/uploads\/2025\/02\/banners-500&#215;500-port4.jpg&#8221; ic_button_button_text_pt_br=&#8221;bot&#8221; global_colors_info=&#8221;{}&#8221;][\/difl_imagecarouselitem][\/difl_imagecarousel][\/et_pb_column][\/et_pb_section]<\/p>\n","protected":false},"excerpt":{"rendered":"<p>Desde el a\u00f1o 2021, la Fundaci\u00f3n Itaka Escolapios es miembro activo de la Red de Acci\u00f3n Social de la Iglesia venezolana (RASI), una plataforma vital que agrupa a diversas organizaciones cat\u00f3licas para visibilizar el trabajo social y humanitario que realiza la Iglesia en el pa\u00eds.<\/p>\n","protected":false},"author":19,"featured_media":329386,"comment_status":"closed","ping_status":"closed","sticky":false,"template":"","format":"standard","meta":{"_et_pb_use_builder":"on","_et_pb_old_content":"","_et_gb_content_width":"","footnotes":""},"categories":[27,349,224],"tags":[695,214],"class_list":["post-329365","post","type-post","status-publish","format-standard","has-post-thumbnail","hentry","category-barquisimeto","category-caracas","category-venezuela","tag-alianzas","tag-sensibilizacion"],"yoast_head":"<!-- This site is optimized with the Yoast SEO plugin v27.4 - https:\/\/yoast.com\/product\/yoast-seo-wordpress\/ -->\n<title>Itaka Escolapios y la Red de Acci\u00f3n Social de la Iglesia: Unidos para Construir Paz y Esperanza<\/title>\n<meta name=\"description\" content=\"Desde el a\u00f1o 2021, la Fundaci\u00f3n Itaka Escolapios es miembro activo de la Red de Acci\u00f3n Social de la Iglesia venezolana (RASI), una plataforma vital que agrupa a diversas organizaciones cat\u00f3licas para visibilizar el trabajo social y humanitario que realiza la Iglesia en el pa\u00eds.\" \/>\n<meta name=\"robots\" content=\"index, follow, max-snippet:-1, max-image-preview:large, max-video-preview:-1\" \/>\n<link rel=\"canonical\" href=\"http:\/\/Desde%20el%20a\u00f1o%202021,%20la%20Fundaci\u00f3n%20Itaka%20Escolapios%20es%20miembro%20activo%20de%20la%20Red%20de%20Acci\u00f3n%20Social%20de%20la%20Iglesia%20venezolana%20(RASI),%20una%20plataforma%20vital%20que%20agrupa%20a%20diversas%20organizaciones%20cat\u00f3licas%20para%20visibilizar%20el%20trabajo%20social%20y%20humanitario%20que%20realiza%20la%20Iglesia%20en%20el%20pa\u00eds.\" \/>\n<meta property=\"og:locale\" content=\"en_US\" \/>\n<meta property=\"og:type\" content=\"article\" \/>\n<meta property=\"og:title\" content=\"Itaka Escolapios y la Red de Acci\u00f3n Social de la Iglesia: Unidos para Construir Paz y Esperanza\" \/>\n<meta property=\"og:description\" content=\"Desde el a\u00f1o 2021, la Fundaci\u00f3n Itaka Escolapios es miembro activo de la Red de Acci\u00f3n Social de la Iglesia venezolana (RASI), una plataforma vital que agrupa a diversas organizaciones cat\u00f3licas para visibilizar el trabajo social y humanitario que realiza la Iglesia en el pa\u00eds.\" \/>\n<meta property=\"og:url\" content=\"https:\/\/www.itakaescolapios.org\/en\/2025\/11\/itaka-escolapios-y-la-red-de-accion-social-de-la-iglesia-unidos-para-construir-paz-y-esperanza\/\" \/>\n<meta property=\"og:site_name\" content=\"Proofs in Itaka-Escolapios\" \/>\n<meta property=\"article:published_time\" content=\"2025-11-20T19:48:15+00:00\" \/>\n<meta property=\"article:modified_time\" content=\"2025-11-21T08:29:55+00:00\" \/>\n<meta property=\"og:image\" content=\"https:\/\/www.itakaescolapios.org\/wp-content\/uploads\/2025\/11\/4956487475173985080-e1763713421139.jpg\" \/>\n\t<meta property=\"og:image:width\" content=\"720\" \/>\n\t<meta property=\"og:image:height\" content=\"672\" \/>\n\t<meta property=\"og:image:type\" content=\"image\/jpeg\" \/>\n<meta name=\"author\" content=\"venezuela01\" \/>\n<meta name=\"twitter:card\" content=\"summary_large_image\" \/>\n<meta name=\"twitter:label1\" content=\"Written by\" \/>\n\t<meta name=\"twitter:data1\" content=\"venezuela01\" \/>\n\t<meta name=\"twitter:label2\" content=\"Est. reading time\" \/>\n\t<meta name=\"twitter:data2\" content=\"5 minutes\" \/>\n<script type=\"application\/ld+json\" class=\"yoast-schema-graph\">{\"@context\":\"https:\\\/\\\/schema.org\",\"@graph\":[{\"@type\":\"Article\",\"@id\":\"https:\\\/\\\/www.itakaescolapios.org\\\/en\\\/2025\\\/11\\\/itaka-escolapios-y-la-red-de-accion-social-de-la-iglesia-unidos-para-construir-paz-y-esperanza\\\/#article\",\"isPartOf\":{\"@id\":\"https:\\\/\\\/www.itakaescolapios.org\\\/en\\\/2025\\\/11\\\/itaka-escolapios-y-la-red-de-accion-social-de-la-iglesia-unidos-para-construir-paz-y-esperanza\\\/\"},\"author\":{\"name\":\"venezuela01\",\"@id\":\"https:\\\/\\\/www.itakaescolapios.org\\\/es\\\/#\\\/schema\\\/person\\\/192f10fbeab836416deaf01ea8aad84d\"},\"headline\":\"Itaka Escolapios y la Red de Acci\u00f3n Social de la Iglesia: Unidos para Construir Paz y Esperanza\",\"datePublished\":\"2025-11-20T19:48:15+00:00\",\"dateModified\":\"2025-11-21T08:29:55+00:00\",\"mainEntityOfPage\":{\"@id\":\"https:\\\/\\\/www.itakaescolapios.org\\\/en\\\/2025\\\/11\\\/itaka-escolapios-y-la-red-de-accion-social-de-la-iglesia-unidos-para-construir-paz-y-esperanza\\\/\"},\"wordCount\":4688,\"publisher\":{\"@id\":\"https:\\\/\\\/www.itakaescolapios.org\\\/es\\\/#organization\"},\"image\":{\"@id\":\"https:\\\/\\\/www.itakaescolapios.org\\\/en\\\/2025\\\/11\\\/itaka-escolapios-y-la-red-de-accion-social-de-la-iglesia-unidos-para-construir-paz-y-esperanza\\\/#primaryimage\"},\"thumbnailUrl\":\"https:\\\/\\\/www.itakaescolapios.org\\\/wp-content\\\/uploads\\\/2025\\\/11\\\/4956487475173985080-e1763713421139.jpg\",\"keywords\":[\"Alianzas\",\"Sensibilizaci\u00f3n\"],\"articleSection\":[\"Barquisimeto\",\"Caracas\",\"Venezuela\"],\"inLanguage\":\"en-US\"},{\"@type\":\"WebPage\",\"@id\":\"https:\\\/\\\/www.itakaescolapios.org\\\/en\\\/2025\\\/11\\\/itaka-escolapios-y-la-red-de-accion-social-de-la-iglesia-unidos-para-construir-paz-y-esperanza\\\/\",\"url\":\"https:\\\/\\\/www.itakaescolapios.org\\\/en\\\/2025\\\/11\\\/itaka-escolapios-y-la-red-de-accion-social-de-la-iglesia-unidos-para-construir-paz-y-esperanza\\\/\",\"name\":\"Itaka Escolapios y la Red de Acci\u00f3n Social de la Iglesia: Unidos para Construir Paz y Esperanza - Proofs in Itaka-Escolapios\",\"isPartOf\":{\"@id\":\"https:\\\/\\\/www.itakaescolapios.org\\\/es\\\/#website\"},\"primaryImageOfPage\":{\"@id\":\"https:\\\/\\\/www.itakaescolapios.org\\\/en\\\/2025\\\/11\\\/itaka-escolapios-y-la-red-de-accion-social-de-la-iglesia-unidos-para-construir-paz-y-esperanza\\\/#primaryimage\"},\"image\":{\"@id\":\"https:\\\/\\\/www.itakaescolapios.org\\\/en\\\/2025\\\/11\\\/itaka-escolapios-y-la-red-de-accion-social-de-la-iglesia-unidos-para-construir-paz-y-esperanza\\\/#primaryimage\"},\"thumbnailUrl\":\"https:\\\/\\\/www.itakaescolapios.org\\\/wp-content\\\/uploads\\\/2025\\\/11\\\/4956487475173985080-e1763713421139.jpg\",\"datePublished\":\"2025-11-20T19:48:15+00:00\",\"dateModified\":\"2025-11-21T08:29:55+00:00\",\"breadcrumb\":{\"@id\":\"https:\\\/\\\/www.itakaescolapios.org\\\/en\\\/2025\\\/11\\\/itaka-escolapios-y-la-red-de-accion-social-de-la-iglesia-unidos-para-construir-paz-y-esperanza\\\/#breadcrumb\"},\"inLanguage\":\"en-US\",\"potentialAction\":[{\"@type\":\"ReadAction\",\"target\":[\"https:\\\/\\\/www.itakaescolapios.org\\\/en\\\/2025\\\/11\\\/itaka-escolapios-y-la-red-de-accion-social-de-la-iglesia-unidos-para-construir-paz-y-esperanza\\\/\"]}]},{\"@type\":\"ImageObject\",\"inLanguage\":\"en-US\",\"@id\":\"https:\\\/\\\/www.itakaescolapios.org\\\/en\\\/2025\\\/11\\\/itaka-escolapios-y-la-red-de-accion-social-de-la-iglesia-unidos-para-construir-paz-y-esperanza\\\/#primaryimage\",\"url\":\"https:\\\/\\\/www.itakaescolapios.org\\\/wp-content\\\/uploads\\\/2025\\\/11\\\/4956487475173985080-e1763713421139.jpg\",\"contentUrl\":\"https:\\\/\\\/www.itakaescolapios.org\\\/wp-content\\\/uploads\\\/2025\\\/11\\\/4956487475173985080-e1763713421139.jpg\",\"width\":720,\"height\":672},{\"@type\":\"BreadcrumbList\",\"@id\":\"https:\\\/\\\/www.itakaescolapios.org\\\/en\\\/2025\\\/11\\\/itaka-escolapios-y-la-red-de-accion-social-de-la-iglesia-unidos-para-construir-paz-y-esperanza\\\/#breadcrumb\",\"itemListElement\":[{\"@type\":\"ListItem\",\"position\":1,\"name\":\"Proof\",\"item\":\"https:\\\/\\\/www.itakaescolapios.org\\\/es\\\/\"},{\"@type\":\"ListItem\",\"position\":2,\"name\":\"Itaka Escolapios y la Red de Acci\u00f3n Social de la Iglesia: Unidos para Construir Paz y Esperanza\"}]},{\"@type\":\"WebSite\",\"@id\":\"https:\\\/\\\/www.itakaescolapios.org\\\/en\\\/es\\\/#website\",\"url\":\"https:\\\/\\\/www.itakaescolapios.org\\\/en\\\/es\\\/\",\"name\":\"Itaka-Escolapios\",\"description\":\"Red de Itaka-Escolapios\",\"publisher\":{\"@id\":\"https:\\\/\\\/www.itakaescolapios.org\\\/en\\\/es\\\/#organization\"},\"potentialAction\":[{\"@type\":\"SearchAction\",\"target\":{\"@type\":\"EntryPoint\",\"urlTemplate\":\"https:\\\/\\\/www.itakaescolapios.org\\\/en\\\/es\\\/?s={search_term_string}\"},\"query-input\":{\"@type\":\"PropertyValueSpecification\",\"valueRequired\":true,\"valueName\":\"search_term_string\"}}],\"inLanguage\":\"en-US\"},{\"@type\":\"Organization\",\"@id\":\"https:\\\/\\\/www.itakaescolapios.org\\\/en\\\/es\\\/#organization\",\"name\":\"Fundaci\u00f3 Itaka-Escolapios\",\"url\":\"https:\\\/\\\/www.itakaescolapios.org\\\/en\\\/es\\\/\",\"logo\":{\"@type\":\"ImageObject\",\"inLanguage\":\"en-US\",\"@id\":\"https:\\\/\\\/www.itakaescolapios.org\\\/en\\\/es\\\/#\\\/schema\\\/logo\\\/image\\\/\",\"url\":\"https:\\\/\\\/www.itakaescolapios.org\\\/wp-content\\\/uploads\\\/2024\\\/04\\\/Logo-itakaescolapios-peque.png\",\"contentUrl\":\"https:\\\/\\\/www.itakaescolapios.org\\\/wp-content\\\/uploads\\\/2024\\\/04\\\/Logo-itakaescolapios-peque.png\",\"width\":500,\"height\":199,\"caption\":\"Fundaci\u00f3 Itaka-Escolapios\"},\"image\":{\"@id\":\"https:\\\/\\\/www.itakaescolapios.org\\\/en\\\/es\\\/#\\\/schema\\\/logo\\\/image\\\/\"}},{\"@type\":\"Person\",\"@id\":\"https:\\\/\\\/www.itakaescolapios.org\\\/es\\\/#\\\/schema\\\/person\\\/192f10fbeab836416deaf01ea8aad84d\",\"name\":\"venezuela01\",\"url\":\"https:\\\/\\\/www.itakaescolapios.org\\\/en\\\/author\\\/venezuela01\\\/\"}]}<\/script>\n<!-- \/ Yoast SEO plugin. -->","yoast_head_json":{"title":"Itaka Escolapios y la Red de Acci\u00f3n Social de la Iglesia: Unidos para Construir Paz y Esperanza","description":"Desde el a\u00f1o 2021, la Fundaci\u00f3n Itaka Escolapios es miembro activo de la Red de Acci\u00f3n Social de la Iglesia venezolana (RASI), una plataforma vital que agrupa a diversas organizaciones cat\u00f3licas para visibilizar el trabajo social y humanitario que realiza la Iglesia en el pa\u00eds.","robots":{"index":"index","follow":"follow","max-snippet":"max-snippet:-1","max-image-preview":"max-image-preview:large","max-video-preview":"max-video-preview:-1"},"canonical":"Desde el a\u00f1o 2021, la Fundaci\u00f3n Itaka Escolapios es miembro activo de la Red de Acci\u00f3n Social de la Iglesia venezolana (RASI), una plataforma vital que agrupa a diversas organizaciones cat\u00f3licas para visibilizar el trabajo social y humanitario que realiza la Iglesia en el pa\u00eds.","og_locale":"en_US","og_type":"article","og_title":"Itaka Escolapios y la Red de Acci\u00f3n Social de la Iglesia: Unidos para Construir Paz y Esperanza","og_description":"Desde el a\u00f1o 2021, la Fundaci\u00f3n Itaka Escolapios es miembro activo de la Red de Acci\u00f3n Social de la Iglesia venezolana (RASI), una plataforma vital que agrupa a diversas organizaciones cat\u00f3licas para visibilizar el trabajo social y humanitario que realiza la Iglesia en el pa\u00eds.","og_url":"https:\/\/www.itakaescolapios.org\/en\/2025\/11\/itaka-escolapios-y-la-red-de-accion-social-de-la-iglesia-unidos-para-construir-paz-y-esperanza\/","og_site_name":"Proofs in Itaka-Escolapios","article_published_time":"2025-11-20T19:48:15+00:00","article_modified_time":"2025-11-21T08:29:55+00:00","og_image":[{"width":720,"height":672,"url":"https:\/\/www.itakaescolapios.org\/wp-content\/uploads\/2025\/11\/4956487475173985080-e1763713421139.jpg","type":"image\/jpeg"}],"author":"venezuela01","twitter_card":"summary_large_image","twitter_misc":{"Written by":"venezuela01","Est. reading time":"5 minutes"},"schema":{"@context":"https:\/\/schema.org","@graph":[{"@type":"Article","@id":"https:\/\/www.itakaescolapios.org\/en\/2025\/11\/itaka-escolapios-y-la-red-de-accion-social-de-la-iglesia-unidos-para-construir-paz-y-esperanza\/#article","isPartOf":{"@id":"https:\/\/www.itakaescolapios.org\/en\/2025\/11\/itaka-escolapios-y-la-red-de-accion-social-de-la-iglesia-unidos-para-construir-paz-y-esperanza\/"},"author":{"name":"venezuela01","@id":"https:\/\/www.itakaescolapios.org\/es\/#\/schema\/person\/192f10fbeab836416deaf01ea8aad84d"},"headline":"Itaka Escolapios y la Red de Acci\u00f3n Social de la Iglesia: Unidos para Construir Paz y Esperanza","datePublished":"2025-11-20T19:48:15+00:00","dateModified":"2025-11-21T08:29:55+00:00","mainEntityOfPage":{"@id":"https:\/\/www.itakaescolapios.org\/en\/2025\/11\/itaka-escolapios-y-la-red-de-accion-social-de-la-iglesia-unidos-para-construir-paz-y-esperanza\/"},"wordCount":4688,"publisher":{"@id":"https:\/\/www.itakaescolapios.org\/es\/#organization"},"image":{"@id":"https:\/\/www.itakaescolapios.org\/en\/2025\/11\/itaka-escolapios-y-la-red-de-accion-social-de-la-iglesia-unidos-para-construir-paz-y-esperanza\/#primaryimage"},"thumbnailUrl":"https:\/\/www.itakaescolapios.org\/wp-content\/uploads\/2025\/11\/4956487475173985080-e1763713421139.jpg","keywords":["Alianzas","Sensibilizaci\u00f3n"],"articleSection":["Barquisimeto","Caracas","Venezuela"],"inLanguage":"en-US"},{"@type":"WebPage","@id":"https:\/\/www.itakaescolapios.org\/en\/2025\/11\/itaka-escolapios-y-la-red-de-accion-social-de-la-iglesia-unidos-para-construir-paz-y-esperanza\/","url":"https:\/\/www.itakaescolapios.org\/en\/2025\/11\/itaka-escolapios-y-la-red-de-accion-social-de-la-iglesia-unidos-para-construir-paz-y-esperanza\/","name":"Itaka Escolapios y la Red de Acci\u00f3n Social de la Iglesia: Unidos para Construir Paz y Esperanza - Proofs in Itaka-Escolapios","isPartOf":{"@id":"https:\/\/www.itakaescolapios.org\/es\/#website"},"primaryImageOfPage":{"@id":"https:\/\/www.itakaescolapios.org\/en\/2025\/11\/itaka-escolapios-y-la-red-de-accion-social-de-la-iglesia-unidos-para-construir-paz-y-esperanza\/#primaryimage"},"image":{"@id":"https:\/\/www.itakaescolapios.org\/en\/2025\/11\/itaka-escolapios-y-la-red-de-accion-social-de-la-iglesia-unidos-para-construir-paz-y-esperanza\/#primaryimage"},"thumbnailUrl":"https:\/\/www.itakaescolapios.org\/wp-content\/uploads\/2025\/11\/4956487475173985080-e1763713421139.jpg","datePublished":"2025-11-20T19:48:15+00:00","dateModified":"2025-11-21T08:29:55+00:00","breadcrumb":{"@id":"https:\/\/www.itakaescolapios.org\/en\/2025\/11\/itaka-escolapios-y-la-red-de-accion-social-de-la-iglesia-unidos-para-construir-paz-y-esperanza\/#breadcrumb"},"inLanguage":"en-US","potentialAction":[{"@type":"ReadAction","target":["https:\/\/www.itakaescolapios.org\/en\/2025\/11\/itaka-escolapios-y-la-red-de-accion-social-de-la-iglesia-unidos-para-construir-paz-y-esperanza\/"]}]},{"@type":"ImageObject","inLanguage":"en-US","@id":"https:\/\/www.itakaescolapios.org\/en\/2025\/11\/itaka-escolapios-y-la-red-de-accion-social-de-la-iglesia-unidos-para-construir-paz-y-esperanza\/#primaryimage","url":"https:\/\/www.itakaescolapios.org\/wp-content\/uploads\/2025\/11\/4956487475173985080-e1763713421139.jpg","contentUrl":"https:\/\/www.itakaescolapios.org\/wp-content\/uploads\/2025\/11\/4956487475173985080-e1763713421139.jpg","width":720,"height":672},{"@type":"BreadcrumbList","@id":"https:\/\/www.itakaescolapios.org\/en\/2025\/11\/itaka-escolapios-y-la-red-de-accion-social-de-la-iglesia-unidos-para-construir-paz-y-esperanza\/#breadcrumb","itemListElement":[{"@type":"ListItem","position":1,"name":"Proof","item":"https:\/\/www.itakaescolapios.org\/es\/"},{"@type":"ListItem","position":2,"name":"Itaka Escolapios y la Red de Acci\u00f3n Social de la Iglesia: Unidos para Construir Paz y Esperanza"}]},{"@type":"WebSite","@id":"https:\/\/www.itakaescolapios.org\/en\/es\/#website","url":"https:\/\/www.itakaescolapios.org\/en\/es\/","name":"Itaka-Escolapios","description":"Red de Itaka-Escolapios","publisher":{"@id":"https:\/\/www.itakaescolapios.org\/en\/es\/#organization"},"potentialAction":[{"@type":"SearchAction","target":{"@type":"EntryPoint","urlTemplate":"https:\/\/www.itakaescolapios.org\/en\/es\/?s={search_term_string}"},"query-input":{"@type":"PropertyValueSpecification","valueRequired":true,"valueName":"search_term_string"}}],"inLanguage":"en-US"},{"@type":"Organization","@id":"https:\/\/www.itakaescolapios.org\/en\/es\/#organization","name":"Fundaci\u00f3 Itaka-Escolapios","url":"https:\/\/www.itakaescolapios.org\/en\/es\/","logo":{"@type":"ImageObject","inLanguage":"en-US","@id":"https:\/\/www.itakaescolapios.org\/en\/es\/#\/schema\/logo\/image\/","url":"https:\/\/www.itakaescolapios.org\/wp-content\/uploads\/2024\/04\/Logo-itakaescolapios-peque.png","contentUrl":"https:\/\/www.itakaescolapios.org\/wp-content\/uploads\/2024\/04\/Logo-itakaescolapios-peque.png","width":500,"height":199,"caption":"Fundaci\u00f3 Itaka-Escolapios"},"image":{"@id":"https:\/\/www.itakaescolapios.org\/en\/es\/#\/schema\/logo\/image\/"}},{"@type":"Person","@id":"https:\/\/www.itakaescolapios.org\/es\/#\/schema\/person\/192f10fbeab836416deaf01ea8aad84d","name":"venezuela01","url":"https:\/\/www.itakaescolapios.org\/en\/author\/venezuela01\/"}]}},"_links":{"self":[{"href":"https:\/\/www.itakaescolapios.org\/en\/wp-json\/wp\/v2\/posts\/329365","targetHints":{"allow":["GET"]}}],"collection":[{"href":"https:\/\/www.itakaescolapios.org\/en\/wp-json\/wp\/v2\/posts"}],"about":[{"href":"https:\/\/www.itakaescolapios.org\/en\/wp-json\/wp\/v2\/types\/post"}],"author":[{"embeddable":true,"href":"https:\/\/www.itakaescolapios.org\/en\/wp-json\/wp\/v2\/users\/19"}],"replies":[{"embeddable":true,"href":"https:\/\/www.itakaescolapios.org\/en\/wp-json\/wp\/v2\/comments?post=329365"}],"version-history":[{"count":7,"href":"https:\/\/www.itakaescolapios.org\/en\/wp-json\/wp\/v2\/posts\/329365\/revisions"}],"predecessor-version":[{"id":329409,"href":"https:\/\/www.itakaescolapios.org\/en\/wp-json\/wp\/v2\/posts\/329365\/revisions\/329409"}],"wp:featuredmedia":[{"embeddable":true,"href":"https:\/\/www.itakaescolapios.org\/en\/wp-json\/wp\/v2\/media\/329386"}],"wp:attachment":[{"href":"https:\/\/www.itakaescolapios.org\/en\/wp-json\/wp\/v2\/media?parent=329365"}],"wp:term":[{"taxonomy":"category","embeddable":true,"href":"https:\/\/www.itakaescolapios.org\/en\/wp-json\/wp\/v2\/categories?post=329365"},{"taxonomy":"post_tag","embeddable":true,"href":"https:\/\/www.itakaescolapios.org\/en\/wp-json\/wp\/v2\/tags?post=329365"}],"curies":[{"name":"wp","href":"https:\/\/api.w.org\/{rel}","templated":true}]}}