{"id":33042,"date":"2021-05-03T08:30:10","date_gmt":"2021-05-03T07:30:10","guid":{"rendered":"https:\/\/www.itakaescolapios.org\/?p=33042"},"modified":"2023-11-28T12:36:02","modified_gmt":"2023-11-28T11:36:02","slug":"semana-vocacional-2021","status":"publish","type":"post","link":"https:\/\/www.itakaescolapios.org\/en\/2021\/05\/semana-vocacional-2021\/","title":{"rendered":"SEMANA VOCACIONAL 2021"},"content":{"rendered":"<p>\u00abREINICIAR MI VOCACI\u00d3N-HASTEKO PREST BOKAZIOA\u00bb<\/p>\n<p>Este ser\u00e1 el lema de la pr\u00f3xima semana vocacional que tendr\u00e1 lugar desde el lunes 3 de mayo al s\u00e1bado 8 de mayo en la Presencia Escolapia de Bilbao. Se trata de una iniciativa que alcanza a la Fraternidad, al Catecumenado y grupos, as\u00ed como al Colegio.\u00a0A la vez se pondr\u00e1n en marcha algunas acciones: reflexiones en el grupo o comunidad, eucarist\u00eda especial del 8,\u2026 y m\u00e1s.<\/p>\n<p>Es una oportunidad para intensificar nuestra oraci\u00f3n, disponibilidad y toma de conciencia de la importancia y necesidad de sacerdotes y religiosos escolapios.<\/p>\n<p>\u00a1Aprov\u00e9chala y disfr\u00fatala!<\/p>\n","protected":false},"excerpt":{"rendered":"<p>\u00abREINICIAR MI VOCACI\u00d3N-HASTEKO PREST BOKAZIOA\u00bb Este ser\u00e1 el lema de la pr\u00f3xima semana vocacional que tendr\u00e1 lugar desde el lunes 3 de mayo al s\u00e1bado 8 de mayo en la [&hellip;]<\/p>\n","protected":false},"author":4,"featured_media":33043,"comment_status":"closed","ping_status":"closed","sticky":false,"template":"","format":"standard","meta":{"_et_pb_use_builder":"","_et_pb_old_content":"","_et_gb_content_width":"","footnotes":""},"categories":[9],"tags":[],"class_list":["post-33042","post","type-post","status-publish","format-standard","has-post-thumbnail","hentry","category-bilbao"],"yoast_head":"<!-- This site is optimized with the Yoast SEO plugin v27.4 - https:\/\/yoast.com\/product\/yoast-seo-wordpress\/ -->\n<title>SEMANA VOCACIONAL 2021<\/title>\n<meta name=\"description\" content=\"\u00abREINICIAR MI VOCACI\u00d3N-HASTEKO PREST BOKAZIOA\u00bb Este ser\u00e1 el lema de la pr\u00f3xima semana vocacional que tendr\u00e1 lugar desde el lunes 3 de mayo al s\u00e1bado 8 de mayo en la Presencia Escolapia de Bilbao. Se trata de una iniciativa que alcanza a la Fraternidad, al Catecumenado y grupos, as\u00ed como al Colegio.\u00a0A la vez se&hellip;\" \/>\n<meta name=\"robots\" content=\"index, follow, max-snippet:-1, max-image-preview:large, max-video-preview:-1\" \/>\n<link rel=\"canonical\" href=\"http:\/\/\u00abREINICIAR%20MI%20VOCACI\u00d3N-HASTEKO%20PREST%20BOKAZIOA\u00bb%20Este%20ser\u00e1%20el%20lema%20de%20la%20pr\u00f3xima%20semana%20vocacional%20que%20tendr\u00e1%20lugar%20desde%20el%20lunes%203%20de%20mayo%20al%20s\u00e1bado%208%20de%20mayo%20en%20la%20Presencia%20Escolapia%20de%20Bilbao.%20Se%20trata%20de%20una%20iniciativa%20que%20alcanza%20a%20la%20Fraternidad,%20al%20Catecumenado%20y%20grupos,%20as\u00ed%20como%20al%20Colegio.\u00a0A%20la%20vez%20se&hellip;\" \/>\n<meta property=\"og:locale\" content=\"en_US\" \/>\n<meta property=\"og:type\" content=\"article\" \/>\n<meta property=\"og:title\" content=\"SEMANA VOCACIONAL 2021\" \/>\n<meta property=\"og:description\" content=\"\u00abREINICIAR MI VOCACI\u00d3N-HASTEKO PREST BOKAZIOA\u00bb Este ser\u00e1 el lema de la pr\u00f3xima semana vocacional que tendr\u00e1 lugar desde el lunes 3 de mayo al s\u00e1bado 8 de mayo en la Presencia Escolapia de Bilbao. Se trata de una iniciativa que alcanza a la Fraternidad, al Catecumenado y grupos, as\u00ed como al Colegio.\u00a0A la vez se&hellip;\" \/>\n<meta property=\"og:url\" content=\"https:\/\/www.itakaescolapios.org\/en\/2021\/05\/semana-vocacional-2021\/\" \/>\n<meta property=\"og:site_name\" content=\"Proofs in Itaka-Escolapios\" \/>\n<meta property=\"article:published_time\" content=\"2021-05-03T07:30:10+00:00\" \/>\n<meta property=\"article:modified_time\" content=\"2023-11-28T11:36:02+00:00\" \/>\n<meta property=\"og:image\" content=\"https:\/\/www.itakaescolapios.org\/wp-content\/uploads\/2021\/05\/Cartel-semana-vocacional-2021-scaled.jpg\" \/>\n\t<meta property=\"og:image:width\" content=\"1061\" \/>\n\t<meta property=\"og:image:height\" content=\"1500\" \/>\n\t<meta property=\"og:image:type\" content=\"image\/jpeg\" \/>\n<meta name=\"author\" content=\"itaka\" \/>\n<meta name=\"twitter:card\" content=\"summary_large_image\" \/>\n<meta name=\"twitter:label1\" content=\"Written by\" \/>\n\t<meta name=\"twitter:data1\" content=\"itaka\" \/>\n\t<meta name=\"twitter:label2\" content=\"Est. reading time\" \/>\n\t<meta name=\"twitter:data2\" content=\"1 minute\" \/>\n<script type=\"application\/ld+json\" class=\"yoast-schema-graph\">{\"@context\":\"https:\\\/\\\/schema.org\",\"@graph\":[{\"@type\":\"Article\",\"@id\":\"https:\\\/\\\/www.itakaescolapios.org\\\/en\\\/2021\\\/05\\\/semana-vocacional-2021\\\/#article\",\"isPartOf\":{\"@id\":\"https:\\\/\\\/www.itakaescolapios.org\\\/en\\\/2021\\\/05\\\/semana-vocacional-2021\\\/\"},\"author\":{\"name\":\"itaka\",\"@id\":\"https:\\\/\\\/www.itakaescolapios.org\\\/es\\\/#\\\/schema\\\/person\\\/670123daeb1cc31cae1b106740036ccb\"},\"headline\":\"SEMANA VOCACIONAL 2021\",\"datePublished\":\"2021-05-03T07:30:10+00:00\",\"dateModified\":\"2023-11-28T11:36:02+00:00\",\"mainEntityOfPage\":{\"@id\":\"https:\\\/\\\/www.itakaescolapios.org\\\/en\\\/2021\\\/05\\\/semana-vocacional-2021\\\/\"},\"wordCount\":106,\"publisher\":{\"@id\":\"https:\\\/\\\/www.itakaescolapios.org\\\/es\\\/#organization\"},\"image\":{\"@id\":\"https:\\\/\\\/www.itakaescolapios.org\\\/en\\\/2021\\\/05\\\/semana-vocacional-2021\\\/#primaryimage\"},\"thumbnailUrl\":\"https:\\\/\\\/www.itakaescolapios.org\\\/wp-content\\\/uploads\\\/2021\\\/05\\\/Cartel-semana-vocacional-2021-scaled.jpg\",\"articleSection\":[\"Bilbao\"],\"inLanguage\":\"en-US\"},{\"@type\":\"WebPage\",\"@id\":\"https:\\\/\\\/www.itakaescolapios.org\\\/en\\\/2021\\\/05\\\/semana-vocacional-2021\\\/\",\"url\":\"https:\\\/\\\/www.itakaescolapios.org\\\/en\\\/2021\\\/05\\\/semana-vocacional-2021\\\/\",\"name\":\"SEMANA VOCACIONAL 2021 - Proofs in Itaka-Escolapios\",\"isPartOf\":{\"@id\":\"https:\\\/\\\/www.itakaescolapios.org\\\/es\\\/#website\"},\"primaryImageOfPage\":{\"@id\":\"https:\\\/\\\/www.itakaescolapios.org\\\/en\\\/2021\\\/05\\\/semana-vocacional-2021\\\/#primaryimage\"},\"image\":{\"@id\":\"https:\\\/\\\/www.itakaescolapios.org\\\/en\\\/2021\\\/05\\\/semana-vocacional-2021\\\/#primaryimage\"},\"thumbnailUrl\":\"https:\\\/\\\/www.itakaescolapios.org\\\/wp-content\\\/uploads\\\/2021\\\/05\\\/Cartel-semana-vocacional-2021-scaled.jpg\",\"datePublished\":\"2021-05-03T07:30:10+00:00\",\"dateModified\":\"2023-11-28T11:36:02+00:00\",\"breadcrumb\":{\"@id\":\"https:\\\/\\\/www.itakaescolapios.org\\\/en\\\/2021\\\/05\\\/semana-vocacional-2021\\\/#breadcrumb\"},\"inLanguage\":\"en-US\",\"potentialAction\":[{\"@type\":\"ReadAction\",\"target\":[\"https:\\\/\\\/www.itakaescolapios.org\\\/en\\\/2021\\\/05\\\/semana-vocacional-2021\\\/\"]}]},{\"@type\":\"ImageObject\",\"inLanguage\":\"en-US\",\"@id\":\"https:\\\/\\\/www.itakaescolapios.org\\\/en\\\/2021\\\/05\\\/semana-vocacional-2021\\\/#primaryimage\",\"url\":\"https:\\\/\\\/www.itakaescolapios.org\\\/wp-content\\\/uploads\\\/2021\\\/05\\\/Cartel-semana-vocacional-2021-scaled.jpg\",\"contentUrl\":\"https:\\\/\\\/www.itakaescolapios.org\\\/wp-content\\\/uploads\\\/2021\\\/05\\\/Cartel-semana-vocacional-2021-scaled.jpg\",\"width\":1061,\"height\":1500},{\"@type\":\"BreadcrumbList\",\"@id\":\"https:\\\/\\\/www.itakaescolapios.org\\\/en\\\/2021\\\/05\\\/semana-vocacional-2021\\\/#breadcrumb\",\"itemListElement\":[{\"@type\":\"ListItem\",\"position\":1,\"name\":\"Proof\",\"item\":\"https:\\\/\\\/www.itakaescolapios.org\\\/es\\\/\"},{\"@type\":\"ListItem\",\"position\":2,\"name\":\"SEMANA VOCACIONAL 2021\"}]},{\"@type\":\"WebSite\",\"@id\":\"https:\\\/\\\/www.itakaescolapios.org\\\/en\\\/es\\\/#website\",\"url\":\"https:\\\/\\\/www.itakaescolapios.org\\\/en\\\/es\\\/\",\"name\":\"Itaka-Escolapios\",\"description\":\"Red de Itaka-Escolapios\",\"publisher\":{\"@id\":\"https:\\\/\\\/www.itakaescolapios.org\\\/en\\\/es\\\/#organization\"},\"potentialAction\":[{\"@type\":\"SearchAction\",\"target\":{\"@type\":\"EntryPoint\",\"urlTemplate\":\"https:\\\/\\\/www.itakaescolapios.org\\\/en\\\/es\\\/?s={search_term_string}\"},\"query-input\":{\"@type\":\"PropertyValueSpecification\",\"valueRequired\":true,\"valueName\":\"search_term_string\"}}],\"inLanguage\":\"en-US\"},{\"@type\":\"Organization\",\"@id\":\"https:\\\/\\\/www.itakaescolapios.org\\\/en\\\/es\\\/#organization\",\"name\":\"Fundaci\u00f3 Itaka-Escolapios\",\"url\":\"https:\\\/\\\/www.itakaescolapios.org\\\/en\\\/es\\\/\",\"logo\":{\"@type\":\"ImageObject\",\"inLanguage\":\"en-US\",\"@id\":\"https:\\\/\\\/www.itakaescolapios.org\\\/en\\\/es\\\/#\\\/schema\\\/logo\\\/image\\\/\",\"url\":\"https:\\\/\\\/www.itakaescolapios.org\\\/wp-content\\\/uploads\\\/2024\\\/04\\\/Logo-itakaescolapios-peque.png\",\"contentUrl\":\"https:\\\/\\\/www.itakaescolapios.org\\\/wp-content\\\/uploads\\\/2024\\\/04\\\/Logo-itakaescolapios-peque.png\",\"width\":500,\"height\":199,\"caption\":\"Fundaci\u00f3 Itaka-Escolapios\"},\"image\":{\"@id\":\"https:\\\/\\\/www.itakaescolapios.org\\\/en\\\/es\\\/#\\\/schema\\\/logo\\\/image\\\/\"}},{\"@type\":\"Person\",\"@id\":\"https:\\\/\\\/www.itakaescolapios.org\\\/es\\\/#\\\/schema\\\/person\\\/670123daeb1cc31cae1b106740036ccb\",\"name\":\"itaka\",\"url\":\"https:\\\/\\\/www.itakaescolapios.org\\\/en\\\/author\\\/itaka\\\/\"}]}<\/script>\n<!-- \/ Yoast SEO plugin. -->","yoast_head_json":{"title":"SEMANA VOCACIONAL 2021","description":"\u00abREINICIAR MI VOCACI\u00d3N-HASTEKO PREST BOKAZIOA\u00bb Este ser\u00e1 el lema de la pr\u00f3xima semana vocacional que tendr\u00e1 lugar desde el lunes 3 de mayo al s\u00e1bado 8 de mayo en la Presencia Escolapia de Bilbao. Se trata de una iniciativa que alcanza a la Fraternidad, al Catecumenado y grupos, as\u00ed como al Colegio.\u00a0A la vez se&hellip;","robots":{"index":"index","follow":"follow","max-snippet":"max-snippet:-1","max-image-preview":"max-image-preview:large","max-video-preview":"max-video-preview:-1"},"canonical":"\u00abREINICIAR MI VOCACI\u00d3N-HASTEKO PREST BOKAZIOA\u00bb Este ser\u00e1 el lema de la pr\u00f3xima semana vocacional que tendr\u00e1 lugar desde el lunes 3 de mayo al s\u00e1bado 8 de mayo en la Presencia Escolapia de Bilbao. Se trata de una iniciativa que alcanza a la Fraternidad, al Catecumenado y grupos, as\u00ed como al Colegio.\u00a0A la vez se&hellip;","og_locale":"en_US","og_type":"article","og_title":"SEMANA VOCACIONAL 2021","og_description":"\u00abREINICIAR MI VOCACI\u00d3N-HASTEKO PREST BOKAZIOA\u00bb Este ser\u00e1 el lema de la pr\u00f3xima semana vocacional que tendr\u00e1 lugar desde el lunes 3 de mayo al s\u00e1bado 8 de mayo en la Presencia Escolapia de Bilbao. Se trata de una iniciativa que alcanza a la Fraternidad, al Catecumenado y grupos, as\u00ed como al Colegio.\u00a0A la vez se&hellip;","og_url":"https:\/\/www.itakaescolapios.org\/en\/2021\/05\/semana-vocacional-2021\/","og_site_name":"Proofs in Itaka-Escolapios","article_published_time":"2021-05-03T07:30:10+00:00","article_modified_time":"2023-11-28T11:36:02+00:00","og_image":[{"width":1061,"height":1500,"url":"https:\/\/www.itakaescolapios.org\/wp-content\/uploads\/2021\/05\/Cartel-semana-vocacional-2021-scaled.jpg","type":"image\/jpeg"}],"author":"itaka","twitter_card":"summary_large_image","twitter_misc":{"Written by":"itaka","Est. reading time":"1 minute"},"schema":{"@context":"https:\/\/schema.org","@graph":[{"@type":"Article","@id":"https:\/\/www.itakaescolapios.org\/en\/2021\/05\/semana-vocacional-2021\/#article","isPartOf":{"@id":"https:\/\/www.itakaescolapios.org\/en\/2021\/05\/semana-vocacional-2021\/"},"author":{"name":"itaka","@id":"https:\/\/www.itakaescolapios.org\/es\/#\/schema\/person\/670123daeb1cc31cae1b106740036ccb"},"headline":"SEMANA VOCACIONAL 2021","datePublished":"2021-05-03T07:30:10+00:00","dateModified":"2023-11-28T11:36:02+00:00","mainEntityOfPage":{"@id":"https:\/\/www.itakaescolapios.org\/en\/2021\/05\/semana-vocacional-2021\/"},"wordCount":106,"publisher":{"@id":"https:\/\/www.itakaescolapios.org\/es\/#organization"},"image":{"@id":"https:\/\/www.itakaescolapios.org\/en\/2021\/05\/semana-vocacional-2021\/#primaryimage"},"thumbnailUrl":"https:\/\/www.itakaescolapios.org\/wp-content\/uploads\/2021\/05\/Cartel-semana-vocacional-2021-scaled.jpg","articleSection":["Bilbao"],"inLanguage":"en-US"},{"@type":"WebPage","@id":"https:\/\/www.itakaescolapios.org\/en\/2021\/05\/semana-vocacional-2021\/","url":"https:\/\/www.itakaescolapios.org\/en\/2021\/05\/semana-vocacional-2021\/","name":"SEMANA VOCACIONAL 2021 - Proofs in Itaka-Escolapios","isPartOf":{"@id":"https:\/\/www.itakaescolapios.org\/es\/#website"},"primaryImageOfPage":{"@id":"https:\/\/www.itakaescolapios.org\/en\/2021\/05\/semana-vocacional-2021\/#primaryimage"},"image":{"@id":"https:\/\/www.itakaescolapios.org\/en\/2021\/05\/semana-vocacional-2021\/#primaryimage"},"thumbnailUrl":"https:\/\/www.itakaescolapios.org\/wp-content\/uploads\/2021\/05\/Cartel-semana-vocacional-2021-scaled.jpg","datePublished":"2021-05-03T07:30:10+00:00","dateModified":"2023-11-28T11:36:02+00:00","breadcrumb":{"@id":"https:\/\/www.itakaescolapios.org\/en\/2021\/05\/semana-vocacional-2021\/#breadcrumb"},"inLanguage":"en-US","potentialAction":[{"@type":"ReadAction","target":["https:\/\/www.itakaescolapios.org\/en\/2021\/05\/semana-vocacional-2021\/"]}]},{"@type":"ImageObject","inLanguage":"en-US","@id":"https:\/\/www.itakaescolapios.org\/en\/2021\/05\/semana-vocacional-2021\/#primaryimage","url":"https:\/\/www.itakaescolapios.org\/wp-content\/uploads\/2021\/05\/Cartel-semana-vocacional-2021-scaled.jpg","contentUrl":"https:\/\/www.itakaescolapios.org\/wp-content\/uploads\/2021\/05\/Cartel-semana-vocacional-2021-scaled.jpg","width":1061,"height":1500},{"@type":"BreadcrumbList","@id":"https:\/\/www.itakaescolapios.org\/en\/2021\/05\/semana-vocacional-2021\/#breadcrumb","itemListElement":[{"@type":"ListItem","position":1,"name":"Proof","item":"https:\/\/www.itakaescolapios.org\/es\/"},{"@type":"ListItem","position":2,"name":"SEMANA VOCACIONAL 2021"}]},{"@type":"WebSite","@id":"https:\/\/www.itakaescolapios.org\/en\/es\/#website","url":"https:\/\/www.itakaescolapios.org\/en\/es\/","name":"Itaka-Escolapios","description":"Red de Itaka-Escolapios","publisher":{"@id":"https:\/\/www.itakaescolapios.org\/en\/es\/#organization"},"potentialAction":[{"@type":"SearchAction","target":{"@type":"EntryPoint","urlTemplate":"https:\/\/www.itakaescolapios.org\/en\/es\/?s={search_term_string}"},"query-input":{"@type":"PropertyValueSpecification","valueRequired":true,"valueName":"search_term_string"}}],"inLanguage":"en-US"},{"@type":"Organization","@id":"https:\/\/www.itakaescolapios.org\/en\/es\/#organization","name":"Fundaci\u00f3 Itaka-Escolapios","url":"https:\/\/www.itakaescolapios.org\/en\/es\/","logo":{"@type":"ImageObject","inLanguage":"en-US","@id":"https:\/\/www.itakaescolapios.org\/en\/es\/#\/schema\/logo\/image\/","url":"https:\/\/www.itakaescolapios.org\/wp-content\/uploads\/2024\/04\/Logo-itakaescolapios-peque.png","contentUrl":"https:\/\/www.itakaescolapios.org\/wp-content\/uploads\/2024\/04\/Logo-itakaescolapios-peque.png","width":500,"height":199,"caption":"Fundaci\u00f3 Itaka-Escolapios"},"image":{"@id":"https:\/\/www.itakaescolapios.org\/en\/es\/#\/schema\/logo\/image\/"}},{"@type":"Person","@id":"https:\/\/www.itakaescolapios.org\/es\/#\/schema\/person\/670123daeb1cc31cae1b106740036ccb","name":"itaka","url":"https:\/\/www.itakaescolapios.org\/en\/author\/itaka\/"}]}},"_links":{"self":[{"href":"https:\/\/www.itakaescolapios.org\/en\/wp-json\/wp\/v2\/posts\/33042","targetHints":{"allow":["GET"]}}],"collection":[{"href":"https:\/\/www.itakaescolapios.org\/en\/wp-json\/wp\/v2\/posts"}],"about":[{"href":"https:\/\/www.itakaescolapios.org\/en\/wp-json\/wp\/v2\/types\/post"}],"author":[{"embeddable":true,"href":"https:\/\/www.itakaescolapios.org\/en\/wp-json\/wp\/v2\/users\/4"}],"replies":[{"embeddable":true,"href":"https:\/\/www.itakaescolapios.org\/en\/wp-json\/wp\/v2\/comments?post=33042"}],"version-history":[{"count":3,"href":"https:\/\/www.itakaescolapios.org\/en\/wp-json\/wp\/v2\/posts\/33042\/revisions"}],"predecessor-version":[{"id":44310,"href":"https:\/\/www.itakaescolapios.org\/en\/wp-json\/wp\/v2\/posts\/33042\/revisions\/44310"}],"wp:featuredmedia":[{"embeddable":true,"href":"https:\/\/www.itakaescolapios.org\/en\/wp-json\/wp\/v2\/media\/33043"}],"wp:attachment":[{"href":"https:\/\/www.itakaescolapios.org\/en\/wp-json\/wp\/v2\/media?parent=33042"}],"wp:term":[{"taxonomy":"category","embeddable":true,"href":"https:\/\/www.itakaescolapios.org\/en\/wp-json\/wp\/v2\/categories?post=33042"},{"taxonomy":"post_tag","embeddable":true,"href":"https:\/\/www.itakaescolapios.org\/en\/wp-json\/wp\/v2\/tags?post=33042"}],"curies":[{"name":"wp","href":"https:\/\/api.w.org\/{rel}","templated":true}]}}