{"id":330877,"date":"2026-03-07T19:29:49","date_gmt":"2026-03-07T18:29:49","guid":{"rendered":"https:\/\/www.itakaescolapios.org\/?p=330877"},"modified":"2026-03-07T19:29:58","modified_gmt":"2026-03-07T18:29:58","slug":"finaliza-el-encuentro-de-los-equipos-impulsores-de-la-red-en-roma","status":"publish","type":"post","link":"https:\/\/www.itakaescolapios.org\/en\/2026\/03\/finaliza-el-encuentro-de-los-equipos-impulsores-de-la-red-en-roma\/","title":{"rendered":"The meeting of the Network's driving teams in Rome comes to an end "},"content":{"rendered":"<p>[et_pb_section fb_built=&#8221;1&#8243; make_equal=&#8221;on&#8221; use_custom_gutter=&#8221;on&#8221; gutter_width=&#8221;2&#8243; specialty=&#8221;on&#8221; _builder_version=&#8221;4.24.3&#8243; _module_preset=&#8221;default&#8221; width=&#8221;100%&#8221; max_width=&#8221;100%&#8221; module_alignment=&#8221;center&#8221; inner_width=&#8221;90%&#8221; inner_max_width=&#8221;2222px&#8221; inner_module_alignment=&#8221;center&#8221; custom_margin=&#8221;0px||||false|false&#8221; custom_padding=&#8221;0px||||false|false&#8221; da_disable_devices=&#8221;off|off|off&#8221; global_colors_info=&#8221;{}&#8221; theme_builder_area=&#8221;post_content&#8221; da_is_popup=&#8221;off&#8221; da_exit_intent=&#8221;off&#8221; da_has_close=&#8221;on&#8221; da_alt_close=&#8221;off&#8221; da_dark_close=&#8221;off&#8221; da_not_modal=&#8221;on&#8221; da_is_singular=&#8221;off&#8221; da_with_loader=&#8221;off&#8221; da_has_shadow=&#8221;on&#8221;][et_pb_column type=&#8221;3_4&#8243; specialty_columns=&#8221;3&#8243; _builder_version=&#8221;4.16&#8243; custom_padding=&#8221;|||&#8221; global_colors_info=&#8221;{}&#8221; custom_padding__hover=&#8221;|||&#8221; theme_builder_area=&#8221;post_content&#8221;][et_pb_row_inner custom_padding_last_edited=&#8221;on|phone&#8221; _builder_version=&#8221;4.24.3&#8243; _module_preset=&#8221;default&#8221; module_alignment=&#8221;center&#8221; custom_padding=&#8221;|50px|4px||false|false&#8221; custom_padding_tablet=&#8221;|50px|4px||false|false&#8221; custom_padding_phone=&#8221;|0px|||false|false&#8221; border_color_all=&#8221;gcid-b1ace166-c11d-4c70-a679-55884e9ca298&#8243; border_style_all=&#8221;dotted&#8221; border_width_right=&#8221;3px&#8221; border_color_right=&#8221;gcid-b1ace166-c11d-4c70-a679-55884e9ca298&#8243; border_width_right_tablet=&#8221;3px&#8221; border_width_right_phone=&#8221;0px&#8221; border_width_right_last_edited=&#8221;on|desktop&#8221; collapsed=&#8221;off&#8221; global_colors_info=&#8221;{%22gcid-b1ace166-c11d-4c70-a679-55884e9ca298%22:%91%22border_color_all%22,%22border_color_right%22%93}&#8221; theme_builder_area=&#8221;post_content&#8221;][et_pb_column_inner saved_specialty_column_type=&#8221;3_4&#8243; _builder_version=&#8221;4.24.3&#8243; _module_preset=&#8221;default&#8221; global_colors_info=&#8221;{}&#8221; theme_builder_area=&#8221;post_content&#8221;][et_pb_text admin_label=&#8221;T\u00cdTULO NOTICIA&#8221; _builder_version=&#8221;4.27.4&#8243; _module_preset=&#8221;default&#8221; header_font=&#8221;Titulo Itaka-Escolapios|700|||||||&#8221; header_text_align=&#8221;center&#8221; header_text_color=&#8221;gcid-cca90ba6-297c-4d63-9e2c-8201011ef870&#8243; header_font_size=&#8221;50px&#8221; custom_margin=&#8221;||20px||false|false&#8221; custom_margin_tablet=&#8221;||20px||false|false&#8221; custom_margin_phone=&#8221;||20px||false|false&#8221; custom_margin_last_edited=&#8221;on|desktop&#8221; hover_enabled=&#8221;0&#8243; header_font_size_tablet=&#8221;55px&#8221; header_font_size_phone=&#8221;35px&#8221; header_font_size_last_edited=&#8221;on|phone&#8221; content_en_us=&#8221;<\/p>\n<h1><strong>The meeting of the Network&#8217;s driving teams in Rome comes to an end<\/strong><\/h1>\n<p>&#8221; content_fr_fr=&#8221;<\/p>\n<h1><strong>Fin de la rencontre des \u00e9quipes promotrices du R\u00e9seau \u00e0 Rome<\/strong><\/h1>\n<p>&#8221; content_eu=&#8221;<\/p>\n<h1><strong>Amaitu da Sarea sustatzen duten taldeen topaketa Erroman<\/strong><\/p>\n<\/h1>\n<p>&#8221; content_ca=&#8221;<\/p>\n<h1><strong>Finalitza l\u00b4encontre dels equips impulsors de la Xarxa a Roma<\/strong><\/p>\n<\/h1>\n<p>&#8221; content_pt_br=&#8221;<\/p>\n<h1><strong>Encerra-se o encontro das equipes promotoras da Rede em Roma<\/strong><\/h1>\n<p>&#8221; global_colors_info=&#8221;{%22gcid-cca90ba6-297c-4d63-9e2c-8201011ef870%22:%91%22header_text_color%22%93}&#8221; theme_builder_area=&#8221;post_content&#8221; sticky_enabled=&#8221;0&#8243;]<\/p>\n<h1><strong>Finaliza el encuentro de los equipos impulsores de la Red en Roma<\/strong><\/h1>\n<p>[\/et_pb_text][et_pb_text admin_label=&#8221;Fecha noticia no tocar&#8221; _builder_version=&#8221;4.27.4&#8243; _dynamic_attributes=&#8221;content&#8221; _module_preset=&#8221;default&#8221; text_font=&#8221;Titulo Itaka-Escolapios|700|||||||&#8221; text_text_color=&#8221;gcid-cca90ba6-297c-4d63-9e2c-8201011ef870&#8243; text_font_size=&#8221;16px&#8221; text_orientation=&#8221;right&#8221; global_colors_info=&#8221;{%22gcid-cca90ba6-297c-4d63-9e2c-8201011ef870%22:%91%22text_text_color%22%93}&#8221; theme_builder_area=&#8221;post_content&#8221;]@ET-DC@eyJkeW5hbWljIjp0cnVlLCJjb250ZW50IjoicG9zdF9kYXRlIiwic2V0dGluZ3MiOnsiYmVmb3JlIjoiIiwiYWZ0ZXIiOiIiLCJkYXRlX2Zvcm1hdCI6ImRlZmF1bHQiLCJjdXN0b21fZGF0ZV9mb3JtYXQiOiIifX0=@[\/et_pb_text][\/et_pb_column_inner][\/et_pb_row_inner][et_pb_row_inner _builder_version=&#8221;4.27.4&#8243; _module_preset=&#8221;default&#8221; border_width_right=&#8221;3px&#8221; border_color_right=&#8221;gcid-b1ace166-c11d-4c70-a679-55884e9ca298&#8243; border_style_right=&#8221;dotted&#8221; collapsed=&#8221;off&#8221; global_colors_info=&#8221;{%22gcid-b1ace166-c11d-4c70-a679-55884e9ca298%22:%91%22border_color_right%22%93}&#8221; theme_builder_area=&#8221;post_content&#8221;][et_pb_column_inner saved_specialty_column_type=&#8221;3_4&#8243; _builder_version=&#8221;4.27.4&#8243; _module_preset=&#8221;default&#8221; global_colors_info=&#8221;{}&#8221; theme_builder_area=&#8221;post_content&#8221;][et_pb_text admin_label=&#8221;CUERPO NOTICIA&#8221; _builder_version=&#8221;4.27.4&#8243; _module_preset=&#8221;default&#8221; text_font=&#8221;&#8211;et_global_body_font||||||||&#8221; text_font_size=&#8221;16px&#8221; width=&#8221;100%&#8221; module_alignment=&#8221;center&#8221; custom_padding=&#8221;|60px|||false|false&#8221; hover_enabled=&#8221;0&#8243; text_font_size_tablet=&#8221;16px&#8221; text_font_size_phone=&#8221;16px&#8221; text_font_size_last_edited=&#8221;on|desktop&#8221; content_en_us=&#8221;<\/p>\n<p>On Friday, March 6, the second and final day of the meeting held at the General House in Rome by the main driving teams of the Itaka-Escolapios Network took place: the General Congregation and the General Council of the Fraternity met with the Board of Trustees and the Executive Committee of Itaka-Escolapios to reflect on the role of the Network within the Pious Schools and the Fraternity as a whole.<\/p>\n<p>After a first day in which the General Congregation, the General Council of the Fraternity, and the president of the Itaka-Escolapios Network shared their reflections on the current situation of Itaka-Escolapios, on this second day several working sessions were held, followed by moments of conversation and discussion in groups. Igor Irigoyen, General Coordinator of the Network, opened the day with an overview of the reality of Itaka-Escolapios in the 11 districts that form part of this Piarist Network. Mayte Ram\u00edrez and Constanza de las Marinas led a second session dedicated to discussing the organization of the Network, and Ander Mijangos offered a final session on the financial administration of the Network. It was a day of interesting reflections that will be included in a final communiqu\u00e9 that is being finalized and will be released in the coming days.<\/p>\n<p>These two days were spent reviewing the path of Itaka-Escolapios, from its 25-year history to the present moment and the next steps in the construction of this Network, with a very positive assessment of the meaning of this platform of shared mission between religious and lay people. At the end, the 19 people who participated in the meeting addressed practical organizational issues for the coming months before concluding the meeting, recalling that next Saturday, March 14, the Network will celebrate the main event of its 25th anniversary %91link to the anniversary page%93, where the commemoration of this anniversary will be resumed, this time in a more celebratory tone.<\/p>\n<p>&#8221; content_fr_fr=&#8221;<\/p>\n<p>Le vendredi 6 mars s&#8217;est tenue la deuxi\u00e8me et derni\u00e8re journ\u00e9e de la rencontre qui a r\u00e9uni \u00e0 la Maison g\u00e9n\u00e9rale de Rome les principales \u00e9quipes promotrices du R\u00e9seau Itaka-Escolapios : la Congr\u00e9gation g\u00e9n\u00e9rale et le Conseil g\u00e9n\u00e9ral de la Fraternit\u00e9 se sont r\u00e9unis avec le Conseil d&#8217;administration et la Commission ex\u00e9cutive d&#8217;Itaka-Escolapios pour r\u00e9fl\u00e9chir au r\u00f4le du r\u00e9seau dans l&#8217;ensemble des \u00c9coles Pies et de la Fraternit\u00e9.<\/p>\n<p>Apr\u00e8s une premi\u00e8re journ\u00e9e au cours de laquelle la Congr\u00e9gation g\u00e9n\u00e9rale, le Conseil g\u00e9n\u00e9ral de la Fraternit\u00e9 et le pr\u00e9sident du r\u00e9seau Itaka-Escolapios ont partag\u00e9 leurs r\u00e9flexions sur la situation actuelle d&#8217;Itaka-Escolapios, plusieurs s\u00e9ances de travail suivies de moments de conversation et de d\u00e9bat en groupes ont eu lieu au cours de cette deuxi\u00e8me journ\u00e9e. Igor Irigoyen, coordinateur g\u00e9n\u00e9ral du r\u00e9seau, a ouvert la journ\u00e9e en pr\u00e9sentant un aper\u00e7u de la r\u00e9alit\u00e9 d&#8217;Itaka-Escolapios dans les 11 districts qui font partie de ce r\u00e9seau piariste. Mayte Ram\u00edrez et Constanza de las Marinas ont anim\u00e9 une deuxi\u00e8me session consacr\u00e9e \u00e0 l&#8217;organisation du r\u00e9seau, et Ander Mijangos a propos\u00e9 une derni\u00e8re session sur la gestion \u00e9conomique du r\u00e9seau. Ce fut une journ\u00e9e riche en r\u00e9flexions int\u00e9ressantes qui seront reprises dans un communiqu\u00e9 final en cours de r\u00e9daction et qui sera publi\u00e9 dans les prochains jours.<\/p>\n<p>Ces deux journ\u00e9es ont \u00e9t\u00e9 consacr\u00e9es \u00e0 l&#8217;examen du parcours d&#8217;Itaka-Escolapios, depuis ses 25 ans d&#8217;existence, \u00e0 la situation actuelle et aux prochaines \u00e9tapes de la construction de ce r\u00e9seau, en appr\u00e9ciant tr\u00e8s positivement le sens de cette plateforme de mission partag\u00e9e entre religieux et la\u00efcs. \u00c0 la fin de la rencontre, les 19 personnes qui y ont particip\u00e9 ont abord\u00e9 des questions pratiques d&#8217;organisation pour les mois \u00e0 venir, en rappelant que samedi prochain, 14 mars, le r\u00e9seau c\u00e9l\u00e9brera l&#8217;\u00e9v\u00e9nement central de son 25e anniversaire %91lien vers la page de l&#8217;anniversaire%93, o\u00f9 la comm\u00e9moration de cet anniversaire sera reprise, cette fois dans un esprit plus festif.<\/p>\n<p>&#8221; content_eu=&#8221;<\/p>\n<p>Martxoaren 6an, ostirala, Itaka-Eskolapioen Sarea bultzatzen duten talde nagusiek Erromako Etxe Nagusian egin duten topaketaren bigarren eta azken jardunaldia ospatu zen: Senidetasunaren Kongregazio Nagusia eta Kontseilu Nagusia Itaka-Eskolapioen Patronatuarekin eta Batzorde Betearazlearekin bildu dira, Sareak Eskola Pien eta Anaitasunaren multzoan duen eginkizunari buruz hausnartzeko.<\/p>\n<p>Lehen egunean Kongregazio Nagusiak, Anaitasunaren Kontseilu Nagusiak eta Itaka-Eskolapioen Sareko presidenteak Itaka-Eskolapioen egungo egoerari buruzko hausnarketa partekatu ondoren, bigarren jardunaldi horretan hainbat lan-saio egin ziren, ondoren taldekako elkarrizketa- eta eztabaida-uneak. Igor Irigoyen Sareko koordinatzaile nagusiak eman zion hasiera jardunaldiari, Itaka-Eskolapioen errealitatearen panoramika eskainiz eskolapia-sare honetako 11 barrutietan. Mayte Ramirezek eta Constanza de las Marinasek Sarearen antolakuntzari buruzko bigarren saio bat dinamizatu zuten, eta Ander Mijangosek Sarearen administrazio ekonomikoari buruzko azken saio bat eskaini zuen. Hausnarketa interesgarriko jardunaldia izan zen, eta azken komunikatu batean jasoko dira. Azken hori prestatzen ari dira eta datozen egunetan jakinaraziko da.<\/p>\n<p>Itaka-Eskolapioen bidea berrikusteko bi jardunaldi izan dira, 25 urteko ibilbidetik, egungo momentutik eta sare hori eraikitzeko hurrengo urratsetatik, eta oso positiboki baloratu da erlijiosoek eta laikoek partekatzen duten misio-plataforma horren zentzua. Amaieran, topaketan parte hartu duten 19 pertsonek datozen hilabeteetako antolakuntzari buruzko gai praktikoak jorratu zituzten topaketa amaitu aurretik, eta gogorarazi zuten datorren larunbatean, martxoaren 14an, Sareak bere 25. urteurrenaren ekitaldi nagusia egingo duela %91urteurrenaren orrialdea lotzea%93, eta, oraingoan, ospakizun gisa, urteurren horren oroitzapenari helduko zaiola berriro.<\/p>\n<p>&nbsp;<\/p>\n<p>&#8221; content_ca=&#8221;<\/p>\n<p>El divendres 6 de mar\u00e7, es va celebrar la segona i \u00faltima jornada de l\u00b4encontre que han mantingut a la Casa General de Roma els principals equips impulsors de la Xarxa Itaka-Escolapis: la Congregaci\u00f3 General i el Consell General de la Fraternitat s&#8217;han reunit juntament amb el Patronat i la Comissi\u00f3 Executiva d&#8217;Itaka-Escolapis per a reflexionar sobre el paper de la Xarxa en el conjunt de l&#8217;Escola Pia i la Fraternitat.<\/p>\n<p>Despr\u00e9s d&#8217;una primera jornada on la Congregaci\u00f3 General, el Consell General de la Fraternitat i el president de la Xarxa Itaka-Escolapis van compartir la seua reflexi\u00f3 sobre el moment actual d&#8217;Itaka-Escolapis, en aquesta segona jornada es van celebrar diverses sessions de treball seguides de moments de conversa i debat en grups. Va obrir la jornada Igor Irigoyen, Coordinador General de la Xarxa, oferint una panor\u00e0mica de la realitat d&#8217;Itaka-Escolapis en les 11 demarcacions que formen part d&#8217;aquesta Xarxa escol\u00e0pia. Mayte Ram\u00edrez i Constanza de les Marines van dinamitzar una segona sessi\u00f3 dedicada a parlar de l&#8217;organitzaci\u00f3 de la Xarxa, i Ander Mijangos va oferir una \u00faltima sessi\u00f3 sobre l&#8217;administraci\u00f3 econ\u00f2mica de la Xarxa. Va ser una jornada d&#8217;interessants reflexions que s&#8217;arreplegaran en un comunicat final que s&#8217;est\u00e0 acabant d&#8217;elaborar i es donar\u00e0 a con\u00e8ixer en els pr\u00f2xims dies.<\/p>\n<p>Han sigut dos jornades de revisar el cam\u00ed d&#8217;Itaka-Escolapis, des dels seus 25 anys de recorregut, el moment actual i els pr\u00f2xims passos en la construcci\u00f3 d&#8217;aquesta Xarxa, valorant-se molt positivament el sentit d&#8217;aquesta plataforma de missi\u00f3 compartida entre religiosos i laics i laiques. En finalitzar, les 19 persones que han participat en la trobada van abordar q\u00fcestions pr\u00e0ctiques d&#8217;organitzaci\u00f3 dels pr\u00f2xims mesos abans de finalitzar l\u00b4encontre, recordant que dissabte que ve, 14 de mar\u00e7, la Xarxa celebrar\u00e0 l&#8217;acte central del seu 25 aniversari %91enlla\u00e7ar la p\u00e0gina de l&#8217;aniversari%93 on es reprendr\u00e0, aquesta vegada en clau m\u00e9s celebrativa, la commemoraci\u00f3 d&#8217;aquest aniversari.<\/p>\n<p>&#8221; content_pt_br=&#8221;<\/p>\n<p>Na sexta-feira, 6 de mar\u00e7o, realizou-se a segunda e \u00faltima jornada do encontro que as principais equipes promotoras da Rede Itaka-Escolapios mantiveram na Casa Geral de Roma: a Congrega\u00e7\u00e3o Geral e o Conselho Geral da Fraternidade se reuniram com o Conselho de Administra\u00e7\u00e3o e a Comiss\u00e3o Executiva da Itaka-Escolapios para refletir sobre o papel da Rede no conjunto das Escolas Pias e da Fraternidade.<\/p>\n<p>Ap\u00f3s um primeiro dia em que a Congrega\u00e7\u00e3o Geral, o Conselho Geral da Fraternidade e o presidente da Rede Itaka-Escolapios compartilharam suas reflex\u00f5es sobre o momento atual da Itaka-Escolapios, neste segundo dia foram realizadas v\u00e1rias sess\u00f5es de trabalho seguidas de momentos de conversa e debate em grupos. Igor Irigoyen, Coordenador Geral da Rede, abriu o dia oferecendo uma vis\u00e3o geral da realidade da Itaka-Escolapios nas 11 demarca\u00e7\u00f5es que fazem parte desta Rede escolapia. Mayte Ram\u00edrez e Constanza de las Marinas dinamizaram uma segunda sess\u00e3o dedicada a falar sobre a organiza\u00e7\u00e3o da Rede, e Ander Mijangos ofereceu uma \u00faltima sess\u00e3o sobre a administra\u00e7\u00e3o econ\u00f4mica da Rede. Foi um dia de reflex\u00f5es interessantes que ser\u00e3o reunidas em um comunicado final que est\u00e1 sendo finalizado e ser\u00e1 divulgado nos pr\u00f3ximos dias.<\/p>\n<p>Foram dois dias de revis\u00e3o do caminho percorrido pela Itaka-Escolapios, desde seus 25 anos de trajet\u00f3ria, o momento atual e os pr\u00f3ximos passos na constru\u00e7\u00e3o desta Rede, avaliando-se muito positivamente o sentido desta plataforma de miss\u00e3o compartilhada entre religiosos e leigos. No final, as 19 pessoas que participaram do encontro abordaram quest\u00f5es pr\u00e1ticas de organiza\u00e7\u00e3o dos pr\u00f3ximos meses antes de encerrar o encontro, lembrando que no pr\u00f3ximo s\u00e1bado, 14 de mar\u00e7o, a Rede celebrar\u00e1 o ato central de seu 25\u00ba anivers\u00e1rio %91link para a p\u00e1gina do anivers\u00e1rio%93, onde ser\u00e1 retomada, desta vez de forma mais comemorativa, a comemora\u00e7\u00e3o deste anivers\u00e1rio.<\/p>\n<p>&nbsp;<\/p>\n<p>&nbsp;<\/p>\n<p>&#8221; global_colors_info=&#8221;{}&#8221; theme_builder_area=&#8221;post_content&#8221; sticky_enabled=&#8221;0&#8243;]<\/p>\n<p>El viernes 6 de marzo, se celebr\u00f3 la segunda y \u00faltima jornada del encuentro que han mantenido en la Casa General de Roma los principales equipos impulsores de la Red Itaka-Escolapios: la Congregaci\u00f3n General y el Consejo General de la Fraternidad se han reunido junto con el Patronato y la Comisi\u00f3n Ejecutiva de Itaka-Escolapios para reflexionar sobre el papel de la Red en el conjunto de las Escuelas P\u00edas y la Fraternidad.<\/p>\n<p>Tras una primera jornada donde la Congregaci\u00f3n General, el Consejo General de la Fraternidad y el presidente de la Red Itaka-Escolapios compartieron su reflexi\u00f3n sobre el momento actual de Itaka-Escolapios, en esta segunda jornada se celebraron varias sesiones de trabajo seguidas de momentos de conversaci\u00f3n y debate en grupos. Abri\u00f3 la jornada Igor Irigoyen, Coordinador General de la Red, ofreciendo una panor\u00e1mica de la realidad de Itaka-Escolapios en las 11 demarcaciones que forman parte de esta Red escolapia. Mayte Ram\u00edrez y Constanza de las Marinas dinamizaron una segunda sesi\u00f3n dedicada a hablar de la organizaci\u00f3n de la Red, y Ander Mijangos ofreci\u00f3 una \u00faltima sesi\u00f3n sobre la administraci\u00f3n econ\u00f3mica de la Red. Fue una jornada de interesantes reflexiones que se recoger\u00e1n en un comunicado final que se est\u00e1 terminando de elaborar y se dar\u00e1 a conocer en los pr\u00f3ximos d\u00edas.<\/p>\n<p>Han sido dos jornadas de revisar el camino de Itaka-Escolapios, desde sus 25 a\u00f1os de recorrido, el momento actual y los pr\u00f3ximos pasos en la construcci\u00f3n de esta Red, valor\u00e1ndose muy positivamente el sentido de esta plataforma de misi\u00f3n compartida entre religiosos y laicos y laicas. Al finalizar, las 19 personas que han participado en el encuentro abordaron cuestiones pr\u00e1cticas de organizaci\u00f3n de los pr\u00f3ximos meses antes de finalizar el encuentro, recordando que el pr\u00f3ximo s\u00e1bado, 14 de marzo, la Red celebrar\u00e1 el acto central de su 25 aniversario [enlazar la p\u00e1gina del aniversario] donde se retomar\u00e1, esta vez en clave m\u00e1s celebrativa, la conmemoraci\u00f3n de este aniversario.<\/p>\n<p>[\/et_pb_text][\/et_pb_column_inner][\/et_pb_row_inner][et_pb_row_inner admin_label=&#8221;Im\u00e1genes sede&#8221; _builder_version=&#8221;4.27.4&#8243; _module_preset=&#8221;default&#8221; custom_padding=&#8221;20px||||false|false&#8221; border_width_right=&#8221;3px&#8221; border_color_right=&#8221;gcid-b1ace166-c11d-4c70-a679-55884e9ca298&#8243; border_style_right=&#8221;dotted&#8221; border_width_right_tablet=&#8221;3px&#8221; border_width_right_phone=&#8221;0px&#8221; border_width_right_last_edited=&#8221;on|desktop&#8221; collapsed=&#8221;off&#8221; global_colors_info=&#8221;{%22gcid-b1ace166-c11d-4c70-a679-55884e9ca298%22:%91%22border_color_right%22%93}&#8221; theme_builder_area=&#8221;post_content&#8221;][et_pb_column_inner saved_specialty_column_type=&#8221;3_4&#8243; _builder_version=&#8221;4.27.4&#8243; _module_preset=&#8221;default&#8221; global_colors_info=&#8221;{}&#8221; theme_builder_area=&#8221;post_content&#8221;][difl_imagecarousel item_desktop=&#8221;2&#8243; item_tablet=&#8221;1&#8243; loop=&#8221;on&#8221; dots=&#8221;on&#8221; use_lightbox=&#8221;on&#8221; arrow_color=&#8221;gcid-b1ace166-c11d-4c70-a679-55884e9ca298&#8243; dots_color=&#8221;gcid-cca90ba6-297c-4d63-9e2c-8201011ef870&#8243; active_dots_color=&#8221;gcid-b1ace166-c11d-4c70-a679-55884e9ca298&#8243; _builder_version=&#8221;4.27.4&#8243; _module_preset=&#8221;default&#8221; overflow-x=&#8221;hidden&#8221; overflow-y=&#8221;hidden&#8221; custom_margin=&#8221;|60px|||false|false&#8221; custom_margin_tablet=&#8221;|60px|||false|false&#8221; custom_margin_phone=&#8221;|60px|||false|false&#8221; custom_margin_last_edited=&#8221;on|desktop&#8221; hover_enabled=&#8221;0&#8243; custom_css_free_form=&#8221;selector .df_ici_container {margin: 0 auto;}&#8221; global_colors_info=&#8221;{%22gcid-b1ace166-c11d-4c70-a679-55884e9ca298%22:%91%22arrow_color%22,%22active_dots_color%22%93,%22gcid-cca90ba6-297c-4d63-9e2c-8201011ef870%22:%91%22dots_color%22%93}&#8221; theme_builder_area=&#8221;post_content&#8221; sticky_enabled=&#8221;0&#8243;][difl_imagecarouselitem _builder_version=&#8221;4.27.4&#8243; _module_preset=&#8221;default&#8221; theme_builder_area=&#8221;post_content&#8221; title_text=&#8221;Encuentro Itaka Escolapios&#8221; image=&#8221;https:\/\/www.itakaescolapios.org\/wp-content\/uploads\/2026\/03\/1000176294.jpg&#8221; hover_enabled=&#8221;0&#8243; sticky_enabled=&#8221;0&#8243;][\/difl_imagecarouselitem][difl_imagecarouselitem _builder_version=&#8221;4.27.4&#8243; _module_preset=&#8221;default&#8221; theme_builder_area=&#8221;post_content&#8221; title_text=&#8221;Itaka escolapios&#8221; image=&#8221;https:\/\/www.itakaescolapios.org\/wp-content\/uploads\/2026\/03\/1.jpeg&#8221; hover_enabled=&#8221;0&#8243; sticky_enabled=&#8221;0&#8243;][\/difl_imagecarouselitem][\/difl_imagecarousel][\/et_pb_column_inner][\/et_pb_row_inner][et_pb_row_inner _builder_version=&#8221;4.24.3&#8243; _module_preset=&#8221;default&#8221; custom_padding=&#8221;20px||||false|false&#8221; border_width_right=&#8221;3px&#8221; border_color_right=&#8221;gcid-b1ace166-c11d-4c70-a679-55884e9ca298&#8243; border_style_right=&#8221;dotted&#8221; border_width_right_tablet=&#8221;3px&#8221; border_width_right_phone=&#8221;0px&#8221; border_width_right_last_edited=&#8221;on|desktop&#8221; collapsed=&#8221;on&#8221; global_colors_info=&#8221;{%22gcid-b1ace166-c11d-4c70-a679-55884e9ca298%22:%91%22border_color_right%22%93}&#8221; theme_builder_area=&#8221;post_content&#8221;][et_pb_column_inner saved_specialty_column_type=&#8221;3_4&#8243; _builder_version=&#8221;4.24.3&#8243; _module_preset=&#8221;default&#8221; global_colors_info=&#8221;{}&#8221; theme_builder_area=&#8221;post_content&#8221;][et_pb_text admin_label=&#8221;L\u00ednea divisoria&#8221; _builder_version=&#8221;4.27.4&#8243; _module_preset=&#8221;default&#8221; header_font=&#8221;IBM Plex Sans|700|||||||&#8221; header_text_color=&#8221;gcid-cca90ba6-297c-4d63-9e2c-8201011ef870&#8243; header_font_size=&#8221;40px&#8221; custom_margin=&#8221;|30px|||false|false&#8221; header_font_size_tablet=&#8221;55px&#8221; header_font_size_phone=&#8221;30px&#8221; header_font_size_last_edited=&#8221;on|phone&#8221; border_width_bottom=&#8221;3px&#8221; border_color_bottom=&#8221;gcid-b1ace166-c11d-4c70-a679-55884e9ca298&#8243; border_style_bottom=&#8221;dotted&#8221; global_colors_info=&#8221;{%22gcid-cca90ba6-297c-4d63-9e2c-8201011ef870%22:%91%22header_text_color%22%93,%22gcid-b1ace166-c11d-4c70-a679-55884e9ca298%22:%91%22border_color_bottom%22%93}&#8221; theme_builder_area=&#8221;post_content&#8221;][\/et_pb_text][difl_imagecarousel item_desktop=&#8221;3&#8243; admin_label=&#8221;Campa\u00f1a, educa y voluntariado&#8221; _builder_version=&#8221;4.27.4&#8243; _module_preset=&#8221;default&#8221; width_tablet=&#8221;&#8221; width_phone=&#8221;100%&#8221; width_last_edited=&#8221;on|desktop&#8221; custom_margin=&#8221;|62px|||false|false&#8221; custom_margin_tablet=&#8221;|62px|||false|false&#8221; custom_margin_phone=&#8221;|62px|||false|false&#8221; custom_margin_last_edited=&#8221;on|desktop&#8221; global_module=&#8221;316782&#8243; global_colors_info=&#8221;{}&#8221; custom_margin__hover_enabled=&#8221;off|desktop&#8221; custom_margin__hover=&#8221;|30px|||false|false&#8221; theme_builder_area=&#8221;post_content&#8221;][difl_imagecarouselitem image=&#8221;https:\/\/www.itakaescolapios.org\/wp-content\/uploads\/2025\/02\/campana-2526.jpg&#8221; ic_button_button_url_new_window=&#8221;1&#8243; _builder_version=&#8221;4.27.4&#8243; _module_preset=&#8221;default&#8221; link_option_url=&#8221;https:\/\/www.educa.itakaescolapios.org\/campanas\/2025-2026-25-anos-extendiendo-raices&#8221; image_en_us=&#8221;https:\/\/www.itakaescolapios.org\/wp-content\/uploads\/2025\/02\/BANNERS-CAMPANA-INFERIOR-5005002.jpg&#8221; image_fr_fr=&#8221;https:\/\/www.itakaescolapios.org\/wp-content\/uploads\/2025\/02\/BANNERS-CAMPANA-INFERIOR-5005003.jpg&#8221; image_eu=&#8221;https:\/\/www.itakaescolapios.org\/wp-content\/uploads\/2025\/02\/BANNERS-CAMPANA-INFERIOR-5005006.jpg&#8221; image_ca=&#8221;https:\/\/www.itakaescolapios.org\/wp-content\/uploads\/2025\/02\/BANNERS-CAMPANA-INFERIOR-5005005.jpg&#8221; image_pt_br=&#8221;https:\/\/www.itakaescolapios.org\/wp-content\/uploads\/2025\/02\/BANNERS-CAMPANA-INFERIOR-5005004.jpg&#8221; global_colors_info=&#8221;{}&#8221; theme_builder_area=&#8221;post_content&#8221;][\/difl_imagecarouselitem][difl_imagecarouselitem admin_label=&#8221;Voluntariado&#8221; image=&#8221;https:\/\/www.itakaescolapios.org\/wp-content\/uploads\/2025\/02\/BANNERS-VOLUNTARIADO-INFERIOR-500500.jpg&#8221; ic_button_button_url_new_window=&#8221;1&#8243; _builder_version=&#8221;4.27.4&#8243; _module_preset=&#8221;default&#8221; link_option_url=&#8221;https:\/\/www.itakaescolapios.org\/es\/haz-voluntariado\/&#8221; image_en_us=&#8221;https:\/\/www.itakaescolapios.org\/wp-content\/uploads\/2025\/02\/BANNERS-VOLUNTARIADO-INFERIOR-5005002.jpg&#8221; image_fr_fr=&#8221;https:\/\/www.itakaescolapios.org\/wp-content\/uploads\/2025\/02\/BANNERS-VOLUNTARIADO-INFERIOR-5005003.jpg&#8221; image_eu=&#8221;https:\/\/www.itakaescolapios.org\/wp-content\/uploads\/2025\/02\/BANNERS-VOLUNTARIADO-INFERIOR-5005006.jpg&#8221; image_ca=&#8221;https:\/\/www.itakaescolapios.org\/wp-content\/uploads\/2025\/02\/BANNERS-VOLUNTARIADO-INFERIOR-5005004.jpg&#8221; image_pt_br=&#8221;https:\/\/www.itakaescolapios.org\/wp-content\/uploads\/2025\/02\/BANNERS-VOLUNTARIADO-INFERIOR-5005005.jpg&#8221; global_colors_info=&#8221;{}&#8221; theme_builder_area=&#8221;post_content&#8221;][\/difl_imagecarouselitem][difl_imagecarouselitem image=&#8221;https:\/\/www.itakaescolapios.org\/wp-content\/uploads\/2025\/02\/BANNERS-EDUCA-INFERIOR-500500.jpg&#8221; ic_button_button_url_new_window=&#8221;1&#8243; _builder_version=&#8221;4.27.4&#8243; _module_preset=&#8221;default&#8221; link_option_url=&#8221;https:\/\/www.educa.itakaescolapios.org\/&#8221; image_en_us=&#8221;https:\/\/www.itakaescolapios.org\/wp-content\/uploads\/2025\/02\/BANNERS-EDUCA-INFERIOR-5005002.jpg&#8221; image_fr_fr=&#8221;https:\/\/www.itakaescolapios.org\/wp-content\/uploads\/2025\/02\/BANNERS-EDUCA-INFERIOR-5005003.jpg&#8221; image_eu=&#8221;https:\/\/www.itakaescolapios.org\/wp-content\/uploads\/2025\/02\/BANNERS-EDUCA-INFERIOR-5005006.jpg&#8221; image_ca=&#8221;https:\/\/www.itakaescolapios.org\/wp-content\/uploads\/2025\/02\/BANNERS-EDUCA-INFERIOR-5005005.jpg&#8221; image_pt_br=&#8221;https:\/\/www.itakaescolapios.org\/wp-content\/uploads\/2025\/02\/BANNERS-EDUCA-INFERIOR-5005004.jpg&#8221; global_colors_info=&#8221;{}&#8221; theme_builder_area=&#8221;post_content&#8221;][\/difl_imagecarouselitem][\/difl_imagecarousel][\/et_pb_column_inner][\/et_pb_row_inner][\/et_pb_column][et_pb_column type=&#8221;1_4&#8243; _builder_version=&#8221;4.16&#8243; custom_padding=&#8221;|||&#8221; global_colors_info=&#8221;{}&#8221; custom_padding__hover=&#8221;|||&#8221; theme_builder_area=&#8221;post_content&#8221;][difl_imagecarousel item_desktop=&#8221;1&#8243; item_tablet=&#8221;1&#8243; loop=&#8221;on&#8221; autoplay=&#8221;on&#8221; autospeed=&#8221;3500&#8243; dots=&#8221;on&#8221; dots_color=&#8221;gcid-cca90ba6-297c-4d63-9e2c-8201011ef870&#8243; active_dots_color=&#8221;gcid-b1ace166-c11d-4c70-a679-55884e9ca298&#8243; dots_gap=&#8221;21px&#8221; item_wrapper_padding=&#8221;||15px||false|false&#8221; admin_label=&#8221;Ser miembro y newsletter&#8221; module_class=&#8221;extiendeenlacedeboton&#8221; _builder_version=&#8221;4.27.4&#8243; _module_preset=&#8221;default&#8221; global_module=&#8221;51656&#8243; saved_tabs=&#8221;all&#8221; locked=&#8221;off&#8221; global_colors_info=&#8221;{%22gcid-cca90ba6-297c-4d63-9e2c-8201011ef870%22:%91%22dots_color%22%93,%22gcid-b1ace166-c11d-4c70-a679-55884e9ca298%22:%91%22active_dots_color%22%93}&#8221; theme_builder_area=&#8221;post_content&#8221;][difl_imagecarouselitem image=&#8221;https:\/\/www.itakaescolapios.org\/wp-content\/uploads\/2025\/02\/banners-500&#215;500-esp.jpg&#8221; ic_button_button_text=&#8221;bot&#8221; ic_button_button_url=&#8221;\/es\/colabora&#8221; ic_button_button_url_new_window=&#8221;1&#8243; _builder_version=&#8221;4.27.4&#8243; _module_preset=&#8221;default&#8221; image_en_us=&#8221;https:\/\/www.itakaescolapios.org\/wp-content\/uploads\/2025\/02\/banners-500&#215;500-eng.jpg&#8221; ic_button_button_text_en_us=&#8221;bot&#8221; image_fr_fr=&#8221;https:\/\/www.itakaescolapios.org\/wp-content\/uploads\/2025\/02\/banners-500&#215;500-fra.jpg&#8221; ic_button_button_text_fr_fr=&#8221;bot&#8221; image_eu=&#8221;https:\/\/www.itakaescolapios.org\/wp-content\/uploads\/2025\/02\/banners-500&#215;500-eusk.jpg&#8221; ic_button_button_text_eu=&#8221;bot&#8221; image_ca=&#8221;https:\/\/www.itakaescolapios.org\/wp-content\/uploads\/2025\/02\/banners-500&#215;500-val.jpg&#8221; ic_button_button_text_ca=&#8221;bot&#8221; image_pt_br=&#8221;https:\/\/www.itakaescolapios.org\/wp-content\/uploads\/2025\/02\/banners-500&#215;500-port.jpg&#8221; ic_button_button_text_pt_br=&#8221;bot&#8221; global_colors_info=&#8221;{}&#8221; theme_builder_area=&#8221;post_content&#8221;][\/difl_imagecarouselitem][difl_imagecarouselitem image=&#8221;https:\/\/www.itakaescolapios.org\/wp-content\/uploads\/2025\/02\/banners-500&#215;500-esp2.png&#8221; ic_button_button_text=&#8221;bot&#8221; ic_button_button_url=&#8221;\/es\/suscribete\/&#8221; ic_button_button_url_new_window=&#8221;1&#8243; _builder_version=&#8221;4.27.4&#8243; _module_preset=&#8221;default&#8221; image_en_us=&#8221;https:\/\/www.itakaescolapios.org\/wp-content\/uploads\/2025\/02\/banners-500&#215;500-eng2.jpg&#8221; ic_button_button_text_en_us=&#8221;bot&#8221; image_fr_fr=&#8221;https:\/\/www.itakaescolapios.org\/wp-content\/uploads\/2025\/02\/banners-500&#215;500-fra2.jpg&#8221; ic_button_button_text_fr_fr=&#8221;bot&#8221; image_eu=&#8221;https:\/\/www.itakaescolapios.org\/wp-content\/uploads\/2025\/02\/banners-500&#215;500-eusk2.jpg&#8221; ic_button_button_text_eu=&#8221;bot&#8221; image_ca=&#8221;https:\/\/www.itakaescolapios.org\/wp-content\/uploads\/2025\/02\/banners-500&#215;500-val2.jpg&#8221; ic_button_button_text_ca=&#8221;bot&#8221; image_pt_br=&#8221;https:\/\/www.itakaescolapios.org\/wp-content\/uploads\/2025\/02\/banners-500&#215;500-port2.jpg&#8221; ic_button_button_text_pt_br=&#8221;bot&#8221; global_colors_info=&#8221;{}&#8221; theme_builder_area=&#8221;post_content&#8221;][\/difl_imagecarouselitem][\/difl_imagecarousel][et_pb_text admin_label=&#8221;Texto %22\u00daltimas noticias%22&#8243; _builder_version=&#8221;4.25.0&#8243; _module_preset=&#8221;default&#8221; header_font=&#8221;IBM Plex Sans|700|||||||&#8221; header_text_color=&#8221;gcid-cca90ba6-297c-4d63-9e2c-8201011ef870&#8243; header_font_size=&#8221;40px&#8221; custom_margin=&#8221;||||false|false&#8221; header_font_size_tablet=&#8221;55px&#8221; header_font_size_phone=&#8221;30px&#8221; header_font_size_last_edited=&#8221;on|phone&#8221; content_en_us=&#8221;<\/p>\n<h1>Last news<\/h1>\n<p>&#8221; content_fr_fr=&#8221;<\/p>\n<h1>Derni\u00e8res nouvelles<\/h1>\n<p>&#8221; content_eu=&#8221;<\/p>\n<h1>Azken berriak<\/h1>\n<p>&#8221; content_ca=&#8221;<\/p>\n<h1>\u00daltimes not\u00edcies<\/h1>\n<p>&#8221; content_pt_br=&#8221;<\/p>\n<h1>\u00daltimas not\u00edcias<\/h1>\n<p>&#8221; border_width_bottom=&#8221;3px&#8221; border_color_bottom=&#8221;gcid-b1ace166-c11d-4c70-a679-55884e9ca298&#8243; border_style_bottom=&#8221;dotted&#8221; global_module=&#8221;50904&#8243; saved_tabs=&#8221;all&#8221; global_colors_info=&#8221;{%22gcid-cca90ba6-297c-4d63-9e2c-8201011ef870%22:%91%22header_text_color%22,%22header_text_color%22%93,%22gcid-b1ace166-c11d-4c70-a679-55884e9ca298%22:%91%22border_color_bottom%22%93}&#8221; theme_builder_area=&#8221;post_content&#8221;]<\/p>\n<h1>\u00daltimas noticias<\/h1>\n<p>[\/et_pb_text][difl_blogcarousel posts_number=&#8221;6&#8243; post_display=&#8221;by_category&#8221; use_image_as_background=&#8221;on&#8221; item_desktop=&#8221;1&#8243; item_tablet=&#8221;1&#8243; loop=&#8221;on&#8221; dots=&#8221;on&#8221; equal_height=&#8221;on&#8221; item_background_bgcolor=&#8221;rgba(175,196,16,0.9)&#8221; arrow_color=&#8221;#FFFFFF&#8221; arrow_background=&#8221;gcid-cca90ba6-297c-4d63-9e2c-8201011ef870&#8243; arrow_circle=&#8221;on&#8221; arrow_prev_icon_use_icon=&#8221;off&#8221; arrow_prev_margin=&#8221;|||-70px|false|false&#8221; arrow_prev_margin_tablet=&#8221;&#8221; arrow_prev_margin_phone=&#8221;|||0px|false|false&#8221; arrow_prev_margin_last_edited=&#8221;on|phone&#8221; arrow_next_margin=&#8221;|-70px|||false|false&#8221; arrow_next_margin_tablet=&#8221;&#8221; arrow_next_margin_phone=&#8221;|0px|||false|false&#8221; arrow_next_margin_last_edited=&#8221;on|phone&#8221; large_active_dot=&#8221;on&#8221; dots_color=&#8221;gcid-cca90ba6-297c-4d63-9e2c-8201011ef870&#8243; active_dots_color=&#8221;gcid-b1ace166-c11d-4c70-a679-55884e9ca298&#8243; wrapper_padding=&#8221;||15px||false|false&#8221; item_wrapper_padding=&#8221;300px||||false|false&#8221; item_padding=&#8221;20px||||false|false&#8221; admin_label=&#8221;AQU\u00cd CAMBIA LA CATEGOR\u00cdA&#8221; _builder_version=&#8221;4.27.4&#8243; _module_preset=&#8221;default&#8221; hover_enabled=&#8221;0&#8243; border_radii_item_outer=&#8221;on|8px|8px|8px|8px&#8221; global_colors_info=&#8221;{%22gcid-b1ace166-c11d-4c70-a679-55884e9ca298%22:%91%22item_background_bgcolor%22,%22active_dots_color%22%93}&#8221; theme_builder_area=&#8221;post_content&#8221; include_categories=&#8221;30,707&#8243; sticky_enabled=&#8221;0&#8243;][difl_postitem type=&#8221;title&#8221; element_padding=&#8221;10px|10px||10px|false|true&#8221; _builder_version=&#8221;4.27.4&#8243; _module_preset=&#8221;default&#8221; post_font_style_font=&#8221;Merriweather|900|||||||&#8221; post_font_style_text_color=&#8221;#FFFFFF&#8221; post_font_style_font_size=&#8221;20px&#8221; post_font_style_line_height=&#8221;22px&#8221; background_color=&#8221;RGBA(255,255,255,0)&#8221; background_enable_color=&#8221;on&#8221; text_orientation=&#8221;center&#8221; global_colors_info=&#8221;{}&#8221; theme_builder_area=&#8221;post_content&#8221;][\/difl_postitem][difl_postitem type=&#8221;date&#8221; date_format=&#8221;j-F-Y&#8221; meta_display=&#8221;block&#8221; use_icon=&#8221;on&#8221; font_icon=&#8221;&#xe023;||divi||400&#8243; icon_color=&#8221;#FFFFFF&#8221; element_padding=&#8221;|10px||10px|false|true&#8221; _builder_version=&#8221;4.27.4&#8243; _module_preset=&#8221;default&#8221; post_font_style_font=&#8221;IBM Plex Sans|700|||||||&#8221; post_font_style_text_color=&#8221;#FFFFFF&#8221; post_font_style_font_size=&#8221;12px&#8221; background_color=&#8221;RGBA(255,255,255,0)&#8221; background_enable_color=&#8221;on&#8221; text_orientation=&#8221;right&#8221; global_colors_info=&#8221;{}&#8221; theme_builder_area=&#8221;post_content&#8221;][\/difl_postitem][\/difl_blogcarousel][et_pb_text admin_label=&#8221;Texto %22S\u00edguenos%22&#8243; _builder_version=&#8221;4.27.4&#8243; _module_preset=&#8221;default&#8221; header_font=&#8221;IBM Plex Sans|600|||||||&#8221; header_text_color=&#8221;#FFFFFF&#8221; background_color=&#8221;gcid-cca90ba6-297c-4d63-9e2c-8201011ef870&#8243; custom_margin=&#8221;0px||0px||true|false&#8221; custom_padding=&#8221;20px||||false|false&#8221; content_en_us=&#8221;<\/p>\n<h1 style=%22text-align: center;%22>Follow us<\/h1>\n<p>&#8221; content_fr_fr=&#8221;<\/p>\n<h1 style=%22text-align: center;%22>Suivez-nous sur<\/h1>\n<p>&#8221; content_eu=&#8221;<\/p>\n<h1 style=%22text-align: center;%22>Jarraitu<\/h1>\n<p>&#8221; content_ca=&#8221;<\/p>\n<h1 style=%22text-align: center;%22>Segueix-nos<\/h1>\n<p>&#8221; content_pt_br=&#8221;<\/p>\n<h1 style=%22text-align: center;%22>Siga-nos em<\/h1>\n<p>&#8221; border_radii=&#8221;off||15px||&#8221; global_colors_info=&#8221;{%22gcid-cca90ba6-297c-4d63-9e2c-8201011ef870%22:%91%22background_color%22%93}&#8221; theme_builder_area=&#8221;post_content&#8221;]<\/p>\n<h1 style=\"text-align: center;\">S\u00edguenos<\/h1>\n<p>[\/et_pb_text][et_pb_social_media_follow admin_label=&#8221;REDES SOCIALES SEDE&#8221; module_class=&#8221;redes-portada-sede&#8221; _builder_version=&#8221;4.25.1&#8243; _module_preset=&#8221;default&#8221; background_color=&#8221;gcid-cca90ba6-297c-4d63-9e2c-8201011ef870&#8243; text_orientation=&#8221;center&#8221; custom_margin=&#8221;0px||||false|false&#8221; custom_padding=&#8221;15px||15px||true|false&#8221; custom_css_free_form=&#8221;.redes-portada-sede.et_pb_module {border-bottom-left-radius: 15px !important;}&#8221; border_radii=&#8221;off|15px|15px|15px|15px&#8221; global_colors_info=&#8221;{%22gcid-cca90ba6-297c-4d63-9e2c-8201011ef870%22:%91%22background_color%22%93}&#8221; theme_builder_area=&#8221;post_content&#8221;][et_pb_social_media_follow_network social_network=&#8221;facebook&#8221; icon_color=&#8221;gcid-cca90ba6-297c-4d63-9e2c-8201011ef870&#8243; _builder_version=&#8221;4.24.3&#8243; _module_preset=&#8221;default&#8221; background_color=&#8221;#FFFFFF&#8221; background_enable_color=&#8221;on&#8221; global_colors_info=&#8221;{%22gcid-cca90ba6-297c-4d63-9e2c-8201011ef870%22:%91%22icon_color%22%93}&#8221; theme_builder_area=&#8221;post_content&#8221; follow_button=&#8221;off&#8221; url_new_window=&#8221;on&#8221;]facebook[\/et_pb_social_media_follow_network][et_pb_social_media_follow_network social_network=&#8221;instagram&#8221; icon_color=&#8221;gcid-cca90ba6-297c-4d63-9e2c-8201011ef870&#8243; _builder_version=&#8221;4.24.3&#8243; _module_preset=&#8221;default&#8221; background_color=&#8221;#FFFFFF&#8221; background_enable_color=&#8221;on&#8221; global_colors_info=&#8221;{%22gcid-cca90ba6-297c-4d63-9e2c-8201011ef870%22:%91%22icon_color%22%93}&#8221; theme_builder_area=&#8221;post_content&#8221; follow_button=&#8221;off&#8221; url_new_window=&#8221;on&#8221;]instagram[\/et_pb_social_media_follow_network][et_pb_social_media_follow_network social_network=&#8221;youtube&#8221; icon_color=&#8221;gcid-cca90ba6-297c-4d63-9e2c-8201011ef870&#8243; _builder_version=&#8221;4.24.3&#8243; _module_preset=&#8221;default&#8221; background_color=&#8221;#FFFFFF&#8221; background_enable_color=&#8221;on&#8221; global_colors_info=&#8221;{%22gcid-cca90ba6-297c-4d63-9e2c-8201011ef870%22:%91%22icon_color%22%93}&#8221; theme_builder_area=&#8221;post_content&#8221; follow_button=&#8221;off&#8221; url_new_window=&#8221;on&#8221;]youtube[\/et_pb_social_media_follow_network][\/et_pb_social_media_follow][difl_imagecarousel item_desktop=&#8221;1&#8243; item_tablet=&#8221;1&#8243; loop=&#8221;on&#8221; autoplay=&#8221;on&#8221; autospeed=&#8221;3500&#8243; dots=&#8221;on&#8221; dots_color=&#8221;gcid-cca90ba6-297c-4d63-9e2c-8201011ef870&#8243; active_dots_color=&#8221;gcid-b1ace166-c11d-4c70-a679-55884e9ca298&#8243; item_wrapper_padding=&#8221;||20px||false|false&#8221; admin_label=&#8221;Formaci\u00f3n, hemeroteca y formaci\u00f3n&#8221; module_class=&#8221;extiendeenlacedeboton&#8221; _builder_version=&#8221;4.27.4&#8243; _module_preset=&#8221;default&#8221; module_alignment=&#8221;center&#8221; custom_margin=&#8221;||||false|false&#8221; global_module=&#8221;51721&#8243; saved_tabs=&#8221;all&#8221; global_colors_info=&#8221;{%22gcid-cca90ba6-297c-4d63-9e2c-8201011ef870%22:%91%22dots_color%22%93,%22gcid-b1ace166-c11d-4c70-a679-55884e9ca298%22:%91%22active_dots_color%22%93}&#8221; custom_margin__hover_enabled=&#8221;on|hover&#8221; custom_margin__hover=&#8221;||||false|false&#8221; theme_builder_area=&#8221;post_content&#8221;][difl_imagecarouselitem admin_label=&#8221;Formaci\u00f3n&#8221; image=&#8221;https:\/\/www.itakaescolapios.org\/wp-content\/uploads\/2025\/02\/banners-500&#215;500-esp5.jpg&#8221; ic_button_button_text=&#8221;bot&#8221; ic_button_button_url=&#8221;\/es\/que-hacemos\/formacion\/&#8221; ic_button_button_url_new_window=&#8221;1&#8243; _builder_version=&#8221;4.27.4&#8243; _module_preset=&#8221;default&#8221; image_en_us=&#8221;https:\/\/www.itakaescolapios.org\/wp-content\/uploads\/2025\/02\/banners-500&#215;500-eng5.jpg&#8221; ic_button_button_text_en_us=&#8221;bot&#8221; image_fr_fr=&#8221;https:\/\/www.itakaescolapios.org\/wp-content\/uploads\/2025\/02\/banners-500&#215;500-fra5.jpg&#8221; ic_button_button_text_fr_fr=&#8221;bot&#8221; image_eu=&#8221;https:\/\/www.itakaescolapios.org\/wp-content\/uploads\/2025\/02\/banners-500&#215;500-eusk5.jpg&#8221; ic_button_button_text_eu=&#8221;bot&#8221; image_ca=&#8221;https:\/\/www.itakaescolapios.org\/wp-content\/uploads\/2025\/02\/banners-500&#215;500-val5.jpg&#8221; ic_button_button_text_ca=&#8221;bot&#8221; image_pt_br=&#8221;https:\/\/www.itakaescolapios.org\/wp-content\/uploads\/2025\/02\/banners-500&#215;500-port5.jpg&#8221; ic_button_button_text_pt_br=&#8221;bot&#8221; global_colors_info=&#8221;{}&#8221; theme_builder_area=&#8221;post_content&#8221;][\/difl_imagecarouselitem][difl_imagecarouselitem admin_label=&#8221;Publicaciones&#8221; image=&#8221;https:\/\/www.itakaescolapios.org\/wp-content\/uploads\/2025\/02\/banners-500&#215;500-esp3-1.jpg&#8221; ic_button_button_text=&#8221;bot&#8221; ic_button_button_url=&#8221;\/es\/publicaciones&#8221; ic_button_button_url_new_window=&#8221;1&#8243; _builder_version=&#8221;4.27.4&#8243; _module_preset=&#8221;default&#8221; image_en_us=&#8221;https:\/\/www.itakaescolapios.org\/wp-content\/uploads\/2025\/02\/banners-500&#215;500-eng3.jpg&#8221; ic_button_button_text_en_us=&#8221;bot&#8221; image_fr_fr=&#8221;https:\/\/www.itakaescolapios.org\/wp-content\/uploads\/2025\/02\/banners-500&#215;500-fra3.jpg&#8221; ic_button_button_text_fr_fr=&#8221;bot&#8221; image_eu=&#8221;https:\/\/www.itakaescolapios.org\/wp-content\/uploads\/2025\/02\/banners-500&#215;500-eusk3.jpg&#8221; ic_button_button_text_eu=&#8221;bot&#8221; image_ca=&#8221;https:\/\/www.itakaescolapios.org\/wp-content\/uploads\/2025\/02\/banners-500&#215;500-val3.jpg&#8221; ic_button_button_text_ca=&#8221;bot&#8221; image_pt_br=&#8221;https:\/\/www.itakaescolapios.org\/wp-content\/uploads\/2025\/02\/banners-500&#215;500-port3.jpg&#8221; ic_button_button_text_pt_br=&#8221;bot&#8221; global_colors_info=&#8221;{}&#8221; theme_builder_area=&#8221;post_content&#8221;][\/difl_imagecarouselitem][difl_imagecarouselitem admin_label=&#8221;Hemeroteca&#8221; image=&#8221;https:\/\/www.itakaescolapios.org\/wp-content\/uploads\/2025\/02\/banners-500&#215;500-esp4.jpg&#8221; ic_button_button_text=&#8221;bot&#8221; ic_button_button_url=&#8221;\/es\/noticias\/&#8221; ic_button_button_url_new_window=&#8221;1&#8243; _builder_version=&#8221;4.27.4&#8243; _module_preset=&#8221;default&#8221; image_en_us=&#8221;https:\/\/www.itakaescolapios.org\/wp-content\/uploads\/2025\/02\/banners-500&#215;500-eng4.jpg&#8221; ic_button_button_text_en_us=&#8221;bot&#8221; image_fr_fr=&#8221;https:\/\/www.itakaescolapios.org\/wp-content\/uploads\/2025\/02\/banners-500&#215;500-fra4.jpg&#8221; ic_button_button_text_fr_fr=&#8221;bot&#8221; image_eu=&#8221;https:\/\/www.itakaescolapios.org\/wp-content\/uploads\/2025\/02\/banners-500&#215;500-eusk4.jpg&#8221; ic_button_button_text_eu=&#8221;bot&#8221; image_ca=&#8221;https:\/\/www.itakaescolapios.org\/wp-content\/uploads\/2025\/02\/banners-500&#215;500-val4.jpg&#8221; ic_button_button_text_ca=&#8221;bot&#8221; image_pt_br=&#8221;https:\/\/www.itakaescolapios.org\/wp-content\/uploads\/2025\/02\/banners-500&#215;500-port4.jpg&#8221; ic_button_button_text_pt_br=&#8221;bot&#8221; global_colors_info=&#8221;{}&#8221; theme_builder_area=&#8221;post_content&#8221;][\/difl_imagecarouselitem][\/difl_imagecarousel][\/et_pb_column][\/et_pb_section]<\/p>\n","protected":false},"excerpt":{"rendered":"<p>On Friday, March 6, the second and final day of the meeting held at the General House in Rome by the main driving teams of the Itaka-Escolapios Network took place.<\/p>\n","protected":false},"author":69,"featured_media":330841,"comment_status":"closed","ping_status":"closed","sticky":false,"template":"","format":"standard","meta":{"_et_pb_use_builder":"on","_et_pb_old_content":"","_et_gb_content_width":"","footnotes":""},"categories":[707,30],"tags":[732,45,110,498,419,654],"class_list":["post-330877","post","type-post","status-publish","format-standard","has-post-thumbnail","hentry","category-25-aniversario","category-itaka-escolapios","tag-aniversairo","tag-encuentro","tag-escuelas-pias","tag-fraternidad-escolapia","tag-itaka-escolapios","tag-red"],"yoast_head":"<!-- This site is optimized with the Yoast SEO plugin v27.4 - https:\/\/yoast.com\/product\/yoast-seo-wordpress\/ -->\n<title>The meeting of the Network&#039;s driving teams in Rome comes to an end<\/title>\n<meta name=\"description\" content=\"On Friday, March 6, the second and final day of the meeting held at the General House in Rome by the main driving teams of the Itaka-Escolapios Network took place.\" \/>\n<meta name=\"robots\" content=\"index, follow, max-snippet:-1, max-image-preview:large, max-video-preview:-1\" \/>\n<link rel=\"canonical\" href=\"http:\/\/On%20Friday,%20March%206,%20the%20second%20and%20final%20day%20of%20the%20meeting%20held%20at%20the%20General%20House%20in%20Rome%20by%20the%20main%20driving%20teams%20of%20the%20Itaka-Escolapios%20Network%20took%20place.\" \/>\n<meta property=\"og:locale\" content=\"en_US\" \/>\n<meta property=\"og:type\" content=\"article\" \/>\n<meta property=\"og:title\" content=\"The meeting of the Network&#039;s driving teams in Rome comes to an end\" \/>\n<meta property=\"og:description\" content=\"On Friday, March 6, the second and final day of the meeting held at the General House in Rome by the main driving teams of the Itaka-Escolapios Network took place.\" \/>\n<meta property=\"og:url\" content=\"https:\/\/www.itakaescolapios.org\/en\/2026\/03\/finaliza-el-encuentro-de-los-equipos-impulsores-de-la-red-en-roma\/\" \/>\n<meta property=\"og:site_name\" content=\"Proofs in Itaka-Escolapios\" \/>\n<meta property=\"article:published_time\" content=\"2026-03-07T18:29:49+00:00\" \/>\n<meta property=\"article:modified_time\" content=\"2026-03-07T18:29:58+00:00\" \/>\n<meta property=\"og:image\" content=\"https:\/\/www.itakaescolapios.org\/wp-content\/uploads\/2026\/03\/1000176294.jpg\" \/>\n\t<meta property=\"og:image:width\" content=\"2000\" \/>\n\t<meta property=\"og:image:height\" content=\"924\" \/>\n\t<meta property=\"og:image:type\" content=\"image\/jpeg\" \/>\n<meta name=\"author\" content=\"Paz Su\u00f1er\" \/>\n<meta name=\"twitter:card\" content=\"summary_large_image\" \/>\n<meta name=\"twitter:label1\" content=\"Written by\" \/>\n\t<meta name=\"twitter:data1\" content=\"Paz Su\u00f1er\" \/>\n\t<meta name=\"twitter:label2\" content=\"Est. reading time\" \/>\n\t<meta name=\"twitter:data2\" content=\"5 minutes\" \/>\n<script type=\"application\/ld+json\" class=\"yoast-schema-graph\">{\"@context\":\"https:\\\/\\\/schema.org\",\"@graph\":[{\"@type\":\"Article\",\"@id\":\"https:\\\/\\\/www.itakaescolapios.org\\\/en\\\/2026\\\/03\\\/finaliza-el-encuentro-de-los-equipos-impulsores-de-la-red-en-roma\\\/#article\",\"isPartOf\":{\"@id\":\"https:\\\/\\\/www.itakaescolapios.org\\\/en\\\/2026\\\/03\\\/finaliza-el-encuentro-de-los-equipos-impulsores-de-la-red-en-roma\\\/\"},\"author\":{\"name\":\"Paz Su\u00f1er\",\"@id\":\"https:\\\/\\\/www.itakaescolapios.org\\\/es\\\/#\\\/schema\\\/person\\\/b4aee0bb1423368fa9a5439a0985739e\"},\"headline\":\"The meeting of the Network's driving teams in Rome comes to an end\",\"datePublished\":\"2026-03-07T18:29:49+00:00\",\"dateModified\":\"2026-03-07T18:29:58+00:00\",\"mainEntityOfPage\":{\"@id\":\"https:\\\/\\\/www.itakaescolapios.org\\\/en\\\/2026\\\/03\\\/finaliza-el-encuentro-de-los-equipos-impulsores-de-la-red-en-roma\\\/\"},\"wordCount\":5280,\"publisher\":{\"@id\":\"https:\\\/\\\/www.itakaescolapios.org\\\/es\\\/#organization\"},\"image\":{\"@id\":\"https:\\\/\\\/www.itakaescolapios.org\\\/en\\\/2026\\\/03\\\/finaliza-el-encuentro-de-los-equipos-impulsores-de-la-red-en-roma\\\/#primaryimage\"},\"thumbnailUrl\":\"https:\\\/\\\/www.itakaescolapios.org\\\/wp-content\\\/uploads\\\/2026\\\/03\\\/1000176294.jpg\",\"keywords\":[\"aniversairo\",\"Encuentro\",\"Escuelas P\u00edas\",\"Fraternidad Escolapia\",\"Itaka Escolapios\",\"red\"],\"articleSection\":[\"25 aniversario\",\"Itaka Escolapios\"],\"inLanguage\":\"en-US\"},{\"@type\":\"WebPage\",\"@id\":\"https:\\\/\\\/www.itakaescolapios.org\\\/en\\\/2026\\\/03\\\/finaliza-el-encuentro-de-los-equipos-impulsores-de-la-red-en-roma\\\/\",\"url\":\"https:\\\/\\\/www.itakaescolapios.org\\\/en\\\/2026\\\/03\\\/finaliza-el-encuentro-de-los-equipos-impulsores-de-la-red-en-roma\\\/\",\"name\":\"Finaliza el encuentro de los equipos impulsores de la Red en Roma - Proofs in Itaka-Escolapios\",\"isPartOf\":{\"@id\":\"https:\\\/\\\/www.itakaescolapios.org\\\/es\\\/#website\"},\"primaryImageOfPage\":{\"@id\":\"https:\\\/\\\/www.itakaescolapios.org\\\/en\\\/2026\\\/03\\\/finaliza-el-encuentro-de-los-equipos-impulsores-de-la-red-en-roma\\\/#primaryimage\"},\"image\":{\"@id\":\"https:\\\/\\\/www.itakaescolapios.org\\\/en\\\/2026\\\/03\\\/finaliza-el-encuentro-de-los-equipos-impulsores-de-la-red-en-roma\\\/#primaryimage\"},\"thumbnailUrl\":\"https:\\\/\\\/www.itakaescolapios.org\\\/wp-content\\\/uploads\\\/2026\\\/03\\\/1000176294.jpg\",\"datePublished\":\"2026-03-07T18:29:49+00:00\",\"dateModified\":\"2026-03-07T18:29:58+00:00\",\"breadcrumb\":{\"@id\":\"https:\\\/\\\/www.itakaescolapios.org\\\/en\\\/2026\\\/03\\\/finaliza-el-encuentro-de-los-equipos-impulsores-de-la-red-en-roma\\\/#breadcrumb\"},\"inLanguage\":\"en-US\",\"potentialAction\":[{\"@type\":\"ReadAction\",\"target\":[\"https:\\\/\\\/www.itakaescolapios.org\\\/en\\\/2026\\\/03\\\/finaliza-el-encuentro-de-los-equipos-impulsores-de-la-red-en-roma\\\/\"]}]},{\"@type\":\"ImageObject\",\"inLanguage\":\"en-US\",\"@id\":\"https:\\\/\\\/www.itakaescolapios.org\\\/en\\\/2026\\\/03\\\/finaliza-el-encuentro-de-los-equipos-impulsores-de-la-red-en-roma\\\/#primaryimage\",\"url\":\"https:\\\/\\\/www.itakaescolapios.org\\\/wp-content\\\/uploads\\\/2026\\\/03\\\/1000176294.jpg\",\"contentUrl\":\"https:\\\/\\\/www.itakaescolapios.org\\\/wp-content\\\/uploads\\\/2026\\\/03\\\/1000176294.jpg\",\"width\":2000,\"height\":924},{\"@type\":\"BreadcrumbList\",\"@id\":\"https:\\\/\\\/www.itakaescolapios.org\\\/en\\\/2026\\\/03\\\/finaliza-el-encuentro-de-los-equipos-impulsores-de-la-red-en-roma\\\/#breadcrumb\",\"itemListElement\":[{\"@type\":\"ListItem\",\"position\":1,\"name\":\"Proof\",\"item\":\"https:\\\/\\\/www.itakaescolapios.org\\\/es\\\/\"},{\"@type\":\"ListItem\",\"position\":2,\"name\":\"The meeting of the Network's driving teams in Rome comes to an end\"}]},{\"@type\":\"WebSite\",\"@id\":\"https:\\\/\\\/www.itakaescolapios.org\\\/en\\\/es\\\/#website\",\"url\":\"https:\\\/\\\/www.itakaescolapios.org\\\/en\\\/es\\\/\",\"name\":\"Itaka-Escolapios\",\"description\":\"Red de Itaka-Escolapios\",\"publisher\":{\"@id\":\"https:\\\/\\\/www.itakaescolapios.org\\\/en\\\/es\\\/#organization\"},\"potentialAction\":[{\"@type\":\"SearchAction\",\"target\":{\"@type\":\"EntryPoint\",\"urlTemplate\":\"https:\\\/\\\/www.itakaescolapios.org\\\/en\\\/es\\\/?s={search_term_string}\"},\"query-input\":{\"@type\":\"PropertyValueSpecification\",\"valueRequired\":true,\"valueName\":\"search_term_string\"}}],\"inLanguage\":\"en-US\"},{\"@type\":\"Organization\",\"@id\":\"https:\\\/\\\/www.itakaescolapios.org\\\/en\\\/es\\\/#organization\",\"name\":\"Fundaci\u00f3 Itaka-Escolapios\",\"url\":\"https:\\\/\\\/www.itakaescolapios.org\\\/en\\\/es\\\/\",\"logo\":{\"@type\":\"ImageObject\",\"inLanguage\":\"en-US\",\"@id\":\"https:\\\/\\\/www.itakaescolapios.org\\\/en\\\/es\\\/#\\\/schema\\\/logo\\\/image\\\/\",\"url\":\"https:\\\/\\\/www.itakaescolapios.org\\\/wp-content\\\/uploads\\\/2024\\\/04\\\/Logo-itakaescolapios-peque.png\",\"contentUrl\":\"https:\\\/\\\/www.itakaescolapios.org\\\/wp-content\\\/uploads\\\/2024\\\/04\\\/Logo-itakaescolapios-peque.png\",\"width\":500,\"height\":199,\"caption\":\"Fundaci\u00f3 Itaka-Escolapios\"},\"image\":{\"@id\":\"https:\\\/\\\/www.itakaescolapios.org\\\/en\\\/es\\\/#\\\/schema\\\/logo\\\/image\\\/\"}},{\"@type\":\"Person\",\"@id\":\"https:\\\/\\\/www.itakaescolapios.org\\\/es\\\/#\\\/schema\\\/person\\\/b4aee0bb1423368fa9a5439a0985739e\",\"name\":\"Paz Su\u00f1er\",\"url\":\"https:\\\/\\\/www.itakaescolapios.org\\\/en\\\/author\\\/pazsuner\\\/\"}]}<\/script>\n<!-- \/ Yoast SEO plugin. -->","yoast_head_json":{"title":"The meeting of the Network's driving teams in Rome comes to an end","description":"On Friday, March 6, the second and final day of the meeting held at the General House in Rome by the main driving teams of the Itaka-Escolapios Network took place.","robots":{"index":"index","follow":"follow","max-snippet":"max-snippet:-1","max-image-preview":"max-image-preview:large","max-video-preview":"max-video-preview:-1"},"canonical":"On Friday, March 6, the second and final day of the meeting held at the General House in Rome by the main driving teams of the Itaka-Escolapios Network took place.","og_locale":"en_US","og_type":"article","og_title":"The meeting of the Network's driving teams in Rome comes to an end","og_description":"On Friday, March 6, the second and final day of the meeting held at the General House in Rome by the main driving teams of the Itaka-Escolapios Network took place.","og_url":"https:\/\/www.itakaescolapios.org\/en\/2026\/03\/finaliza-el-encuentro-de-los-equipos-impulsores-de-la-red-en-roma\/","og_site_name":"Proofs in Itaka-Escolapios","article_published_time":"2026-03-07T18:29:49+00:00","article_modified_time":"2026-03-07T18:29:58+00:00","og_image":[{"width":2000,"height":924,"url":"https:\/\/www.itakaescolapios.org\/wp-content\/uploads\/2026\/03\/1000176294.jpg","type":"image\/jpeg"}],"author":"Paz Su\u00f1er","twitter_card":"summary_large_image","twitter_misc":{"Written by":"Paz Su\u00f1er","Est. reading time":"5 minutes"},"schema":{"@context":"https:\/\/schema.org","@graph":[{"@type":"Article","@id":"https:\/\/www.itakaescolapios.org\/en\/2026\/03\/finaliza-el-encuentro-de-los-equipos-impulsores-de-la-red-en-roma\/#article","isPartOf":{"@id":"https:\/\/www.itakaescolapios.org\/en\/2026\/03\/finaliza-el-encuentro-de-los-equipos-impulsores-de-la-red-en-roma\/"},"author":{"name":"Paz Su\u00f1er","@id":"https:\/\/www.itakaescolapios.org\/es\/#\/schema\/person\/b4aee0bb1423368fa9a5439a0985739e"},"headline":"The meeting of the Network's driving teams in Rome comes to an end","datePublished":"2026-03-07T18:29:49+00:00","dateModified":"2026-03-07T18:29:58+00:00","mainEntityOfPage":{"@id":"https:\/\/www.itakaescolapios.org\/en\/2026\/03\/finaliza-el-encuentro-de-los-equipos-impulsores-de-la-red-en-roma\/"},"wordCount":5280,"publisher":{"@id":"https:\/\/www.itakaescolapios.org\/es\/#organization"},"image":{"@id":"https:\/\/www.itakaescolapios.org\/en\/2026\/03\/finaliza-el-encuentro-de-los-equipos-impulsores-de-la-red-en-roma\/#primaryimage"},"thumbnailUrl":"https:\/\/www.itakaescolapios.org\/wp-content\/uploads\/2026\/03\/1000176294.jpg","keywords":["aniversairo","Encuentro","Escuelas P\u00edas","Fraternidad Escolapia","Itaka Escolapios","red"],"articleSection":["25 aniversario","Itaka Escolapios"],"inLanguage":"en-US"},{"@type":"WebPage","@id":"https:\/\/www.itakaescolapios.org\/en\/2026\/03\/finaliza-el-encuentro-de-los-equipos-impulsores-de-la-red-en-roma\/","url":"https:\/\/www.itakaescolapios.org\/en\/2026\/03\/finaliza-el-encuentro-de-los-equipos-impulsores-de-la-red-en-roma\/","name":"Finaliza el encuentro de los equipos impulsores de la Red en Roma - Proofs in Itaka-Escolapios","isPartOf":{"@id":"https:\/\/www.itakaescolapios.org\/es\/#website"},"primaryImageOfPage":{"@id":"https:\/\/www.itakaescolapios.org\/en\/2026\/03\/finaliza-el-encuentro-de-los-equipos-impulsores-de-la-red-en-roma\/#primaryimage"},"image":{"@id":"https:\/\/www.itakaescolapios.org\/en\/2026\/03\/finaliza-el-encuentro-de-los-equipos-impulsores-de-la-red-en-roma\/#primaryimage"},"thumbnailUrl":"https:\/\/www.itakaescolapios.org\/wp-content\/uploads\/2026\/03\/1000176294.jpg","datePublished":"2026-03-07T18:29:49+00:00","dateModified":"2026-03-07T18:29:58+00:00","breadcrumb":{"@id":"https:\/\/www.itakaescolapios.org\/en\/2026\/03\/finaliza-el-encuentro-de-los-equipos-impulsores-de-la-red-en-roma\/#breadcrumb"},"inLanguage":"en-US","potentialAction":[{"@type":"ReadAction","target":["https:\/\/www.itakaescolapios.org\/en\/2026\/03\/finaliza-el-encuentro-de-los-equipos-impulsores-de-la-red-en-roma\/"]}]},{"@type":"ImageObject","inLanguage":"en-US","@id":"https:\/\/www.itakaescolapios.org\/en\/2026\/03\/finaliza-el-encuentro-de-los-equipos-impulsores-de-la-red-en-roma\/#primaryimage","url":"https:\/\/www.itakaescolapios.org\/wp-content\/uploads\/2026\/03\/1000176294.jpg","contentUrl":"https:\/\/www.itakaescolapios.org\/wp-content\/uploads\/2026\/03\/1000176294.jpg","width":2000,"height":924},{"@type":"BreadcrumbList","@id":"https:\/\/www.itakaescolapios.org\/en\/2026\/03\/finaliza-el-encuentro-de-los-equipos-impulsores-de-la-red-en-roma\/#breadcrumb","itemListElement":[{"@type":"ListItem","position":1,"name":"Proof","item":"https:\/\/www.itakaescolapios.org\/es\/"},{"@type":"ListItem","position":2,"name":"The meeting of the Network's driving teams in Rome comes to an end"}]},{"@type":"WebSite","@id":"https:\/\/www.itakaescolapios.org\/en\/es\/#website","url":"https:\/\/www.itakaescolapios.org\/en\/es\/","name":"Itaka-Escolapios","description":"Red de Itaka-Escolapios","publisher":{"@id":"https:\/\/www.itakaescolapios.org\/en\/es\/#organization"},"potentialAction":[{"@type":"SearchAction","target":{"@type":"EntryPoint","urlTemplate":"https:\/\/www.itakaescolapios.org\/en\/es\/?s={search_term_string}"},"query-input":{"@type":"PropertyValueSpecification","valueRequired":true,"valueName":"search_term_string"}}],"inLanguage":"en-US"},{"@type":"Organization","@id":"https:\/\/www.itakaescolapios.org\/en\/es\/#organization","name":"Fundaci\u00f3 Itaka-Escolapios","url":"https:\/\/www.itakaescolapios.org\/en\/es\/","logo":{"@type":"ImageObject","inLanguage":"en-US","@id":"https:\/\/www.itakaescolapios.org\/en\/es\/#\/schema\/logo\/image\/","url":"https:\/\/www.itakaescolapios.org\/wp-content\/uploads\/2024\/04\/Logo-itakaescolapios-peque.png","contentUrl":"https:\/\/www.itakaescolapios.org\/wp-content\/uploads\/2024\/04\/Logo-itakaescolapios-peque.png","width":500,"height":199,"caption":"Fundaci\u00f3 Itaka-Escolapios"},"image":{"@id":"https:\/\/www.itakaescolapios.org\/en\/es\/#\/schema\/logo\/image\/"}},{"@type":"Person","@id":"https:\/\/www.itakaescolapios.org\/es\/#\/schema\/person\/b4aee0bb1423368fa9a5439a0985739e","name":"Paz Su\u00f1er","url":"https:\/\/www.itakaescolapios.org\/en\/author\/pazsuner\/"}]}},"_links":{"self":[{"href":"https:\/\/www.itakaescolapios.org\/en\/wp-json\/wp\/v2\/posts\/330877","targetHints":{"allow":["GET"]}}],"collection":[{"href":"https:\/\/www.itakaescolapios.org\/en\/wp-json\/wp\/v2\/posts"}],"about":[{"href":"https:\/\/www.itakaescolapios.org\/en\/wp-json\/wp\/v2\/types\/post"}],"author":[{"embeddable":true,"href":"https:\/\/www.itakaescolapios.org\/en\/wp-json\/wp\/v2\/users\/69"}],"replies":[{"embeddable":true,"href":"https:\/\/www.itakaescolapios.org\/en\/wp-json\/wp\/v2\/comments?post=330877"}],"version-history":[{"count":5,"href":"https:\/\/www.itakaescolapios.org\/en\/wp-json\/wp\/v2\/posts\/330877\/revisions"}],"predecessor-version":[{"id":330883,"href":"https:\/\/www.itakaescolapios.org\/en\/wp-json\/wp\/v2\/posts\/330877\/revisions\/330883"}],"wp:featuredmedia":[{"embeddable":true,"href":"https:\/\/www.itakaescolapios.org\/en\/wp-json\/wp\/v2\/media\/330841"}],"wp:attachment":[{"href":"https:\/\/www.itakaescolapios.org\/en\/wp-json\/wp\/v2\/media?parent=330877"}],"wp:term":[{"taxonomy":"category","embeddable":true,"href":"https:\/\/www.itakaescolapios.org\/en\/wp-json\/wp\/v2\/categories?post=330877"},{"taxonomy":"post_tag","embeddable":true,"href":"https:\/\/www.itakaescolapios.org\/en\/wp-json\/wp\/v2\/tags?post=330877"}],"curies":[{"name":"wp","href":"https:\/\/api.w.org\/{rel}","templated":true}]}}