{"id":331502,"date":"2026-03-23T07:57:47","date_gmt":"2026-03-23T06:57:47","guid":{"rendered":"https:\/\/www.itakaescolapios.org\/?p=331502"},"modified":"2026-04-23T08:15:36","modified_gmt":"2026-04-23T07:15:36","slug":"declaracion-encuentro-roma-2026","status":"publish","type":"post","link":"https:\/\/www.itakaescolapios.org\/en\/2026\/03\/declaracion-encuentro-roma-2026\/","title":{"rendered":"Declaration of the Rome 2026 Meeting"},"content":{"rendered":"<p>[et_pb_section fb_built=&#8221;1&#8243; make_equal=&#8221;on&#8221; use_custom_gutter=&#8221;on&#8221; gutter_width=&#8221;2&#8243; specialty=&#8221;on&#8221; _builder_version=&#8221;4.24.3&#8243; _module_preset=&#8221;default&#8221; width=&#8221;100%&#8221; max_width=&#8221;100%&#8221; module_alignment=&#8221;center&#8221; inner_width=&#8221;90%&#8221; inner_max_width=&#8221;2222px&#8221; inner_module_alignment=&#8221;center&#8221; custom_margin=&#8221;0px||||false|false&#8221; custom_padding=&#8221;0px||||false|false&#8221; da_disable_devices=&#8221;off|off|off&#8221; global_colors_info=&#8221;{}&#8221; da_is_popup=&#8221;off&#8221; da_exit_intent=&#8221;off&#8221; da_has_close=&#8221;on&#8221; da_alt_close=&#8221;off&#8221; da_dark_close=&#8221;off&#8221; da_not_modal=&#8221;on&#8221; da_is_singular=&#8221;off&#8221; da_with_loader=&#8221;off&#8221; da_has_shadow=&#8221;on&#8221;][et_pb_column type=&#8221;3_4&#8243; specialty_columns=&#8221;3&#8243; _builder_version=&#8221;4.16&#8243; custom_padding=&#8221;|||&#8221; global_colors_info=&#8221;{}&#8221; custom_padding__hover=&#8221;|||&#8221;][et_pb_row_inner custom_padding_last_edited=&#8221;on|phone&#8221; _builder_version=&#8221;4.24.3&#8243; _module_preset=&#8221;default&#8221; module_alignment=&#8221;center&#8221; custom_padding=&#8221;|50px|4px||false|false&#8221; custom_padding_tablet=&#8221;|50px|4px||false|false&#8221; custom_padding_phone=&#8221;|0px|||false|false&#8221; border_color_all=&#8221;gcid-b1ace166-c11d-4c70-a679-55884e9ca298&#8243; border_style_all=&#8221;dotted&#8221; border_width_right=&#8221;3px&#8221; border_color_right=&#8221;gcid-b1ace166-c11d-4c70-a679-55884e9ca298&#8243; border_width_right_tablet=&#8221;3px&#8221; border_width_right_phone=&#8221;0px&#8221; border_width_right_last_edited=&#8221;on|desktop&#8221; collapsed=&#8221;off&#8221; global_colors_info=&#8221;{%22gcid-b1ace166-c11d-4c70-a679-55884e9ca298%22:%91%22border_color_all%22,%22border_color_right%22%93}&#8221;][et_pb_column_inner saved_specialty_column_type=&#8221;3_4&#8243; _builder_version=&#8221;4.24.3&#8243; _module_preset=&#8221;default&#8221; global_colors_info=&#8221;{}&#8221;][et_pb_text admin_label=&#8221;T\u00cdTULO NOTICIA&#8221; _builder_version=&#8221;4.27.4&#8243; _module_preset=&#8221;default&#8221; header_font=&#8221;Titulo Itaka-Escolapios|700|||||||&#8221; header_text_align=&#8221;center&#8221; header_text_color=&#8221;gcid-cca90ba6-297c-4d63-9e2c-8201011ef870&#8243; header_font_size=&#8221;50px&#8221; custom_margin=&#8221;||20px||false|false&#8221; custom_margin_tablet=&#8221;||20px||false|false&#8221; custom_margin_phone=&#8221;||20px||false|false&#8221; custom_margin_last_edited=&#8221;on|desktop&#8221; header_font_size_tablet=&#8221;55px&#8221; header_font_size_phone=&#8221;35px&#8221; header_font_size_last_edited=&#8221;on|phone&#8221; content_en_us=&#8221;<\/p>\n<h1><strong>Final Declaration: <\/strong><strong>Meeting of the General Congregation of the Order, the General Council of the Fraternity, and the Board of Trustees and Executive Committee of Itaka-Escolapios<\/strong><\/h1>\n<p>&#8221; content_fr_fr=&#8221;<\/p>\n<h1><strong>D\u00e9claration finale: <\/strong><strong>R\u00e9union de la Congr\u00e9gation g\u00e9n\u00e9rale de l&#8217;Ordre, du Conseil g\u00e9n\u00e9ral de la Fraternit\u00e9 et du Conseil d&#8217;administration et du Comit\u00e9 ex\u00e9cutif d&#8217;Itaka-Escolapios<\/strong><\/h1>\n<p>&#8221; content_eu=&#8221;<\/p>\n<h1><strong>Azken adierazpena: Ordenaren Kongregazio Nagusiaren, Anaitasunaren Kontseilu Nagusiaren eta Itaka-Eskolapioen Patronatuaren eta Batzorde Betearazlearen Topaketa<\/strong><\/h1>\n<p>&#8221; content_ca=&#8221;<\/p>\n<h1><strong>Declaraci\u00f3 final: Trobada de la Congregaci\u00f3 General de l&#8217;Ordre, el Consell General de la Fraternitat i el Patronat i la Comissi\u00f3 Executiva d&#8217;Itaka-Escolapis<\/strong><\/h1>\n<p>&#8221; content_pt_br=&#8221;<\/p>\n<h1><strong>Declara\u00e7\u00e3o Final: <\/strong><strong>Reuni\u00e3o da Congrega\u00e7\u00e3o Geral da Ordem, do Conselho Geral da Fraternidade e do Patronato e Comiss\u00e3o Executiva da Itaka-Escol\u00e1pios<\/strong><\/h1>\n<p>&#8221; global_colors_info=&#8221;{%22gcid-cca90ba6-297c-4d63-9e2c-8201011ef870%22:%91%22header_text_color%22%93}&#8221;]<\/p>\n<h1><strong>Declaraci\u00f3n final del <\/strong><strong>Encuentro de la Congregaci\u00f3n General de la Orden, el Consejo General de la Fraternidad y el Patronato y la Comisi\u00f3n Ejecutiva de Itaka-Escolapios<\/strong><\/h1>\n<p>[\/et_pb_text][et_pb_text admin_label=&#8221;Fecha noticia no tocar&#8221; _builder_version=&#8221;4.27.4&#8243; _dynamic_attributes=&#8221;content&#8221; _module_preset=&#8221;default&#8221; text_font=&#8221;Titulo Itaka-Escolapios|700|||||||&#8221; text_text_color=&#8221;gcid-cca90ba6-297c-4d63-9e2c-8201011ef870&#8243; text_font_size=&#8221;16px&#8221; text_orientation=&#8221;right&#8221; global_colors_info=&#8221;{%22gcid-cca90ba6-297c-4d63-9e2c-8201011ef870%22:%91%22text_text_color%22%93}&#8221;]@ET-DC@eyJkeW5hbWljIjp0cnVlLCJjb250ZW50IjoicG9zdF9kYXRlIiwic2V0dGluZ3MiOnsiYmVmb3JlIjoiIiwiYWZ0ZXIiOiIiLCJkYXRlX2Zvcm1hdCI6ImRlZmF1bHQiLCJjdXN0b21fZGF0ZV9mb3JtYXQiOiIifX0=@[\/et_pb_text][\/et_pb_column_inner][\/et_pb_row_inner][et_pb_row_inner _builder_version=&#8221;4.27.4&#8243; _module_preset=&#8221;default&#8221; border_width_right=&#8221;3px&#8221; border_color_right=&#8221;gcid-b1ace166-c11d-4c70-a679-55884e9ca298&#8243; border_style_right=&#8221;dotted&#8221; collapsed=&#8221;off&#8221; global_colors_info=&#8221;{%22gcid-b1ace166-c11d-4c70-a679-55884e9ca298%22:%91%22border_color_right%22%93}&#8221;][et_pb_column_inner saved_specialty_column_type=&#8221;3_4&#8243; _builder_version=&#8221;4.27.4&#8243; _module_preset=&#8221;default&#8221; global_colors_info=&#8221;{}&#8221;][et_pb_text admin_label=&#8221;CUERPO NOTICIA&#8221; _builder_version=&#8221;4.27.4&#8243; _module_preset=&#8221;default&#8221; text_font=&#8221;&#8211;et_global_body_font||||||||&#8221; text_font_size=&#8221;16px&#8221; width=&#8221;100%&#8221; module_alignment=&#8221;center&#8221; custom_padding=&#8221;|60px|||false|false&#8221; text_font_size_tablet=&#8221;16px&#8221; text_font_size_phone=&#8221;16px&#8221; text_font_size_last_edited=&#8221;on|desktop&#8221; content_en_us=&#8221;<\/p>\n<p>On March 5th and 6th, 2026, the General Congregation of the Order, the General Council of the Fraternity, and the Board of Trustees and Executive Committee of Itaka-Escolapios met in Rome at San Pantaleo. It was a relevant and significant meeting of the main teams responsible for leading and promoting this Network of shared mission, from a global vision of service to the building of the Pious Schools.<\/p>\n<p>The meeting took place during a very emotional and meaningful time for our entire Network: we are celebrating 25 years since Itaka-Escolapios was officially founded as a platform for institutional shared mission between the Order and the Fraternity, an entity that would later be recognized as a reality of collective charismatic and legal integration of the Pious Schools.<\/p>\n<p>With profound joy and gratitude, we received during our meeting the words that Pope Leo XIV wrote to Itaka-Escolapios on the occasion of this Jubilee commemoration, along with his blessing for all those who participate in our Network. These two intense days have been an opportunity to listen to one another and share our impressions of the current situation of the Network, engaging in dialogue in groups and in plenary sessions, to delve deeper into the challenges and find new paths. In our prayers and Eucharistic celebrations, the Word of God has enlightened us, through texts such as the parable of Lazarus and the rich man (Lk 16), the Samaritan woman (Jn 4), and the parable of the vineyard (Mt 21), which challenge us as Itaka-Escolapios.<\/p>\n<p>Although the work of systematically compiling our reflections and transforming them into concrete proposals and actions remains, we can already share some ideas that have resonated strongly during these days.<\/p>\n<p>First, we understand Itaka-Escolapios as a privileged and cherished space, both for the Order and the Fraternity, for developing their shared mission through the reciprocity of diverse vocations. Therefore, Itaka-Escolapios is not an addition to the Pious Schools but an integral part of them, a network that offers great opportunities to live the Piarist charism synodally and with creative fidelity.<\/p>\n<p>What do we feel the Order of the Pious Schools is asking of Itaka-Escolapios today? Above all, to promote life: not only to care for what already exists (which is fundamental), but also to generate new Piarist life, keeping in mind that the focus must be on the mission and those to whom it is directed, not on the institutions and their internal dynamics.<\/p>\n<p>Some aspects of the mission we share at Itaka-Escolapios have been particularly emphasized, such as our transformative presence in the peripheries and in areas of greatest poverty and vulnerability, as well as our pastoral work with children and young people in the Calasanz Movement, a commitment supported by the Order. Also highlighted is our promotion, through our actions, of a culture of networking, the Piarist model of presence, and the Piarist Christian community.<\/p>\n<p>The flexibility and adaptability of Itaka-Escolapios&#8217; approach to different situations, attending to the unique circumstances of each Piarist reality, have been especially noteworthy. We believe that this way of living communion, accompanying and respecting diversity, must continue to be a core value of our Network. Likewise, we recognize the significant contribution that the participation of so many volunteers makes to the Pious Schools, giving their best through the projects, as well as the professional structure of Itaka-Escolapios. We are aware, however, that Itaka-Escolapios is a complex reality, sometimes not fully understood, or that we are not able to adequately convey. Therefore, we are committed to finding ways to express our being more simply, paying special attention to language, the flow of information, and how we communicate internally and externally.<\/p>\n<p>The fraternal spirit and communion that has accompanied us throughout this meeting, together with the affection and commitment to Itaka-Escolapios shown by its founding institutions\u2014the Order and the Fraternity\u2014reaffirms us and fills us with confidence in the path ahead, despite the difficulties we also encounter. In particular, it propels us forward in the final stretch of this six-year Piarist term, which will conclude in 2027 with important events: the 49th General Chapter, the 3rd Assembly of the General Fraternity, and the 6th Advisory Council of the Itaka-Escolapios Network.<\/p>\n<p>A shared, synodal path, which is nothing other than a continuation of the steps taken by Saint Joseph Calasanz, from whom we take this phrase read during one of the most moving moments of these past few days:<\/p>\n<p><em>\u00abThe shortest and easiest path to being exalted to self-knowledge and, from there, to mercy, patience, and kindness of God, is about humbling oneself to give light to children, and especially to those who are seemingly abandoned by all\u00bb<\/em><\/p>\n<p>We invoke him, Saint Joseph Calasanz, and Mary, Mother of the Pious Schools, to accompany and guide us on our journey, helping us to be faithful to what the Spirit directs for the Itaka-Escolapios Network.<\/p>\n<\/p>\n<p style=%22text-align: right;%22><em>In San Pantaleo, Rome, on March 6, 2026, the anniversary of the approval of the Pauline Congregation of the Pious Schools (1617).<\/em><\/p>\n<p>&#8221; content_fr_fr=&#8221;<\/p>\n<p>Les 5 et 6 mars 2026, la Congr\u00e9gation g\u00e9n\u00e9rale de l&#8217;Ordre, le Conseil g\u00e9n\u00e9ral de la Fraternit\u00e9 et le Conseil d&#8217;administration et le Comit\u00e9 ex\u00e9cutif d&#8217;Itaka-Escolapios se sont r\u00e9unis \u00e0 Rome, \u00e0 la Maison de San Pantaleo. Cette r\u00e9union, importante et significative, a rassembl\u00e9 les principales \u00e9quipes charg\u00e9es de diriger et de promouvoir ce R\u00e9seau de mission partag\u00e9e, depuis une vision globale du service jusqu&#8217;\u00e0 la construction des \u00c9coles Pies.<\/p>\n<p>Cette r\u00e9union s&#8217;est tenue \u00e0 un moment particuli\u00e8rement \u00e9mouvant et significatif pour l&#8217;ensemble de notre R\u00e9seau : nous c\u00e9l\u00e9brons les 25 ans de la fondation officielle d&#8217;Itaka-Escolapios, plateforme institutionnelle de mission partag\u00e9e entre l&#8217;Ordre et la Fraternit\u00e9, entit\u00e9 qui allait devenir la concr\u00e9tisation de l&#8217;int\u00e9gration charismatique et juridique collective des \u00c9coles Pies.<\/p>\n<p>C\u2019est avec une profonde joie et une immense gratitude que nous avons re\u00e7u, lors de notre rencontre, les paroles que le pape L\u00e9on XIV a adress\u00e9es \u00e0 Itaka-Escolapios \u00e0 l\u2019occasion de ce jubil\u00e9, ainsi que sa b\u00e9n\u00e9diction pour tous les membres de notre r\u00e9seau. Ces deux journ\u00e9es intenses ont \u00e9t\u00e9 l\u2019occasion de nous \u00e9couter les uns les autres et de partager nos impressions sur la situation actuelle du r\u00e9seau, en dialoguant en petits groupes et en s\u00e9ances pl\u00e9ni\u00e8res, afin d\u2019approfondir les d\u00e9fis et de trouver de nouvelles pistes. Dans nos pri\u00e8res et nos c\u00e9l\u00e9brations eucharistiques, la Parole de Dieu nous a \u00e9clair\u00e9, \u00e0 travers des textes tels que la parabole de Lazare et du riche (Lc 16), la Samaritaine (Jn 4) et la parabole de la vigne (Mt 21), qui nous interpellent en tant qu\u2019Itaka-Escolapios.<\/p>\n<p>Bien que le travail de compilation syst\u00e9matique de nos r\u00e9flexions et de leur transformation en propositions et actions concr\u00e8tes demeure, nous pouvons d\u2019ores et d\u00e9j\u00e0 partager quelques id\u00e9es qui ont particuli\u00e8rement r\u00e9sonn\u00e9 en nous durant ces journ\u00e9es.<\/p>\n<p>Tout d&#8217;abord, nous consid\u00e9rons Itaka-Escolapios comme un espace privil\u00e9gi\u00e9 et pr\u00e9cieux, tant pour l&#8217;Ordre que pour la Fraternit\u00e9, permettant de d\u00e9velopper leur mission commune gr\u00e2ce \u00e0 la r\u00e9ciprocit\u00e9 de leurs vocations diverses. Ainsi, Itaka-Escolapios n&#8217;est pas un ajout aux \u00c9coles Pies, mais une partie int\u00e9grante de celles-ci, un r\u00e9seau offrant de formidables opportunit\u00e9s de vivre le charisme piariste de mani\u00e8re synodale et avec une fid\u00e9lit\u00e9 cr\u00e9ative.<\/p>\n<p>Que nous semblent attendre aujourd&#8217;hui les \u00c9coles Pies d&#8217;Itaka-Escolapios ? Avant tout, promouvoir la vie : non seulement prendre soin de ce qui existe d\u00e9j\u00e0 (ce qui est fondamental), mais aussi susciter une vie piariste nouvelle, en gardant \u00e0 l&#8217;esprit que l&#8217;accent doit \u00eatre mis sur la mission et ceux \u00e0 qui elle s&#8217;adresse, et non sur les institutions et leurs dynamiques internes.<\/p>\n<p>Certains aspects de la mission que nous partageons \u00e0 Itaka-Escolapios ont \u00e9t\u00e9 particuli\u00e8rement mis en avant, notamment notre pr\u00e9sence transformatrice dans les p\u00e9riph\u00e9ries et les zones les plus d\u00e9munies et vuln\u00e9rables, ainsi que notre travail pastoral aupr\u00e8s des enfants et des jeunes du Mouvement Calasanz, un engagement soutenu par l&#8217;Ordre. Nous avons \u00e9galement soulign\u00e9 la promotion, par nos actions, d&#8217;une culture du r\u00e9seau, du mod\u00e8le de pr\u00e9sence piariste et de la communaut\u00e9 chr\u00e9tienne piariste.<\/p>\n<p>La flexibilit\u00e9 et l&#8217;adaptabilit\u00e9 de l&#8217;approche d&#8217;Itaka-Escolapios face aux diff\u00e9rentes situations, attentive aux sp\u00e9cificit\u00e9s de chaque r\u00e9alit\u00e9 piariste, ont \u00e9t\u00e9 particuli\u00e8rement remarquables. Nous sommes convaincus que cette mani\u00e8re de vivre la communion, d&#8217;accompagner et de respecter la diversit\u00e9, doit demeurer une valeur fondamentale de notre R\u00e9seau. De m\u00eame, nous reconnaissons l&#8217;apport significatif de la participation de nombreux volontaires aux \u00e9coles Pies, qui donnent le meilleur d&#8217;eux-m\u00eames \u00e0 travers les projets, ainsi que la contribution essentielle de la structure professionnelle d&#8217;Itaka-Escolapios. Nous sommes conscients qu&#8217;Itaka-Escolapios est une r\u00e9alit\u00e9 complexe, parfois mal comprise, ou que nous ne parvenons pas \u00e0 exprimer pleinement. C&#8217;est pourquoi nous nous engageons \u00e0 trouver des moyens d&#8217;exprimer notre \u00eatre plus simplement, en accordant une attention particuli\u00e8re au langage, \u00e0 la circulation de l&#8217;information et \u00e0 notre communication, tant interne qu&#8217;externe.<\/p>\n<p>L&#8217;esprit fraternel et la communion qui nous ont accompagn\u00e9s tout au long de cette rencontre, ainsi que l&#8217;affection et l&#8217;engagement envers Itaka-Escolapios manifest\u00e9s par ses institutions fondatrices \u2013 l&#8217;Ordre et la Fraternit\u00e9 \u2013 nous r\u00e9confortent et nous remplissent de confiance pour l&#8217;avenir, malgr\u00e9 les difficult\u00e9s rencontr\u00e9es. Ils nous donnent notamment l&#8217;\u00e9lan n\u00e9cessaire pour aborder la derni\u00e8re ligne droite de ce mandat piariste de six ans, qui s&#8217;ach\u00e8vera en 2027 par des \u00e9v\u00e9nements importants : le 49e Chapitre g\u00e9n\u00e9ral, la 3e Assembl\u00e9e de la Fraternit\u00e9 g\u00e9n\u00e9rale et le 6e Conseil consultatif du R\u00e9seau Itaka-Escolapios.<\/p>\n<p>Un chemin synodal partag\u00e9, qui n&#8217;est autre que la continuation des pas de saint Joseph Calasanz, dont nous reprenons cette phrase lue lors d&#8217;un des moments les plus \u00e9mouvants de ces derniers jours :<\/p>\n<p><em>\u00ab Le chemin le plus court et le plus facile pour s&#8217;\u00e9lever \u00e0 la connaissance de soi et, de l\u00e0, \u00e0 la mis\u00e9ricorde, \u00e0 la patience et \u00e0 la bont\u00e9 de Dieu, est de s&#8217;humilier pour apporter la lumi\u00e8re aux enfants, et plus particuli\u00e8rement \u00e0 ceux qui semblent abandonn\u00e9s de tous. \u00bb<\/em><\/p>\n<p>Nous invoquons saint Joseph Calasanz et Marie, M\u00e8re des \u00c9coles Pies, afin qu&#8217;ils nous accompagnent et nous guident dans notre cheminement, nous aidant \u00e0 rester fid\u00e8les \u00e0 la volont\u00e9 de l&#8217;Esprit pour le R\u00e9seau Itaka-Escolapios.<\/p>\n<p style=%22text-align: right;%22><em>\u00c0 San Pantaleo, \u00e0 Rome, le 6 mars 2026, anniversaire de l&#8217;approbation de la Congr\u00e9gation paulinienne des \u00c9coles Piaristes (1617).<\/em><\/p>\n<p>&#8221; content_eu=&#8221;<\/p>\n<p>2026ko martxoaren 5ean eta 6an Erroman bildu gara, San Pantaleoko etxean, Ordenaren Kongregazio Nagusia, Anaitasunaren Kontseilu Nagusia eta Itaka-Eskolapioen Patronatua eta Batzorde Betearazlea. Misio partekatuko sare hori zuzentzeaz eta bultzatzeaz arduratzen diren talde nagusien topaketa garrantzitsu eta esanguratsua izan da, zerbitzuaren ikuspegi globaletik Eskola Txikien eraikuntzara.<\/p>\n<p>Topaketa oso denbora hunkigarrian eta gure Sare osoarentzat esanahiz betetako garai batean kokatu da: egun hauetan 25 urte ospatzen ari gara Itaka-Escolapios ofizialki sortu zenetik Ordenaren eta Anaitasunaren arteko misio partekatuko plataforma instituzional gisa, gerora Eskola Txikien integrazio karismatiko eta juridiko kolektiboko errealitate gisa aitortuko zen erakundea.<\/p>\n<p>Pozez eta esker onez jaso ditugu gure bileran Leon XIV .a Aita Santuak Itaka-Eskolapiosi idatzi dizkigun hitzak, gure Sarean parte hartzen duten pertsona guztientzako bedeinkazioarekin batera.<\/p>\n<p>Bi jardunaldi gogor horiek aukera izan dira Sareak bizi duen uneari buruzko iritziak entzuteko eta kontrastatzeko, taldean eta osoko bilkuran hitz eginez, erronketan sakontzeko eta bide berriak aurkitzeko. Otoitzetan eta eukaristietan Jainkoaren Hitza argitu digu, Lazaro eta aberatsarena (Lc 16), samariar emakumearena (Jn 4) edo mahastiaren parabolarena (Mt 21) bezalako testuen bidez, Itaka-Eskolapioak bezala interpelatzen gaituztenak.<br \/>Aurretik hausnartutakoa sistematikoki biltzeko eta proposamen eta ekintza zehatz bihurtzeko lana badago ere, une honetan egun hauetan indarrez entzun diren ideia batzuk partekatu ditzakegu.<\/p>\n<p>Lehenik eta behin, Itaka-Eskolapioak eremu pribilegiatua eta Aginduak zein Anaitasunak maitatua dela uste dugu, bokazio desberdinen elkarrekikotasunetik bere misio partekatua garatzeko. Beraz, Itaka-Eskolapioak ez dira Eskola Erlijiosoei gehitutako bat, horien zati bat baizik, eskolapio karisma sinodalki eta sormenezko fideltasunez bizitzeko aukera handiak eskaintzen dituen Sarea.<\/p>\n<p>Zer sentitzen dugu Eskola Pribatuek gaur egun Itaka-Eskolapioei eskatzen dietena? Batez ere, bizitza sustatzea: lehendik dagoena zaintzeaz gain (hau funtsezkoa da), eskolapia-bizitza berria sortzea, kontuan hartuta zentroa misioa eta xede dituen horiek izan behar direla, ez erakundeak eta haien barne-dinamikak.<\/p>\n<p>Itaka-Eskolapioetan partekatzen dogun misinoaren zenbait arlo bereziki azpimarratu dira, esate baterako, txirotasun eta kalteberatasun handieneko periferia eta errealitateetan izan dan presentzia eraldatzailea, eta Calasanz Mugimenduan haur eta gazteekin egiten dan pastorala, Ordenaren aldeko apustua eginez. Era berean, sare-lanaren kultura, presentzia-eredua eta kristau eskolapia bultzatzea gure jardunetik.<\/p>\n<p>Itaka-Eskolapioen lan egiteko moduari dagokionez, malgutasuna eta egoera desberdinetara egokitzeko gaitasuna nabarmendu dira bereziki, eskolapia-errealitate bakoitzaren une berezia kontuan hartuta. Gure ustez, elkartasuna aniztasuna lagunduz eta errespetatuz bizitzeko modu horrek gure Sarearen balioa izaten jarraitu behar du.<\/p>\n<p>Era berean, aitortzen dugu Eskola Pribatuentzat ekarpen handia dela hainbeste boluntariok parte hartzea, proiektuen bidez onena emanez, bai eta Itaka-Eskolapioen egitura profesionala ere.<\/p>\n<p>Hala ere, badakigu Itaka-Eskolapioak errealitate konplexua dela, batzuetan ez dela nahikoa ulertzen, edo ez garela gai behar bezala transmititzeko. Horregatik, gure izatea modu errazagoan adierazteko moduak aurkitzeko apustua egiten dugu, hizkuntza, informazioaren fluxua eta barnetik eta kanpotik nola komunikatzen garen bereziki zainduz.<\/p>\n<p>Topaketa honetan zehar lagun izan dugun anai- eta jaunartze-izpirituak, erakunde fundatzaileek \u2014 Ordena eta Anaitasuna \u2014 Itaka-Eskolapioekiko erakutsitako maitasunarekin eta konpromisoarekin batera, berretsi egiten gaitu eta aurrean dugun bidean konfiantzaz betetzen gaitu, bertan ere aurkitzen ditugun zailtasunak gorabehera. Bereziki, seiurteko eskolapio honen azken txanpan bultzatzen gaitu, 2027an hitzordu garrantzitsuekin amaituko dena: 49. kapitulu orokorra, Anaitasun Nagusiaren III. Batzarra eta Itaka-Eskolapioen Sareko VI. Aholku Batzordea.<\/p>\n<p>Bide partekatua, sinodala, San Jose Calasanzek hasitako urratsen jarraipena baino ez dena. Egun hauetan bizi izandako unerik hunkigarrienetako batean irakurritako esaldi hau hartu dugu:<\/p>\n<p>\u00abNork bere ezagutzari eta, hemendik, Jainkoaren errukiari, pazientziari eta ontasunari gorazarre egiteko biderik laburrena eta errazena, haurrei argia ematera eta, bereziki, guztien babesgabetzat direnei argia ematera lan egitea da\u00bb.<\/p>\n<p style=%22text-align: left;%22>San Jos\u00e9 de Calasanz eta Mar\u00eda, Escuelas Piaseko Ama, gonbidatzen ditugu gurekin egon eta ibilian gida gaitzaten, Espirituak Itaka-Eskolapioen Sarerako xedatzen duenari leial izaten lagunduz.<\/p>\n<p style=%22text-align: right;%22><em>San Pantaleon, Erroman, 2026ko martxoaren 6an, Pias Eskolen Pauloko Kongregazioaren onarpenaren urteurrena (1617).<\/em><\/p>\n<p>&#8221; content_ca=&#8221;<\/p>\n<p>Durant els dies 5 i 6 de mar\u00e7 de 2026 ens hem reunit a Roma, a la casa de San Pantaleo, la Congregaci\u00f3 General de l&#8217;Ordre, el Consell General de la Fraternitat i el Patronat i la Comissi\u00f3 Executiva d&#8217;Itaka-Escolapis. Ha sigut un partit rellevant i significatiu dels principals equips encarregats de dirigir i impulsar aquesta Xarxa de missi\u00f3 compartida, des d&#8217;una visi\u00f3 global de servei a la construcci\u00f3 de l&#8217;Escola Pia.<\/p>\n<p>La trobada s&#8217;ha emmarcat en un temps molt emotiu i carregat de significat per al conjunt de la nostra Xarxa: en aquests dies celebrem 25 anys des que Itaka-Escolapis va ser oficialment fundada com a plataforma de missi\u00f3 compartida institucional entre l&#8217;Ordre i la Fraternitat, entitat que despr\u00e9s seria reconeguda com a realitat d&#8217;integraci\u00f3 carism\u00e0tica i jur\u00eddica col\u00b7lectiva de l&#8217;Escola Pia.<\/p>\n<p>Amb alegria i gratitud profundes hem rebut durant la nostra reuni\u00f3 les paraules que, en ocasi\u00f3 d&#8217;aquesta commemoraci\u00f3 jubilar, el Papa Le\u00f3n XIV ens ha escrit a Itaka-Escolapis, juntament amb la seua benedicci\u00f3 per a totes les persones que participen en la nostra Xarxa.<\/p>\n<p>Aquestes dues intenses jornades han sigut oportunitat per a escoltar-nos i contrastar impressions sobre el moment que viu la Xarxa, dialogant en grup i en plenari, per a aprofundir en els desafiaments i trobar nous camins. En les oracions i eucaristies ens ha il\u00b7luminat la Paraula de D\u00e9u, a trav\u00e9s de textos com el de L\u00e1zaro i el ric (Lc 16), la dona samaritana (Jn 4) o la par\u00e0bola de la vinya (Mt 21), que ens interpel\u00b7len com Itaka-Escolapis.<\/p>\n<p>Encara que queda per davant el treball d&#8217;arreplegar sistem\u00e0ticament el reflexionat i convertir-lo en propostes i accions concretes, en aquest moment podem compartir ja algunes idees que han ressonat amb for\u00e7a aquests dies.<\/p>\n<p>En primer lloc, entenem Itaka-Escolapis com un espai privilegiat i estimat tant per l&#8217;Ordre com per la Fraternitat per a desenvolupar la seua missi\u00f3 compartida des de la reciprocitat de les diverses vocacions. Per tant, Itaka-Escolapis no \u00e9s un afegit a l&#8217;Escola Pia sin\u00f3 part integrant d&#8217;aquestes, una Xarxa que ofereix grans oportunitats per a viure el carisma escolapi sinodalmente i amb fidelitat creativa.<\/p>\n<p>Qu\u00e8 sentim que demanen l&#8217;Escola Pia avui a Itaka-Escolapis? Abans de res, promoure vida: no sols cuidar del que ja existeix (sent aix\u00f2 fonamental), sin\u00f3 a m\u00e9s generar nova vida escol\u00e0pia, tenint present que el centre ha de ser la missi\u00f3 i aquells als qui va dirigida, no les institucions i les seues din\u00e0miques internes.<\/p>\n<p>Alguns \u00e0mbits de la missi\u00f3 que compartim en Itaka-Escolapis han sigut particularment subratllats, com s\u00f3n la pres\u00e8ncia transformadora en les perif\u00e8ries i realitats de major pobresa i vulnerabilitat, aix\u00ed com la pastoral amb la inf\u00e0ncia i joventut en el Moviment Calasanz, donant suport a aquesta aposta l&#8217;Ordre. Igualment, l&#8217;impuls des del nostre actuar de la cultura de treball en xarxa, del model de pres\u00e8ncia i la comunitat cristiana escol\u00e0pia.<\/p>\n<p>S&#8217;ha destacat especialment de la manera de treballar d&#8217;Itaka-Escolapis la flexibilitat i la capacitat d&#8217;adaptaci\u00f3 a les diferents situacions, at\u00e8s el moment peculiar de cada realitat escol\u00e0pia. Considerem que aquesta manera de viure la comuni\u00f3 acompanyant i respectant la diversitat ha de continuar sent un valor de la nostra Xarxa.<\/p>\n<p>Igualment, reconeixem la gran aportaci\u00f3 que representa per a l&#8217;Escola Pia la participaci\u00f3 de tantes persones volunt\u00e0ries donant el millor de si a trav\u00e9s dels projectes, aix\u00ed com l&#8217;estructura professional amb qu\u00e8 compta Itaka-Escolapis.<\/p>\n<p>Som conscients, no obstant aix\u00f2, que Itaka-Escolapis \u00e9s una realitat complexa, a vegades no prou compresa, o que no som capaces de transmetre adequadament. Per aix\u00f2, apostem per trobar maneres d&#8217;expressar el nostre \u00e9sser de mode m\u00e9s senzill, cuidant especialment el llenguatge, el flux de la informaci\u00f3 i com ens comuniquem interna i externament.<\/p>\n<p>L&#8217;esperit fratern i de comuni\u00f3 que ens ha acompanyat al llarg d&#8217;aquesta trobada, unit a l&#8217;afecte i el comprom\u00eds cap a Itaka-Escolapis mostrats per les seues institucions fundadores \u2014Ordre i Fraternitat\u2014, ens reafirma i plena de confian\u00e7a en el cam\u00ed que tenim per davant, malgrat les dificultats que en ell tamb\u00e9 trobem. En particular, ens impulsa en la recta final d&#8217;aquest sexenni escolapi, que conclour\u00e0 en 2027 amb importants cites: 49\u00e8 Cap\u00edtol General, III Assemblea de la Fraternitat General i VI Consell Assessor de la Xarxa Itaka-Escolapis.<\/p>\n<p>Un cam\u00ed compartit, sinodal, que no \u00e9s sin\u00f3 continuaci\u00f3 dels passos empresos per San Jos\u00e9 Calasanz, de qui prenem aquesta frase llegida en un dels moments m\u00e9s emotius del viscut en aquests dies:<\/p>\n<p>\u00abEl cam\u00ed m\u00e9s breu i f\u00e0cil per a ser exaltat al propi coneixement i, des d&#8217;ac\u00ed, a la miseric\u00f2rdia, paci\u00e8ncia i bondat de D\u00e9u, \u00e9s abajarse a donar llum als xiquets, i especialment als quals s\u00f3n com a desemparats de tots\u00bb.<\/p>\n<p style=%22text-align: left;%22>Invoquem a ell, San Jos\u00e9 de Calasanz, i a Mar\u00eda, Mare de l&#8217;Escola Pia, perqu\u00e8 ens acompanyen i guien en la marxa, ajudant-nos a ser fidels al que l&#8217;Esperit dispose per a la Xarxa Itaka-Escolapis.<\/p>\n<p style=%22text-align: right;%22><em>En San Pantaleo, Roma, a 6 de mar\u00e7 de 2026, aniversari de l&#8217;aprovaci\u00f3 de la congregaci\u00f3 paulina de l&#8217;Escola Pia (1617).<\/em><\/p>\n<p>&#8221; content_pt_br=&#8221;<\/p>\n<p>Nos dias 5 e 6 de mar\u00e7o de 2026, a Congrega\u00e7\u00e3o Geral da Ordem, o Conselho Geral da Fraternidade e o Patronato e Comiss\u00e3o Executiva da Itaka-Escol\u00e1pios reuniram-se em Roma, na Casa de S\u00e3o Pantale\u00e3o. Foi um encontro relevante e significativo das principais equipes respons\u00e1veis  por liderar e promover esta Rede de miss\u00e3o compartilhada, desde uma vis\u00e3o global de servi\u00e7o \u00e0 constru\u00e7\u00e3o das Escolas Pias.<\/p>\n<p>A reuni\u00e3o ocorreu em um momento muito emotivo e significativo para toda a nossa Rede: celebramos 25 anos desde Itaka-Escol\u00e1pios foi fundada como plataforma para a miss\u00e3o institucional compartilhada entre a Ordem e a Fraternidade, entidade que mais tarde seria reconhecida como uma realidade de integra\u00e7\u00e3o carism\u00e1tica e jur\u00eddica coletiva das Escolas Pias.<\/p>\n<p>Com profunda alegria e gratid\u00e3o, recebemos durante nosso encontro as palavras que o Papa Le\u00e3o XIV escreveu a Itaka-Escol\u00e1pios por ocasi\u00e3o desta comemora\u00e7\u00e3o do Jubileu, juntamente com sua b\u00ean\u00e7\u00e3o para todos os que participam de nossa Rede. Estes dois dias intensos foram uma oportunidade para nos ouvirmos mutuamente e compartilharmos nossas impress\u00f5es sobre a situa\u00e7\u00e3o atual da Rede, dialogando em grupos e em sess\u00f5es plen\u00e1rias, para aprofundar os desafios e encontrar novos caminhos. Em nossas ora\u00e7\u00f5es e celebra\u00e7\u00f5es eucar\u00edsticas, a Palavra de Deus nos iluminou, por meio de textos como a par\u00e1bola de L\u00e1zaro e o homem rico (Lc 16), a samaritana (Jo 4) e a par\u00e1bola da vinha (Mt 21), que nos desafiam como Itaka-Escol\u00e1pios.<\/p>\n<p>Embora ainda haja trabalho a ser feito para compilar sistematicamente nossas reflex\u00f5es e transform\u00e1-las em propostas e a\u00e7\u00f5es concretas, j\u00e1 podemos compartilhar algumas ideias que ressoaram fortemente durante estes dias.<\/p>\n<p>Em lugar primeiro, entendemos Itaka-Escol\u00e1pios como um espa\u00e7o privilegiado e estimado, tanto para a Ordem quanto para a Fraternidade, para o desenvolvimento de sua miss\u00e3o compartilhada por meio da reciprocidade de diversas voca\u00e7\u00f5es. Portanto, Itaka-Escol\u00e1pios n\u00e3o \u00e9 um acr\u00e9scimo \u00e0s Escolas Pias, mas parte integrante delas, uma rede que oferece grandes oportunidades para vivenciar o carisma escol\u00e1pio de forma sinodal e com fidelidade criativa.<\/p>\n<p>O que sentimos que as Escolas Pias pedem a Itaka-Escol\u00e1pios hoje? Acima de tudo, que promova a vida: n\u00e3o apenas cuidar do que j\u00e1 existe (o que \u00e9 fundamental), mas tamb\u00e9m gerar nova vida escol\u00e1pia, tendo em mente que o foco deve estar na miss\u00e3o e naqueles a quem ela se dirige, e n\u00e3o nas institui\u00e7\u00f5es e suas din\u00e2micas internas.<\/p>\n<p>Alguns aspectos da miss\u00e3o que compartilhamos na Itaka-Escol\u00e1pios foram particularmente enfatizados, como nossa presen\u00e7a transformadora nas periferias e em \u00e1reas de maior pobreza e vulnerabilidade, bem como nosso trabalho pastoral com crian\u00e7as e jovens no Movimento Calasanz, um compromisso apoiado pela Ordem. Tamb\u00e9m destacamos nossa promo\u00e7\u00e3o, por meio de nossas a\u00e7\u00f5es, de uma cultura de trabalho em rede, o modelo de presen\u00e7a escol\u00e1pia e a comunidade crist\u00e3 escol\u00e1pia.<\/p>\n<p>A flexibilidade e a adaptabilidade da abordagem da Itaka-Escol\u00e1pios a diferentes situa\u00e7\u00f5es, atendendo \u00e0s circunst\u00e2ncias \u00fanicas de cada realidade escol\u00e1pia, foram especialmente not\u00e1veis. Acreditamos que essa forma de viver a comunh\u00e3o, acompanhando e respeitando a diversidade, deve continuar sendo um valor central de nossa Rede. Da mesma forma, reconhecemos a significativa contribui\u00e7\u00e3o que a participa\u00e7\u00e3o de tantos volunt\u00e1rios traz \u00e0s Escolas Pias, dando o melhor de si por meio dos projetos, bem como \u00e0 estrutura profissional da Itaka-Escol\u00e1pios. Estamos cientes, no entanto, de que Itaka-Escol\u00e1pios \u00e9 uma realidade complexa, por vezes n\u00e3o totalmente compreendida ou que n\u00e3o conseguimos transmitir adequadamente. Portanto, estamos empenhados em encontrar maneiras de expressar nosso ser de forma mais simples, prestando especial aten\u00e7\u00e3o \u00e0 linguagem, ao fluxo de informa\u00e7\u00f5es e \u00e0 forma como nos comunicamos interna e externamente.<\/p>\n<p>O esp\u00edrito fraterno e a comunh\u00e3o que nos acompanharam ao longo deste encontro, juntamente com o afeto e o compromisso com Itaka-Escol\u00e1pios demonstrados por suas institui\u00e7\u00f5es fundadoras \u2014 a Ordem e a Fraternidade \u2014 nos reafirmam e nos enchem de confian\u00e7a no caminho que temos pela frente, apesar das dificuldades que tamb\u00e9m encontramos. Em particular, nos impulsionam na reta final deste mandato escol\u00e1pio de seis anos, que se encerrar\u00e1 em 2027 com eventos importantes: o 49\u00ba Cap\u00edtulo Geral, a 3\u00aa Assembleia da Fraternidade Geral e o 6\u00ba Conselho Consultivo da Rede Itaka-Escol\u00e1pios.<\/p>\n<p>Um caminho sinodal compartilhado, que nada mais \u00e9 do que a continua\u00e7\u00e3o dos passos dados por S\u00e3o Jos\u00e9 Calasanz, de quem tomamos esta frase lida num dos momentos mais comoventes destes \u00faltimos dias:<\/p>\n<p><em>\u00abO caminho mais curto e mais f\u00e1cil para a eleva\u00e7\u00e3o ao autoconhecimento e, a partir da\u00ed, \u00e0 miseric\u00f3rdia, \u00e0 paci\u00eancia e \u00e0 bondade de Deus, \u00e9 rebaixar-se para iluminar as crian\u00e7as, especialmente aquelas que parecem abandonadas por todos\u00bb.<\/em><\/p>\n<p>Invocamos S\u00e3o Jos\u00e9 de Calasanz e Maria, M\u00e3e das Escolas Pias, para que nos acompanhem e guiem nesta jornada, ajudando-nos a ser fi\u00e9is ao que o Esp\u00edrito dispuser para a Rede Itaka-Escol\u00e1pios.<\/p>\n<\/p>\n<p style=%22text-align: right;%22><em>Em S\u00e3o Pantale\u00e3o, Roma, em 6 de mar\u00e7o de 2026, anivers\u00e1rio da aprova\u00e7\u00e3o da congrega\u00e7\u00e3o paulina das Escolas Pias (1617).<\/em><\/p>\n<p>&#8221; global_colors_info=&#8221;{}&#8221;]<\/p>\n<p>Durante los d\u00edas 5 y 6 de marzo de 2026 nos hemos reunido en Roma, en la casa de San Pantaleo, la Congregaci\u00f3n General de la Orden, el Consejo General de la Fraternidad y el Patronato y la Comisi\u00f3n Ejecutiva de Itaka-Escolapios. Ha sido un encuentro relevante y significativo de los principales equipos encargados de dirigir e impulsar esta Red de misi\u00f3n compartida, desde una visi\u00f3n global de servicio a la construcci\u00f3n de las Escuelas P\u00edas.<\/p>\n<p>El encuentro se ha enmarcado en un tiempo muy emotivo y cargado de significado para el conjunto de nuestra Red: en estos d\u00edas celebramos 25 a\u00f1os desde que Itaka-Escolapios fue oficialmente fundada como plataforma de misi\u00f3n compartida institucional entre la Orden y la Fraternidad, entidad que despu\u00e9s ser\u00eda reconocida como realidad de integraci\u00f3n carism\u00e1tica y jur\u00eddica colectiva de las Escuelas P\u00edas.<\/p>\n<p>Con alegr\u00eda y gratitud profundas hemos recibido durante nuestra reuni\u00f3n las palabras que, con ocasi\u00f3n de esta conmemoraci\u00f3n jubilar, el Papa Le\u00f3n XIV nos ha escrito a Itaka-Escolapios, junto con su bendici\u00f3n para todas las personas que participan en nuestra Red.<\/p>\n<p>Estas dos intensas jornadas han sido oportunidad para escucharnos y contrastar impresiones sobre el momento que vive la Red, dialogando en grupo y en plenario, para profundizar en los desaf\u00edos y encontrar nuevos caminos. En las oraciones y eucarist\u00edas nos ha iluminado la Palabra de Dios, a trav\u00e9s de textos como el de L\u00e1zaro y el rico (Lc 16), la mujer samaritana (Jn 4) o la par\u00e1bola de la vi\u00f1a (Mt 21), que nos interpelan como Itaka-Escolapios.<\/p>\n<p>Aunque queda por delante el trabajo de recoger sistem\u00e1ticamente lo reflexionado y convertirlo en propuestas y acciones concretas, en este momento podemos compartir ya algunas ideas que han resonado con fuerza estos d\u00edas.<\/p>\n<p>En primer lugar, entendemos Itaka-Escolapios como un espacio privilegiado y querido tanto por la Orden como por la Fraternidad para desarrollar su misi\u00f3n compartida desde la reciprocidad de las diversas vocaciones. Por tanto, Itaka-Escolapios no es un a\u00f1adido a las Escuelas P\u00edas sino parte integrante de las mismas, una Red que ofrece grandes oportunidades para vivir el carisma escolapio sinodalmente y con fidelidad creativa.<\/p>\n<p>\u00bfQu\u00e9 sentimos que piden las Escuelas P\u00edas hoy a Itaka-Escolapios? Ante todo, promover vida: no solo cuidar de lo que ya existe (siendo esto fundamental), sino adem\u00e1s generar nueva vida escolapia, teniendo presente que el centro ha de ser la misi\u00f3n y aquellos a quienes va dirigida, no las instituciones y sus din\u00e1micas internas.<\/p>\n<p>Algunos \u00e1mbitos de la misi\u00f3n que compartimos en Itaka-Escolapios han sido particularmente subrayados, como son la presencia transformadora en las periferias y realidades de mayor pobreza y vulnerabilidad, as\u00ed como la pastoral con la infancia y juventud en el Movimiento Calasanz, apoyando esta apuesta la Orden. Igualmente, el impulso desde nuestro actuar de la cultura de trabajo en red, del modelo de presencia y la comunidad cristiana escolapia.<\/p>\n<p>Se ha destacado especialmente de la forma de trabajar de Itaka-Escolapios la flexibilidad y la capacidad de adaptaci\u00f3n a las distintas situaciones, atendiendo al momento peculiar de cada realidad escolapia. Consideramos que esta manera de vivir la comuni\u00f3n acompa\u00f1ando y respetando la diversidad ha de seguir siendo un valor de nuestra Red.<\/p>\n<p>Igualmente, reconocemos la gran aportaci\u00f3n que representa para las Escuelas P\u00edas la participaci\u00f3n de tantas personas voluntarias dando lo mejor de s\u00ed a trav\u00e9s de los proyectos, as\u00ed como la estructura profesional con que cuenta Itaka-Escolapios.<\/p>\n<p>Somos conscientes, no obstante, de que Itaka-Escolapios es una realidad compleja, a veces no suficientemente comprendida, o que no somos capaces de transmitir adecuadamente. Por ello, apostamos por encontrar formas de expresar nuestro ser de modo m\u00e1s sencillo, cuidando especialmente el lenguaje, el flujo de la informaci\u00f3n y c\u00f3mo nos comunicamos interna y externamente.<\/p>\n<p>El esp\u00edritu fraterno y de comuni\u00f3n que nos ha acompa\u00f1ado a lo largo de este encuentro, unido al cari\u00f1o y el compromiso hacia Itaka-Escolapios mostrados por sus instituciones fundadoras \u2014Orden y Fraternidad\u2014, nos reafirma y llena de confianza en el camino que tenemos por delante, a pesar de las dificultades que en \u00e9l tambi\u00e9n encontramos. En particular, nos impulsa en la recta final de este sexenio escolapio, que concluir\u00e1 en 2027 con importantes citas: 49\u00ba Cap\u00edtulo General, III Asamblea de la Fraternidad General y VI Consejo Asesor de la Red Itaka-Escolapios.<\/p>\n<p>Un camino compartido, sinodal, que no es sino continuaci\u00f3n de los pasos emprendidos por San Jos\u00e9 Calasanz, de quien tomamos esta frase le\u00edda en uno de los momentos m\u00e1s emotivos de lo vivido en estos d\u00edas:<\/p>\n<p><em>\u00abEl camino m\u00e1s breve y f\u00e1cil para ser exaltado al propio conocimiento y, desde aqu\u00ed, a la misericordia, paciencia y bondad de Dios, es abajarse a dar luz a los ni\u00f1os, y en especial a los que son como desamparados de todos\u00bb.<\/em><\/p>\n<p>Invocamos a \u00e9l, San Jos\u00e9 de Calasanz, y a Mar\u00eda, Madre de las Escuelas P\u00edas, para que nos acompa\u00f1en y gu\u00eden en la andadura, ayud\u00e1ndonos a ser fieles a lo que el Esp\u00edritu disponga para la Red Itaka-Escolapios.<\/p>\n<p>&nbsp;<\/p>\n<p style=\"text-align: right;\"><em>En San Pantaleo, Roma, a 6 de marzo de 2026, aniversario de la aprobaci\u00f3n de la congregaci\u00f3n paulina de la Escuelas P\u00edas (1617).<\/em><\/p>\n<p>[\/et_pb_text][\/et_pb_column_inner][\/et_pb_row_inner][et_pb_row_inner admin_label=&#8221;Im\u00e1genes sede&#8221; _builder_version=&#8221;4.27.4&#8243; _module_preset=&#8221;default&#8221; custom_padding=&#8221;20px||||false|false&#8221; border_width_right=&#8221;3px&#8221; border_color_right=&#8221;gcid-b1ace166-c11d-4c70-a679-55884e9ca298&#8243; border_style_right=&#8221;dotted&#8221; border_width_right_tablet=&#8221;3px&#8221; border_width_right_phone=&#8221;0px&#8221; border_width_right_last_edited=&#8221;on|desktop&#8221; collapsed=&#8221;off&#8221; global_colors_info=&#8221;{%22gcid-b1ace166-c11d-4c70-a679-55884e9ca298%22:%91%22border_color_right%22%93}&#8221;][et_pb_column_inner saved_specialty_column_type=&#8221;3_4&#8243; _builder_version=&#8221;4.27.4&#8243; _module_preset=&#8221;default&#8221; global_colors_info=&#8221;{}&#8221;][difl_imagecarousel item_desktop=&#8221;2&#8243; item_tablet=&#8221;1&#8243; loop=&#8221;on&#8221; dots=&#8221;on&#8221; use_lightbox=&#8221;on&#8221; arrow_color=&#8221;gcid-b1ace166-c11d-4c70-a679-55884e9ca298&#8243; dots_color=&#8221;gcid-cca90ba6-297c-4d63-9e2c-8201011ef870&#8243; active_dots_color=&#8221;gcid-b1ace166-c11d-4c70-a679-55884e9ca298&#8243; _builder_version=&#8221;4.27.4&#8243; _module_preset=&#8221;default&#8221; overflow-x=&#8221;hidden&#8221; overflow-y=&#8221;hidden&#8221; custom_margin=&#8221;|60px|||false|false&#8221; custom_margin_tablet=&#8221;|60px|||false|false&#8221; custom_margin_phone=&#8221;|60px|||false|false&#8221; custom_margin_last_edited=&#8221;on|desktop&#8221; custom_css_free_form=&#8221;selector .df_ici_container {margin: 0 auto;}&#8221; global_colors_info=&#8221;{%22gcid-b1ace166-c11d-4c70-a679-55884e9ca298%22:%91%22arrow_color%22,%22active_dots_color%22%93,%22gcid-cca90ba6-297c-4d63-9e2c-8201011ef870%22:%91%22dots_color%22%93}&#8221;][difl_imagecarouselitem image=&#8221;https:\/\/www.itakaescolapios.org\/wp-content\/uploads\/2026\/03\/1.jpeg&#8221; ic_button_button_url_new_window=&#8221;1&#8243; _builder_version=&#8221;4.27.4&#8243; _module_preset=&#8221;default&#8221; global_colors_info=&#8221;{}&#8221;][\/difl_imagecarouselitem][difl_imagecarouselitem image=&#8221;https:\/\/www.itakaescolapios.org\/wp-content\/uploads\/2026\/03\/1000176294.jpg&#8221; ic_button_button_url_new_window=&#8221;1&#8243; _builder_version=&#8221;4.27.4&#8243; _module_preset=&#8221;default&#8221; global_colors_info=&#8221;{}&#8221;][\/difl_imagecarouselitem][\/difl_imagecarousel][\/et_pb_column_inner][\/et_pb_row_inner][et_pb_row_inner _builder_version=&#8221;4.24.3&#8243; _module_preset=&#8221;default&#8221; custom_padding=&#8221;20px||||false|false&#8221; border_width_right=&#8221;3px&#8221; border_color_right=&#8221;gcid-b1ace166-c11d-4c70-a679-55884e9ca298&#8243; border_style_right=&#8221;dotted&#8221; border_width_right_tablet=&#8221;3px&#8221; border_width_right_phone=&#8221;0px&#8221; border_width_right_last_edited=&#8221;on|desktop&#8221; collapsed=&#8221;on&#8221; global_colors_info=&#8221;{%22gcid-b1ace166-c11d-4c70-a679-55884e9ca298%22:%91%22border_color_right%22%93}&#8221;][et_pb_column_inner saved_specialty_column_type=&#8221;3_4&#8243; _builder_version=&#8221;4.24.3&#8243; _module_preset=&#8221;default&#8221; global_colors_info=&#8221;{}&#8221;][et_pb_text admin_label=&#8221;L\u00ednea divisoria&#8221; _builder_version=&#8221;4.27.4&#8243; _module_preset=&#8221;default&#8221; header_font=&#8221;IBM Plex Sans|700|||||||&#8221; header_text_color=&#8221;gcid-cca90ba6-297c-4d63-9e2c-8201011ef870&#8243; header_font_size=&#8221;40px&#8221; custom_margin=&#8221;|30px|||false|false&#8221; header_font_size_tablet=&#8221;55px&#8221; header_font_size_phone=&#8221;30px&#8221; header_font_size_last_edited=&#8221;on|phone&#8221; border_width_bottom=&#8221;3px&#8221; border_color_bottom=&#8221;gcid-b1ace166-c11d-4c70-a679-55884e9ca298&#8243; border_style_bottom=&#8221;dotted&#8221; global_colors_info=&#8221;{%22gcid-cca90ba6-297c-4d63-9e2c-8201011ef870%22:%91%22header_text_color%22%93,%22gcid-b1ace166-c11d-4c70-a679-55884e9ca298%22:%91%22border_color_bottom%22%93}&#8221;][\/et_pb_text][difl_imagecarousel item_desktop=&#8221;3&#8243; admin_label=&#8221;Campa\u00f1a, educa y voluntariado&#8221; _builder_version=&#8221;4.27.4&#8243; _module_preset=&#8221;default&#8221; width_tablet=&#8221;&#8221; width_phone=&#8221;100%&#8221; width_last_edited=&#8221;on|desktop&#8221; custom_margin=&#8221;|62px|||false|false&#8221; custom_margin_tablet=&#8221;|62px|||false|false&#8221; custom_margin_phone=&#8221;|62px|||false|false&#8221; custom_margin_last_edited=&#8221;on|desktop&#8221; global_module=&#8221;316782&#8243; global_colors_info=&#8221;{}&#8221; custom_margin__hover_enabled=&#8221;off|desktop&#8221; custom_margin__hover=&#8221;|30px|||false|false&#8221;][difl_imagecarouselitem image=&#8221;https:\/\/www.itakaescolapios.org\/wp-content\/uploads\/2025\/02\/banner-CAMPANA-ITAKA-2526-CUADRADO.jpg-1.jpeg&#8221; ic_button_button_url_new_window=&#8221;1&#8243; _builder_version=&#8221;4.27.4&#8243; _module_preset=&#8221;default&#8221; link_option_url=&#8221;https:\/\/www.educa.itakaescolapios.org\/campanas\/2025-2026-25-anos-extendiendo-raices&#8221; image_en_us=&#8221;https:\/\/www.itakaescolapios.org\/wp-content\/uploads\/2025\/02\/BANNERS-CAMPANA-INFERIOR-5005002.jpg&#8221; image_fr_fr=&#8221;https:\/\/www.itakaescolapios.org\/wp-content\/uploads\/2025\/02\/BANNERS-CAMPANA-INFERIOR-5005003.jpg&#8221; image_eu=&#8221;https:\/\/www.itakaescolapios.org\/wp-content\/uploads\/2025\/02\/BANNERS-CAMPANA-INFERIOR-5005006.jpg&#8221; image_ca=&#8221;https:\/\/www.itakaescolapios.org\/wp-content\/uploads\/2025\/02\/BANNERS-CAMPANA-INFERIOR-5005005.jpg&#8221; image_pt_br=&#8221;https:\/\/www.itakaescolapios.org\/wp-content\/uploads\/2025\/02\/BANNERS-CAMPANA-INFERIOR-5005004.jpg&#8221; global_colors_info=&#8221;{}&#8221;][\/difl_imagecarouselitem][difl_imagecarouselitem admin_label=&#8221;Voluntariado&#8221; image=&#8221;https:\/\/www.itakaescolapios.org\/wp-content\/uploads\/2025\/02\/BANNERS-VOLUNTARIADO-INFERIOR-500500.jpg&#8221; ic_button_button_url_new_window=&#8221;1&#8243; _builder_version=&#8221;4.27.4&#8243; _module_preset=&#8221;default&#8221; link_option_url=&#8221;https:\/\/www.itakaescolapios.org\/es\/haz-voluntariado\/&#8221; image_en_us=&#8221;https:\/\/www.itakaescolapios.org\/wp-content\/uploads\/2025\/02\/BANNERS-VOLUNTARIADO-INFERIOR-5005002.jpg&#8221; image_fr_fr=&#8221;https:\/\/www.itakaescolapios.org\/wp-content\/uploads\/2025\/02\/BANNERS-VOLUNTARIADO-INFERIOR-5005003.jpg&#8221; image_eu=&#8221;https:\/\/www.itakaescolapios.org\/wp-content\/uploads\/2025\/02\/BANNERS-VOLUNTARIADO-INFERIOR-5005006.jpg&#8221; image_ca=&#8221;https:\/\/www.itakaescolapios.org\/wp-content\/uploads\/2025\/02\/BANNERS-VOLUNTARIADO-INFERIOR-5005004.jpg&#8221; image_pt_br=&#8221;https:\/\/www.itakaescolapios.org\/wp-content\/uploads\/2025\/02\/BANNERS-VOLUNTARIADO-INFERIOR-5005005.jpg&#8221; global_colors_info=&#8221;{}&#8221;][\/difl_imagecarouselitem][difl_imagecarouselitem image=&#8221;https:\/\/www.itakaescolapios.org\/wp-content\/uploads\/2025\/02\/BANNERS-EDUCA-INFERIOR-500500.jpg&#8221; ic_button_button_url_new_window=&#8221;1&#8243; _builder_version=&#8221;4.27.4&#8243; _module_preset=&#8221;default&#8221; link_option_url=&#8221;https:\/\/www.educa.itakaescolapios.org\/&#8221; image_en_us=&#8221;https:\/\/www.itakaescolapios.org\/wp-content\/uploads\/2025\/02\/BANNERS-EDUCA-INFERIOR-5005002.jpg&#8221; image_fr_fr=&#8221;https:\/\/www.itakaescolapios.org\/wp-content\/uploads\/2025\/02\/BANNERS-EDUCA-INFERIOR-5005003.jpg&#8221; image_eu=&#8221;https:\/\/www.itakaescolapios.org\/wp-content\/uploads\/2025\/02\/BANNERS-EDUCA-INFERIOR-5005006.jpg&#8221; image_ca=&#8221;https:\/\/www.itakaescolapios.org\/wp-content\/uploads\/2025\/02\/BANNERS-EDUCA-INFERIOR-5005005.jpg&#8221; image_pt_br=&#8221;https:\/\/www.itakaescolapios.org\/wp-content\/uploads\/2025\/02\/BANNERS-EDUCA-INFERIOR-5005004.jpg&#8221; global_colors_info=&#8221;{}&#8221;][\/difl_imagecarouselitem][\/difl_imagecarousel][\/et_pb_column_inner][\/et_pb_row_inner][\/et_pb_column][et_pb_column type=&#8221;1_4&#8243; _builder_version=&#8221;4.16&#8243; custom_padding=&#8221;|||&#8221; global_colors_info=&#8221;{}&#8221; custom_padding__hover=&#8221;|||&#8221;][difl_imagecarousel item_desktop=&#8221;1&#8243; item_tablet=&#8221;1&#8243; loop=&#8221;on&#8221; autoplay=&#8221;on&#8221; autospeed=&#8221;3500&#8243; dots=&#8221;on&#8221; dots_color=&#8221;gcid-cca90ba6-297c-4d63-9e2c-8201011ef870&#8243; active_dots_color=&#8221;gcid-b1ace166-c11d-4c70-a679-55884e9ca298&#8243; dots_gap=&#8221;21px&#8221; item_wrapper_padding=&#8221;||15px||false|false&#8221; admin_label=&#8221;Ser miembro y newsletter&#8221; module_class=&#8221;extiendeenlacedeboton&#8221; _builder_version=&#8221;4.27.4&#8243; _module_preset=&#8221;default&#8221; global_module=&#8221;51656&#8243; saved_tabs=&#8221;all&#8221; locked=&#8221;off&#8221; global_colors_info=&#8221;{%22gcid-cca90ba6-297c-4d63-9e2c-8201011ef870%22:%91%22dots_color%22%93,%22gcid-b1ace166-c11d-4c70-a679-55884e9ca298%22:%91%22active_dots_color%22%93}&#8221;][difl_imagecarouselitem image=&#8221;https:\/\/www.itakaescolapios.org\/wp-content\/uploads\/2025\/02\/banners-500&#215;500-esp.jpg&#8221; ic_button_button_text=&#8221;bot&#8221; ic_button_button_url=&#8221;\/es\/colabora&#8221; ic_button_button_url_new_window=&#8221;1&#8243; _builder_version=&#8221;4.27.4&#8243; _module_preset=&#8221;default&#8221; image_en_us=&#8221;https:\/\/www.itakaescolapios.org\/wp-content\/uploads\/2025\/02\/banners-500&#215;500-eng.jpg&#8221; ic_button_button_text_en_us=&#8221;bot&#8221; image_fr_fr=&#8221;https:\/\/www.itakaescolapios.org\/wp-content\/uploads\/2025\/02\/banners-500&#215;500-fra.jpg&#8221; ic_button_button_text_fr_fr=&#8221;bot&#8221; image_eu=&#8221;https:\/\/www.itakaescolapios.org\/wp-content\/uploads\/2025\/02\/banners-500&#215;500-eusk.jpg&#8221; ic_button_button_text_eu=&#8221;bot&#8221; image_ca=&#8221;https:\/\/www.itakaescolapios.org\/wp-content\/uploads\/2025\/02\/banners-500&#215;500-val.jpg&#8221; ic_button_button_text_ca=&#8221;bot&#8221; image_pt_br=&#8221;https:\/\/www.itakaescolapios.org\/wp-content\/uploads\/2025\/02\/banners-500&#215;500-port.jpg&#8221; ic_button_button_text_pt_br=&#8221;bot&#8221; global_colors_info=&#8221;{}&#8221;][\/difl_imagecarouselitem][difl_imagecarouselitem image=&#8221;https:\/\/www.itakaescolapios.org\/wp-content\/uploads\/2025\/02\/banners-500&#215;500-esp2.png&#8221; ic_button_button_text=&#8221;bot&#8221; ic_button_button_url=&#8221;\/es\/suscribete\/&#8221; ic_button_button_url_new_window=&#8221;1&#8243; _builder_version=&#8221;4.27.4&#8243; _module_preset=&#8221;default&#8221; image_en_us=&#8221;https:\/\/www.itakaescolapios.org\/wp-content\/uploads\/2025\/02\/banners-500&#215;500-eng2.jpg&#8221; ic_button_button_text_en_us=&#8221;bot&#8221; image_fr_fr=&#8221;https:\/\/www.itakaescolapios.org\/wp-content\/uploads\/2025\/02\/banners-500&#215;500-fra2.jpg&#8221; ic_button_button_text_fr_fr=&#8221;bot&#8221; image_eu=&#8221;https:\/\/www.itakaescolapios.org\/wp-content\/uploads\/2025\/02\/banners-500&#215;500-eusk2.jpg&#8221; ic_button_button_text_eu=&#8221;bot&#8221; image_ca=&#8221;https:\/\/www.itakaescolapios.org\/wp-content\/uploads\/2025\/02\/banners-500&#215;500-val2.jpg&#8221; ic_button_button_text_ca=&#8221;bot&#8221; image_pt_br=&#8221;https:\/\/www.itakaescolapios.org\/wp-content\/uploads\/2025\/02\/banners-500&#215;500-port2.jpg&#8221; ic_button_button_text_pt_br=&#8221;bot&#8221; global_colors_info=&#8221;{}&#8221;][\/difl_imagecarouselitem][\/difl_imagecarousel][et_pb_text admin_label=&#8221;Texto %22\u00daltimas noticias%22&#8243; _builder_version=&#8221;4.25.0&#8243; _module_preset=&#8221;default&#8221; header_font=&#8221;IBM Plex Sans|700|||||||&#8221; header_text_color=&#8221;gcid-cca90ba6-297c-4d63-9e2c-8201011ef870&#8243; header_font_size=&#8221;40px&#8221; custom_margin=&#8221;||||false|false&#8221; header_font_size_tablet=&#8221;55px&#8221; header_font_size_phone=&#8221;30px&#8221; header_font_size_last_edited=&#8221;on|phone&#8221; content_en_us=&#8221;<\/p>\n<h1>Last news<\/h1>\n<p>&#8221; content_fr_fr=&#8221;<\/p>\n<h1>Derni\u00e8res nouvelles<\/h1>\n<p>&#8221; content_eu=&#8221;<\/p>\n<h1>Azken berriak<\/h1>\n<p>&#8221; content_ca=&#8221;<\/p>\n<h1>\u00daltimes not\u00edcies<\/h1>\n<p>&#8221; content_pt_br=&#8221;<\/p>\n<h1>\u00daltimas not\u00edcias<\/h1>\n<p>&#8221; border_width_bottom=&#8221;3px&#8221; border_color_bottom=&#8221;gcid-b1ace166-c11d-4c70-a679-55884e9ca298&#8243; border_style_bottom=&#8221;dotted&#8221; global_module=&#8221;50904&#8243; saved_tabs=&#8221;all&#8221; global_colors_info=&#8221;{%22gcid-cca90ba6-297c-4d63-9e2c-8201011ef870%22:%91%22header_text_color%22,%22header_text_color%22%93,%22gcid-b1ace166-c11d-4c70-a679-55884e9ca298%22:%91%22border_color_bottom%22%93}&#8221;]<\/p>\n<h1>\u00daltimas noticias<\/h1>\n<p>[\/et_pb_text][difl_blogcarousel posts_number=&#8221;6&#8243; post_display=&#8221;by_category&#8221; include_categories=&#8221;707&#8243; use_image_as_background=&#8221;on&#8221; item_desktop=&#8221;1&#8243; item_tablet=&#8221;1&#8243; loop=&#8221;on&#8221; dots=&#8221;on&#8221; equal_height=&#8221;on&#8221; item_background_bgcolor=&#8221;rgba(175,196,16,0.9)&#8221; arrow_color=&#8221;#FFFFFF&#8221; arrow_background=&#8221;gcid-cca90ba6-297c-4d63-9e2c-8201011ef870&#8243; arrow_circle=&#8221;on&#8221; arrow_prev_icon_use_icon=&#8221;off&#8221; arrow_prev_margin=&#8221;|||-70px|false|false&#8221; arrow_prev_margin_tablet=&#8221;&#8221; arrow_prev_margin_phone=&#8221;|||0px|false|false&#8221; arrow_prev_margin_last_edited=&#8221;on|phone&#8221; arrow_next_margin=&#8221;|-70px|||false|false&#8221; arrow_next_margin_tablet=&#8221;&#8221; arrow_next_margin_phone=&#8221;|0px|||false|false&#8221; arrow_next_margin_last_edited=&#8221;on|phone&#8221; large_active_dot=&#8221;on&#8221; dots_color=&#8221;gcid-cca90ba6-297c-4d63-9e2c-8201011ef870&#8243; active_dots_color=&#8221;gcid-b1ace166-c11d-4c70-a679-55884e9ca298&#8243; wrapper_padding=&#8221;||15px||false|false&#8221; item_wrapper_padding=&#8221;300px||||false|false&#8221; item_padding=&#8221;20px||||false|false&#8221; admin_label=&#8221;AQU\u00cd CAMBIA LA CATEGOR\u00cdA&#8221; _builder_version=&#8221;4.27.4&#8243; _module_preset=&#8221;default&#8221; border_radii_item_outer=&#8221;on|8px|8px|8px|8px&#8221; global_colors_info=&#8221;{%22gcid-b1ace166-c11d-4c70-a679-55884e9ca298%22:%91%22item_background_bgcolor%22,%22active_dots_color%22%93}&#8221;][difl_postitem type=&#8221;title&#8221; element_padding=&#8221;10px|10px||10px|false|true&#8221; _builder_version=&#8221;4.27.4&#8243; _module_preset=&#8221;default&#8221; post_font_style_font=&#8221;Merriweather|900|||||||&#8221; post_font_style_text_color=&#8221;#FFFFFF&#8221; post_font_style_font_size=&#8221;20px&#8221; post_font_style_line_height=&#8221;22px&#8221; background_color=&#8221;RGBA(255,255,255,0)&#8221; background_enable_color=&#8221;on&#8221; text_orientation=&#8221;center&#8221; global_colors_info=&#8221;{}&#8221;][\/difl_postitem][difl_postitem type=&#8221;date&#8221; date_format=&#8221;j-F-Y&#8221; meta_display=&#8221;block&#8221; use_icon=&#8221;on&#8221; font_icon=&#8221;&#xe023;||divi||400&#8243; icon_color=&#8221;#FFFFFF&#8221; element_padding=&#8221;|10px||10px|false|true&#8221; _builder_version=&#8221;4.27.4&#8243; _module_preset=&#8221;default&#8221; post_font_style_font=&#8221;IBM Plex Sans|700|||||||&#8221; post_font_style_text_color=&#8221;#FFFFFF&#8221; post_font_style_font_size=&#8221;12px&#8221; background_color=&#8221;RGBA(255,255,255,0)&#8221; background_enable_color=&#8221;on&#8221; text_orientation=&#8221;right&#8221; global_colors_info=&#8221;{}&#8221;][\/difl_postitem][\/difl_blogcarousel][et_pb_text admin_label=&#8221;Texto %22S\u00edguenos%22&#8243; _builder_version=&#8221;4.27.4&#8243; _module_preset=&#8221;default&#8221; header_font=&#8221;IBM Plex Sans|600|||||||&#8221; header_text_color=&#8221;#FFFFFF&#8221; background_color=&#8221;gcid-cca90ba6-297c-4d63-9e2c-8201011ef870&#8243; custom_margin=&#8221;0px||0px||true|false&#8221; custom_padding=&#8221;20px||||false|false&#8221; content_en_us=&#8221;<\/p>\n<h1 style=%22text-align: center;%22>Follow us<\/h1>\n<p>&#8221; content_fr_fr=&#8221;<\/p>\n<h1 style=%22text-align: center;%22>Suivez-nous sur<\/h1>\n<p>&#8221; content_eu=&#8221;<\/p>\n<h1 style=%22text-align: center;%22>Jarraitu<\/h1>\n<p>&#8221; content_ca=&#8221;<\/p>\n<h1 style=%22text-align: center;%22>Segueix-nos<\/h1>\n<p>&#8221; content_pt_br=&#8221;<\/p>\n<h1 style=%22text-align: center;%22>Siga-nos em<\/h1>\n<p>&#8221; border_radii=&#8221;off||15px||&#8221; global_colors_info=&#8221;{%22gcid-cca90ba6-297c-4d63-9e2c-8201011ef870%22:%91%22background_color%22%93}&#8221;]<\/p>\n<h1 style=\"text-align: center;\">S\u00edguenos<\/h1>\n<p>[\/et_pb_text][et_pb_social_media_follow admin_label=&#8221;REDES SOCIALES SEDE&#8221; module_class=&#8221;redes-portada-sede&#8221; _builder_version=&#8221;4.25.1&#8243; _module_preset=&#8221;default&#8221; background_color=&#8221;gcid-cca90ba6-297c-4d63-9e2c-8201011ef870&#8243; text_orientation=&#8221;center&#8221; custom_margin=&#8221;0px||||false|false&#8221; custom_padding=&#8221;15px||15px||true|false&#8221; custom_css_free_form=&#8221;.redes-portada-sede.et_pb_module {border-bottom-left-radius: 15px !important;}&#8221; border_radii=&#8221;off|15px|15px|15px|15px&#8221; global_colors_info=&#8221;{%22gcid-cca90ba6-297c-4d63-9e2c-8201011ef870%22:%91%22background_color%22%93}&#8221;][et_pb_social_media_follow_network social_network=&#8221;facebook&#8221; icon_color=&#8221;gcid-cca90ba6-297c-4d63-9e2c-8201011ef870&#8243; _builder_version=&#8221;4.24.3&#8243; _module_preset=&#8221;default&#8221; background_color=&#8221;#FFFFFF&#8221; background_enable_color=&#8221;on&#8221; global_colors_info=&#8221;{%22gcid-cca90ba6-297c-4d63-9e2c-8201011ef870%22:%91%22icon_color%22%93}&#8221; follow_button=&#8221;off&#8221; url_new_window=&#8221;on&#8221;]facebook[\/et_pb_social_media_follow_network][et_pb_social_media_follow_network social_network=&#8221;instagram&#8221; icon_color=&#8221;gcid-cca90ba6-297c-4d63-9e2c-8201011ef870&#8243; _builder_version=&#8221;4.24.3&#8243; _module_preset=&#8221;default&#8221; background_color=&#8221;#FFFFFF&#8221; background_enable_color=&#8221;on&#8221; global_colors_info=&#8221;{%22gcid-cca90ba6-297c-4d63-9e2c-8201011ef870%22:%91%22icon_color%22%93}&#8221; follow_button=&#8221;off&#8221; url_new_window=&#8221;on&#8221;]instagram[\/et_pb_social_media_follow_network][et_pb_social_media_follow_network social_network=&#8221;youtube&#8221; icon_color=&#8221;gcid-cca90ba6-297c-4d63-9e2c-8201011ef870&#8243; _builder_version=&#8221;4.24.3&#8243; _module_preset=&#8221;default&#8221; background_color=&#8221;#FFFFFF&#8221; background_enable_color=&#8221;on&#8221; global_colors_info=&#8221;{%22gcid-cca90ba6-297c-4d63-9e2c-8201011ef870%22:%91%22icon_color%22%93}&#8221; follow_button=&#8221;off&#8221; url_new_window=&#8221;on&#8221;]youtube[\/et_pb_social_media_follow_network][\/et_pb_social_media_follow][difl_imagecarousel item_desktop=&#8221;1&#8243; item_tablet=&#8221;1&#8243; loop=&#8221;on&#8221; autoplay=&#8221;on&#8221; autospeed=&#8221;3500&#8243; dots=&#8221;on&#8221; dots_color=&#8221;gcid-cca90ba6-297c-4d63-9e2c-8201011ef870&#8243; active_dots_color=&#8221;gcid-b1ace166-c11d-4c70-a679-55884e9ca298&#8243; item_wrapper_padding=&#8221;||20px||false|false&#8221; admin_label=&#8221;Formaci\u00f3n, hemeroteca y formaci\u00f3n&#8221; module_class=&#8221;extiendeenlacedeboton&#8221; _builder_version=&#8221;4.27.4&#8243; _module_preset=&#8221;default&#8221; module_alignment=&#8221;center&#8221; custom_margin=&#8221;||||false|false&#8221; global_module=&#8221;51721&#8243; saved_tabs=&#8221;all&#8221; global_colors_info=&#8221;{%22gcid-cca90ba6-297c-4d63-9e2c-8201011ef870%22:%91%22dots_color%22%93,%22gcid-b1ace166-c11d-4c70-a679-55884e9ca298%22:%91%22active_dots_color%22%93}&#8221; custom_margin__hover_enabled=&#8221;on|hover&#8221; custom_margin__hover=&#8221;||||false|false&#8221;][difl_imagecarouselitem admin_label=&#8221;Formaci\u00f3n&#8221; image=&#8221;https:\/\/www.itakaescolapios.org\/wp-content\/uploads\/2025\/02\/banners-500&#215;500-esp5.jpg&#8221; ic_button_button_text=&#8221;bot&#8221; ic_button_button_url=&#8221;\/es\/que-hacemos\/formacion\/&#8221; ic_button_button_url_new_window=&#8221;1&#8243; _builder_version=&#8221;4.27.4&#8243; _module_preset=&#8221;default&#8221; image_en_us=&#8221;https:\/\/www.itakaescolapios.org\/wp-content\/uploads\/2025\/02\/banners-500&#215;500-eng5.jpg&#8221; ic_button_button_text_en_us=&#8221;bot&#8221; image_fr_fr=&#8221;https:\/\/www.itakaescolapios.org\/wp-content\/uploads\/2025\/02\/banners-500&#215;500-fra5.jpg&#8221; ic_button_button_text_fr_fr=&#8221;bot&#8221; image_eu=&#8221;https:\/\/www.itakaescolapios.org\/wp-content\/uploads\/2025\/02\/banners-500&#215;500-eusk5.jpg&#8221; ic_button_button_text_eu=&#8221;bot&#8221; image_ca=&#8221;https:\/\/www.itakaescolapios.org\/wp-content\/uploads\/2025\/02\/banners-500&#215;500-val5.jpg&#8221; ic_button_button_text_ca=&#8221;bot&#8221; image_pt_br=&#8221;https:\/\/www.itakaescolapios.org\/wp-content\/uploads\/2025\/02\/banners-500&#215;500-port5.jpg&#8221; ic_button_button_text_pt_br=&#8221;bot&#8221; global_colors_info=&#8221;{}&#8221;][\/difl_imagecarouselitem][difl_imagecarouselitem admin_label=&#8221;Publicaciones&#8221; image=&#8221;https:\/\/www.itakaescolapios.org\/wp-content\/uploads\/2025\/02\/banners-500&#215;500-esp3-1.jpg&#8221; ic_button_button_text=&#8221;bot&#8221; ic_button_button_url=&#8221;\/es\/publicaciones&#8221; ic_button_button_url_new_window=&#8221;1&#8243; _builder_version=&#8221;4.27.4&#8243; _module_preset=&#8221;default&#8221; image_en_us=&#8221;https:\/\/www.itakaescolapios.org\/wp-content\/uploads\/2025\/02\/banners-500&#215;500-eng3.jpg&#8221; ic_button_button_text_en_us=&#8221;bot&#8221; image_fr_fr=&#8221;https:\/\/www.itakaescolapios.org\/wp-content\/uploads\/2025\/02\/banners-500&#215;500-fra3.jpg&#8221; ic_button_button_text_fr_fr=&#8221;bot&#8221; image_eu=&#8221;https:\/\/www.itakaescolapios.org\/wp-content\/uploads\/2025\/02\/banners-500&#215;500-eusk3.jpg&#8221; ic_button_button_text_eu=&#8221;bot&#8221; image_ca=&#8221;https:\/\/www.itakaescolapios.org\/wp-content\/uploads\/2025\/02\/banners-500&#215;500-val3.jpg&#8221; ic_button_button_text_ca=&#8221;bot&#8221; image_pt_br=&#8221;https:\/\/www.itakaescolapios.org\/wp-content\/uploads\/2025\/02\/banners-500&#215;500-port3.jpg&#8221; ic_button_button_text_pt_br=&#8221;bot&#8221; global_colors_info=&#8221;{}&#8221;][\/difl_imagecarouselitem][difl_imagecarouselitem admin_label=&#8221;Hemeroteca&#8221; image=&#8221;https:\/\/www.itakaescolapios.org\/wp-content\/uploads\/2025\/02\/banners-500&#215;500-esp4.jpg&#8221; ic_button_button_text=&#8221;bot&#8221; ic_button_button_url=&#8221;\/es\/noticias\/&#8221; ic_button_button_url_new_window=&#8221;1&#8243; _builder_version=&#8221;4.27.4&#8243; _module_preset=&#8221;default&#8221; image_en_us=&#8221;https:\/\/www.itakaescolapios.org\/wp-content\/uploads\/2025\/02\/banners-500&#215;500-eng4.jpg&#8221; ic_button_button_text_en_us=&#8221;bot&#8221; image_fr_fr=&#8221;https:\/\/www.itakaescolapios.org\/wp-content\/uploads\/2025\/02\/banners-500&#215;500-fra4.jpg&#8221; ic_button_button_text_fr_fr=&#8221;bot&#8221; image_eu=&#8221;https:\/\/www.itakaescolapios.org\/wp-content\/uploads\/2025\/02\/banners-500&#215;500-eusk4.jpg&#8221; ic_button_button_text_eu=&#8221;bot&#8221; image_ca=&#8221;https:\/\/www.itakaescolapios.org\/wp-content\/uploads\/2025\/02\/banners-500&#215;500-val4.jpg&#8221; ic_button_button_text_ca=&#8221;bot&#8221; image_pt_br=&#8221;https:\/\/www.itakaescolapios.org\/wp-content\/uploads\/2025\/02\/banners-500&#215;500-port4.jpg&#8221; ic_button_button_text_pt_br=&#8221;bot&#8221; global_colors_info=&#8221;{}&#8221;][\/difl_imagecarouselitem][\/difl_imagecarousel][\/et_pb_column][\/et_pb_section]<\/p>\n","protected":false},"excerpt":{"rendered":"<p>Final declaration following the meeting, held on March 5 and 6, of the main teams responsible for leading and promoting this Shared Mission Network, based on a global vision of service to the development of the Pious Schools.<\/p>\n","protected":false},"author":69,"featured_media":330839,"comment_status":"closed","ping_status":"closed","sticky":false,"template":"","format":"standard","meta":{"_et_pb_use_builder":"on","_et_pb_old_content":"","_et_gb_content_width":"","footnotes":""},"categories":[707],"tags":[],"class_list":["post-331502","post","type-post","status-publish","format-standard","has-post-thumbnail","hentry","category-25-aniversario"],"yoast_head":"<!-- This site is optimized with the Yoast SEO plugin v27.4 - https:\/\/yoast.com\/product\/yoast-seo-wordpress\/ -->\n<title>Declaration of the Rome 2026 Meeting<\/title>\n<meta name=\"description\" content=\"Final declaration following the meeting, held on March 5 and 6, of the main teams responsible for leading and promoting this Shared Mission Network, based on a global vision of service to the development of the Pious Schools.\" \/>\n<meta name=\"robots\" content=\"index, follow, max-snippet:-1, max-image-preview:large, max-video-preview:-1\" \/>\n<link rel=\"canonical\" href=\"http:\/\/Final%20declaration%20following%20the%20meeting,%20held%20on%20March%205%20and%206,%20of%20the%20main%20teams%20responsible%20for%20leading%20and%20promoting%20this%20Shared%20Mission%20Network,%20based%20on%20a%20global%20vision%20of%20service%20to%20the%20development%20of%20the%20Pious%20Schools.\" \/>\n<meta property=\"og:locale\" content=\"en_US\" \/>\n<meta property=\"og:type\" content=\"article\" \/>\n<meta property=\"og:title\" content=\"Declaration of the Rome 2026 Meeting\" \/>\n<meta property=\"og:description\" content=\"Final declaration following the meeting, held on March 5 and 6, of the main teams responsible for leading and promoting this Shared Mission Network, based on a global vision of service to the development of the Pious Schools.\" \/>\n<meta property=\"og:url\" content=\"https:\/\/www.itakaescolapios.org\/en\/2026\/03\/declaracion-encuentro-roma-2026\/\" \/>\n<meta property=\"og:site_name\" content=\"Proofs in Itaka-Escolapios\" \/>\n<meta property=\"article:published_time\" content=\"2026-03-23T06:57:47+00:00\" \/>\n<meta property=\"article:modified_time\" content=\"2026-04-23T07:15:36+00:00\" \/>\n<meta property=\"og:image\" content=\"https:\/\/www.itakaescolapios.org\/wp-content\/uploads\/2026\/03\/3.jpeg\" \/>\n\t<meta property=\"og:image:width\" content=\"2048\" \/>\n\t<meta property=\"og:image:height\" content=\"1536\" \/>\n\t<meta property=\"og:image:type\" content=\"image\/jpeg\" \/>\n<meta name=\"author\" content=\"Paz Su\u00f1er\" \/>\n<meta name=\"twitter:card\" content=\"summary_large_image\" \/>\n<meta name=\"twitter:label1\" content=\"Written by\" \/>\n\t<meta name=\"twitter:data1\" content=\"Paz Su\u00f1er\" \/>\n\t<meta name=\"twitter:label2\" content=\"Est. reading time\" \/>\n\t<meta name=\"twitter:data2\" content=\"7 minutes\" \/>\n<script type=\"application\/ld+json\" class=\"yoast-schema-graph\">{\"@context\":\"https:\\\/\\\/schema.org\",\"@graph\":[{\"@type\":\"Article\",\"@id\":\"https:\\\/\\\/www.itakaescolapios.org\\\/en\\\/2026\\\/03\\\/declaracion-encuentro-roma-2026\\\/#article\",\"isPartOf\":{\"@id\":\"https:\\\/\\\/www.itakaescolapios.org\\\/en\\\/2026\\\/03\\\/declaracion-encuentro-roma-2026\\\/\"},\"author\":{\"name\":\"Paz Su\u00f1er\",\"@id\":\"https:\\\/\\\/www.itakaescolapios.org\\\/es\\\/#\\\/schema\\\/person\\\/b4aee0bb1423368fa9a5439a0985739e\"},\"headline\":\"Declaration of the Rome 2026 Meeting\",\"datePublished\":\"2026-03-23T06:57:47+00:00\",\"dateModified\":\"2026-04-23T07:15:36+00:00\",\"mainEntityOfPage\":{\"@id\":\"https:\\\/\\\/www.itakaescolapios.org\\\/en\\\/2026\\\/03\\\/declaracion-encuentro-roma-2026\\\/\"},\"wordCount\":8291,\"publisher\":{\"@id\":\"https:\\\/\\\/www.itakaescolapios.org\\\/es\\\/#organization\"},\"image\":{\"@id\":\"https:\\\/\\\/www.itakaescolapios.org\\\/en\\\/2026\\\/03\\\/declaracion-encuentro-roma-2026\\\/#primaryimage\"},\"thumbnailUrl\":\"https:\\\/\\\/www.itakaescolapios.org\\\/wp-content\\\/uploads\\\/2026\\\/03\\\/3.jpeg\",\"articleSection\":[\"25 aniversario\"],\"inLanguage\":\"en-US\"},{\"@type\":\"WebPage\",\"@id\":\"https:\\\/\\\/www.itakaescolapios.org\\\/en\\\/2026\\\/03\\\/declaracion-encuentro-roma-2026\\\/\",\"url\":\"https:\\\/\\\/www.itakaescolapios.org\\\/en\\\/2026\\\/03\\\/declaracion-encuentro-roma-2026\\\/\",\"name\":\"Declaraci\u00f3n Encuentro Roma 2026 - Proofs in Itaka-Escolapios\",\"isPartOf\":{\"@id\":\"https:\\\/\\\/www.itakaescolapios.org\\\/es\\\/#website\"},\"primaryImageOfPage\":{\"@id\":\"https:\\\/\\\/www.itakaescolapios.org\\\/en\\\/2026\\\/03\\\/declaracion-encuentro-roma-2026\\\/#primaryimage\"},\"image\":{\"@id\":\"https:\\\/\\\/www.itakaescolapios.org\\\/en\\\/2026\\\/03\\\/declaracion-encuentro-roma-2026\\\/#primaryimage\"},\"thumbnailUrl\":\"https:\\\/\\\/www.itakaescolapios.org\\\/wp-content\\\/uploads\\\/2026\\\/03\\\/3.jpeg\",\"datePublished\":\"2026-03-23T06:57:47+00:00\",\"dateModified\":\"2026-04-23T07:15:36+00:00\",\"breadcrumb\":{\"@id\":\"https:\\\/\\\/www.itakaescolapios.org\\\/en\\\/2026\\\/03\\\/declaracion-encuentro-roma-2026\\\/#breadcrumb\"},\"inLanguage\":\"en-US\",\"potentialAction\":[{\"@type\":\"ReadAction\",\"target\":[\"https:\\\/\\\/www.itakaescolapios.org\\\/en\\\/2026\\\/03\\\/declaracion-encuentro-roma-2026\\\/\"]}]},{\"@type\":\"ImageObject\",\"inLanguage\":\"en-US\",\"@id\":\"https:\\\/\\\/www.itakaescolapios.org\\\/en\\\/2026\\\/03\\\/declaracion-encuentro-roma-2026\\\/#primaryimage\",\"url\":\"https:\\\/\\\/www.itakaescolapios.org\\\/wp-content\\\/uploads\\\/2026\\\/03\\\/3.jpeg\",\"contentUrl\":\"https:\\\/\\\/www.itakaescolapios.org\\\/wp-content\\\/uploads\\\/2026\\\/03\\\/3.jpeg\",\"width\":2048,\"height\":1536},{\"@type\":\"BreadcrumbList\",\"@id\":\"https:\\\/\\\/www.itakaescolapios.org\\\/en\\\/2026\\\/03\\\/declaracion-encuentro-roma-2026\\\/#breadcrumb\",\"itemListElement\":[{\"@type\":\"ListItem\",\"position\":1,\"name\":\"Proof\",\"item\":\"https:\\\/\\\/www.itakaescolapios.org\\\/es\\\/\"},{\"@type\":\"ListItem\",\"position\":2,\"name\":\"Declaration of the Rome 2026 Meeting\"}]},{\"@type\":\"WebSite\",\"@id\":\"https:\\\/\\\/www.itakaescolapios.org\\\/en\\\/es\\\/#website\",\"url\":\"https:\\\/\\\/www.itakaescolapios.org\\\/en\\\/es\\\/\",\"name\":\"Itaka-Escolapios\",\"description\":\"Red de Itaka-Escolapios\",\"publisher\":{\"@id\":\"https:\\\/\\\/www.itakaescolapios.org\\\/en\\\/es\\\/#organization\"},\"potentialAction\":[{\"@type\":\"SearchAction\",\"target\":{\"@type\":\"EntryPoint\",\"urlTemplate\":\"https:\\\/\\\/www.itakaescolapios.org\\\/en\\\/es\\\/?s={search_term_string}\"},\"query-input\":{\"@type\":\"PropertyValueSpecification\",\"valueRequired\":true,\"valueName\":\"search_term_string\"}}],\"inLanguage\":\"en-US\"},{\"@type\":\"Organization\",\"@id\":\"https:\\\/\\\/www.itakaescolapios.org\\\/en\\\/es\\\/#organization\",\"name\":\"Fundaci\u00f3 Itaka-Escolapios\",\"url\":\"https:\\\/\\\/www.itakaescolapios.org\\\/en\\\/es\\\/\",\"logo\":{\"@type\":\"ImageObject\",\"inLanguage\":\"en-US\",\"@id\":\"https:\\\/\\\/www.itakaescolapios.org\\\/en\\\/es\\\/#\\\/schema\\\/logo\\\/image\\\/\",\"url\":\"https:\\\/\\\/www.itakaescolapios.org\\\/wp-content\\\/uploads\\\/2024\\\/04\\\/Logo-itakaescolapios-peque.png\",\"contentUrl\":\"https:\\\/\\\/www.itakaescolapios.org\\\/wp-content\\\/uploads\\\/2024\\\/04\\\/Logo-itakaescolapios-peque.png\",\"width\":500,\"height\":199,\"caption\":\"Fundaci\u00f3 Itaka-Escolapios\"},\"image\":{\"@id\":\"https:\\\/\\\/www.itakaescolapios.org\\\/en\\\/es\\\/#\\\/schema\\\/logo\\\/image\\\/\"}},{\"@type\":\"Person\",\"@id\":\"https:\\\/\\\/www.itakaescolapios.org\\\/es\\\/#\\\/schema\\\/person\\\/b4aee0bb1423368fa9a5439a0985739e\",\"name\":\"Paz Su\u00f1er\",\"url\":\"https:\\\/\\\/www.itakaescolapios.org\\\/en\\\/author\\\/pazsuner\\\/\"}]}<\/script>\n<!-- \/ Yoast SEO plugin. -->","yoast_head_json":{"title":"Declaration of the Rome 2026 Meeting","description":"Final declaration following the meeting, held on March 5 and 6, of the main teams responsible for leading and promoting this Shared Mission Network, based on a global vision of service to the development of the Pious Schools.","robots":{"index":"index","follow":"follow","max-snippet":"max-snippet:-1","max-image-preview":"max-image-preview:large","max-video-preview":"max-video-preview:-1"},"canonical":"Final declaration following the meeting, held on March 5 and 6, of the main teams responsible for leading and promoting this Shared Mission Network, based on a global vision of service to the development of the Pious Schools.","og_locale":"en_US","og_type":"article","og_title":"Declaration of the Rome 2026 Meeting","og_description":"Final declaration following the meeting, held on March 5 and 6, of the main teams responsible for leading and promoting this Shared Mission Network, based on a global vision of service to the development of the Pious Schools.","og_url":"https:\/\/www.itakaescolapios.org\/en\/2026\/03\/declaracion-encuentro-roma-2026\/","og_site_name":"Proofs in Itaka-Escolapios","article_published_time":"2026-03-23T06:57:47+00:00","article_modified_time":"2026-04-23T07:15:36+00:00","og_image":[{"width":2048,"height":1536,"url":"https:\/\/www.itakaescolapios.org\/wp-content\/uploads\/2026\/03\/3.jpeg","type":"image\/jpeg"}],"author":"Paz Su\u00f1er","twitter_card":"summary_large_image","twitter_misc":{"Written by":"Paz Su\u00f1er","Est. reading time":"7 minutes"},"schema":{"@context":"https:\/\/schema.org","@graph":[{"@type":"Article","@id":"https:\/\/www.itakaescolapios.org\/en\/2026\/03\/declaracion-encuentro-roma-2026\/#article","isPartOf":{"@id":"https:\/\/www.itakaescolapios.org\/en\/2026\/03\/declaracion-encuentro-roma-2026\/"},"author":{"name":"Paz Su\u00f1er","@id":"https:\/\/www.itakaescolapios.org\/es\/#\/schema\/person\/b4aee0bb1423368fa9a5439a0985739e"},"headline":"Declaration of the Rome 2026 Meeting","datePublished":"2026-03-23T06:57:47+00:00","dateModified":"2026-04-23T07:15:36+00:00","mainEntityOfPage":{"@id":"https:\/\/www.itakaescolapios.org\/en\/2026\/03\/declaracion-encuentro-roma-2026\/"},"wordCount":8291,"publisher":{"@id":"https:\/\/www.itakaescolapios.org\/es\/#organization"},"image":{"@id":"https:\/\/www.itakaescolapios.org\/en\/2026\/03\/declaracion-encuentro-roma-2026\/#primaryimage"},"thumbnailUrl":"https:\/\/www.itakaescolapios.org\/wp-content\/uploads\/2026\/03\/3.jpeg","articleSection":["25 aniversario"],"inLanguage":"en-US"},{"@type":"WebPage","@id":"https:\/\/www.itakaescolapios.org\/en\/2026\/03\/declaracion-encuentro-roma-2026\/","url":"https:\/\/www.itakaescolapios.org\/en\/2026\/03\/declaracion-encuentro-roma-2026\/","name":"Declaraci\u00f3n Encuentro Roma 2026 - Proofs in Itaka-Escolapios","isPartOf":{"@id":"https:\/\/www.itakaescolapios.org\/es\/#website"},"primaryImageOfPage":{"@id":"https:\/\/www.itakaescolapios.org\/en\/2026\/03\/declaracion-encuentro-roma-2026\/#primaryimage"},"image":{"@id":"https:\/\/www.itakaescolapios.org\/en\/2026\/03\/declaracion-encuentro-roma-2026\/#primaryimage"},"thumbnailUrl":"https:\/\/www.itakaescolapios.org\/wp-content\/uploads\/2026\/03\/3.jpeg","datePublished":"2026-03-23T06:57:47+00:00","dateModified":"2026-04-23T07:15:36+00:00","breadcrumb":{"@id":"https:\/\/www.itakaescolapios.org\/en\/2026\/03\/declaracion-encuentro-roma-2026\/#breadcrumb"},"inLanguage":"en-US","potentialAction":[{"@type":"ReadAction","target":["https:\/\/www.itakaescolapios.org\/en\/2026\/03\/declaracion-encuentro-roma-2026\/"]}]},{"@type":"ImageObject","inLanguage":"en-US","@id":"https:\/\/www.itakaescolapios.org\/en\/2026\/03\/declaracion-encuentro-roma-2026\/#primaryimage","url":"https:\/\/www.itakaescolapios.org\/wp-content\/uploads\/2026\/03\/3.jpeg","contentUrl":"https:\/\/www.itakaescolapios.org\/wp-content\/uploads\/2026\/03\/3.jpeg","width":2048,"height":1536},{"@type":"BreadcrumbList","@id":"https:\/\/www.itakaescolapios.org\/en\/2026\/03\/declaracion-encuentro-roma-2026\/#breadcrumb","itemListElement":[{"@type":"ListItem","position":1,"name":"Proof","item":"https:\/\/www.itakaescolapios.org\/es\/"},{"@type":"ListItem","position":2,"name":"Declaration of the Rome 2026 Meeting"}]},{"@type":"WebSite","@id":"https:\/\/www.itakaescolapios.org\/en\/es\/#website","url":"https:\/\/www.itakaescolapios.org\/en\/es\/","name":"Itaka-Escolapios","description":"Red de Itaka-Escolapios","publisher":{"@id":"https:\/\/www.itakaescolapios.org\/en\/es\/#organization"},"potentialAction":[{"@type":"SearchAction","target":{"@type":"EntryPoint","urlTemplate":"https:\/\/www.itakaescolapios.org\/en\/es\/?s={search_term_string}"},"query-input":{"@type":"PropertyValueSpecification","valueRequired":true,"valueName":"search_term_string"}}],"inLanguage":"en-US"},{"@type":"Organization","@id":"https:\/\/www.itakaescolapios.org\/en\/es\/#organization","name":"Fundaci\u00f3 Itaka-Escolapios","url":"https:\/\/www.itakaescolapios.org\/en\/es\/","logo":{"@type":"ImageObject","inLanguage":"en-US","@id":"https:\/\/www.itakaescolapios.org\/en\/es\/#\/schema\/logo\/image\/","url":"https:\/\/www.itakaescolapios.org\/wp-content\/uploads\/2024\/04\/Logo-itakaescolapios-peque.png","contentUrl":"https:\/\/www.itakaescolapios.org\/wp-content\/uploads\/2024\/04\/Logo-itakaescolapios-peque.png","width":500,"height":199,"caption":"Fundaci\u00f3 Itaka-Escolapios"},"image":{"@id":"https:\/\/www.itakaescolapios.org\/en\/es\/#\/schema\/logo\/image\/"}},{"@type":"Person","@id":"https:\/\/www.itakaescolapios.org\/es\/#\/schema\/person\/b4aee0bb1423368fa9a5439a0985739e","name":"Paz Su\u00f1er","url":"https:\/\/www.itakaescolapios.org\/en\/author\/pazsuner\/"}]}},"_links":{"self":[{"href":"https:\/\/www.itakaescolapios.org\/en\/wp-json\/wp\/v2\/posts\/331502","targetHints":{"allow":["GET"]}}],"collection":[{"href":"https:\/\/www.itakaescolapios.org\/en\/wp-json\/wp\/v2\/posts"}],"about":[{"href":"https:\/\/www.itakaescolapios.org\/en\/wp-json\/wp\/v2\/types\/post"}],"author":[{"embeddable":true,"href":"https:\/\/www.itakaescolapios.org\/en\/wp-json\/wp\/v2\/users\/69"}],"replies":[{"embeddable":true,"href":"https:\/\/www.itakaescolapios.org\/en\/wp-json\/wp\/v2\/comments?post=331502"}],"version-history":[{"count":7,"href":"https:\/\/www.itakaescolapios.org\/en\/wp-json\/wp\/v2\/posts\/331502\/revisions"}],"predecessor-version":[{"id":331514,"href":"https:\/\/www.itakaescolapios.org\/en\/wp-json\/wp\/v2\/posts\/331502\/revisions\/331514"}],"wp:featuredmedia":[{"embeddable":true,"href":"https:\/\/www.itakaescolapios.org\/en\/wp-json\/wp\/v2\/media\/330839"}],"wp:attachment":[{"href":"https:\/\/www.itakaescolapios.org\/en\/wp-json\/wp\/v2\/media?parent=331502"}],"wp:term":[{"taxonomy":"category","embeddable":true,"href":"https:\/\/www.itakaescolapios.org\/en\/wp-json\/wp\/v2\/categories?post=331502"},{"taxonomy":"post_tag","embeddable":true,"href":"https:\/\/www.itakaescolapios.org\/en\/wp-json\/wp\/v2\/tags?post=331502"}],"curies":[{"name":"wp","href":"https:\/\/api.w.org\/{rel}","templated":true}]}}