{"id":3368,"date":"2012-10-03T09:40:03","date_gmt":"2012-10-03T08:40:03","guid":{"rendered":"https:\/\/www.itakaescolapios.org\/?p=3368"},"modified":"2023-11-28T12:39:37","modified_gmt":"2023-11-28T11:39:37","slug":"inicio-del-curso-de-monitores-y-monitoras-de-tiempo-libre-en-cordoba","status":"publish","type":"post","link":"https:\/\/www.itakaescolapios.org\/en\/2012\/10\/inicio-del-curso-de-monitores-y-monitoras-de-tiempo-libre-en-cordoba\/","title":{"rendered":"Inicio del curso de monitores y monitoras de tiempo libre en C\u00f3rdoba"},"content":{"rendered":"<p>Este fin de semana desde Itaka Escolapios C\u00f3rdoba ha dado comienzo un a\u00f1i m\u00e1s el curso de monitor de tiempo libre, con la primera sesi\u00f3n, contando con la presencia de 20 j\u00f3venes de los procesos pastorales del Movimiento Calasanz y tambi\u00e9n alg\u00fan participante externo. Han estado el fin de semana aprendiendo miles de formas de jugar y de hacer talleres con los chavales. Ha sido un un fin de semana divertido en el que han vuelto a ser ni\u00f1os.<\/p>\n","protected":false},"excerpt":{"rendered":"<p>Este fin de semana desde Itaka Escolapios C\u00f3rdoba ha dado comienzo un a\u00f1i m\u00e1s el curso de monitor de tiempo libre, con la primera sesi\u00f3n, contando con la presencia de [&hellip;]<\/p>\n","protected":false},"author":3,"featured_media":3369,"comment_status":"closed","ping_status":"closed","sticky":false,"template":"","format":"standard","meta":{"_et_pb_use_builder":"","_et_pb_old_content":"","_et_gb_content_width":"","footnotes":""},"categories":[18],"tags":[],"class_list":["post-3368","post","type-post","status-publish","format-standard","has-post-thumbnail","hentry","category-cordoba"],"yoast_head":"<!-- This site is optimized with the Yoast SEO plugin v27.4 - https:\/\/yoast.com\/product\/yoast-seo-wordpress\/ -->\n<title>Inicio del curso de monitores y monitoras de tiempo libre en C\u00f3rdoba<\/title>\n<meta name=\"description\" content=\"Este fin de semana desde Itaka Escolapios C\u00f3rdoba ha dado comienzo un a\u00f1i m\u00e1s el curso de monitor de tiempo libre, con la primera sesi\u00f3n, contando con la presencia de 20 j\u00f3venes de los procesos pastorales del Movimiento Calasanz y tambi\u00e9n alg\u00fan participante externo. Han estado el fin de semana aprendiendo miles de formas de&hellip;\" \/>\n<meta name=\"robots\" content=\"index, follow, max-snippet:-1, max-image-preview:large, max-video-preview:-1\" \/>\n<link rel=\"canonical\" href=\"http:\/\/Este%20fin%20de%20semana%20desde%20Itaka%20Escolapios%20C\u00f3rdoba%20ha%20dado%20comienzo%20un%20a\u00f1i%20m\u00e1s%20el%20curso%20de%20monitor%20de%20tiempo%20libre,%20con%20la%20primera%20sesi\u00f3n,%20contando%20con%20la%20presencia%20de%2020%20j\u00f3venes%20de%20los%20procesos%20pastorales%20del%20Movimiento%20Calasanz%20y%20tambi\u00e9n%20alg\u00fan%20participante%20externo.%20Han%20estado%20el%20fin%20de%20semana%20aprendiendo%20miles%20de%20formas%20de&hellip;\" \/>\n<meta property=\"og:locale\" content=\"en_US\" \/>\n<meta property=\"og:type\" content=\"article\" \/>\n<meta property=\"og:title\" content=\"Inicio del curso de monitores y monitoras de tiempo libre en C\u00f3rdoba\" \/>\n<meta property=\"og:description\" content=\"Este fin de semana desde Itaka Escolapios C\u00f3rdoba ha dado comienzo un a\u00f1i m\u00e1s el curso de monitor de tiempo libre, con la primera sesi\u00f3n, contando con la presencia de 20 j\u00f3venes de los procesos pastorales del Movimiento Calasanz y tambi\u00e9n alg\u00fan participante externo. Han estado el fin de semana aprendiendo miles de formas de&hellip;\" \/>\n<meta property=\"og:url\" content=\"https:\/\/www.itakaescolapios.org\/en\/2012\/10\/inicio-del-curso-de-monitores-y-monitoras-de-tiempo-libre-en-cordoba\/\" \/>\n<meta property=\"og:site_name\" content=\"Proofs in Itaka-Escolapios\" \/>\n<meta property=\"article:published_time\" content=\"2012-10-03T08:40:03+00:00\" \/>\n<meta property=\"article:modified_time\" content=\"2023-11-28T11:39:37+00:00\" \/>\n<meta property=\"og:image\" content=\"https:\/\/www.itakaescolapios.org\/wp-content\/uploads\/2012\/10\/Monitores.jpg\" \/>\n\t<meta property=\"og:image:width\" content=\"172\" \/>\n\t<meta property=\"og:image:height\" content=\"172\" \/>\n\t<meta property=\"og:image:type\" content=\"image\/jpeg\" \/>\n<meta name=\"author\" content=\"Bilbao\" \/>\n<meta name=\"twitter:card\" content=\"summary_large_image\" \/>\n<meta name=\"twitter:label1\" content=\"Written by\" \/>\n\t<meta name=\"twitter:data1\" content=\"Bilbao\" \/>\n<script type=\"application\/ld+json\" class=\"yoast-schema-graph\">{\"@context\":\"https:\\\/\\\/schema.org\",\"@graph\":[{\"@type\":\"Article\",\"@id\":\"https:\\\/\\\/www.itakaescolapios.org\\\/en\\\/2012\\\/10\\\/inicio-del-curso-de-monitores-y-monitoras-de-tiempo-libre-en-cordoba\\\/#article\",\"isPartOf\":{\"@id\":\"https:\\\/\\\/www.itakaescolapios.org\\\/en\\\/2012\\\/10\\\/inicio-del-curso-de-monitores-y-monitoras-de-tiempo-libre-en-cordoba\\\/\"},\"author\":{\"name\":\"Bilbao\",\"@id\":\"https:\\\/\\\/www.itakaescolapios.org\\\/es\\\/#\\\/schema\\\/person\\\/d5b530ea20cbfbbd734611b2591f590c\"},\"headline\":\"Inicio del curso de monitores y monitoras de tiempo libre en C\u00f3rdoba\",\"datePublished\":\"2012-10-03T08:40:03+00:00\",\"dateModified\":\"2023-11-28T11:39:37+00:00\",\"mainEntityOfPage\":{\"@id\":\"https:\\\/\\\/www.itakaescolapios.org\\\/en\\\/2012\\\/10\\\/inicio-del-curso-de-monitores-y-monitoras-de-tiempo-libre-en-cordoba\\\/\"},\"wordCount\":99,\"publisher\":{\"@id\":\"https:\\\/\\\/www.itakaescolapios.org\\\/es\\\/#organization\"},\"image\":{\"@id\":\"https:\\\/\\\/www.itakaescolapios.org\\\/en\\\/2012\\\/10\\\/inicio-del-curso-de-monitores-y-monitoras-de-tiempo-libre-en-cordoba\\\/#primaryimage\"},\"thumbnailUrl\":\"https:\\\/\\\/www.itakaescolapios.org\\\/wp-content\\\/uploads\\\/2012\\\/10\\\/Monitores.jpg\",\"articleSection\":[\"C\u00f3rdoba\"],\"inLanguage\":\"en-US\"},{\"@type\":\"WebPage\",\"@id\":\"https:\\\/\\\/www.itakaescolapios.org\\\/en\\\/2012\\\/10\\\/inicio-del-curso-de-monitores-y-monitoras-de-tiempo-libre-en-cordoba\\\/\",\"url\":\"https:\\\/\\\/www.itakaescolapios.org\\\/en\\\/2012\\\/10\\\/inicio-del-curso-de-monitores-y-monitoras-de-tiempo-libre-en-cordoba\\\/\",\"name\":\"Inicio del curso de monitores y monitoras de tiempo libre en C\u00f3rdoba - Proofs in Itaka-Escolapios\",\"isPartOf\":{\"@id\":\"https:\\\/\\\/www.itakaescolapios.org\\\/es\\\/#website\"},\"primaryImageOfPage\":{\"@id\":\"https:\\\/\\\/www.itakaescolapios.org\\\/en\\\/2012\\\/10\\\/inicio-del-curso-de-monitores-y-monitoras-de-tiempo-libre-en-cordoba\\\/#primaryimage\"},\"image\":{\"@id\":\"https:\\\/\\\/www.itakaescolapios.org\\\/en\\\/2012\\\/10\\\/inicio-del-curso-de-monitores-y-monitoras-de-tiempo-libre-en-cordoba\\\/#primaryimage\"},\"thumbnailUrl\":\"https:\\\/\\\/www.itakaescolapios.org\\\/wp-content\\\/uploads\\\/2012\\\/10\\\/Monitores.jpg\",\"datePublished\":\"2012-10-03T08:40:03+00:00\",\"dateModified\":\"2023-11-28T11:39:37+00:00\",\"breadcrumb\":{\"@id\":\"https:\\\/\\\/www.itakaescolapios.org\\\/en\\\/2012\\\/10\\\/inicio-del-curso-de-monitores-y-monitoras-de-tiempo-libre-en-cordoba\\\/#breadcrumb\"},\"inLanguage\":\"en-US\",\"potentialAction\":[{\"@type\":\"ReadAction\",\"target\":[\"https:\\\/\\\/www.itakaescolapios.org\\\/en\\\/2012\\\/10\\\/inicio-del-curso-de-monitores-y-monitoras-de-tiempo-libre-en-cordoba\\\/\"]}]},{\"@type\":\"ImageObject\",\"inLanguage\":\"en-US\",\"@id\":\"https:\\\/\\\/www.itakaescolapios.org\\\/en\\\/2012\\\/10\\\/inicio-del-curso-de-monitores-y-monitoras-de-tiempo-libre-en-cordoba\\\/#primaryimage\",\"url\":\"https:\\\/\\\/www.itakaescolapios.org\\\/wp-content\\\/uploads\\\/2012\\\/10\\\/Monitores.jpg\",\"contentUrl\":\"https:\\\/\\\/www.itakaescolapios.org\\\/wp-content\\\/uploads\\\/2012\\\/10\\\/Monitores.jpg\",\"width\":\"172\",\"height\":\"172\"},{\"@type\":\"BreadcrumbList\",\"@id\":\"https:\\\/\\\/www.itakaescolapios.org\\\/en\\\/2012\\\/10\\\/inicio-del-curso-de-monitores-y-monitoras-de-tiempo-libre-en-cordoba\\\/#breadcrumb\",\"itemListElement\":[{\"@type\":\"ListItem\",\"position\":1,\"name\":\"Proof\",\"item\":\"https:\\\/\\\/www.itakaescolapios.org\\\/es\\\/\"},{\"@type\":\"ListItem\",\"position\":2,\"name\":\"Inicio del curso de monitores y monitoras de tiempo libre en C\u00f3rdoba\"}]},{\"@type\":\"WebSite\",\"@id\":\"https:\\\/\\\/www.itakaescolapios.org\\\/en\\\/es\\\/#website\",\"url\":\"https:\\\/\\\/www.itakaescolapios.org\\\/en\\\/es\\\/\",\"name\":\"Itaka-Escolapios\",\"description\":\"Red de Itaka-Escolapios\",\"publisher\":{\"@id\":\"https:\\\/\\\/www.itakaescolapios.org\\\/en\\\/es\\\/#organization\"},\"potentialAction\":[{\"@type\":\"SearchAction\",\"target\":{\"@type\":\"EntryPoint\",\"urlTemplate\":\"https:\\\/\\\/www.itakaescolapios.org\\\/en\\\/es\\\/?s={search_term_string}\"},\"query-input\":{\"@type\":\"PropertyValueSpecification\",\"valueRequired\":true,\"valueName\":\"search_term_string\"}}],\"inLanguage\":\"en-US\"},{\"@type\":\"Organization\",\"@id\":\"https:\\\/\\\/www.itakaescolapios.org\\\/en\\\/es\\\/#organization\",\"name\":\"Fundaci\u00f3 Itaka-Escolapios\",\"url\":\"https:\\\/\\\/www.itakaescolapios.org\\\/en\\\/es\\\/\",\"logo\":{\"@type\":\"ImageObject\",\"inLanguage\":\"en-US\",\"@id\":\"https:\\\/\\\/www.itakaescolapios.org\\\/en\\\/es\\\/#\\\/schema\\\/logo\\\/image\\\/\",\"url\":\"https:\\\/\\\/www.itakaescolapios.org\\\/wp-content\\\/uploads\\\/2024\\\/04\\\/Logo-itakaescolapios-peque.png\",\"contentUrl\":\"https:\\\/\\\/www.itakaescolapios.org\\\/wp-content\\\/uploads\\\/2024\\\/04\\\/Logo-itakaescolapios-peque.png\",\"width\":500,\"height\":199,\"caption\":\"Fundaci\u00f3 Itaka-Escolapios\"},\"image\":{\"@id\":\"https:\\\/\\\/www.itakaescolapios.org\\\/en\\\/es\\\/#\\\/schema\\\/logo\\\/image\\\/\"}},{\"@type\":\"Person\",\"@id\":\"https:\\\/\\\/www.itakaescolapios.org\\\/es\\\/#\\\/schema\\\/person\\\/d5b530ea20cbfbbd734611b2591f590c\",\"name\":\"Bilbao\",\"url\":\"https:\\\/\\\/www.itakaescolapios.org\\\/en\\\/author\\\/bilbao\\\/\"}]}<\/script>\n<!-- \/ Yoast SEO plugin. -->","yoast_head_json":{"title":"Inicio del curso de monitores y monitoras de tiempo libre en C\u00f3rdoba","description":"Este fin de semana desde Itaka Escolapios C\u00f3rdoba ha dado comienzo un a\u00f1i m\u00e1s el curso de monitor de tiempo libre, con la primera sesi\u00f3n, contando con la presencia de 20 j\u00f3venes de los procesos pastorales del Movimiento Calasanz y tambi\u00e9n alg\u00fan participante externo. Han estado el fin de semana aprendiendo miles de formas de&hellip;","robots":{"index":"index","follow":"follow","max-snippet":"max-snippet:-1","max-image-preview":"max-image-preview:large","max-video-preview":"max-video-preview:-1"},"canonical":"Este fin de semana desde Itaka Escolapios C\u00f3rdoba ha dado comienzo un a\u00f1i m\u00e1s el curso de monitor de tiempo libre, con la primera sesi\u00f3n, contando con la presencia de 20 j\u00f3venes de los procesos pastorales del Movimiento Calasanz y tambi\u00e9n alg\u00fan participante externo. Han estado el fin de semana aprendiendo miles de formas de&hellip;","og_locale":"en_US","og_type":"article","og_title":"Inicio del curso de monitores y monitoras de tiempo libre en C\u00f3rdoba","og_description":"Este fin de semana desde Itaka Escolapios C\u00f3rdoba ha dado comienzo un a\u00f1i m\u00e1s el curso de monitor de tiempo libre, con la primera sesi\u00f3n, contando con la presencia de 20 j\u00f3venes de los procesos pastorales del Movimiento Calasanz y tambi\u00e9n alg\u00fan participante externo. Han estado el fin de semana aprendiendo miles de formas de&hellip;","og_url":"https:\/\/www.itakaescolapios.org\/en\/2012\/10\/inicio-del-curso-de-monitores-y-monitoras-de-tiempo-libre-en-cordoba\/","og_site_name":"Proofs in Itaka-Escolapios","article_published_time":"2012-10-03T08:40:03+00:00","article_modified_time":"2023-11-28T11:39:37+00:00","og_image":[{"width":172,"height":172,"url":"https:\/\/www.itakaescolapios.org\/wp-content\/uploads\/2012\/10\/Monitores.jpg","type":"image\/jpeg"}],"author":"Bilbao","twitter_card":"summary_large_image","twitter_misc":{"Written by":"Bilbao"},"schema":{"@context":"https:\/\/schema.org","@graph":[{"@type":"Article","@id":"https:\/\/www.itakaescolapios.org\/en\/2012\/10\/inicio-del-curso-de-monitores-y-monitoras-de-tiempo-libre-en-cordoba\/#article","isPartOf":{"@id":"https:\/\/www.itakaescolapios.org\/en\/2012\/10\/inicio-del-curso-de-monitores-y-monitoras-de-tiempo-libre-en-cordoba\/"},"author":{"name":"Bilbao","@id":"https:\/\/www.itakaescolapios.org\/es\/#\/schema\/person\/d5b530ea20cbfbbd734611b2591f590c"},"headline":"Inicio del curso de monitores y monitoras de tiempo libre en C\u00f3rdoba","datePublished":"2012-10-03T08:40:03+00:00","dateModified":"2023-11-28T11:39:37+00:00","mainEntityOfPage":{"@id":"https:\/\/www.itakaescolapios.org\/en\/2012\/10\/inicio-del-curso-de-monitores-y-monitoras-de-tiempo-libre-en-cordoba\/"},"wordCount":99,"publisher":{"@id":"https:\/\/www.itakaescolapios.org\/es\/#organization"},"image":{"@id":"https:\/\/www.itakaescolapios.org\/en\/2012\/10\/inicio-del-curso-de-monitores-y-monitoras-de-tiempo-libre-en-cordoba\/#primaryimage"},"thumbnailUrl":"https:\/\/www.itakaescolapios.org\/wp-content\/uploads\/2012\/10\/Monitores.jpg","articleSection":["C\u00f3rdoba"],"inLanguage":"en-US"},{"@type":"WebPage","@id":"https:\/\/www.itakaescolapios.org\/en\/2012\/10\/inicio-del-curso-de-monitores-y-monitoras-de-tiempo-libre-en-cordoba\/","url":"https:\/\/www.itakaescolapios.org\/en\/2012\/10\/inicio-del-curso-de-monitores-y-monitoras-de-tiempo-libre-en-cordoba\/","name":"Inicio del curso de monitores y monitoras de tiempo libre en C\u00f3rdoba - Proofs in Itaka-Escolapios","isPartOf":{"@id":"https:\/\/www.itakaescolapios.org\/es\/#website"},"primaryImageOfPage":{"@id":"https:\/\/www.itakaescolapios.org\/en\/2012\/10\/inicio-del-curso-de-monitores-y-monitoras-de-tiempo-libre-en-cordoba\/#primaryimage"},"image":{"@id":"https:\/\/www.itakaescolapios.org\/en\/2012\/10\/inicio-del-curso-de-monitores-y-monitoras-de-tiempo-libre-en-cordoba\/#primaryimage"},"thumbnailUrl":"https:\/\/www.itakaescolapios.org\/wp-content\/uploads\/2012\/10\/Monitores.jpg","datePublished":"2012-10-03T08:40:03+00:00","dateModified":"2023-11-28T11:39:37+00:00","breadcrumb":{"@id":"https:\/\/www.itakaescolapios.org\/en\/2012\/10\/inicio-del-curso-de-monitores-y-monitoras-de-tiempo-libre-en-cordoba\/#breadcrumb"},"inLanguage":"en-US","potentialAction":[{"@type":"ReadAction","target":["https:\/\/www.itakaescolapios.org\/en\/2012\/10\/inicio-del-curso-de-monitores-y-monitoras-de-tiempo-libre-en-cordoba\/"]}]},{"@type":"ImageObject","inLanguage":"en-US","@id":"https:\/\/www.itakaescolapios.org\/en\/2012\/10\/inicio-del-curso-de-monitores-y-monitoras-de-tiempo-libre-en-cordoba\/#primaryimage","url":"https:\/\/www.itakaescolapios.org\/wp-content\/uploads\/2012\/10\/Monitores.jpg","contentUrl":"https:\/\/www.itakaescolapios.org\/wp-content\/uploads\/2012\/10\/Monitores.jpg","width":"172","height":"172"},{"@type":"BreadcrumbList","@id":"https:\/\/www.itakaescolapios.org\/en\/2012\/10\/inicio-del-curso-de-monitores-y-monitoras-de-tiempo-libre-en-cordoba\/#breadcrumb","itemListElement":[{"@type":"ListItem","position":1,"name":"Proof","item":"https:\/\/www.itakaescolapios.org\/es\/"},{"@type":"ListItem","position":2,"name":"Inicio del curso de monitores y monitoras de tiempo libre en C\u00f3rdoba"}]},{"@type":"WebSite","@id":"https:\/\/www.itakaescolapios.org\/en\/es\/#website","url":"https:\/\/www.itakaescolapios.org\/en\/es\/","name":"Itaka-Escolapios","description":"Red de Itaka-Escolapios","publisher":{"@id":"https:\/\/www.itakaescolapios.org\/en\/es\/#organization"},"potentialAction":[{"@type":"SearchAction","target":{"@type":"EntryPoint","urlTemplate":"https:\/\/www.itakaescolapios.org\/en\/es\/?s={search_term_string}"},"query-input":{"@type":"PropertyValueSpecification","valueRequired":true,"valueName":"search_term_string"}}],"inLanguage":"en-US"},{"@type":"Organization","@id":"https:\/\/www.itakaescolapios.org\/en\/es\/#organization","name":"Fundaci\u00f3 Itaka-Escolapios","url":"https:\/\/www.itakaescolapios.org\/en\/es\/","logo":{"@type":"ImageObject","inLanguage":"en-US","@id":"https:\/\/www.itakaescolapios.org\/en\/es\/#\/schema\/logo\/image\/","url":"https:\/\/www.itakaescolapios.org\/wp-content\/uploads\/2024\/04\/Logo-itakaescolapios-peque.png","contentUrl":"https:\/\/www.itakaescolapios.org\/wp-content\/uploads\/2024\/04\/Logo-itakaescolapios-peque.png","width":500,"height":199,"caption":"Fundaci\u00f3 Itaka-Escolapios"},"image":{"@id":"https:\/\/www.itakaescolapios.org\/en\/es\/#\/schema\/logo\/image\/"}},{"@type":"Person","@id":"https:\/\/www.itakaescolapios.org\/es\/#\/schema\/person\/d5b530ea20cbfbbd734611b2591f590c","name":"Bilbao","url":"https:\/\/www.itakaescolapios.org\/en\/author\/bilbao\/"}]}},"_links":{"self":[{"href":"https:\/\/www.itakaescolapios.org\/en\/wp-json\/wp\/v2\/posts\/3368","targetHints":{"allow":["GET"]}}],"collection":[{"href":"https:\/\/www.itakaescolapios.org\/en\/wp-json\/wp\/v2\/posts"}],"about":[{"href":"https:\/\/www.itakaescolapios.org\/en\/wp-json\/wp\/v2\/types\/post"}],"author":[{"embeddable":true,"href":"https:\/\/www.itakaescolapios.org\/en\/wp-json\/wp\/v2\/users\/3"}],"replies":[{"embeddable":true,"href":"https:\/\/www.itakaescolapios.org\/en\/wp-json\/wp\/v2\/comments?post=3368"}],"version-history":[{"count":5,"href":"https:\/\/www.itakaescolapios.org\/en\/wp-json\/wp\/v2\/posts\/3368\/revisions"}],"predecessor-version":[{"id":49992,"href":"https:\/\/www.itakaescolapios.org\/en\/wp-json\/wp\/v2\/posts\/3368\/revisions\/49992"}],"wp:featuredmedia":[{"embeddable":true,"href":"https:\/\/www.itakaescolapios.org\/en\/wp-json\/wp\/v2\/media\/3369"}],"wp:attachment":[{"href":"https:\/\/www.itakaescolapios.org\/en\/wp-json\/wp\/v2\/media?parent=3368"}],"wp:term":[{"taxonomy":"category","embeddable":true,"href":"https:\/\/www.itakaescolapios.org\/en\/wp-json\/wp\/v2\/categories?post=3368"},{"taxonomy":"post_tag","embeddable":true,"href":"https:\/\/www.itakaescolapios.org\/en\/wp-json\/wp\/v2\/tags?post=3368"}],"curies":[{"name":"wp","href":"https:\/\/api.w.org\/{rel}","templated":true}]}}