{"id":35065,"date":"2021-11-30T13:22:04","date_gmt":"2021-11-30T12:22:04","guid":{"rendered":"https:\/\/www.itakaescolapios.org\/?p=35065"},"modified":"2023-11-28T12:35:55","modified_gmt":"2023-11-28T11:35:55","slug":"celebracion-en-errotazarra","status":"publish","type":"post","link":"https:\/\/www.itakaescolapios.org\/en\/2021\/11\/celebracion-en-errotazarra\/","title":{"rendered":"Celebraci\u00f3n en Errotazarra"},"content":{"rendered":"<p>[et_pb_section fb_built=&#8221;1&#8243; _builder_version=&#8221;3.22&#8243; global_colors_info=&#8221;{}&#8221;][et_pb_row column_structure=&#8221;1_2,1_2&#8243; _builder_version=&#8221;3.25&#8243; background_size=&#8221;initial&#8221; background_position=&#8221;top_left&#8221; background_repeat=&#8221;repeat&#8221; global_colors_info=&#8221;{}&#8221;][et_pb_column type=&#8221;1_2&#8243; _builder_version=&#8221;3.25&#8243; custom_padding=&#8221;|||&#8221; global_colors_info=&#8221;{}&#8221; custom_padding__hover=&#8221;|||&#8221;][et_pb_text _builder_version=&#8221;4.13.1&#8243; text_font_size=&#8221;16px&#8221; background_size=&#8221;initial&#8221; background_position=&#8221;top_left&#8221; background_repeat=&#8221;repeat&#8221; global_colors_info=&#8221;{}&#8221;]<\/p>\n<p style=\"text-align: justify;\">Ayer lunes 29 de noviembre en Errotazarra estuvimos celebrando la despedida de 4 participantes en el itinerario formativo de jardiner\u00eda que han conseguido ser <strong>seleccionados para el empleo<\/strong> <strong>como jardineros<\/strong> dentro de la edici\u00f3n de este a\u00f1o del plan de empleo Municipal <strong>para un contrato de doce meses a jornada completa<\/strong>.<\/p>\n<p>[\/et_pb_text][et_pb_image src=&#8221;https:\/\/www.itakaescolapios.org\/wp-content\/uploads\/2021\/11\/008_1.jpg&#8221; title_text=&#8221;008_1&#8243; show_in_lightbox=&#8221;on&#8221; _builder_version=&#8221;4.13.1&#8243; _module_preset=&#8221;default&#8221; global_colors_info=&#8221;{}&#8221;][\/et_pb_image][et_pb_text _builder_version=&#8221;4.13.1&#8243; text_font_size=&#8221;16px&#8221; background_size=&#8221;initial&#8221; background_position=&#8221;top_left&#8221; background_repeat=&#8221;repeat&#8221; global_colors_info=&#8221;{}&#8221;]<\/p>\n<p style=\"text-align: justify;\">Una gran familia que tratamos de llevar adelante este y otros proyectos para educar y transformar la vida de las personas sin dejar de lado el anuncio de que es posible construir entre todas un mundo mejor.<\/p>\n<p>[\/et_pb_text][\/et_pb_column][et_pb_column type=&#8221;1_2&#8243; _builder_version=&#8221;3.25&#8243; custom_padding=&#8221;|||&#8221; global_colors_info=&#8221;{}&#8221; custom_padding__hover=&#8221;|||&#8221;][et_pb_image src=&#8221;https:\/\/www.itakaescolapios.org\/wp-content\/uploads\/2021\/11\/002_1.jpg&#8221; title_text=&#8221;002_1&#8243; show_in_lightbox=&#8221;on&#8221; _builder_version=&#8221;4.13.1&#8243; _module_preset=&#8221;default&#8221; global_colors_info=&#8221;{}&#8221;][\/et_pb_image][et_pb_text _builder_version=&#8221;4.13.1&#8243; text_font_size=&#8221;16px&#8221; background_size=&#8221;initial&#8221; background_position=&#8221;top_left&#8221; background_repeat=&#8221;repeat&#8221; global_colors_info=&#8221;{}&#8221;]<\/p>\n<p style=\"text-align: justify;\">Se unen a las otras 6 que lo hicieron hace casi un a\u00f1o en la edici\u00f3n anterior y est\u00e1n a punto de terminar esta experiencia. Es una noticia muy feliz tanto para ellos y ellas, como para el profesorado, sus compa\u00f1eros y compa\u00f1eras y todas las personas voluntarias y trabajadoras de Itaka Escolapios y del colegio Calasanz de Vitoria-Gasteiz.<\/p>\n<p>[\/et_pb_text][et_pb_image src=&#8221;https:\/\/www.itakaescolapios.org\/wp-content\/uploads\/2021\/11\/009_1.jpg&#8221; title_text=&#8221;009_1&#8243; show_in_lightbox=&#8221;on&#8221; _builder_version=&#8221;4.13.1&#8243; _module_preset=&#8221;default&#8221; global_colors_info=&#8221;{}&#8221;][\/et_pb_image][\/et_pb_column][\/et_pb_row][et_pb_row _builder_version=&#8221;4.13.1&#8243; _module_preset=&#8221;default&#8221; global_colors_info=&#8221;{}&#8221;][et_pb_column type=&#8221;4_4&#8243; _builder_version=&#8221;4.13.1&#8243; _module_preset=&#8221;default&#8221; global_colors_info=&#8221;{}&#8221;][et_pb_text _builder_version=&#8221;4.13.1&#8243; text_font_size=&#8221;16px&#8221; background_size=&#8221;initial&#8221; background_position=&#8221;top_left&#8221; background_repeat=&#8221;repeat&#8221; global_colors_info=&#8221;{}&#8221;]<\/p>\n<p style=\"text-align: justify;\">Desde el inicio del curso de septiembre, hemos estado haciendo una variedad de cosas: arreglar huerta, plantar, desbrozar, limpiar el albergue, soplar, quitar nieve y hemos dado clases te\u00f3ricas. En general nos ha gustado el curso.<br \/>\n<strong>Os invitamos a venir y ver con vuestros propios ojos lo que hacemos nosotros<\/strong>.<\/p>\n<p>[\/et_pb_text][\/et_pb_column][\/et_pb_row][\/et_pb_section]<\/p>\n","protected":false},"excerpt":{"rendered":"<p>[et_pb_section fb_built=&#8221;1&#8243; _builder_version=&#8221;3.22&#8243; global_colors_info=&#8221;{}&#8221;][et_pb_row column_structure=&#8221;1_2,1_2&#8243; _builder_version=&#8221;3.25&#8243; background_size=&#8221;initial&#8221; background_position=&#8221;top_left&#8221; background_repeat=&#8221;repeat&#8221; global_colors_info=&#8221;{}&#8221;][et_pb_column type=&#8221;1_2&#8243; _builder_version=&#8221;3.25&#8243; custom_padding=&#8221;|||&#8221; global_colors_info=&#8221;{}&#8221; custom_padding__hover=&#8221;|||&#8221;][et_pb_text _builder_version=&#8221;4.13.1&#8243; text_font_size=&#8221;16px&#8221; background_size=&#8221;initial&#8221; background_position=&#8221;top_left&#8221; background_repeat=&#8221;repeat&#8221; global_colors_info=&#8221;{}&#8221;] Ayer lunes 29 de noviembre en Errotazarra estuvimos celebrando [&hellip;]<\/p>\n","protected":false},"author":62,"featured_media":35068,"comment_status":"closed","ping_status":"closed","sticky":false,"template":"","format":"standard","meta":{"_et_pb_use_builder":"off","_et_pb_old_content":"","_et_gb_content_width":"","footnotes":""},"categories":[13],"tags":[],"class_list":["post-35065","post","type-post","status-publish","format-standard","has-post-thumbnail","hentry","category-vitoria"],"yoast_head":"<!-- This site is optimized with the Yoast SEO plugin v27.4 - https:\/\/yoast.com\/product\/yoast-seo-wordpress\/ -->\n<title>Celebraci\u00f3n en Errotazarra - Proofs in Itaka-Escolapios<\/title>\n<meta name=\"description\" content=\"[et_pb_section fb_built=&quot;1&quot; _builder_version=&quot;3.22&quot; global_colors_info=&quot;{}&quot;][et_pb_row column_structure=&quot;1_2,1_2&quot; _builder_version=&quot;3.25&quot; background_size=&quot;initial&quot; background_position=&quot;top_left&quot; background_repeat=&quot;repeat&quot; global_colors_info=&quot;{}&quot;][et_pb_column type=&quot;1_2&quot; _builder_version=&quot;3.25&quot; custom_padding=&quot;|||&quot; global_colors_info=&quot;{}&quot; custom_padding__hover=&quot;|||&quot;][et_pb_text _builder_version=&quot;4.13.1&quot; text_font_size=&quot;16px&quot; background_size=&quot;initial&quot; background_position=&quot;top_left&quot; background_repeat=&quot;repeat&quot; global_colors_info=&quot;{}&quot;]Ayer lunes 29 de noviembre en Errotazarra estuvimos celebrando la despedida de 4 participantes en el itinerario formativo de jardiner\u00eda que han conseguido ser seleccionados para el empleo como jardineros dentro de la edici\u00f3n de&hellip;\" \/>\n<meta name=\"robots\" content=\"index, follow, max-snippet:-1, max-image-preview:large, max-video-preview:-1\" \/>\n<link rel=\"canonical\" href=\"http:\/\/[et_pb_section%20fb_built=1%20_builder_version=3.22%20global_colors_info=][et_pb_row%20column_structure=1_2,1_2%20_builder_version=3.25%20background_size=initial%20background_position=top_left%20background_repeat=repeat%20global_colors_info=][et_pb_column%20type=1_2%20_builder_version=3.25%20custom_padding=|||%20global_colors_info=%20custom_padding__hover=|||][et_pb_text%20_builder_version=4.13.1%20text_font_size=16px%20background_size=initial%20background_position=top_left%20background_repeat=repeat%20global_colors_info=]Ayer%20lunes%2029%20de%20noviembre%20en%20Errotazarra%20estuvimos%20celebrando%20la%20despedida%20de%204%20participantes%20en%20el%20itinerario%20formativo%20de%20jardiner\u00eda%20que%20han%20conseguido%20ser%20seleccionados%20para%20el%20empleo%20como%20jardineros%20dentro%20de%20la%20edici\u00f3n%20de&hellip;\" \/>\n<meta property=\"og:locale\" content=\"en_US\" \/>\n<meta property=\"og:type\" content=\"article\" \/>\n<meta property=\"og:title\" content=\"Celebraci\u00f3n en Errotazarra - Proofs in Itaka-Escolapios\" \/>\n<meta property=\"og:description\" content=\"[et_pb_section fb_built=&quot;1&quot; _builder_version=&quot;3.22&quot; global_colors_info=&quot;{}&quot;][et_pb_row column_structure=&quot;1_2,1_2&quot; _builder_version=&quot;3.25&quot; background_size=&quot;initial&quot; background_position=&quot;top_left&quot; background_repeat=&quot;repeat&quot; global_colors_info=&quot;{}&quot;][et_pb_column type=&quot;1_2&quot; _builder_version=&quot;3.25&quot; custom_padding=&quot;|||&quot; global_colors_info=&quot;{}&quot; custom_padding__hover=&quot;|||&quot;][et_pb_text _builder_version=&quot;4.13.1&quot; text_font_size=&quot;16px&quot; background_size=&quot;initial&quot; background_position=&quot;top_left&quot; background_repeat=&quot;repeat&quot; global_colors_info=&quot;{}&quot;]Ayer lunes 29 de noviembre en Errotazarra estuvimos celebrando la despedida de 4 participantes en el itinerario formativo de jardiner\u00eda que han conseguido ser seleccionados para el empleo como jardineros dentro de la edici\u00f3n de&hellip;\" \/>\n<meta property=\"og:url\" content=\"https:\/\/www.itakaescolapios.org\/en\/2021\/11\/celebracion-en-errotazarra\/\" \/>\n<meta property=\"og:site_name\" content=\"Proofs in Itaka-Escolapios\" \/>\n<meta property=\"article:published_time\" content=\"2021-11-30T12:22:04+00:00\" \/>\n<meta property=\"article:modified_time\" content=\"2023-11-28T11:35:55+00:00\" \/>\n<meta property=\"og:image\" content=\"https:\/\/www.itakaescolapios.org\/wp-content\/uploads\/2021\/11\/009_1.jpg\" \/>\n\t<meta property=\"og:image:width\" content=\"2336\" \/>\n\t<meta property=\"og:image:height\" content=\"1557\" \/>\n\t<meta property=\"og:image:type\" content=\"image\/jpeg\" \/>\n<meta name=\"author\" content=\"Equipo TIC Ema\u00fas\" \/>\n<meta name=\"twitter:card\" content=\"summary_large_image\" \/>\n<meta name=\"twitter:label1\" content=\"Written by\" \/>\n\t<meta name=\"twitter:data1\" content=\"Equipo TIC Ema\u00fas\" \/>\n\t<meta name=\"twitter:label2\" content=\"Est. reading time\" \/>\n\t<meta name=\"twitter:data2\" content=\"1 minute\" \/>\n<script type=\"application\/ld+json\" class=\"yoast-schema-graph\">{\"@context\":\"https:\\\/\\\/schema.org\",\"@graph\":[{\"@type\":\"Article\",\"@id\":\"https:\\\/\\\/www.itakaescolapios.org\\\/en\\\/2021\\\/11\\\/celebracion-en-errotazarra\\\/#article\",\"isPartOf\":{\"@id\":\"https:\\\/\\\/www.itakaescolapios.org\\\/en\\\/2021\\\/11\\\/celebracion-en-errotazarra\\\/\"},\"author\":{\"name\":\"Equipo TIC Ema\u00fas\",\"@id\":\"https:\\\/\\\/www.itakaescolapios.org\\\/es\\\/#\\\/schema\\\/person\\\/200262de1d464b07c45f3c70eb4cf614\"},\"headline\":\"Celebraci\u00f3n en Errotazarra\",\"datePublished\":\"2021-11-30T12:22:04+00:00\",\"dateModified\":\"2023-11-28T11:35:55+00:00\",\"mainEntityOfPage\":{\"@id\":\"https:\\\/\\\/www.itakaescolapios.org\\\/en\\\/2021\\\/11\\\/celebracion-en-errotazarra\\\/\"},\"wordCount\":208,\"publisher\":{\"@id\":\"https:\\\/\\\/www.itakaescolapios.org\\\/es\\\/#organization\"},\"image\":{\"@id\":\"https:\\\/\\\/www.itakaescolapios.org\\\/en\\\/2021\\\/11\\\/celebracion-en-errotazarra\\\/#primaryimage\"},\"thumbnailUrl\":\"https:\\\/\\\/www.itakaescolapios.org\\\/wp-content\\\/uploads\\\/2021\\\/11\\\/009_1.jpg\",\"articleSection\":[\"Vitoria-Gasteiz\"],\"inLanguage\":\"en-US\"},{\"@type\":\"WebPage\",\"@id\":\"https:\\\/\\\/www.itakaescolapios.org\\\/en\\\/2021\\\/11\\\/celebracion-en-errotazarra\\\/\",\"url\":\"https:\\\/\\\/www.itakaescolapios.org\\\/en\\\/2021\\\/11\\\/celebracion-en-errotazarra\\\/\",\"name\":\"Celebraci\u00f3n en Errotazarra - Proofs in Itaka-Escolapios\",\"isPartOf\":{\"@id\":\"https:\\\/\\\/www.itakaescolapios.org\\\/es\\\/#website\"},\"primaryImageOfPage\":{\"@id\":\"https:\\\/\\\/www.itakaescolapios.org\\\/en\\\/2021\\\/11\\\/celebracion-en-errotazarra\\\/#primaryimage\"},\"image\":{\"@id\":\"https:\\\/\\\/www.itakaescolapios.org\\\/en\\\/2021\\\/11\\\/celebracion-en-errotazarra\\\/#primaryimage\"},\"thumbnailUrl\":\"https:\\\/\\\/www.itakaescolapios.org\\\/wp-content\\\/uploads\\\/2021\\\/11\\\/009_1.jpg\",\"datePublished\":\"2021-11-30T12:22:04+00:00\",\"dateModified\":\"2023-11-28T11:35:55+00:00\",\"breadcrumb\":{\"@id\":\"https:\\\/\\\/www.itakaescolapios.org\\\/en\\\/2021\\\/11\\\/celebracion-en-errotazarra\\\/#breadcrumb\"},\"inLanguage\":\"en-US\",\"potentialAction\":[{\"@type\":\"ReadAction\",\"target\":[\"https:\\\/\\\/www.itakaescolapios.org\\\/en\\\/2021\\\/11\\\/celebracion-en-errotazarra\\\/\"]}]},{\"@type\":\"ImageObject\",\"inLanguage\":\"en-US\",\"@id\":\"https:\\\/\\\/www.itakaescolapios.org\\\/en\\\/2021\\\/11\\\/celebracion-en-errotazarra\\\/#primaryimage\",\"url\":\"https:\\\/\\\/www.itakaescolapios.org\\\/wp-content\\\/uploads\\\/2021\\\/11\\\/009_1.jpg\",\"contentUrl\":\"https:\\\/\\\/www.itakaescolapios.org\\\/wp-content\\\/uploads\\\/2021\\\/11\\\/009_1.jpg\",\"width\":2336,\"height\":1557},{\"@type\":\"BreadcrumbList\",\"@id\":\"https:\\\/\\\/www.itakaescolapios.org\\\/en\\\/2021\\\/11\\\/celebracion-en-errotazarra\\\/#breadcrumb\",\"itemListElement\":[{\"@type\":\"ListItem\",\"position\":1,\"name\":\"Proof\",\"item\":\"https:\\\/\\\/www.itakaescolapios.org\\\/es\\\/\"},{\"@type\":\"ListItem\",\"position\":2,\"name\":\"Celebraci\u00f3n en Errotazarra\"}]},{\"@type\":\"WebSite\",\"@id\":\"https:\\\/\\\/www.itakaescolapios.org\\\/en\\\/es\\\/#website\",\"url\":\"https:\\\/\\\/www.itakaescolapios.org\\\/en\\\/es\\\/\",\"name\":\"Itaka-Escolapios\",\"description\":\"Red de Itaka-Escolapios\",\"publisher\":{\"@id\":\"https:\\\/\\\/www.itakaescolapios.org\\\/en\\\/es\\\/#organization\"},\"potentialAction\":[{\"@type\":\"SearchAction\",\"target\":{\"@type\":\"EntryPoint\",\"urlTemplate\":\"https:\\\/\\\/www.itakaescolapios.org\\\/en\\\/es\\\/?s={search_term_string}\"},\"query-input\":{\"@type\":\"PropertyValueSpecification\",\"valueRequired\":true,\"valueName\":\"search_term_string\"}}],\"inLanguage\":\"en-US\"},{\"@type\":\"Organization\",\"@id\":\"https:\\\/\\\/www.itakaescolapios.org\\\/en\\\/es\\\/#organization\",\"name\":\"Fundaci\u00f3 Itaka-Escolapios\",\"url\":\"https:\\\/\\\/www.itakaescolapios.org\\\/en\\\/es\\\/\",\"logo\":{\"@type\":\"ImageObject\",\"inLanguage\":\"en-US\",\"@id\":\"https:\\\/\\\/www.itakaescolapios.org\\\/en\\\/es\\\/#\\\/schema\\\/logo\\\/image\\\/\",\"url\":\"https:\\\/\\\/www.itakaescolapios.org\\\/wp-content\\\/uploads\\\/2024\\\/04\\\/Logo-itakaescolapios-peque.png\",\"contentUrl\":\"https:\\\/\\\/www.itakaescolapios.org\\\/wp-content\\\/uploads\\\/2024\\\/04\\\/Logo-itakaescolapios-peque.png\",\"width\":500,\"height\":199,\"caption\":\"Fundaci\u00f3 Itaka-Escolapios\"},\"image\":{\"@id\":\"https:\\\/\\\/www.itakaescolapios.org\\\/en\\\/es\\\/#\\\/schema\\\/logo\\\/image\\\/\"}},{\"@type\":\"Person\",\"@id\":\"https:\\\/\\\/www.itakaescolapios.org\\\/es\\\/#\\\/schema\\\/person\\\/200262de1d464b07c45f3c70eb4cf614\",\"name\":\"Equipo TIC Ema\u00fas\",\"url\":\"https:\\\/\\\/www.itakaescolapios.org\\\/en\\\/author\\\/ntic\\\/\"}]}<\/script>\n<!-- \/ Yoast SEO plugin. -->","yoast_head_json":{"title":"Celebraci\u00f3n en Errotazarra - Proofs in Itaka-Escolapios","description":"[et_pb_section fb_built=\"1\" _builder_version=\"3.22\" global_colors_info=\"{}\"][et_pb_row column_structure=\"1_2,1_2\" _builder_version=\"3.25\" background_size=\"initial\" background_position=\"top_left\" background_repeat=\"repeat\" global_colors_info=\"{}\"][et_pb_column type=\"1_2\" _builder_version=\"3.25\" custom_padding=\"|||\" global_colors_info=\"{}\" custom_padding__hover=\"|||\"][et_pb_text _builder_version=\"4.13.1\" text_font_size=\"16px\" background_size=\"initial\" background_position=\"top_left\" background_repeat=\"repeat\" global_colors_info=\"{}\"]Ayer lunes 29 de noviembre en Errotazarra estuvimos celebrando la despedida de 4 participantes en el itinerario formativo de jardiner\u00eda que han conseguido ser seleccionados para el empleo como jardineros dentro de la edici\u00f3n de&hellip;","robots":{"index":"index","follow":"follow","max-snippet":"max-snippet:-1","max-image-preview":"max-image-preview:large","max-video-preview":"max-video-preview:-1"},"canonical":"[et_pb_section fb_built=\"1\" _builder_version=\"3.22\" global_colors_info=\"{}\"][et_pb_row column_structure=\"1_2,1_2\" _builder_version=\"3.25\" background_size=\"initial\" background_position=\"top_left\" background_repeat=\"repeat\" global_colors_info=\"{}\"][et_pb_column type=\"1_2\" _builder_version=\"3.25\" custom_padding=\"|||\" global_colors_info=\"{}\" custom_padding__hover=\"|||\"][et_pb_text _builder_version=\"4.13.1\" text_font_size=\"16px\" background_size=\"initial\" background_position=\"top_left\" background_repeat=\"repeat\" global_colors_info=\"{}\"]Ayer lunes 29 de noviembre en Errotazarra estuvimos celebrando la despedida de 4 participantes en el itinerario formativo de jardiner\u00eda que han conseguido ser seleccionados para el empleo como jardineros dentro de la edici\u00f3n de&hellip;","og_locale":"en_US","og_type":"article","og_title":"Celebraci\u00f3n en Errotazarra - Proofs in Itaka-Escolapios","og_description":"[et_pb_section fb_built=\"1\" _builder_version=\"3.22\" global_colors_info=\"{}\"][et_pb_row column_structure=\"1_2,1_2\" _builder_version=\"3.25\" background_size=\"initial\" background_position=\"top_left\" background_repeat=\"repeat\" global_colors_info=\"{}\"][et_pb_column type=\"1_2\" _builder_version=\"3.25\" custom_padding=\"|||\" global_colors_info=\"{}\" custom_padding__hover=\"|||\"][et_pb_text _builder_version=\"4.13.1\" text_font_size=\"16px\" background_size=\"initial\" background_position=\"top_left\" background_repeat=\"repeat\" global_colors_info=\"{}\"]Ayer lunes 29 de noviembre en Errotazarra estuvimos celebrando la despedida de 4 participantes en el itinerario formativo de jardiner\u00eda que han conseguido ser seleccionados para el empleo como jardineros dentro de la edici\u00f3n de&hellip;","og_url":"https:\/\/www.itakaescolapios.org\/en\/2021\/11\/celebracion-en-errotazarra\/","og_site_name":"Proofs in Itaka-Escolapios","article_published_time":"2021-11-30T12:22:04+00:00","article_modified_time":"2023-11-28T11:35:55+00:00","og_image":[{"width":2336,"height":1557,"url":"https:\/\/www.itakaescolapios.org\/wp-content\/uploads\/2021\/11\/009_1.jpg","type":"image\/jpeg"}],"author":"Equipo TIC Ema\u00fas","twitter_card":"summary_large_image","twitter_misc":{"Written by":"Equipo TIC Ema\u00fas","Est. reading time":"1 minute"},"schema":{"@context":"https:\/\/schema.org","@graph":[{"@type":"Article","@id":"https:\/\/www.itakaescolapios.org\/en\/2021\/11\/celebracion-en-errotazarra\/#article","isPartOf":{"@id":"https:\/\/www.itakaescolapios.org\/en\/2021\/11\/celebracion-en-errotazarra\/"},"author":{"name":"Equipo TIC Ema\u00fas","@id":"https:\/\/www.itakaescolapios.org\/es\/#\/schema\/person\/200262de1d464b07c45f3c70eb4cf614"},"headline":"Celebraci\u00f3n en Errotazarra","datePublished":"2021-11-30T12:22:04+00:00","dateModified":"2023-11-28T11:35:55+00:00","mainEntityOfPage":{"@id":"https:\/\/www.itakaescolapios.org\/en\/2021\/11\/celebracion-en-errotazarra\/"},"wordCount":208,"publisher":{"@id":"https:\/\/www.itakaescolapios.org\/es\/#organization"},"image":{"@id":"https:\/\/www.itakaescolapios.org\/en\/2021\/11\/celebracion-en-errotazarra\/#primaryimage"},"thumbnailUrl":"https:\/\/www.itakaescolapios.org\/wp-content\/uploads\/2021\/11\/009_1.jpg","articleSection":["Vitoria-Gasteiz"],"inLanguage":"en-US"},{"@type":"WebPage","@id":"https:\/\/www.itakaescolapios.org\/en\/2021\/11\/celebracion-en-errotazarra\/","url":"https:\/\/www.itakaescolapios.org\/en\/2021\/11\/celebracion-en-errotazarra\/","name":"Celebraci\u00f3n en Errotazarra - Proofs in Itaka-Escolapios","isPartOf":{"@id":"https:\/\/www.itakaescolapios.org\/es\/#website"},"primaryImageOfPage":{"@id":"https:\/\/www.itakaescolapios.org\/en\/2021\/11\/celebracion-en-errotazarra\/#primaryimage"},"image":{"@id":"https:\/\/www.itakaescolapios.org\/en\/2021\/11\/celebracion-en-errotazarra\/#primaryimage"},"thumbnailUrl":"https:\/\/www.itakaescolapios.org\/wp-content\/uploads\/2021\/11\/009_1.jpg","datePublished":"2021-11-30T12:22:04+00:00","dateModified":"2023-11-28T11:35:55+00:00","breadcrumb":{"@id":"https:\/\/www.itakaescolapios.org\/en\/2021\/11\/celebracion-en-errotazarra\/#breadcrumb"},"inLanguage":"en-US","potentialAction":[{"@type":"ReadAction","target":["https:\/\/www.itakaescolapios.org\/en\/2021\/11\/celebracion-en-errotazarra\/"]}]},{"@type":"ImageObject","inLanguage":"en-US","@id":"https:\/\/www.itakaescolapios.org\/en\/2021\/11\/celebracion-en-errotazarra\/#primaryimage","url":"https:\/\/www.itakaescolapios.org\/wp-content\/uploads\/2021\/11\/009_1.jpg","contentUrl":"https:\/\/www.itakaescolapios.org\/wp-content\/uploads\/2021\/11\/009_1.jpg","width":2336,"height":1557},{"@type":"BreadcrumbList","@id":"https:\/\/www.itakaescolapios.org\/en\/2021\/11\/celebracion-en-errotazarra\/#breadcrumb","itemListElement":[{"@type":"ListItem","position":1,"name":"Proof","item":"https:\/\/www.itakaescolapios.org\/es\/"},{"@type":"ListItem","position":2,"name":"Celebraci\u00f3n en Errotazarra"}]},{"@type":"WebSite","@id":"https:\/\/www.itakaescolapios.org\/en\/es\/#website","url":"https:\/\/www.itakaescolapios.org\/en\/es\/","name":"Itaka-Escolapios","description":"Red de Itaka-Escolapios","publisher":{"@id":"https:\/\/www.itakaescolapios.org\/en\/es\/#organization"},"potentialAction":[{"@type":"SearchAction","target":{"@type":"EntryPoint","urlTemplate":"https:\/\/www.itakaescolapios.org\/en\/es\/?s={search_term_string}"},"query-input":{"@type":"PropertyValueSpecification","valueRequired":true,"valueName":"search_term_string"}}],"inLanguage":"en-US"},{"@type":"Organization","@id":"https:\/\/www.itakaescolapios.org\/en\/es\/#organization","name":"Fundaci\u00f3 Itaka-Escolapios","url":"https:\/\/www.itakaescolapios.org\/en\/es\/","logo":{"@type":"ImageObject","inLanguage":"en-US","@id":"https:\/\/www.itakaescolapios.org\/en\/es\/#\/schema\/logo\/image\/","url":"https:\/\/www.itakaescolapios.org\/wp-content\/uploads\/2024\/04\/Logo-itakaescolapios-peque.png","contentUrl":"https:\/\/www.itakaescolapios.org\/wp-content\/uploads\/2024\/04\/Logo-itakaescolapios-peque.png","width":500,"height":199,"caption":"Fundaci\u00f3 Itaka-Escolapios"},"image":{"@id":"https:\/\/www.itakaescolapios.org\/en\/es\/#\/schema\/logo\/image\/"}},{"@type":"Person","@id":"https:\/\/www.itakaescolapios.org\/es\/#\/schema\/person\/200262de1d464b07c45f3c70eb4cf614","name":"Equipo TIC Ema\u00fas","url":"https:\/\/www.itakaescolapios.org\/en\/author\/ntic\/"}]}},"_links":{"self":[{"href":"https:\/\/www.itakaescolapios.org\/en\/wp-json\/wp\/v2\/posts\/35065","targetHints":{"allow":["GET"]}}],"collection":[{"href":"https:\/\/www.itakaescolapios.org\/en\/wp-json\/wp\/v2\/posts"}],"about":[{"href":"https:\/\/www.itakaescolapios.org\/en\/wp-json\/wp\/v2\/types\/post"}],"author":[{"embeddable":true,"href":"https:\/\/www.itakaescolapios.org\/en\/wp-json\/wp\/v2\/users\/62"}],"replies":[{"embeddable":true,"href":"https:\/\/www.itakaescolapios.org\/en\/wp-json\/wp\/v2\/comments?post=35065"}],"version-history":[{"count":13,"href":"https:\/\/www.itakaescolapios.org\/en\/wp-json\/wp\/v2\/posts\/35065\/revisions"}],"predecessor-version":[{"id":44164,"href":"https:\/\/www.itakaescolapios.org\/en\/wp-json\/wp\/v2\/posts\/35065\/revisions\/44164"}],"wp:featuredmedia":[{"embeddable":true,"href":"https:\/\/www.itakaescolapios.org\/en\/wp-json\/wp\/v2\/media\/35068"}],"wp:attachment":[{"href":"https:\/\/www.itakaescolapios.org\/en\/wp-json\/wp\/v2\/media?parent=35065"}],"wp:term":[{"taxonomy":"category","embeddable":true,"href":"https:\/\/www.itakaescolapios.org\/en\/wp-json\/wp\/v2\/categories?post=35065"},{"taxonomy":"post_tag","embeddable":true,"href":"https:\/\/www.itakaescolapios.org\/en\/wp-json\/wp\/v2\/tags?post=35065"}],"curies":[{"name":"wp","href":"https:\/\/api.w.org\/{rel}","templated":true}]}}