{"id":3579,"date":"2012-10-05T14:25:13","date_gmt":"2012-10-05T13:25:13","guid":{"rendered":"https:\/\/www.itakaescolapios.org\/?p=3579"},"modified":"2023-11-28T12:39:37","modified_gmt":"2023-11-28T11:39:37","slug":"reunion-del-equipo-de-captacion-de-recursos-en-zaragoza","status":"publish","type":"post","link":"https:\/\/www.itakaescolapios.org\/en\/2012\/10\/reunion-del-equipo-de-captacion-de-recursos-en-zaragoza\/","title":{"rendered":"Reuni\u00f3n del equipo de captaci\u00f3n de recursos en Zaragoza"},"content":{"rendered":"<p>El d\u00eda 4 de octubre se reuni\u00f3 en la Residencia Betania de las Escuelas P\u00edas de Zaragoza el recientemente creado equipo de captaci\u00f3n de recursos. Estuvieron presentes todas las personas que componen el equipo (Jon Sustatxa, Bea Irujo, Blanca Bohoyo, Laura Garc\u00eda R\u00e1bago y Jes\u00fas Mar\u00edn) acompa\u00f1ados de Pedro Mara\u00f1\u00f3n como anterior coordinador de cooperaci\u00f3n y Javier Negro como miembro del patronato y provincial de las Escuelas P\u00edas de Arag\u00f3n.<\/p>\n","protected":false},"excerpt":{"rendered":"<p>El d\u00eda 4 de octubre se reuni\u00f3 en la Residencia Betania de las Escuelas P\u00edas de Zaragoza el recientemente creado equipo de captaci\u00f3n de recursos. Estuvieron presentes todas las personas [&hellip;]<\/p>\n","protected":false},"author":4,"featured_media":3580,"comment_status":"closed","ping_status":"closed","sticky":false,"template":"","format":"standard","meta":{"_et_pb_use_builder":"","_et_pb_old_content":"","_et_gb_content_width":"","footnotes":""},"categories":[30],"tags":[],"class_list":["post-3579","post","type-post","status-publish","format-standard","has-post-thumbnail","hentry","category-itaka-escolapios"],"yoast_head":"<!-- This site is optimized with the Yoast SEO plugin v27.4 - https:\/\/yoast.com\/product\/yoast-seo-wordpress\/ -->\n<title>Reuni\u00f3n del equipo de captaci\u00f3n de recursos en Zaragoza<\/title>\n<meta name=\"description\" content=\"El d\u00eda 4 de octubre se reuni\u00f3 en la Residencia Betania de las Escuelas P\u00edas de Zaragoza el recientemente creado equipo de captaci\u00f3n de recursos. Estuvieron presentes todas las personas que componen el equipo (Jon Sustatxa, Bea Irujo, Blanca Bohoyo, Laura Garc\u00eda R\u00e1bago y Jes\u00fas Mar\u00edn) acompa\u00f1ados de Pedro Mara\u00f1\u00f3n como anterior coordinador de cooperaci\u00f3n&hellip;\" \/>\n<meta name=\"robots\" content=\"index, follow, max-snippet:-1, max-image-preview:large, max-video-preview:-1\" \/>\n<link rel=\"canonical\" href=\"http:\/\/El%20d\u00eda%204%20de%20octubre%20se%20reuni\u00f3%20en%20la%20Residencia%20Betania%20de%20las%20Escuelas%20P\u00edas%20de%20Zaragoza%20el%20recientemente%20creado%20equipo%20de%20captaci\u00f3n%20de%20recursos.%20Estuvieron%20presentes%20todas%20las%20personas%20que%20componen%20el%20equipo%20(Jon%20Sustatxa,%20Bea%20Irujo,%20Blanca%20Bohoyo,%20Laura%20Garc\u00eda%20R\u00e1bago%20y%20Jes\u00fas%20Mar\u00edn)%20acompa\u00f1ados%20de%20Pedro%20Mara\u00f1\u00f3n%20como%20anterior%20coordinador%20de%20cooperaci\u00f3n&hellip;\" \/>\n<meta property=\"og:locale\" content=\"en_US\" \/>\n<meta property=\"og:type\" content=\"article\" \/>\n<meta property=\"og:title\" content=\"Reuni\u00f3n del equipo de captaci\u00f3n de recursos en Zaragoza\" \/>\n<meta property=\"og:description\" content=\"El d\u00eda 4 de octubre se reuni\u00f3 en la Residencia Betania de las Escuelas P\u00edas de Zaragoza el recientemente creado equipo de captaci\u00f3n de recursos. Estuvieron presentes todas las personas que componen el equipo (Jon Sustatxa, Bea Irujo, Blanca Bohoyo, Laura Garc\u00eda R\u00e1bago y Jes\u00fas Mar\u00edn) acompa\u00f1ados de Pedro Mara\u00f1\u00f3n como anterior coordinador de cooperaci\u00f3n&hellip;\" \/>\n<meta property=\"og:url\" content=\"https:\/\/www.itakaescolapios.org\/en\/2012\/10\/reunion-del-equipo-de-captacion-de-recursos-en-zaragoza\/\" \/>\n<meta property=\"og:site_name\" content=\"Proofs in Itaka-Escolapios\" \/>\n<meta property=\"article:published_time\" content=\"2012-10-05T13:25:13+00:00\" \/>\n<meta property=\"article:modified_time\" content=\"2023-11-28T11:39:37+00:00\" \/>\n<meta property=\"og:image\" content=\"https:\/\/www.itakaescolapios.org\/wp-content\/uploads\/2012\/10\/ECrecursos.jpg\" \/>\n\t<meta property=\"og:image:width\" content=\"800\" \/>\n\t<meta property=\"og:image:height\" content=\"450\" \/>\n\t<meta property=\"og:image:type\" content=\"image\/jpeg\" \/>\n<meta name=\"author\" content=\"itaka\" \/>\n<meta name=\"twitter:card\" content=\"summary_large_image\" \/>\n<meta name=\"twitter:label1\" content=\"Written by\" \/>\n\t<meta name=\"twitter:data1\" content=\"itaka\" \/>\n<script type=\"application\/ld+json\" class=\"yoast-schema-graph\">{\"@context\":\"https:\\\/\\\/schema.org\",\"@graph\":[{\"@type\":\"Article\",\"@id\":\"https:\\\/\\\/www.itakaescolapios.org\\\/en\\\/2012\\\/10\\\/reunion-del-equipo-de-captacion-de-recursos-en-zaragoza\\\/#article\",\"isPartOf\":{\"@id\":\"https:\\\/\\\/www.itakaescolapios.org\\\/en\\\/2012\\\/10\\\/reunion-del-equipo-de-captacion-de-recursos-en-zaragoza\\\/\"},\"author\":{\"name\":\"itaka\",\"@id\":\"https:\\\/\\\/www.itakaescolapios.org\\\/es\\\/#\\\/schema\\\/person\\\/670123daeb1cc31cae1b106740036ccb\"},\"headline\":\"Reuni\u00f3n del equipo de captaci\u00f3n de recursos en Zaragoza\",\"datePublished\":\"2012-10-05T13:25:13+00:00\",\"dateModified\":\"2023-11-28T11:39:37+00:00\",\"mainEntityOfPage\":{\"@id\":\"https:\\\/\\\/www.itakaescolapios.org\\\/en\\\/2012\\\/10\\\/reunion-del-equipo-de-captacion-de-recursos-en-zaragoza\\\/\"},\"wordCount\":92,\"publisher\":{\"@id\":\"https:\\\/\\\/www.itakaescolapios.org\\\/es\\\/#organization\"},\"image\":{\"@id\":\"https:\\\/\\\/www.itakaescolapios.org\\\/en\\\/2012\\\/10\\\/reunion-del-equipo-de-captacion-de-recursos-en-zaragoza\\\/#primaryimage\"},\"thumbnailUrl\":\"https:\\\/\\\/www.itakaescolapios.org\\\/wp-content\\\/uploads\\\/2012\\\/10\\\/ECrecursos.jpg\",\"articleSection\":[\"Itaka Escolapios\"],\"inLanguage\":\"en-US\"},{\"@type\":\"WebPage\",\"@id\":\"https:\\\/\\\/www.itakaescolapios.org\\\/en\\\/2012\\\/10\\\/reunion-del-equipo-de-captacion-de-recursos-en-zaragoza\\\/\",\"url\":\"https:\\\/\\\/www.itakaescolapios.org\\\/en\\\/2012\\\/10\\\/reunion-del-equipo-de-captacion-de-recursos-en-zaragoza\\\/\",\"name\":\"Reuni\u00f3n del equipo de captaci\u00f3n de recursos en Zaragoza - Proofs in Itaka-Escolapios\",\"isPartOf\":{\"@id\":\"https:\\\/\\\/www.itakaescolapios.org\\\/es\\\/#website\"},\"primaryImageOfPage\":{\"@id\":\"https:\\\/\\\/www.itakaescolapios.org\\\/en\\\/2012\\\/10\\\/reunion-del-equipo-de-captacion-de-recursos-en-zaragoza\\\/#primaryimage\"},\"image\":{\"@id\":\"https:\\\/\\\/www.itakaescolapios.org\\\/en\\\/2012\\\/10\\\/reunion-del-equipo-de-captacion-de-recursos-en-zaragoza\\\/#primaryimage\"},\"thumbnailUrl\":\"https:\\\/\\\/www.itakaescolapios.org\\\/wp-content\\\/uploads\\\/2012\\\/10\\\/ECrecursos.jpg\",\"datePublished\":\"2012-10-05T13:25:13+00:00\",\"dateModified\":\"2023-11-28T11:39:37+00:00\",\"breadcrumb\":{\"@id\":\"https:\\\/\\\/www.itakaescolapios.org\\\/en\\\/2012\\\/10\\\/reunion-del-equipo-de-captacion-de-recursos-en-zaragoza\\\/#breadcrumb\"},\"inLanguage\":\"en-US\",\"potentialAction\":[{\"@type\":\"ReadAction\",\"target\":[\"https:\\\/\\\/www.itakaescolapios.org\\\/en\\\/2012\\\/10\\\/reunion-del-equipo-de-captacion-de-recursos-en-zaragoza\\\/\"]}]},{\"@type\":\"ImageObject\",\"inLanguage\":\"en-US\",\"@id\":\"https:\\\/\\\/www.itakaescolapios.org\\\/en\\\/2012\\\/10\\\/reunion-del-equipo-de-captacion-de-recursos-en-zaragoza\\\/#primaryimage\",\"url\":\"https:\\\/\\\/www.itakaescolapios.org\\\/wp-content\\\/uploads\\\/2012\\\/10\\\/ECrecursos.jpg\",\"contentUrl\":\"https:\\\/\\\/www.itakaescolapios.org\\\/wp-content\\\/uploads\\\/2012\\\/10\\\/ECrecursos.jpg\",\"width\":\"800\",\"height\":\"450\"},{\"@type\":\"BreadcrumbList\",\"@id\":\"https:\\\/\\\/www.itakaescolapios.org\\\/en\\\/2012\\\/10\\\/reunion-del-equipo-de-captacion-de-recursos-en-zaragoza\\\/#breadcrumb\",\"itemListElement\":[{\"@type\":\"ListItem\",\"position\":1,\"name\":\"Proof\",\"item\":\"https:\\\/\\\/www.itakaescolapios.org\\\/es\\\/\"},{\"@type\":\"ListItem\",\"position\":2,\"name\":\"Reuni\u00f3n del equipo de captaci\u00f3n de recursos en Zaragoza\"}]},{\"@type\":\"WebSite\",\"@id\":\"https:\\\/\\\/www.itakaescolapios.org\\\/en\\\/es\\\/#website\",\"url\":\"https:\\\/\\\/www.itakaescolapios.org\\\/en\\\/es\\\/\",\"name\":\"Itaka-Escolapios\",\"description\":\"Red de Itaka-Escolapios\",\"publisher\":{\"@id\":\"https:\\\/\\\/www.itakaescolapios.org\\\/en\\\/es\\\/#organization\"},\"potentialAction\":[{\"@type\":\"SearchAction\",\"target\":{\"@type\":\"EntryPoint\",\"urlTemplate\":\"https:\\\/\\\/www.itakaescolapios.org\\\/en\\\/es\\\/?s={search_term_string}\"},\"query-input\":{\"@type\":\"PropertyValueSpecification\",\"valueRequired\":true,\"valueName\":\"search_term_string\"}}],\"inLanguage\":\"en-US\"},{\"@type\":\"Organization\",\"@id\":\"https:\\\/\\\/www.itakaescolapios.org\\\/en\\\/es\\\/#organization\",\"name\":\"Fundaci\u00f3 Itaka-Escolapios\",\"url\":\"https:\\\/\\\/www.itakaescolapios.org\\\/en\\\/es\\\/\",\"logo\":{\"@type\":\"ImageObject\",\"inLanguage\":\"en-US\",\"@id\":\"https:\\\/\\\/www.itakaescolapios.org\\\/en\\\/es\\\/#\\\/schema\\\/logo\\\/image\\\/\",\"url\":\"https:\\\/\\\/www.itakaescolapios.org\\\/wp-content\\\/uploads\\\/2024\\\/04\\\/Logo-itakaescolapios-peque.png\",\"contentUrl\":\"https:\\\/\\\/www.itakaescolapios.org\\\/wp-content\\\/uploads\\\/2024\\\/04\\\/Logo-itakaescolapios-peque.png\",\"width\":500,\"height\":199,\"caption\":\"Fundaci\u00f3 Itaka-Escolapios\"},\"image\":{\"@id\":\"https:\\\/\\\/www.itakaescolapios.org\\\/en\\\/es\\\/#\\\/schema\\\/logo\\\/image\\\/\"}},{\"@type\":\"Person\",\"@id\":\"https:\\\/\\\/www.itakaescolapios.org\\\/es\\\/#\\\/schema\\\/person\\\/670123daeb1cc31cae1b106740036ccb\",\"name\":\"itaka\",\"url\":\"https:\\\/\\\/www.itakaescolapios.org\\\/en\\\/author\\\/itaka\\\/\"}]}<\/script>\n<!-- \/ Yoast SEO plugin. -->","yoast_head_json":{"title":"Reuni\u00f3n del equipo de captaci\u00f3n de recursos en Zaragoza","description":"El d\u00eda 4 de octubre se reuni\u00f3 en la Residencia Betania de las Escuelas P\u00edas de Zaragoza el recientemente creado equipo de captaci\u00f3n de recursos. Estuvieron presentes todas las personas que componen el equipo (Jon Sustatxa, Bea Irujo, Blanca Bohoyo, Laura Garc\u00eda R\u00e1bago y Jes\u00fas Mar\u00edn) acompa\u00f1ados de Pedro Mara\u00f1\u00f3n como anterior coordinador de cooperaci\u00f3n&hellip;","robots":{"index":"index","follow":"follow","max-snippet":"max-snippet:-1","max-image-preview":"max-image-preview:large","max-video-preview":"max-video-preview:-1"},"canonical":"El d\u00eda 4 de octubre se reuni\u00f3 en la Residencia Betania de las Escuelas P\u00edas de Zaragoza el recientemente creado equipo de captaci\u00f3n de recursos. Estuvieron presentes todas las personas que componen el equipo (Jon Sustatxa, Bea Irujo, Blanca Bohoyo, Laura Garc\u00eda R\u00e1bago y Jes\u00fas Mar\u00edn) acompa\u00f1ados de Pedro Mara\u00f1\u00f3n como anterior coordinador de cooperaci\u00f3n&hellip;","og_locale":"en_US","og_type":"article","og_title":"Reuni\u00f3n del equipo de captaci\u00f3n de recursos en Zaragoza","og_description":"El d\u00eda 4 de octubre se reuni\u00f3 en la Residencia Betania de las Escuelas P\u00edas de Zaragoza el recientemente creado equipo de captaci\u00f3n de recursos. Estuvieron presentes todas las personas que componen el equipo (Jon Sustatxa, Bea Irujo, Blanca Bohoyo, Laura Garc\u00eda R\u00e1bago y Jes\u00fas Mar\u00edn) acompa\u00f1ados de Pedro Mara\u00f1\u00f3n como anterior coordinador de cooperaci\u00f3n&hellip;","og_url":"https:\/\/www.itakaescolapios.org\/en\/2012\/10\/reunion-del-equipo-de-captacion-de-recursos-en-zaragoza\/","og_site_name":"Proofs in Itaka-Escolapios","article_published_time":"2012-10-05T13:25:13+00:00","article_modified_time":"2023-11-28T11:39:37+00:00","og_image":[{"width":800,"height":450,"url":"https:\/\/www.itakaescolapios.org\/wp-content\/uploads\/2012\/10\/ECrecursos.jpg","type":"image\/jpeg"}],"author":"itaka","twitter_card":"summary_large_image","twitter_misc":{"Written by":"itaka"},"schema":{"@context":"https:\/\/schema.org","@graph":[{"@type":"Article","@id":"https:\/\/www.itakaescolapios.org\/en\/2012\/10\/reunion-del-equipo-de-captacion-de-recursos-en-zaragoza\/#article","isPartOf":{"@id":"https:\/\/www.itakaescolapios.org\/en\/2012\/10\/reunion-del-equipo-de-captacion-de-recursos-en-zaragoza\/"},"author":{"name":"itaka","@id":"https:\/\/www.itakaescolapios.org\/es\/#\/schema\/person\/670123daeb1cc31cae1b106740036ccb"},"headline":"Reuni\u00f3n del equipo de captaci\u00f3n de recursos en Zaragoza","datePublished":"2012-10-05T13:25:13+00:00","dateModified":"2023-11-28T11:39:37+00:00","mainEntityOfPage":{"@id":"https:\/\/www.itakaescolapios.org\/en\/2012\/10\/reunion-del-equipo-de-captacion-de-recursos-en-zaragoza\/"},"wordCount":92,"publisher":{"@id":"https:\/\/www.itakaescolapios.org\/es\/#organization"},"image":{"@id":"https:\/\/www.itakaescolapios.org\/en\/2012\/10\/reunion-del-equipo-de-captacion-de-recursos-en-zaragoza\/#primaryimage"},"thumbnailUrl":"https:\/\/www.itakaescolapios.org\/wp-content\/uploads\/2012\/10\/ECrecursos.jpg","articleSection":["Itaka Escolapios"],"inLanguage":"en-US"},{"@type":"WebPage","@id":"https:\/\/www.itakaescolapios.org\/en\/2012\/10\/reunion-del-equipo-de-captacion-de-recursos-en-zaragoza\/","url":"https:\/\/www.itakaescolapios.org\/en\/2012\/10\/reunion-del-equipo-de-captacion-de-recursos-en-zaragoza\/","name":"Reuni\u00f3n del equipo de captaci\u00f3n de recursos en Zaragoza - Proofs in Itaka-Escolapios","isPartOf":{"@id":"https:\/\/www.itakaescolapios.org\/es\/#website"},"primaryImageOfPage":{"@id":"https:\/\/www.itakaescolapios.org\/en\/2012\/10\/reunion-del-equipo-de-captacion-de-recursos-en-zaragoza\/#primaryimage"},"image":{"@id":"https:\/\/www.itakaescolapios.org\/en\/2012\/10\/reunion-del-equipo-de-captacion-de-recursos-en-zaragoza\/#primaryimage"},"thumbnailUrl":"https:\/\/www.itakaescolapios.org\/wp-content\/uploads\/2012\/10\/ECrecursos.jpg","datePublished":"2012-10-05T13:25:13+00:00","dateModified":"2023-11-28T11:39:37+00:00","breadcrumb":{"@id":"https:\/\/www.itakaescolapios.org\/en\/2012\/10\/reunion-del-equipo-de-captacion-de-recursos-en-zaragoza\/#breadcrumb"},"inLanguage":"en-US","potentialAction":[{"@type":"ReadAction","target":["https:\/\/www.itakaescolapios.org\/en\/2012\/10\/reunion-del-equipo-de-captacion-de-recursos-en-zaragoza\/"]}]},{"@type":"ImageObject","inLanguage":"en-US","@id":"https:\/\/www.itakaescolapios.org\/en\/2012\/10\/reunion-del-equipo-de-captacion-de-recursos-en-zaragoza\/#primaryimage","url":"https:\/\/www.itakaescolapios.org\/wp-content\/uploads\/2012\/10\/ECrecursos.jpg","contentUrl":"https:\/\/www.itakaescolapios.org\/wp-content\/uploads\/2012\/10\/ECrecursos.jpg","width":"800","height":"450"},{"@type":"BreadcrumbList","@id":"https:\/\/www.itakaescolapios.org\/en\/2012\/10\/reunion-del-equipo-de-captacion-de-recursos-en-zaragoza\/#breadcrumb","itemListElement":[{"@type":"ListItem","position":1,"name":"Proof","item":"https:\/\/www.itakaescolapios.org\/es\/"},{"@type":"ListItem","position":2,"name":"Reuni\u00f3n del equipo de captaci\u00f3n de recursos en Zaragoza"}]},{"@type":"WebSite","@id":"https:\/\/www.itakaescolapios.org\/en\/es\/#website","url":"https:\/\/www.itakaescolapios.org\/en\/es\/","name":"Itaka-Escolapios","description":"Red de Itaka-Escolapios","publisher":{"@id":"https:\/\/www.itakaescolapios.org\/en\/es\/#organization"},"potentialAction":[{"@type":"SearchAction","target":{"@type":"EntryPoint","urlTemplate":"https:\/\/www.itakaescolapios.org\/en\/es\/?s={search_term_string}"},"query-input":{"@type":"PropertyValueSpecification","valueRequired":true,"valueName":"search_term_string"}}],"inLanguage":"en-US"},{"@type":"Organization","@id":"https:\/\/www.itakaescolapios.org\/en\/es\/#organization","name":"Fundaci\u00f3 Itaka-Escolapios","url":"https:\/\/www.itakaescolapios.org\/en\/es\/","logo":{"@type":"ImageObject","inLanguage":"en-US","@id":"https:\/\/www.itakaescolapios.org\/en\/es\/#\/schema\/logo\/image\/","url":"https:\/\/www.itakaescolapios.org\/wp-content\/uploads\/2024\/04\/Logo-itakaescolapios-peque.png","contentUrl":"https:\/\/www.itakaescolapios.org\/wp-content\/uploads\/2024\/04\/Logo-itakaescolapios-peque.png","width":500,"height":199,"caption":"Fundaci\u00f3 Itaka-Escolapios"},"image":{"@id":"https:\/\/www.itakaescolapios.org\/en\/es\/#\/schema\/logo\/image\/"}},{"@type":"Person","@id":"https:\/\/www.itakaescolapios.org\/es\/#\/schema\/person\/670123daeb1cc31cae1b106740036ccb","name":"itaka","url":"https:\/\/www.itakaescolapios.org\/en\/author\/itaka\/"}]}},"_links":{"self":[{"href":"https:\/\/www.itakaescolapios.org\/en\/wp-json\/wp\/v2\/posts\/3579","targetHints":{"allow":["GET"]}}],"collection":[{"href":"https:\/\/www.itakaescolapios.org\/en\/wp-json\/wp\/v2\/posts"}],"about":[{"href":"https:\/\/www.itakaescolapios.org\/en\/wp-json\/wp\/v2\/types\/post"}],"author":[{"embeddable":true,"href":"https:\/\/www.itakaescolapios.org\/en\/wp-json\/wp\/v2\/users\/4"}],"replies":[{"embeddable":true,"href":"https:\/\/www.itakaescolapios.org\/en\/wp-json\/wp\/v2\/comments?post=3579"}],"version-history":[{"count":6,"href":"https:\/\/www.itakaescolapios.org\/en\/wp-json\/wp\/v2\/posts\/3579\/revisions"}],"predecessor-version":[{"id":49980,"href":"https:\/\/www.itakaescolapios.org\/en\/wp-json\/wp\/v2\/posts\/3579\/revisions\/49980"}],"wp:featuredmedia":[{"embeddable":true,"href":"https:\/\/www.itakaescolapios.org\/en\/wp-json\/wp\/v2\/media\/3580"}],"wp:attachment":[{"href":"https:\/\/www.itakaescolapios.org\/en\/wp-json\/wp\/v2\/media?parent=3579"}],"wp:term":[{"taxonomy":"category","embeddable":true,"href":"https:\/\/www.itakaescolapios.org\/en\/wp-json\/wp\/v2\/categories?post=3579"},{"taxonomy":"post_tag","embeddable":true,"href":"https:\/\/www.itakaescolapios.org\/en\/wp-json\/wp\/v2\/tags?post=3579"}],"curies":[{"name":"wp","href":"https:\/\/api.w.org\/{rel}","templated":true}]}}