{"id":36119,"date":"2022-02-21T13:04:34","date_gmt":"2022-02-21T12:04:34","guid":{"rendered":"https:\/\/www.itakaescolapios.org\/?p=36119"},"modified":"2023-11-28T12:35:51","modified_gmt":"2023-11-28T11:35:51","slug":"celebracion-de-la-lengua-materna-en-el-complejo-escolar-bilingue-san-jose-calasanz-en-bafia","status":"publish","type":"post","link":"https:\/\/www.itakaescolapios.org\/en\/2022\/02\/celebracion-de-la-lengua-materna-en-el-complejo-escolar-bilingue-san-jose-calasanz-en-bafia\/","title":{"rendered":"CELEBRATION OF THE MOTHER TONGUE AT THE SAINT JOSEPH CALASANZ BILINGUAL SCHOOL COMPLEX IN BAFIA"},"content":{"rendered":"<div id=\"tw-container\" data-cp=\"1\" data-is-ver=\"false\" data-nnttsvi=\"1\" data-sm=\"1\" data-sugg-time=\"500\" data-sugg-url=\"https:\/\/clients1.google.com\/complete\/search\" data-uilc=\"fr\">\n<div id=\"tw-ob\" class=\"tw-ess tw-src-ltr\">\n<div class=\"oSioSc\">\n<div id=\"tw-target\">\n<div id=\"kAz1tf\" class=\"g9WsWb\">\n<div id=\"tw-target-text-container\" class=\"tw-ta-container F0azHf tw-nfl\">\n<p id=\"tw-target-text\" class=\"tw-data-text tw-text-large tw-ta\" dir=\"ltr\" data-placeholder=\"Traduction\"><span class=\"Y2IQFc\" lang=\"en\">We open this week of January 21, with the celebration of the mother tongue with the students at the Saint Joseph Calasanz bilingual school complex in Bafia. On the program of execution of the national anthem in the Bafia language, traditional dances, stories in mother tongues, songs and dances in the language, traditional meals as well as the parade in traditional outfits. Dishes from different regions were presented like taro in the west, okok in the center and many others. Cameroonians, proud to be and proud of their cultures, the children shared with us their languages, dishes, dances and several other activities in order to express their joy.<\/span><\/p>\n<p dir=\"ltr\" data-placeholder=\"Traduction\"><img decoding=\"async\" class=\"size-full wp-image-36122 aligncenter\" src=\"https:\/\/www.itakaescolapios.org\/wp-content\/uploads\/2022\/02\/IMG-20220221-WA0053.jpg\" alt=\"\" width=\"1080\" height=\"486\" srcset=\"https:\/\/www.itakaescolapios.org\/wp-content\/uploads\/2022\/02\/IMG-20220221-WA0053.jpg 1080w, https:\/\/www.itakaescolapios.org\/wp-content\/uploads\/2022\/02\/IMG-20220221-WA0053-300x135.jpg 300w, https:\/\/www.itakaescolapios.org\/wp-content\/uploads\/2022\/02\/IMG-20220221-WA0053-1024x461.jpg 1024w, https:\/\/www.itakaescolapios.org\/wp-content\/uploads\/2022\/02\/IMG-20220221-WA0053-768x346.jpg 768w, https:\/\/www.itakaescolapios.org\/wp-content\/uploads\/2022\/02\/IMG-20220221-WA0053-250x113.jpg 250w\" sizes=\"(max-width: 1080px) 100vw, 1080px\" \/><\/p>\n<div style=\"width: 1080px;\" class=\"wp-video\"><video class=\"wp-video-shortcode\" id=\"video-36119-1\" width=\"1080\" height=\"608\" preload=\"metadata\" controls=\"controls\"><source type=\"video\/mp4\" src=\"https:\/\/www.itakaescolapios.org\/wp-content\/uploads\/2022\/02\/VID-20220221-WA0056-1.mp4?_=1\" \/><a href=\"https:\/\/www.itakaescolapios.org\/wp-content\/uploads\/2022\/02\/VID-20220221-WA0056-1.mp4\">https:\/\/www.itakaescolapios.org\/wp-content\/uploads\/2022\/02\/VID-20220221-WA0056-1.mp4<\/a><\/video><\/div>\n<p>&nbsp;<\/p>\n<div style=\"width: 640px;\" class=\"wp-video\"><video class=\"wp-video-shortcode\" id=\"video-36119-2\" width=\"640\" height=\"352\" preload=\"metadata\" controls=\"controls\"><source type=\"video\/mp4\" src=\"https:\/\/www.itakaescolapios.org\/wp-content\/uploads\/2022\/02\/VID-20220221-WA0062.mp4?_=2\" \/><a href=\"https:\/\/www.itakaescolapios.org\/wp-content\/uploads\/2022\/02\/VID-20220221-WA0062.mp4\">https:\/\/www.itakaescolapios.org\/wp-content\/uploads\/2022\/02\/VID-20220221-WA0062.mp4<\/a><\/video><\/div>\n<p>&nbsp;<\/p>\n<div style=\"width: 640px;\" class=\"wp-video\"><video class=\"wp-video-shortcode\" id=\"video-36119-3\" width=\"640\" height=\"352\" preload=\"metadata\" controls=\"controls\"><source type=\"video\/mp4\" src=\"https:\/\/www.itakaescolapios.org\/wp-content\/uploads\/2022\/02\/VID-20220221-WA0095.mp4?_=3\" \/><a href=\"https:\/\/www.itakaescolapios.org\/wp-content\/uploads\/2022\/02\/VID-20220221-WA0095.mp4\">https:\/\/www.itakaescolapios.org\/wp-content\/uploads\/2022\/02\/VID-20220221-WA0095.mp4<\/a><\/video><\/div>\n<\/div>\n<\/div>\n<\/div>\n<\/div>\n<\/div>\n<\/div>\n","protected":false},"excerpt":{"rendered":"<p>We open this week of January 21, with the celebration of the mother tongue with the students at the Saint Joseph Calasanz bilingual school complex in Bafia. On the program [&hellip;]<\/p>\n","protected":false},"author":15,"featured_media":36120,"comment_status":"closed","ping_status":"closed","sticky":false,"template":"","format":"standard","meta":{"_et_pb_use_builder":"","_et_pb_old_content":"","_et_gb_content_width":"","footnotes":""},"categories":[53,10],"tags":[],"class_list":["post-36119","post","type-post","status-publish","format-standard","has-post-thumbnail","hentry","category-africa-central","category-camerun"],"yoast_head":"<!-- This site is optimized with the Yoast SEO plugin v27.4 - https:\/\/yoast.com\/product\/yoast-seo-wordpress\/ -->\n<title>CELEBRATION OF THE MOTHER TONGUE AT THE SAINT JOSEPH CALASANZ BILINGUAL SCHOOL COMPLEX IN BAFIA<\/title>\n<meta name=\"description\" content=\"We open this week of January 21, with the celebration of the mother tongue with the students at the Saint Joseph Calasanz bilingual school complex in Bafia. On the program of execution of the national anthem in the Bafia language, traditional dances, stories in mother tongues, songs and dances in the language, traditional meals as&hellip;\" \/>\n<meta name=\"robots\" content=\"index, follow, max-snippet:-1, max-image-preview:large, max-video-preview:-1\" \/>\n<link rel=\"canonical\" href=\"http:\/\/We%20open%20this%20week%20of%20January%2021,%20with%20the%20celebration%20of%20the%20mother%20tongue%20with%20the%20students%20at%20the%20Saint%20Joseph%20Calasanz%20bilingual%20school%20complex%20in%20Bafia.%20On%20the%20program%20of%20execution%20of%20the%20national%20anthem%20in%20the%20Bafia%20language,%20traditional%20dances,%20stories%20in%20mother%20tongues,%20songs%20and%20dances%20in%20the%20language,%20traditional%20meals%20as&hellip;\" \/>\n<meta property=\"og:locale\" content=\"en_US\" \/>\n<meta property=\"og:type\" content=\"article\" \/>\n<meta property=\"og:title\" content=\"CELEBRATION OF THE MOTHER TONGUE AT THE SAINT JOSEPH CALASANZ BILINGUAL SCHOOL COMPLEX IN BAFIA\" \/>\n<meta property=\"og:description\" content=\"We open this week of January 21, with the celebration of the mother tongue with the students at the Saint Joseph Calasanz bilingual school complex in Bafia. On the program of execution of the national anthem in the Bafia language, traditional dances, stories in mother tongues, songs and dances in the language, traditional meals as&hellip;\" \/>\n<meta property=\"og:url\" content=\"https:\/\/www.itakaescolapios.org\/en\/2022\/02\/celebracion-de-la-lengua-materna-en-el-complejo-escolar-bilingue-san-jose-calasanz-en-bafia\/\" \/>\n<meta property=\"og:site_name\" content=\"Proofs in Itaka-Escolapios\" \/>\n<meta property=\"article:published_time\" content=\"2022-02-21T12:04:34+00:00\" \/>\n<meta property=\"article:modified_time\" content=\"2023-11-28T11:35:51+00:00\" \/>\n<meta property=\"og:image\" content=\"https:\/\/www.itakaescolapios.org\/wp-content\/uploads\/2022\/02\/IMG-20220221-WA0063.jpg\" \/>\n\t<meta property=\"og:image:width\" content=\"1024\" \/>\n\t<meta property=\"og:image:height\" content=\"576\" \/>\n\t<meta property=\"og:image:type\" content=\"image\/jpeg\" \/>\n<meta name=\"author\" content=\"cameroun01\" \/>\n<meta name=\"twitter:card\" content=\"summary_large_image\" \/>\n<meta name=\"twitter:label1\" content=\"Written by\" \/>\n\t<meta name=\"twitter:data1\" content=\"cameroun01\" \/>\n\t<meta name=\"twitter:label2\" content=\"Est. reading time\" \/>\n\t<meta name=\"twitter:data2\" content=\"1 minute\" \/>\n<script type=\"application\/ld+json\" class=\"yoast-schema-graph\">{\"@context\":\"https:\\\/\\\/schema.org\",\"@graph\":[{\"@type\":\"Article\",\"@id\":\"https:\\\/\\\/www.itakaescolapios.org\\\/en\\\/2022\\\/02\\\/celebracion-de-la-lengua-materna-en-el-complejo-escolar-bilingue-san-jose-calasanz-en-bafia\\\/#article\",\"isPartOf\":{\"@id\":\"https:\\\/\\\/www.itakaescolapios.org\\\/en\\\/2022\\\/02\\\/celebracion-de-la-lengua-materna-en-el-complejo-escolar-bilingue-san-jose-calasanz-en-bafia\\\/\"},\"author\":{\"name\":\"cameroun01\",\"@id\":\"https:\\\/\\\/www.itakaescolapios.org\\\/es\\\/#\\\/schema\\\/person\\\/d2844383e29bfdfef69039672ce14eb1\"},\"headline\":\"CELEBRATION OF THE MOTHER TONGUE AT THE SAINT JOSEPH CALASANZ BILINGUAL SCHOOL COMPLEX IN BAFIA\",\"datePublished\":\"2022-02-21T12:04:34+00:00\",\"dateModified\":\"2023-11-28T11:35:51+00:00\",\"mainEntityOfPage\":{\"@id\":\"https:\\\/\\\/www.itakaescolapios.org\\\/en\\\/2022\\\/02\\\/celebracion-de-la-lengua-materna-en-el-complejo-escolar-bilingue-san-jose-calasanz-en-bafia\\\/\"},\"wordCount\":169,\"publisher\":{\"@id\":\"https:\\\/\\\/www.itakaescolapios.org\\\/es\\\/#organization\"},\"image\":{\"@id\":\"https:\\\/\\\/www.itakaescolapios.org\\\/en\\\/2022\\\/02\\\/celebracion-de-la-lengua-materna-en-el-complejo-escolar-bilingue-san-jose-calasanz-en-bafia\\\/#primaryimage\"},\"thumbnailUrl\":\"https:\\\/\\\/www.itakaescolapios.org\\\/wp-content\\\/uploads\\\/2022\\\/02\\\/IMG-20220221-WA0063.jpg\",\"articleSection\":[\"Central Africa\",\"Cameroon\"],\"inLanguage\":\"en-US\"},{\"@type\":\"WebPage\",\"@id\":\"https:\\\/\\\/www.itakaescolapios.org\\\/en\\\/2022\\\/02\\\/celebracion-de-la-lengua-materna-en-el-complejo-escolar-bilingue-san-jose-calasanz-en-bafia\\\/\",\"url\":\"https:\\\/\\\/www.itakaescolapios.org\\\/en\\\/2022\\\/02\\\/celebracion-de-la-lengua-materna-en-el-complejo-escolar-bilingue-san-jose-calasanz-en-bafia\\\/\",\"name\":\"CELEBRACI\u00d3N DE LA LENGUA MATERNA EN EL COMPLEJO ESCOLAR BILING\u00dcE SAN JOS\u00c9 CALASANZ EN BAFIA - Proofs in Itaka-Escolapios\",\"isPartOf\":{\"@id\":\"https:\\\/\\\/www.itakaescolapios.org\\\/es\\\/#website\"},\"primaryImageOfPage\":{\"@id\":\"https:\\\/\\\/www.itakaescolapios.org\\\/en\\\/2022\\\/02\\\/celebracion-de-la-lengua-materna-en-el-complejo-escolar-bilingue-san-jose-calasanz-en-bafia\\\/#primaryimage\"},\"image\":{\"@id\":\"https:\\\/\\\/www.itakaescolapios.org\\\/en\\\/2022\\\/02\\\/celebracion-de-la-lengua-materna-en-el-complejo-escolar-bilingue-san-jose-calasanz-en-bafia\\\/#primaryimage\"},\"thumbnailUrl\":\"https:\\\/\\\/www.itakaescolapios.org\\\/wp-content\\\/uploads\\\/2022\\\/02\\\/IMG-20220221-WA0063.jpg\",\"datePublished\":\"2022-02-21T12:04:34+00:00\",\"dateModified\":\"2023-11-28T11:35:51+00:00\",\"breadcrumb\":{\"@id\":\"https:\\\/\\\/www.itakaescolapios.org\\\/en\\\/2022\\\/02\\\/celebracion-de-la-lengua-materna-en-el-complejo-escolar-bilingue-san-jose-calasanz-en-bafia\\\/#breadcrumb\"},\"inLanguage\":\"en-US\",\"potentialAction\":[{\"@type\":\"ReadAction\",\"target\":[\"https:\\\/\\\/www.itakaescolapios.org\\\/en\\\/2022\\\/02\\\/celebracion-de-la-lengua-materna-en-el-complejo-escolar-bilingue-san-jose-calasanz-en-bafia\\\/\"]}]},{\"@type\":\"ImageObject\",\"inLanguage\":\"en-US\",\"@id\":\"https:\\\/\\\/www.itakaescolapios.org\\\/en\\\/2022\\\/02\\\/celebracion-de-la-lengua-materna-en-el-complejo-escolar-bilingue-san-jose-calasanz-en-bafia\\\/#primaryimage\",\"url\":\"https:\\\/\\\/www.itakaescolapios.org\\\/wp-content\\\/uploads\\\/2022\\\/02\\\/IMG-20220221-WA0063.jpg\",\"contentUrl\":\"https:\\\/\\\/www.itakaescolapios.org\\\/wp-content\\\/uploads\\\/2022\\\/02\\\/IMG-20220221-WA0063.jpg\",\"width\":1024,\"height\":576},{\"@type\":\"BreadcrumbList\",\"@id\":\"https:\\\/\\\/www.itakaescolapios.org\\\/en\\\/2022\\\/02\\\/celebracion-de-la-lengua-materna-en-el-complejo-escolar-bilingue-san-jose-calasanz-en-bafia\\\/#breadcrumb\",\"itemListElement\":[{\"@type\":\"ListItem\",\"position\":1,\"name\":\"Proof\",\"item\":\"https:\\\/\\\/www.itakaescolapios.org\\\/es\\\/\"},{\"@type\":\"ListItem\",\"position\":2,\"name\":\"CELEBRATION OF THE MOTHER TONGUE AT THE SAINT JOSEPH CALASANZ BILINGUAL SCHOOL COMPLEX IN BAFIA\"}]},{\"@type\":\"WebSite\",\"@id\":\"https:\\\/\\\/www.itakaescolapios.org\\\/en\\\/es\\\/#website\",\"url\":\"https:\\\/\\\/www.itakaescolapios.org\\\/en\\\/es\\\/\",\"name\":\"Itaka-Escolapios\",\"description\":\"Red de Itaka-Escolapios\",\"publisher\":{\"@id\":\"https:\\\/\\\/www.itakaescolapios.org\\\/en\\\/es\\\/#organization\"},\"potentialAction\":[{\"@type\":\"SearchAction\",\"target\":{\"@type\":\"EntryPoint\",\"urlTemplate\":\"https:\\\/\\\/www.itakaescolapios.org\\\/en\\\/es\\\/?s={search_term_string}\"},\"query-input\":{\"@type\":\"PropertyValueSpecification\",\"valueRequired\":true,\"valueName\":\"search_term_string\"}}],\"inLanguage\":\"en-US\"},{\"@type\":\"Organization\",\"@id\":\"https:\\\/\\\/www.itakaescolapios.org\\\/en\\\/es\\\/#organization\",\"name\":\"Fundaci\u00f3 Itaka-Escolapios\",\"url\":\"https:\\\/\\\/www.itakaescolapios.org\\\/en\\\/es\\\/\",\"logo\":{\"@type\":\"ImageObject\",\"inLanguage\":\"en-US\",\"@id\":\"https:\\\/\\\/www.itakaescolapios.org\\\/en\\\/es\\\/#\\\/schema\\\/logo\\\/image\\\/\",\"url\":\"https:\\\/\\\/www.itakaescolapios.org\\\/wp-content\\\/uploads\\\/2024\\\/04\\\/Logo-itakaescolapios-peque.png\",\"contentUrl\":\"https:\\\/\\\/www.itakaescolapios.org\\\/wp-content\\\/uploads\\\/2024\\\/04\\\/Logo-itakaescolapios-peque.png\",\"width\":500,\"height\":199,\"caption\":\"Fundaci\u00f3 Itaka-Escolapios\"},\"image\":{\"@id\":\"https:\\\/\\\/www.itakaescolapios.org\\\/en\\\/es\\\/#\\\/schema\\\/logo\\\/image\\\/\"}},{\"@type\":\"Person\",\"@id\":\"https:\\\/\\\/www.itakaescolapios.org\\\/es\\\/#\\\/schema\\\/person\\\/d2844383e29bfdfef69039672ce14eb1\",\"name\":\"cameroun01\",\"url\":\"https:\\\/\\\/www.itakaescolapios.org\\\/en\\\/author\\\/cameroun01\\\/\"}]}<\/script>\n<!-- \/ Yoast SEO plugin. -->","yoast_head_json":{"title":"CELEBRATION OF THE MOTHER TONGUE AT THE SAINT JOSEPH CALASANZ BILINGUAL SCHOOL COMPLEX IN BAFIA","description":"We open this week of January 21, with the celebration of the mother tongue with the students at the Saint Joseph Calasanz bilingual school complex in Bafia. On the program of execution of the national anthem in the Bafia language, traditional dances, stories in mother tongues, songs and dances in the language, traditional meals as&hellip;","robots":{"index":"index","follow":"follow","max-snippet":"max-snippet:-1","max-image-preview":"max-image-preview:large","max-video-preview":"max-video-preview:-1"},"canonical":"We open this week of January 21, with the celebration of the mother tongue with the students at the Saint Joseph Calasanz bilingual school complex in Bafia. On the program of execution of the national anthem in the Bafia language, traditional dances, stories in mother tongues, songs and dances in the language, traditional meals as&hellip;","og_locale":"en_US","og_type":"article","og_title":"CELEBRATION OF THE MOTHER TONGUE AT THE SAINT JOSEPH CALASANZ BILINGUAL SCHOOL COMPLEX IN BAFIA","og_description":"We open this week of January 21, with the celebration of the mother tongue with the students at the Saint Joseph Calasanz bilingual school complex in Bafia. On the program of execution of the national anthem in the Bafia language, traditional dances, stories in mother tongues, songs and dances in the language, traditional meals as&hellip;","og_url":"https:\/\/www.itakaescolapios.org\/en\/2022\/02\/celebracion-de-la-lengua-materna-en-el-complejo-escolar-bilingue-san-jose-calasanz-en-bafia\/","og_site_name":"Proofs in Itaka-Escolapios","article_published_time":"2022-02-21T12:04:34+00:00","article_modified_time":"2023-11-28T11:35:51+00:00","og_image":[{"width":1024,"height":576,"url":"https:\/\/www.itakaescolapios.org\/wp-content\/uploads\/2022\/02\/IMG-20220221-WA0063.jpg","type":"image\/jpeg"}],"author":"cameroun01","twitter_card":"summary_large_image","twitter_misc":{"Written by":"cameroun01","Est. reading time":"1 minute"},"schema":{"@context":"https:\/\/schema.org","@graph":[{"@type":"Article","@id":"https:\/\/www.itakaescolapios.org\/en\/2022\/02\/celebracion-de-la-lengua-materna-en-el-complejo-escolar-bilingue-san-jose-calasanz-en-bafia\/#article","isPartOf":{"@id":"https:\/\/www.itakaescolapios.org\/en\/2022\/02\/celebracion-de-la-lengua-materna-en-el-complejo-escolar-bilingue-san-jose-calasanz-en-bafia\/"},"author":{"name":"cameroun01","@id":"https:\/\/www.itakaescolapios.org\/es\/#\/schema\/person\/d2844383e29bfdfef69039672ce14eb1"},"headline":"CELEBRATION OF THE MOTHER TONGUE AT THE SAINT JOSEPH CALASANZ BILINGUAL SCHOOL COMPLEX IN BAFIA","datePublished":"2022-02-21T12:04:34+00:00","dateModified":"2023-11-28T11:35:51+00:00","mainEntityOfPage":{"@id":"https:\/\/www.itakaescolapios.org\/en\/2022\/02\/celebracion-de-la-lengua-materna-en-el-complejo-escolar-bilingue-san-jose-calasanz-en-bafia\/"},"wordCount":169,"publisher":{"@id":"https:\/\/www.itakaescolapios.org\/es\/#organization"},"image":{"@id":"https:\/\/www.itakaescolapios.org\/en\/2022\/02\/celebracion-de-la-lengua-materna-en-el-complejo-escolar-bilingue-san-jose-calasanz-en-bafia\/#primaryimage"},"thumbnailUrl":"https:\/\/www.itakaescolapios.org\/wp-content\/uploads\/2022\/02\/IMG-20220221-WA0063.jpg","articleSection":["Central Africa","Cameroon"],"inLanguage":"en-US"},{"@type":"WebPage","@id":"https:\/\/www.itakaescolapios.org\/en\/2022\/02\/celebracion-de-la-lengua-materna-en-el-complejo-escolar-bilingue-san-jose-calasanz-en-bafia\/","url":"https:\/\/www.itakaescolapios.org\/en\/2022\/02\/celebracion-de-la-lengua-materna-en-el-complejo-escolar-bilingue-san-jose-calasanz-en-bafia\/","name":"CELEBRACI\u00d3N DE LA LENGUA MATERNA EN EL COMPLEJO ESCOLAR BILING\u00dcE SAN JOS\u00c9 CALASANZ EN BAFIA - Proofs in Itaka-Escolapios","isPartOf":{"@id":"https:\/\/www.itakaescolapios.org\/es\/#website"},"primaryImageOfPage":{"@id":"https:\/\/www.itakaescolapios.org\/en\/2022\/02\/celebracion-de-la-lengua-materna-en-el-complejo-escolar-bilingue-san-jose-calasanz-en-bafia\/#primaryimage"},"image":{"@id":"https:\/\/www.itakaescolapios.org\/en\/2022\/02\/celebracion-de-la-lengua-materna-en-el-complejo-escolar-bilingue-san-jose-calasanz-en-bafia\/#primaryimage"},"thumbnailUrl":"https:\/\/www.itakaescolapios.org\/wp-content\/uploads\/2022\/02\/IMG-20220221-WA0063.jpg","datePublished":"2022-02-21T12:04:34+00:00","dateModified":"2023-11-28T11:35:51+00:00","breadcrumb":{"@id":"https:\/\/www.itakaescolapios.org\/en\/2022\/02\/celebracion-de-la-lengua-materna-en-el-complejo-escolar-bilingue-san-jose-calasanz-en-bafia\/#breadcrumb"},"inLanguage":"en-US","potentialAction":[{"@type":"ReadAction","target":["https:\/\/www.itakaescolapios.org\/en\/2022\/02\/celebracion-de-la-lengua-materna-en-el-complejo-escolar-bilingue-san-jose-calasanz-en-bafia\/"]}]},{"@type":"ImageObject","inLanguage":"en-US","@id":"https:\/\/www.itakaescolapios.org\/en\/2022\/02\/celebracion-de-la-lengua-materna-en-el-complejo-escolar-bilingue-san-jose-calasanz-en-bafia\/#primaryimage","url":"https:\/\/www.itakaescolapios.org\/wp-content\/uploads\/2022\/02\/IMG-20220221-WA0063.jpg","contentUrl":"https:\/\/www.itakaescolapios.org\/wp-content\/uploads\/2022\/02\/IMG-20220221-WA0063.jpg","width":1024,"height":576},{"@type":"BreadcrumbList","@id":"https:\/\/www.itakaescolapios.org\/en\/2022\/02\/celebracion-de-la-lengua-materna-en-el-complejo-escolar-bilingue-san-jose-calasanz-en-bafia\/#breadcrumb","itemListElement":[{"@type":"ListItem","position":1,"name":"Proof","item":"https:\/\/www.itakaescolapios.org\/es\/"},{"@type":"ListItem","position":2,"name":"CELEBRATION OF THE MOTHER TONGUE AT THE SAINT JOSEPH CALASANZ BILINGUAL SCHOOL COMPLEX IN BAFIA"}]},{"@type":"WebSite","@id":"https:\/\/www.itakaescolapios.org\/en\/es\/#website","url":"https:\/\/www.itakaescolapios.org\/en\/es\/","name":"Itaka-Escolapios","description":"Red de Itaka-Escolapios","publisher":{"@id":"https:\/\/www.itakaescolapios.org\/en\/es\/#organization"},"potentialAction":[{"@type":"SearchAction","target":{"@type":"EntryPoint","urlTemplate":"https:\/\/www.itakaescolapios.org\/en\/es\/?s={search_term_string}"},"query-input":{"@type":"PropertyValueSpecification","valueRequired":true,"valueName":"search_term_string"}}],"inLanguage":"en-US"},{"@type":"Organization","@id":"https:\/\/www.itakaescolapios.org\/en\/es\/#organization","name":"Fundaci\u00f3 Itaka-Escolapios","url":"https:\/\/www.itakaescolapios.org\/en\/es\/","logo":{"@type":"ImageObject","inLanguage":"en-US","@id":"https:\/\/www.itakaescolapios.org\/en\/es\/#\/schema\/logo\/image\/","url":"https:\/\/www.itakaescolapios.org\/wp-content\/uploads\/2024\/04\/Logo-itakaescolapios-peque.png","contentUrl":"https:\/\/www.itakaescolapios.org\/wp-content\/uploads\/2024\/04\/Logo-itakaescolapios-peque.png","width":500,"height":199,"caption":"Fundaci\u00f3 Itaka-Escolapios"},"image":{"@id":"https:\/\/www.itakaescolapios.org\/en\/es\/#\/schema\/logo\/image\/"}},{"@type":"Person","@id":"https:\/\/www.itakaescolapios.org\/es\/#\/schema\/person\/d2844383e29bfdfef69039672ce14eb1","name":"cameroun01","url":"https:\/\/www.itakaescolapios.org\/en\/author\/cameroun01\/"}]}},"_links":{"self":[{"href":"https:\/\/www.itakaescolapios.org\/en\/wp-json\/wp\/v2\/posts\/36119","targetHints":{"allow":["GET"]}}],"collection":[{"href":"https:\/\/www.itakaescolapios.org\/en\/wp-json\/wp\/v2\/posts"}],"about":[{"href":"https:\/\/www.itakaescolapios.org\/en\/wp-json\/wp\/v2\/types\/post"}],"author":[{"embeddable":true,"href":"https:\/\/www.itakaescolapios.org\/en\/wp-json\/wp\/v2\/users\/15"}],"replies":[{"embeddable":true,"href":"https:\/\/www.itakaescolapios.org\/en\/wp-json\/wp\/v2\/comments?post=36119"}],"version-history":[{"count":3,"href":"https:\/\/www.itakaescolapios.org\/en\/wp-json\/wp\/v2\/posts\/36119\/revisions"}],"predecessor-version":[{"id":44051,"href":"https:\/\/www.itakaescolapios.org\/en\/wp-json\/wp\/v2\/posts\/36119\/revisions\/44051"}],"wp:featuredmedia":[{"embeddable":true,"href":"https:\/\/www.itakaescolapios.org\/en\/wp-json\/wp\/v2\/media\/36120"}],"wp:attachment":[{"href":"https:\/\/www.itakaescolapios.org\/en\/wp-json\/wp\/v2\/media?parent=36119"}],"wp:term":[{"taxonomy":"category","embeddable":true,"href":"https:\/\/www.itakaescolapios.org\/en\/wp-json\/wp\/v2\/categories?post=36119"},{"taxonomy":"post_tag","embeddable":true,"href":"https:\/\/www.itakaescolapios.org\/en\/wp-json\/wp\/v2\/tags?post=36119"}],"curies":[{"name":"wp","href":"https:\/\/api.w.org\/{rel}","templated":true}]}}