{"id":36137,"date":"2022-02-23T13:55:32","date_gmt":"2022-02-23T12:55:32","guid":{"rendered":"https:\/\/www.itakaescolapios.org\/?p=36137"},"modified":"2023-11-28T12:35:51","modified_gmt":"2023-11-28T11:35:51","slug":"preparacion-de-la-jornada-de-puertas-abiertas-en-el-colegio-tecnico-san-jose-calasanz-en-bandjoun","status":"publish","type":"post","link":"https:\/\/www.itakaescolapios.org\/en\/2022\/02\/preparacion-de-la-jornada-de-puertas-abiertas-en-el-colegio-tecnico-san-jose-calasanz-en-bandjoun\/","title":{"rendered":"PREPARATION OF THE OPEN DAY AT THE SAINT JOSEPH CALASANZ TECHNICAL COLLEGE IN BANDJOUN"},"content":{"rendered":"<div id=\"tw-container\" class=\"\" data-cp=\"1\" data-is-ver=\"false\" data-nnttsvi=\"1\" data-sm=\"1\" data-sugg-time=\"500\" data-sugg-url=\"https:\/\/clients1.google.com\/complete\/search\" data-uilc=\"fr\">\n<div id=\"tw-ob\" class=\"tw-src-ltr\">\n<div class=\"oSioSc\">\n<div id=\"tw-target\">\n<div id=\"kAz1tf\" class=\"g9WsWb\">\n<div id=\"tw-target-text-container\" class=\"tw-ta-container F0azHf tw-nfl\">\n<div id=\"tw-container\" class=\"\" data-cp=\"1\" data-is-ver=\"false\" data-nnttsvi=\"1\" data-sm=\"1\" data-sugg-time=\"500\" data-sugg-url=\"https:\/\/clients1.google.com\/complete\/search\" data-uilc=\"fr\">\n<div id=\"tw-ob\" class=\"tw-src-ltr\">\n<div class=\"oSioSc\">\n<div id=\"tw-target\">\n<div id=\"kAz1tf\" class=\"g9WsWb\">\n<div id=\"tw-target-text-container\" class=\"tw-ta-container F0azHf tw-nfl\">\n<p id=\"tw-target-text\" class=\"tw-data-text tw-text-large tw-ta\" dir=\"ltr\" data-placeholder=\"Traduction\"><span class=\"Y2IQFc\" lang=\"en\">On February 23, 2022, we took a tour of the Saint Joseph Calasanz College in Bandjoun to see the preparations for the OD because during this day, the students present their productions, their projects and many others. <\/span><\/p>\n<p class=\"tw-data-text tw-text-large tw-ta\" dir=\"ltr\" data-placeholder=\"Traduction\"><span class=\"Y2IQFc\" lang=\"en\">In the various workshops, preparations are underway. Everyone does their part to be ready on the appointed day. The years before, these young people surprised us with many achievements and we expect to have more this year because they really apply. <\/span><\/p>\n<p class=\"tw-data-text tw-text-large tw-ta\" dir=\"ltr\" data-placeholder=\"Traduction\"><span class=\"Y2IQFc\" lang=\"en\">Electricians, Electronicians, Mechanics, Hoteliers and students from all other sectors are socialized and prepared to make this day ahead.<\/span><\/p>\n<p dir=\"ltr\" data-placeholder=\"Traduction\">\u00a0 \u00a0 \u00a0 \u00a0 \u00a0 \u00a0 \u00a0 \u00a0 \u00a0 \u00a0 \u00a0 \u00a0 \u00a0 \u00a0 \u00a0 \u00a0 \u00a0 \u00a0 \u00a0 \u00a0 \u00a0 \u00a0 \u00a0 \u00a0 \u00a0 \u00a0 \u00a0 \u00a0 \u00a0 \u00a0 \u00a0 \u00a0 \u00a0 \u00a0 \u00a0 \u00a0 \u00a0 \u00a0 \u00a0 \u00a0 \u00a0 \u00a0 \u00a0 \u00a0 \u00a0 \u00a0 \u00a0 \u00a0 \u00a0 \u00a0 \u00a0 \u00a0 \u00a0 \u00a0 \u00a0 \u00a0 \u00a0 \u00a0 \u00a0 \u00a0 \u00a0 \u00a0 \u00a0 \u00a0 \u00a0 \u00a0 \u00a0 \u00a0 \u00a0 \u00a0 \u00a0 \u00a0 \u00a0 \u00a0 \u00a0 \u00a0 \u00a0 \u00a0 \u00a0 \u00a0 \u00a0 \u00a0 \u00a0 \u00a0 \u00a0 \u00a0 \u00a0 \u00a0 \u00a0 \u00a0 \u00a0 \u00a0 \u00a0 \u00a0 \u00a0 \u00a0 \u00a0 \u00a0 \u00a0 \u00a0 \u00a0 \u00a0 \u00a0 \u00a0 \u00a0 \u00a0 \u00a0 \u00a0 \u00a0 \u00a0 \u00a0 \u00a0 \u00a0 \u00a0 \u00a0 \u00a0 \u00a0 \u00a0 \u00a0 \u00a0 \u00a0 \u00a0 \u00a0 \u00a0 \u00a0 \u00a0 \u00a0 \u00a0 \u00a0 \u00a0 \u00a0 \u00a0 \u00a0 \u00a0 \u00a0 \u00a0 \u00a0 \u00a0 \u00a0 \u00a0 \u00a0 \u00a0 \u00a0 \u00a0 \u00a0 \u00a0 \u00a0 \u00a0 \u00a0 \u00a0 \u00a0 \u00a0 \u00a0 \u00a0 \u00a0 \u00a0 \u00a0 \u00a0 \u00a0 \u00a0 \u00a0 \u00a0 \u00a0 \u00a0 \u00a0 \u00a0 \u00a0 \u00a0 \u00a0 \u00a0 \u00a0 \u00a0 \u00a0 \u00a0 \u00a0 \u00a0 \u00a0 \u00a0 \u00a0 \u00a0 \u00a0 \u00a0 \u00a0 \u00a0 \u00a0 \u00a0 \u00a0 \u00a0 \u00a0 \u00a0 \u00a0 \u00a0 <img decoding=\"async\" class=\"size-full wp-image-36144 aligncenter\" src=\"https:\/\/www.itakaescolapios.org\/wp-content\/uploads\/2022\/02\/IMG-20220223-WA0040.jpg\" alt=\"\" width=\"810\" height=\"1080\" srcset=\"https:\/\/www.itakaescolapios.org\/wp-content\/uploads\/2022\/02\/IMG-20220223-WA0040.jpg 810w, https:\/\/www.itakaescolapios.org\/wp-content\/uploads\/2022\/02\/IMG-20220223-WA0040-225x300.jpg 225w, https:\/\/www.itakaescolapios.org\/wp-content\/uploads\/2022\/02\/IMG-20220223-WA0040-768x1024.jpg 768w, https:\/\/www.itakaescolapios.org\/wp-content\/uploads\/2022\/02\/IMG-20220223-WA0040-250x333.jpg 250w\" sizes=\"(max-width: 810px) 100vw, 810px\" \/><\/p>\n<p dir=\"ltr\" data-placeholder=\"Traduction\"><img decoding=\"async\" class=\"size-full wp-image-36143 aligncenter\" src=\"https:\/\/www.itakaescolapios.org\/wp-content\/uploads\/2022\/02\/IMG-20220223-WA0041.jpg\" alt=\"\" width=\"810\" height=\"1080\" srcset=\"https:\/\/www.itakaescolapios.org\/wp-content\/uploads\/2022\/02\/IMG-20220223-WA0041.jpg 810w, https:\/\/www.itakaescolapios.org\/wp-content\/uploads\/2022\/02\/IMG-20220223-WA0041-225x300.jpg 225w, https:\/\/www.itakaescolapios.org\/wp-content\/uploads\/2022\/02\/IMG-20220223-WA0041-768x1024.jpg 768w, https:\/\/www.itakaescolapios.org\/wp-content\/uploads\/2022\/02\/IMG-20220223-WA0041-250x333.jpg 250w\" sizes=\"(max-width: 810px) 100vw, 810px\" \/><\/p>\n<p dir=\"ltr\" data-placeholder=\"Traduction\"><img decoding=\"async\" class=\"size-full wp-image-36139 aligncenter\" src=\"https:\/\/www.itakaescolapios.org\/wp-content\/uploads\/2022\/02\/IMG-20220223-WA0046.jpg\" alt=\"\" width=\"810\" height=\"1080\" srcset=\"https:\/\/www.itakaescolapios.org\/wp-content\/uploads\/2022\/02\/IMG-20220223-WA0046.jpg 810w, https:\/\/www.itakaescolapios.org\/wp-content\/uploads\/2022\/02\/IMG-20220223-WA0046-225x300.jpg 225w, https:\/\/www.itakaescolapios.org\/wp-content\/uploads\/2022\/02\/IMG-20220223-WA0046-768x1024.jpg 768w, https:\/\/www.itakaescolapios.org\/wp-content\/uploads\/2022\/02\/IMG-20220223-WA0046-250x333.jpg 250w\" sizes=\"(max-width: 810px) 100vw, 810px\" \/><\/p>\n<\/div>\n<\/div>\n<\/div>\n<\/div>\n<\/div>\n<\/div>\n<\/div>\n<p dir=\"ltr\" data-placeholder=\"Traduction\">\n<\/div>\n<\/div>\n<\/div>\n<\/div>\n<\/div>\n","protected":false},"excerpt":{"rendered":"<p>On February 23, 2022, we took a tour of the Saint Joseph Calasanz College in Bandjoun to see the preparations for the OD because during this day, the students present [&hellip;]<\/p>\n","protected":false},"author":15,"featured_media":36140,"comment_status":"closed","ping_status":"closed","sticky":false,"template":"","format":"standard","meta":{"_et_pb_use_builder":"","_et_pb_old_content":"","_et_gb_content_width":"","footnotes":""},"categories":[53,10],"tags":[],"class_list":["post-36137","post","type-post","status-publish","format-standard","has-post-thumbnail","hentry","category-africa-central","category-camerun"],"yoast_head":"<!-- This site is optimized with the Yoast SEO plugin v27.4 - https:\/\/yoast.com\/product\/yoast-seo-wordpress\/ -->\n<title>PREPARATION OF THE OPEN DAY AT THE SAINT JOSEPH CALASANZ TECHNICAL COLLEGE IN BANDJOUN<\/title>\n<meta name=\"description\" content=\"On February 23, 2022, we took a tour of the Saint Joseph Calasanz College in Bandjoun to see the preparations for the OD because during this day, the students present their productions, their projects and many others. In the various workshops, preparations are underway. Everyone does their part to be ready on the appointed day.&hellip;\" \/>\n<meta name=\"robots\" content=\"index, follow, max-snippet:-1, max-image-preview:large, max-video-preview:-1\" \/>\n<link rel=\"canonical\" href=\"http:\/\/On%20February%2023,%202022,%20we%20took%20a%20tour%20of%20the%20Saint%20Joseph%20Calasanz%20College%20in%20Bandjoun%20to%20see%20the%20preparations%20for%20the%20OD%20because%20during%20this%20day,%20the%20students%20present%20their%20productions,%20their%20projects%20and%20many%20others.%20In%20the%20various%20workshops,%20preparations%20are%20underway.%20Everyone%20does%20their%20part%20to%20be%20ready%20on%20the%20appointed%20day.&hellip;\" \/>\n<meta property=\"og:locale\" content=\"en_US\" \/>\n<meta property=\"og:type\" content=\"article\" \/>\n<meta property=\"og:title\" content=\"PREPARATION OF THE OPEN DAY AT THE SAINT JOSEPH CALASANZ TECHNICAL COLLEGE IN BANDJOUN\" \/>\n<meta property=\"og:description\" content=\"On February 23, 2022, we took a tour of the Saint Joseph Calasanz College in Bandjoun to see the preparations for the OD because during this day, the students present their productions, their projects and many others. In the various workshops, preparations are underway. Everyone does their part to be ready on the appointed day.&hellip;\" \/>\n<meta property=\"og:url\" content=\"https:\/\/www.itakaescolapios.org\/en\/2022\/02\/preparacion-de-la-jornada-de-puertas-abiertas-en-el-colegio-tecnico-san-jose-calasanz-en-bandjoun\/\" \/>\n<meta property=\"og:site_name\" content=\"Proofs in Itaka-Escolapios\" \/>\n<meta property=\"article:published_time\" content=\"2022-02-23T12:55:32+00:00\" \/>\n<meta property=\"article:modified_time\" content=\"2023-11-28T11:35:51+00:00\" \/>\n<meta property=\"og:image\" content=\"https:\/\/www.itakaescolapios.org\/wp-content\/uploads\/2022\/02\/IMG-20220223-WA0039.jpg\" \/>\n\t<meta property=\"og:image:width\" content=\"810\" \/>\n\t<meta property=\"og:image:height\" content=\"1080\" \/>\n\t<meta property=\"og:image:type\" content=\"image\/jpeg\" \/>\n<meta name=\"author\" content=\"cameroun01\" \/>\n<meta name=\"twitter:card\" content=\"summary_large_image\" \/>\n<meta name=\"twitter:label1\" content=\"Written by\" \/>\n\t<meta name=\"twitter:data1\" content=\"cameroun01\" \/>\n\t<meta name=\"twitter:label2\" content=\"Est. reading time\" \/>\n\t<meta name=\"twitter:data2\" content=\"1 minute\" \/>\n<script type=\"application\/ld+json\" class=\"yoast-schema-graph\">{\"@context\":\"https:\\\/\\\/schema.org\",\"@graph\":[{\"@type\":\"Article\",\"@id\":\"https:\\\/\\\/www.itakaescolapios.org\\\/en\\\/2022\\\/02\\\/preparacion-de-la-jornada-de-puertas-abiertas-en-el-colegio-tecnico-san-jose-calasanz-en-bandjoun\\\/#article\",\"isPartOf\":{\"@id\":\"https:\\\/\\\/www.itakaescolapios.org\\\/en\\\/2022\\\/02\\\/preparacion-de-la-jornada-de-puertas-abiertas-en-el-colegio-tecnico-san-jose-calasanz-en-bandjoun\\\/\"},\"author\":{\"name\":\"cameroun01\",\"@id\":\"https:\\\/\\\/www.itakaescolapios.org\\\/es\\\/#\\\/schema\\\/person\\\/d2844383e29bfdfef69039672ce14eb1\"},\"headline\":\"PREPARATION OF THE OPEN DAY AT THE SAINT JOSEPH CALASANZ TECHNICAL COLLEGE IN BANDJOUN\",\"datePublished\":\"2022-02-23T12:55:32+00:00\",\"dateModified\":\"2023-11-28T11:35:51+00:00\",\"mainEntityOfPage\":{\"@id\":\"https:\\\/\\\/www.itakaescolapios.org\\\/en\\\/2022\\\/02\\\/preparacion-de-la-jornada-de-puertas-abiertas-en-el-colegio-tecnico-san-jose-calasanz-en-bandjoun\\\/\"},\"wordCount\":125,\"publisher\":{\"@id\":\"https:\\\/\\\/www.itakaescolapios.org\\\/es\\\/#organization\"},\"image\":{\"@id\":\"https:\\\/\\\/www.itakaescolapios.org\\\/en\\\/2022\\\/02\\\/preparacion-de-la-jornada-de-puertas-abiertas-en-el-colegio-tecnico-san-jose-calasanz-en-bandjoun\\\/#primaryimage\"},\"thumbnailUrl\":\"https:\\\/\\\/www.itakaescolapios.org\\\/wp-content\\\/uploads\\\/2022\\\/02\\\/IMG-20220223-WA0039.jpg\",\"articleSection\":[\"Central Africa\",\"Cameroon\"],\"inLanguage\":\"en-US\"},{\"@type\":\"WebPage\",\"@id\":\"https:\\\/\\\/www.itakaescolapios.org\\\/en\\\/2022\\\/02\\\/preparacion-de-la-jornada-de-puertas-abiertas-en-el-colegio-tecnico-san-jose-calasanz-en-bandjoun\\\/\",\"url\":\"https:\\\/\\\/www.itakaescolapios.org\\\/en\\\/2022\\\/02\\\/preparacion-de-la-jornada-de-puertas-abiertas-en-el-colegio-tecnico-san-jose-calasanz-en-bandjoun\\\/\",\"name\":\"PREPARACI\u00d3N DE LA JORNADA DE PUERTAS ABIERTAS EN EL COLEGIO T\u00c9CNICO SAN JOS\u00c9 CALASANZ EN BANDJOUN - Proofs in Itaka-Escolapios\",\"isPartOf\":{\"@id\":\"https:\\\/\\\/www.itakaescolapios.org\\\/es\\\/#website\"},\"primaryImageOfPage\":{\"@id\":\"https:\\\/\\\/www.itakaescolapios.org\\\/en\\\/2022\\\/02\\\/preparacion-de-la-jornada-de-puertas-abiertas-en-el-colegio-tecnico-san-jose-calasanz-en-bandjoun\\\/#primaryimage\"},\"image\":{\"@id\":\"https:\\\/\\\/www.itakaescolapios.org\\\/en\\\/2022\\\/02\\\/preparacion-de-la-jornada-de-puertas-abiertas-en-el-colegio-tecnico-san-jose-calasanz-en-bandjoun\\\/#primaryimage\"},\"thumbnailUrl\":\"https:\\\/\\\/www.itakaescolapios.org\\\/wp-content\\\/uploads\\\/2022\\\/02\\\/IMG-20220223-WA0039.jpg\",\"datePublished\":\"2022-02-23T12:55:32+00:00\",\"dateModified\":\"2023-11-28T11:35:51+00:00\",\"breadcrumb\":{\"@id\":\"https:\\\/\\\/www.itakaescolapios.org\\\/en\\\/2022\\\/02\\\/preparacion-de-la-jornada-de-puertas-abiertas-en-el-colegio-tecnico-san-jose-calasanz-en-bandjoun\\\/#breadcrumb\"},\"inLanguage\":\"en-US\",\"potentialAction\":[{\"@type\":\"ReadAction\",\"target\":[\"https:\\\/\\\/www.itakaescolapios.org\\\/en\\\/2022\\\/02\\\/preparacion-de-la-jornada-de-puertas-abiertas-en-el-colegio-tecnico-san-jose-calasanz-en-bandjoun\\\/\"]}]},{\"@type\":\"ImageObject\",\"inLanguage\":\"en-US\",\"@id\":\"https:\\\/\\\/www.itakaescolapios.org\\\/en\\\/2022\\\/02\\\/preparacion-de-la-jornada-de-puertas-abiertas-en-el-colegio-tecnico-san-jose-calasanz-en-bandjoun\\\/#primaryimage\",\"url\":\"https:\\\/\\\/www.itakaescolapios.org\\\/wp-content\\\/uploads\\\/2022\\\/02\\\/IMG-20220223-WA0039.jpg\",\"contentUrl\":\"https:\\\/\\\/www.itakaescolapios.org\\\/wp-content\\\/uploads\\\/2022\\\/02\\\/IMG-20220223-WA0039.jpg\",\"width\":810,\"height\":1080},{\"@type\":\"BreadcrumbList\",\"@id\":\"https:\\\/\\\/www.itakaescolapios.org\\\/en\\\/2022\\\/02\\\/preparacion-de-la-jornada-de-puertas-abiertas-en-el-colegio-tecnico-san-jose-calasanz-en-bandjoun\\\/#breadcrumb\",\"itemListElement\":[{\"@type\":\"ListItem\",\"position\":1,\"name\":\"Proof\",\"item\":\"https:\\\/\\\/www.itakaescolapios.org\\\/es\\\/\"},{\"@type\":\"ListItem\",\"position\":2,\"name\":\"PREPARATION OF THE OPEN DAY AT THE SAINT JOSEPH CALASANZ TECHNICAL COLLEGE IN BANDJOUN\"}]},{\"@type\":\"WebSite\",\"@id\":\"https:\\\/\\\/www.itakaescolapios.org\\\/en\\\/es\\\/#website\",\"url\":\"https:\\\/\\\/www.itakaescolapios.org\\\/en\\\/es\\\/\",\"name\":\"Itaka-Escolapios\",\"description\":\"Red de Itaka-Escolapios\",\"publisher\":{\"@id\":\"https:\\\/\\\/www.itakaescolapios.org\\\/en\\\/es\\\/#organization\"},\"potentialAction\":[{\"@type\":\"SearchAction\",\"target\":{\"@type\":\"EntryPoint\",\"urlTemplate\":\"https:\\\/\\\/www.itakaescolapios.org\\\/en\\\/es\\\/?s={search_term_string}\"},\"query-input\":{\"@type\":\"PropertyValueSpecification\",\"valueRequired\":true,\"valueName\":\"search_term_string\"}}],\"inLanguage\":\"en-US\"},{\"@type\":\"Organization\",\"@id\":\"https:\\\/\\\/www.itakaescolapios.org\\\/en\\\/es\\\/#organization\",\"name\":\"Fundaci\u00f3 Itaka-Escolapios\",\"url\":\"https:\\\/\\\/www.itakaescolapios.org\\\/en\\\/es\\\/\",\"logo\":{\"@type\":\"ImageObject\",\"inLanguage\":\"en-US\",\"@id\":\"https:\\\/\\\/www.itakaescolapios.org\\\/en\\\/es\\\/#\\\/schema\\\/logo\\\/image\\\/\",\"url\":\"https:\\\/\\\/www.itakaescolapios.org\\\/wp-content\\\/uploads\\\/2024\\\/04\\\/Logo-itakaescolapios-peque.png\",\"contentUrl\":\"https:\\\/\\\/www.itakaescolapios.org\\\/wp-content\\\/uploads\\\/2024\\\/04\\\/Logo-itakaescolapios-peque.png\",\"width\":500,\"height\":199,\"caption\":\"Fundaci\u00f3 Itaka-Escolapios\"},\"image\":{\"@id\":\"https:\\\/\\\/www.itakaescolapios.org\\\/en\\\/es\\\/#\\\/schema\\\/logo\\\/image\\\/\"}},{\"@type\":\"Person\",\"@id\":\"https:\\\/\\\/www.itakaescolapios.org\\\/es\\\/#\\\/schema\\\/person\\\/d2844383e29bfdfef69039672ce14eb1\",\"name\":\"cameroun01\",\"url\":\"https:\\\/\\\/www.itakaescolapios.org\\\/en\\\/author\\\/cameroun01\\\/\"}]}<\/script>\n<!-- \/ Yoast SEO plugin. -->","yoast_head_json":{"title":"PREPARATION OF THE OPEN DAY AT THE SAINT JOSEPH CALASANZ TECHNICAL COLLEGE IN BANDJOUN","description":"On February 23, 2022, we took a tour of the Saint Joseph Calasanz College in Bandjoun to see the preparations for the OD because during this day, the students present their productions, their projects and many others. In the various workshops, preparations are underway. Everyone does their part to be ready on the appointed day.&hellip;","robots":{"index":"index","follow":"follow","max-snippet":"max-snippet:-1","max-image-preview":"max-image-preview:large","max-video-preview":"max-video-preview:-1"},"canonical":"On February 23, 2022, we took a tour of the Saint Joseph Calasanz College in Bandjoun to see the preparations for the OD because during this day, the students present their productions, their projects and many others. In the various workshops, preparations are underway. Everyone does their part to be ready on the appointed day.&hellip;","og_locale":"en_US","og_type":"article","og_title":"PREPARATION OF THE OPEN DAY AT THE SAINT JOSEPH CALASANZ TECHNICAL COLLEGE IN BANDJOUN","og_description":"On February 23, 2022, we took a tour of the Saint Joseph Calasanz College in Bandjoun to see the preparations for the OD because during this day, the students present their productions, their projects and many others. In the various workshops, preparations are underway. Everyone does their part to be ready on the appointed day.&hellip;","og_url":"https:\/\/www.itakaescolapios.org\/en\/2022\/02\/preparacion-de-la-jornada-de-puertas-abiertas-en-el-colegio-tecnico-san-jose-calasanz-en-bandjoun\/","og_site_name":"Proofs in Itaka-Escolapios","article_published_time":"2022-02-23T12:55:32+00:00","article_modified_time":"2023-11-28T11:35:51+00:00","og_image":[{"width":810,"height":1080,"url":"https:\/\/www.itakaescolapios.org\/wp-content\/uploads\/2022\/02\/IMG-20220223-WA0039.jpg","type":"image\/jpeg"}],"author":"cameroun01","twitter_card":"summary_large_image","twitter_misc":{"Written by":"cameroun01","Est. reading time":"1 minute"},"schema":{"@context":"https:\/\/schema.org","@graph":[{"@type":"Article","@id":"https:\/\/www.itakaescolapios.org\/en\/2022\/02\/preparacion-de-la-jornada-de-puertas-abiertas-en-el-colegio-tecnico-san-jose-calasanz-en-bandjoun\/#article","isPartOf":{"@id":"https:\/\/www.itakaescolapios.org\/en\/2022\/02\/preparacion-de-la-jornada-de-puertas-abiertas-en-el-colegio-tecnico-san-jose-calasanz-en-bandjoun\/"},"author":{"name":"cameroun01","@id":"https:\/\/www.itakaescolapios.org\/es\/#\/schema\/person\/d2844383e29bfdfef69039672ce14eb1"},"headline":"PREPARATION OF THE OPEN DAY AT THE SAINT JOSEPH CALASANZ TECHNICAL COLLEGE IN BANDJOUN","datePublished":"2022-02-23T12:55:32+00:00","dateModified":"2023-11-28T11:35:51+00:00","mainEntityOfPage":{"@id":"https:\/\/www.itakaescolapios.org\/en\/2022\/02\/preparacion-de-la-jornada-de-puertas-abiertas-en-el-colegio-tecnico-san-jose-calasanz-en-bandjoun\/"},"wordCount":125,"publisher":{"@id":"https:\/\/www.itakaescolapios.org\/es\/#organization"},"image":{"@id":"https:\/\/www.itakaescolapios.org\/en\/2022\/02\/preparacion-de-la-jornada-de-puertas-abiertas-en-el-colegio-tecnico-san-jose-calasanz-en-bandjoun\/#primaryimage"},"thumbnailUrl":"https:\/\/www.itakaescolapios.org\/wp-content\/uploads\/2022\/02\/IMG-20220223-WA0039.jpg","articleSection":["Central Africa","Cameroon"],"inLanguage":"en-US"},{"@type":"WebPage","@id":"https:\/\/www.itakaescolapios.org\/en\/2022\/02\/preparacion-de-la-jornada-de-puertas-abiertas-en-el-colegio-tecnico-san-jose-calasanz-en-bandjoun\/","url":"https:\/\/www.itakaescolapios.org\/en\/2022\/02\/preparacion-de-la-jornada-de-puertas-abiertas-en-el-colegio-tecnico-san-jose-calasanz-en-bandjoun\/","name":"PREPARACI\u00d3N DE LA JORNADA DE PUERTAS ABIERTAS EN EL COLEGIO T\u00c9CNICO SAN JOS\u00c9 CALASANZ EN BANDJOUN - Proofs in Itaka-Escolapios","isPartOf":{"@id":"https:\/\/www.itakaescolapios.org\/es\/#website"},"primaryImageOfPage":{"@id":"https:\/\/www.itakaescolapios.org\/en\/2022\/02\/preparacion-de-la-jornada-de-puertas-abiertas-en-el-colegio-tecnico-san-jose-calasanz-en-bandjoun\/#primaryimage"},"image":{"@id":"https:\/\/www.itakaescolapios.org\/en\/2022\/02\/preparacion-de-la-jornada-de-puertas-abiertas-en-el-colegio-tecnico-san-jose-calasanz-en-bandjoun\/#primaryimage"},"thumbnailUrl":"https:\/\/www.itakaescolapios.org\/wp-content\/uploads\/2022\/02\/IMG-20220223-WA0039.jpg","datePublished":"2022-02-23T12:55:32+00:00","dateModified":"2023-11-28T11:35:51+00:00","breadcrumb":{"@id":"https:\/\/www.itakaescolapios.org\/en\/2022\/02\/preparacion-de-la-jornada-de-puertas-abiertas-en-el-colegio-tecnico-san-jose-calasanz-en-bandjoun\/#breadcrumb"},"inLanguage":"en-US","potentialAction":[{"@type":"ReadAction","target":["https:\/\/www.itakaescolapios.org\/en\/2022\/02\/preparacion-de-la-jornada-de-puertas-abiertas-en-el-colegio-tecnico-san-jose-calasanz-en-bandjoun\/"]}]},{"@type":"ImageObject","inLanguage":"en-US","@id":"https:\/\/www.itakaescolapios.org\/en\/2022\/02\/preparacion-de-la-jornada-de-puertas-abiertas-en-el-colegio-tecnico-san-jose-calasanz-en-bandjoun\/#primaryimage","url":"https:\/\/www.itakaescolapios.org\/wp-content\/uploads\/2022\/02\/IMG-20220223-WA0039.jpg","contentUrl":"https:\/\/www.itakaescolapios.org\/wp-content\/uploads\/2022\/02\/IMG-20220223-WA0039.jpg","width":810,"height":1080},{"@type":"BreadcrumbList","@id":"https:\/\/www.itakaescolapios.org\/en\/2022\/02\/preparacion-de-la-jornada-de-puertas-abiertas-en-el-colegio-tecnico-san-jose-calasanz-en-bandjoun\/#breadcrumb","itemListElement":[{"@type":"ListItem","position":1,"name":"Proof","item":"https:\/\/www.itakaescolapios.org\/es\/"},{"@type":"ListItem","position":2,"name":"PREPARATION OF THE OPEN DAY AT THE SAINT JOSEPH CALASANZ TECHNICAL COLLEGE IN BANDJOUN"}]},{"@type":"WebSite","@id":"https:\/\/www.itakaescolapios.org\/en\/es\/#website","url":"https:\/\/www.itakaescolapios.org\/en\/es\/","name":"Itaka-Escolapios","description":"Red de Itaka-Escolapios","publisher":{"@id":"https:\/\/www.itakaescolapios.org\/en\/es\/#organization"},"potentialAction":[{"@type":"SearchAction","target":{"@type":"EntryPoint","urlTemplate":"https:\/\/www.itakaescolapios.org\/en\/es\/?s={search_term_string}"},"query-input":{"@type":"PropertyValueSpecification","valueRequired":true,"valueName":"search_term_string"}}],"inLanguage":"en-US"},{"@type":"Organization","@id":"https:\/\/www.itakaescolapios.org\/en\/es\/#organization","name":"Fundaci\u00f3 Itaka-Escolapios","url":"https:\/\/www.itakaescolapios.org\/en\/es\/","logo":{"@type":"ImageObject","inLanguage":"en-US","@id":"https:\/\/www.itakaescolapios.org\/en\/es\/#\/schema\/logo\/image\/","url":"https:\/\/www.itakaescolapios.org\/wp-content\/uploads\/2024\/04\/Logo-itakaescolapios-peque.png","contentUrl":"https:\/\/www.itakaescolapios.org\/wp-content\/uploads\/2024\/04\/Logo-itakaescolapios-peque.png","width":500,"height":199,"caption":"Fundaci\u00f3 Itaka-Escolapios"},"image":{"@id":"https:\/\/www.itakaescolapios.org\/en\/es\/#\/schema\/logo\/image\/"}},{"@type":"Person","@id":"https:\/\/www.itakaescolapios.org\/es\/#\/schema\/person\/d2844383e29bfdfef69039672ce14eb1","name":"cameroun01","url":"https:\/\/www.itakaescolapios.org\/en\/author\/cameroun01\/"}]}},"_links":{"self":[{"href":"https:\/\/www.itakaescolapios.org\/en\/wp-json\/wp\/v2\/posts\/36137","targetHints":{"allow":["GET"]}}],"collection":[{"href":"https:\/\/www.itakaescolapios.org\/en\/wp-json\/wp\/v2\/posts"}],"about":[{"href":"https:\/\/www.itakaescolapios.org\/en\/wp-json\/wp\/v2\/types\/post"}],"author":[{"embeddable":true,"href":"https:\/\/www.itakaescolapios.org\/en\/wp-json\/wp\/v2\/users\/15"}],"replies":[{"embeddable":true,"href":"https:\/\/www.itakaescolapios.org\/en\/wp-json\/wp\/v2\/comments?post=36137"}],"version-history":[{"count":9,"href":"https:\/\/www.itakaescolapios.org\/en\/wp-json\/wp\/v2\/posts\/36137\/revisions"}],"predecessor-version":[{"id":44049,"href":"https:\/\/www.itakaescolapios.org\/en\/wp-json\/wp\/v2\/posts\/36137\/revisions\/44049"}],"wp:featuredmedia":[{"embeddable":true,"href":"https:\/\/www.itakaescolapios.org\/en\/wp-json\/wp\/v2\/media\/36140"}],"wp:attachment":[{"href":"https:\/\/www.itakaescolapios.org\/en\/wp-json\/wp\/v2\/media?parent=36137"}],"wp:term":[{"taxonomy":"category","embeddable":true,"href":"https:\/\/www.itakaescolapios.org\/en\/wp-json\/wp\/v2\/categories?post=36137"},{"taxonomy":"post_tag","embeddable":true,"href":"https:\/\/www.itakaescolapios.org\/en\/wp-json\/wp\/v2\/tags?post=36137"}],"curies":[{"name":"wp","href":"https:\/\/api.w.org\/{rel}","templated":true}]}}