{"id":36210,"date":"2022-03-02T14:54:34","date_gmt":"2022-03-02T13:54:34","guid":{"rendered":"https:\/\/www.itakaescolapios.org\/?p=36210"},"modified":"2023-11-28T12:35:50","modified_gmt":"2023-11-28T11:35:50","slug":"misa-del-miercoles-de-ceniza-en-el-colegio-bilingue-san-jose-calasanz-de-bafia","status":"publish","type":"post","link":"https:\/\/www.itakaescolapios.org\/en\/2022\/03\/misa-del-miercoles-de-ceniza-en-el-colegio-bilingue-san-jose-calasanz-de-bafia\/","title":{"rendered":"ASH WEDNESDAY MASS AT THE SAINT JOSEPH CALASANZ BILINGUAL SCHOOL IN BAFIA"},"content":{"rendered":"<div id=\"tw-container\" class=\"\" data-cp=\"1\" data-is-ver=\"false\" data-nnttsvi=\"1\" data-sm=\"1\" data-sugg-time=\"500\" data-sugg-url=\"https:\/\/clients1.google.com\/complete\/search\" data-uilc=\"fr\">\n<div id=\"tw-ob\" class=\"tw-src-ltr\">\n<div class=\"oSioSc\">\n<div id=\"tw-target\">\n<div id=\"kAz1tf\" class=\"g9WsWb\">\n<div id=\"tw-target-text-container\" class=\"tw-ta-container F0azHf tw-nfl\">\n<p id=\"tw-target-text\" class=\"tw-data-text tw-text-large tw-ta\" dir=\"ltr\" data-placeholder=\"Traduction\"><span class=\"Y2IQFc\" lang=\"en\">This Wednesday, March 02, 2022 took place at the parish of Our Lady of Nazareth in Bafia (Cameroon), the mass of ashes in order to begin the season of Lent. Mass took place and the imposition of ashes also on the foreheads of those present. Mass ended around 2 p.m. Everyone received the ashes and started Lent well: a strong time of prayer, sharing, meditation and above all forgiveness and reconciliation.<\/span><\/p>\n<p id=\"tw-target-text\" class=\"tw-data-text tw-text-large tw-ta\" dir=\"ltr\" data-placeholder=\"Traduction\">\n<div style=\"width: 640px;\" class=\"wp-video\"><video class=\"wp-video-shortcode\" id=\"video-36210-1\" width=\"640\" height=\"352\" preload=\"metadata\" controls=\"controls\"><source type=\"video\/mp4\" src=\"https:\/\/www.itakaescolapios.org\/wp-content\/uploads\/2022\/03\/VID-20220302-WA0017.mp4?_=1\" \/><a href=\"https:\/\/www.itakaescolapios.org\/wp-content\/uploads\/2022\/03\/VID-20220302-WA0017.mp4\">https:\/\/www.itakaescolapios.org\/wp-content\/uploads\/2022\/03\/VID-20220302-WA0017.mp4<\/a><\/video><\/div>\n<p>&nbsp;<\/p>\n<p dir=\"ltr\" data-placeholder=\"Traduction\"><img decoding=\"async\" class=\"size-full wp-image-36209 aligncenter\" src=\"https:\/\/www.itakaescolapios.org\/wp-content\/uploads\/2022\/03\/IMG-20220302-WA0004.jpg\" alt=\"\" width=\"1080\" height=\"486\" srcset=\"https:\/\/www.itakaescolapios.org\/wp-content\/uploads\/2022\/03\/IMG-20220302-WA0004.jpg 1080w, https:\/\/www.itakaescolapios.org\/wp-content\/uploads\/2022\/03\/IMG-20220302-WA0004-300x135.jpg 300w, https:\/\/www.itakaescolapios.org\/wp-content\/uploads\/2022\/03\/IMG-20220302-WA0004-1024x461.jpg 1024w, https:\/\/www.itakaescolapios.org\/wp-content\/uploads\/2022\/03\/IMG-20220302-WA0004-768x346.jpg 768w, https:\/\/www.itakaescolapios.org\/wp-content\/uploads\/2022\/03\/IMG-20220302-WA0004-250x113.jpg 250w\" sizes=\"(max-width: 1080px) 100vw, 1080px\" \/><\/p>\n<\/div>\n<\/div>\n<\/div>\n<\/div>\n<\/div>\n<\/div>\n","protected":false},"excerpt":{"rendered":"<p>This Wednesday, March 02, 2022 took place at the parish of Our Lady of Nazareth in Bafia (Cameroon), the mass of ashes in order to begin the season of Lent. [&hellip;]<\/p>\n","protected":false},"author":15,"featured_media":36208,"comment_status":"closed","ping_status":"closed","sticky":false,"template":"","format":"standard","meta":{"_et_pb_use_builder":"","_et_pb_old_content":"","_et_gb_content_width":"","footnotes":""},"categories":[53,10],"tags":[],"class_list":["post-36210","post","type-post","status-publish","format-standard","has-post-thumbnail","hentry","category-africa-central","category-camerun"],"yoast_head":"<!-- This site is optimized with the Yoast SEO plugin v27.4 - https:\/\/yoast.com\/product\/yoast-seo-wordpress\/ -->\n<title>ASH WEDNESDAY MASS AT THE SAINT JOSEPH CALASANZ BILINGUAL SCHOOL IN BAFIA<\/title>\n<meta name=\"description\" content=\"This Wednesday, March 02, 2022 took place at the parish of Our Lady of Nazareth in Bafia (Cameroon), the mass of ashes in order to begin the season of Lent. Mass took place and the imposition of ashes also on the foreheads of those present. Mass ended around 2 p.m. Everyone received the ashes and&hellip;\" \/>\n<meta name=\"robots\" content=\"index, follow, max-snippet:-1, max-image-preview:large, max-video-preview:-1\" \/>\n<link rel=\"canonical\" href=\"http:\/\/This%20Wednesday,%20March%2002,%202022%20took%20place%20at%20the%20parish%20of%20Our%20Lady%20of%20Nazareth%20in%20Bafia%20(Cameroon),%20the%20mass%20of%20ashes%20in%20order%20to%20begin%20the%20season%20of%20Lent.%20Mass%20took%20place%20and%20the%20imposition%20of%20ashes%20also%20on%20the%20foreheads%20of%20those%20present.%20Mass%20ended%20around%202%20p.m.%20Everyone%20received%20the%20ashes%20and&hellip;\" \/>\n<meta property=\"og:locale\" content=\"en_US\" \/>\n<meta property=\"og:type\" content=\"article\" \/>\n<meta property=\"og:title\" content=\"ASH WEDNESDAY MASS AT THE SAINT JOSEPH CALASANZ BILINGUAL SCHOOL IN BAFIA\" \/>\n<meta property=\"og:description\" content=\"This Wednesday, March 02, 2022 took place at the parish of Our Lady of Nazareth in Bafia (Cameroon), the mass of ashes in order to begin the season of Lent. Mass took place and the imposition of ashes also on the foreheads of those present. Mass ended around 2 p.m. Everyone received the ashes and&hellip;\" \/>\n<meta property=\"og:url\" content=\"https:\/\/www.itakaescolapios.org\/en\/2022\/03\/misa-del-miercoles-de-ceniza-en-el-colegio-bilingue-san-jose-calasanz-de-bafia\/\" \/>\n<meta property=\"og:site_name\" content=\"Proofs in Itaka-Escolapios\" \/>\n<meta property=\"article:published_time\" content=\"2022-03-02T13:54:34+00:00\" \/>\n<meta property=\"article:modified_time\" content=\"2023-11-28T11:35:50+00:00\" \/>\n<meta property=\"og:image\" content=\"https:\/\/www.itakaescolapios.org\/wp-content\/uploads\/2022\/03\/IMG-20220302-WA0005.jpg\" \/>\n\t<meta property=\"og:image:width\" content=\"1080\" \/>\n\t<meta property=\"og:image:height\" content=\"486\" \/>\n\t<meta property=\"og:image:type\" content=\"image\/jpeg\" \/>\n<meta name=\"author\" content=\"cameroun01\" \/>\n<meta name=\"twitter:card\" content=\"summary_large_image\" \/>\n<meta name=\"twitter:label1\" content=\"Written by\" \/>\n\t<meta name=\"twitter:data1\" content=\"cameroun01\" \/>\n\t<meta name=\"twitter:label2\" content=\"Est. reading time\" \/>\n\t<meta name=\"twitter:data2\" content=\"1 minute\" \/>\n<script type=\"application\/ld+json\" class=\"yoast-schema-graph\">{\"@context\":\"https:\\\/\\\/schema.org\",\"@graph\":[{\"@type\":\"Article\",\"@id\":\"https:\\\/\\\/www.itakaescolapios.org\\\/en\\\/2022\\\/03\\\/misa-del-miercoles-de-ceniza-en-el-colegio-bilingue-san-jose-calasanz-de-bafia\\\/#article\",\"isPartOf\":{\"@id\":\"https:\\\/\\\/www.itakaescolapios.org\\\/en\\\/2022\\\/03\\\/misa-del-miercoles-de-ceniza-en-el-colegio-bilingue-san-jose-calasanz-de-bafia\\\/\"},\"author\":{\"name\":\"cameroun01\",\"@id\":\"https:\\\/\\\/www.itakaescolapios.org\\\/es\\\/#\\\/schema\\\/person\\\/d2844383e29bfdfef69039672ce14eb1\"},\"headline\":\"ASH WEDNESDAY MASS AT THE SAINT JOSEPH CALASANZ BILINGUAL SCHOOL IN BAFIA\",\"datePublished\":\"2022-03-02T13:54:34+00:00\",\"dateModified\":\"2023-11-28T11:35:50+00:00\",\"mainEntityOfPage\":{\"@id\":\"https:\\\/\\\/www.itakaescolapios.org\\\/en\\\/2022\\\/03\\\/misa-del-miercoles-de-ceniza-en-el-colegio-bilingue-san-jose-calasanz-de-bafia\\\/\"},\"wordCount\":121,\"publisher\":{\"@id\":\"https:\\\/\\\/www.itakaescolapios.org\\\/es\\\/#organization\"},\"image\":{\"@id\":\"https:\\\/\\\/www.itakaescolapios.org\\\/en\\\/2022\\\/03\\\/misa-del-miercoles-de-ceniza-en-el-colegio-bilingue-san-jose-calasanz-de-bafia\\\/#primaryimage\"},\"thumbnailUrl\":\"https:\\\/\\\/www.itakaescolapios.org\\\/wp-content\\\/uploads\\\/2022\\\/03\\\/IMG-20220302-WA0005.jpg\",\"articleSection\":[\"Central Africa\",\"Cameroon\"],\"inLanguage\":\"en-US\"},{\"@type\":\"WebPage\",\"@id\":\"https:\\\/\\\/www.itakaescolapios.org\\\/en\\\/2022\\\/03\\\/misa-del-miercoles-de-ceniza-en-el-colegio-bilingue-san-jose-calasanz-de-bafia\\\/\",\"url\":\"https:\\\/\\\/www.itakaescolapios.org\\\/en\\\/2022\\\/03\\\/misa-del-miercoles-de-ceniza-en-el-colegio-bilingue-san-jose-calasanz-de-bafia\\\/\",\"name\":\"MISA DEL MI\u00c9RCOLES DE CENIZA EN EL COLEGIO BILING\u00dcE SAN JOS\u00c9 CALASANZ DE BAFIA - Proofs in Itaka-Escolapios\",\"isPartOf\":{\"@id\":\"https:\\\/\\\/www.itakaescolapios.org\\\/es\\\/#website\"},\"primaryImageOfPage\":{\"@id\":\"https:\\\/\\\/www.itakaescolapios.org\\\/en\\\/2022\\\/03\\\/misa-del-miercoles-de-ceniza-en-el-colegio-bilingue-san-jose-calasanz-de-bafia\\\/#primaryimage\"},\"image\":{\"@id\":\"https:\\\/\\\/www.itakaescolapios.org\\\/en\\\/2022\\\/03\\\/misa-del-miercoles-de-ceniza-en-el-colegio-bilingue-san-jose-calasanz-de-bafia\\\/#primaryimage\"},\"thumbnailUrl\":\"https:\\\/\\\/www.itakaescolapios.org\\\/wp-content\\\/uploads\\\/2022\\\/03\\\/IMG-20220302-WA0005.jpg\",\"datePublished\":\"2022-03-02T13:54:34+00:00\",\"dateModified\":\"2023-11-28T11:35:50+00:00\",\"breadcrumb\":{\"@id\":\"https:\\\/\\\/www.itakaescolapios.org\\\/en\\\/2022\\\/03\\\/misa-del-miercoles-de-ceniza-en-el-colegio-bilingue-san-jose-calasanz-de-bafia\\\/#breadcrumb\"},\"inLanguage\":\"en-US\",\"potentialAction\":[{\"@type\":\"ReadAction\",\"target\":[\"https:\\\/\\\/www.itakaescolapios.org\\\/en\\\/2022\\\/03\\\/misa-del-miercoles-de-ceniza-en-el-colegio-bilingue-san-jose-calasanz-de-bafia\\\/\"]}]},{\"@type\":\"ImageObject\",\"inLanguage\":\"en-US\",\"@id\":\"https:\\\/\\\/www.itakaescolapios.org\\\/en\\\/2022\\\/03\\\/misa-del-miercoles-de-ceniza-en-el-colegio-bilingue-san-jose-calasanz-de-bafia\\\/#primaryimage\",\"url\":\"https:\\\/\\\/www.itakaescolapios.org\\\/wp-content\\\/uploads\\\/2022\\\/03\\\/IMG-20220302-WA0005.jpg\",\"contentUrl\":\"https:\\\/\\\/www.itakaescolapios.org\\\/wp-content\\\/uploads\\\/2022\\\/03\\\/IMG-20220302-WA0005.jpg\",\"width\":1080,\"height\":486},{\"@type\":\"BreadcrumbList\",\"@id\":\"https:\\\/\\\/www.itakaescolapios.org\\\/en\\\/2022\\\/03\\\/misa-del-miercoles-de-ceniza-en-el-colegio-bilingue-san-jose-calasanz-de-bafia\\\/#breadcrumb\",\"itemListElement\":[{\"@type\":\"ListItem\",\"position\":1,\"name\":\"Proof\",\"item\":\"https:\\\/\\\/www.itakaescolapios.org\\\/es\\\/\"},{\"@type\":\"ListItem\",\"position\":2,\"name\":\"ASH WEDNESDAY MASS AT THE SAINT JOSEPH CALASANZ BILINGUAL SCHOOL IN BAFIA\"}]},{\"@type\":\"WebSite\",\"@id\":\"https:\\\/\\\/www.itakaescolapios.org\\\/en\\\/es\\\/#website\",\"url\":\"https:\\\/\\\/www.itakaescolapios.org\\\/en\\\/es\\\/\",\"name\":\"Itaka-Escolapios\",\"description\":\"Red de Itaka-Escolapios\",\"publisher\":{\"@id\":\"https:\\\/\\\/www.itakaescolapios.org\\\/en\\\/es\\\/#organization\"},\"potentialAction\":[{\"@type\":\"SearchAction\",\"target\":{\"@type\":\"EntryPoint\",\"urlTemplate\":\"https:\\\/\\\/www.itakaescolapios.org\\\/en\\\/es\\\/?s={search_term_string}\"},\"query-input\":{\"@type\":\"PropertyValueSpecification\",\"valueRequired\":true,\"valueName\":\"search_term_string\"}}],\"inLanguage\":\"en-US\"},{\"@type\":\"Organization\",\"@id\":\"https:\\\/\\\/www.itakaescolapios.org\\\/en\\\/es\\\/#organization\",\"name\":\"Fundaci\u00f3 Itaka-Escolapios\",\"url\":\"https:\\\/\\\/www.itakaescolapios.org\\\/en\\\/es\\\/\",\"logo\":{\"@type\":\"ImageObject\",\"inLanguage\":\"en-US\",\"@id\":\"https:\\\/\\\/www.itakaescolapios.org\\\/en\\\/es\\\/#\\\/schema\\\/logo\\\/image\\\/\",\"url\":\"https:\\\/\\\/www.itakaescolapios.org\\\/wp-content\\\/uploads\\\/2024\\\/04\\\/Logo-itakaescolapios-peque.png\",\"contentUrl\":\"https:\\\/\\\/www.itakaescolapios.org\\\/wp-content\\\/uploads\\\/2024\\\/04\\\/Logo-itakaescolapios-peque.png\",\"width\":500,\"height\":199,\"caption\":\"Fundaci\u00f3 Itaka-Escolapios\"},\"image\":{\"@id\":\"https:\\\/\\\/www.itakaescolapios.org\\\/en\\\/es\\\/#\\\/schema\\\/logo\\\/image\\\/\"}},{\"@type\":\"Person\",\"@id\":\"https:\\\/\\\/www.itakaescolapios.org\\\/es\\\/#\\\/schema\\\/person\\\/d2844383e29bfdfef69039672ce14eb1\",\"name\":\"cameroun01\",\"url\":\"https:\\\/\\\/www.itakaescolapios.org\\\/en\\\/author\\\/cameroun01\\\/\"}]}<\/script>\n<!-- \/ Yoast SEO plugin. -->","yoast_head_json":{"title":"ASH WEDNESDAY MASS AT THE SAINT JOSEPH CALASANZ BILINGUAL SCHOOL IN BAFIA","description":"This Wednesday, March 02, 2022 took place at the parish of Our Lady of Nazareth in Bafia (Cameroon), the mass of ashes in order to begin the season of Lent. Mass took place and the imposition of ashes also on the foreheads of those present. Mass ended around 2 p.m. Everyone received the ashes and&hellip;","robots":{"index":"index","follow":"follow","max-snippet":"max-snippet:-1","max-image-preview":"max-image-preview:large","max-video-preview":"max-video-preview:-1"},"canonical":"This Wednesday, March 02, 2022 took place at the parish of Our Lady of Nazareth in Bafia (Cameroon), the mass of ashes in order to begin the season of Lent. Mass took place and the imposition of ashes also on the foreheads of those present. Mass ended around 2 p.m. Everyone received the ashes and&hellip;","og_locale":"en_US","og_type":"article","og_title":"ASH WEDNESDAY MASS AT THE SAINT JOSEPH CALASANZ BILINGUAL SCHOOL IN BAFIA","og_description":"This Wednesday, March 02, 2022 took place at the parish of Our Lady of Nazareth in Bafia (Cameroon), the mass of ashes in order to begin the season of Lent. Mass took place and the imposition of ashes also on the foreheads of those present. Mass ended around 2 p.m. Everyone received the ashes and&hellip;","og_url":"https:\/\/www.itakaescolapios.org\/en\/2022\/03\/misa-del-miercoles-de-ceniza-en-el-colegio-bilingue-san-jose-calasanz-de-bafia\/","og_site_name":"Proofs in Itaka-Escolapios","article_published_time":"2022-03-02T13:54:34+00:00","article_modified_time":"2023-11-28T11:35:50+00:00","og_image":[{"width":1080,"height":486,"url":"https:\/\/www.itakaescolapios.org\/wp-content\/uploads\/2022\/03\/IMG-20220302-WA0005.jpg","type":"image\/jpeg"}],"author":"cameroun01","twitter_card":"summary_large_image","twitter_misc":{"Written by":"cameroun01","Est. reading time":"1 minute"},"schema":{"@context":"https:\/\/schema.org","@graph":[{"@type":"Article","@id":"https:\/\/www.itakaescolapios.org\/en\/2022\/03\/misa-del-miercoles-de-ceniza-en-el-colegio-bilingue-san-jose-calasanz-de-bafia\/#article","isPartOf":{"@id":"https:\/\/www.itakaescolapios.org\/en\/2022\/03\/misa-del-miercoles-de-ceniza-en-el-colegio-bilingue-san-jose-calasanz-de-bafia\/"},"author":{"name":"cameroun01","@id":"https:\/\/www.itakaescolapios.org\/es\/#\/schema\/person\/d2844383e29bfdfef69039672ce14eb1"},"headline":"ASH WEDNESDAY MASS AT THE SAINT JOSEPH CALASANZ BILINGUAL SCHOOL IN BAFIA","datePublished":"2022-03-02T13:54:34+00:00","dateModified":"2023-11-28T11:35:50+00:00","mainEntityOfPage":{"@id":"https:\/\/www.itakaescolapios.org\/en\/2022\/03\/misa-del-miercoles-de-ceniza-en-el-colegio-bilingue-san-jose-calasanz-de-bafia\/"},"wordCount":121,"publisher":{"@id":"https:\/\/www.itakaescolapios.org\/es\/#organization"},"image":{"@id":"https:\/\/www.itakaescolapios.org\/en\/2022\/03\/misa-del-miercoles-de-ceniza-en-el-colegio-bilingue-san-jose-calasanz-de-bafia\/#primaryimage"},"thumbnailUrl":"https:\/\/www.itakaescolapios.org\/wp-content\/uploads\/2022\/03\/IMG-20220302-WA0005.jpg","articleSection":["Central Africa","Cameroon"],"inLanguage":"en-US"},{"@type":"WebPage","@id":"https:\/\/www.itakaescolapios.org\/en\/2022\/03\/misa-del-miercoles-de-ceniza-en-el-colegio-bilingue-san-jose-calasanz-de-bafia\/","url":"https:\/\/www.itakaescolapios.org\/en\/2022\/03\/misa-del-miercoles-de-ceniza-en-el-colegio-bilingue-san-jose-calasanz-de-bafia\/","name":"MISA DEL MI\u00c9RCOLES DE CENIZA EN EL COLEGIO BILING\u00dcE SAN JOS\u00c9 CALASANZ DE BAFIA - Proofs in Itaka-Escolapios","isPartOf":{"@id":"https:\/\/www.itakaescolapios.org\/es\/#website"},"primaryImageOfPage":{"@id":"https:\/\/www.itakaescolapios.org\/en\/2022\/03\/misa-del-miercoles-de-ceniza-en-el-colegio-bilingue-san-jose-calasanz-de-bafia\/#primaryimage"},"image":{"@id":"https:\/\/www.itakaescolapios.org\/en\/2022\/03\/misa-del-miercoles-de-ceniza-en-el-colegio-bilingue-san-jose-calasanz-de-bafia\/#primaryimage"},"thumbnailUrl":"https:\/\/www.itakaescolapios.org\/wp-content\/uploads\/2022\/03\/IMG-20220302-WA0005.jpg","datePublished":"2022-03-02T13:54:34+00:00","dateModified":"2023-11-28T11:35:50+00:00","breadcrumb":{"@id":"https:\/\/www.itakaescolapios.org\/en\/2022\/03\/misa-del-miercoles-de-ceniza-en-el-colegio-bilingue-san-jose-calasanz-de-bafia\/#breadcrumb"},"inLanguage":"en-US","potentialAction":[{"@type":"ReadAction","target":["https:\/\/www.itakaescolapios.org\/en\/2022\/03\/misa-del-miercoles-de-ceniza-en-el-colegio-bilingue-san-jose-calasanz-de-bafia\/"]}]},{"@type":"ImageObject","inLanguage":"en-US","@id":"https:\/\/www.itakaescolapios.org\/en\/2022\/03\/misa-del-miercoles-de-ceniza-en-el-colegio-bilingue-san-jose-calasanz-de-bafia\/#primaryimage","url":"https:\/\/www.itakaescolapios.org\/wp-content\/uploads\/2022\/03\/IMG-20220302-WA0005.jpg","contentUrl":"https:\/\/www.itakaescolapios.org\/wp-content\/uploads\/2022\/03\/IMG-20220302-WA0005.jpg","width":1080,"height":486},{"@type":"BreadcrumbList","@id":"https:\/\/www.itakaescolapios.org\/en\/2022\/03\/misa-del-miercoles-de-ceniza-en-el-colegio-bilingue-san-jose-calasanz-de-bafia\/#breadcrumb","itemListElement":[{"@type":"ListItem","position":1,"name":"Proof","item":"https:\/\/www.itakaescolapios.org\/es\/"},{"@type":"ListItem","position":2,"name":"ASH WEDNESDAY MASS AT THE SAINT JOSEPH CALASANZ BILINGUAL SCHOOL IN BAFIA"}]},{"@type":"WebSite","@id":"https:\/\/www.itakaescolapios.org\/en\/es\/#website","url":"https:\/\/www.itakaescolapios.org\/en\/es\/","name":"Itaka-Escolapios","description":"Red de Itaka-Escolapios","publisher":{"@id":"https:\/\/www.itakaescolapios.org\/en\/es\/#organization"},"potentialAction":[{"@type":"SearchAction","target":{"@type":"EntryPoint","urlTemplate":"https:\/\/www.itakaescolapios.org\/en\/es\/?s={search_term_string}"},"query-input":{"@type":"PropertyValueSpecification","valueRequired":true,"valueName":"search_term_string"}}],"inLanguage":"en-US"},{"@type":"Organization","@id":"https:\/\/www.itakaescolapios.org\/en\/es\/#organization","name":"Fundaci\u00f3 Itaka-Escolapios","url":"https:\/\/www.itakaescolapios.org\/en\/es\/","logo":{"@type":"ImageObject","inLanguage":"en-US","@id":"https:\/\/www.itakaescolapios.org\/en\/es\/#\/schema\/logo\/image\/","url":"https:\/\/www.itakaescolapios.org\/wp-content\/uploads\/2024\/04\/Logo-itakaescolapios-peque.png","contentUrl":"https:\/\/www.itakaescolapios.org\/wp-content\/uploads\/2024\/04\/Logo-itakaescolapios-peque.png","width":500,"height":199,"caption":"Fundaci\u00f3 Itaka-Escolapios"},"image":{"@id":"https:\/\/www.itakaescolapios.org\/en\/es\/#\/schema\/logo\/image\/"}},{"@type":"Person","@id":"https:\/\/www.itakaescolapios.org\/es\/#\/schema\/person\/d2844383e29bfdfef69039672ce14eb1","name":"cameroun01","url":"https:\/\/www.itakaescolapios.org\/en\/author\/cameroun01\/"}]}},"_links":{"self":[{"href":"https:\/\/www.itakaescolapios.org\/en\/wp-json\/wp\/v2\/posts\/36210","targetHints":{"allow":["GET"]}}],"collection":[{"href":"https:\/\/www.itakaescolapios.org\/en\/wp-json\/wp\/v2\/posts"}],"about":[{"href":"https:\/\/www.itakaescolapios.org\/en\/wp-json\/wp\/v2\/types\/post"}],"author":[{"embeddable":true,"href":"https:\/\/www.itakaescolapios.org\/en\/wp-json\/wp\/v2\/users\/15"}],"replies":[{"embeddable":true,"href":"https:\/\/www.itakaescolapios.org\/en\/wp-json\/wp\/v2\/comments?post=36210"}],"version-history":[{"count":3,"href":"https:\/\/www.itakaescolapios.org\/en\/wp-json\/wp\/v2\/posts\/36210\/revisions"}],"predecessor-version":[{"id":44033,"href":"https:\/\/www.itakaescolapios.org\/en\/wp-json\/wp\/v2\/posts\/36210\/revisions\/44033"}],"wp:featuredmedia":[{"embeddable":true,"href":"https:\/\/www.itakaescolapios.org\/en\/wp-json\/wp\/v2\/media\/36208"}],"wp:attachment":[{"href":"https:\/\/www.itakaescolapios.org\/en\/wp-json\/wp\/v2\/media?parent=36210"}],"wp:term":[{"taxonomy":"category","embeddable":true,"href":"https:\/\/www.itakaescolapios.org\/en\/wp-json\/wp\/v2\/categories?post=36210"},{"taxonomy":"post_tag","embeddable":true,"href":"https:\/\/www.itakaescolapios.org\/en\/wp-json\/wp\/v2\/tags?post=36210"}],"curies":[{"name":"wp","href":"https:\/\/api.w.org\/{rel}","templated":true}]}}