{"id":36697,"date":"2022-05-05T21:57:24","date_gmt":"2022-05-05T20:57:24","guid":{"rendered":"https:\/\/www.itakaescolapios.org\/?p=36697"},"modified":"2023-11-28T12:35:46","modified_gmt":"2023-11-28T11:35:46","slug":"francais-visite-de-lequipe-operationnelle-de-la-fondation-itaka-escolapios-province-dafrique-centrale-au-complexe-scolaire-technique-calasane-de-bandjoun-cameroun","status":"publish","type":"post","link":"https:\/\/www.itakaescolapios.org\/en\/2022\/05\/francais-visite-de-lequipe-operationnelle-de-la-fondation-itaka-escolapios-province-dafrique-centrale-au-complexe-scolaire-technique-calasane-de-bandjoun-cameroun\/","title":{"rendered":""},"content":{"rendered":"<p>[:fr]Ce jeudi 05 mai, a eu dans l&#8217;enceinte du coll\u00e8ge technique Saint Joseph Calasanz de Bandjoun ( Cameroun ), une visite de l&#8217;\u00e9quipe op\u00e9rationnelle de la fondation ITAKA Escolapios province d&#8217;Afrique Centrale en vue de faire une \u00e9valuation du second trimestre et savoir ce qu&#8217;il en est de la reprise du troisi\u00e8me et dernier trimestre. Le deuxi\u00e8me trimestre s&#8217;est d\u00e9roul\u00e9 sans incident, les enseignants et les \u00e9l\u00e8ves ont fait chacun leur devoir d&#8217;o\u00f9 une hausse dans les r\u00e9sultats de fin de trimestre. Le troisi\u00e8me trimestre quand \u00e0 lui a \u00e9galement bien d\u00e9but\u00e9 et les enfants sont en pleines \u00e9valuations car la date de la messe de cl\u00f4ture de l&#8217;ann\u00e9e scolaire est pr\u00e9vue pour le 19 Mai. La fraternit\u00e9 ici oeuvre \u00e9galement \u00e0 l&#8217;\u00e9ducation des \u00e9l\u00e8ves car \u00e9tant compos\u00e9e principalement d&#8217;enseignants, ceux ci font des cours sur des disciplines diverses. En g\u00e9n\u00e9ral les choses fonctionnent normalement et tout va pour le mieux.<\/p>\n<p style=\"text-align: center\"><img decoding=\"async\" class=\"size-full wp-image-36701 aligncenter\" src=\"https:\/\/www.itakaescolapios.org\/wp-content\/uploads\/2022\/05\/20220505_091652-scaled.jpg\" alt=\"\" width=\"2560\" height=\"1920\" srcset=\"https:\/\/www.itakaescolapios.org\/wp-content\/uploads\/2022\/05\/20220505_091652-scaled.jpg 2000w, https:\/\/www.itakaescolapios.org\/wp-content\/uploads\/2022\/05\/20220505_091652-300x225.jpg 300w, https:\/\/www.itakaescolapios.org\/wp-content\/uploads\/2022\/05\/20220505_091652-1024x768.jpg 1024w, https:\/\/www.itakaescolapios.org\/wp-content\/uploads\/2022\/05\/20220505_091652-768x576.jpg 768w, https:\/\/www.itakaescolapios.org\/wp-content\/uploads\/2022\/05\/20220505_091652-1536x1152.jpg 1536w, https:\/\/www.itakaescolapios.org\/wp-content\/uploads\/2022\/05\/20220505_091652-2048x1536.jpg 2048w, https:\/\/www.itakaescolapios.org\/wp-content\/uploads\/2022\/05\/20220505_091652-250x188.jpg 250w, https:\/\/www.itakaescolapios.org\/wp-content\/uploads\/2022\/05\/20220505_091652-510x382.jpg 510w, https:\/\/www.itakaescolapios.org\/wp-content\/uploads\/2022\/05\/20220505_091652-1080x810.jpg 1080w\" sizes=\"(max-width: 2560px) 100vw, 2560px\" \/><\/p>\n<p>[:]<\/p>\n","protected":false},"excerpt":{"rendered":"<p>[:fr]Ce jeudi 05 mai, a eu dans l&#8217;enceinte du coll\u00e8ge technique Saint Joseph Calasanz de Bandjoun ( Cameroun ), une visite de l&#8217;\u00e9quipe op\u00e9rationnelle de la fondation ITAKA Escolapios province [&hellip;]<\/p>\n","protected":false},"author":15,"featured_media":36700,"comment_status":"closed","ping_status":"closed","sticky":false,"template":"","format":"standard","meta":{"_et_pb_use_builder":"","_et_pb_old_content":"","_et_gb_content_width":"","footnotes":""},"categories":[53,10],"tags":[],"class_list":["post-36697","post","type-post","status-publish","format-standard","has-post-thumbnail","hentry","category-africa-central","category-camerun"],"yoast_head":"<!-- This site is optimized with the Yoast SEO plugin v27.4 - https:\/\/yoast.com\/product\/yoast-seo-wordpress\/ -->\n<title>- Proofs in Itaka-Escolapios<\/title>\n<meta name=\"description\" content=\"[:fr]Ce jeudi 05 mai, a eu dans l&#039;enceinte du coll\u00e8ge technique Saint Joseph Calasanz de Bandjoun ( Cameroun ), une visite de l&#039;\u00e9quipe op\u00e9rationnelle de la fondation ITAKA Escolapios province d&#039;Afrique Centrale en vue de faire une \u00e9valuation du second trimestre et savoir ce qu&#039;il en est de la reprise du troisi\u00e8me et dernier trimestre.&hellip;\" \/>\n<meta name=\"robots\" content=\"index, follow, max-snippet:-1, max-image-preview:large, max-video-preview:-1\" \/>\n<link rel=\"canonical\" href=\"\" \/>\n<meta property=\"og:locale\" content=\"en_US\" \/>\n<meta property=\"og:type\" content=\"article\" \/>\n<meta property=\"og:title\" content=\"- Proofs in Itaka-Escolapios\" \/>\n<meta property=\"og:description\" content=\"[:fr]Ce jeudi 05 mai, a eu dans l&#039;enceinte du coll\u00e8ge technique Saint Joseph Calasanz de Bandjoun ( Cameroun ), une visite de l&#039;\u00e9quipe op\u00e9rationnelle de la fondation ITAKA Escolapios province d&#039;Afrique Centrale en vue de faire une \u00e9valuation du second trimestre et savoir ce qu&#039;il en est de la reprise du troisi\u00e8me et dernier trimestre.&hellip;\" \/>\n<meta property=\"og:url\" content=\"https:\/\/www.itakaescolapios.org\/en\/2022\/05\/francais-visite-de-lequipe-operationnelle-de-la-fondation-itaka-escolapios-province-dafrique-centrale-au-complexe-scolaire-technique-calasane-de-bandjoun-cameroun\/\" \/>\n<meta property=\"og:site_name\" content=\"Proofs in Itaka-Escolapios\" \/>\n<meta property=\"article:published_time\" content=\"2022-05-05T20:57:24+00:00\" \/>\n<meta property=\"article:modified_time\" content=\"2023-11-28T11:35:46+00:00\" \/>\n<meta property=\"og:image\" content=\"https:\/\/www.itakaescolapios.org\/wp-content\/uploads\/2022\/05\/20220505_091656-scaled.jpg\" \/>\n\t<meta property=\"og:image:width\" content=\"2000\" \/>\n\t<meta property=\"og:image:height\" content=\"1500\" \/>\n\t<meta property=\"og:image:type\" content=\"image\/jpeg\" \/>\n<meta name=\"author\" content=\"cameroun01\" \/>\n<meta name=\"twitter:card\" content=\"summary_large_image\" \/>\n<meta name=\"twitter:label1\" content=\"Written by\" \/>\n\t<meta name=\"twitter:data1\" content=\"cameroun01\" \/>\n\t<meta name=\"twitter:label2\" content=\"Est. reading time\" \/>\n\t<meta name=\"twitter:data2\" content=\"1 minute\" \/>\n<script type=\"application\/ld+json\" class=\"yoast-schema-graph\">{\"@context\":\"https:\\\/\\\/schema.org\",\"@graph\":[{\"@type\":\"Article\",\"@id\":\"https:\\\/\\\/www.itakaescolapios.org\\\/en\\\/2022\\\/05\\\/francais-visite-de-lequipe-operationnelle-de-la-fondation-itaka-escolapios-province-dafrique-centrale-au-complexe-scolaire-technique-calasane-de-bandjoun-cameroun\\\/#article\",\"isPartOf\":{\"@id\":\"https:\\\/\\\/www.itakaescolapios.org\\\/en\\\/2022\\\/05\\\/francais-visite-de-lequipe-operationnelle-de-la-fondation-itaka-escolapios-province-dafrique-centrale-au-complexe-scolaire-technique-calasane-de-bandjoun-cameroun\\\/\"},\"author\":{\"name\":\"cameroun01\",\"@id\":\"https:\\\/\\\/www.itakaescolapios.org\\\/es\\\/#\\\/schema\\\/person\\\/d2844383e29bfdfef69039672ce14eb1\"},\"headline\":\"No title\",\"datePublished\":\"2022-05-05T20:57:24+00:00\",\"dateModified\":\"2023-11-28T11:35:46+00:00\",\"mainEntityOfPage\":{\"@id\":\"https:\\\/\\\/www.itakaescolapios.org\\\/en\\\/2022\\\/05\\\/francais-visite-de-lequipe-operationnelle-de-la-fondation-itaka-escolapios-province-dafrique-centrale-au-complexe-scolaire-technique-calasane-de-bandjoun-cameroun\\\/\"},\"wordCount\":171,\"publisher\":{\"@id\":\"https:\\\/\\\/www.itakaescolapios.org\\\/es\\\/#organization\"},\"image\":{\"@id\":\"https:\\\/\\\/www.itakaescolapios.org\\\/en\\\/2022\\\/05\\\/francais-visite-de-lequipe-operationnelle-de-la-fondation-itaka-escolapios-province-dafrique-centrale-au-complexe-scolaire-technique-calasane-de-bandjoun-cameroun\\\/#primaryimage\"},\"thumbnailUrl\":\"https:\\\/\\\/www.itakaescolapios.org\\\/wp-content\\\/uploads\\\/2022\\\/05\\\/20220505_091656-scaled.jpg\",\"articleSection\":[\"Central Africa\",\"Cameroon\"],\"inLanguage\":\"en-US\"},{\"@type\":\"WebPage\",\"@id\":\"https:\\\/\\\/www.itakaescolapios.org\\\/en\\\/2022\\\/05\\\/francais-visite-de-lequipe-operationnelle-de-la-fondation-itaka-escolapios-province-dafrique-centrale-au-complexe-scolaire-technique-calasane-de-bandjoun-cameroun\\\/\",\"url\":\"https:\\\/\\\/www.itakaescolapios.org\\\/en\\\/2022\\\/05\\\/francais-visite-de-lequipe-operationnelle-de-la-fondation-itaka-escolapios-province-dafrique-centrale-au-complexe-scolaire-technique-calasane-de-bandjoun-cameroun\\\/\",\"name\":\"- Proofs in Itaka-Escolapios\",\"isPartOf\":{\"@id\":\"https:\\\/\\\/www.itakaescolapios.org\\\/es\\\/#website\"},\"primaryImageOfPage\":{\"@id\":\"https:\\\/\\\/www.itakaescolapios.org\\\/en\\\/2022\\\/05\\\/francais-visite-de-lequipe-operationnelle-de-la-fondation-itaka-escolapios-province-dafrique-centrale-au-complexe-scolaire-technique-calasane-de-bandjoun-cameroun\\\/#primaryimage\"},\"image\":{\"@id\":\"https:\\\/\\\/www.itakaescolapios.org\\\/en\\\/2022\\\/05\\\/francais-visite-de-lequipe-operationnelle-de-la-fondation-itaka-escolapios-province-dafrique-centrale-au-complexe-scolaire-technique-calasane-de-bandjoun-cameroun\\\/#primaryimage\"},\"thumbnailUrl\":\"https:\\\/\\\/www.itakaescolapios.org\\\/wp-content\\\/uploads\\\/2022\\\/05\\\/20220505_091656-scaled.jpg\",\"datePublished\":\"2022-05-05T20:57:24+00:00\",\"dateModified\":\"2023-11-28T11:35:46+00:00\",\"inLanguage\":\"en-US\",\"potentialAction\":[{\"@type\":\"ReadAction\",\"target\":[\"https:\\\/\\\/www.itakaescolapios.org\\\/en\\\/2022\\\/05\\\/francais-visite-de-lequipe-operationnelle-de-la-fondation-itaka-escolapios-province-dafrique-centrale-au-complexe-scolaire-technique-calasane-de-bandjoun-cameroun\\\/\"]}]},{\"@type\":\"ImageObject\",\"inLanguage\":\"en-US\",\"@id\":\"https:\\\/\\\/www.itakaescolapios.org\\\/en\\\/2022\\\/05\\\/francais-visite-de-lequipe-operationnelle-de-la-fondation-itaka-escolapios-province-dafrique-centrale-au-complexe-scolaire-technique-calasane-de-bandjoun-cameroun\\\/#primaryimage\",\"url\":\"https:\\\/\\\/www.itakaescolapios.org\\\/wp-content\\\/uploads\\\/2022\\\/05\\\/20220505_091656-scaled.jpg\",\"contentUrl\":\"https:\\\/\\\/www.itakaescolapios.org\\\/wp-content\\\/uploads\\\/2022\\\/05\\\/20220505_091656-scaled.jpg\",\"width\":2000,\"height\":1500},{\"@type\":\"WebSite\",\"@id\":\"https:\\\/\\\/www.itakaescolapios.org\\\/en\\\/es\\\/#website\",\"url\":\"https:\\\/\\\/www.itakaescolapios.org\\\/en\\\/es\\\/\",\"name\":\"Itaka-Escolapios\",\"description\":\"Red de Itaka-Escolapios\",\"publisher\":{\"@id\":\"https:\\\/\\\/www.itakaescolapios.org\\\/en\\\/es\\\/#organization\"},\"potentialAction\":[{\"@type\":\"SearchAction\",\"target\":{\"@type\":\"EntryPoint\",\"urlTemplate\":\"https:\\\/\\\/www.itakaescolapios.org\\\/en\\\/es\\\/?s={search_term_string}\"},\"query-input\":{\"@type\":\"PropertyValueSpecification\",\"valueRequired\":true,\"valueName\":\"search_term_string\"}}],\"inLanguage\":\"en-US\"},{\"@type\":\"Organization\",\"@id\":\"https:\\\/\\\/www.itakaescolapios.org\\\/en\\\/es\\\/#organization\",\"name\":\"Fundaci\u00f3 Itaka-Escolapios\",\"url\":\"https:\\\/\\\/www.itakaescolapios.org\\\/en\\\/es\\\/\",\"logo\":{\"@type\":\"ImageObject\",\"inLanguage\":\"en-US\",\"@id\":\"https:\\\/\\\/www.itakaescolapios.org\\\/en\\\/es\\\/#\\\/schema\\\/logo\\\/image\\\/\",\"url\":\"https:\\\/\\\/www.itakaescolapios.org\\\/wp-content\\\/uploads\\\/2024\\\/04\\\/Logo-itakaescolapios-peque.png\",\"contentUrl\":\"https:\\\/\\\/www.itakaescolapios.org\\\/wp-content\\\/uploads\\\/2024\\\/04\\\/Logo-itakaescolapios-peque.png\",\"width\":500,\"height\":199,\"caption\":\"Fundaci\u00f3 Itaka-Escolapios\"},\"image\":{\"@id\":\"https:\\\/\\\/www.itakaescolapios.org\\\/en\\\/es\\\/#\\\/schema\\\/logo\\\/image\\\/\"}},{\"@type\":\"Person\",\"@id\":\"https:\\\/\\\/www.itakaescolapios.org\\\/es\\\/#\\\/schema\\\/person\\\/d2844383e29bfdfef69039672ce14eb1\",\"name\":\"cameroun01\",\"url\":\"https:\\\/\\\/www.itakaescolapios.org\\\/en\\\/author\\\/cameroun01\\\/\"}]}<\/script>\n<!-- \/ Yoast SEO plugin. -->","yoast_head_json":{"title":"- Proofs in Itaka-Escolapios","description":"[:fr]Ce jeudi 05 mai, a eu dans l'enceinte du coll\u00e8ge technique Saint Joseph Calasanz de Bandjoun ( Cameroun ), une visite de l'\u00e9quipe op\u00e9rationnelle de la fondation ITAKA Escolapios province d'Afrique Centrale en vue de faire une \u00e9valuation du second trimestre et savoir ce qu'il en est de la reprise du troisi\u00e8me et dernier trimestre.&hellip;","robots":{"index":"index","follow":"follow","max-snippet":"max-snippet:-1","max-image-preview":"max-image-preview:large","max-video-preview":"max-video-preview:-1"},"canonical":"[:fr]Ce jeudi 05 mai, a eu dans l'enceinte du coll\u00e8ge technique Saint Joseph Calasanz de Bandjoun ( Cameroun ), une visite de l'\u00e9quipe op\u00e9rationnelle de la fondation ITAKA Escolapios province d'Afrique Centrale en vue de faire une \u00e9valuation du second trimestre et savoir ce qu'il en est de la reprise du troisi\u00e8me et dernier trimestre.&hellip;","og_locale":"en_US","og_type":"article","og_title":"- Proofs in Itaka-Escolapios","og_description":"[:fr]Ce jeudi 05 mai, a eu dans l'enceinte du coll\u00e8ge technique Saint Joseph Calasanz de Bandjoun ( Cameroun ), une visite de l'\u00e9quipe op\u00e9rationnelle de la fondation ITAKA Escolapios province d'Afrique Centrale en vue de faire une \u00e9valuation du second trimestre et savoir ce qu'il en est de la reprise du troisi\u00e8me et dernier trimestre.&hellip;","og_url":"https:\/\/www.itakaescolapios.org\/en\/2022\/05\/francais-visite-de-lequipe-operationnelle-de-la-fondation-itaka-escolapios-province-dafrique-centrale-au-complexe-scolaire-technique-calasane-de-bandjoun-cameroun\/","og_site_name":"Proofs in Itaka-Escolapios","article_published_time":"2022-05-05T20:57:24+00:00","article_modified_time":"2023-11-28T11:35:46+00:00","og_image":[{"width":2000,"height":1500,"url":"https:\/\/www.itakaescolapios.org\/wp-content\/uploads\/2022\/05\/20220505_091656-scaled.jpg","type":"image\/jpeg"}],"author":"cameroun01","twitter_card":"summary_large_image","twitter_misc":{"Written by":"cameroun01","Est. reading time":"1 minute"},"schema":{"@context":"https:\/\/schema.org","@graph":[{"@type":"Article","@id":"https:\/\/www.itakaescolapios.org\/en\/2022\/05\/francais-visite-de-lequipe-operationnelle-de-la-fondation-itaka-escolapios-province-dafrique-centrale-au-complexe-scolaire-technique-calasane-de-bandjoun-cameroun\/#article","isPartOf":{"@id":"https:\/\/www.itakaescolapios.org\/en\/2022\/05\/francais-visite-de-lequipe-operationnelle-de-la-fondation-itaka-escolapios-province-dafrique-centrale-au-complexe-scolaire-technique-calasane-de-bandjoun-cameroun\/"},"author":{"name":"cameroun01","@id":"https:\/\/www.itakaescolapios.org\/es\/#\/schema\/person\/d2844383e29bfdfef69039672ce14eb1"},"headline":"No title","datePublished":"2022-05-05T20:57:24+00:00","dateModified":"2023-11-28T11:35:46+00:00","mainEntityOfPage":{"@id":"https:\/\/www.itakaescolapios.org\/en\/2022\/05\/francais-visite-de-lequipe-operationnelle-de-la-fondation-itaka-escolapios-province-dafrique-centrale-au-complexe-scolaire-technique-calasane-de-bandjoun-cameroun\/"},"wordCount":171,"publisher":{"@id":"https:\/\/www.itakaescolapios.org\/es\/#organization"},"image":{"@id":"https:\/\/www.itakaescolapios.org\/en\/2022\/05\/francais-visite-de-lequipe-operationnelle-de-la-fondation-itaka-escolapios-province-dafrique-centrale-au-complexe-scolaire-technique-calasane-de-bandjoun-cameroun\/#primaryimage"},"thumbnailUrl":"https:\/\/www.itakaescolapios.org\/wp-content\/uploads\/2022\/05\/20220505_091656-scaled.jpg","articleSection":["Central Africa","Cameroon"],"inLanguage":"en-US"},{"@type":"WebPage","@id":"https:\/\/www.itakaescolapios.org\/en\/2022\/05\/francais-visite-de-lequipe-operationnelle-de-la-fondation-itaka-escolapios-province-dafrique-centrale-au-complexe-scolaire-technique-calasane-de-bandjoun-cameroun\/","url":"https:\/\/www.itakaescolapios.org\/en\/2022\/05\/francais-visite-de-lequipe-operationnelle-de-la-fondation-itaka-escolapios-province-dafrique-centrale-au-complexe-scolaire-technique-calasane-de-bandjoun-cameroun\/","name":"- Proofs in Itaka-Escolapios","isPartOf":{"@id":"https:\/\/www.itakaescolapios.org\/es\/#website"},"primaryImageOfPage":{"@id":"https:\/\/www.itakaescolapios.org\/en\/2022\/05\/francais-visite-de-lequipe-operationnelle-de-la-fondation-itaka-escolapios-province-dafrique-centrale-au-complexe-scolaire-technique-calasane-de-bandjoun-cameroun\/#primaryimage"},"image":{"@id":"https:\/\/www.itakaescolapios.org\/en\/2022\/05\/francais-visite-de-lequipe-operationnelle-de-la-fondation-itaka-escolapios-province-dafrique-centrale-au-complexe-scolaire-technique-calasane-de-bandjoun-cameroun\/#primaryimage"},"thumbnailUrl":"https:\/\/www.itakaescolapios.org\/wp-content\/uploads\/2022\/05\/20220505_091656-scaled.jpg","datePublished":"2022-05-05T20:57:24+00:00","dateModified":"2023-11-28T11:35:46+00:00","inLanguage":"en-US","potentialAction":[{"@type":"ReadAction","target":["https:\/\/www.itakaescolapios.org\/en\/2022\/05\/francais-visite-de-lequipe-operationnelle-de-la-fondation-itaka-escolapios-province-dafrique-centrale-au-complexe-scolaire-technique-calasane-de-bandjoun-cameroun\/"]}]},{"@type":"ImageObject","inLanguage":"en-US","@id":"https:\/\/www.itakaescolapios.org\/en\/2022\/05\/francais-visite-de-lequipe-operationnelle-de-la-fondation-itaka-escolapios-province-dafrique-centrale-au-complexe-scolaire-technique-calasane-de-bandjoun-cameroun\/#primaryimage","url":"https:\/\/www.itakaescolapios.org\/wp-content\/uploads\/2022\/05\/20220505_091656-scaled.jpg","contentUrl":"https:\/\/www.itakaescolapios.org\/wp-content\/uploads\/2022\/05\/20220505_091656-scaled.jpg","width":2000,"height":1500},{"@type":"WebSite","@id":"https:\/\/www.itakaescolapios.org\/en\/es\/#website","url":"https:\/\/www.itakaescolapios.org\/en\/es\/","name":"Itaka-Escolapios","description":"Red de Itaka-Escolapios","publisher":{"@id":"https:\/\/www.itakaescolapios.org\/en\/es\/#organization"},"potentialAction":[{"@type":"SearchAction","target":{"@type":"EntryPoint","urlTemplate":"https:\/\/www.itakaescolapios.org\/en\/es\/?s={search_term_string}"},"query-input":{"@type":"PropertyValueSpecification","valueRequired":true,"valueName":"search_term_string"}}],"inLanguage":"en-US"},{"@type":"Organization","@id":"https:\/\/www.itakaescolapios.org\/en\/es\/#organization","name":"Fundaci\u00f3 Itaka-Escolapios","url":"https:\/\/www.itakaescolapios.org\/en\/es\/","logo":{"@type":"ImageObject","inLanguage":"en-US","@id":"https:\/\/www.itakaescolapios.org\/en\/es\/#\/schema\/logo\/image\/","url":"https:\/\/www.itakaescolapios.org\/wp-content\/uploads\/2024\/04\/Logo-itakaescolapios-peque.png","contentUrl":"https:\/\/www.itakaescolapios.org\/wp-content\/uploads\/2024\/04\/Logo-itakaescolapios-peque.png","width":500,"height":199,"caption":"Fundaci\u00f3 Itaka-Escolapios"},"image":{"@id":"https:\/\/www.itakaescolapios.org\/en\/es\/#\/schema\/logo\/image\/"}},{"@type":"Person","@id":"https:\/\/www.itakaescolapios.org\/es\/#\/schema\/person\/d2844383e29bfdfef69039672ce14eb1","name":"cameroun01","url":"https:\/\/www.itakaescolapios.org\/en\/author\/cameroun01\/"}]}},"_links":{"self":[{"href":"https:\/\/www.itakaescolapios.org\/en\/wp-json\/wp\/v2\/posts\/36697","targetHints":{"allow":["GET"]}}],"collection":[{"href":"https:\/\/www.itakaescolapios.org\/en\/wp-json\/wp\/v2\/posts"}],"about":[{"href":"https:\/\/www.itakaescolapios.org\/en\/wp-json\/wp\/v2\/types\/post"}],"author":[{"embeddable":true,"href":"https:\/\/www.itakaescolapios.org\/en\/wp-json\/wp\/v2\/users\/15"}],"replies":[{"embeddable":true,"href":"https:\/\/www.itakaescolapios.org\/en\/wp-json\/wp\/v2\/comments?post=36697"}],"version-history":[{"count":3,"href":"https:\/\/www.itakaescolapios.org\/en\/wp-json\/wp\/v2\/posts\/36697\/revisions"}],"predecessor-version":[{"id":43946,"href":"https:\/\/www.itakaescolapios.org\/en\/wp-json\/wp\/v2\/posts\/36697\/revisions\/43946"}],"wp:featuredmedia":[{"embeddable":true,"href":"https:\/\/www.itakaescolapios.org\/en\/wp-json\/wp\/v2\/media\/36700"}],"wp:attachment":[{"href":"https:\/\/www.itakaescolapios.org\/en\/wp-json\/wp\/v2\/media?parent=36697"}],"wp:term":[{"taxonomy":"category","embeddable":true,"href":"https:\/\/www.itakaescolapios.org\/en\/wp-json\/wp\/v2\/categories?post=36697"},{"taxonomy":"post_tag","embeddable":true,"href":"https:\/\/www.itakaescolapios.org\/en\/wp-json\/wp\/v2\/tags?post=36697"}],"curies":[{"name":"wp","href":"https:\/\/api.w.org\/{rel}","templated":true}]}}