{"id":36992,"date":"2022-06-10T15:50:25","date_gmt":"2022-06-10T14:50:25","guid":{"rendered":"https:\/\/www.itakaescolapios.org\/?p=36992"},"modified":"2023-11-28T12:35:45","modified_gmt":"2023-11-28T11:35:45","slug":"francais-fete-de-fin-dannee-academique-2021-2022-au-complexe-scolaire-calasanz-de-malibe-i-gabon","status":"publish","type":"post","link":"https:\/\/www.itakaescolapios.org\/en\/2022\/06\/francais-fete-de-fin-dannee-academique-2021-2022-au-complexe-scolaire-calasanz-de-malibe-i-gabon\/","title":{"rendered":""},"content":{"rendered":"<p>[:fr]Ce vendredi 10 juin 2022 a eu lieu au Complexe Scolaire Calasanz de Malib\u00e9 1 (Gabon), la cl\u00f4ture des activit\u00e9s de l\u2019ann\u00e9e acad\u00e9mique 2021-2022 pour le primaire. Tout a d\u00e9but\u00e9 avec une messe de cl\u00f4ture, suivi de la s\u00e9ance photo, puis un repas de famille. Apr\u00e8s ces diff\u00e9rentes activit\u00e9s nous nous sommes s\u00e9par\u00e9s avec beaucoup de joie. Rendez-vous l\u2019ann\u00e9e prochaine pour une nouvelle ann\u00e9e scolaire pleine de joie, d\u2019amour de paix et surtout de partage de connaissances.<\/p>\n<p><img decoding=\"async\" class=\"size-full wp-image-36993 aligncenter\" src=\"https:\/\/www.itakaescolapios.org\/wp-content\/uploads\/2022\/06\/IMG-20220610-WA0102.jpg\" alt=\"\" width=\"1280\" height=\"853\" srcset=\"https:\/\/www.itakaescolapios.org\/wp-content\/uploads\/2022\/06\/IMG-20220610-WA0102.jpg 1280w, https:\/\/www.itakaescolapios.org\/wp-content\/uploads\/2022\/06\/IMG-20220610-WA0102-300x200.jpg 300w, https:\/\/www.itakaescolapios.org\/wp-content\/uploads\/2022\/06\/IMG-20220610-WA0102-1024x682.jpg 1024w, https:\/\/www.itakaescolapios.org\/wp-content\/uploads\/2022\/06\/IMG-20220610-WA0102-768x512.jpg 768w, https:\/\/www.itakaescolapios.org\/wp-content\/uploads\/2022\/06\/IMG-20220610-WA0102-250x167.jpg 250w, https:\/\/www.itakaescolapios.org\/wp-content\/uploads\/2022\/06\/IMG-20220610-WA0102-1080x720.jpg 1080w\" sizes=\"(max-width: 1280px) 100vw, 1280px\" \/><\/p>\n<p><img decoding=\"async\" class=\"size-full wp-image-36994 aligncenter\" src=\"https:\/\/www.itakaescolapios.org\/wp-content\/uploads\/2022\/06\/IMG-20220610-WA0097.jpg\" alt=\"\" width=\"996\" height=\"664\" srcset=\"https:\/\/www.itakaescolapios.org\/wp-content\/uploads\/2022\/06\/IMG-20220610-WA0097.jpg 996w, https:\/\/www.itakaescolapios.org\/wp-content\/uploads\/2022\/06\/IMG-20220610-WA0097-300x200.jpg 300w, https:\/\/www.itakaescolapios.org\/wp-content\/uploads\/2022\/06\/IMG-20220610-WA0097-768x512.jpg 768w, https:\/\/www.itakaescolapios.org\/wp-content\/uploads\/2022\/06\/IMG-20220610-WA0097-250x167.jpg 250w\" sizes=\"(max-width: 996px) 100vw, 996px\" \/>[:]<\/p>\n","protected":false},"excerpt":{"rendered":"<p>[:fr]Ce vendredi 10 juin 2022 a eu lieu au Complexe Scolaire Calasanz de Malib\u00e9 1 (Gabon), la cl\u00f4ture des activit\u00e9s de l\u2019ann\u00e9e acad\u00e9mique 2021-2022 pour le primaire. Tout a d\u00e9but\u00e9 [&hellip;]<\/p>\n","protected":false},"author":15,"featured_media":36993,"comment_status":"closed","ping_status":"closed","sticky":false,"template":"","format":"standard","meta":{"_et_pb_use_builder":"","_et_pb_old_content":"","_et_gb_content_width":"","footnotes":""},"categories":[53,285],"tags":[],"class_list":["post-36992","post","type-post","status-publish","format-standard","has-post-thumbnail","hentry","category-africa-central","category-gabon"],"yoast_head":"<!-- This site is optimized with the Yoast SEO plugin v27.4 - https:\/\/yoast.com\/product\/yoast-seo-wordpress\/ -->\n<title>- Proofs in Itaka-Escolapios<\/title>\n<meta name=\"description\" content=\"[:fr]Ce vendredi 10 juin 2022 a eu lieu au Complexe Scolaire Calasanz de Malib\u00e9 1 (Gabon), la cl\u00f4ture des activit\u00e9s de l\u2019ann\u00e9e acad\u00e9mique 2021-2022 pour le primaire. Tout a d\u00e9but\u00e9 avec une messe de cl\u00f4ture, suivi de la s\u00e9ance photo, puis un repas de famille. Apr\u00e8s ces diff\u00e9rentes activit\u00e9s nous nous sommes s\u00e9par\u00e9s avec beaucoup&hellip;\" \/>\n<meta name=\"robots\" content=\"index, follow, max-snippet:-1, max-image-preview:large, max-video-preview:-1\" \/>\n<link rel=\"canonical\" href=\"\" \/>\n<meta property=\"og:locale\" content=\"en_US\" \/>\n<meta property=\"og:type\" content=\"article\" \/>\n<meta property=\"og:title\" content=\"- Proofs in Itaka-Escolapios\" \/>\n<meta property=\"og:description\" content=\"[:fr]Ce vendredi 10 juin 2022 a eu lieu au Complexe Scolaire Calasanz de Malib\u00e9 1 (Gabon), la cl\u00f4ture des activit\u00e9s de l\u2019ann\u00e9e acad\u00e9mique 2021-2022 pour le primaire. Tout a d\u00e9but\u00e9 avec une messe de cl\u00f4ture, suivi de la s\u00e9ance photo, puis un repas de famille. Apr\u00e8s ces diff\u00e9rentes activit\u00e9s nous nous sommes s\u00e9par\u00e9s avec beaucoup&hellip;\" \/>\n<meta property=\"og:url\" content=\"https:\/\/www.itakaescolapios.org\/en\/2022\/06\/francais-fete-de-fin-dannee-academique-2021-2022-au-complexe-scolaire-calasanz-de-malibe-i-gabon\/\" \/>\n<meta property=\"og:site_name\" content=\"Proofs in Itaka-Escolapios\" \/>\n<meta property=\"article:published_time\" content=\"2022-06-10T14:50:25+00:00\" \/>\n<meta property=\"article:modified_time\" content=\"2023-11-28T11:35:45+00:00\" \/>\n<meta property=\"og:image\" content=\"https:\/\/www.itakaescolapios.org\/wp-content\/uploads\/2022\/06\/IMG-20220610-WA0102.jpg\" \/>\n\t<meta property=\"og:image:width\" content=\"1280\" \/>\n\t<meta property=\"og:image:height\" content=\"853\" \/>\n\t<meta property=\"og:image:type\" content=\"image\/jpeg\" \/>\n<meta name=\"author\" content=\"cameroun01\" \/>\n<meta name=\"twitter:card\" content=\"summary_large_image\" \/>\n<meta name=\"twitter:label1\" content=\"Written by\" \/>\n\t<meta name=\"twitter:data1\" content=\"cameroun01\" \/>\n<script type=\"application\/ld+json\" class=\"yoast-schema-graph\">{\"@context\":\"https:\\\/\\\/schema.org\",\"@graph\":[{\"@type\":\"Article\",\"@id\":\"https:\\\/\\\/www.itakaescolapios.org\\\/en\\\/2022\\\/06\\\/francais-fete-de-fin-dannee-academique-2021-2022-au-complexe-scolaire-calasanz-de-malibe-i-gabon\\\/#article\",\"isPartOf\":{\"@id\":\"https:\\\/\\\/www.itakaescolapios.org\\\/en\\\/2022\\\/06\\\/francais-fete-de-fin-dannee-academique-2021-2022-au-complexe-scolaire-calasanz-de-malibe-i-gabon\\\/\"},\"author\":{\"name\":\"cameroun01\",\"@id\":\"https:\\\/\\\/www.itakaescolapios.org\\\/es\\\/#\\\/schema\\\/person\\\/d2844383e29bfdfef69039672ce14eb1\"},\"headline\":\"No title\",\"datePublished\":\"2022-06-10T14:50:25+00:00\",\"dateModified\":\"2023-11-28T11:35:45+00:00\",\"mainEntityOfPage\":{\"@id\":\"https:\\\/\\\/www.itakaescolapios.org\\\/en\\\/2022\\\/06\\\/francais-fete-de-fin-dannee-academique-2021-2022-au-complexe-scolaire-calasanz-de-malibe-i-gabon\\\/\"},\"wordCount\":92,\"publisher\":{\"@id\":\"https:\\\/\\\/www.itakaescolapios.org\\\/es\\\/#organization\"},\"image\":{\"@id\":\"https:\\\/\\\/www.itakaescolapios.org\\\/en\\\/2022\\\/06\\\/francais-fete-de-fin-dannee-academique-2021-2022-au-complexe-scolaire-calasanz-de-malibe-i-gabon\\\/#primaryimage\"},\"thumbnailUrl\":\"https:\\\/\\\/www.itakaescolapios.org\\\/wp-content\\\/uploads\\\/2022\\\/06\\\/IMG-20220610-WA0102.jpg\",\"articleSection\":[\"Central Africa\",\"Gab\u00f3n\"],\"inLanguage\":\"en-US\"},{\"@type\":\"WebPage\",\"@id\":\"https:\\\/\\\/www.itakaescolapios.org\\\/en\\\/2022\\\/06\\\/francais-fete-de-fin-dannee-academique-2021-2022-au-complexe-scolaire-calasanz-de-malibe-i-gabon\\\/\",\"url\":\"https:\\\/\\\/www.itakaescolapios.org\\\/en\\\/2022\\\/06\\\/francais-fete-de-fin-dannee-academique-2021-2022-au-complexe-scolaire-calasanz-de-malibe-i-gabon\\\/\",\"name\":\"- Proofs in Itaka-Escolapios\",\"isPartOf\":{\"@id\":\"https:\\\/\\\/www.itakaescolapios.org\\\/es\\\/#website\"},\"primaryImageOfPage\":{\"@id\":\"https:\\\/\\\/www.itakaescolapios.org\\\/en\\\/2022\\\/06\\\/francais-fete-de-fin-dannee-academique-2021-2022-au-complexe-scolaire-calasanz-de-malibe-i-gabon\\\/#primaryimage\"},\"image\":{\"@id\":\"https:\\\/\\\/www.itakaescolapios.org\\\/en\\\/2022\\\/06\\\/francais-fete-de-fin-dannee-academique-2021-2022-au-complexe-scolaire-calasanz-de-malibe-i-gabon\\\/#primaryimage\"},\"thumbnailUrl\":\"https:\\\/\\\/www.itakaescolapios.org\\\/wp-content\\\/uploads\\\/2022\\\/06\\\/IMG-20220610-WA0102.jpg\",\"datePublished\":\"2022-06-10T14:50:25+00:00\",\"dateModified\":\"2023-11-28T11:35:45+00:00\",\"inLanguage\":\"en-US\",\"potentialAction\":[{\"@type\":\"ReadAction\",\"target\":[\"https:\\\/\\\/www.itakaescolapios.org\\\/en\\\/2022\\\/06\\\/francais-fete-de-fin-dannee-academique-2021-2022-au-complexe-scolaire-calasanz-de-malibe-i-gabon\\\/\"]}]},{\"@type\":\"ImageObject\",\"inLanguage\":\"en-US\",\"@id\":\"https:\\\/\\\/www.itakaescolapios.org\\\/en\\\/2022\\\/06\\\/francais-fete-de-fin-dannee-academique-2021-2022-au-complexe-scolaire-calasanz-de-malibe-i-gabon\\\/#primaryimage\",\"url\":\"https:\\\/\\\/www.itakaescolapios.org\\\/wp-content\\\/uploads\\\/2022\\\/06\\\/IMG-20220610-WA0102.jpg\",\"contentUrl\":\"https:\\\/\\\/www.itakaescolapios.org\\\/wp-content\\\/uploads\\\/2022\\\/06\\\/IMG-20220610-WA0102.jpg\",\"width\":1280,\"height\":853},{\"@type\":\"WebSite\",\"@id\":\"https:\\\/\\\/www.itakaescolapios.org\\\/en\\\/es\\\/#website\",\"url\":\"https:\\\/\\\/www.itakaescolapios.org\\\/en\\\/es\\\/\",\"name\":\"Itaka-Escolapios\",\"description\":\"Red de Itaka-Escolapios\",\"publisher\":{\"@id\":\"https:\\\/\\\/www.itakaescolapios.org\\\/en\\\/es\\\/#organization\"},\"potentialAction\":[{\"@type\":\"SearchAction\",\"target\":{\"@type\":\"EntryPoint\",\"urlTemplate\":\"https:\\\/\\\/www.itakaescolapios.org\\\/en\\\/es\\\/?s={search_term_string}\"},\"query-input\":{\"@type\":\"PropertyValueSpecification\",\"valueRequired\":true,\"valueName\":\"search_term_string\"}}],\"inLanguage\":\"en-US\"},{\"@type\":\"Organization\",\"@id\":\"https:\\\/\\\/www.itakaescolapios.org\\\/en\\\/es\\\/#organization\",\"name\":\"Fundaci\u00f3 Itaka-Escolapios\",\"url\":\"https:\\\/\\\/www.itakaescolapios.org\\\/en\\\/es\\\/\",\"logo\":{\"@type\":\"ImageObject\",\"inLanguage\":\"en-US\",\"@id\":\"https:\\\/\\\/www.itakaescolapios.org\\\/en\\\/es\\\/#\\\/schema\\\/logo\\\/image\\\/\",\"url\":\"https:\\\/\\\/www.itakaescolapios.org\\\/wp-content\\\/uploads\\\/2024\\\/04\\\/Logo-itakaescolapios-peque.png\",\"contentUrl\":\"https:\\\/\\\/www.itakaescolapios.org\\\/wp-content\\\/uploads\\\/2024\\\/04\\\/Logo-itakaescolapios-peque.png\",\"width\":500,\"height\":199,\"caption\":\"Fundaci\u00f3 Itaka-Escolapios\"},\"image\":{\"@id\":\"https:\\\/\\\/www.itakaescolapios.org\\\/en\\\/es\\\/#\\\/schema\\\/logo\\\/image\\\/\"}},{\"@type\":\"Person\",\"@id\":\"https:\\\/\\\/www.itakaescolapios.org\\\/es\\\/#\\\/schema\\\/person\\\/d2844383e29bfdfef69039672ce14eb1\",\"name\":\"cameroun01\",\"url\":\"https:\\\/\\\/www.itakaescolapios.org\\\/en\\\/author\\\/cameroun01\\\/\"}]}<\/script>\n<!-- \/ Yoast SEO plugin. -->","yoast_head_json":{"title":"- Proofs in Itaka-Escolapios","description":"[:fr]Ce vendredi 10 juin 2022 a eu lieu au Complexe Scolaire Calasanz de Malib\u00e9 1 (Gabon), la cl\u00f4ture des activit\u00e9s de l\u2019ann\u00e9e acad\u00e9mique 2021-2022 pour le primaire. Tout a d\u00e9but\u00e9 avec une messe de cl\u00f4ture, suivi de la s\u00e9ance photo, puis un repas de famille. Apr\u00e8s ces diff\u00e9rentes activit\u00e9s nous nous sommes s\u00e9par\u00e9s avec beaucoup&hellip;","robots":{"index":"index","follow":"follow","max-snippet":"max-snippet:-1","max-image-preview":"max-image-preview:large","max-video-preview":"max-video-preview:-1"},"canonical":"[:fr]Ce vendredi 10 juin 2022 a eu lieu au Complexe Scolaire Calasanz de Malib\u00e9 1 (Gabon), la cl\u00f4ture des activit\u00e9s de l\u2019ann\u00e9e acad\u00e9mique 2021-2022 pour le primaire. Tout a d\u00e9but\u00e9 avec une messe de cl\u00f4ture, suivi de la s\u00e9ance photo, puis un repas de famille. Apr\u00e8s ces diff\u00e9rentes activit\u00e9s nous nous sommes s\u00e9par\u00e9s avec beaucoup&hellip;","og_locale":"en_US","og_type":"article","og_title":"- Proofs in Itaka-Escolapios","og_description":"[:fr]Ce vendredi 10 juin 2022 a eu lieu au Complexe Scolaire Calasanz de Malib\u00e9 1 (Gabon), la cl\u00f4ture des activit\u00e9s de l\u2019ann\u00e9e acad\u00e9mique 2021-2022 pour le primaire. Tout a d\u00e9but\u00e9 avec une messe de cl\u00f4ture, suivi de la s\u00e9ance photo, puis un repas de famille. Apr\u00e8s ces diff\u00e9rentes activit\u00e9s nous nous sommes s\u00e9par\u00e9s avec beaucoup&hellip;","og_url":"https:\/\/www.itakaescolapios.org\/en\/2022\/06\/francais-fete-de-fin-dannee-academique-2021-2022-au-complexe-scolaire-calasanz-de-malibe-i-gabon\/","og_site_name":"Proofs in Itaka-Escolapios","article_published_time":"2022-06-10T14:50:25+00:00","article_modified_time":"2023-11-28T11:35:45+00:00","og_image":[{"width":1280,"height":853,"url":"https:\/\/www.itakaescolapios.org\/wp-content\/uploads\/2022\/06\/IMG-20220610-WA0102.jpg","type":"image\/jpeg"}],"author":"cameroun01","twitter_card":"summary_large_image","twitter_misc":{"Written by":"cameroun01"},"schema":{"@context":"https:\/\/schema.org","@graph":[{"@type":"Article","@id":"https:\/\/www.itakaescolapios.org\/en\/2022\/06\/francais-fete-de-fin-dannee-academique-2021-2022-au-complexe-scolaire-calasanz-de-malibe-i-gabon\/#article","isPartOf":{"@id":"https:\/\/www.itakaescolapios.org\/en\/2022\/06\/francais-fete-de-fin-dannee-academique-2021-2022-au-complexe-scolaire-calasanz-de-malibe-i-gabon\/"},"author":{"name":"cameroun01","@id":"https:\/\/www.itakaescolapios.org\/es\/#\/schema\/person\/d2844383e29bfdfef69039672ce14eb1"},"headline":"No title","datePublished":"2022-06-10T14:50:25+00:00","dateModified":"2023-11-28T11:35:45+00:00","mainEntityOfPage":{"@id":"https:\/\/www.itakaescolapios.org\/en\/2022\/06\/francais-fete-de-fin-dannee-academique-2021-2022-au-complexe-scolaire-calasanz-de-malibe-i-gabon\/"},"wordCount":92,"publisher":{"@id":"https:\/\/www.itakaescolapios.org\/es\/#organization"},"image":{"@id":"https:\/\/www.itakaescolapios.org\/en\/2022\/06\/francais-fete-de-fin-dannee-academique-2021-2022-au-complexe-scolaire-calasanz-de-malibe-i-gabon\/#primaryimage"},"thumbnailUrl":"https:\/\/www.itakaescolapios.org\/wp-content\/uploads\/2022\/06\/IMG-20220610-WA0102.jpg","articleSection":["Central Africa","Gab\u00f3n"],"inLanguage":"en-US"},{"@type":"WebPage","@id":"https:\/\/www.itakaescolapios.org\/en\/2022\/06\/francais-fete-de-fin-dannee-academique-2021-2022-au-complexe-scolaire-calasanz-de-malibe-i-gabon\/","url":"https:\/\/www.itakaescolapios.org\/en\/2022\/06\/francais-fete-de-fin-dannee-academique-2021-2022-au-complexe-scolaire-calasanz-de-malibe-i-gabon\/","name":"- Proofs in Itaka-Escolapios","isPartOf":{"@id":"https:\/\/www.itakaescolapios.org\/es\/#website"},"primaryImageOfPage":{"@id":"https:\/\/www.itakaescolapios.org\/en\/2022\/06\/francais-fete-de-fin-dannee-academique-2021-2022-au-complexe-scolaire-calasanz-de-malibe-i-gabon\/#primaryimage"},"image":{"@id":"https:\/\/www.itakaescolapios.org\/en\/2022\/06\/francais-fete-de-fin-dannee-academique-2021-2022-au-complexe-scolaire-calasanz-de-malibe-i-gabon\/#primaryimage"},"thumbnailUrl":"https:\/\/www.itakaescolapios.org\/wp-content\/uploads\/2022\/06\/IMG-20220610-WA0102.jpg","datePublished":"2022-06-10T14:50:25+00:00","dateModified":"2023-11-28T11:35:45+00:00","inLanguage":"en-US","potentialAction":[{"@type":"ReadAction","target":["https:\/\/www.itakaescolapios.org\/en\/2022\/06\/francais-fete-de-fin-dannee-academique-2021-2022-au-complexe-scolaire-calasanz-de-malibe-i-gabon\/"]}]},{"@type":"ImageObject","inLanguage":"en-US","@id":"https:\/\/www.itakaescolapios.org\/en\/2022\/06\/francais-fete-de-fin-dannee-academique-2021-2022-au-complexe-scolaire-calasanz-de-malibe-i-gabon\/#primaryimage","url":"https:\/\/www.itakaescolapios.org\/wp-content\/uploads\/2022\/06\/IMG-20220610-WA0102.jpg","contentUrl":"https:\/\/www.itakaescolapios.org\/wp-content\/uploads\/2022\/06\/IMG-20220610-WA0102.jpg","width":1280,"height":853},{"@type":"WebSite","@id":"https:\/\/www.itakaescolapios.org\/en\/es\/#website","url":"https:\/\/www.itakaescolapios.org\/en\/es\/","name":"Itaka-Escolapios","description":"Red de Itaka-Escolapios","publisher":{"@id":"https:\/\/www.itakaescolapios.org\/en\/es\/#organization"},"potentialAction":[{"@type":"SearchAction","target":{"@type":"EntryPoint","urlTemplate":"https:\/\/www.itakaescolapios.org\/en\/es\/?s={search_term_string}"},"query-input":{"@type":"PropertyValueSpecification","valueRequired":true,"valueName":"search_term_string"}}],"inLanguage":"en-US"},{"@type":"Organization","@id":"https:\/\/www.itakaescolapios.org\/en\/es\/#organization","name":"Fundaci\u00f3 Itaka-Escolapios","url":"https:\/\/www.itakaescolapios.org\/en\/es\/","logo":{"@type":"ImageObject","inLanguage":"en-US","@id":"https:\/\/www.itakaescolapios.org\/en\/es\/#\/schema\/logo\/image\/","url":"https:\/\/www.itakaescolapios.org\/wp-content\/uploads\/2024\/04\/Logo-itakaescolapios-peque.png","contentUrl":"https:\/\/www.itakaescolapios.org\/wp-content\/uploads\/2024\/04\/Logo-itakaescolapios-peque.png","width":500,"height":199,"caption":"Fundaci\u00f3 Itaka-Escolapios"},"image":{"@id":"https:\/\/www.itakaescolapios.org\/en\/es\/#\/schema\/logo\/image\/"}},{"@type":"Person","@id":"https:\/\/www.itakaescolapios.org\/es\/#\/schema\/person\/d2844383e29bfdfef69039672ce14eb1","name":"cameroun01","url":"https:\/\/www.itakaescolapios.org\/en\/author\/cameroun01\/"}]}},"_links":{"self":[{"href":"https:\/\/www.itakaescolapios.org\/en\/wp-json\/wp\/v2\/posts\/36992","targetHints":{"allow":["GET"]}}],"collection":[{"href":"https:\/\/www.itakaescolapios.org\/en\/wp-json\/wp\/v2\/posts"}],"about":[{"href":"https:\/\/www.itakaescolapios.org\/en\/wp-json\/wp\/v2\/types\/post"}],"author":[{"embeddable":true,"href":"https:\/\/www.itakaescolapios.org\/en\/wp-json\/wp\/v2\/users\/15"}],"replies":[{"embeddable":true,"href":"https:\/\/www.itakaescolapios.org\/en\/wp-json\/wp\/v2\/comments?post=36992"}],"version-history":[{"count":3,"href":"https:\/\/www.itakaescolapios.org\/en\/wp-json\/wp\/v2\/posts\/36992\/revisions"}],"predecessor-version":[{"id":43901,"href":"https:\/\/www.itakaescolapios.org\/en\/wp-json\/wp\/v2\/posts\/36992\/revisions\/43901"}],"wp:featuredmedia":[{"embeddable":true,"href":"https:\/\/www.itakaescolapios.org\/en\/wp-json\/wp\/v2\/media\/36993"}],"wp:attachment":[{"href":"https:\/\/www.itakaescolapios.org\/en\/wp-json\/wp\/v2\/media?parent=36992"}],"wp:term":[{"taxonomy":"category","embeddable":true,"href":"https:\/\/www.itakaescolapios.org\/en\/wp-json\/wp\/v2\/categories?post=36992"},{"taxonomy":"post_tag","embeddable":true,"href":"https:\/\/www.itakaescolapios.org\/en\/wp-json\/wp\/v2\/tags?post=36992"}],"curies":[{"name":"wp","href":"https:\/\/api.w.org\/{rel}","templated":true}]}}