{"id":37210,"date":"2022-07-20T15:32:52","date_gmt":"2022-07-20T14:32:52","guid":{"rendered":"https:\/\/www.itakaescolapios.org\/?p=37210"},"modified":"2023-11-28T12:35:43","modified_gmt":"2023-11-28T11:35:43","slug":"francais-colonie-des-vacances-a-yaounde-au-cameroun","status":"publish","type":"post","link":"https:\/\/www.itakaescolapios.org\/en\/2022\/07\/francais-colonie-des-vacances-a-yaounde-au-cameroun\/","title":{"rendered":""},"content":{"rendered":"<p>[:fr]Comme dans les autres pr\u00e9sences piaristes d\u2019Afrique Centrale, \u00e0 Yaound\u00e9, au Cameroun, les colonies des vacances battent leur plein. Samedi dernier a eu lieu les \u00e9lections pr\u00e9sidentielles du Camp de vacance de Yaound\u00e9 Edition 2022. Aujourd\u2019hui, Les activit\u00e9s continuent de plus belle avec les s\u00e9minaires, les jeux, l\u2019apprentissage de quelques m\u00e9tiers de base (confection des accessoires \u00e0 partir des tissus et du carton, etc) et bien d\u2019autres. Nous avons commenc\u00e9 avec les activit\u00e9s le 11 juillet dernier et nous avons jusqu\u2019au 29 pour poursuivre nos activit\u00e9s autour du th\u00e8me \u00ab\u00a0pr\u00e8s de toi, pr\u00e8s de Calasanz, pr\u00e8s du Christ pour un monde meilleur\u00a0\u00bb.<\/p>\n<p><img decoding=\"async\" class=\"size-full wp-image-37213 aligncenter\" src=\"https:\/\/www.itakaescolapios.org\/wp-content\/uploads\/2022\/07\/WhatsApp-Image-2022-07-16-at-11.35.01.jpeg\" alt=\"\" width=\"960\" height=\"432\" srcset=\"https:\/\/www.itakaescolapios.org\/wp-content\/uploads\/2022\/07\/WhatsApp-Image-2022-07-16-at-11.35.01.jpeg 960w, https:\/\/www.itakaescolapios.org\/wp-content\/uploads\/2022\/07\/WhatsApp-Image-2022-07-16-at-11.35.01-300x135.jpeg 300w, https:\/\/www.itakaescolapios.org\/wp-content\/uploads\/2022\/07\/WhatsApp-Image-2022-07-16-at-11.35.01-768x346.jpeg 768w, https:\/\/www.itakaescolapios.org\/wp-content\/uploads\/2022\/07\/WhatsApp-Image-2022-07-16-at-11.35.01-250x113.jpeg 250w\" sizes=\"(max-width: 960px) 100vw, 960px\" \/><\/p>\n<p><img decoding=\"async\" class=\"size-full wp-image-37215 aligncenter\" src=\"https:\/\/www.itakaescolapios.org\/wp-content\/uploads\/2022\/07\/WhatsApp-Image-2022-07-16-at-11.34.54.jpeg\" alt=\"\" width=\"432\" height=\"960\" srcset=\"https:\/\/www.itakaescolapios.org\/wp-content\/uploads\/2022\/07\/WhatsApp-Image-2022-07-16-at-11.34.54.jpeg 432w, https:\/\/www.itakaescolapios.org\/wp-content\/uploads\/2022\/07\/WhatsApp-Image-2022-07-16-at-11.34.54-135x300.jpeg 135w, https:\/\/www.itakaescolapios.org\/wp-content\/uploads\/2022\/07\/WhatsApp-Image-2022-07-16-at-11.34.54-250x556.jpeg 250w\" sizes=\"(max-width: 432px) 100vw, 432px\" \/><\/p>\n<p><img decoding=\"async\" class=\"size-full wp-image-37216 aligncenter\" src=\"https:\/\/www.itakaescolapios.org\/wp-content\/uploads\/2022\/07\/WhatsApp-Image-2022-07-16-at-11.48.57.jpeg\" alt=\"\" width=\"720\" height=\"720\" srcset=\"https:\/\/www.itakaescolapios.org\/wp-content\/uploads\/2022\/07\/WhatsApp-Image-2022-07-16-at-11.48.57.jpeg 720w, https:\/\/www.itakaescolapios.org\/wp-content\/uploads\/2022\/07\/WhatsApp-Image-2022-07-16-at-11.48.57-300x300.jpeg 300w, https:\/\/www.itakaescolapios.org\/wp-content\/uploads\/2022\/07\/WhatsApp-Image-2022-07-16-at-11.48.57-90x90.jpeg 90w, https:\/\/www.itakaescolapios.org\/wp-content\/uploads\/2022\/07\/WhatsApp-Image-2022-07-16-at-11.48.57-250x250.jpeg 250w\" sizes=\"(max-width: 720px) 100vw, 720px\" \/>[:]<\/p>\n","protected":false},"excerpt":{"rendered":"<p>[:fr]Comme dans les autres pr\u00e9sences piaristes d\u2019Afrique Centrale, \u00e0 Yaound\u00e9, au Cameroun, les colonies des vacances battent leur plein. Samedi dernier a eu lieu les \u00e9lections pr\u00e9sidentielles du Camp de [&hellip;]<\/p>\n","protected":false},"author":15,"featured_media":37212,"comment_status":"closed","ping_status":"closed","sticky":false,"template":"","format":"standard","meta":{"_et_pb_use_builder":"","_et_pb_old_content":"","_et_gb_content_width":"","footnotes":""},"categories":[53,10],"tags":[],"class_list":["post-37210","post","type-post","status-publish","format-standard","has-post-thumbnail","hentry","category-africa-central","category-camerun"],"yoast_head":"<!-- This site is optimized with the Yoast SEO plugin v27.4 - https:\/\/yoast.com\/product\/yoast-seo-wordpress\/ -->\n<title>- Proofs in Itaka-Escolapios<\/title>\n<meta name=\"description\" content=\"[:fr]Comme dans les autres pr\u00e9sences piaristes d\u2019Afrique Centrale, \u00e0 Yaound\u00e9, au Cameroun, les colonies des vacances battent leur plein. Samedi dernier a eu lieu les \u00e9lections pr\u00e9sidentielles du Camp de vacance de Yaound\u00e9 Edition 2022. Aujourd\u2019hui, Les activit\u00e9s continuent de plus belle avec les s\u00e9minaires, les jeux, l\u2019apprentissage de quelques m\u00e9tiers de base (confection des&hellip;\" \/>\n<meta name=\"robots\" content=\"index, follow, max-snippet:-1, max-image-preview:large, max-video-preview:-1\" \/>\n<link rel=\"canonical\" href=\"\" \/>\n<meta property=\"og:locale\" content=\"en_US\" \/>\n<meta property=\"og:type\" content=\"article\" \/>\n<meta property=\"og:title\" content=\"- Proofs in Itaka-Escolapios\" \/>\n<meta property=\"og:description\" content=\"[:fr]Comme dans les autres pr\u00e9sences piaristes d\u2019Afrique Centrale, \u00e0 Yaound\u00e9, au Cameroun, les colonies des vacances battent leur plein. Samedi dernier a eu lieu les \u00e9lections pr\u00e9sidentielles du Camp de vacance de Yaound\u00e9 Edition 2022. Aujourd\u2019hui, Les activit\u00e9s continuent de plus belle avec les s\u00e9minaires, les jeux, l\u2019apprentissage de quelques m\u00e9tiers de base (confection des&hellip;\" \/>\n<meta property=\"og:url\" content=\"https:\/\/www.itakaescolapios.org\/en\/2022\/07\/francais-colonie-des-vacances-a-yaounde-au-cameroun\/\" \/>\n<meta property=\"og:site_name\" content=\"Proofs in Itaka-Escolapios\" \/>\n<meta property=\"article:published_time\" content=\"2022-07-20T14:32:52+00:00\" \/>\n<meta property=\"article:modified_time\" content=\"2023-11-28T11:35:43+00:00\" \/>\n<meta property=\"og:image\" content=\"https:\/\/www.itakaescolapios.org\/wp-content\/uploads\/2022\/07\/WhatsApp-Image-2022-07-16-at-11.35.04.jpeg\" \/>\n\t<meta property=\"og:image:width\" content=\"960\" \/>\n\t<meta property=\"og:image:height\" content=\"432\" \/>\n\t<meta property=\"og:image:type\" content=\"image\/jpeg\" \/>\n<meta name=\"author\" content=\"cameroun01\" \/>\n<meta name=\"twitter:card\" content=\"summary_large_image\" \/>\n<meta name=\"twitter:label1\" content=\"Written by\" \/>\n\t<meta name=\"twitter:data1\" content=\"cameroun01\" \/>\n\t<meta name=\"twitter:label2\" content=\"Est. reading time\" \/>\n\t<meta name=\"twitter:data2\" content=\"1 minute\" \/>\n<script type=\"application\/ld+json\" class=\"yoast-schema-graph\">{\"@context\":\"https:\\\/\\\/schema.org\",\"@graph\":[{\"@type\":\"Article\",\"@id\":\"https:\\\/\\\/www.itakaescolapios.org\\\/en\\\/2022\\\/07\\\/francais-colonie-des-vacances-a-yaounde-au-cameroun\\\/#article\",\"isPartOf\":{\"@id\":\"https:\\\/\\\/www.itakaescolapios.org\\\/en\\\/2022\\\/07\\\/francais-colonie-des-vacances-a-yaounde-au-cameroun\\\/\"},\"author\":{\"name\":\"cameroun01\",\"@id\":\"https:\\\/\\\/www.itakaescolapios.org\\\/es\\\/#\\\/schema\\\/person\\\/d2844383e29bfdfef69039672ce14eb1\"},\"headline\":\"No title\",\"datePublished\":\"2022-07-20T14:32:52+00:00\",\"dateModified\":\"2023-11-28T11:35:43+00:00\",\"mainEntityOfPage\":{\"@id\":\"https:\\\/\\\/www.itakaescolapios.org\\\/en\\\/2022\\\/07\\\/francais-colonie-des-vacances-a-yaounde-au-cameroun\\\/\"},\"wordCount\":114,\"publisher\":{\"@id\":\"https:\\\/\\\/www.itakaescolapios.org\\\/es\\\/#organization\"},\"image\":{\"@id\":\"https:\\\/\\\/www.itakaescolapios.org\\\/en\\\/2022\\\/07\\\/francais-colonie-des-vacances-a-yaounde-au-cameroun\\\/#primaryimage\"},\"thumbnailUrl\":\"https:\\\/\\\/www.itakaescolapios.org\\\/wp-content\\\/uploads\\\/2022\\\/07\\\/WhatsApp-Image-2022-07-16-at-11.35.04.jpeg\",\"articleSection\":[\"Central Africa\",\"Cameroon\"],\"inLanguage\":\"en-US\"},{\"@type\":\"WebPage\",\"@id\":\"https:\\\/\\\/www.itakaescolapios.org\\\/en\\\/2022\\\/07\\\/francais-colonie-des-vacances-a-yaounde-au-cameroun\\\/\",\"url\":\"https:\\\/\\\/www.itakaescolapios.org\\\/en\\\/2022\\\/07\\\/francais-colonie-des-vacances-a-yaounde-au-cameroun\\\/\",\"name\":\"- Proofs in Itaka-Escolapios\",\"isPartOf\":{\"@id\":\"https:\\\/\\\/www.itakaescolapios.org\\\/es\\\/#website\"},\"primaryImageOfPage\":{\"@id\":\"https:\\\/\\\/www.itakaescolapios.org\\\/en\\\/2022\\\/07\\\/francais-colonie-des-vacances-a-yaounde-au-cameroun\\\/#primaryimage\"},\"image\":{\"@id\":\"https:\\\/\\\/www.itakaescolapios.org\\\/en\\\/2022\\\/07\\\/francais-colonie-des-vacances-a-yaounde-au-cameroun\\\/#primaryimage\"},\"thumbnailUrl\":\"https:\\\/\\\/www.itakaescolapios.org\\\/wp-content\\\/uploads\\\/2022\\\/07\\\/WhatsApp-Image-2022-07-16-at-11.35.04.jpeg\",\"datePublished\":\"2022-07-20T14:32:52+00:00\",\"dateModified\":\"2023-11-28T11:35:43+00:00\",\"inLanguage\":\"en-US\",\"potentialAction\":[{\"@type\":\"ReadAction\",\"target\":[\"https:\\\/\\\/www.itakaescolapios.org\\\/en\\\/2022\\\/07\\\/francais-colonie-des-vacances-a-yaounde-au-cameroun\\\/\"]}]},{\"@type\":\"ImageObject\",\"inLanguage\":\"en-US\",\"@id\":\"https:\\\/\\\/www.itakaescolapios.org\\\/en\\\/2022\\\/07\\\/francais-colonie-des-vacances-a-yaounde-au-cameroun\\\/#primaryimage\",\"url\":\"https:\\\/\\\/www.itakaescolapios.org\\\/wp-content\\\/uploads\\\/2022\\\/07\\\/WhatsApp-Image-2022-07-16-at-11.35.04.jpeg\",\"contentUrl\":\"https:\\\/\\\/www.itakaescolapios.org\\\/wp-content\\\/uploads\\\/2022\\\/07\\\/WhatsApp-Image-2022-07-16-at-11.35.04.jpeg\",\"width\":960,\"height\":432},{\"@type\":\"WebSite\",\"@id\":\"https:\\\/\\\/www.itakaescolapios.org\\\/en\\\/es\\\/#website\",\"url\":\"https:\\\/\\\/www.itakaescolapios.org\\\/en\\\/es\\\/\",\"name\":\"Itaka-Escolapios\",\"description\":\"Red de Itaka-Escolapios\",\"publisher\":{\"@id\":\"https:\\\/\\\/www.itakaescolapios.org\\\/en\\\/es\\\/#organization\"},\"potentialAction\":[{\"@type\":\"SearchAction\",\"target\":{\"@type\":\"EntryPoint\",\"urlTemplate\":\"https:\\\/\\\/www.itakaescolapios.org\\\/en\\\/es\\\/?s={search_term_string}\"},\"query-input\":{\"@type\":\"PropertyValueSpecification\",\"valueRequired\":true,\"valueName\":\"search_term_string\"}}],\"inLanguage\":\"en-US\"},{\"@type\":\"Organization\",\"@id\":\"https:\\\/\\\/www.itakaescolapios.org\\\/en\\\/es\\\/#organization\",\"name\":\"Fundaci\u00f3 Itaka-Escolapios\",\"url\":\"https:\\\/\\\/www.itakaescolapios.org\\\/en\\\/es\\\/\",\"logo\":{\"@type\":\"ImageObject\",\"inLanguage\":\"en-US\",\"@id\":\"https:\\\/\\\/www.itakaescolapios.org\\\/en\\\/es\\\/#\\\/schema\\\/logo\\\/image\\\/\",\"url\":\"https:\\\/\\\/www.itakaescolapios.org\\\/wp-content\\\/uploads\\\/2024\\\/04\\\/Logo-itakaescolapios-peque.png\",\"contentUrl\":\"https:\\\/\\\/www.itakaescolapios.org\\\/wp-content\\\/uploads\\\/2024\\\/04\\\/Logo-itakaescolapios-peque.png\",\"width\":500,\"height\":199,\"caption\":\"Fundaci\u00f3 Itaka-Escolapios\"},\"image\":{\"@id\":\"https:\\\/\\\/www.itakaescolapios.org\\\/en\\\/es\\\/#\\\/schema\\\/logo\\\/image\\\/\"}},{\"@type\":\"Person\",\"@id\":\"https:\\\/\\\/www.itakaescolapios.org\\\/es\\\/#\\\/schema\\\/person\\\/d2844383e29bfdfef69039672ce14eb1\",\"name\":\"cameroun01\",\"url\":\"https:\\\/\\\/www.itakaescolapios.org\\\/en\\\/author\\\/cameroun01\\\/\"}]}<\/script>\n<!-- \/ Yoast SEO plugin. -->","yoast_head_json":{"title":"- Proofs in Itaka-Escolapios","description":"[:fr]Comme dans les autres pr\u00e9sences piaristes d\u2019Afrique Centrale, \u00e0 Yaound\u00e9, au Cameroun, les colonies des vacances battent leur plein. Samedi dernier a eu lieu les \u00e9lections pr\u00e9sidentielles du Camp de vacance de Yaound\u00e9 Edition 2022. Aujourd\u2019hui, Les activit\u00e9s continuent de plus belle avec les s\u00e9minaires, les jeux, l\u2019apprentissage de quelques m\u00e9tiers de base (confection des&hellip;","robots":{"index":"index","follow":"follow","max-snippet":"max-snippet:-1","max-image-preview":"max-image-preview:large","max-video-preview":"max-video-preview:-1"},"canonical":"[:fr]Comme dans les autres pr\u00e9sences piaristes d\u2019Afrique Centrale, \u00e0 Yaound\u00e9, au Cameroun, les colonies des vacances battent leur plein. Samedi dernier a eu lieu les \u00e9lections pr\u00e9sidentielles du Camp de vacance de Yaound\u00e9 Edition 2022. Aujourd\u2019hui, Les activit\u00e9s continuent de plus belle avec les s\u00e9minaires, les jeux, l\u2019apprentissage de quelques m\u00e9tiers de base (confection des&hellip;","og_locale":"en_US","og_type":"article","og_title":"- Proofs in Itaka-Escolapios","og_description":"[:fr]Comme dans les autres pr\u00e9sences piaristes d\u2019Afrique Centrale, \u00e0 Yaound\u00e9, au Cameroun, les colonies des vacances battent leur plein. Samedi dernier a eu lieu les \u00e9lections pr\u00e9sidentielles du Camp de vacance de Yaound\u00e9 Edition 2022. Aujourd\u2019hui, Les activit\u00e9s continuent de plus belle avec les s\u00e9minaires, les jeux, l\u2019apprentissage de quelques m\u00e9tiers de base (confection des&hellip;","og_url":"https:\/\/www.itakaescolapios.org\/en\/2022\/07\/francais-colonie-des-vacances-a-yaounde-au-cameroun\/","og_site_name":"Proofs in Itaka-Escolapios","article_published_time":"2022-07-20T14:32:52+00:00","article_modified_time":"2023-11-28T11:35:43+00:00","og_image":[{"width":960,"height":432,"url":"https:\/\/www.itakaescolapios.org\/wp-content\/uploads\/2022\/07\/WhatsApp-Image-2022-07-16-at-11.35.04.jpeg","type":"image\/jpeg"}],"author":"cameroun01","twitter_card":"summary_large_image","twitter_misc":{"Written by":"cameroun01","Est. reading time":"1 minute"},"schema":{"@context":"https:\/\/schema.org","@graph":[{"@type":"Article","@id":"https:\/\/www.itakaescolapios.org\/en\/2022\/07\/francais-colonie-des-vacances-a-yaounde-au-cameroun\/#article","isPartOf":{"@id":"https:\/\/www.itakaescolapios.org\/en\/2022\/07\/francais-colonie-des-vacances-a-yaounde-au-cameroun\/"},"author":{"name":"cameroun01","@id":"https:\/\/www.itakaescolapios.org\/es\/#\/schema\/person\/d2844383e29bfdfef69039672ce14eb1"},"headline":"No title","datePublished":"2022-07-20T14:32:52+00:00","dateModified":"2023-11-28T11:35:43+00:00","mainEntityOfPage":{"@id":"https:\/\/www.itakaescolapios.org\/en\/2022\/07\/francais-colonie-des-vacances-a-yaounde-au-cameroun\/"},"wordCount":114,"publisher":{"@id":"https:\/\/www.itakaescolapios.org\/es\/#organization"},"image":{"@id":"https:\/\/www.itakaescolapios.org\/en\/2022\/07\/francais-colonie-des-vacances-a-yaounde-au-cameroun\/#primaryimage"},"thumbnailUrl":"https:\/\/www.itakaescolapios.org\/wp-content\/uploads\/2022\/07\/WhatsApp-Image-2022-07-16-at-11.35.04.jpeg","articleSection":["Central Africa","Cameroon"],"inLanguage":"en-US"},{"@type":"WebPage","@id":"https:\/\/www.itakaescolapios.org\/en\/2022\/07\/francais-colonie-des-vacances-a-yaounde-au-cameroun\/","url":"https:\/\/www.itakaescolapios.org\/en\/2022\/07\/francais-colonie-des-vacances-a-yaounde-au-cameroun\/","name":"- Proofs in Itaka-Escolapios","isPartOf":{"@id":"https:\/\/www.itakaescolapios.org\/es\/#website"},"primaryImageOfPage":{"@id":"https:\/\/www.itakaescolapios.org\/en\/2022\/07\/francais-colonie-des-vacances-a-yaounde-au-cameroun\/#primaryimage"},"image":{"@id":"https:\/\/www.itakaescolapios.org\/en\/2022\/07\/francais-colonie-des-vacances-a-yaounde-au-cameroun\/#primaryimage"},"thumbnailUrl":"https:\/\/www.itakaescolapios.org\/wp-content\/uploads\/2022\/07\/WhatsApp-Image-2022-07-16-at-11.35.04.jpeg","datePublished":"2022-07-20T14:32:52+00:00","dateModified":"2023-11-28T11:35:43+00:00","inLanguage":"en-US","potentialAction":[{"@type":"ReadAction","target":["https:\/\/www.itakaescolapios.org\/en\/2022\/07\/francais-colonie-des-vacances-a-yaounde-au-cameroun\/"]}]},{"@type":"ImageObject","inLanguage":"en-US","@id":"https:\/\/www.itakaescolapios.org\/en\/2022\/07\/francais-colonie-des-vacances-a-yaounde-au-cameroun\/#primaryimage","url":"https:\/\/www.itakaescolapios.org\/wp-content\/uploads\/2022\/07\/WhatsApp-Image-2022-07-16-at-11.35.04.jpeg","contentUrl":"https:\/\/www.itakaescolapios.org\/wp-content\/uploads\/2022\/07\/WhatsApp-Image-2022-07-16-at-11.35.04.jpeg","width":960,"height":432},{"@type":"WebSite","@id":"https:\/\/www.itakaescolapios.org\/en\/es\/#website","url":"https:\/\/www.itakaescolapios.org\/en\/es\/","name":"Itaka-Escolapios","description":"Red de Itaka-Escolapios","publisher":{"@id":"https:\/\/www.itakaescolapios.org\/en\/es\/#organization"},"potentialAction":[{"@type":"SearchAction","target":{"@type":"EntryPoint","urlTemplate":"https:\/\/www.itakaescolapios.org\/en\/es\/?s={search_term_string}"},"query-input":{"@type":"PropertyValueSpecification","valueRequired":true,"valueName":"search_term_string"}}],"inLanguage":"en-US"},{"@type":"Organization","@id":"https:\/\/www.itakaescolapios.org\/en\/es\/#organization","name":"Fundaci\u00f3 Itaka-Escolapios","url":"https:\/\/www.itakaescolapios.org\/en\/es\/","logo":{"@type":"ImageObject","inLanguage":"en-US","@id":"https:\/\/www.itakaescolapios.org\/en\/es\/#\/schema\/logo\/image\/","url":"https:\/\/www.itakaescolapios.org\/wp-content\/uploads\/2024\/04\/Logo-itakaescolapios-peque.png","contentUrl":"https:\/\/www.itakaescolapios.org\/wp-content\/uploads\/2024\/04\/Logo-itakaescolapios-peque.png","width":500,"height":199,"caption":"Fundaci\u00f3 Itaka-Escolapios"},"image":{"@id":"https:\/\/www.itakaescolapios.org\/en\/es\/#\/schema\/logo\/image\/"}},{"@type":"Person","@id":"https:\/\/www.itakaescolapios.org\/es\/#\/schema\/person\/d2844383e29bfdfef69039672ce14eb1","name":"cameroun01","url":"https:\/\/www.itakaescolapios.org\/en\/author\/cameroun01\/"}]}},"_links":{"self":[{"href":"https:\/\/www.itakaescolapios.org\/en\/wp-json\/wp\/v2\/posts\/37210","targetHints":{"allow":["GET"]}}],"collection":[{"href":"https:\/\/www.itakaescolapios.org\/en\/wp-json\/wp\/v2\/posts"}],"about":[{"href":"https:\/\/www.itakaescolapios.org\/en\/wp-json\/wp\/v2\/types\/post"}],"author":[{"embeddable":true,"href":"https:\/\/www.itakaescolapios.org\/en\/wp-json\/wp\/v2\/users\/15"}],"replies":[{"embeddable":true,"href":"https:\/\/www.itakaescolapios.org\/en\/wp-json\/wp\/v2\/comments?post=37210"}],"version-history":[{"count":2,"href":"https:\/\/www.itakaescolapios.org\/en\/wp-json\/wp\/v2\/posts\/37210\/revisions"}],"predecessor-version":[{"id":43862,"href":"https:\/\/www.itakaescolapios.org\/en\/wp-json\/wp\/v2\/posts\/37210\/revisions\/43862"}],"wp:featuredmedia":[{"embeddable":true,"href":"https:\/\/www.itakaescolapios.org\/en\/wp-json\/wp\/v2\/media\/37212"}],"wp:attachment":[{"href":"https:\/\/www.itakaescolapios.org\/en\/wp-json\/wp\/v2\/media?parent=37210"}],"wp:term":[{"taxonomy":"category","embeddable":true,"href":"https:\/\/www.itakaescolapios.org\/en\/wp-json\/wp\/v2\/categories?post=37210"},{"taxonomy":"post_tag","embeddable":true,"href":"https:\/\/www.itakaescolapios.org\/en\/wp-json\/wp\/v2\/tags?post=37210"}],"curies":[{"name":"wp","href":"https:\/\/api.w.org\/{rel}","templated":true}]}}