{"id":37511,"date":"2022-10-06T06:01:58","date_gmt":"2022-10-06T05:01:58","guid":{"rendered":"https:\/\/www.itakaescolapios.org\/?p=37511"},"modified":"2023-11-28T12:35:41","modified_gmt":"2023-11-28T11:35:41","slug":"taller-de-proteccion-y-buen-trato-a-menores","status":"publish","type":"post","link":"https:\/\/www.itakaescolapios.org\/en\/2022\/10\/taller-de-proteccion-y-buen-trato-a-menores\/","title":{"rendered":"Taller de protecci\u00f3n y buen trato a menores"},"content":{"rendered":"<p>En estos d\u00edas la Fundaci\u00f3n Itaka-Escolapios, desde las provincias Betania y Ema\u00fas, estamos participando en un taller sobre protecci\u00f3n y buen trato a la infancia y adolescencia. Se trata de una actividad formativa y de encuentro con otras entidades, impartida por la organizaci\u00f3n Educo y que se celebra en Madrid. Este taller se enmarca en el proceso que nuestra entidad desarrolla, desde el compromiso con los derechos y el bienestar de la infancia, para impulsar pol\u00edticas de protecci\u00f3n y buena trato a ni\u00f1as, ni\u00f1os y adolescentes.<\/p>\n","protected":false},"excerpt":{"rendered":"<p>En estos d\u00edas la Fundaci\u00f3n Itaka-Escolapios, desde las provincias Betania y Ema\u00fas, estamos participando en un taller sobre protecci\u00f3n y buen trato a la infancia y adolescencia. Se trata de [&hellip;]<\/p>\n","protected":false},"author":46,"featured_media":37512,"comment_status":"closed","ping_status":"closed","sticky":false,"template":"","format":"standard","meta":{"_et_pb_use_builder":"","_et_pb_old_content":"","_et_gb_content_width":"","footnotes":""},"categories":[30],"tags":[],"class_list":["post-37511","post","type-post","status-publish","format-standard","has-post-thumbnail","hentry","category-itaka-escolapios"],"yoast_head":"<!-- This site is optimized with the Yoast SEO plugin v27.4 - https:\/\/yoast.com\/product\/yoast-seo-wordpress\/ -->\n<title>Taller de protecci\u00f3n y buen trato a menores<\/title>\n<meta name=\"description\" content=\"En estos d\u00edas la Fundaci\u00f3n Itaka-Escolapios, desde las provincias Betania y Ema\u00fas, estamos participando en un taller sobre protecci\u00f3n y buen trato a la infancia y adolescencia. Se trata de una actividad formativa y de encuentro con otras entidades, impartida por la organizaci\u00f3n Educo y que se celebra en Madrid. Este taller se enmarca en&hellip;\" \/>\n<meta name=\"robots\" content=\"index, follow, max-snippet:-1, max-image-preview:large, max-video-preview:-1\" \/>\n<link rel=\"canonical\" href=\"http:\/\/En%20estos%20d\u00edas%20la%20Fundaci\u00f3n%20Itaka-Escolapios,%20desde%20las%20provincias%20Betania%20y%20Ema\u00fas,%20estamos%20participando%20en%20un%20taller%20sobre%20protecci\u00f3n%20y%20buen%20trato%20a%20la%20infancia%20y%20adolescencia.%20Se%20trata%20de%20una%20actividad%20formativa%20y%20de%20encuentro%20con%20otras%20entidades,%20impartida%20por%20la%20organizaci\u00f3n%20Educo%20y%20que%20se%20celebra%20en%20Madrid.%20Este%20taller%20se%20enmarca%20en&hellip;\" \/>\n<meta property=\"og:locale\" content=\"en_US\" \/>\n<meta property=\"og:type\" content=\"article\" \/>\n<meta property=\"og:title\" content=\"Taller de protecci\u00f3n y buen trato a menores\" \/>\n<meta property=\"og:description\" content=\"En estos d\u00edas la Fundaci\u00f3n Itaka-Escolapios, desde las provincias Betania y Ema\u00fas, estamos participando en un taller sobre protecci\u00f3n y buen trato a la infancia y adolescencia. Se trata de una actividad formativa y de encuentro con otras entidades, impartida por la organizaci\u00f3n Educo y que se celebra en Madrid. Este taller se enmarca en&hellip;\" \/>\n<meta property=\"og:url\" content=\"https:\/\/www.itakaescolapios.org\/en\/2022\/10\/taller-de-proteccion-y-buen-trato-a-menores\/\" \/>\n<meta property=\"og:site_name\" content=\"Proofs in Itaka-Escolapios\" \/>\n<meta property=\"article:published_time\" content=\"2022-10-06T05:01:58+00:00\" \/>\n<meta property=\"article:modified_time\" content=\"2023-11-28T11:35:41+00:00\" \/>\n<meta property=\"og:image\" content=\"https:\/\/www.itakaescolapios.org\/wp-content\/uploads\/2022\/10\/Imagen-de-WhatsApp-2022-10-05-a-las-17.47.22.jpg\" \/>\n\t<meta property=\"og:image:width\" content=\"1600\" \/>\n\t<meta property=\"og:image:height\" content=\"1200\" \/>\n\t<meta property=\"og:image:type\" content=\"image\/jpeg\" \/>\n<meta name=\"author\" content=\"itakaescolapios\" \/>\n<meta name=\"twitter:card\" content=\"summary_large_image\" \/>\n<meta name=\"twitter:label1\" content=\"Written by\" \/>\n\t<meta name=\"twitter:data1\" content=\"itakaescolapios\" \/>\n<script type=\"application\/ld+json\" class=\"yoast-schema-graph\">{\"@context\":\"https:\\\/\\\/schema.org\",\"@graph\":[{\"@type\":\"Article\",\"@id\":\"https:\\\/\\\/www.itakaescolapios.org\\\/en\\\/2022\\\/10\\\/taller-de-proteccion-y-buen-trato-a-menores\\\/#article\",\"isPartOf\":{\"@id\":\"https:\\\/\\\/www.itakaescolapios.org\\\/en\\\/2022\\\/10\\\/taller-de-proteccion-y-buen-trato-a-menores\\\/\"},\"author\":{\"name\":\"itakaescolapios\",\"@id\":\"https:\\\/\\\/www.itakaescolapios.org\\\/es\\\/#\\\/schema\\\/person\\\/768ce0f19db5c2c2b6361e77e15db2db\"},\"headline\":\"Taller de protecci\u00f3n y buen trato a menores\",\"datePublished\":\"2022-10-06T05:01:58+00:00\",\"dateModified\":\"2023-11-28T11:35:41+00:00\",\"mainEntityOfPage\":{\"@id\":\"https:\\\/\\\/www.itakaescolapios.org\\\/en\\\/2022\\\/10\\\/taller-de-proteccion-y-buen-trato-a-menores\\\/\"},\"wordCount\":104,\"publisher\":{\"@id\":\"https:\\\/\\\/www.itakaescolapios.org\\\/es\\\/#organization\"},\"image\":{\"@id\":\"https:\\\/\\\/www.itakaescolapios.org\\\/en\\\/2022\\\/10\\\/taller-de-proteccion-y-buen-trato-a-menores\\\/#primaryimage\"},\"thumbnailUrl\":\"https:\\\/\\\/www.itakaescolapios.org\\\/wp-content\\\/uploads\\\/2022\\\/10\\\/Imagen-de-WhatsApp-2022-10-05-a-las-17.47.22.jpg\",\"articleSection\":[\"Itaka Escolapios\"],\"inLanguage\":\"en-US\"},{\"@type\":\"WebPage\",\"@id\":\"https:\\\/\\\/www.itakaescolapios.org\\\/en\\\/2022\\\/10\\\/taller-de-proteccion-y-buen-trato-a-menores\\\/\",\"url\":\"https:\\\/\\\/www.itakaescolapios.org\\\/en\\\/2022\\\/10\\\/taller-de-proteccion-y-buen-trato-a-menores\\\/\",\"name\":\"Taller de protecci\u00f3n y buen trato a menores - Proofs in Itaka-Escolapios\",\"isPartOf\":{\"@id\":\"https:\\\/\\\/www.itakaescolapios.org\\\/es\\\/#website\"},\"primaryImageOfPage\":{\"@id\":\"https:\\\/\\\/www.itakaescolapios.org\\\/en\\\/2022\\\/10\\\/taller-de-proteccion-y-buen-trato-a-menores\\\/#primaryimage\"},\"image\":{\"@id\":\"https:\\\/\\\/www.itakaescolapios.org\\\/en\\\/2022\\\/10\\\/taller-de-proteccion-y-buen-trato-a-menores\\\/#primaryimage\"},\"thumbnailUrl\":\"https:\\\/\\\/www.itakaescolapios.org\\\/wp-content\\\/uploads\\\/2022\\\/10\\\/Imagen-de-WhatsApp-2022-10-05-a-las-17.47.22.jpg\",\"datePublished\":\"2022-10-06T05:01:58+00:00\",\"dateModified\":\"2023-11-28T11:35:41+00:00\",\"breadcrumb\":{\"@id\":\"https:\\\/\\\/www.itakaescolapios.org\\\/en\\\/2022\\\/10\\\/taller-de-proteccion-y-buen-trato-a-menores\\\/#breadcrumb\"},\"inLanguage\":\"en-US\",\"potentialAction\":[{\"@type\":\"ReadAction\",\"target\":[\"https:\\\/\\\/www.itakaescolapios.org\\\/en\\\/2022\\\/10\\\/taller-de-proteccion-y-buen-trato-a-menores\\\/\"]}]},{\"@type\":\"ImageObject\",\"inLanguage\":\"en-US\",\"@id\":\"https:\\\/\\\/www.itakaescolapios.org\\\/en\\\/2022\\\/10\\\/taller-de-proteccion-y-buen-trato-a-menores\\\/#primaryimage\",\"url\":\"https:\\\/\\\/www.itakaescolapios.org\\\/wp-content\\\/uploads\\\/2022\\\/10\\\/Imagen-de-WhatsApp-2022-10-05-a-las-17.47.22.jpg\",\"contentUrl\":\"https:\\\/\\\/www.itakaescolapios.org\\\/wp-content\\\/uploads\\\/2022\\\/10\\\/Imagen-de-WhatsApp-2022-10-05-a-las-17.47.22.jpg\",\"width\":1600,\"height\":1200},{\"@type\":\"BreadcrumbList\",\"@id\":\"https:\\\/\\\/www.itakaescolapios.org\\\/en\\\/2022\\\/10\\\/taller-de-proteccion-y-buen-trato-a-menores\\\/#breadcrumb\",\"itemListElement\":[{\"@type\":\"ListItem\",\"position\":1,\"name\":\"Proof\",\"item\":\"https:\\\/\\\/www.itakaescolapios.org\\\/es\\\/\"},{\"@type\":\"ListItem\",\"position\":2,\"name\":\"Taller de protecci\u00f3n y buen trato a menores\"}]},{\"@type\":\"WebSite\",\"@id\":\"https:\\\/\\\/www.itakaescolapios.org\\\/en\\\/es\\\/#website\",\"url\":\"https:\\\/\\\/www.itakaescolapios.org\\\/en\\\/es\\\/\",\"name\":\"Itaka-Escolapios\",\"description\":\"Red de Itaka-Escolapios\",\"publisher\":{\"@id\":\"https:\\\/\\\/www.itakaescolapios.org\\\/en\\\/es\\\/#organization\"},\"potentialAction\":[{\"@type\":\"SearchAction\",\"target\":{\"@type\":\"EntryPoint\",\"urlTemplate\":\"https:\\\/\\\/www.itakaescolapios.org\\\/en\\\/es\\\/?s={search_term_string}\"},\"query-input\":{\"@type\":\"PropertyValueSpecification\",\"valueRequired\":true,\"valueName\":\"search_term_string\"}}],\"inLanguage\":\"en-US\"},{\"@type\":\"Organization\",\"@id\":\"https:\\\/\\\/www.itakaescolapios.org\\\/en\\\/es\\\/#organization\",\"name\":\"Fundaci\u00f3 Itaka-Escolapios\",\"url\":\"https:\\\/\\\/www.itakaescolapios.org\\\/en\\\/es\\\/\",\"logo\":{\"@type\":\"ImageObject\",\"inLanguage\":\"en-US\",\"@id\":\"https:\\\/\\\/www.itakaescolapios.org\\\/en\\\/es\\\/#\\\/schema\\\/logo\\\/image\\\/\",\"url\":\"https:\\\/\\\/www.itakaescolapios.org\\\/wp-content\\\/uploads\\\/2024\\\/04\\\/Logo-itakaescolapios-peque.png\",\"contentUrl\":\"https:\\\/\\\/www.itakaescolapios.org\\\/wp-content\\\/uploads\\\/2024\\\/04\\\/Logo-itakaescolapios-peque.png\",\"width\":500,\"height\":199,\"caption\":\"Fundaci\u00f3 Itaka-Escolapios\"},\"image\":{\"@id\":\"https:\\\/\\\/www.itakaescolapios.org\\\/en\\\/es\\\/#\\\/schema\\\/logo\\\/image\\\/\"}},{\"@type\":\"Person\",\"@id\":\"https:\\\/\\\/www.itakaescolapios.org\\\/es\\\/#\\\/schema\\\/person\\\/768ce0f19db5c2c2b6361e77e15db2db\",\"name\":\"itakaescolapios\",\"url\":\"https:\\\/\\\/www.itakaescolapios.org\\\/en\\\/author\\\/itakaescolapios\\\/\"}]}<\/script>\n<!-- \/ Yoast SEO plugin. -->","yoast_head_json":{"title":"Taller de protecci\u00f3n y buen trato a menores","description":"En estos d\u00edas la Fundaci\u00f3n Itaka-Escolapios, desde las provincias Betania y Ema\u00fas, estamos participando en un taller sobre protecci\u00f3n y buen trato a la infancia y adolescencia. Se trata de una actividad formativa y de encuentro con otras entidades, impartida por la organizaci\u00f3n Educo y que se celebra en Madrid. Este taller se enmarca en&hellip;","robots":{"index":"index","follow":"follow","max-snippet":"max-snippet:-1","max-image-preview":"max-image-preview:large","max-video-preview":"max-video-preview:-1"},"canonical":"En estos d\u00edas la Fundaci\u00f3n Itaka-Escolapios, desde las provincias Betania y Ema\u00fas, estamos participando en un taller sobre protecci\u00f3n y buen trato a la infancia y adolescencia. Se trata de una actividad formativa y de encuentro con otras entidades, impartida por la organizaci\u00f3n Educo y que se celebra en Madrid. Este taller se enmarca en&hellip;","og_locale":"en_US","og_type":"article","og_title":"Taller de protecci\u00f3n y buen trato a menores","og_description":"En estos d\u00edas la Fundaci\u00f3n Itaka-Escolapios, desde las provincias Betania y Ema\u00fas, estamos participando en un taller sobre protecci\u00f3n y buen trato a la infancia y adolescencia. Se trata de una actividad formativa y de encuentro con otras entidades, impartida por la organizaci\u00f3n Educo y que se celebra en Madrid. Este taller se enmarca en&hellip;","og_url":"https:\/\/www.itakaescolapios.org\/en\/2022\/10\/taller-de-proteccion-y-buen-trato-a-menores\/","og_site_name":"Proofs in Itaka-Escolapios","article_published_time":"2022-10-06T05:01:58+00:00","article_modified_time":"2023-11-28T11:35:41+00:00","og_image":[{"width":1600,"height":1200,"url":"https:\/\/www.itakaescolapios.org\/wp-content\/uploads\/2022\/10\/Imagen-de-WhatsApp-2022-10-05-a-las-17.47.22.jpg","type":"image\/jpeg"}],"author":"itakaescolapios","twitter_card":"summary_large_image","twitter_misc":{"Written by":"itakaescolapios"},"schema":{"@context":"https:\/\/schema.org","@graph":[{"@type":"Article","@id":"https:\/\/www.itakaescolapios.org\/en\/2022\/10\/taller-de-proteccion-y-buen-trato-a-menores\/#article","isPartOf":{"@id":"https:\/\/www.itakaescolapios.org\/en\/2022\/10\/taller-de-proteccion-y-buen-trato-a-menores\/"},"author":{"name":"itakaescolapios","@id":"https:\/\/www.itakaescolapios.org\/es\/#\/schema\/person\/768ce0f19db5c2c2b6361e77e15db2db"},"headline":"Taller de protecci\u00f3n y buen trato a menores","datePublished":"2022-10-06T05:01:58+00:00","dateModified":"2023-11-28T11:35:41+00:00","mainEntityOfPage":{"@id":"https:\/\/www.itakaescolapios.org\/en\/2022\/10\/taller-de-proteccion-y-buen-trato-a-menores\/"},"wordCount":104,"publisher":{"@id":"https:\/\/www.itakaescolapios.org\/es\/#organization"},"image":{"@id":"https:\/\/www.itakaescolapios.org\/en\/2022\/10\/taller-de-proteccion-y-buen-trato-a-menores\/#primaryimage"},"thumbnailUrl":"https:\/\/www.itakaescolapios.org\/wp-content\/uploads\/2022\/10\/Imagen-de-WhatsApp-2022-10-05-a-las-17.47.22.jpg","articleSection":["Itaka Escolapios"],"inLanguage":"en-US"},{"@type":"WebPage","@id":"https:\/\/www.itakaescolapios.org\/en\/2022\/10\/taller-de-proteccion-y-buen-trato-a-menores\/","url":"https:\/\/www.itakaescolapios.org\/en\/2022\/10\/taller-de-proteccion-y-buen-trato-a-menores\/","name":"Taller de protecci\u00f3n y buen trato a menores - Proofs in Itaka-Escolapios","isPartOf":{"@id":"https:\/\/www.itakaescolapios.org\/es\/#website"},"primaryImageOfPage":{"@id":"https:\/\/www.itakaescolapios.org\/en\/2022\/10\/taller-de-proteccion-y-buen-trato-a-menores\/#primaryimage"},"image":{"@id":"https:\/\/www.itakaescolapios.org\/en\/2022\/10\/taller-de-proteccion-y-buen-trato-a-menores\/#primaryimage"},"thumbnailUrl":"https:\/\/www.itakaescolapios.org\/wp-content\/uploads\/2022\/10\/Imagen-de-WhatsApp-2022-10-05-a-las-17.47.22.jpg","datePublished":"2022-10-06T05:01:58+00:00","dateModified":"2023-11-28T11:35:41+00:00","breadcrumb":{"@id":"https:\/\/www.itakaescolapios.org\/en\/2022\/10\/taller-de-proteccion-y-buen-trato-a-menores\/#breadcrumb"},"inLanguage":"en-US","potentialAction":[{"@type":"ReadAction","target":["https:\/\/www.itakaescolapios.org\/en\/2022\/10\/taller-de-proteccion-y-buen-trato-a-menores\/"]}]},{"@type":"ImageObject","inLanguage":"en-US","@id":"https:\/\/www.itakaescolapios.org\/en\/2022\/10\/taller-de-proteccion-y-buen-trato-a-menores\/#primaryimage","url":"https:\/\/www.itakaescolapios.org\/wp-content\/uploads\/2022\/10\/Imagen-de-WhatsApp-2022-10-05-a-las-17.47.22.jpg","contentUrl":"https:\/\/www.itakaescolapios.org\/wp-content\/uploads\/2022\/10\/Imagen-de-WhatsApp-2022-10-05-a-las-17.47.22.jpg","width":1600,"height":1200},{"@type":"BreadcrumbList","@id":"https:\/\/www.itakaescolapios.org\/en\/2022\/10\/taller-de-proteccion-y-buen-trato-a-menores\/#breadcrumb","itemListElement":[{"@type":"ListItem","position":1,"name":"Proof","item":"https:\/\/www.itakaescolapios.org\/es\/"},{"@type":"ListItem","position":2,"name":"Taller de protecci\u00f3n y buen trato a menores"}]},{"@type":"WebSite","@id":"https:\/\/www.itakaescolapios.org\/en\/es\/#website","url":"https:\/\/www.itakaescolapios.org\/en\/es\/","name":"Itaka-Escolapios","description":"Red de Itaka-Escolapios","publisher":{"@id":"https:\/\/www.itakaescolapios.org\/en\/es\/#organization"},"potentialAction":[{"@type":"SearchAction","target":{"@type":"EntryPoint","urlTemplate":"https:\/\/www.itakaescolapios.org\/en\/es\/?s={search_term_string}"},"query-input":{"@type":"PropertyValueSpecification","valueRequired":true,"valueName":"search_term_string"}}],"inLanguage":"en-US"},{"@type":"Organization","@id":"https:\/\/www.itakaescolapios.org\/en\/es\/#organization","name":"Fundaci\u00f3 Itaka-Escolapios","url":"https:\/\/www.itakaescolapios.org\/en\/es\/","logo":{"@type":"ImageObject","inLanguage":"en-US","@id":"https:\/\/www.itakaescolapios.org\/en\/es\/#\/schema\/logo\/image\/","url":"https:\/\/www.itakaescolapios.org\/wp-content\/uploads\/2024\/04\/Logo-itakaescolapios-peque.png","contentUrl":"https:\/\/www.itakaescolapios.org\/wp-content\/uploads\/2024\/04\/Logo-itakaescolapios-peque.png","width":500,"height":199,"caption":"Fundaci\u00f3 Itaka-Escolapios"},"image":{"@id":"https:\/\/www.itakaescolapios.org\/en\/es\/#\/schema\/logo\/image\/"}},{"@type":"Person","@id":"https:\/\/www.itakaescolapios.org\/es\/#\/schema\/person\/768ce0f19db5c2c2b6361e77e15db2db","name":"itakaescolapios","url":"https:\/\/www.itakaescolapios.org\/en\/author\/itakaescolapios\/"}]}},"_links":{"self":[{"href":"https:\/\/www.itakaescolapios.org\/en\/wp-json\/wp\/v2\/posts\/37511","targetHints":{"allow":["GET"]}}],"collection":[{"href":"https:\/\/www.itakaescolapios.org\/en\/wp-json\/wp\/v2\/posts"}],"about":[{"href":"https:\/\/www.itakaescolapios.org\/en\/wp-json\/wp\/v2\/types\/post"}],"author":[{"embeddable":true,"href":"https:\/\/www.itakaescolapios.org\/en\/wp-json\/wp\/v2\/users\/46"}],"replies":[{"embeddable":true,"href":"https:\/\/www.itakaescolapios.org\/en\/wp-json\/wp\/v2\/comments?post=37511"}],"version-history":[{"count":3,"href":"https:\/\/www.itakaescolapios.org\/en\/wp-json\/wp\/v2\/posts\/37511\/revisions"}],"predecessor-version":[{"id":43814,"href":"https:\/\/www.itakaescolapios.org\/en\/wp-json\/wp\/v2\/posts\/37511\/revisions\/43814"}],"wp:featuredmedia":[{"embeddable":true,"href":"https:\/\/www.itakaescolapios.org\/en\/wp-json\/wp\/v2\/media\/37512"}],"wp:attachment":[{"href":"https:\/\/www.itakaescolapios.org\/en\/wp-json\/wp\/v2\/media?parent=37511"}],"wp:term":[{"taxonomy":"category","embeddable":true,"href":"https:\/\/www.itakaescolapios.org\/en\/wp-json\/wp\/v2\/categories?post=37511"},{"taxonomy":"post_tag","embeddable":true,"href":"https:\/\/www.itakaescolapios.org\/en\/wp-json\/wp\/v2\/tags?post=37511"}],"curies":[{"name":"wp","href":"https:\/\/api.w.org\/{rel}","templated":true}]}}