{"id":37957,"date":"2022-11-22T09:41:06","date_gmt":"2022-11-22T08:41:06","guid":{"rendered":"https:\/\/www.itakaescolapios.org\/?p=37957"},"modified":"2023-11-28T12:35:39","modified_gmt":"2023-11-28T11:35:39","slug":"francais-descente-de-lequipe-operationnelle-de-la-fondation-itaka-escolapios-cameroun-dans-les-differents-sieges-siege-de-bafia","status":"publish","type":"post","link":"https:\/\/www.itakaescolapios.org\/en\/2022\/11\/francais-descente-de-lequipe-operationnelle-de-la-fondation-itaka-escolapios-cameroun-dans-les-differents-sieges-siege-de-bafia\/","title":{"rendered":""},"content":{"rendered":"<p>[:fr]Ce lundi 21 novembre 2022 s&#8217;est tennue \u00e0 Bafia la rencontre de l&#8217;\u00e9quipe op\u00e9rationnelle de la fondation ITAKA, et l&#8217;\u00e9quipe locale de Bafia. Il \u00e9tait question de v\u00e9rifier si les activit\u00e9s ont bien d\u00e9but\u00e9, \u00e9valuer nos forces et nos faiblesses pour l&#8217;ann\u00e9e que nous sommes entrain de passer. Nous pouvons au sorti de l\u00e0 dire que tous va pour le mieux. Les cours ont bien d\u00e9but\u00e9s et les enfants sont en pleine c\u00e9l\u00e9bration de la semaine Calasanzienne.<\/p>\n<p><img decoding=\"async\" class=\"size-full wp-image-37959 aligncenter\" src=\"https:\/\/www.itakaescolapios.org\/wp-content\/uploads\/2022\/11\/IMG-20221122-WA0024.jpg\" alt=\"\" width=\"1080\" height=\"810\" srcset=\"https:\/\/www.itakaescolapios.org\/wp-content\/uploads\/2022\/11\/IMG-20221122-WA0024.jpg 1080w, https:\/\/www.itakaescolapios.org\/wp-content\/uploads\/2022\/11\/IMG-20221122-WA0024-300x225.jpg 300w, https:\/\/www.itakaescolapios.org\/wp-content\/uploads\/2022\/11\/IMG-20221122-WA0024-1024x768.jpg 1024w, https:\/\/www.itakaescolapios.org\/wp-content\/uploads\/2022\/11\/IMG-20221122-WA0024-768x576.jpg 768w, https:\/\/www.itakaescolapios.org\/wp-content\/uploads\/2022\/11\/IMG-20221122-WA0024-250x188.jpg 250w, https:\/\/www.itakaescolapios.org\/wp-content\/uploads\/2022\/11\/IMG-20221122-WA0024-510x382.jpg 510w\" sizes=\"(max-width: 1080px) 100vw, 1080px\" \/><\/p>\n<p><img decoding=\"async\" class=\"size-full wp-image-37960 aligncenter\" src=\"https:\/\/www.itakaescolapios.org\/wp-content\/uploads\/2022\/11\/IMG-20221122-WA0014.jpg\" alt=\"\" width=\"1080\" height=\"810\" srcset=\"https:\/\/www.itakaescolapios.org\/wp-content\/uploads\/2022\/11\/IMG-20221122-WA0014.jpg 1080w, https:\/\/www.itakaescolapios.org\/wp-content\/uploads\/2022\/11\/IMG-20221122-WA0014-300x225.jpg 300w, https:\/\/www.itakaescolapios.org\/wp-content\/uploads\/2022\/11\/IMG-20221122-WA0014-1024x768.jpg 1024w, https:\/\/www.itakaescolapios.org\/wp-content\/uploads\/2022\/11\/IMG-20221122-WA0014-768x576.jpg 768w, https:\/\/www.itakaescolapios.org\/wp-content\/uploads\/2022\/11\/IMG-20221122-WA0014-250x188.jpg 250w, https:\/\/www.itakaescolapios.org\/wp-content\/uploads\/2022\/11\/IMG-20221122-WA0014-510x382.jpg 510w\" sizes=\"(max-width: 1080px) 100vw, 1080px\" \/>[:]<\/p>\n","protected":false},"excerpt":{"rendered":"<p>[:fr]Ce lundi 21 novembre 2022 s&#8217;est tennue \u00e0 Bafia la rencontre de l&#8217;\u00e9quipe op\u00e9rationnelle de la fondation ITAKA, et l&#8217;\u00e9quipe locale de Bafia. Il \u00e9tait question de v\u00e9rifier si les [&hellip;]<\/p>\n","protected":false},"author":15,"featured_media":37959,"comment_status":"closed","ping_status":"closed","sticky":false,"template":"","format":"standard","meta":{"_et_pb_use_builder":"","_et_pb_old_content":"","_et_gb_content_width":"","footnotes":""},"categories":[53,10],"tags":[],"class_list":["post-37957","post","type-post","status-publish","format-standard","has-post-thumbnail","hentry","category-africa-central","category-camerun"],"yoast_head":"<!-- This site is optimized with the Yoast SEO plugin v27.4 - https:\/\/yoast.com\/product\/yoast-seo-wordpress\/ -->\n<title>- Proofs in Itaka-Escolapios<\/title>\n<meta name=\"description\" content=\"[:fr]Ce lundi 21 novembre 2022 s&#039;est tennue \u00e0 Bafia la rencontre de l&#039;\u00e9quipe op\u00e9rationnelle de la fondation ITAKA, et l&#039;\u00e9quipe locale de Bafia. Il \u00e9tait question de v\u00e9rifier si les activit\u00e9s ont bien d\u00e9but\u00e9, \u00e9valuer nos forces et nos faiblesses pour l&#039;ann\u00e9e que nous sommes entrain de passer. Nous pouvons au sorti de l\u00e0 dire&hellip;\" \/>\n<meta name=\"robots\" content=\"index, follow, max-snippet:-1, max-image-preview:large, max-video-preview:-1\" \/>\n<link rel=\"canonical\" href=\"\" \/>\n<meta property=\"og:locale\" content=\"en_US\" \/>\n<meta property=\"og:type\" content=\"article\" \/>\n<meta property=\"og:title\" content=\"- Proofs in Itaka-Escolapios\" \/>\n<meta property=\"og:description\" content=\"[:fr]Ce lundi 21 novembre 2022 s&#039;est tennue \u00e0 Bafia la rencontre de l&#039;\u00e9quipe op\u00e9rationnelle de la fondation ITAKA, et l&#039;\u00e9quipe locale de Bafia. Il \u00e9tait question de v\u00e9rifier si les activit\u00e9s ont bien d\u00e9but\u00e9, \u00e9valuer nos forces et nos faiblesses pour l&#039;ann\u00e9e que nous sommes entrain de passer. Nous pouvons au sorti de l\u00e0 dire&hellip;\" \/>\n<meta property=\"og:url\" content=\"https:\/\/www.itakaescolapios.org\/en\/2022\/11\/francais-descente-de-lequipe-operationnelle-de-la-fondation-itaka-escolapios-cameroun-dans-les-differents-sieges-siege-de-bafia\/\" \/>\n<meta property=\"og:site_name\" content=\"Proofs in Itaka-Escolapios\" \/>\n<meta property=\"article:published_time\" content=\"2022-11-22T08:41:06+00:00\" \/>\n<meta property=\"article:modified_time\" content=\"2023-11-28T11:35:39+00:00\" \/>\n<meta property=\"og:image\" content=\"https:\/\/www.itakaescolapios.org\/wp-content\/uploads\/2022\/11\/IMG-20221122-WA0024.jpg\" \/>\n\t<meta property=\"og:image:width\" content=\"1080\" \/>\n\t<meta property=\"og:image:height\" content=\"810\" \/>\n\t<meta property=\"og:image:type\" content=\"image\/jpeg\" \/>\n<meta name=\"author\" content=\"cameroun01\" \/>\n<meta name=\"twitter:card\" content=\"summary_large_image\" \/>\n<meta name=\"twitter:label1\" content=\"Written by\" \/>\n\t<meta name=\"twitter:data1\" content=\"cameroun01\" \/>\n<script type=\"application\/ld+json\" class=\"yoast-schema-graph\">{\"@context\":\"https:\\\/\\\/schema.org\",\"@graph\":[{\"@type\":\"Article\",\"@id\":\"https:\\\/\\\/www.itakaescolapios.org\\\/en\\\/2022\\\/11\\\/francais-descente-de-lequipe-operationnelle-de-la-fondation-itaka-escolapios-cameroun-dans-les-differents-sieges-siege-de-bafia\\\/#article\",\"isPartOf\":{\"@id\":\"https:\\\/\\\/www.itakaescolapios.org\\\/en\\\/2022\\\/11\\\/francais-descente-de-lequipe-operationnelle-de-la-fondation-itaka-escolapios-cameroun-dans-les-differents-sieges-siege-de-bafia\\\/\"},\"author\":{\"name\":\"cameroun01\",\"@id\":\"https:\\\/\\\/www.itakaescolapios.org\\\/es\\\/#\\\/schema\\\/person\\\/d2844383e29bfdfef69039672ce14eb1\"},\"headline\":\"No title\",\"datePublished\":\"2022-11-22T08:41:06+00:00\",\"dateModified\":\"2023-11-28T11:35:39+00:00\",\"mainEntityOfPage\":{\"@id\":\"https:\\\/\\\/www.itakaescolapios.org\\\/en\\\/2022\\\/11\\\/francais-descente-de-lequipe-operationnelle-de-la-fondation-itaka-escolapios-cameroun-dans-les-differents-sieges-siege-de-bafia\\\/\"},\"wordCount\":88,\"publisher\":{\"@id\":\"https:\\\/\\\/www.itakaescolapios.org\\\/es\\\/#organization\"},\"image\":{\"@id\":\"https:\\\/\\\/www.itakaescolapios.org\\\/en\\\/2022\\\/11\\\/francais-descente-de-lequipe-operationnelle-de-la-fondation-itaka-escolapios-cameroun-dans-les-differents-sieges-siege-de-bafia\\\/#primaryimage\"},\"thumbnailUrl\":\"https:\\\/\\\/www.itakaescolapios.org\\\/wp-content\\\/uploads\\\/2022\\\/11\\\/IMG-20221122-WA0024.jpg\",\"articleSection\":[\"Central Africa\",\"Cameroon\"],\"inLanguage\":\"en-US\"},{\"@type\":\"WebPage\",\"@id\":\"https:\\\/\\\/www.itakaescolapios.org\\\/en\\\/2022\\\/11\\\/francais-descente-de-lequipe-operationnelle-de-la-fondation-itaka-escolapios-cameroun-dans-les-differents-sieges-siege-de-bafia\\\/\",\"url\":\"https:\\\/\\\/www.itakaescolapios.org\\\/en\\\/2022\\\/11\\\/francais-descente-de-lequipe-operationnelle-de-la-fondation-itaka-escolapios-cameroun-dans-les-differents-sieges-siege-de-bafia\\\/\",\"name\":\"- Proofs in Itaka-Escolapios\",\"isPartOf\":{\"@id\":\"https:\\\/\\\/www.itakaescolapios.org\\\/es\\\/#website\"},\"primaryImageOfPage\":{\"@id\":\"https:\\\/\\\/www.itakaescolapios.org\\\/en\\\/2022\\\/11\\\/francais-descente-de-lequipe-operationnelle-de-la-fondation-itaka-escolapios-cameroun-dans-les-differents-sieges-siege-de-bafia\\\/#primaryimage\"},\"image\":{\"@id\":\"https:\\\/\\\/www.itakaescolapios.org\\\/en\\\/2022\\\/11\\\/francais-descente-de-lequipe-operationnelle-de-la-fondation-itaka-escolapios-cameroun-dans-les-differents-sieges-siege-de-bafia\\\/#primaryimage\"},\"thumbnailUrl\":\"https:\\\/\\\/www.itakaescolapios.org\\\/wp-content\\\/uploads\\\/2022\\\/11\\\/IMG-20221122-WA0024.jpg\",\"datePublished\":\"2022-11-22T08:41:06+00:00\",\"dateModified\":\"2023-11-28T11:35:39+00:00\",\"inLanguage\":\"en-US\",\"potentialAction\":[{\"@type\":\"ReadAction\",\"target\":[\"https:\\\/\\\/www.itakaescolapios.org\\\/en\\\/2022\\\/11\\\/francais-descente-de-lequipe-operationnelle-de-la-fondation-itaka-escolapios-cameroun-dans-les-differents-sieges-siege-de-bafia\\\/\"]}]},{\"@type\":\"ImageObject\",\"inLanguage\":\"en-US\",\"@id\":\"https:\\\/\\\/www.itakaescolapios.org\\\/en\\\/2022\\\/11\\\/francais-descente-de-lequipe-operationnelle-de-la-fondation-itaka-escolapios-cameroun-dans-les-differents-sieges-siege-de-bafia\\\/#primaryimage\",\"url\":\"https:\\\/\\\/www.itakaescolapios.org\\\/wp-content\\\/uploads\\\/2022\\\/11\\\/IMG-20221122-WA0024.jpg\",\"contentUrl\":\"https:\\\/\\\/www.itakaescolapios.org\\\/wp-content\\\/uploads\\\/2022\\\/11\\\/IMG-20221122-WA0024.jpg\",\"width\":1080,\"height\":810},{\"@type\":\"WebSite\",\"@id\":\"https:\\\/\\\/www.itakaescolapios.org\\\/en\\\/es\\\/#website\",\"url\":\"https:\\\/\\\/www.itakaescolapios.org\\\/en\\\/es\\\/\",\"name\":\"Itaka-Escolapios\",\"description\":\"Red de Itaka-Escolapios\",\"publisher\":{\"@id\":\"https:\\\/\\\/www.itakaescolapios.org\\\/en\\\/es\\\/#organization\"},\"potentialAction\":[{\"@type\":\"SearchAction\",\"target\":{\"@type\":\"EntryPoint\",\"urlTemplate\":\"https:\\\/\\\/www.itakaescolapios.org\\\/en\\\/es\\\/?s={search_term_string}\"},\"query-input\":{\"@type\":\"PropertyValueSpecification\",\"valueRequired\":true,\"valueName\":\"search_term_string\"}}],\"inLanguage\":\"en-US\"},{\"@type\":\"Organization\",\"@id\":\"https:\\\/\\\/www.itakaescolapios.org\\\/en\\\/es\\\/#organization\",\"name\":\"Fundaci\u00f3 Itaka-Escolapios\",\"url\":\"https:\\\/\\\/www.itakaescolapios.org\\\/en\\\/es\\\/\",\"logo\":{\"@type\":\"ImageObject\",\"inLanguage\":\"en-US\",\"@id\":\"https:\\\/\\\/www.itakaescolapios.org\\\/en\\\/es\\\/#\\\/schema\\\/logo\\\/image\\\/\",\"url\":\"https:\\\/\\\/www.itakaescolapios.org\\\/wp-content\\\/uploads\\\/2024\\\/04\\\/Logo-itakaescolapios-peque.png\",\"contentUrl\":\"https:\\\/\\\/www.itakaescolapios.org\\\/wp-content\\\/uploads\\\/2024\\\/04\\\/Logo-itakaescolapios-peque.png\",\"width\":500,\"height\":199,\"caption\":\"Fundaci\u00f3 Itaka-Escolapios\"},\"image\":{\"@id\":\"https:\\\/\\\/www.itakaescolapios.org\\\/en\\\/es\\\/#\\\/schema\\\/logo\\\/image\\\/\"}},{\"@type\":\"Person\",\"@id\":\"https:\\\/\\\/www.itakaescolapios.org\\\/es\\\/#\\\/schema\\\/person\\\/d2844383e29bfdfef69039672ce14eb1\",\"name\":\"cameroun01\",\"url\":\"https:\\\/\\\/www.itakaescolapios.org\\\/en\\\/author\\\/cameroun01\\\/\"}]}<\/script>\n<!-- \/ Yoast SEO plugin. -->","yoast_head_json":{"title":"- Proofs in Itaka-Escolapios","description":"[:fr]Ce lundi 21 novembre 2022 s'est tennue \u00e0 Bafia la rencontre de l'\u00e9quipe op\u00e9rationnelle de la fondation ITAKA, et l'\u00e9quipe locale de Bafia. Il \u00e9tait question de v\u00e9rifier si les activit\u00e9s ont bien d\u00e9but\u00e9, \u00e9valuer nos forces et nos faiblesses pour l'ann\u00e9e que nous sommes entrain de passer. Nous pouvons au sorti de l\u00e0 dire&hellip;","robots":{"index":"index","follow":"follow","max-snippet":"max-snippet:-1","max-image-preview":"max-image-preview:large","max-video-preview":"max-video-preview:-1"},"canonical":"[:fr]Ce lundi 21 novembre 2022 s'est tennue \u00e0 Bafia la rencontre de l'\u00e9quipe op\u00e9rationnelle de la fondation ITAKA, et l'\u00e9quipe locale de Bafia. Il \u00e9tait question de v\u00e9rifier si les activit\u00e9s ont bien d\u00e9but\u00e9, \u00e9valuer nos forces et nos faiblesses pour l'ann\u00e9e que nous sommes entrain de passer. Nous pouvons au sorti de l\u00e0 dire&hellip;","og_locale":"en_US","og_type":"article","og_title":"- Proofs in Itaka-Escolapios","og_description":"[:fr]Ce lundi 21 novembre 2022 s'est tennue \u00e0 Bafia la rencontre de l'\u00e9quipe op\u00e9rationnelle de la fondation ITAKA, et l'\u00e9quipe locale de Bafia. Il \u00e9tait question de v\u00e9rifier si les activit\u00e9s ont bien d\u00e9but\u00e9, \u00e9valuer nos forces et nos faiblesses pour l'ann\u00e9e que nous sommes entrain de passer. Nous pouvons au sorti de l\u00e0 dire&hellip;","og_url":"https:\/\/www.itakaescolapios.org\/en\/2022\/11\/francais-descente-de-lequipe-operationnelle-de-la-fondation-itaka-escolapios-cameroun-dans-les-differents-sieges-siege-de-bafia\/","og_site_name":"Proofs in Itaka-Escolapios","article_published_time":"2022-11-22T08:41:06+00:00","article_modified_time":"2023-11-28T11:35:39+00:00","og_image":[{"width":1080,"height":810,"url":"https:\/\/www.itakaescolapios.org\/wp-content\/uploads\/2022\/11\/IMG-20221122-WA0024.jpg","type":"image\/jpeg"}],"author":"cameroun01","twitter_card":"summary_large_image","twitter_misc":{"Written by":"cameroun01"},"schema":{"@context":"https:\/\/schema.org","@graph":[{"@type":"Article","@id":"https:\/\/www.itakaescolapios.org\/en\/2022\/11\/francais-descente-de-lequipe-operationnelle-de-la-fondation-itaka-escolapios-cameroun-dans-les-differents-sieges-siege-de-bafia\/#article","isPartOf":{"@id":"https:\/\/www.itakaescolapios.org\/en\/2022\/11\/francais-descente-de-lequipe-operationnelle-de-la-fondation-itaka-escolapios-cameroun-dans-les-differents-sieges-siege-de-bafia\/"},"author":{"name":"cameroun01","@id":"https:\/\/www.itakaescolapios.org\/es\/#\/schema\/person\/d2844383e29bfdfef69039672ce14eb1"},"headline":"No title","datePublished":"2022-11-22T08:41:06+00:00","dateModified":"2023-11-28T11:35:39+00:00","mainEntityOfPage":{"@id":"https:\/\/www.itakaescolapios.org\/en\/2022\/11\/francais-descente-de-lequipe-operationnelle-de-la-fondation-itaka-escolapios-cameroun-dans-les-differents-sieges-siege-de-bafia\/"},"wordCount":88,"publisher":{"@id":"https:\/\/www.itakaescolapios.org\/es\/#organization"},"image":{"@id":"https:\/\/www.itakaescolapios.org\/en\/2022\/11\/francais-descente-de-lequipe-operationnelle-de-la-fondation-itaka-escolapios-cameroun-dans-les-differents-sieges-siege-de-bafia\/#primaryimage"},"thumbnailUrl":"https:\/\/www.itakaescolapios.org\/wp-content\/uploads\/2022\/11\/IMG-20221122-WA0024.jpg","articleSection":["Central Africa","Cameroon"],"inLanguage":"en-US"},{"@type":"WebPage","@id":"https:\/\/www.itakaescolapios.org\/en\/2022\/11\/francais-descente-de-lequipe-operationnelle-de-la-fondation-itaka-escolapios-cameroun-dans-les-differents-sieges-siege-de-bafia\/","url":"https:\/\/www.itakaescolapios.org\/en\/2022\/11\/francais-descente-de-lequipe-operationnelle-de-la-fondation-itaka-escolapios-cameroun-dans-les-differents-sieges-siege-de-bafia\/","name":"- Proofs in Itaka-Escolapios","isPartOf":{"@id":"https:\/\/www.itakaescolapios.org\/es\/#website"},"primaryImageOfPage":{"@id":"https:\/\/www.itakaescolapios.org\/en\/2022\/11\/francais-descente-de-lequipe-operationnelle-de-la-fondation-itaka-escolapios-cameroun-dans-les-differents-sieges-siege-de-bafia\/#primaryimage"},"image":{"@id":"https:\/\/www.itakaescolapios.org\/en\/2022\/11\/francais-descente-de-lequipe-operationnelle-de-la-fondation-itaka-escolapios-cameroun-dans-les-differents-sieges-siege-de-bafia\/#primaryimage"},"thumbnailUrl":"https:\/\/www.itakaescolapios.org\/wp-content\/uploads\/2022\/11\/IMG-20221122-WA0024.jpg","datePublished":"2022-11-22T08:41:06+00:00","dateModified":"2023-11-28T11:35:39+00:00","inLanguage":"en-US","potentialAction":[{"@type":"ReadAction","target":["https:\/\/www.itakaescolapios.org\/en\/2022\/11\/francais-descente-de-lequipe-operationnelle-de-la-fondation-itaka-escolapios-cameroun-dans-les-differents-sieges-siege-de-bafia\/"]}]},{"@type":"ImageObject","inLanguage":"en-US","@id":"https:\/\/www.itakaescolapios.org\/en\/2022\/11\/francais-descente-de-lequipe-operationnelle-de-la-fondation-itaka-escolapios-cameroun-dans-les-differents-sieges-siege-de-bafia\/#primaryimage","url":"https:\/\/www.itakaescolapios.org\/wp-content\/uploads\/2022\/11\/IMG-20221122-WA0024.jpg","contentUrl":"https:\/\/www.itakaescolapios.org\/wp-content\/uploads\/2022\/11\/IMG-20221122-WA0024.jpg","width":1080,"height":810},{"@type":"WebSite","@id":"https:\/\/www.itakaescolapios.org\/en\/es\/#website","url":"https:\/\/www.itakaescolapios.org\/en\/es\/","name":"Itaka-Escolapios","description":"Red de Itaka-Escolapios","publisher":{"@id":"https:\/\/www.itakaescolapios.org\/en\/es\/#organization"},"potentialAction":[{"@type":"SearchAction","target":{"@type":"EntryPoint","urlTemplate":"https:\/\/www.itakaescolapios.org\/en\/es\/?s={search_term_string}"},"query-input":{"@type":"PropertyValueSpecification","valueRequired":true,"valueName":"search_term_string"}}],"inLanguage":"en-US"},{"@type":"Organization","@id":"https:\/\/www.itakaescolapios.org\/en\/es\/#organization","name":"Fundaci\u00f3 Itaka-Escolapios","url":"https:\/\/www.itakaescolapios.org\/en\/es\/","logo":{"@type":"ImageObject","inLanguage":"en-US","@id":"https:\/\/www.itakaescolapios.org\/en\/es\/#\/schema\/logo\/image\/","url":"https:\/\/www.itakaescolapios.org\/wp-content\/uploads\/2024\/04\/Logo-itakaescolapios-peque.png","contentUrl":"https:\/\/www.itakaescolapios.org\/wp-content\/uploads\/2024\/04\/Logo-itakaescolapios-peque.png","width":500,"height":199,"caption":"Fundaci\u00f3 Itaka-Escolapios"},"image":{"@id":"https:\/\/www.itakaescolapios.org\/en\/es\/#\/schema\/logo\/image\/"}},{"@type":"Person","@id":"https:\/\/www.itakaescolapios.org\/es\/#\/schema\/person\/d2844383e29bfdfef69039672ce14eb1","name":"cameroun01","url":"https:\/\/www.itakaescolapios.org\/en\/author\/cameroun01\/"}]}},"_links":{"self":[{"href":"https:\/\/www.itakaescolapios.org\/en\/wp-json\/wp\/v2\/posts\/37957","targetHints":{"allow":["GET"]}}],"collection":[{"href":"https:\/\/www.itakaescolapios.org\/en\/wp-json\/wp\/v2\/posts"}],"about":[{"href":"https:\/\/www.itakaescolapios.org\/en\/wp-json\/wp\/v2\/types\/post"}],"author":[{"embeddable":true,"href":"https:\/\/www.itakaescolapios.org\/en\/wp-json\/wp\/v2\/users\/15"}],"replies":[{"embeddable":true,"href":"https:\/\/www.itakaescolapios.org\/en\/wp-json\/wp\/v2\/comments?post=37957"}],"version-history":[{"count":2,"href":"https:\/\/www.itakaescolapios.org\/en\/wp-json\/wp\/v2\/posts\/37957\/revisions"}],"predecessor-version":[{"id":43764,"href":"https:\/\/www.itakaescolapios.org\/en\/wp-json\/wp\/v2\/posts\/37957\/revisions\/43764"}],"wp:featuredmedia":[{"embeddable":true,"href":"https:\/\/www.itakaescolapios.org\/en\/wp-json\/wp\/v2\/media\/37959"}],"wp:attachment":[{"href":"https:\/\/www.itakaescolapios.org\/en\/wp-json\/wp\/v2\/media?parent=37957"}],"wp:term":[{"taxonomy":"category","embeddable":true,"href":"https:\/\/www.itakaescolapios.org\/en\/wp-json\/wp\/v2\/categories?post=37957"},{"taxonomy":"post_tag","embeddable":true,"href":"https:\/\/www.itakaescolapios.org\/en\/wp-json\/wp\/v2\/tags?post=37957"}],"curies":[{"name":"wp","href":"https:\/\/api.w.org\/{rel}","templated":true}]}}