{"id":38142,"date":"2022-12-19T10:44:43","date_gmt":"2022-12-19T09:44:43","guid":{"rendered":"https:\/\/www.itakaescolapios.org\/?p=38142"},"modified":"2023-11-28T12:35:38","modified_gmt":"2023-11-28T11:35:38","slug":"francais-ceremonie-denvoie-en-conge-de-noel-au-complexe-scolaire-bilingue-saint-joseph-calasanz-de-malibe-1","status":"publish","type":"post","link":"https:\/\/www.itakaescolapios.org\/en\/2022\/12\/francais-ceremonie-denvoie-en-conge-de-noel-au-complexe-scolaire-bilingue-saint-joseph-calasanz-de-malibe-1\/","title":{"rendered":""},"content":{"rendered":"<p>[:fr]Samedi dernier,\u00a0 17 d\u00e9cembre 2022 s\u2019est tenu au Complexe Scolaire Bilingue Saint Joseph Calasanz de Malib\u00e9 1 ( Gabon) la c\u00e9l\u00e9bration de l\u2019arbre de no\u00ebl. Au programme messe avec les enfants et leurs parents, Hymne nationale, discours de bienvenue par les enfants, discours du pr\u00e9sident de l\u2019APE, pr\u00e9sentation des clubs, pr\u00e9sentation individuelle des \u00e9l\u00e8ves, remise de la prime de l\u2019excellence aux \u00e9l\u00e8ves et enseignants par l\u2019APE, remise des certificats d\u2019excellence et tableaux d\u2019honneur par l\u2019\u00e9cole puis un casse-croute. C\u2019\u00e9tait une belle c\u00e9r\u00e9monie de cl\u00f4ture de l\u2019ann\u00e9e 2022. Rendez-vous en 2023 pour la reprise des cours.<\/p>\n<p><img decoding=\"async\" class=\"size-full wp-image-38146 aligncenter\" src=\"https:\/\/www.itakaescolapios.org\/wp-content\/uploads\/2022\/12\/WhatsApp-Image-2022-12-17-at-1.50.55-PM-1.jpeg\" alt=\"\" width=\"1280\" height=\"721\" srcset=\"https:\/\/www.itakaescolapios.org\/wp-content\/uploads\/2022\/12\/WhatsApp-Image-2022-12-17-at-1.50.55-PM-1.jpeg 1280w, https:\/\/www.itakaescolapios.org\/wp-content\/uploads\/2022\/12\/WhatsApp-Image-2022-12-17-at-1.50.55-PM-1-300x169.jpeg 300w, https:\/\/www.itakaescolapios.org\/wp-content\/uploads\/2022\/12\/WhatsApp-Image-2022-12-17-at-1.50.55-PM-1-1024x577.jpeg 1024w, https:\/\/www.itakaescolapios.org\/wp-content\/uploads\/2022\/12\/WhatsApp-Image-2022-12-17-at-1.50.55-PM-1-768x433.jpeg 768w, https:\/\/www.itakaescolapios.org\/wp-content\/uploads\/2022\/12\/WhatsApp-Image-2022-12-17-at-1.50.55-PM-1-250x141.jpeg 250w, https:\/\/www.itakaescolapios.org\/wp-content\/uploads\/2022\/12\/WhatsApp-Image-2022-12-17-at-1.50.55-PM-1-1080x608.jpeg 1080w\" sizes=\"(max-width: 1280px) 100vw, 1280px\" \/><\/p>\n<div style=\"width: 640px;\" class=\"wp-video\"><video class=\"wp-video-shortcode\" id=\"video-38142-1\" width=\"640\" height=\"352\" preload=\"metadata\" controls=\"controls\"><source type=\"video\/mp4\" src=\"https:\/\/www.itakaescolapios.org\/wp-content\/uploads\/2022\/12\/WhatsApp-Video-2022-12-17-at-1.50.54-PM-1.mp4?_=1\" \/><a href=\"https:\/\/www.itakaescolapios.org\/wp-content\/uploads\/2022\/12\/WhatsApp-Video-2022-12-17-at-1.50.54-PM-1.mp4\">https:\/\/www.itakaescolapios.org\/wp-content\/uploads\/2022\/12\/WhatsApp-Video-2022-12-17-at-1.50.54-PM-1.mp4<\/a><\/video><\/div>\n<p>&nbsp;<\/p>\n<p><div style=\"width: 640px;\" class=\"wp-video\"><video class=\"wp-video-shortcode\" id=\"video-38142-2\" width=\"640\" height=\"352\" preload=\"metadata\" controls=\"controls\"><source type=\"video\/mp4\" src=\"https:\/\/www.itakaescolapios.org\/wp-content\/uploads\/2022\/12\/WhatsApp-Video-2022-12-17-at-1.50.54-PM.mp4?_=2\" \/><a href=\"https:\/\/www.itakaescolapios.org\/wp-content\/uploads\/2022\/12\/WhatsApp-Video-2022-12-17-at-1.50.54-PM.mp4\">https:\/\/www.itakaescolapios.org\/wp-content\/uploads\/2022\/12\/WhatsApp-Video-2022-12-17-at-1.50.54-PM.mp4<\/a><\/video><\/div>[:]<\/p>\n","protected":false},"excerpt":{"rendered":"<p>[:fr]Samedi dernier,\u00a0 17 d\u00e9cembre 2022 s\u2019est tenu au Complexe Scolaire Bilingue Saint Joseph Calasanz de Malib\u00e9 1 ( Gabon) la c\u00e9l\u00e9bration de l\u2019arbre de no\u00ebl. Au programme messe avec les [&hellip;]<\/p>\n","protected":false},"author":15,"featured_media":38145,"comment_status":"closed","ping_status":"closed","sticky":false,"template":"","format":"standard","meta":{"_et_pb_use_builder":"","_et_pb_old_content":"","_et_gb_content_width":"","footnotes":""},"categories":[53,10],"tags":[],"class_list":["post-38142","post","type-post","status-publish","format-standard","has-post-thumbnail","hentry","category-africa-central","category-camerun"],"yoast_head":"<!-- This site is optimized with the Yoast SEO plugin v27.4 - https:\/\/yoast.com\/product\/yoast-seo-wordpress\/ -->\n<title>- Proofs in Itaka-Escolapios<\/title>\n<meta name=\"description\" content=\"[:fr]Samedi dernier,\u00a0 17 d\u00e9cembre 2022 s\u2019est tenu au Complexe Scolaire Bilingue Saint Joseph Calasanz de Malib\u00e9 1 ( Gabon) la c\u00e9l\u00e9bration de l\u2019arbre de no\u00ebl. Au programme messe avec les enfants et leurs parents, Hymne nationale, discours de bienvenue par les enfants, discours du pr\u00e9sident de l\u2019APE, pr\u00e9sentation des clubs, pr\u00e9sentation individuelle des \u00e9l\u00e8ves, remise&hellip;\" \/>\n<meta name=\"robots\" content=\"index, follow, max-snippet:-1, max-image-preview:large, max-video-preview:-1\" \/>\n<link rel=\"canonical\" href=\"\" \/>\n<meta property=\"og:locale\" content=\"en_US\" \/>\n<meta property=\"og:type\" content=\"article\" \/>\n<meta property=\"og:title\" content=\"- Proofs in Itaka-Escolapios\" \/>\n<meta property=\"og:description\" content=\"[:fr]Samedi dernier,\u00a0 17 d\u00e9cembre 2022 s\u2019est tenu au Complexe Scolaire Bilingue Saint Joseph Calasanz de Malib\u00e9 1 ( Gabon) la c\u00e9l\u00e9bration de l\u2019arbre de no\u00ebl. Au programme messe avec les enfants et leurs parents, Hymne nationale, discours de bienvenue par les enfants, discours du pr\u00e9sident de l\u2019APE, pr\u00e9sentation des clubs, pr\u00e9sentation individuelle des \u00e9l\u00e8ves, remise&hellip;\" \/>\n<meta property=\"og:url\" content=\"https:\/\/www.itakaescolapios.org\/en\/2022\/12\/francais-ceremonie-denvoie-en-conge-de-noel-au-complexe-scolaire-bilingue-saint-joseph-calasanz-de-malibe-1\/\" \/>\n<meta property=\"og:site_name\" content=\"Proofs in Itaka-Escolapios\" \/>\n<meta property=\"article:published_time\" content=\"2022-12-19T09:44:43+00:00\" \/>\n<meta property=\"article:modified_time\" content=\"2023-11-28T11:35:38+00:00\" \/>\n<meta property=\"og:image\" content=\"https:\/\/www.itakaescolapios.org\/wp-content\/uploads\/2022\/12\/WhatsApp-Image-2022-12-17-at-1.50.56-PM.jpeg\" \/>\n\t<meta property=\"og:image:width\" content=\"1280\" \/>\n\t<meta property=\"og:image:height\" content=\"960\" \/>\n\t<meta property=\"og:image:type\" content=\"image\/jpeg\" \/>\n<meta name=\"author\" content=\"cameroun01\" \/>\n<meta name=\"twitter:card\" content=\"summary_large_image\" \/>\n<meta name=\"twitter:label1\" content=\"Written by\" \/>\n\t<meta name=\"twitter:data1\" content=\"cameroun01\" \/>\n\t<meta name=\"twitter:label2\" content=\"Est. reading time\" \/>\n\t<meta name=\"twitter:data2\" content=\"1 minute\" \/>\n<script type=\"application\/ld+json\" class=\"yoast-schema-graph\">{\"@context\":\"https:\\\/\\\/schema.org\",\"@graph\":[{\"@type\":\"Article\",\"@id\":\"https:\\\/\\\/www.itakaescolapios.org\\\/en\\\/2022\\\/12\\\/francais-ceremonie-denvoie-en-conge-de-noel-au-complexe-scolaire-bilingue-saint-joseph-calasanz-de-malibe-1\\\/#article\",\"isPartOf\":{\"@id\":\"https:\\\/\\\/www.itakaescolapios.org\\\/en\\\/2022\\\/12\\\/francais-ceremonie-denvoie-en-conge-de-noel-au-complexe-scolaire-bilingue-saint-joseph-calasanz-de-malibe-1\\\/\"},\"author\":{\"name\":\"cameroun01\",\"@id\":\"https:\\\/\\\/www.itakaescolapios.org\\\/es\\\/#\\\/schema\\\/person\\\/d2844383e29bfdfef69039672ce14eb1\"},\"headline\":\"No title\",\"datePublished\":\"2022-12-19T09:44:43+00:00\",\"dateModified\":\"2023-11-28T11:35:38+00:00\",\"mainEntityOfPage\":{\"@id\":\"https:\\\/\\\/www.itakaescolapios.org\\\/en\\\/2022\\\/12\\\/francais-ceremonie-denvoie-en-conge-de-noel-au-complexe-scolaire-bilingue-saint-joseph-calasanz-de-malibe-1\\\/\"},\"wordCount\":148,\"publisher\":{\"@id\":\"https:\\\/\\\/www.itakaescolapios.org\\\/es\\\/#organization\"},\"image\":{\"@id\":\"https:\\\/\\\/www.itakaescolapios.org\\\/en\\\/2022\\\/12\\\/francais-ceremonie-denvoie-en-conge-de-noel-au-complexe-scolaire-bilingue-saint-joseph-calasanz-de-malibe-1\\\/#primaryimage\"},\"thumbnailUrl\":\"https:\\\/\\\/www.itakaescolapios.org\\\/wp-content\\\/uploads\\\/2022\\\/12\\\/WhatsApp-Image-2022-12-17-at-1.50.56-PM.jpeg\",\"articleSection\":[\"Central Africa\",\"Cameroon\"],\"inLanguage\":\"en-US\"},{\"@type\":\"WebPage\",\"@id\":\"https:\\\/\\\/www.itakaescolapios.org\\\/en\\\/2022\\\/12\\\/francais-ceremonie-denvoie-en-conge-de-noel-au-complexe-scolaire-bilingue-saint-joseph-calasanz-de-malibe-1\\\/\",\"url\":\"https:\\\/\\\/www.itakaescolapios.org\\\/en\\\/2022\\\/12\\\/francais-ceremonie-denvoie-en-conge-de-noel-au-complexe-scolaire-bilingue-saint-joseph-calasanz-de-malibe-1\\\/\",\"name\":\"- Proofs in Itaka-Escolapios\",\"isPartOf\":{\"@id\":\"https:\\\/\\\/www.itakaescolapios.org\\\/es\\\/#website\"},\"primaryImageOfPage\":{\"@id\":\"https:\\\/\\\/www.itakaescolapios.org\\\/en\\\/2022\\\/12\\\/francais-ceremonie-denvoie-en-conge-de-noel-au-complexe-scolaire-bilingue-saint-joseph-calasanz-de-malibe-1\\\/#primaryimage\"},\"image\":{\"@id\":\"https:\\\/\\\/www.itakaescolapios.org\\\/en\\\/2022\\\/12\\\/francais-ceremonie-denvoie-en-conge-de-noel-au-complexe-scolaire-bilingue-saint-joseph-calasanz-de-malibe-1\\\/#primaryimage\"},\"thumbnailUrl\":\"https:\\\/\\\/www.itakaescolapios.org\\\/wp-content\\\/uploads\\\/2022\\\/12\\\/WhatsApp-Image-2022-12-17-at-1.50.56-PM.jpeg\",\"datePublished\":\"2022-12-19T09:44:43+00:00\",\"dateModified\":\"2023-11-28T11:35:38+00:00\",\"inLanguage\":\"en-US\",\"potentialAction\":[{\"@type\":\"ReadAction\",\"target\":[\"https:\\\/\\\/www.itakaescolapios.org\\\/en\\\/2022\\\/12\\\/francais-ceremonie-denvoie-en-conge-de-noel-au-complexe-scolaire-bilingue-saint-joseph-calasanz-de-malibe-1\\\/\"]}]},{\"@type\":\"ImageObject\",\"inLanguage\":\"en-US\",\"@id\":\"https:\\\/\\\/www.itakaescolapios.org\\\/en\\\/2022\\\/12\\\/francais-ceremonie-denvoie-en-conge-de-noel-au-complexe-scolaire-bilingue-saint-joseph-calasanz-de-malibe-1\\\/#primaryimage\",\"url\":\"https:\\\/\\\/www.itakaescolapios.org\\\/wp-content\\\/uploads\\\/2022\\\/12\\\/WhatsApp-Image-2022-12-17-at-1.50.56-PM.jpeg\",\"contentUrl\":\"https:\\\/\\\/www.itakaescolapios.org\\\/wp-content\\\/uploads\\\/2022\\\/12\\\/WhatsApp-Image-2022-12-17-at-1.50.56-PM.jpeg\",\"width\":1280,\"height\":960},{\"@type\":\"WebSite\",\"@id\":\"https:\\\/\\\/www.itakaescolapios.org\\\/en\\\/es\\\/#website\",\"url\":\"https:\\\/\\\/www.itakaescolapios.org\\\/en\\\/es\\\/\",\"name\":\"Itaka-Escolapios\",\"description\":\"Red de Itaka-Escolapios\",\"publisher\":{\"@id\":\"https:\\\/\\\/www.itakaescolapios.org\\\/en\\\/es\\\/#organization\"},\"potentialAction\":[{\"@type\":\"SearchAction\",\"target\":{\"@type\":\"EntryPoint\",\"urlTemplate\":\"https:\\\/\\\/www.itakaescolapios.org\\\/en\\\/es\\\/?s={search_term_string}\"},\"query-input\":{\"@type\":\"PropertyValueSpecification\",\"valueRequired\":true,\"valueName\":\"search_term_string\"}}],\"inLanguage\":\"en-US\"},{\"@type\":\"Organization\",\"@id\":\"https:\\\/\\\/www.itakaescolapios.org\\\/en\\\/es\\\/#organization\",\"name\":\"Fundaci\u00f3 Itaka-Escolapios\",\"url\":\"https:\\\/\\\/www.itakaescolapios.org\\\/en\\\/es\\\/\",\"logo\":{\"@type\":\"ImageObject\",\"inLanguage\":\"en-US\",\"@id\":\"https:\\\/\\\/www.itakaescolapios.org\\\/en\\\/es\\\/#\\\/schema\\\/logo\\\/image\\\/\",\"url\":\"https:\\\/\\\/www.itakaescolapios.org\\\/wp-content\\\/uploads\\\/2024\\\/04\\\/Logo-itakaescolapios-peque.png\",\"contentUrl\":\"https:\\\/\\\/www.itakaescolapios.org\\\/wp-content\\\/uploads\\\/2024\\\/04\\\/Logo-itakaescolapios-peque.png\",\"width\":500,\"height\":199,\"caption\":\"Fundaci\u00f3 Itaka-Escolapios\"},\"image\":{\"@id\":\"https:\\\/\\\/www.itakaescolapios.org\\\/en\\\/es\\\/#\\\/schema\\\/logo\\\/image\\\/\"}},{\"@type\":\"Person\",\"@id\":\"https:\\\/\\\/www.itakaescolapios.org\\\/es\\\/#\\\/schema\\\/person\\\/d2844383e29bfdfef69039672ce14eb1\",\"name\":\"cameroun01\",\"url\":\"https:\\\/\\\/www.itakaescolapios.org\\\/en\\\/author\\\/cameroun01\\\/\"}]}<\/script>\n<!-- \/ Yoast SEO plugin. -->","yoast_head_json":{"title":"- Proofs in Itaka-Escolapios","description":"[:fr]Samedi dernier,\u00a0 17 d\u00e9cembre 2022 s\u2019est tenu au Complexe Scolaire Bilingue Saint Joseph Calasanz de Malib\u00e9 1 ( Gabon) la c\u00e9l\u00e9bration de l\u2019arbre de no\u00ebl. Au programme messe avec les enfants et leurs parents, Hymne nationale, discours de bienvenue par les enfants, discours du pr\u00e9sident de l\u2019APE, pr\u00e9sentation des clubs, pr\u00e9sentation individuelle des \u00e9l\u00e8ves, remise&hellip;","robots":{"index":"index","follow":"follow","max-snippet":"max-snippet:-1","max-image-preview":"max-image-preview:large","max-video-preview":"max-video-preview:-1"},"canonical":"[:fr]Samedi dernier,\u00a0 17 d\u00e9cembre 2022 s\u2019est tenu au Complexe Scolaire Bilingue Saint Joseph Calasanz de Malib\u00e9 1 ( Gabon) la c\u00e9l\u00e9bration de l\u2019arbre de no\u00ebl. Au programme messe avec les enfants et leurs parents, Hymne nationale, discours de bienvenue par les enfants, discours du pr\u00e9sident de l\u2019APE, pr\u00e9sentation des clubs, pr\u00e9sentation individuelle des \u00e9l\u00e8ves, remise&hellip;","og_locale":"en_US","og_type":"article","og_title":"- Proofs in Itaka-Escolapios","og_description":"[:fr]Samedi dernier,\u00a0 17 d\u00e9cembre 2022 s\u2019est tenu au Complexe Scolaire Bilingue Saint Joseph Calasanz de Malib\u00e9 1 ( Gabon) la c\u00e9l\u00e9bration de l\u2019arbre de no\u00ebl. Au programme messe avec les enfants et leurs parents, Hymne nationale, discours de bienvenue par les enfants, discours du pr\u00e9sident de l\u2019APE, pr\u00e9sentation des clubs, pr\u00e9sentation individuelle des \u00e9l\u00e8ves, remise&hellip;","og_url":"https:\/\/www.itakaescolapios.org\/en\/2022\/12\/francais-ceremonie-denvoie-en-conge-de-noel-au-complexe-scolaire-bilingue-saint-joseph-calasanz-de-malibe-1\/","og_site_name":"Proofs in Itaka-Escolapios","article_published_time":"2022-12-19T09:44:43+00:00","article_modified_time":"2023-11-28T11:35:38+00:00","og_image":[{"width":1280,"height":960,"url":"https:\/\/www.itakaescolapios.org\/wp-content\/uploads\/2022\/12\/WhatsApp-Image-2022-12-17-at-1.50.56-PM.jpeg","type":"image\/jpeg"}],"author":"cameroun01","twitter_card":"summary_large_image","twitter_misc":{"Written by":"cameroun01","Est. reading time":"1 minute"},"schema":{"@context":"https:\/\/schema.org","@graph":[{"@type":"Article","@id":"https:\/\/www.itakaescolapios.org\/en\/2022\/12\/francais-ceremonie-denvoie-en-conge-de-noel-au-complexe-scolaire-bilingue-saint-joseph-calasanz-de-malibe-1\/#article","isPartOf":{"@id":"https:\/\/www.itakaescolapios.org\/en\/2022\/12\/francais-ceremonie-denvoie-en-conge-de-noel-au-complexe-scolaire-bilingue-saint-joseph-calasanz-de-malibe-1\/"},"author":{"name":"cameroun01","@id":"https:\/\/www.itakaescolapios.org\/es\/#\/schema\/person\/d2844383e29bfdfef69039672ce14eb1"},"headline":"No title","datePublished":"2022-12-19T09:44:43+00:00","dateModified":"2023-11-28T11:35:38+00:00","mainEntityOfPage":{"@id":"https:\/\/www.itakaescolapios.org\/en\/2022\/12\/francais-ceremonie-denvoie-en-conge-de-noel-au-complexe-scolaire-bilingue-saint-joseph-calasanz-de-malibe-1\/"},"wordCount":148,"publisher":{"@id":"https:\/\/www.itakaescolapios.org\/es\/#organization"},"image":{"@id":"https:\/\/www.itakaescolapios.org\/en\/2022\/12\/francais-ceremonie-denvoie-en-conge-de-noel-au-complexe-scolaire-bilingue-saint-joseph-calasanz-de-malibe-1\/#primaryimage"},"thumbnailUrl":"https:\/\/www.itakaescolapios.org\/wp-content\/uploads\/2022\/12\/WhatsApp-Image-2022-12-17-at-1.50.56-PM.jpeg","articleSection":["Central Africa","Cameroon"],"inLanguage":"en-US"},{"@type":"WebPage","@id":"https:\/\/www.itakaescolapios.org\/en\/2022\/12\/francais-ceremonie-denvoie-en-conge-de-noel-au-complexe-scolaire-bilingue-saint-joseph-calasanz-de-malibe-1\/","url":"https:\/\/www.itakaescolapios.org\/en\/2022\/12\/francais-ceremonie-denvoie-en-conge-de-noel-au-complexe-scolaire-bilingue-saint-joseph-calasanz-de-malibe-1\/","name":"- Proofs in Itaka-Escolapios","isPartOf":{"@id":"https:\/\/www.itakaescolapios.org\/es\/#website"},"primaryImageOfPage":{"@id":"https:\/\/www.itakaescolapios.org\/en\/2022\/12\/francais-ceremonie-denvoie-en-conge-de-noel-au-complexe-scolaire-bilingue-saint-joseph-calasanz-de-malibe-1\/#primaryimage"},"image":{"@id":"https:\/\/www.itakaescolapios.org\/en\/2022\/12\/francais-ceremonie-denvoie-en-conge-de-noel-au-complexe-scolaire-bilingue-saint-joseph-calasanz-de-malibe-1\/#primaryimage"},"thumbnailUrl":"https:\/\/www.itakaescolapios.org\/wp-content\/uploads\/2022\/12\/WhatsApp-Image-2022-12-17-at-1.50.56-PM.jpeg","datePublished":"2022-12-19T09:44:43+00:00","dateModified":"2023-11-28T11:35:38+00:00","inLanguage":"en-US","potentialAction":[{"@type":"ReadAction","target":["https:\/\/www.itakaescolapios.org\/en\/2022\/12\/francais-ceremonie-denvoie-en-conge-de-noel-au-complexe-scolaire-bilingue-saint-joseph-calasanz-de-malibe-1\/"]}]},{"@type":"ImageObject","inLanguage":"en-US","@id":"https:\/\/www.itakaescolapios.org\/en\/2022\/12\/francais-ceremonie-denvoie-en-conge-de-noel-au-complexe-scolaire-bilingue-saint-joseph-calasanz-de-malibe-1\/#primaryimage","url":"https:\/\/www.itakaescolapios.org\/wp-content\/uploads\/2022\/12\/WhatsApp-Image-2022-12-17-at-1.50.56-PM.jpeg","contentUrl":"https:\/\/www.itakaescolapios.org\/wp-content\/uploads\/2022\/12\/WhatsApp-Image-2022-12-17-at-1.50.56-PM.jpeg","width":1280,"height":960},{"@type":"WebSite","@id":"https:\/\/www.itakaescolapios.org\/en\/es\/#website","url":"https:\/\/www.itakaescolapios.org\/en\/es\/","name":"Itaka-Escolapios","description":"Red de Itaka-Escolapios","publisher":{"@id":"https:\/\/www.itakaescolapios.org\/en\/es\/#organization"},"potentialAction":[{"@type":"SearchAction","target":{"@type":"EntryPoint","urlTemplate":"https:\/\/www.itakaescolapios.org\/en\/es\/?s={search_term_string}"},"query-input":{"@type":"PropertyValueSpecification","valueRequired":true,"valueName":"search_term_string"}}],"inLanguage":"en-US"},{"@type":"Organization","@id":"https:\/\/www.itakaescolapios.org\/en\/es\/#organization","name":"Fundaci\u00f3 Itaka-Escolapios","url":"https:\/\/www.itakaescolapios.org\/en\/es\/","logo":{"@type":"ImageObject","inLanguage":"en-US","@id":"https:\/\/www.itakaescolapios.org\/en\/es\/#\/schema\/logo\/image\/","url":"https:\/\/www.itakaescolapios.org\/wp-content\/uploads\/2024\/04\/Logo-itakaescolapios-peque.png","contentUrl":"https:\/\/www.itakaescolapios.org\/wp-content\/uploads\/2024\/04\/Logo-itakaescolapios-peque.png","width":500,"height":199,"caption":"Fundaci\u00f3 Itaka-Escolapios"},"image":{"@id":"https:\/\/www.itakaescolapios.org\/en\/es\/#\/schema\/logo\/image\/"}},{"@type":"Person","@id":"https:\/\/www.itakaescolapios.org\/es\/#\/schema\/person\/d2844383e29bfdfef69039672ce14eb1","name":"cameroun01","url":"https:\/\/www.itakaescolapios.org\/en\/author\/cameroun01\/"}]}},"_links":{"self":[{"href":"https:\/\/www.itakaescolapios.org\/en\/wp-json\/wp\/v2\/posts\/38142","targetHints":{"allow":["GET"]}}],"collection":[{"href":"https:\/\/www.itakaescolapios.org\/en\/wp-json\/wp\/v2\/posts"}],"about":[{"href":"https:\/\/www.itakaescolapios.org\/en\/wp-json\/wp\/v2\/types\/post"}],"author":[{"embeddable":true,"href":"https:\/\/www.itakaescolapios.org\/en\/wp-json\/wp\/v2\/users\/15"}],"replies":[{"embeddable":true,"href":"https:\/\/www.itakaescolapios.org\/en\/wp-json\/wp\/v2\/comments?post=38142"}],"version-history":[{"count":3,"href":"https:\/\/www.itakaescolapios.org\/en\/wp-json\/wp\/v2\/posts\/38142\/revisions"}],"predecessor-version":[{"id":43745,"href":"https:\/\/www.itakaescolapios.org\/en\/wp-json\/wp\/v2\/posts\/38142\/revisions\/43745"}],"wp:featuredmedia":[{"embeddable":true,"href":"https:\/\/www.itakaescolapios.org\/en\/wp-json\/wp\/v2\/media\/38145"}],"wp:attachment":[{"href":"https:\/\/www.itakaescolapios.org\/en\/wp-json\/wp\/v2\/media?parent=38142"}],"wp:term":[{"taxonomy":"category","embeddable":true,"href":"https:\/\/www.itakaescolapios.org\/en\/wp-json\/wp\/v2\/categories?post=38142"},{"taxonomy":"post_tag","embeddable":true,"href":"https:\/\/www.itakaescolapios.org\/en\/wp-json\/wp\/v2\/tags?post=38142"}],"curies":[{"name":"wp","href":"https:\/\/api.w.org\/{rel}","templated":true}]}}