{"id":38172,"date":"2022-12-20T11:04:02","date_gmt":"2022-12-20T10:04:02","guid":{"rendered":"https:\/\/www.itakaescolapios.org\/?p=38172"},"modified":"2023-11-28T12:35:38","modified_gmt":"2023-11-28T11:35:38","slug":"francais-benediction-de-la-quasi-paroisse-saint-joseph-de-calasanz-par-larcheveque-de-libreville-monseigneur-jean-patrick-ibaba","status":"publish","type":"post","link":"https:\/\/www.itakaescolapios.org\/en\/2022\/12\/francais-benediction-de-la-quasi-paroisse-saint-joseph-de-calasanz-par-larcheveque-de-libreville-monseigneur-jean-patrick-ibaba\/","title":{"rendered":""},"content":{"rendered":"<p>[:fr]Quoi de mieux que ce 4\u00e8me Dimanche de temps de l\u2019avent, jour de la virginit\u00e9 f\u00e9conde annonc\u00e9e par les proph\u00e8tes, accomplie en Marie et d\u00e9ploy\u00e9e dans l\u2019Eglise pour b\u00e9nir la Quasi Paroisse Saint Joseph de CALASANZ \u00e0 Malib\u00e9 1. Autour de l&#8217;\u00e9v\u00eaque de Libreville, Son Excellence Mgr Jean Patrick IBABA, de l\u2019administrateur, de l\u2019\u00e9conome et du vicaire de la quasi paroisse Saint Joseph de CALASANZ respectivement, P\u00e8re Hippolyte Wirnkar TANFEN, p\u00e8re Emmanuel AZIWUNG TANKENG et p\u00e8re Andr\u00e9 Serge FOUDA \u00e9taient venus vivre cet \u00e9v\u00e8nement, les p\u00e8res Justine GHANI SUNJOH, repr\u00e9sentant le doyenn\u00e9 Saint Augustin, Cyrille Z\u00e9phirin OMGBA MBARGA repr\u00e9sentant la communaut\u00e9 Saint Louis Marie Grignon de Montfort, le chef du quartier de malib\u00e9 1, l\u2019ambassadrice du Cameroun au Gabon. Celle-ci a la capacit\u00e9 de 500 places assises et deux bureaux. La communaut\u00e9 en liesse est un signal fort d&#8217;une Eglise engag\u00e9e \u00e0 l&#8217;apostolat et l&#8217;\u00e9vang\u00e9lisation.<\/p>\n<p><img decoding=\"async\" class=\"size-full wp-image-38173 aligncenter\" src=\"https:\/\/www.itakaescolapios.org\/wp-content\/uploads\/2022\/12\/WhatsApp-Image-2022-12-20-at-10.25.54-AM.jpeg\" alt=\"\" width=\"1000\" height=\"666\" srcset=\"https:\/\/www.itakaescolapios.org\/wp-content\/uploads\/2022\/12\/WhatsApp-Image-2022-12-20-at-10.25.54-AM.jpeg 1000w, https:\/\/www.itakaescolapios.org\/wp-content\/uploads\/2022\/12\/WhatsApp-Image-2022-12-20-at-10.25.54-AM-300x200.jpeg 300w, https:\/\/www.itakaescolapios.org\/wp-content\/uploads\/2022\/12\/WhatsApp-Image-2022-12-20-at-10.25.54-AM-768x511.jpeg 768w, https:\/\/www.itakaescolapios.org\/wp-content\/uploads\/2022\/12\/WhatsApp-Image-2022-12-20-at-10.25.54-AM-250x167.jpeg 250w\" sizes=\"(max-width: 1000px) 100vw, 1000px\" \/><\/p>\n<p><img decoding=\"async\" class=\"size-full wp-image-38175 aligncenter\" src=\"https:\/\/www.itakaescolapios.org\/wp-content\/uploads\/2022\/12\/WhatsApp-Image-2022-12-20-at-10.25.49-AM.jpeg\" alt=\"\" width=\"1000\" height=\"666\" srcset=\"https:\/\/www.itakaescolapios.org\/wp-content\/uploads\/2022\/12\/WhatsApp-Image-2022-12-20-at-10.25.49-AM.jpeg 1000w, https:\/\/www.itakaescolapios.org\/wp-content\/uploads\/2022\/12\/WhatsApp-Image-2022-12-20-at-10.25.49-AM-300x200.jpeg 300w, https:\/\/www.itakaescolapios.org\/wp-content\/uploads\/2022\/12\/WhatsApp-Image-2022-12-20-at-10.25.49-AM-768x511.jpeg 768w, https:\/\/www.itakaescolapios.org\/wp-content\/uploads\/2022\/12\/WhatsApp-Image-2022-12-20-at-10.25.49-AM-250x167.jpeg 250w\" sizes=\"(max-width: 1000px) 100vw, 1000px\" \/><\/p>\n<p><img decoding=\"async\" class=\"size-full wp-image-38176 aligncenter\" src=\"https:\/\/www.itakaescolapios.org\/wp-content\/uploads\/2022\/12\/WhatsApp-Image-2022-12-20-at-10.25.59-AM.jpeg\" alt=\"\" width=\"1080\" height=\"720\" srcset=\"https:\/\/www.itakaescolapios.org\/wp-content\/uploads\/2022\/12\/WhatsApp-Image-2022-12-20-at-10.25.59-AM.jpeg 1080w, https:\/\/www.itakaescolapios.org\/wp-content\/uploads\/2022\/12\/WhatsApp-Image-2022-12-20-at-10.25.59-AM-300x200.jpeg 300w, https:\/\/www.itakaescolapios.org\/wp-content\/uploads\/2022\/12\/WhatsApp-Image-2022-12-20-at-10.25.59-AM-1024x683.jpeg 1024w, https:\/\/www.itakaescolapios.org\/wp-content\/uploads\/2022\/12\/WhatsApp-Image-2022-12-20-at-10.25.59-AM-768x512.jpeg 768w, https:\/\/www.itakaescolapios.org\/wp-content\/uploads\/2022\/12\/WhatsApp-Image-2022-12-20-at-10.25.59-AM-250x167.jpeg 250w\" sizes=\"(max-width: 1080px) 100vw, 1080px\" \/>[:]<\/p>\n","protected":false},"excerpt":{"rendered":"<p>[:fr]Quoi de mieux que ce 4\u00e8me Dimanche de temps de l\u2019avent, jour de la virginit\u00e9 f\u00e9conde annonc\u00e9e par les proph\u00e8tes, accomplie en Marie et d\u00e9ploy\u00e9e dans l\u2019Eglise pour b\u00e9nir la [&hellip;]<\/p>\n","protected":false},"author":15,"featured_media":38174,"comment_status":"closed","ping_status":"closed","sticky":false,"template":"","format":"standard","meta":{"_et_pb_use_builder":"","_et_pb_old_content":"","_et_gb_content_width":"","footnotes":""},"categories":[53,285],"tags":[],"class_list":["post-38172","post","type-post","status-publish","format-standard","has-post-thumbnail","hentry","category-africa-central","category-gabon"],"yoast_head":"<!-- This site is optimized with the Yoast SEO plugin v27.4 - https:\/\/yoast.com\/product\/yoast-seo-wordpress\/ -->\n<title>- Proofs in Itaka-Escolapios<\/title>\n<meta name=\"description\" content=\"[:fr]Quoi de mieux que ce 4\u00e8me Dimanche de temps de l\u2019avent, jour de la virginit\u00e9 f\u00e9conde annonc\u00e9e par les proph\u00e8tes, accomplie en Marie et d\u00e9ploy\u00e9e dans l\u2019Eglise pour b\u00e9nir la Quasi Paroisse Saint Joseph de CALASANZ \u00e0 Malib\u00e9 1. Autour de l&#039;\u00e9v\u00eaque de Libreville, Son Excellence Mgr Jean Patrick IBABA, de l\u2019administrateur, de l\u2019\u00e9conome et&hellip;\" \/>\n<meta name=\"robots\" content=\"index, follow, max-snippet:-1, max-image-preview:large, max-video-preview:-1\" \/>\n<link rel=\"canonical\" href=\"\" \/>\n<meta property=\"og:locale\" content=\"en_US\" \/>\n<meta property=\"og:type\" content=\"article\" \/>\n<meta property=\"og:title\" content=\"- Proofs in Itaka-Escolapios\" \/>\n<meta property=\"og:description\" content=\"[:fr]Quoi de mieux que ce 4\u00e8me Dimanche de temps de l\u2019avent, jour de la virginit\u00e9 f\u00e9conde annonc\u00e9e par les proph\u00e8tes, accomplie en Marie et d\u00e9ploy\u00e9e dans l\u2019Eglise pour b\u00e9nir la Quasi Paroisse Saint Joseph de CALASANZ \u00e0 Malib\u00e9 1. Autour de l&#039;\u00e9v\u00eaque de Libreville, Son Excellence Mgr Jean Patrick IBABA, de l\u2019administrateur, de l\u2019\u00e9conome et&hellip;\" \/>\n<meta property=\"og:url\" content=\"https:\/\/www.itakaescolapios.org\/en\/2022\/12\/francais-benediction-de-la-quasi-paroisse-saint-joseph-de-calasanz-par-larcheveque-de-libreville-monseigneur-jean-patrick-ibaba\/\" \/>\n<meta property=\"og:site_name\" content=\"Proofs in Itaka-Escolapios\" \/>\n<meta property=\"article:published_time\" content=\"2022-12-20T10:04:02+00:00\" \/>\n<meta property=\"article:modified_time\" content=\"2023-11-28T11:35:38+00:00\" \/>\n<meta property=\"og:image\" content=\"https:\/\/www.itakaescolapios.org\/wp-content\/uploads\/2022\/12\/WhatsApp-Image-2022-12-20-at-10.25.49-AM-1.jpeg\" \/>\n\t<meta property=\"og:image:width\" content=\"1000\" \/>\n\t<meta property=\"og:image:height\" content=\"666\" \/>\n\t<meta property=\"og:image:type\" content=\"image\/jpeg\" \/>\n<meta name=\"author\" content=\"cameroun01\" \/>\n<meta name=\"twitter:card\" content=\"summary_large_image\" \/>\n<meta name=\"twitter:label1\" content=\"Written by\" \/>\n\t<meta name=\"twitter:data1\" content=\"cameroun01\" \/>\n\t<meta name=\"twitter:label2\" content=\"Est. reading time\" \/>\n\t<meta name=\"twitter:data2\" content=\"1 minute\" \/>\n<script type=\"application\/ld+json\" class=\"yoast-schema-graph\">{\"@context\":\"https:\\\/\\\/schema.org\",\"@graph\":[{\"@type\":\"Article\",\"@id\":\"https:\\\/\\\/www.itakaescolapios.org\\\/en\\\/2022\\\/12\\\/francais-benediction-de-la-quasi-paroisse-saint-joseph-de-calasanz-par-larcheveque-de-libreville-monseigneur-jean-patrick-ibaba\\\/#article\",\"isPartOf\":{\"@id\":\"https:\\\/\\\/www.itakaescolapios.org\\\/en\\\/2022\\\/12\\\/francais-benediction-de-la-quasi-paroisse-saint-joseph-de-calasanz-par-larcheveque-de-libreville-monseigneur-jean-patrick-ibaba\\\/\"},\"author\":{\"name\":\"cameroun01\",\"@id\":\"https:\\\/\\\/www.itakaescolapios.org\\\/es\\\/#\\\/schema\\\/person\\\/d2844383e29bfdfef69039672ce14eb1\"},\"headline\":\"No title\",\"datePublished\":\"2022-12-20T10:04:02+00:00\",\"dateModified\":\"2023-11-28T11:35:38+00:00\",\"mainEntityOfPage\":{\"@id\":\"https:\\\/\\\/www.itakaescolapios.org\\\/en\\\/2022\\\/12\\\/francais-benediction-de-la-quasi-paroisse-saint-joseph-de-calasanz-par-larcheveque-de-libreville-monseigneur-jean-patrick-ibaba\\\/\"},\"wordCount\":167,\"publisher\":{\"@id\":\"https:\\\/\\\/www.itakaescolapios.org\\\/es\\\/#organization\"},\"image\":{\"@id\":\"https:\\\/\\\/www.itakaescolapios.org\\\/en\\\/2022\\\/12\\\/francais-benediction-de-la-quasi-paroisse-saint-joseph-de-calasanz-par-larcheveque-de-libreville-monseigneur-jean-patrick-ibaba\\\/#primaryimage\"},\"thumbnailUrl\":\"https:\\\/\\\/www.itakaescolapios.org\\\/wp-content\\\/uploads\\\/2022\\\/12\\\/WhatsApp-Image-2022-12-20-at-10.25.49-AM-1.jpeg\",\"articleSection\":[\"Central Africa\",\"Gab\u00f3n\"],\"inLanguage\":\"en-US\"},{\"@type\":\"WebPage\",\"@id\":\"https:\\\/\\\/www.itakaescolapios.org\\\/en\\\/2022\\\/12\\\/francais-benediction-de-la-quasi-paroisse-saint-joseph-de-calasanz-par-larcheveque-de-libreville-monseigneur-jean-patrick-ibaba\\\/\",\"url\":\"https:\\\/\\\/www.itakaescolapios.org\\\/en\\\/2022\\\/12\\\/francais-benediction-de-la-quasi-paroisse-saint-joseph-de-calasanz-par-larcheveque-de-libreville-monseigneur-jean-patrick-ibaba\\\/\",\"name\":\"- Proofs in Itaka-Escolapios\",\"isPartOf\":{\"@id\":\"https:\\\/\\\/www.itakaescolapios.org\\\/es\\\/#website\"},\"primaryImageOfPage\":{\"@id\":\"https:\\\/\\\/www.itakaescolapios.org\\\/en\\\/2022\\\/12\\\/francais-benediction-de-la-quasi-paroisse-saint-joseph-de-calasanz-par-larcheveque-de-libreville-monseigneur-jean-patrick-ibaba\\\/#primaryimage\"},\"image\":{\"@id\":\"https:\\\/\\\/www.itakaescolapios.org\\\/en\\\/2022\\\/12\\\/francais-benediction-de-la-quasi-paroisse-saint-joseph-de-calasanz-par-larcheveque-de-libreville-monseigneur-jean-patrick-ibaba\\\/#primaryimage\"},\"thumbnailUrl\":\"https:\\\/\\\/www.itakaescolapios.org\\\/wp-content\\\/uploads\\\/2022\\\/12\\\/WhatsApp-Image-2022-12-20-at-10.25.49-AM-1.jpeg\",\"datePublished\":\"2022-12-20T10:04:02+00:00\",\"dateModified\":\"2023-11-28T11:35:38+00:00\",\"inLanguage\":\"en-US\",\"potentialAction\":[{\"@type\":\"ReadAction\",\"target\":[\"https:\\\/\\\/www.itakaescolapios.org\\\/en\\\/2022\\\/12\\\/francais-benediction-de-la-quasi-paroisse-saint-joseph-de-calasanz-par-larcheveque-de-libreville-monseigneur-jean-patrick-ibaba\\\/\"]}]},{\"@type\":\"ImageObject\",\"inLanguage\":\"en-US\",\"@id\":\"https:\\\/\\\/www.itakaescolapios.org\\\/en\\\/2022\\\/12\\\/francais-benediction-de-la-quasi-paroisse-saint-joseph-de-calasanz-par-larcheveque-de-libreville-monseigneur-jean-patrick-ibaba\\\/#primaryimage\",\"url\":\"https:\\\/\\\/www.itakaescolapios.org\\\/wp-content\\\/uploads\\\/2022\\\/12\\\/WhatsApp-Image-2022-12-20-at-10.25.49-AM-1.jpeg\",\"contentUrl\":\"https:\\\/\\\/www.itakaescolapios.org\\\/wp-content\\\/uploads\\\/2022\\\/12\\\/WhatsApp-Image-2022-12-20-at-10.25.49-AM-1.jpeg\",\"width\":1000,\"height\":666},{\"@type\":\"WebSite\",\"@id\":\"https:\\\/\\\/www.itakaescolapios.org\\\/en\\\/es\\\/#website\",\"url\":\"https:\\\/\\\/www.itakaescolapios.org\\\/en\\\/es\\\/\",\"name\":\"Itaka-Escolapios\",\"description\":\"Red de Itaka-Escolapios\",\"publisher\":{\"@id\":\"https:\\\/\\\/www.itakaescolapios.org\\\/en\\\/es\\\/#organization\"},\"potentialAction\":[{\"@type\":\"SearchAction\",\"target\":{\"@type\":\"EntryPoint\",\"urlTemplate\":\"https:\\\/\\\/www.itakaescolapios.org\\\/en\\\/es\\\/?s={search_term_string}\"},\"query-input\":{\"@type\":\"PropertyValueSpecification\",\"valueRequired\":true,\"valueName\":\"search_term_string\"}}],\"inLanguage\":\"en-US\"},{\"@type\":\"Organization\",\"@id\":\"https:\\\/\\\/www.itakaescolapios.org\\\/en\\\/es\\\/#organization\",\"name\":\"Fundaci\u00f3 Itaka-Escolapios\",\"url\":\"https:\\\/\\\/www.itakaescolapios.org\\\/en\\\/es\\\/\",\"logo\":{\"@type\":\"ImageObject\",\"inLanguage\":\"en-US\",\"@id\":\"https:\\\/\\\/www.itakaescolapios.org\\\/en\\\/es\\\/#\\\/schema\\\/logo\\\/image\\\/\",\"url\":\"https:\\\/\\\/www.itakaescolapios.org\\\/wp-content\\\/uploads\\\/2024\\\/04\\\/Logo-itakaescolapios-peque.png\",\"contentUrl\":\"https:\\\/\\\/www.itakaescolapios.org\\\/wp-content\\\/uploads\\\/2024\\\/04\\\/Logo-itakaescolapios-peque.png\",\"width\":500,\"height\":199,\"caption\":\"Fundaci\u00f3 Itaka-Escolapios\"},\"image\":{\"@id\":\"https:\\\/\\\/www.itakaescolapios.org\\\/en\\\/es\\\/#\\\/schema\\\/logo\\\/image\\\/\"}},{\"@type\":\"Person\",\"@id\":\"https:\\\/\\\/www.itakaescolapios.org\\\/es\\\/#\\\/schema\\\/person\\\/d2844383e29bfdfef69039672ce14eb1\",\"name\":\"cameroun01\",\"url\":\"https:\\\/\\\/www.itakaescolapios.org\\\/en\\\/author\\\/cameroun01\\\/\"}]}<\/script>\n<!-- \/ Yoast SEO plugin. -->","yoast_head_json":{"title":"- Proofs in Itaka-Escolapios","description":"[:fr]Quoi de mieux que ce 4\u00e8me Dimanche de temps de l\u2019avent, jour de la virginit\u00e9 f\u00e9conde annonc\u00e9e par les proph\u00e8tes, accomplie en Marie et d\u00e9ploy\u00e9e dans l\u2019Eglise pour b\u00e9nir la Quasi Paroisse Saint Joseph de CALASANZ \u00e0 Malib\u00e9 1. Autour de l'\u00e9v\u00eaque de Libreville, Son Excellence Mgr Jean Patrick IBABA, de l\u2019administrateur, de l\u2019\u00e9conome et&hellip;","robots":{"index":"index","follow":"follow","max-snippet":"max-snippet:-1","max-image-preview":"max-image-preview:large","max-video-preview":"max-video-preview:-1"},"canonical":"[:fr]Quoi de mieux que ce 4\u00e8me Dimanche de temps de l\u2019avent, jour de la virginit\u00e9 f\u00e9conde annonc\u00e9e par les proph\u00e8tes, accomplie en Marie et d\u00e9ploy\u00e9e dans l\u2019Eglise pour b\u00e9nir la Quasi Paroisse Saint Joseph de CALASANZ \u00e0 Malib\u00e9 1. Autour de l'\u00e9v\u00eaque de Libreville, Son Excellence Mgr Jean Patrick IBABA, de l\u2019administrateur, de l\u2019\u00e9conome et&hellip;","og_locale":"en_US","og_type":"article","og_title":"- Proofs in Itaka-Escolapios","og_description":"[:fr]Quoi de mieux que ce 4\u00e8me Dimanche de temps de l\u2019avent, jour de la virginit\u00e9 f\u00e9conde annonc\u00e9e par les proph\u00e8tes, accomplie en Marie et d\u00e9ploy\u00e9e dans l\u2019Eglise pour b\u00e9nir la Quasi Paroisse Saint Joseph de CALASANZ \u00e0 Malib\u00e9 1. Autour de l'\u00e9v\u00eaque de Libreville, Son Excellence Mgr Jean Patrick IBABA, de l\u2019administrateur, de l\u2019\u00e9conome et&hellip;","og_url":"https:\/\/www.itakaescolapios.org\/en\/2022\/12\/francais-benediction-de-la-quasi-paroisse-saint-joseph-de-calasanz-par-larcheveque-de-libreville-monseigneur-jean-patrick-ibaba\/","og_site_name":"Proofs in Itaka-Escolapios","article_published_time":"2022-12-20T10:04:02+00:00","article_modified_time":"2023-11-28T11:35:38+00:00","og_image":[{"width":1000,"height":666,"url":"https:\/\/www.itakaescolapios.org\/wp-content\/uploads\/2022\/12\/WhatsApp-Image-2022-12-20-at-10.25.49-AM-1.jpeg","type":"image\/jpeg"}],"author":"cameroun01","twitter_card":"summary_large_image","twitter_misc":{"Written by":"cameroun01","Est. reading time":"1 minute"},"schema":{"@context":"https:\/\/schema.org","@graph":[{"@type":"Article","@id":"https:\/\/www.itakaescolapios.org\/en\/2022\/12\/francais-benediction-de-la-quasi-paroisse-saint-joseph-de-calasanz-par-larcheveque-de-libreville-monseigneur-jean-patrick-ibaba\/#article","isPartOf":{"@id":"https:\/\/www.itakaescolapios.org\/en\/2022\/12\/francais-benediction-de-la-quasi-paroisse-saint-joseph-de-calasanz-par-larcheveque-de-libreville-monseigneur-jean-patrick-ibaba\/"},"author":{"name":"cameroun01","@id":"https:\/\/www.itakaescolapios.org\/es\/#\/schema\/person\/d2844383e29bfdfef69039672ce14eb1"},"headline":"No title","datePublished":"2022-12-20T10:04:02+00:00","dateModified":"2023-11-28T11:35:38+00:00","mainEntityOfPage":{"@id":"https:\/\/www.itakaescolapios.org\/en\/2022\/12\/francais-benediction-de-la-quasi-paroisse-saint-joseph-de-calasanz-par-larcheveque-de-libreville-monseigneur-jean-patrick-ibaba\/"},"wordCount":167,"publisher":{"@id":"https:\/\/www.itakaescolapios.org\/es\/#organization"},"image":{"@id":"https:\/\/www.itakaescolapios.org\/en\/2022\/12\/francais-benediction-de-la-quasi-paroisse-saint-joseph-de-calasanz-par-larcheveque-de-libreville-monseigneur-jean-patrick-ibaba\/#primaryimage"},"thumbnailUrl":"https:\/\/www.itakaescolapios.org\/wp-content\/uploads\/2022\/12\/WhatsApp-Image-2022-12-20-at-10.25.49-AM-1.jpeg","articleSection":["Central Africa","Gab\u00f3n"],"inLanguage":"en-US"},{"@type":"WebPage","@id":"https:\/\/www.itakaescolapios.org\/en\/2022\/12\/francais-benediction-de-la-quasi-paroisse-saint-joseph-de-calasanz-par-larcheveque-de-libreville-monseigneur-jean-patrick-ibaba\/","url":"https:\/\/www.itakaescolapios.org\/en\/2022\/12\/francais-benediction-de-la-quasi-paroisse-saint-joseph-de-calasanz-par-larcheveque-de-libreville-monseigneur-jean-patrick-ibaba\/","name":"- Proofs in Itaka-Escolapios","isPartOf":{"@id":"https:\/\/www.itakaescolapios.org\/es\/#website"},"primaryImageOfPage":{"@id":"https:\/\/www.itakaescolapios.org\/en\/2022\/12\/francais-benediction-de-la-quasi-paroisse-saint-joseph-de-calasanz-par-larcheveque-de-libreville-monseigneur-jean-patrick-ibaba\/#primaryimage"},"image":{"@id":"https:\/\/www.itakaescolapios.org\/en\/2022\/12\/francais-benediction-de-la-quasi-paroisse-saint-joseph-de-calasanz-par-larcheveque-de-libreville-monseigneur-jean-patrick-ibaba\/#primaryimage"},"thumbnailUrl":"https:\/\/www.itakaescolapios.org\/wp-content\/uploads\/2022\/12\/WhatsApp-Image-2022-12-20-at-10.25.49-AM-1.jpeg","datePublished":"2022-12-20T10:04:02+00:00","dateModified":"2023-11-28T11:35:38+00:00","inLanguage":"en-US","potentialAction":[{"@type":"ReadAction","target":["https:\/\/www.itakaescolapios.org\/en\/2022\/12\/francais-benediction-de-la-quasi-paroisse-saint-joseph-de-calasanz-par-larcheveque-de-libreville-monseigneur-jean-patrick-ibaba\/"]}]},{"@type":"ImageObject","inLanguage":"en-US","@id":"https:\/\/www.itakaescolapios.org\/en\/2022\/12\/francais-benediction-de-la-quasi-paroisse-saint-joseph-de-calasanz-par-larcheveque-de-libreville-monseigneur-jean-patrick-ibaba\/#primaryimage","url":"https:\/\/www.itakaescolapios.org\/wp-content\/uploads\/2022\/12\/WhatsApp-Image-2022-12-20-at-10.25.49-AM-1.jpeg","contentUrl":"https:\/\/www.itakaescolapios.org\/wp-content\/uploads\/2022\/12\/WhatsApp-Image-2022-12-20-at-10.25.49-AM-1.jpeg","width":1000,"height":666},{"@type":"WebSite","@id":"https:\/\/www.itakaescolapios.org\/en\/es\/#website","url":"https:\/\/www.itakaescolapios.org\/en\/es\/","name":"Itaka-Escolapios","description":"Red de Itaka-Escolapios","publisher":{"@id":"https:\/\/www.itakaescolapios.org\/en\/es\/#organization"},"potentialAction":[{"@type":"SearchAction","target":{"@type":"EntryPoint","urlTemplate":"https:\/\/www.itakaescolapios.org\/en\/es\/?s={search_term_string}"},"query-input":{"@type":"PropertyValueSpecification","valueRequired":true,"valueName":"search_term_string"}}],"inLanguage":"en-US"},{"@type":"Organization","@id":"https:\/\/www.itakaescolapios.org\/en\/es\/#organization","name":"Fundaci\u00f3 Itaka-Escolapios","url":"https:\/\/www.itakaescolapios.org\/en\/es\/","logo":{"@type":"ImageObject","inLanguage":"en-US","@id":"https:\/\/www.itakaescolapios.org\/en\/es\/#\/schema\/logo\/image\/","url":"https:\/\/www.itakaescolapios.org\/wp-content\/uploads\/2024\/04\/Logo-itakaescolapios-peque.png","contentUrl":"https:\/\/www.itakaescolapios.org\/wp-content\/uploads\/2024\/04\/Logo-itakaescolapios-peque.png","width":500,"height":199,"caption":"Fundaci\u00f3 Itaka-Escolapios"},"image":{"@id":"https:\/\/www.itakaescolapios.org\/en\/es\/#\/schema\/logo\/image\/"}},{"@type":"Person","@id":"https:\/\/www.itakaescolapios.org\/es\/#\/schema\/person\/d2844383e29bfdfef69039672ce14eb1","name":"cameroun01","url":"https:\/\/www.itakaescolapios.org\/en\/author\/cameroun01\/"}]}},"_links":{"self":[{"href":"https:\/\/www.itakaescolapios.org\/en\/wp-json\/wp\/v2\/posts\/38172","targetHints":{"allow":["GET"]}}],"collection":[{"href":"https:\/\/www.itakaescolapios.org\/en\/wp-json\/wp\/v2\/posts"}],"about":[{"href":"https:\/\/www.itakaescolapios.org\/en\/wp-json\/wp\/v2\/types\/post"}],"author":[{"embeddable":true,"href":"https:\/\/www.itakaescolapios.org\/en\/wp-json\/wp\/v2\/users\/15"}],"replies":[{"embeddable":true,"href":"https:\/\/www.itakaescolapios.org\/en\/wp-json\/wp\/v2\/comments?post=38172"}],"version-history":[{"count":2,"href":"https:\/\/www.itakaescolapios.org\/en\/wp-json\/wp\/v2\/posts\/38172\/revisions"}],"predecessor-version":[{"id":43743,"href":"https:\/\/www.itakaescolapios.org\/en\/wp-json\/wp\/v2\/posts\/38172\/revisions\/43743"}],"wp:featuredmedia":[{"embeddable":true,"href":"https:\/\/www.itakaescolapios.org\/en\/wp-json\/wp\/v2\/media\/38174"}],"wp:attachment":[{"href":"https:\/\/www.itakaescolapios.org\/en\/wp-json\/wp\/v2\/media?parent=38172"}],"wp:term":[{"taxonomy":"category","embeddable":true,"href":"https:\/\/www.itakaescolapios.org\/en\/wp-json\/wp\/v2\/categories?post=38172"},{"taxonomy":"post_tag","embeddable":true,"href":"https:\/\/www.itakaescolapios.org\/en\/wp-json\/wp\/v2\/tags?post=38172"}],"curies":[{"name":"wp","href":"https:\/\/api.w.org\/{rel}","templated":true}]}}