{"id":38225,"date":"2022-06-13T12:55:30","date_gmt":"2022-06-13T11:55:30","guid":{"rendered":"https:\/\/www.itakaescolapios.org\/?p=38225"},"modified":"2023-11-28T12:35:44","modified_gmt":"2023-11-28T11:35:44","slug":"encuentro-intercultural-en-barria","status":"publish","type":"post","link":"https:\/\/www.itakaescolapios.org\/en\/2022\/06\/encuentro-intercultural-en-barria\/","title":{"rendered":"Encuentro intercultural en Barria"},"content":{"rendered":"<p>13 de junio de 2022<\/p>\n<p>Este s\u00e1bado 11 de junio tuvimos el encuentro intercultural de Itaka-Escolapios organizado por las personas que participan en el proyecto Sumamos M\u00e1s.<\/p>\n<p>Fue un gran \u00e9xito, con aproximadamente 75 personas participando, donde hicimos juegos, conocimos otras culturas, sus trajes t\u00edpicos y pudimos probar platos de diferentes pa\u00edses. \u00a1Cu\u00e1nta comida rica y variada!<\/p>\n<p>Seguro que nos apuntaremos para el a\u00f1o que viene.<\/p>\n<p>&nbsp;<\/p>\n\n\t\t<style type=\"text\/css\">\n\t\t\t#gallery-1 {\n\t\t\t\tmargin: auto;\n\t\t\t}\n\t\t\t#gallery-1 .gallery-item {\n\t\t\t\tfloat: left;\n\t\t\t\tmargin-top: 10px;\n\t\t\t\ttext-align: center;\n\t\t\t\twidth: 33%;\n\t\t\t}\n\t\t\t#gallery-1 img {\n\t\t\t\tborder: 2px solid #cfcfcf;\n\t\t\t}\n\t\t\t#gallery-1 .gallery-caption {\n\t\t\t\tmargin-left: 0;\n\t\t\t}\n\t\t\t\/* see gallery_shortcode() in wp-includes\/media.php *\/\n\t\t<\/style>\n\t\t<div id='gallery-1' class='gallery galleryid-38225 gallery-columns-3 gallery-size-thumbnail'><dl class='gallery-item'>\n\t\t\t<dt class='gallery-icon landscape'>\n\t\t\t\t<a href='https:\/\/www.itakaescolapios.org\/wp-content\/uploads\/2023\/01\/11j-1.jpg'><img decoding=\"async\" width=\"90\" height=\"90\" src=\"https:\/\/www.itakaescolapios.org\/wp-content\/uploads\/2023\/01\/11j-1-90x90.jpg\" class=\"attachment-thumbnail size-thumbnail\" alt=\"\" \/><\/a>\n\t\t\t<\/dt><\/dl><dl class='gallery-item'>\n\t\t\t<dt class='gallery-icon landscape'>\n\t\t\t\t<a href='https:\/\/www.itakaescolapios.org\/wp-content\/uploads\/2023\/01\/11j-2.jpg'><img decoding=\"async\" width=\"90\" height=\"90\" src=\"https:\/\/www.itakaescolapios.org\/wp-content\/uploads\/2023\/01\/11j-2-90x90.jpg\" class=\"attachment-thumbnail size-thumbnail\" alt=\"\" \/><\/a>\n\t\t\t<\/dt><\/dl><dl class='gallery-item'>\n\t\t\t<dt class='gallery-icon landscape'>\n\t\t\t\t<a href='https:\/\/www.itakaescolapios.org\/wp-content\/uploads\/2023\/01\/11j-3.jpg'><img decoding=\"async\" width=\"90\" height=\"90\" src=\"https:\/\/www.itakaescolapios.org\/wp-content\/uploads\/2023\/01\/11j-3-90x90.jpg\" class=\"attachment-thumbnail size-thumbnail\" alt=\"\" \/><\/a>\n\t\t\t<\/dt><\/dl><br style=\"clear: both\" \/><dl class='gallery-item'>\n\t\t\t<dt class='gallery-icon portrait'>\n\t\t\t\t<a href='https:\/\/www.itakaescolapios.org\/wp-content\/uploads\/2023\/01\/11j-4.jpg'><img decoding=\"async\" width=\"90\" height=\"90\" src=\"https:\/\/www.itakaescolapios.org\/wp-content\/uploads\/2023\/01\/11j-4-90x90.jpg\" class=\"attachment-thumbnail size-thumbnail\" alt=\"\" \/><\/a>\n\t\t\t<\/dt><\/dl><dl class='gallery-item'>\n\t\t\t<dt class='gallery-icon landscape'>\n\t\t\t\t<a href='https:\/\/www.itakaescolapios.org\/wp-content\/uploads\/2023\/01\/11j-5.jpg'><img decoding=\"async\" width=\"90\" height=\"90\" src=\"https:\/\/www.itakaescolapios.org\/wp-content\/uploads\/2023\/01\/11j-5-90x90.jpg\" class=\"attachment-thumbnail size-thumbnail\" alt=\"\" \/><\/a>\n\t\t\t<\/dt><\/dl><dl class='gallery-item'>\n\t\t\t<dt class='gallery-icon landscape'>\n\t\t\t\t<a href='https:\/\/www.itakaescolapios.org\/wp-content\/uploads\/2023\/01\/11j-6.jpg'><img decoding=\"async\" width=\"90\" height=\"90\" src=\"https:\/\/www.itakaescolapios.org\/wp-content\/uploads\/2023\/01\/11j-6-90x90.jpg\" class=\"attachment-thumbnail size-thumbnail\" alt=\"\" \/><\/a>\n\t\t\t<\/dt><\/dl><br style=\"clear: both\" \/><dl class='gallery-item'>\n\t\t\t<dt class='gallery-icon landscape'>\n\t\t\t\t<a href='https:\/\/www.itakaescolapios.org\/wp-content\/uploads\/2023\/01\/11j-7.jpg'><img decoding=\"async\" width=\"90\" height=\"90\" src=\"https:\/\/www.itakaescolapios.org\/wp-content\/uploads\/2023\/01\/11j-7-90x90.jpg\" class=\"attachment-thumbnail size-thumbnail\" alt=\"\" \/><\/a>\n\t\t\t<\/dt><\/dl><dl class='gallery-item'>\n\t\t\t<dt class='gallery-icon landscape'>\n\t\t\t\t<a href='https:\/\/www.itakaescolapios.org\/wp-content\/uploads\/2022\/06\/11j-8.jpg'><img decoding=\"async\" width=\"90\" height=\"90\" src=\"https:\/\/www.itakaescolapios.org\/wp-content\/uploads\/2022\/06\/11j-8-90x90.jpg\" class=\"attachment-thumbnail size-thumbnail\" alt=\"\" \/><\/a>\n\t\t\t<\/dt><\/dl><dl class='gallery-item'>\n\t\t\t<dt class='gallery-icon portrait'>\n\t\t\t\t<a href='https:\/\/www.itakaescolapios.org\/wp-content\/uploads\/2022\/06\/57ab698d-2e85-4680-8b9b-50cf7d057088.jpg'><img decoding=\"async\" width=\"90\" height=\"90\" src=\"https:\/\/www.itakaescolapios.org\/wp-content\/uploads\/2022\/06\/57ab698d-2e85-4680-8b9b-50cf7d057088-90x90.jpg\" class=\"attachment-thumbnail size-thumbnail\" alt=\"\" \/><\/a>\n\t\t\t<\/dt><\/dl><br style=\"clear: both\" \/>\n\t\t<\/div>\n\n","protected":false},"excerpt":{"rendered":"<p>13 de junio de 2022 Este s\u00e1bado 11 de junio tuvimos el encuentro intercultural de Itaka-Escolapios organizado por las personas que participan en el proyecto Sumamos M\u00e1s. Fue un gran [&hellip;]<\/p>\n","protected":false},"author":62,"featured_media":0,"comment_status":"closed","ping_status":"closed","sticky":false,"template":"","format":"standard","meta":{"_et_pb_use_builder":"","_et_pb_old_content":"","_et_gb_content_width":"","footnotes":""},"categories":[13],"tags":[],"class_list":["post-38225","post","type-post","status-publish","format-standard","hentry","category-vitoria"],"yoast_head":"<!-- This site is optimized with the Yoast SEO plugin v27.4 - https:\/\/yoast.com\/product\/yoast-seo-wordpress\/ -->\n<title>Encuentro intercultural en Barria<\/title>\n<meta name=\"description\" content=\"13 de junio de 2022 Este s\u00e1bado 11 de junio tuvimos el encuentro intercultural de Itaka-Escolapios organizado por las personas que participan en el proyecto Sumamos M\u00e1s. Fue un gran \u00e9xito, con aproximadamente 75 personas participando, donde hicimos juegos, conocimos otras culturas, sus trajes t\u00edpicos y pudimos probar platos de diferentes pa\u00edses. \u00a1Cu\u00e1nta comida rica&hellip;\" \/>\n<meta name=\"robots\" content=\"index, follow, max-snippet:-1, max-image-preview:large, max-video-preview:-1\" \/>\n<link rel=\"canonical\" href=\"http:\/\/13%20de%20junio%20de%202022%20Este%20s\u00e1bado%2011%20de%20junio%20tuvimos%20el%20encuentro%20intercultural%20de%20Itaka-Escolapios%20organizado%20por%20las%20personas%20que%20participan%20en%20el%20proyecto%20Sumamos%20M\u00e1s.%20Fue%20un%20gran%20\u00e9xito,%20con%20aproximadamente%2075%20personas%20participando,%20donde%20hicimos%20juegos,%20conocimos%20otras%20culturas,%20sus%20trajes%20t\u00edpicos%20y%20pudimos%20probar%20platos%20de%20diferentes%20pa\u00edses.%20\u00a1Cu\u00e1nta%20comida%20rica&hellip;\" \/>\n<meta property=\"og:locale\" content=\"en_US\" \/>\n<meta property=\"og:type\" content=\"article\" \/>\n<meta property=\"og:title\" content=\"Encuentro intercultural en Barria\" \/>\n<meta property=\"og:description\" content=\"13 de junio de 2022 Este s\u00e1bado 11 de junio tuvimos el encuentro intercultural de Itaka-Escolapios organizado por las personas que participan en el proyecto Sumamos M\u00e1s. Fue un gran \u00e9xito, con aproximadamente 75 personas participando, donde hicimos juegos, conocimos otras culturas, sus trajes t\u00edpicos y pudimos probar platos de diferentes pa\u00edses. \u00a1Cu\u00e1nta comida rica&hellip;\" \/>\n<meta property=\"og:url\" content=\"https:\/\/www.itakaescolapios.org\/en\/2022\/06\/encuentro-intercultural-en-barria\/\" \/>\n<meta property=\"og:site_name\" content=\"Proofs in Itaka-Escolapios\" \/>\n<meta property=\"article:published_time\" content=\"2022-06-13T11:55:30+00:00\" \/>\n<meta property=\"article:modified_time\" content=\"2023-11-28T11:35:44+00:00\" \/>\n<meta property=\"og:image\" content=\"https:\/\/www.itakaescolapios.org\/wp-content\/uploads\/2023\/01\/11j-1-90x90.jpg\" \/>\n<meta name=\"author\" content=\"Equipo TIC Ema\u00fas\" \/>\n<meta name=\"twitter:card\" content=\"summary_large_image\" \/>\n<meta name=\"twitter:label1\" content=\"Written by\" \/>\n\t<meta name=\"twitter:data1\" content=\"Equipo TIC Ema\u00fas\" \/>\n<script type=\"application\/ld+json\" class=\"yoast-schema-graph\">{\"@context\":\"https:\\\/\\\/schema.org\",\"@graph\":[{\"@type\":\"Article\",\"@id\":\"https:\\\/\\\/www.itakaescolapios.org\\\/en\\\/2022\\\/06\\\/encuentro-intercultural-en-barria\\\/#article\",\"isPartOf\":{\"@id\":\"https:\\\/\\\/www.itakaescolapios.org\\\/en\\\/2022\\\/06\\\/encuentro-intercultural-en-barria\\\/\"},\"author\":{\"name\":\"Equipo TIC Ema\u00fas\",\"@id\":\"https:\\\/\\\/www.itakaescolapios.org\\\/es\\\/#\\\/schema\\\/person\\\/200262de1d464b07c45f3c70eb4cf614\"},\"headline\":\"Encuentro intercultural en Barria\",\"datePublished\":\"2022-06-13T11:55:30+00:00\",\"dateModified\":\"2023-11-28T11:35:44+00:00\",\"mainEntityOfPage\":{\"@id\":\"https:\\\/\\\/www.itakaescolapios.org\\\/en\\\/2022\\\/06\\\/encuentro-intercultural-en-barria\\\/\"},\"wordCount\":77,\"publisher\":{\"@id\":\"https:\\\/\\\/www.itakaescolapios.org\\\/es\\\/#organization\"},\"articleSection\":[\"Vitoria-Gasteiz\"],\"inLanguage\":\"en-US\"},{\"@type\":\"WebPage\",\"@id\":\"https:\\\/\\\/www.itakaescolapios.org\\\/en\\\/2022\\\/06\\\/encuentro-intercultural-en-barria\\\/\",\"url\":\"https:\\\/\\\/www.itakaescolapios.org\\\/en\\\/2022\\\/06\\\/encuentro-intercultural-en-barria\\\/\",\"name\":\"Encuentro intercultural en Barria - Proofs in Itaka-Escolapios\",\"isPartOf\":{\"@id\":\"https:\\\/\\\/www.itakaescolapios.org\\\/es\\\/#website\"},\"datePublished\":\"2022-06-13T11:55:30+00:00\",\"dateModified\":\"2023-11-28T11:35:44+00:00\",\"breadcrumb\":{\"@id\":\"https:\\\/\\\/www.itakaescolapios.org\\\/en\\\/2022\\\/06\\\/encuentro-intercultural-en-barria\\\/#breadcrumb\"},\"inLanguage\":\"en-US\",\"potentialAction\":[{\"@type\":\"ReadAction\",\"target\":[\"https:\\\/\\\/www.itakaescolapios.org\\\/en\\\/2022\\\/06\\\/encuentro-intercultural-en-barria\\\/\"]}]},{\"@type\":\"BreadcrumbList\",\"@id\":\"https:\\\/\\\/www.itakaescolapios.org\\\/en\\\/2022\\\/06\\\/encuentro-intercultural-en-barria\\\/#breadcrumb\",\"itemListElement\":[{\"@type\":\"ListItem\",\"position\":1,\"name\":\"Proof\",\"item\":\"https:\\\/\\\/www.itakaescolapios.org\\\/es\\\/\"},{\"@type\":\"ListItem\",\"position\":2,\"name\":\"Encuentro intercultural en Barria\"}]},{\"@type\":\"WebSite\",\"@id\":\"https:\\\/\\\/www.itakaescolapios.org\\\/en\\\/es\\\/#website\",\"url\":\"https:\\\/\\\/www.itakaescolapios.org\\\/en\\\/es\\\/\",\"name\":\"Itaka-Escolapios\",\"description\":\"Red de Itaka-Escolapios\",\"publisher\":{\"@id\":\"https:\\\/\\\/www.itakaescolapios.org\\\/en\\\/es\\\/#organization\"},\"potentialAction\":[{\"@type\":\"SearchAction\",\"target\":{\"@type\":\"EntryPoint\",\"urlTemplate\":\"https:\\\/\\\/www.itakaescolapios.org\\\/en\\\/es\\\/?s={search_term_string}\"},\"query-input\":{\"@type\":\"PropertyValueSpecification\",\"valueRequired\":true,\"valueName\":\"search_term_string\"}}],\"inLanguage\":\"en-US\"},{\"@type\":\"Organization\",\"@id\":\"https:\\\/\\\/www.itakaescolapios.org\\\/en\\\/es\\\/#organization\",\"name\":\"Fundaci\u00f3 Itaka-Escolapios\",\"url\":\"https:\\\/\\\/www.itakaescolapios.org\\\/en\\\/es\\\/\",\"logo\":{\"@type\":\"ImageObject\",\"inLanguage\":\"en-US\",\"@id\":\"https:\\\/\\\/www.itakaescolapios.org\\\/en\\\/es\\\/#\\\/schema\\\/logo\\\/image\\\/\",\"url\":\"https:\\\/\\\/www.itakaescolapios.org\\\/wp-content\\\/uploads\\\/2024\\\/04\\\/Logo-itakaescolapios-peque.png\",\"contentUrl\":\"https:\\\/\\\/www.itakaescolapios.org\\\/wp-content\\\/uploads\\\/2024\\\/04\\\/Logo-itakaescolapios-peque.png\",\"width\":500,\"height\":199,\"caption\":\"Fundaci\u00f3 Itaka-Escolapios\"},\"image\":{\"@id\":\"https:\\\/\\\/www.itakaescolapios.org\\\/en\\\/es\\\/#\\\/schema\\\/logo\\\/image\\\/\"}},{\"@type\":\"Person\",\"@id\":\"https:\\\/\\\/www.itakaescolapios.org\\\/es\\\/#\\\/schema\\\/person\\\/200262de1d464b07c45f3c70eb4cf614\",\"name\":\"Equipo TIC Ema\u00fas\",\"url\":\"https:\\\/\\\/www.itakaescolapios.org\\\/en\\\/author\\\/ntic\\\/\"}]}<\/script>\n<!-- \/ Yoast SEO plugin. -->","yoast_head_json":{"title":"Encuentro intercultural en Barria","description":"13 de junio de 2022 Este s\u00e1bado 11 de junio tuvimos el encuentro intercultural de Itaka-Escolapios organizado por las personas que participan en el proyecto Sumamos M\u00e1s. Fue un gran \u00e9xito, con aproximadamente 75 personas participando, donde hicimos juegos, conocimos otras culturas, sus trajes t\u00edpicos y pudimos probar platos de diferentes pa\u00edses. \u00a1Cu\u00e1nta comida rica&hellip;","robots":{"index":"index","follow":"follow","max-snippet":"max-snippet:-1","max-image-preview":"max-image-preview:large","max-video-preview":"max-video-preview:-1"},"canonical":"13 de junio de 2022 Este s\u00e1bado 11 de junio tuvimos el encuentro intercultural de Itaka-Escolapios organizado por las personas que participan en el proyecto Sumamos M\u00e1s. Fue un gran \u00e9xito, con aproximadamente 75 personas participando, donde hicimos juegos, conocimos otras culturas, sus trajes t\u00edpicos y pudimos probar platos de diferentes pa\u00edses. \u00a1Cu\u00e1nta comida rica&hellip;","og_locale":"en_US","og_type":"article","og_title":"Encuentro intercultural en Barria","og_description":"13 de junio de 2022 Este s\u00e1bado 11 de junio tuvimos el encuentro intercultural de Itaka-Escolapios organizado por las personas que participan en el proyecto Sumamos M\u00e1s. Fue un gran \u00e9xito, con aproximadamente 75 personas participando, donde hicimos juegos, conocimos otras culturas, sus trajes t\u00edpicos y pudimos probar platos de diferentes pa\u00edses. \u00a1Cu\u00e1nta comida rica&hellip;","og_url":"https:\/\/www.itakaescolapios.org\/en\/2022\/06\/encuentro-intercultural-en-barria\/","og_site_name":"Proofs in Itaka-Escolapios","article_published_time":"2022-06-13T11:55:30+00:00","article_modified_time":"2023-11-28T11:35:44+00:00","og_image":[{"url":"https:\/\/www.itakaescolapios.org\/wp-content\/uploads\/2023\/01\/11j-1-90x90.jpg","type":"","width":"","height":""}],"author":"Equipo TIC Ema\u00fas","twitter_card":"summary_large_image","twitter_misc":{"Written by":"Equipo TIC Ema\u00fas"},"schema":{"@context":"https:\/\/schema.org","@graph":[{"@type":"Article","@id":"https:\/\/www.itakaescolapios.org\/en\/2022\/06\/encuentro-intercultural-en-barria\/#article","isPartOf":{"@id":"https:\/\/www.itakaescolapios.org\/en\/2022\/06\/encuentro-intercultural-en-barria\/"},"author":{"name":"Equipo TIC Ema\u00fas","@id":"https:\/\/www.itakaescolapios.org\/es\/#\/schema\/person\/200262de1d464b07c45f3c70eb4cf614"},"headline":"Encuentro intercultural en Barria","datePublished":"2022-06-13T11:55:30+00:00","dateModified":"2023-11-28T11:35:44+00:00","mainEntityOfPage":{"@id":"https:\/\/www.itakaescolapios.org\/en\/2022\/06\/encuentro-intercultural-en-barria\/"},"wordCount":77,"publisher":{"@id":"https:\/\/www.itakaescolapios.org\/es\/#organization"},"articleSection":["Vitoria-Gasteiz"],"inLanguage":"en-US"},{"@type":"WebPage","@id":"https:\/\/www.itakaescolapios.org\/en\/2022\/06\/encuentro-intercultural-en-barria\/","url":"https:\/\/www.itakaescolapios.org\/en\/2022\/06\/encuentro-intercultural-en-barria\/","name":"Encuentro intercultural en Barria - Proofs in Itaka-Escolapios","isPartOf":{"@id":"https:\/\/www.itakaescolapios.org\/es\/#website"},"datePublished":"2022-06-13T11:55:30+00:00","dateModified":"2023-11-28T11:35:44+00:00","breadcrumb":{"@id":"https:\/\/www.itakaescolapios.org\/en\/2022\/06\/encuentro-intercultural-en-barria\/#breadcrumb"},"inLanguage":"en-US","potentialAction":[{"@type":"ReadAction","target":["https:\/\/www.itakaescolapios.org\/en\/2022\/06\/encuentro-intercultural-en-barria\/"]}]},{"@type":"BreadcrumbList","@id":"https:\/\/www.itakaescolapios.org\/en\/2022\/06\/encuentro-intercultural-en-barria\/#breadcrumb","itemListElement":[{"@type":"ListItem","position":1,"name":"Proof","item":"https:\/\/www.itakaescolapios.org\/es\/"},{"@type":"ListItem","position":2,"name":"Encuentro intercultural en Barria"}]},{"@type":"WebSite","@id":"https:\/\/www.itakaescolapios.org\/en\/es\/#website","url":"https:\/\/www.itakaescolapios.org\/en\/es\/","name":"Itaka-Escolapios","description":"Red de Itaka-Escolapios","publisher":{"@id":"https:\/\/www.itakaescolapios.org\/en\/es\/#organization"},"potentialAction":[{"@type":"SearchAction","target":{"@type":"EntryPoint","urlTemplate":"https:\/\/www.itakaescolapios.org\/en\/es\/?s={search_term_string}"},"query-input":{"@type":"PropertyValueSpecification","valueRequired":true,"valueName":"search_term_string"}}],"inLanguage":"en-US"},{"@type":"Organization","@id":"https:\/\/www.itakaescolapios.org\/en\/es\/#organization","name":"Fundaci\u00f3 Itaka-Escolapios","url":"https:\/\/www.itakaescolapios.org\/en\/es\/","logo":{"@type":"ImageObject","inLanguage":"en-US","@id":"https:\/\/www.itakaescolapios.org\/en\/es\/#\/schema\/logo\/image\/","url":"https:\/\/www.itakaescolapios.org\/wp-content\/uploads\/2024\/04\/Logo-itakaescolapios-peque.png","contentUrl":"https:\/\/www.itakaescolapios.org\/wp-content\/uploads\/2024\/04\/Logo-itakaescolapios-peque.png","width":500,"height":199,"caption":"Fundaci\u00f3 Itaka-Escolapios"},"image":{"@id":"https:\/\/www.itakaescolapios.org\/en\/es\/#\/schema\/logo\/image\/"}},{"@type":"Person","@id":"https:\/\/www.itakaescolapios.org\/es\/#\/schema\/person\/200262de1d464b07c45f3c70eb4cf614","name":"Equipo TIC Ema\u00fas","url":"https:\/\/www.itakaescolapios.org\/en\/author\/ntic\/"}]}},"_links":{"self":[{"href":"https:\/\/www.itakaescolapios.org\/en\/wp-json\/wp\/v2\/posts\/38225","targetHints":{"allow":["GET"]}}],"collection":[{"href":"https:\/\/www.itakaescolapios.org\/en\/wp-json\/wp\/v2\/posts"}],"about":[{"href":"https:\/\/www.itakaescolapios.org\/en\/wp-json\/wp\/v2\/types\/post"}],"author":[{"embeddable":true,"href":"https:\/\/www.itakaescolapios.org\/en\/wp-json\/wp\/v2\/users\/62"}],"replies":[{"embeddable":true,"href":"https:\/\/www.itakaescolapios.org\/en\/wp-json\/wp\/v2\/comments?post=38225"}],"version-history":[{"count":6,"href":"https:\/\/www.itakaescolapios.org\/en\/wp-json\/wp\/v2\/posts\/38225\/revisions"}],"predecessor-version":[{"id":43894,"href":"https:\/\/www.itakaescolapios.org\/en\/wp-json\/wp\/v2\/posts\/38225\/revisions\/43894"}],"wp:attachment":[{"href":"https:\/\/www.itakaescolapios.org\/en\/wp-json\/wp\/v2\/media?parent=38225"}],"wp:term":[{"taxonomy":"category","embeddable":true,"href":"https:\/\/www.itakaescolapios.org\/en\/wp-json\/wp\/v2\/categories?post=38225"},{"taxonomy":"post_tag","embeddable":true,"href":"https:\/\/www.itakaescolapios.org\/en\/wp-json\/wp\/v2\/tags?post=38225"}],"curies":[{"name":"wp","href":"https:\/\/api.w.org\/{rel}","templated":true}]}}