{"id":38234,"date":"2022-11-19T09:11:42","date_gmt":"2022-11-19T08:11:42","guid":{"rendered":"https:\/\/www.itakaescolapios.org\/?p=38234"},"modified":"2023-11-28T12:35:39","modified_gmt":"2023-11-28T11:35:39","slug":"espacio-para-compartir-postres-del-mundo","status":"publish","type":"post","link":"https:\/\/www.itakaescolapios.org\/en\/2022\/11\/espacio-para-compartir-postres-del-mundo\/","title":{"rendered":"Espacio para compartir postres del mundo"},"content":{"rendered":"<p>19 de noviembre de 2022<\/p>\n<p>Dentro del marco de la III asamblea de Itaka-Escolapios en Vitoria-Gasteiz, el proyecto Sumamos M\u00e1s, adem\u00e1s de participar en los grupos de reflexi\u00f3n sobre las problem\u00e1ticas que existen en nuestro entorno y las posibles soluciones que, como red de personas, podemos aportar, hizo una exposici\u00f3n y degustaci\u00f3n de postres t\u00edpicos de otros pa\u00edses y culturas para el rato de descanso de la actividad.<\/p>\n<p>Muy enriquecedor el espacio, pensado para poder tejer redes de solidaridad, justicia y cambio social y el momento distendido, ameno y sabroso del descanso. Gracias, Sumamos M\u00e1s por vuestros aportes a la asamblea y vuestros dulces.<\/p>\n\n\t\t<style type=\"text\/css\">\n\t\t\t#gallery-1 {\n\t\t\t\tmargin: auto;\n\t\t\t}\n\t\t\t#gallery-1 .gallery-item {\n\t\t\t\tfloat: left;\n\t\t\t\tmargin-top: 10px;\n\t\t\t\ttext-align: center;\n\t\t\t\twidth: 33%;\n\t\t\t}\n\t\t\t#gallery-1 img {\n\t\t\t\tborder: 2px solid #cfcfcf;\n\t\t\t}\n\t\t\t#gallery-1 .gallery-caption {\n\t\t\t\tmargin-left: 0;\n\t\t\t}\n\t\t\t\/* see gallery_shortcode() in wp-includes\/media.php *\/\n\t\t<\/style>\n\t\t<div id='gallery-1' class='gallery galleryid-38234 gallery-columns-3 gallery-size-medium'><dl class='gallery-item'>\n\t\t\t<dt class='gallery-icon landscape'>\n\t\t\t\t<a href='https:\/\/www.itakaescolapios.org\/wp-content\/uploads\/2023\/01\/IMAGEN1.jpg'><img decoding=\"async\" width=\"300\" height=\"225\" src=\"https:\/\/www.itakaescolapios.org\/wp-content\/uploads\/2023\/01\/IMAGEN1-300x225.jpg\" class=\"attachment-medium size-medium\" alt=\"\" srcset=\"https:\/\/www.itakaescolapios.org\/wp-content\/uploads\/2023\/01\/IMAGEN1-300x225.jpg 300w, https:\/\/www.itakaescolapios.org\/wp-content\/uploads\/2023\/01\/IMAGEN1-1024x768.jpg 1024w, https:\/\/www.itakaescolapios.org\/wp-content\/uploads\/2023\/01\/IMAGEN1-768x576.jpg 768w, https:\/\/www.itakaescolapios.org\/wp-content\/uploads\/2023\/01\/IMAGEN1-1536x1152.jpg 1536w, https:\/\/www.itakaescolapios.org\/wp-content\/uploads\/2023\/01\/IMAGEN1-250x188.jpg 250w, https:\/\/www.itakaescolapios.org\/wp-content\/uploads\/2023\/01\/IMAGEN1-510x382.jpg 510w, https:\/\/www.itakaescolapios.org\/wp-content\/uploads\/2023\/01\/IMAGEN1-1080x810.jpg 1080w, https:\/\/www.itakaescolapios.org\/wp-content\/uploads\/2023\/01\/IMAGEN1.jpg 2000w\" sizes=\"(max-width: 300px) 100vw, 300px\" \/><\/a>\n\t\t\t<\/dt><\/dl>\n\t\t\t<br style='clear: both' \/>\n\t\t<\/div>\n\n","protected":false},"excerpt":{"rendered":"<p>19 de noviembre de 2022 Dentro del marco de la III asamblea de Itaka-Escolapios en Vitoria-Gasteiz, el proyecto Sumamos M\u00e1s, adem\u00e1s de participar en los grupos de reflexi\u00f3n sobre las [&hellip;]<\/p>\n","protected":false},"author":62,"featured_media":0,"comment_status":"closed","ping_status":"closed","sticky":false,"template":"","format":"standard","meta":{"_et_pb_use_builder":"","_et_pb_old_content":"","_et_gb_content_width":"","footnotes":""},"categories":[13],"tags":[],"class_list":["post-38234","post","type-post","status-publish","format-standard","hentry","category-vitoria"],"yoast_head":"<!-- This site is optimized with the Yoast SEO plugin v27.4 - https:\/\/yoast.com\/product\/yoast-seo-wordpress\/ -->\n<title>Espacio para compartir postres del mundo<\/title>\n<meta name=\"description\" content=\"19 de noviembre de 2022 Dentro del marco de la III asamblea de Itaka-Escolapios en Vitoria-Gasteiz, el proyecto Sumamos M\u00e1s, adem\u00e1s de participar en los grupos de reflexi\u00f3n sobre las problem\u00e1ticas que existen en nuestro entorno y las posibles soluciones que, como red de personas, podemos aportar, hizo una exposici\u00f3n y degustaci\u00f3n de postres t\u00edpicos&hellip;\" \/>\n<meta name=\"robots\" content=\"index, follow, max-snippet:-1, max-image-preview:large, max-video-preview:-1\" \/>\n<link rel=\"canonical\" href=\"http:\/\/19%20de%20noviembre%20de%202022%20Dentro%20del%20marco%20de%20la%20III%20asamblea%20de%20Itaka-Escolapios%20en%20Vitoria-Gasteiz,%20el%20proyecto%20Sumamos%20M\u00e1s,%20adem\u00e1s%20de%20participar%20en%20los%20grupos%20de%20reflexi\u00f3n%20sobre%20las%20problem\u00e1ticas%20que%20existen%20en%20nuestro%20entorno%20y%20las%20posibles%20soluciones%20que,%20como%20red%20de%20personas,%20podemos%20aportar,%20hizo%20una%20exposici\u00f3n%20y%20degustaci\u00f3n%20de%20postres%20t\u00edpicos&hellip;\" \/>\n<meta property=\"og:locale\" content=\"en_US\" \/>\n<meta property=\"og:type\" content=\"article\" \/>\n<meta property=\"og:title\" content=\"Espacio para compartir postres del mundo\" \/>\n<meta property=\"og:description\" content=\"19 de noviembre de 2022 Dentro del marco de la III asamblea de Itaka-Escolapios en Vitoria-Gasteiz, el proyecto Sumamos M\u00e1s, adem\u00e1s de participar en los grupos de reflexi\u00f3n sobre las problem\u00e1ticas que existen en nuestro entorno y las posibles soluciones que, como red de personas, podemos aportar, hizo una exposici\u00f3n y degustaci\u00f3n de postres t\u00edpicos&hellip;\" \/>\n<meta property=\"og:url\" content=\"https:\/\/www.itakaescolapios.org\/en\/2022\/11\/espacio-para-compartir-postres-del-mundo\/\" \/>\n<meta property=\"og:site_name\" content=\"Proofs in Itaka-Escolapios\" \/>\n<meta property=\"article:published_time\" content=\"2022-11-19T08:11:42+00:00\" \/>\n<meta property=\"article:modified_time\" content=\"2023-11-28T11:35:39+00:00\" \/>\n<meta property=\"og:image\" content=\"https:\/\/www.itakaescolapios.org\/wp-content\/uploads\/2023\/01\/IMAGEN1-300x225.jpg\" \/>\n<meta name=\"author\" content=\"Equipo TIC Ema\u00fas\" \/>\n<meta name=\"twitter:card\" content=\"summary_large_image\" \/>\n<meta name=\"twitter:label1\" content=\"Written by\" \/>\n\t<meta name=\"twitter:data1\" content=\"Equipo TIC Ema\u00fas\" \/>\n\t<meta name=\"twitter:label2\" content=\"Est. reading time\" \/>\n\t<meta name=\"twitter:data2\" content=\"1 minute\" \/>\n<script type=\"application\/ld+json\" class=\"yoast-schema-graph\">{\"@context\":\"https:\\\/\\\/schema.org\",\"@graph\":[{\"@type\":\"Article\",\"@id\":\"https:\\\/\\\/www.itakaescolapios.org\\\/en\\\/2022\\\/11\\\/espacio-para-compartir-postres-del-mundo\\\/#article\",\"isPartOf\":{\"@id\":\"https:\\\/\\\/www.itakaescolapios.org\\\/en\\\/2022\\\/11\\\/espacio-para-compartir-postres-del-mundo\\\/\"},\"author\":{\"name\":\"Equipo TIC Ema\u00fas\",\"@id\":\"https:\\\/\\\/www.itakaescolapios.org\\\/es\\\/#\\\/schema\\\/person\\\/200262de1d464b07c45f3c70eb4cf614\"},\"headline\":\"Espacio para compartir postres del mundo\",\"datePublished\":\"2022-11-19T08:11:42+00:00\",\"dateModified\":\"2023-11-28T11:35:39+00:00\",\"mainEntityOfPage\":{\"@id\":\"https:\\\/\\\/www.itakaescolapios.org\\\/en\\\/2022\\\/11\\\/espacio-para-compartir-postres-del-mundo\\\/\"},\"wordCount\":123,\"publisher\":{\"@id\":\"https:\\\/\\\/www.itakaescolapios.org\\\/es\\\/#organization\"},\"articleSection\":[\"Vitoria-Gasteiz\"],\"inLanguage\":\"en-US\"},{\"@type\":\"WebPage\",\"@id\":\"https:\\\/\\\/www.itakaescolapios.org\\\/en\\\/2022\\\/11\\\/espacio-para-compartir-postres-del-mundo\\\/\",\"url\":\"https:\\\/\\\/www.itakaescolapios.org\\\/en\\\/2022\\\/11\\\/espacio-para-compartir-postres-del-mundo\\\/\",\"name\":\"Espacio para compartir postres del mundo - Proofs in Itaka-Escolapios\",\"isPartOf\":{\"@id\":\"https:\\\/\\\/www.itakaescolapios.org\\\/es\\\/#website\"},\"datePublished\":\"2022-11-19T08:11:42+00:00\",\"dateModified\":\"2023-11-28T11:35:39+00:00\",\"breadcrumb\":{\"@id\":\"https:\\\/\\\/www.itakaescolapios.org\\\/en\\\/2022\\\/11\\\/espacio-para-compartir-postres-del-mundo\\\/#breadcrumb\"},\"inLanguage\":\"en-US\",\"potentialAction\":[{\"@type\":\"ReadAction\",\"target\":[\"https:\\\/\\\/www.itakaescolapios.org\\\/en\\\/2022\\\/11\\\/espacio-para-compartir-postres-del-mundo\\\/\"]}]},{\"@type\":\"BreadcrumbList\",\"@id\":\"https:\\\/\\\/www.itakaescolapios.org\\\/en\\\/2022\\\/11\\\/espacio-para-compartir-postres-del-mundo\\\/#breadcrumb\",\"itemListElement\":[{\"@type\":\"ListItem\",\"position\":1,\"name\":\"Proof\",\"item\":\"https:\\\/\\\/www.itakaescolapios.org\\\/es\\\/\"},{\"@type\":\"ListItem\",\"position\":2,\"name\":\"Espacio para compartir postres del mundo\"}]},{\"@type\":\"WebSite\",\"@id\":\"https:\\\/\\\/www.itakaescolapios.org\\\/en\\\/es\\\/#website\",\"url\":\"https:\\\/\\\/www.itakaescolapios.org\\\/en\\\/es\\\/\",\"name\":\"Itaka-Escolapios\",\"description\":\"Red de Itaka-Escolapios\",\"publisher\":{\"@id\":\"https:\\\/\\\/www.itakaescolapios.org\\\/en\\\/es\\\/#organization\"},\"potentialAction\":[{\"@type\":\"SearchAction\",\"target\":{\"@type\":\"EntryPoint\",\"urlTemplate\":\"https:\\\/\\\/www.itakaescolapios.org\\\/en\\\/es\\\/?s={search_term_string}\"},\"query-input\":{\"@type\":\"PropertyValueSpecification\",\"valueRequired\":true,\"valueName\":\"search_term_string\"}}],\"inLanguage\":\"en-US\"},{\"@type\":\"Organization\",\"@id\":\"https:\\\/\\\/www.itakaescolapios.org\\\/en\\\/es\\\/#organization\",\"name\":\"Fundaci\u00f3 Itaka-Escolapios\",\"url\":\"https:\\\/\\\/www.itakaescolapios.org\\\/en\\\/es\\\/\",\"logo\":{\"@type\":\"ImageObject\",\"inLanguage\":\"en-US\",\"@id\":\"https:\\\/\\\/www.itakaescolapios.org\\\/en\\\/es\\\/#\\\/schema\\\/logo\\\/image\\\/\",\"url\":\"https:\\\/\\\/www.itakaescolapios.org\\\/wp-content\\\/uploads\\\/2024\\\/04\\\/Logo-itakaescolapios-peque.png\",\"contentUrl\":\"https:\\\/\\\/www.itakaescolapios.org\\\/wp-content\\\/uploads\\\/2024\\\/04\\\/Logo-itakaescolapios-peque.png\",\"width\":500,\"height\":199,\"caption\":\"Fundaci\u00f3 Itaka-Escolapios\"},\"image\":{\"@id\":\"https:\\\/\\\/www.itakaescolapios.org\\\/en\\\/es\\\/#\\\/schema\\\/logo\\\/image\\\/\"}},{\"@type\":\"Person\",\"@id\":\"https:\\\/\\\/www.itakaescolapios.org\\\/es\\\/#\\\/schema\\\/person\\\/200262de1d464b07c45f3c70eb4cf614\",\"name\":\"Equipo TIC Ema\u00fas\",\"url\":\"https:\\\/\\\/www.itakaescolapios.org\\\/en\\\/author\\\/ntic\\\/\"}]}<\/script>\n<!-- \/ Yoast SEO plugin. -->","yoast_head_json":{"title":"Espacio para compartir postres del mundo","description":"19 de noviembre de 2022 Dentro del marco de la III asamblea de Itaka-Escolapios en Vitoria-Gasteiz, el proyecto Sumamos M\u00e1s, adem\u00e1s de participar en los grupos de reflexi\u00f3n sobre las problem\u00e1ticas que existen en nuestro entorno y las posibles soluciones que, como red de personas, podemos aportar, hizo una exposici\u00f3n y degustaci\u00f3n de postres t\u00edpicos&hellip;","robots":{"index":"index","follow":"follow","max-snippet":"max-snippet:-1","max-image-preview":"max-image-preview:large","max-video-preview":"max-video-preview:-1"},"canonical":"19 de noviembre de 2022 Dentro del marco de la III asamblea de Itaka-Escolapios en Vitoria-Gasteiz, el proyecto Sumamos M\u00e1s, adem\u00e1s de participar en los grupos de reflexi\u00f3n sobre las problem\u00e1ticas que existen en nuestro entorno y las posibles soluciones que, como red de personas, podemos aportar, hizo una exposici\u00f3n y degustaci\u00f3n de postres t\u00edpicos&hellip;","og_locale":"en_US","og_type":"article","og_title":"Espacio para compartir postres del mundo","og_description":"19 de noviembre de 2022 Dentro del marco de la III asamblea de Itaka-Escolapios en Vitoria-Gasteiz, el proyecto Sumamos M\u00e1s, adem\u00e1s de participar en los grupos de reflexi\u00f3n sobre las problem\u00e1ticas que existen en nuestro entorno y las posibles soluciones que, como red de personas, podemos aportar, hizo una exposici\u00f3n y degustaci\u00f3n de postres t\u00edpicos&hellip;","og_url":"https:\/\/www.itakaescolapios.org\/en\/2022\/11\/espacio-para-compartir-postres-del-mundo\/","og_site_name":"Proofs in Itaka-Escolapios","article_published_time":"2022-11-19T08:11:42+00:00","article_modified_time":"2023-11-28T11:35:39+00:00","og_image":[{"url":"https:\/\/www.itakaescolapios.org\/wp-content\/uploads\/2023\/01\/IMAGEN1-300x225.jpg","type":"","width":"","height":""}],"author":"Equipo TIC Ema\u00fas","twitter_card":"summary_large_image","twitter_misc":{"Written by":"Equipo TIC Ema\u00fas","Est. reading time":"1 minute"},"schema":{"@context":"https:\/\/schema.org","@graph":[{"@type":"Article","@id":"https:\/\/www.itakaescolapios.org\/en\/2022\/11\/espacio-para-compartir-postres-del-mundo\/#article","isPartOf":{"@id":"https:\/\/www.itakaescolapios.org\/en\/2022\/11\/espacio-para-compartir-postres-del-mundo\/"},"author":{"name":"Equipo TIC Ema\u00fas","@id":"https:\/\/www.itakaescolapios.org\/es\/#\/schema\/person\/200262de1d464b07c45f3c70eb4cf614"},"headline":"Espacio para compartir postres del mundo","datePublished":"2022-11-19T08:11:42+00:00","dateModified":"2023-11-28T11:35:39+00:00","mainEntityOfPage":{"@id":"https:\/\/www.itakaescolapios.org\/en\/2022\/11\/espacio-para-compartir-postres-del-mundo\/"},"wordCount":123,"publisher":{"@id":"https:\/\/www.itakaescolapios.org\/es\/#organization"},"articleSection":["Vitoria-Gasteiz"],"inLanguage":"en-US"},{"@type":"WebPage","@id":"https:\/\/www.itakaescolapios.org\/en\/2022\/11\/espacio-para-compartir-postres-del-mundo\/","url":"https:\/\/www.itakaescolapios.org\/en\/2022\/11\/espacio-para-compartir-postres-del-mundo\/","name":"Espacio para compartir postres del mundo - Proofs in Itaka-Escolapios","isPartOf":{"@id":"https:\/\/www.itakaescolapios.org\/es\/#website"},"datePublished":"2022-11-19T08:11:42+00:00","dateModified":"2023-11-28T11:35:39+00:00","breadcrumb":{"@id":"https:\/\/www.itakaescolapios.org\/en\/2022\/11\/espacio-para-compartir-postres-del-mundo\/#breadcrumb"},"inLanguage":"en-US","potentialAction":[{"@type":"ReadAction","target":["https:\/\/www.itakaescolapios.org\/en\/2022\/11\/espacio-para-compartir-postres-del-mundo\/"]}]},{"@type":"BreadcrumbList","@id":"https:\/\/www.itakaescolapios.org\/en\/2022\/11\/espacio-para-compartir-postres-del-mundo\/#breadcrumb","itemListElement":[{"@type":"ListItem","position":1,"name":"Proof","item":"https:\/\/www.itakaescolapios.org\/es\/"},{"@type":"ListItem","position":2,"name":"Espacio para compartir postres del mundo"}]},{"@type":"WebSite","@id":"https:\/\/www.itakaescolapios.org\/en\/es\/#website","url":"https:\/\/www.itakaescolapios.org\/en\/es\/","name":"Itaka-Escolapios","description":"Red de Itaka-Escolapios","publisher":{"@id":"https:\/\/www.itakaescolapios.org\/en\/es\/#organization"},"potentialAction":[{"@type":"SearchAction","target":{"@type":"EntryPoint","urlTemplate":"https:\/\/www.itakaescolapios.org\/en\/es\/?s={search_term_string}"},"query-input":{"@type":"PropertyValueSpecification","valueRequired":true,"valueName":"search_term_string"}}],"inLanguage":"en-US"},{"@type":"Organization","@id":"https:\/\/www.itakaescolapios.org\/en\/es\/#organization","name":"Fundaci\u00f3 Itaka-Escolapios","url":"https:\/\/www.itakaescolapios.org\/en\/es\/","logo":{"@type":"ImageObject","inLanguage":"en-US","@id":"https:\/\/www.itakaescolapios.org\/en\/es\/#\/schema\/logo\/image\/","url":"https:\/\/www.itakaescolapios.org\/wp-content\/uploads\/2024\/04\/Logo-itakaescolapios-peque.png","contentUrl":"https:\/\/www.itakaescolapios.org\/wp-content\/uploads\/2024\/04\/Logo-itakaescolapios-peque.png","width":500,"height":199,"caption":"Fundaci\u00f3 Itaka-Escolapios"},"image":{"@id":"https:\/\/www.itakaescolapios.org\/en\/es\/#\/schema\/logo\/image\/"}},{"@type":"Person","@id":"https:\/\/www.itakaescolapios.org\/es\/#\/schema\/person\/200262de1d464b07c45f3c70eb4cf614","name":"Equipo TIC Ema\u00fas","url":"https:\/\/www.itakaescolapios.org\/en\/author\/ntic\/"}]}},"_links":{"self":[{"href":"https:\/\/www.itakaescolapios.org\/en\/wp-json\/wp\/v2\/posts\/38234","targetHints":{"allow":["GET"]}}],"collection":[{"href":"https:\/\/www.itakaescolapios.org\/en\/wp-json\/wp\/v2\/posts"}],"about":[{"href":"https:\/\/www.itakaescolapios.org\/en\/wp-json\/wp\/v2\/types\/post"}],"author":[{"embeddable":true,"href":"https:\/\/www.itakaescolapios.org\/en\/wp-json\/wp\/v2\/users\/62"}],"replies":[{"embeddable":true,"href":"https:\/\/www.itakaescolapios.org\/en\/wp-json\/wp\/v2\/comments?post=38234"}],"version-history":[{"count":3,"href":"https:\/\/www.itakaescolapios.org\/en\/wp-json\/wp\/v2\/posts\/38234\/revisions"}],"predecessor-version":[{"id":43769,"href":"https:\/\/www.itakaescolapios.org\/en\/wp-json\/wp\/v2\/posts\/38234\/revisions\/43769"}],"wp:attachment":[{"href":"https:\/\/www.itakaescolapios.org\/en\/wp-json\/wp\/v2\/media?parent=38234"}],"wp:term":[{"taxonomy":"category","embeddable":true,"href":"https:\/\/www.itakaescolapios.org\/en\/wp-json\/wp\/v2\/categories?post=38234"},{"taxonomy":"post_tag","embeddable":true,"href":"https:\/\/www.itakaescolapios.org\/en\/wp-json\/wp\/v2\/tags?post=38234"}],"curies":[{"name":"wp","href":"https:\/\/api.w.org\/{rel}","templated":true}]}}