{"id":4042,"date":"2012-11-04T19:03:45","date_gmt":"2012-11-04T18:03:45","guid":{"rendered":"https:\/\/www.itakaescolapios.org\/?p=4042"},"modified":"2023-11-28T12:39:35","modified_gmt":"2023-11-28T11:39:35","slug":"ha-fallecido-idoya-azanza","status":"publish","type":"post","link":"https:\/\/www.itakaescolapios.org\/en\/2012\/11\/ha-fallecido-idoya-azanza\/","title":{"rendered":"Ha fallecido Idoya Azanza."},"content":{"rendered":"<div>\n<div dir=\"ltr\">\n<div><span style=\"font-family: Tahoma,sans-serif;\">Queridos voluntarios y voluntarias en Ikaskide:<\/span><\/div>\n<div><\/div>\n<div><span style=\"font-family: Tahoma,sans-serif;\">Ayer recibimos la noticia de la muerte de Idoya Azanza, hija de Daniel Azanza, compa\u00f1ero de todos nosotros en Ikaskide.<\/span><\/div>\n<div><\/div>\n<div><span style=\"font-family: Tahoma,sans-serif;\">En estos momentos duros, Daniel, nos gustar\u00eda que sientas como apoyo a toda la familia que formamos Ikaskide y todo el cari\u00f1o de los chavales, del grupo de castellano de\u00a0adultos\u00a0y de todos los compa\u00f1eros.<\/span><\/div>\n<div><\/div>\n<div><span style=\"font-family: Tahoma,sans-serif;\">Ayer rez\u00e1bamos por Idoya en la Eucarist\u00eda de la Comunidad Cristiana Escolapia en la que tantas veces Idoya ha participado. Sabiendo que est\u00e1 en los brazos del Padre, en quien confi\u00f3 y a quien tanto busc\u00f3. Descansa en paz, Idoya, goian bego.<\/span><\/div>\n<div><\/div>\n<div><span style=\"font-family: Tahoma,sans-serif;\">El funeral se celebrar\u00e1 el pr\u00f3ximo lunes d\u00eda 5 de noviembre, a las 19:00 horas, en la parroquia San Francisco Javier. <\/span><\/div>\n<div><span style=\"font-family: Tahoma,sans-serif;\">Un abrazo cordial.<\/span><\/div>\n<div><\/div>\n<div><span style=\"font-family: Tahoma,sans-serif;\">PD: Ikaskide mantendr\u00e1 su funcionamiento normal hasta finalizar el turno de Primaria. Suspendemos el turno de 19:00 a 20:00.<\/span><\/div>\n<\/div>\n<\/div>\n","protected":false},"excerpt":{"rendered":"<p>Queridos voluntarios y voluntarias en Ikaskide: Ayer recibimos la noticia de la muerte de Idoya Azanza, hija de Daniel Azanza, compa\u00f1ero de todos nosotros en Ikaskide. En estos momentos duros, [&hellip;]<\/p>\n","protected":false},"author":29,"featured_media":0,"comment_status":"closed","ping_status":"closed","sticky":false,"template":"","format":"standard","meta":{"_et_pb_use_builder":"","_et_pb_old_content":"","_et_gb_content_width":"","footnotes":""},"categories":[20],"tags":[],"class_list":["post-4042","post","type-post","status-publish","format-standard","hentry","category-pamplona-iruna"],"yoast_head":"<!-- This site is optimized with the Yoast SEO plugin v27.4 - https:\/\/yoast.com\/product\/yoast-seo-wordpress\/ -->\n<title>Ha fallecido Idoya Azanza.<\/title>\n<meta name=\"description\" content=\"Queridos voluntarios y voluntarias en Ikaskide: Ayer recibimos la noticia de la muerte de Idoya Azanza, hija de Daniel Azanza, compa\u00f1ero de todos nosotros en Ikaskide. En estos momentos duros, Daniel, nos gustar\u00eda que sientas como apoyo a toda la familia que formamos Ikaskide y todo el cari\u00f1o de los chavales, del grupo de castellano&hellip;\" \/>\n<meta name=\"robots\" content=\"index, follow, max-snippet:-1, max-image-preview:large, max-video-preview:-1\" \/>\n<link rel=\"canonical\" href=\"\" \/>\n<meta property=\"og:locale\" content=\"en_US\" \/>\n<meta property=\"og:type\" content=\"article\" \/>\n<meta property=\"og:title\" content=\"Ha fallecido Idoya Azanza.\" \/>\n<meta property=\"og:description\" content=\"Queridos voluntarios y voluntarias en Ikaskide: Ayer recibimos la noticia de la muerte de Idoya Azanza, hija de Daniel Azanza, compa\u00f1ero de todos nosotros en Ikaskide. En estos momentos duros, Daniel, nos gustar\u00eda que sientas como apoyo a toda la familia que formamos Ikaskide y todo el cari\u00f1o de los chavales, del grupo de castellano&hellip;\" \/>\n<meta property=\"og:url\" content=\"https:\/\/www.itakaescolapios.org\/en\/2012\/11\/ha-fallecido-idoya-azanza\/\" \/>\n<meta property=\"og:site_name\" content=\"Proofs in Itaka-Escolapios\" \/>\n<meta property=\"article:published_time\" content=\"2012-11-04T18:03:45+00:00\" \/>\n<meta property=\"article:modified_time\" content=\"2023-11-28T11:39:35+00:00\" \/>\n<meta name=\"author\" content=\"pamplona01\" \/>\n<meta name=\"twitter:card\" content=\"summary_large_image\" \/>\n<meta name=\"twitter:label1\" content=\"Written by\" \/>\n\t<meta name=\"twitter:data1\" content=\"pamplona01\" \/>\n\t<meta name=\"twitter:label2\" content=\"Est. reading time\" \/>\n\t<meta name=\"twitter:data2\" content=\"1 minute\" \/>\n<script type=\"application\/ld+json\" class=\"yoast-schema-graph\">{\"@context\":\"https:\\\/\\\/schema.org\",\"@graph\":[{\"@type\":\"Article\",\"@id\":\"https:\\\/\\\/www.itakaescolapios.org\\\/en\\\/2012\\\/11\\\/ha-fallecido-idoya-azanza\\\/#article\",\"isPartOf\":{\"@id\":\"https:\\\/\\\/www.itakaescolapios.org\\\/en\\\/2012\\\/11\\\/ha-fallecido-idoya-azanza\\\/\"},\"author\":{\"name\":\"pamplona01\",\"@id\":\"https:\\\/\\\/www.itakaescolapios.org\\\/es\\\/#\\\/schema\\\/person\\\/a44de70f9a43a90c3e0f59aaaffd61f3\"},\"headline\":\"Ha fallecido Idoya Azanza.\",\"datePublished\":\"2012-11-04T18:03:45+00:00\",\"dateModified\":\"2023-11-28T11:39:35+00:00\",\"mainEntityOfPage\":{\"@id\":\"https:\\\/\\\/www.itakaescolapios.org\\\/en\\\/2012\\\/11\\\/ha-fallecido-idoya-azanza\\\/\"},\"wordCount\":155,\"publisher\":{\"@id\":\"https:\\\/\\\/www.itakaescolapios.org\\\/es\\\/#organization\"},\"articleSection\":[\"Pamplona-Iru\u00f1a\"],\"inLanguage\":\"en-US\"},{\"@type\":\"WebPage\",\"@id\":\"https:\\\/\\\/www.itakaescolapios.org\\\/en\\\/2012\\\/11\\\/ha-fallecido-idoya-azanza\\\/\",\"url\":\"https:\\\/\\\/www.itakaescolapios.org\\\/en\\\/2012\\\/11\\\/ha-fallecido-idoya-azanza\\\/\",\"name\":\"Ha fallecido Idoya Azanza. - Proofs in Itaka-Escolapios\",\"isPartOf\":{\"@id\":\"https:\\\/\\\/www.itakaescolapios.org\\\/es\\\/#website\"},\"datePublished\":\"2012-11-04T18:03:45+00:00\",\"dateModified\":\"2023-11-28T11:39:35+00:00\",\"breadcrumb\":{\"@id\":\"https:\\\/\\\/www.itakaescolapios.org\\\/en\\\/2012\\\/11\\\/ha-fallecido-idoya-azanza\\\/#breadcrumb\"},\"inLanguage\":\"en-US\",\"potentialAction\":[{\"@type\":\"ReadAction\",\"target\":[\"https:\\\/\\\/www.itakaescolapios.org\\\/en\\\/2012\\\/11\\\/ha-fallecido-idoya-azanza\\\/\"]}]},{\"@type\":\"BreadcrumbList\",\"@id\":\"https:\\\/\\\/www.itakaescolapios.org\\\/en\\\/2012\\\/11\\\/ha-fallecido-idoya-azanza\\\/#breadcrumb\",\"itemListElement\":[{\"@type\":\"ListItem\",\"position\":1,\"name\":\"Proof\",\"item\":\"https:\\\/\\\/www.itakaescolapios.org\\\/es\\\/\"},{\"@type\":\"ListItem\",\"position\":2,\"name\":\"Ha fallecido Idoya Azanza.\"}]},{\"@type\":\"WebSite\",\"@id\":\"https:\\\/\\\/www.itakaescolapios.org\\\/en\\\/es\\\/#website\",\"url\":\"https:\\\/\\\/www.itakaescolapios.org\\\/en\\\/es\\\/\",\"name\":\"Itaka-Escolapios\",\"description\":\"Red de Itaka-Escolapios\",\"publisher\":{\"@id\":\"https:\\\/\\\/www.itakaescolapios.org\\\/en\\\/es\\\/#organization\"},\"potentialAction\":[{\"@type\":\"SearchAction\",\"target\":{\"@type\":\"EntryPoint\",\"urlTemplate\":\"https:\\\/\\\/www.itakaescolapios.org\\\/en\\\/es\\\/?s={search_term_string}\"},\"query-input\":{\"@type\":\"PropertyValueSpecification\",\"valueRequired\":true,\"valueName\":\"search_term_string\"}}],\"inLanguage\":\"en-US\"},{\"@type\":\"Organization\",\"@id\":\"https:\\\/\\\/www.itakaescolapios.org\\\/en\\\/es\\\/#organization\",\"name\":\"Fundaci\u00f3 Itaka-Escolapios\",\"url\":\"https:\\\/\\\/www.itakaescolapios.org\\\/en\\\/es\\\/\",\"logo\":{\"@type\":\"ImageObject\",\"inLanguage\":\"en-US\",\"@id\":\"https:\\\/\\\/www.itakaescolapios.org\\\/en\\\/es\\\/#\\\/schema\\\/logo\\\/image\\\/\",\"url\":\"https:\\\/\\\/www.itakaescolapios.org\\\/wp-content\\\/uploads\\\/2024\\\/04\\\/Logo-itakaescolapios-peque.png\",\"contentUrl\":\"https:\\\/\\\/www.itakaescolapios.org\\\/wp-content\\\/uploads\\\/2024\\\/04\\\/Logo-itakaescolapios-peque.png\",\"width\":500,\"height\":199,\"caption\":\"Fundaci\u00f3 Itaka-Escolapios\"},\"image\":{\"@id\":\"https:\\\/\\\/www.itakaescolapios.org\\\/en\\\/es\\\/#\\\/schema\\\/logo\\\/image\\\/\"}},{\"@type\":\"Person\",\"@id\":\"https:\\\/\\\/www.itakaescolapios.org\\\/es\\\/#\\\/schema\\\/person\\\/a44de70f9a43a90c3e0f59aaaffd61f3\",\"name\":\"pamplona01\",\"url\":\"https:\\\/\\\/www.itakaescolapios.org\\\/en\\\/author\\\/pamplona01\\\/\"}]}<\/script>\n<!-- \/ Yoast SEO plugin. -->","yoast_head_json":{"title":"Ha fallecido Idoya Azanza.","description":"Queridos voluntarios y voluntarias en Ikaskide: Ayer recibimos la noticia de la muerte de Idoya Azanza, hija de Daniel Azanza, compa\u00f1ero de todos nosotros en Ikaskide. En estos momentos duros, Daniel, nos gustar\u00eda que sientas como apoyo a toda la familia que formamos Ikaskide y todo el cari\u00f1o de los chavales, del grupo de castellano&hellip;","robots":{"index":"index","follow":"follow","max-snippet":"max-snippet:-1","max-image-preview":"max-image-preview:large","max-video-preview":"max-video-preview:-1"},"canonical":"Queridos voluntarios y voluntarias en Ikaskide: Ayer recibimos la noticia de la muerte de Idoya Azanza, hija de Daniel Azanza, compa\u00f1ero de todos nosotros en Ikaskide. En estos momentos duros, Daniel, nos gustar\u00eda que sientas como apoyo a toda la familia que formamos Ikaskide y todo el cari\u00f1o de los chavales, del grupo de castellano&hellip;","og_locale":"en_US","og_type":"article","og_title":"Ha fallecido Idoya Azanza.","og_description":"Queridos voluntarios y voluntarias en Ikaskide: Ayer recibimos la noticia de la muerte de Idoya Azanza, hija de Daniel Azanza, compa\u00f1ero de todos nosotros en Ikaskide. En estos momentos duros, Daniel, nos gustar\u00eda que sientas como apoyo a toda la familia que formamos Ikaskide y todo el cari\u00f1o de los chavales, del grupo de castellano&hellip;","og_url":"https:\/\/www.itakaescolapios.org\/en\/2012\/11\/ha-fallecido-idoya-azanza\/","og_site_name":"Proofs in Itaka-Escolapios","article_published_time":"2012-11-04T18:03:45+00:00","article_modified_time":"2023-11-28T11:39:35+00:00","author":"pamplona01","twitter_card":"summary_large_image","twitter_misc":{"Written by":"pamplona01","Est. reading time":"1 minute"},"schema":{"@context":"https:\/\/schema.org","@graph":[{"@type":"Article","@id":"https:\/\/www.itakaescolapios.org\/en\/2012\/11\/ha-fallecido-idoya-azanza\/#article","isPartOf":{"@id":"https:\/\/www.itakaescolapios.org\/en\/2012\/11\/ha-fallecido-idoya-azanza\/"},"author":{"name":"pamplona01","@id":"https:\/\/www.itakaescolapios.org\/es\/#\/schema\/person\/a44de70f9a43a90c3e0f59aaaffd61f3"},"headline":"Ha fallecido Idoya Azanza.","datePublished":"2012-11-04T18:03:45+00:00","dateModified":"2023-11-28T11:39:35+00:00","mainEntityOfPage":{"@id":"https:\/\/www.itakaescolapios.org\/en\/2012\/11\/ha-fallecido-idoya-azanza\/"},"wordCount":155,"publisher":{"@id":"https:\/\/www.itakaescolapios.org\/es\/#organization"},"articleSection":["Pamplona-Iru\u00f1a"],"inLanguage":"en-US"},{"@type":"WebPage","@id":"https:\/\/www.itakaescolapios.org\/en\/2012\/11\/ha-fallecido-idoya-azanza\/","url":"https:\/\/www.itakaescolapios.org\/en\/2012\/11\/ha-fallecido-idoya-azanza\/","name":"Ha fallecido Idoya Azanza. - Proofs in Itaka-Escolapios","isPartOf":{"@id":"https:\/\/www.itakaescolapios.org\/es\/#website"},"datePublished":"2012-11-04T18:03:45+00:00","dateModified":"2023-11-28T11:39:35+00:00","breadcrumb":{"@id":"https:\/\/www.itakaescolapios.org\/en\/2012\/11\/ha-fallecido-idoya-azanza\/#breadcrumb"},"inLanguage":"en-US","potentialAction":[{"@type":"ReadAction","target":["https:\/\/www.itakaescolapios.org\/en\/2012\/11\/ha-fallecido-idoya-azanza\/"]}]},{"@type":"BreadcrumbList","@id":"https:\/\/www.itakaescolapios.org\/en\/2012\/11\/ha-fallecido-idoya-azanza\/#breadcrumb","itemListElement":[{"@type":"ListItem","position":1,"name":"Proof","item":"https:\/\/www.itakaescolapios.org\/es\/"},{"@type":"ListItem","position":2,"name":"Ha fallecido Idoya Azanza."}]},{"@type":"WebSite","@id":"https:\/\/www.itakaescolapios.org\/en\/es\/#website","url":"https:\/\/www.itakaescolapios.org\/en\/es\/","name":"Itaka-Escolapios","description":"Red de Itaka-Escolapios","publisher":{"@id":"https:\/\/www.itakaescolapios.org\/en\/es\/#organization"},"potentialAction":[{"@type":"SearchAction","target":{"@type":"EntryPoint","urlTemplate":"https:\/\/www.itakaescolapios.org\/en\/es\/?s={search_term_string}"},"query-input":{"@type":"PropertyValueSpecification","valueRequired":true,"valueName":"search_term_string"}}],"inLanguage":"en-US"},{"@type":"Organization","@id":"https:\/\/www.itakaescolapios.org\/en\/es\/#organization","name":"Fundaci\u00f3 Itaka-Escolapios","url":"https:\/\/www.itakaescolapios.org\/en\/es\/","logo":{"@type":"ImageObject","inLanguage":"en-US","@id":"https:\/\/www.itakaescolapios.org\/en\/es\/#\/schema\/logo\/image\/","url":"https:\/\/www.itakaescolapios.org\/wp-content\/uploads\/2024\/04\/Logo-itakaescolapios-peque.png","contentUrl":"https:\/\/www.itakaescolapios.org\/wp-content\/uploads\/2024\/04\/Logo-itakaescolapios-peque.png","width":500,"height":199,"caption":"Fundaci\u00f3 Itaka-Escolapios"},"image":{"@id":"https:\/\/www.itakaescolapios.org\/en\/es\/#\/schema\/logo\/image\/"}},{"@type":"Person","@id":"https:\/\/www.itakaescolapios.org\/es\/#\/schema\/person\/a44de70f9a43a90c3e0f59aaaffd61f3","name":"pamplona01","url":"https:\/\/www.itakaescolapios.org\/en\/author\/pamplona01\/"}]}},"_links":{"self":[{"href":"https:\/\/www.itakaescolapios.org\/en\/wp-json\/wp\/v2\/posts\/4042","targetHints":{"allow":["GET"]}}],"collection":[{"href":"https:\/\/www.itakaescolapios.org\/en\/wp-json\/wp\/v2\/posts"}],"about":[{"href":"https:\/\/www.itakaescolapios.org\/en\/wp-json\/wp\/v2\/types\/post"}],"author":[{"embeddable":true,"href":"https:\/\/www.itakaescolapios.org\/en\/wp-json\/wp\/v2\/users\/29"}],"replies":[{"embeddable":true,"href":"https:\/\/www.itakaescolapios.org\/en\/wp-json\/wp\/v2\/comments?post=4042"}],"version-history":[{"count":4,"href":"https:\/\/www.itakaescolapios.org\/en\/wp-json\/wp\/v2\/posts\/4042\/revisions"}],"predecessor-version":[{"id":49934,"href":"https:\/\/www.itakaescolapios.org\/en\/wp-json\/wp\/v2\/posts\/4042\/revisions\/49934"}],"wp:attachment":[{"href":"https:\/\/www.itakaescolapios.org\/en\/wp-json\/wp\/v2\/media?parent=4042"}],"wp:term":[{"taxonomy":"category","embeddable":true,"href":"https:\/\/www.itakaescolapios.org\/en\/wp-json\/wp\/v2\/categories?post=4042"},{"taxonomy":"post_tag","embeddable":true,"href":"https:\/\/www.itakaescolapios.org\/en\/wp-json\/wp\/v2\/tags?post=4042"}],"curies":[{"name":"wp","href":"https:\/\/api.w.org\/{rel}","templated":true}]}}