{"id":41446,"date":"2023-03-21T13:22:20","date_gmt":"2023-03-21T12:22:20","guid":{"rendered":"https:\/\/www.itakaescolapios.org\/?p=41446"},"modified":"2023-11-28T12:35:34","modified_gmt":"2023-11-28T11:35:34","slug":"english-coordination-meeting-of-cameroon-piarist-volunteers-in-bandjoun-2023","status":"publish","type":"post","link":"https:\/\/www.itakaescolapios.org\/en\/2023\/03\/english-coordination-meeting-of-cameroon-piarist-volunteers-in-bandjoun-2023\/","title":{"rendered":"Coordination meeting of Cameroon Piarist Volunteers in Bandjoun 2023"},"content":{"rendered":"<p>Last Saturday, March 18, 2023, the coordination meeting of the Piarist volunteers of the Piarist Province of Central Africa was held in Bandjoun (west-Cameroon). During this meeting, it was a question of presenting the activity reports of the volunteers of the different presences, as well as those of the Calasanz movement by presence as well. It was also a question of making proposals with regard to the upcoming Provincial Chapter, and learning better with regard to the shared mission. At this assembly were represented: volunteers from Yaound\u00e9, Bafia, Bandjoun, Bamenda, and those from Gabon sent their activity report. A general training of volunteers was scheduled at the end of the meeting, for the period after the summer camps (between the end of July &#8211; the beginning of August). It was a great collaborative work session because most of those present responded to the call.<\/p>\n<p><img decoding=\"async\" class=\"size-full wp-image-41447 aligncenter\" src=\"https:\/\/www.itakaescolapios.org\/wp-content\/uploads\/2023\/03\/WhatsApp-Image-2023-03-18-at-21.16.58.jpeg\" alt=\"\" width=\"1152\" height=\"864\" srcset=\"https:\/\/www.itakaescolapios.org\/wp-content\/uploads\/2023\/03\/WhatsApp-Image-2023-03-18-at-21.16.58.jpeg 1152w, https:\/\/www.itakaescolapios.org\/wp-content\/uploads\/2023\/03\/WhatsApp-Image-2023-03-18-at-21.16.58-300x225.jpeg 300w, https:\/\/www.itakaescolapios.org\/wp-content\/uploads\/2023\/03\/WhatsApp-Image-2023-03-18-at-21.16.58-1024x768.jpeg 1024w, https:\/\/www.itakaescolapios.org\/wp-content\/uploads\/2023\/03\/WhatsApp-Image-2023-03-18-at-21.16.58-768x576.jpeg 768w, https:\/\/www.itakaescolapios.org\/wp-content\/uploads\/2023\/03\/WhatsApp-Image-2023-03-18-at-21.16.58-250x188.jpeg 250w, https:\/\/www.itakaescolapios.org\/wp-content\/uploads\/2023\/03\/WhatsApp-Image-2023-03-18-at-21.16.58-510x382.jpeg 510w, https:\/\/www.itakaescolapios.org\/wp-content\/uploads\/2023\/03\/WhatsApp-Image-2023-03-18-at-21.16.58-1080x810.jpeg 1080w\" sizes=\"(max-width: 1152px) 100vw, 1152px\" \/><\/p>\n<p><img decoding=\"async\" class=\"size-full wp-image-41448 aligncenter\" src=\"https:\/\/www.itakaescolapios.org\/wp-content\/uploads\/2023\/03\/WhatsApp-Image-2023-03-18-at-21.16.11.jpeg\" alt=\"\" width=\"1080\" height=\"809\" srcset=\"https:\/\/www.itakaescolapios.org\/wp-content\/uploads\/2023\/03\/WhatsApp-Image-2023-03-18-at-21.16.11.jpeg 1080w, https:\/\/www.itakaescolapios.org\/wp-content\/uploads\/2023\/03\/WhatsApp-Image-2023-03-18-at-21.16.11-300x225.jpeg 300w, https:\/\/www.itakaescolapios.org\/wp-content\/uploads\/2023\/03\/WhatsApp-Image-2023-03-18-at-21.16.11-1024x767.jpeg 1024w, https:\/\/www.itakaescolapios.org\/wp-content\/uploads\/2023\/03\/WhatsApp-Image-2023-03-18-at-21.16.11-768x575.jpeg 768w, https:\/\/www.itakaescolapios.org\/wp-content\/uploads\/2023\/03\/WhatsApp-Image-2023-03-18-at-21.16.11-250x187.jpeg 250w, https:\/\/www.itakaescolapios.org\/wp-content\/uploads\/2023\/03\/WhatsApp-Image-2023-03-18-at-21.16.11-510x382.jpeg 510w\" sizes=\"(max-width: 1080px) 100vw, 1080px\" \/><\/p>\n<p><img decoding=\"async\" class=\"size-full wp-image-41450 aligncenter\" src=\"https:\/\/www.itakaescolapios.org\/wp-content\/uploads\/2023\/03\/WhatsApp-Image-2023-03-18-at-21.17.00.jpeg\" alt=\"\" width=\"1080\" height=\"809\" srcset=\"https:\/\/www.itakaescolapios.org\/wp-content\/uploads\/2023\/03\/WhatsApp-Image-2023-03-18-at-21.17.00.jpeg 1080w, https:\/\/www.itakaescolapios.org\/wp-content\/uploads\/2023\/03\/WhatsApp-Image-2023-03-18-at-21.17.00-300x225.jpeg 300w, https:\/\/www.itakaescolapios.org\/wp-content\/uploads\/2023\/03\/WhatsApp-Image-2023-03-18-at-21.17.00-1024x767.jpeg 1024w, https:\/\/www.itakaescolapios.org\/wp-content\/uploads\/2023\/03\/WhatsApp-Image-2023-03-18-at-21.17.00-768x575.jpeg 768w, https:\/\/www.itakaescolapios.org\/wp-content\/uploads\/2023\/03\/WhatsApp-Image-2023-03-18-at-21.17.00-250x187.jpeg 250w, https:\/\/www.itakaescolapios.org\/wp-content\/uploads\/2023\/03\/WhatsApp-Image-2023-03-18-at-21.17.00-510x382.jpeg 510w\" sizes=\"(max-width: 1080px) 100vw, 1080px\" \/><\/p>\n<p><img decoding=\"async\" class=\"size-full wp-image-41451 aligncenter\" src=\"https:\/\/www.itakaescolapios.org\/wp-content\/uploads\/2023\/03\/WhatsApp-Image-2023-03-18-at-21.32.29.jpeg\" alt=\"\" width=\"1080\" height=\"809\" srcset=\"https:\/\/www.itakaescolapios.org\/wp-content\/uploads\/2023\/03\/WhatsApp-Image-2023-03-18-at-21.32.29.jpeg 1080w, https:\/\/www.itakaescolapios.org\/wp-content\/uploads\/2023\/03\/WhatsApp-Image-2023-03-18-at-21.32.29-300x225.jpeg 300w, https:\/\/www.itakaescolapios.org\/wp-content\/uploads\/2023\/03\/WhatsApp-Image-2023-03-18-at-21.32.29-1024x767.jpeg 1024w, https:\/\/www.itakaescolapios.org\/wp-content\/uploads\/2023\/03\/WhatsApp-Image-2023-03-18-at-21.32.29-768x575.jpeg 768w, https:\/\/www.itakaescolapios.org\/wp-content\/uploads\/2023\/03\/WhatsApp-Image-2023-03-18-at-21.32.29-250x187.jpeg 250w, https:\/\/www.itakaescolapios.org\/wp-content\/uploads\/2023\/03\/WhatsApp-Image-2023-03-18-at-21.32.29-510x382.jpeg 510w\" sizes=\"(max-width: 1080px) 100vw, 1080px\" \/><\/p>\n","protected":false},"excerpt":{"rendered":"<p>Last Saturday, March 18, 2023, the coordination meeting of the Piarist volunteers of the Piarist Province of Central Africa was held in Bandjoun (west-Cameroon). During this meeting, it was a [&hellip;]<\/p>\n","protected":false},"author":15,"featured_media":41449,"comment_status":"closed","ping_status":"closed","sticky":false,"template":"","format":"standard","meta":{"_et_pb_use_builder":"","_et_pb_old_content":"","_et_gb_content_width":"","footnotes":""},"categories":[53,10],"tags":[],"class_list":["post-41446","post","type-post","status-publish","format-standard","has-post-thumbnail","hentry","category-africa-central","category-camerun"],"yoast_head":"<!-- This site is optimized with the Yoast SEO plugin v27.4 - https:\/\/yoast.com\/product\/yoast-seo-wordpress\/ -->\n<title>Coordination meeting of Cameroon Piarist Volunteers in Bandjoun 2023<\/title>\n<meta name=\"description\" content=\"Last Saturday, March 18, 2023, the coordination meeting of the Piarist volunteers of the Piarist Province of Central Africa was held in Bandjoun (west-Cameroon). During this meeting, it was a question of presenting the activity reports of the volunteers of the different presences, as well as those of the Calasanz movement by presence as well.&hellip;\" \/>\n<meta name=\"robots\" content=\"index, follow, max-snippet:-1, max-image-preview:large, max-video-preview:-1\" \/>\n<link rel=\"canonical\" href=\"http:\/\/Last%20Saturday,%20March%2018,%202023,%20the%20coordination%20meeting%20of%20the%20Piarist%20volunteers%20of%20the%20Piarist%20Province%20of%20Central%20Africa%20was%20held%20in%20Bandjoun%20(west-Cameroon).%20During%20this%20meeting,%20it%20was%20a%20question%20of%20presenting%20the%20activity%20reports%20of%20the%20volunteers%20of%20the%20different%20presences,%20as%20well%20as%20those%20of%20the%20Calasanz%20movement%20by%20presence%20as%20well.&hellip;\" \/>\n<meta property=\"og:locale\" content=\"en_US\" \/>\n<meta property=\"og:type\" content=\"article\" \/>\n<meta property=\"og:title\" content=\"Coordination meeting of Cameroon Piarist Volunteers in Bandjoun 2023\" \/>\n<meta property=\"og:description\" content=\"Last Saturday, March 18, 2023, the coordination meeting of the Piarist volunteers of the Piarist Province of Central Africa was held in Bandjoun (west-Cameroon). During this meeting, it was a question of presenting the activity reports of the volunteers of the different presences, as well as those of the Calasanz movement by presence as well.&hellip;\" \/>\n<meta property=\"og:url\" content=\"https:\/\/www.itakaescolapios.org\/en\/2023\/03\/english-coordination-meeting-of-cameroon-piarist-volunteers-in-bandjoun-2023\/\" \/>\n<meta property=\"og:site_name\" content=\"Proofs in Itaka-Escolapios\" \/>\n<meta property=\"article:published_time\" content=\"2023-03-21T12:22:20+00:00\" \/>\n<meta property=\"article:modified_time\" content=\"2023-11-28T11:35:34+00:00\" \/>\n<meta property=\"og:image\" content=\"https:\/\/www.itakaescolapios.org\/wp-content\/uploads\/2023\/03\/WhatsApp-Image-2023-03-18-at-21.16.29.jpeg\" \/>\n\t<meta property=\"og:image:width\" content=\"1080\" \/>\n\t<meta property=\"og:image:height\" content=\"809\" \/>\n\t<meta property=\"og:image:type\" content=\"image\/jpeg\" \/>\n<meta name=\"author\" content=\"cameroun01\" \/>\n<meta name=\"twitter:card\" content=\"summary_large_image\" \/>\n<meta name=\"twitter:label1\" content=\"Written by\" \/>\n\t<meta name=\"twitter:data1\" content=\"cameroun01\" \/>\n\t<meta name=\"twitter:label2\" content=\"Est. reading time\" \/>\n\t<meta name=\"twitter:data2\" content=\"1 minute\" \/>\n<script type=\"application\/ld+json\" class=\"yoast-schema-graph\">{\"@context\":\"https:\\\/\\\/schema.org\",\"@graph\":[{\"@type\":\"Article\",\"@id\":\"https:\\\/\\\/www.itakaescolapios.org\\\/en\\\/2023\\\/03\\\/english-coordination-meeting-of-cameroon-piarist-volunteers-in-bandjoun-2023\\\/#article\",\"isPartOf\":{\"@id\":\"https:\\\/\\\/www.itakaescolapios.org\\\/en\\\/2023\\\/03\\\/english-coordination-meeting-of-cameroon-piarist-volunteers-in-bandjoun-2023\\\/\"},\"author\":{\"name\":\"cameroun01\",\"@id\":\"https:\\\/\\\/www.itakaescolapios.org\\\/es\\\/#\\\/schema\\\/person\\\/d2844383e29bfdfef69039672ce14eb1\"},\"headline\":\"Coordination meeting of Cameroon Piarist Volunteers in Bandjoun 2023\",\"datePublished\":\"2023-03-21T12:22:20+00:00\",\"dateModified\":\"2023-11-28T11:35:34+00:00\",\"mainEntityOfPage\":{\"@id\":\"https:\\\/\\\/www.itakaescolapios.org\\\/en\\\/2023\\\/03\\\/english-coordination-meeting-of-cameroon-piarist-volunteers-in-bandjoun-2023\\\/\"},\"wordCount\":174,\"publisher\":{\"@id\":\"https:\\\/\\\/www.itakaescolapios.org\\\/es\\\/#organization\"},\"image\":{\"@id\":\"https:\\\/\\\/www.itakaescolapios.org\\\/en\\\/2023\\\/03\\\/english-coordination-meeting-of-cameroon-piarist-volunteers-in-bandjoun-2023\\\/#primaryimage\"},\"thumbnailUrl\":\"https:\\\/\\\/www.itakaescolapios.org\\\/wp-content\\\/uploads\\\/2023\\\/03\\\/WhatsApp-Image-2023-03-18-at-21.16.29.jpeg\",\"articleSection\":[\"Central Africa\",\"Cameroon\"],\"inLanguage\":\"en-US\"},{\"@type\":\"WebPage\",\"@id\":\"https:\\\/\\\/www.itakaescolapios.org\\\/en\\\/2023\\\/03\\\/english-coordination-meeting-of-cameroon-piarist-volunteers-in-bandjoun-2023\\\/\",\"url\":\"https:\\\/\\\/www.itakaescolapios.org\\\/en\\\/2023\\\/03\\\/english-coordination-meeting-of-cameroon-piarist-volunteers-in-bandjoun-2023\\\/\",\"name\":\"Reuni\u00f3n de coordinaci\u00f3n de los Voluntarios Escolapios de Camer\u00fan en Bandjoun 2023 - Proofs in Itaka-Escolapios\",\"isPartOf\":{\"@id\":\"https:\\\/\\\/www.itakaescolapios.org\\\/es\\\/#website\"},\"primaryImageOfPage\":{\"@id\":\"https:\\\/\\\/www.itakaescolapios.org\\\/en\\\/2023\\\/03\\\/english-coordination-meeting-of-cameroon-piarist-volunteers-in-bandjoun-2023\\\/#primaryimage\"},\"image\":{\"@id\":\"https:\\\/\\\/www.itakaescolapios.org\\\/en\\\/2023\\\/03\\\/english-coordination-meeting-of-cameroon-piarist-volunteers-in-bandjoun-2023\\\/#primaryimage\"},\"thumbnailUrl\":\"https:\\\/\\\/www.itakaescolapios.org\\\/wp-content\\\/uploads\\\/2023\\\/03\\\/WhatsApp-Image-2023-03-18-at-21.16.29.jpeg\",\"datePublished\":\"2023-03-21T12:22:20+00:00\",\"dateModified\":\"2023-11-28T11:35:34+00:00\",\"breadcrumb\":{\"@id\":\"https:\\\/\\\/www.itakaescolapios.org\\\/en\\\/2023\\\/03\\\/english-coordination-meeting-of-cameroon-piarist-volunteers-in-bandjoun-2023\\\/#breadcrumb\"},\"inLanguage\":\"en-US\",\"potentialAction\":[{\"@type\":\"ReadAction\",\"target\":[\"https:\\\/\\\/www.itakaescolapios.org\\\/en\\\/2023\\\/03\\\/english-coordination-meeting-of-cameroon-piarist-volunteers-in-bandjoun-2023\\\/\"]}]},{\"@type\":\"ImageObject\",\"inLanguage\":\"en-US\",\"@id\":\"https:\\\/\\\/www.itakaescolapios.org\\\/en\\\/2023\\\/03\\\/english-coordination-meeting-of-cameroon-piarist-volunteers-in-bandjoun-2023\\\/#primaryimage\",\"url\":\"https:\\\/\\\/www.itakaescolapios.org\\\/wp-content\\\/uploads\\\/2023\\\/03\\\/WhatsApp-Image-2023-03-18-at-21.16.29.jpeg\",\"contentUrl\":\"https:\\\/\\\/www.itakaescolapios.org\\\/wp-content\\\/uploads\\\/2023\\\/03\\\/WhatsApp-Image-2023-03-18-at-21.16.29.jpeg\",\"width\":1080,\"height\":809},{\"@type\":\"BreadcrumbList\",\"@id\":\"https:\\\/\\\/www.itakaescolapios.org\\\/en\\\/2023\\\/03\\\/english-coordination-meeting-of-cameroon-piarist-volunteers-in-bandjoun-2023\\\/#breadcrumb\",\"itemListElement\":[{\"@type\":\"ListItem\",\"position\":1,\"name\":\"Proof\",\"item\":\"https:\\\/\\\/www.itakaescolapios.org\\\/es\\\/\"},{\"@type\":\"ListItem\",\"position\":2,\"name\":\"Coordination meeting of Cameroon Piarist Volunteers in Bandjoun 2023\"}]},{\"@type\":\"WebSite\",\"@id\":\"https:\\\/\\\/www.itakaescolapios.org\\\/en\\\/es\\\/#website\",\"url\":\"https:\\\/\\\/www.itakaescolapios.org\\\/en\\\/es\\\/\",\"name\":\"Itaka-Escolapios\",\"description\":\"Red de Itaka-Escolapios\",\"publisher\":{\"@id\":\"https:\\\/\\\/www.itakaescolapios.org\\\/en\\\/es\\\/#organization\"},\"potentialAction\":[{\"@type\":\"SearchAction\",\"target\":{\"@type\":\"EntryPoint\",\"urlTemplate\":\"https:\\\/\\\/www.itakaescolapios.org\\\/en\\\/es\\\/?s={search_term_string}\"},\"query-input\":{\"@type\":\"PropertyValueSpecification\",\"valueRequired\":true,\"valueName\":\"search_term_string\"}}],\"inLanguage\":\"en-US\"},{\"@type\":\"Organization\",\"@id\":\"https:\\\/\\\/www.itakaescolapios.org\\\/en\\\/es\\\/#organization\",\"name\":\"Fundaci\u00f3 Itaka-Escolapios\",\"url\":\"https:\\\/\\\/www.itakaescolapios.org\\\/en\\\/es\\\/\",\"logo\":{\"@type\":\"ImageObject\",\"inLanguage\":\"en-US\",\"@id\":\"https:\\\/\\\/www.itakaescolapios.org\\\/en\\\/es\\\/#\\\/schema\\\/logo\\\/image\\\/\",\"url\":\"https:\\\/\\\/www.itakaescolapios.org\\\/wp-content\\\/uploads\\\/2024\\\/04\\\/Logo-itakaescolapios-peque.png\",\"contentUrl\":\"https:\\\/\\\/www.itakaescolapios.org\\\/wp-content\\\/uploads\\\/2024\\\/04\\\/Logo-itakaescolapios-peque.png\",\"width\":500,\"height\":199,\"caption\":\"Fundaci\u00f3 Itaka-Escolapios\"},\"image\":{\"@id\":\"https:\\\/\\\/www.itakaescolapios.org\\\/en\\\/es\\\/#\\\/schema\\\/logo\\\/image\\\/\"}},{\"@type\":\"Person\",\"@id\":\"https:\\\/\\\/www.itakaescolapios.org\\\/es\\\/#\\\/schema\\\/person\\\/d2844383e29bfdfef69039672ce14eb1\",\"name\":\"cameroun01\",\"url\":\"https:\\\/\\\/www.itakaescolapios.org\\\/en\\\/author\\\/cameroun01\\\/\"}]}<\/script>\n<!-- \/ Yoast SEO plugin. -->","yoast_head_json":{"title":"Coordination meeting of Cameroon Piarist Volunteers in Bandjoun 2023","description":"Last Saturday, March 18, 2023, the coordination meeting of the Piarist volunteers of the Piarist Province of Central Africa was held in Bandjoun (west-Cameroon). During this meeting, it was a question of presenting the activity reports of the volunteers of the different presences, as well as those of the Calasanz movement by presence as well.&hellip;","robots":{"index":"index","follow":"follow","max-snippet":"max-snippet:-1","max-image-preview":"max-image-preview:large","max-video-preview":"max-video-preview:-1"},"canonical":"Last Saturday, March 18, 2023, the coordination meeting of the Piarist volunteers of the Piarist Province of Central Africa was held in Bandjoun (west-Cameroon). During this meeting, it was a question of presenting the activity reports of the volunteers of the different presences, as well as those of the Calasanz movement by presence as well.&hellip;","og_locale":"en_US","og_type":"article","og_title":"Coordination meeting of Cameroon Piarist Volunteers in Bandjoun 2023","og_description":"Last Saturday, March 18, 2023, the coordination meeting of the Piarist volunteers of the Piarist Province of Central Africa was held in Bandjoun (west-Cameroon). During this meeting, it was a question of presenting the activity reports of the volunteers of the different presences, as well as those of the Calasanz movement by presence as well.&hellip;","og_url":"https:\/\/www.itakaescolapios.org\/en\/2023\/03\/english-coordination-meeting-of-cameroon-piarist-volunteers-in-bandjoun-2023\/","og_site_name":"Proofs in Itaka-Escolapios","article_published_time":"2023-03-21T12:22:20+00:00","article_modified_time":"2023-11-28T11:35:34+00:00","og_image":[{"width":1080,"height":809,"url":"https:\/\/www.itakaescolapios.org\/wp-content\/uploads\/2023\/03\/WhatsApp-Image-2023-03-18-at-21.16.29.jpeg","type":"image\/jpeg"}],"author":"cameroun01","twitter_card":"summary_large_image","twitter_misc":{"Written by":"cameroun01","Est. reading time":"1 minute"},"schema":{"@context":"https:\/\/schema.org","@graph":[{"@type":"Article","@id":"https:\/\/www.itakaescolapios.org\/en\/2023\/03\/english-coordination-meeting-of-cameroon-piarist-volunteers-in-bandjoun-2023\/#article","isPartOf":{"@id":"https:\/\/www.itakaescolapios.org\/en\/2023\/03\/english-coordination-meeting-of-cameroon-piarist-volunteers-in-bandjoun-2023\/"},"author":{"name":"cameroun01","@id":"https:\/\/www.itakaescolapios.org\/es\/#\/schema\/person\/d2844383e29bfdfef69039672ce14eb1"},"headline":"Coordination meeting of Cameroon Piarist Volunteers in Bandjoun 2023","datePublished":"2023-03-21T12:22:20+00:00","dateModified":"2023-11-28T11:35:34+00:00","mainEntityOfPage":{"@id":"https:\/\/www.itakaescolapios.org\/en\/2023\/03\/english-coordination-meeting-of-cameroon-piarist-volunteers-in-bandjoun-2023\/"},"wordCount":174,"publisher":{"@id":"https:\/\/www.itakaescolapios.org\/es\/#organization"},"image":{"@id":"https:\/\/www.itakaescolapios.org\/en\/2023\/03\/english-coordination-meeting-of-cameroon-piarist-volunteers-in-bandjoun-2023\/#primaryimage"},"thumbnailUrl":"https:\/\/www.itakaescolapios.org\/wp-content\/uploads\/2023\/03\/WhatsApp-Image-2023-03-18-at-21.16.29.jpeg","articleSection":["Central Africa","Cameroon"],"inLanguage":"en-US"},{"@type":"WebPage","@id":"https:\/\/www.itakaescolapios.org\/en\/2023\/03\/english-coordination-meeting-of-cameroon-piarist-volunteers-in-bandjoun-2023\/","url":"https:\/\/www.itakaescolapios.org\/en\/2023\/03\/english-coordination-meeting-of-cameroon-piarist-volunteers-in-bandjoun-2023\/","name":"Reuni\u00f3n de coordinaci\u00f3n de los Voluntarios Escolapios de Camer\u00fan en Bandjoun 2023 - Proofs in Itaka-Escolapios","isPartOf":{"@id":"https:\/\/www.itakaescolapios.org\/es\/#website"},"primaryImageOfPage":{"@id":"https:\/\/www.itakaescolapios.org\/en\/2023\/03\/english-coordination-meeting-of-cameroon-piarist-volunteers-in-bandjoun-2023\/#primaryimage"},"image":{"@id":"https:\/\/www.itakaescolapios.org\/en\/2023\/03\/english-coordination-meeting-of-cameroon-piarist-volunteers-in-bandjoun-2023\/#primaryimage"},"thumbnailUrl":"https:\/\/www.itakaescolapios.org\/wp-content\/uploads\/2023\/03\/WhatsApp-Image-2023-03-18-at-21.16.29.jpeg","datePublished":"2023-03-21T12:22:20+00:00","dateModified":"2023-11-28T11:35:34+00:00","breadcrumb":{"@id":"https:\/\/www.itakaescolapios.org\/en\/2023\/03\/english-coordination-meeting-of-cameroon-piarist-volunteers-in-bandjoun-2023\/#breadcrumb"},"inLanguage":"en-US","potentialAction":[{"@type":"ReadAction","target":["https:\/\/www.itakaescolapios.org\/en\/2023\/03\/english-coordination-meeting-of-cameroon-piarist-volunteers-in-bandjoun-2023\/"]}]},{"@type":"ImageObject","inLanguage":"en-US","@id":"https:\/\/www.itakaescolapios.org\/en\/2023\/03\/english-coordination-meeting-of-cameroon-piarist-volunteers-in-bandjoun-2023\/#primaryimage","url":"https:\/\/www.itakaescolapios.org\/wp-content\/uploads\/2023\/03\/WhatsApp-Image-2023-03-18-at-21.16.29.jpeg","contentUrl":"https:\/\/www.itakaescolapios.org\/wp-content\/uploads\/2023\/03\/WhatsApp-Image-2023-03-18-at-21.16.29.jpeg","width":1080,"height":809},{"@type":"BreadcrumbList","@id":"https:\/\/www.itakaescolapios.org\/en\/2023\/03\/english-coordination-meeting-of-cameroon-piarist-volunteers-in-bandjoun-2023\/#breadcrumb","itemListElement":[{"@type":"ListItem","position":1,"name":"Proof","item":"https:\/\/www.itakaescolapios.org\/es\/"},{"@type":"ListItem","position":2,"name":"Coordination meeting of Cameroon Piarist Volunteers in Bandjoun 2023"}]},{"@type":"WebSite","@id":"https:\/\/www.itakaescolapios.org\/en\/es\/#website","url":"https:\/\/www.itakaescolapios.org\/en\/es\/","name":"Itaka-Escolapios","description":"Red de Itaka-Escolapios","publisher":{"@id":"https:\/\/www.itakaescolapios.org\/en\/es\/#organization"},"potentialAction":[{"@type":"SearchAction","target":{"@type":"EntryPoint","urlTemplate":"https:\/\/www.itakaescolapios.org\/en\/es\/?s={search_term_string}"},"query-input":{"@type":"PropertyValueSpecification","valueRequired":true,"valueName":"search_term_string"}}],"inLanguage":"en-US"},{"@type":"Organization","@id":"https:\/\/www.itakaescolapios.org\/en\/es\/#organization","name":"Fundaci\u00f3 Itaka-Escolapios","url":"https:\/\/www.itakaescolapios.org\/en\/es\/","logo":{"@type":"ImageObject","inLanguage":"en-US","@id":"https:\/\/www.itakaescolapios.org\/en\/es\/#\/schema\/logo\/image\/","url":"https:\/\/www.itakaescolapios.org\/wp-content\/uploads\/2024\/04\/Logo-itakaescolapios-peque.png","contentUrl":"https:\/\/www.itakaescolapios.org\/wp-content\/uploads\/2024\/04\/Logo-itakaescolapios-peque.png","width":500,"height":199,"caption":"Fundaci\u00f3 Itaka-Escolapios"},"image":{"@id":"https:\/\/www.itakaescolapios.org\/en\/es\/#\/schema\/logo\/image\/"}},{"@type":"Person","@id":"https:\/\/www.itakaescolapios.org\/es\/#\/schema\/person\/d2844383e29bfdfef69039672ce14eb1","name":"cameroun01","url":"https:\/\/www.itakaescolapios.org\/en\/author\/cameroun01\/"}]}},"_links":{"self":[{"href":"https:\/\/www.itakaescolapios.org\/en\/wp-json\/wp\/v2\/posts\/41446","targetHints":{"allow":["GET"]}}],"collection":[{"href":"https:\/\/www.itakaescolapios.org\/en\/wp-json\/wp\/v2\/posts"}],"about":[{"href":"https:\/\/www.itakaescolapios.org\/en\/wp-json\/wp\/v2\/types\/post"}],"author":[{"embeddable":true,"href":"https:\/\/www.itakaescolapios.org\/en\/wp-json\/wp\/v2\/users\/15"}],"replies":[{"embeddable":true,"href":"https:\/\/www.itakaescolapios.org\/en\/wp-json\/wp\/v2\/comments?post=41446"}],"version-history":[{"count":4,"href":"https:\/\/www.itakaescolapios.org\/en\/wp-json\/wp\/v2\/posts\/41446\/revisions"}],"predecessor-version":[{"id":43647,"href":"https:\/\/www.itakaescolapios.org\/en\/wp-json\/wp\/v2\/posts\/41446\/revisions\/43647"}],"wp:featuredmedia":[{"embeddable":true,"href":"https:\/\/www.itakaescolapios.org\/en\/wp-json\/wp\/v2\/media\/41449"}],"wp:attachment":[{"href":"https:\/\/www.itakaescolapios.org\/en\/wp-json\/wp\/v2\/media?parent=41446"}],"wp:term":[{"taxonomy":"category","embeddable":true,"href":"https:\/\/www.itakaescolapios.org\/en\/wp-json\/wp\/v2\/categories?post=41446"},{"taxonomy":"post_tag","embeddable":true,"href":"https:\/\/www.itakaescolapios.org\/en\/wp-json\/wp\/v2\/tags?post=41446"}],"curies":[{"name":"wp","href":"https:\/\/api.w.org\/{rel}","templated":true}]}}