{"id":41964,"date":"2023-04-26T09:07:54","date_gmt":"2023-04-26T08:07:54","guid":{"rendered":"https:\/\/www.itakaescolapios.org\/?p=41964"},"modified":"2023-11-28T12:35:33","modified_gmt":"2023-11-28T11:35:33","slug":"english-opening-of-the-third-provincial-chapter-of-central-africa-in-ngoya-cameroon","status":"publish","type":"post","link":"https:\/\/www.itakaescolapios.org\/en\/2023\/04\/english-opening-of-the-third-provincial-chapter-of-central-africa-in-ngoya-cameroon\/","title":{"rendered":"Opening of the Third Provincial Chapter of Central Africa in Ngoya (Cameroon)"},"content":{"rendered":"<p>Today March 25, in the presence of Father General Pedro Aguado, began in Ngoya (Cameroon) the third Provincial Chapter for the Piarist Province of Central Africa. We opened the work of with a reflection led by Father General Pedro Aguado, leading us to enter deeply into the spirit of the Chapter. Then, we entrusted to the Lord the day of work with a mass followed by the election of the secretary captain and his substitute. Activities got off to a good start. This week being that of the Chapter, the activities will continue tomorrow.<\/p>\n<p><img decoding=\"async\" class=\"size-full wp-image-41965 aligncenter\" src=\"https:\/\/www.itakaescolapios.org\/wp-content\/uploads\/2023\/04\/342711038_206429935462175_3956014367255637065_n.jpg\" alt=\"\" width=\"1406\" height=\"736\" srcset=\"https:\/\/www.itakaescolapios.org\/wp-content\/uploads\/2023\/04\/342711038_206429935462175_3956014367255637065_n.jpg 1406w, https:\/\/www.itakaescolapios.org\/wp-content\/uploads\/2023\/04\/342711038_206429935462175_3956014367255637065_n-300x157.jpg 300w, https:\/\/www.itakaescolapios.org\/wp-content\/uploads\/2023\/04\/342711038_206429935462175_3956014367255637065_n-1024x536.jpg 1024w, https:\/\/www.itakaescolapios.org\/wp-content\/uploads\/2023\/04\/342711038_206429935462175_3956014367255637065_n-768x402.jpg 768w, https:\/\/www.itakaescolapios.org\/wp-content\/uploads\/2023\/04\/342711038_206429935462175_3956014367255637065_n-250x131.jpg 250w, https:\/\/www.itakaescolapios.org\/wp-content\/uploads\/2023\/04\/342711038_206429935462175_3956014367255637065_n-1080x565.jpg 1080w\" sizes=\"(max-width: 1406px) 100vw, 1406px\" \/><\/p>\n<p><img decoding=\"async\" class=\"size-full wp-image-41966 aligncenter\" src=\"https:\/\/www.itakaescolapios.org\/wp-content\/uploads\/2023\/04\/343023963_258832566663742_7946885084039536131_n.jpg\" alt=\"\" width=\"1719\" height=\"900\" srcset=\"https:\/\/www.itakaescolapios.org\/wp-content\/uploads\/2023\/04\/343023963_258832566663742_7946885084039536131_n.jpg 1719w, https:\/\/www.itakaescolapios.org\/wp-content\/uploads\/2023\/04\/343023963_258832566663742_7946885084039536131_n-300x157.jpg 300w, https:\/\/www.itakaescolapios.org\/wp-content\/uploads\/2023\/04\/343023963_258832566663742_7946885084039536131_n-1024x536.jpg 1024w, https:\/\/www.itakaescolapios.org\/wp-content\/uploads\/2023\/04\/343023963_258832566663742_7946885084039536131_n-768x402.jpg 768w, https:\/\/www.itakaescolapios.org\/wp-content\/uploads\/2023\/04\/343023963_258832566663742_7946885084039536131_n-1536x804.jpg 1536w, https:\/\/www.itakaescolapios.org\/wp-content\/uploads\/2023\/04\/343023963_258832566663742_7946885084039536131_n-250x131.jpg 250w, https:\/\/www.itakaescolapios.org\/wp-content\/uploads\/2023\/04\/343023963_258832566663742_7946885084039536131_n-1080x565.jpg 1080w\" sizes=\"(max-width: 1719px) 100vw, 1719px\" \/><\/p>\n<p><img decoding=\"async\" class=\"size-full wp-image-41968 aligncenter\" src=\"https:\/\/www.itakaescolapios.org\/wp-content\/uploads\/2023\/04\/un-ch.jpg\" alt=\"\" width=\"720\" height=\"900\" srcset=\"https:\/\/www.itakaescolapios.org\/wp-content\/uploads\/2023\/04\/un-ch.jpg 720w, https:\/\/www.itakaescolapios.org\/wp-content\/uploads\/2023\/04\/un-ch-240x300.jpg 240w, https:\/\/www.itakaescolapios.org\/wp-content\/uploads\/2023\/04\/un-ch-250x313.jpg 250w\" sizes=\"(max-width: 720px) 100vw, 720px\" \/><\/p>\n","protected":false},"excerpt":{"rendered":"<p>Today March 25, in the presence of Father General Pedro Aguado, began in Ngoya (Cameroon) the third Provincial Chapter for the Piarist Province of Central Africa. We opened the work [&hellip;]<\/p>\n","protected":false},"author":15,"featured_media":41967,"comment_status":"closed","ping_status":"closed","sticky":false,"template":"","format":"standard","meta":{"_et_pb_use_builder":"","_et_pb_old_content":"","_et_gb_content_width":"","footnotes":""},"categories":[53,10],"tags":[],"class_list":["post-41964","post","type-post","status-publish","format-standard","has-post-thumbnail","hentry","category-africa-central","category-camerun"],"yoast_head":"<!-- This site is optimized with the Yoast SEO plugin v27.4 - https:\/\/yoast.com\/product\/yoast-seo-wordpress\/ -->\n<title>Opening of the Third Provincial Chapter of Central Africa in Ngoya (Cameroon)<\/title>\n<meta name=\"description\" content=\"Today March 25, in the presence of Father General Pedro Aguado, began in Ngoya (Cameroon) the third Provincial Chapter for the Piarist Province of Central Africa. We opened the work of with a reflection led by Father General Pedro Aguado, leading us to enter deeply into the spirit of the Chapter. Then, we entrusted to&hellip;\" \/>\n<meta name=\"robots\" content=\"index, follow, max-snippet:-1, max-image-preview:large, max-video-preview:-1\" \/>\n<link rel=\"canonical\" href=\"http:\/\/Today%20March%2025,%20in%20the%20presence%20of%20Father%20General%20Pedro%20Aguado,%20began%20in%20Ngoya%20(Cameroon)%20the%20third%20Provincial%20Chapter%20for%20the%20Piarist%20Province%20of%20Central%20Africa.%20We%20opened%20the%20work%20of%20with%20a%20reflection%20led%20by%20Father%20General%20Pedro%20Aguado,%20leading%20us%20to%20enter%20deeply%20into%20the%20spirit%20of%20the%20Chapter.%20Then,%20we%20entrusted%20to&hellip;\" \/>\n<meta property=\"og:locale\" content=\"en_US\" \/>\n<meta property=\"og:type\" content=\"article\" \/>\n<meta property=\"og:title\" content=\"Opening of the Third Provincial Chapter of Central Africa in Ngoya (Cameroon)\" \/>\n<meta property=\"og:description\" content=\"Today March 25, in the presence of Father General Pedro Aguado, began in Ngoya (Cameroon) the third Provincial Chapter for the Piarist Province of Central Africa. We opened the work of with a reflection led by Father General Pedro Aguado, leading us to enter deeply into the spirit of the Chapter. Then, we entrusted to&hellip;\" \/>\n<meta property=\"og:url\" content=\"https:\/\/www.itakaescolapios.org\/en\/2023\/04\/english-opening-of-the-third-provincial-chapter-of-central-africa-in-ngoya-cameroon\/\" \/>\n<meta property=\"og:site_name\" content=\"Proofs in Itaka-Escolapios\" \/>\n<meta property=\"article:published_time\" content=\"2023-04-26T08:07:54+00:00\" \/>\n<meta property=\"article:modified_time\" content=\"2023-11-28T11:35:33+00:00\" \/>\n<meta property=\"og:image\" content=\"https:\/\/www.itakaescolapios.org\/wp-content\/uploads\/2023\/04\/342406130_3314586652127599_2055185933264966625_n.jpg\" \/>\n\t<meta property=\"og:image:width\" content=\"1406\" \/>\n\t<meta property=\"og:image:height\" content=\"736\" \/>\n\t<meta property=\"og:image:type\" content=\"image\/jpeg\" \/>\n<meta name=\"author\" content=\"cameroun01\" \/>\n<meta name=\"twitter:card\" content=\"summary_large_image\" \/>\n<meta name=\"twitter:label1\" content=\"Written by\" \/>\n\t<meta name=\"twitter:data1\" content=\"cameroun01\" \/>\n\t<meta name=\"twitter:label2\" content=\"Est. reading time\" \/>\n\t<meta name=\"twitter:data2\" content=\"1 minute\" \/>\n<script type=\"application\/ld+json\" class=\"yoast-schema-graph\">{\"@context\":\"https:\\\/\\\/schema.org\",\"@graph\":[{\"@type\":\"Article\",\"@id\":\"https:\\\/\\\/www.itakaescolapios.org\\\/en\\\/2023\\\/04\\\/english-opening-of-the-third-provincial-chapter-of-central-africa-in-ngoya-cameroon\\\/#article\",\"isPartOf\":{\"@id\":\"https:\\\/\\\/www.itakaescolapios.org\\\/en\\\/2023\\\/04\\\/english-opening-of-the-third-provincial-chapter-of-central-africa-in-ngoya-cameroon\\\/\"},\"author\":{\"name\":\"cameroun01\",\"@id\":\"https:\\\/\\\/www.itakaescolapios.org\\\/es\\\/#\\\/schema\\\/person\\\/d2844383e29bfdfef69039672ce14eb1\"},\"headline\":\"Opening of the Third Provincial Chapter of Central Africa in Ngoya (Cameroon)\",\"datePublished\":\"2023-04-26T08:07:54+00:00\",\"dateModified\":\"2023-11-28T11:35:33+00:00\",\"mainEntityOfPage\":{\"@id\":\"https:\\\/\\\/www.itakaescolapios.org\\\/en\\\/2023\\\/04\\\/english-opening-of-the-third-provincial-chapter-of-central-africa-in-ngoya-cameroon\\\/\"},\"wordCount\":116,\"publisher\":{\"@id\":\"https:\\\/\\\/www.itakaescolapios.org\\\/es\\\/#organization\"},\"image\":{\"@id\":\"https:\\\/\\\/www.itakaescolapios.org\\\/en\\\/2023\\\/04\\\/english-opening-of-the-third-provincial-chapter-of-central-africa-in-ngoya-cameroon\\\/#primaryimage\"},\"thumbnailUrl\":\"https:\\\/\\\/www.itakaescolapios.org\\\/wp-content\\\/uploads\\\/2023\\\/04\\\/342406130_3314586652127599_2055185933264966625_n.jpg\",\"articleSection\":[\"Central Africa\",\"Cameroon\"],\"inLanguage\":\"en-US\"},{\"@type\":\"WebPage\",\"@id\":\"https:\\\/\\\/www.itakaescolapios.org\\\/en\\\/2023\\\/04\\\/english-opening-of-the-third-provincial-chapter-of-central-africa-in-ngoya-cameroon\\\/\",\"url\":\"https:\\\/\\\/www.itakaescolapios.org\\\/en\\\/2023\\\/04\\\/english-opening-of-the-third-provincial-chapter-of-central-africa-in-ngoya-cameroon\\\/\",\"name\":\"Apertura del Tercer Cap\u00edtulo Provincial de \u00c1frica Central en Ngoya (Camer\u00fan) - Proofs in Itaka-Escolapios\",\"isPartOf\":{\"@id\":\"https:\\\/\\\/www.itakaescolapios.org\\\/es\\\/#website\"},\"primaryImageOfPage\":{\"@id\":\"https:\\\/\\\/www.itakaescolapios.org\\\/en\\\/2023\\\/04\\\/english-opening-of-the-third-provincial-chapter-of-central-africa-in-ngoya-cameroon\\\/#primaryimage\"},\"image\":{\"@id\":\"https:\\\/\\\/www.itakaescolapios.org\\\/en\\\/2023\\\/04\\\/english-opening-of-the-third-provincial-chapter-of-central-africa-in-ngoya-cameroon\\\/#primaryimage\"},\"thumbnailUrl\":\"https:\\\/\\\/www.itakaescolapios.org\\\/wp-content\\\/uploads\\\/2023\\\/04\\\/342406130_3314586652127599_2055185933264966625_n.jpg\",\"datePublished\":\"2023-04-26T08:07:54+00:00\",\"dateModified\":\"2023-11-28T11:35:33+00:00\",\"breadcrumb\":{\"@id\":\"https:\\\/\\\/www.itakaescolapios.org\\\/en\\\/2023\\\/04\\\/english-opening-of-the-third-provincial-chapter-of-central-africa-in-ngoya-cameroon\\\/#breadcrumb\"},\"inLanguage\":\"en-US\",\"potentialAction\":[{\"@type\":\"ReadAction\",\"target\":[\"https:\\\/\\\/www.itakaescolapios.org\\\/en\\\/2023\\\/04\\\/english-opening-of-the-third-provincial-chapter-of-central-africa-in-ngoya-cameroon\\\/\"]}]},{\"@type\":\"ImageObject\",\"inLanguage\":\"en-US\",\"@id\":\"https:\\\/\\\/www.itakaescolapios.org\\\/en\\\/2023\\\/04\\\/english-opening-of-the-third-provincial-chapter-of-central-africa-in-ngoya-cameroon\\\/#primaryimage\",\"url\":\"https:\\\/\\\/www.itakaescolapios.org\\\/wp-content\\\/uploads\\\/2023\\\/04\\\/342406130_3314586652127599_2055185933264966625_n.jpg\",\"contentUrl\":\"https:\\\/\\\/www.itakaescolapios.org\\\/wp-content\\\/uploads\\\/2023\\\/04\\\/342406130_3314586652127599_2055185933264966625_n.jpg\",\"width\":1406,\"height\":736},{\"@type\":\"BreadcrumbList\",\"@id\":\"https:\\\/\\\/www.itakaescolapios.org\\\/en\\\/2023\\\/04\\\/english-opening-of-the-third-provincial-chapter-of-central-africa-in-ngoya-cameroon\\\/#breadcrumb\",\"itemListElement\":[{\"@type\":\"ListItem\",\"position\":1,\"name\":\"Proof\",\"item\":\"https:\\\/\\\/www.itakaescolapios.org\\\/es\\\/\"},{\"@type\":\"ListItem\",\"position\":2,\"name\":\"Opening of the Third Provincial Chapter of Central Africa in Ngoya (Cameroon)\"}]},{\"@type\":\"WebSite\",\"@id\":\"https:\\\/\\\/www.itakaescolapios.org\\\/en\\\/es\\\/#website\",\"url\":\"https:\\\/\\\/www.itakaescolapios.org\\\/en\\\/es\\\/\",\"name\":\"Itaka-Escolapios\",\"description\":\"Red de Itaka-Escolapios\",\"publisher\":{\"@id\":\"https:\\\/\\\/www.itakaescolapios.org\\\/en\\\/es\\\/#organization\"},\"potentialAction\":[{\"@type\":\"SearchAction\",\"target\":{\"@type\":\"EntryPoint\",\"urlTemplate\":\"https:\\\/\\\/www.itakaescolapios.org\\\/en\\\/es\\\/?s={search_term_string}\"},\"query-input\":{\"@type\":\"PropertyValueSpecification\",\"valueRequired\":true,\"valueName\":\"search_term_string\"}}],\"inLanguage\":\"en-US\"},{\"@type\":\"Organization\",\"@id\":\"https:\\\/\\\/www.itakaescolapios.org\\\/en\\\/es\\\/#organization\",\"name\":\"Fundaci\u00f3 Itaka-Escolapios\",\"url\":\"https:\\\/\\\/www.itakaescolapios.org\\\/en\\\/es\\\/\",\"logo\":{\"@type\":\"ImageObject\",\"inLanguage\":\"en-US\",\"@id\":\"https:\\\/\\\/www.itakaescolapios.org\\\/en\\\/es\\\/#\\\/schema\\\/logo\\\/image\\\/\",\"url\":\"https:\\\/\\\/www.itakaescolapios.org\\\/wp-content\\\/uploads\\\/2024\\\/04\\\/Logo-itakaescolapios-peque.png\",\"contentUrl\":\"https:\\\/\\\/www.itakaescolapios.org\\\/wp-content\\\/uploads\\\/2024\\\/04\\\/Logo-itakaescolapios-peque.png\",\"width\":500,\"height\":199,\"caption\":\"Fundaci\u00f3 Itaka-Escolapios\"},\"image\":{\"@id\":\"https:\\\/\\\/www.itakaescolapios.org\\\/en\\\/es\\\/#\\\/schema\\\/logo\\\/image\\\/\"}},{\"@type\":\"Person\",\"@id\":\"https:\\\/\\\/www.itakaescolapios.org\\\/es\\\/#\\\/schema\\\/person\\\/d2844383e29bfdfef69039672ce14eb1\",\"name\":\"cameroun01\",\"url\":\"https:\\\/\\\/www.itakaescolapios.org\\\/en\\\/author\\\/cameroun01\\\/\"}]}<\/script>\n<!-- \/ Yoast SEO plugin. -->","yoast_head_json":{"title":"Opening of the Third Provincial Chapter of Central Africa in Ngoya (Cameroon)","description":"Today March 25, in the presence of Father General Pedro Aguado, began in Ngoya (Cameroon) the third Provincial Chapter for the Piarist Province of Central Africa. We opened the work of with a reflection led by Father General Pedro Aguado, leading us to enter deeply into the spirit of the Chapter. Then, we entrusted to&hellip;","robots":{"index":"index","follow":"follow","max-snippet":"max-snippet:-1","max-image-preview":"max-image-preview:large","max-video-preview":"max-video-preview:-1"},"canonical":"Today March 25, in the presence of Father General Pedro Aguado, began in Ngoya (Cameroon) the third Provincial Chapter for the Piarist Province of Central Africa. We opened the work of with a reflection led by Father General Pedro Aguado, leading us to enter deeply into the spirit of the Chapter. Then, we entrusted to&hellip;","og_locale":"en_US","og_type":"article","og_title":"Opening of the Third Provincial Chapter of Central Africa in Ngoya (Cameroon)","og_description":"Today March 25, in the presence of Father General Pedro Aguado, began in Ngoya (Cameroon) the third Provincial Chapter for the Piarist Province of Central Africa. We opened the work of with a reflection led by Father General Pedro Aguado, leading us to enter deeply into the spirit of the Chapter. Then, we entrusted to&hellip;","og_url":"https:\/\/www.itakaescolapios.org\/en\/2023\/04\/english-opening-of-the-third-provincial-chapter-of-central-africa-in-ngoya-cameroon\/","og_site_name":"Proofs in Itaka-Escolapios","article_published_time":"2023-04-26T08:07:54+00:00","article_modified_time":"2023-11-28T11:35:33+00:00","og_image":[{"width":1406,"height":736,"url":"https:\/\/www.itakaescolapios.org\/wp-content\/uploads\/2023\/04\/342406130_3314586652127599_2055185933264966625_n.jpg","type":"image\/jpeg"}],"author":"cameroun01","twitter_card":"summary_large_image","twitter_misc":{"Written by":"cameroun01","Est. reading time":"1 minute"},"schema":{"@context":"https:\/\/schema.org","@graph":[{"@type":"Article","@id":"https:\/\/www.itakaescolapios.org\/en\/2023\/04\/english-opening-of-the-third-provincial-chapter-of-central-africa-in-ngoya-cameroon\/#article","isPartOf":{"@id":"https:\/\/www.itakaescolapios.org\/en\/2023\/04\/english-opening-of-the-third-provincial-chapter-of-central-africa-in-ngoya-cameroon\/"},"author":{"name":"cameroun01","@id":"https:\/\/www.itakaescolapios.org\/es\/#\/schema\/person\/d2844383e29bfdfef69039672ce14eb1"},"headline":"Opening of the Third Provincial Chapter of Central Africa in Ngoya (Cameroon)","datePublished":"2023-04-26T08:07:54+00:00","dateModified":"2023-11-28T11:35:33+00:00","mainEntityOfPage":{"@id":"https:\/\/www.itakaescolapios.org\/en\/2023\/04\/english-opening-of-the-third-provincial-chapter-of-central-africa-in-ngoya-cameroon\/"},"wordCount":116,"publisher":{"@id":"https:\/\/www.itakaescolapios.org\/es\/#organization"},"image":{"@id":"https:\/\/www.itakaescolapios.org\/en\/2023\/04\/english-opening-of-the-third-provincial-chapter-of-central-africa-in-ngoya-cameroon\/#primaryimage"},"thumbnailUrl":"https:\/\/www.itakaescolapios.org\/wp-content\/uploads\/2023\/04\/342406130_3314586652127599_2055185933264966625_n.jpg","articleSection":["Central Africa","Cameroon"],"inLanguage":"en-US"},{"@type":"WebPage","@id":"https:\/\/www.itakaescolapios.org\/en\/2023\/04\/english-opening-of-the-third-provincial-chapter-of-central-africa-in-ngoya-cameroon\/","url":"https:\/\/www.itakaescolapios.org\/en\/2023\/04\/english-opening-of-the-third-provincial-chapter-of-central-africa-in-ngoya-cameroon\/","name":"Apertura del Tercer Cap\u00edtulo Provincial de \u00c1frica Central en Ngoya (Camer\u00fan) - Proofs in Itaka-Escolapios","isPartOf":{"@id":"https:\/\/www.itakaescolapios.org\/es\/#website"},"primaryImageOfPage":{"@id":"https:\/\/www.itakaescolapios.org\/en\/2023\/04\/english-opening-of-the-third-provincial-chapter-of-central-africa-in-ngoya-cameroon\/#primaryimage"},"image":{"@id":"https:\/\/www.itakaescolapios.org\/en\/2023\/04\/english-opening-of-the-third-provincial-chapter-of-central-africa-in-ngoya-cameroon\/#primaryimage"},"thumbnailUrl":"https:\/\/www.itakaescolapios.org\/wp-content\/uploads\/2023\/04\/342406130_3314586652127599_2055185933264966625_n.jpg","datePublished":"2023-04-26T08:07:54+00:00","dateModified":"2023-11-28T11:35:33+00:00","breadcrumb":{"@id":"https:\/\/www.itakaescolapios.org\/en\/2023\/04\/english-opening-of-the-third-provincial-chapter-of-central-africa-in-ngoya-cameroon\/#breadcrumb"},"inLanguage":"en-US","potentialAction":[{"@type":"ReadAction","target":["https:\/\/www.itakaescolapios.org\/en\/2023\/04\/english-opening-of-the-third-provincial-chapter-of-central-africa-in-ngoya-cameroon\/"]}]},{"@type":"ImageObject","inLanguage":"en-US","@id":"https:\/\/www.itakaescolapios.org\/en\/2023\/04\/english-opening-of-the-third-provincial-chapter-of-central-africa-in-ngoya-cameroon\/#primaryimage","url":"https:\/\/www.itakaescolapios.org\/wp-content\/uploads\/2023\/04\/342406130_3314586652127599_2055185933264966625_n.jpg","contentUrl":"https:\/\/www.itakaescolapios.org\/wp-content\/uploads\/2023\/04\/342406130_3314586652127599_2055185933264966625_n.jpg","width":1406,"height":736},{"@type":"BreadcrumbList","@id":"https:\/\/www.itakaescolapios.org\/en\/2023\/04\/english-opening-of-the-third-provincial-chapter-of-central-africa-in-ngoya-cameroon\/#breadcrumb","itemListElement":[{"@type":"ListItem","position":1,"name":"Proof","item":"https:\/\/www.itakaescolapios.org\/es\/"},{"@type":"ListItem","position":2,"name":"Opening of the Third Provincial Chapter of Central Africa in Ngoya (Cameroon)"}]},{"@type":"WebSite","@id":"https:\/\/www.itakaescolapios.org\/en\/es\/#website","url":"https:\/\/www.itakaescolapios.org\/en\/es\/","name":"Itaka-Escolapios","description":"Red de Itaka-Escolapios","publisher":{"@id":"https:\/\/www.itakaescolapios.org\/en\/es\/#organization"},"potentialAction":[{"@type":"SearchAction","target":{"@type":"EntryPoint","urlTemplate":"https:\/\/www.itakaescolapios.org\/en\/es\/?s={search_term_string}"},"query-input":{"@type":"PropertyValueSpecification","valueRequired":true,"valueName":"search_term_string"}}],"inLanguage":"en-US"},{"@type":"Organization","@id":"https:\/\/www.itakaescolapios.org\/en\/es\/#organization","name":"Fundaci\u00f3 Itaka-Escolapios","url":"https:\/\/www.itakaescolapios.org\/en\/es\/","logo":{"@type":"ImageObject","inLanguage":"en-US","@id":"https:\/\/www.itakaescolapios.org\/en\/es\/#\/schema\/logo\/image\/","url":"https:\/\/www.itakaescolapios.org\/wp-content\/uploads\/2024\/04\/Logo-itakaescolapios-peque.png","contentUrl":"https:\/\/www.itakaescolapios.org\/wp-content\/uploads\/2024\/04\/Logo-itakaescolapios-peque.png","width":500,"height":199,"caption":"Fundaci\u00f3 Itaka-Escolapios"},"image":{"@id":"https:\/\/www.itakaescolapios.org\/en\/es\/#\/schema\/logo\/image\/"}},{"@type":"Person","@id":"https:\/\/www.itakaescolapios.org\/es\/#\/schema\/person\/d2844383e29bfdfef69039672ce14eb1","name":"cameroun01","url":"https:\/\/www.itakaescolapios.org\/en\/author\/cameroun01\/"}]}},"_links":{"self":[{"href":"https:\/\/www.itakaescolapios.org\/en\/wp-json\/wp\/v2\/posts\/41964","targetHints":{"allow":["GET"]}}],"collection":[{"href":"https:\/\/www.itakaescolapios.org\/en\/wp-json\/wp\/v2\/posts"}],"about":[{"href":"https:\/\/www.itakaescolapios.org\/en\/wp-json\/wp\/v2\/types\/post"}],"author":[{"embeddable":true,"href":"https:\/\/www.itakaescolapios.org\/en\/wp-json\/wp\/v2\/users\/15"}],"replies":[{"embeddable":true,"href":"https:\/\/www.itakaescolapios.org\/en\/wp-json\/wp\/v2\/comments?post=41964"}],"version-history":[{"count":4,"href":"https:\/\/www.itakaescolapios.org\/en\/wp-json\/wp\/v2\/posts\/41964\/revisions"}],"predecessor-version":[{"id":43613,"href":"https:\/\/www.itakaescolapios.org\/en\/wp-json\/wp\/v2\/posts\/41964\/revisions\/43613"}],"wp:featuredmedia":[{"embeddable":true,"href":"https:\/\/www.itakaescolapios.org\/en\/wp-json\/wp\/v2\/media\/41967"}],"wp:attachment":[{"href":"https:\/\/www.itakaescolapios.org\/en\/wp-json\/wp\/v2\/media?parent=41964"}],"wp:term":[{"taxonomy":"category","embeddable":true,"href":"https:\/\/www.itakaescolapios.org\/en\/wp-json\/wp\/v2\/categories?post=41964"},{"taxonomy":"post_tag","embeddable":true,"href":"https:\/\/www.itakaescolapios.org\/en\/wp-json\/wp\/v2\/tags?post=41964"}],"curies":[{"name":"wp","href":"https:\/\/api.w.org\/{rel}","templated":true}]}}