{"id":41980,"date":"2023-04-26T14:07:05","date_gmt":"2023-04-26T13:07:05","guid":{"rendered":"https:\/\/www.itakaescolapios.org\/?p=41980"},"modified":"2023-11-28T12:35:33","modified_gmt":"2023-11-28T11:35:33","slug":"reunion-del-equipo-de-gestion-de-proyectos-de-emaus-con-itaka-escolapios-zaragoza","status":"publish","type":"post","link":"https:\/\/www.itakaescolapios.org\/en\/2023\/04\/reunion-del-equipo-de-gestion-de-proyectos-de-emaus-con-itaka-escolapios-zaragoza\/","title":{"rendered":"REUNI\u00d3N DEL EQUIPO DE GESTI\u00d3N DE PROYECTOS DE EMA\u00daS CON ITAKA-ESCOLAPIOS ZARAGOZA"},"content":{"rendered":"<p>EL veinte de abril el equipo de gesti\u00f3n de proyectos de Ema\u00fas se reuni\u00f3n con el equipo de sede de Zaragoza para analizar la situaci\u00f3n de los proyectos sociales que se desarrollan en esta sede de Itaka-Escolapios.<br \/>\nSe analiz\u00f3 la situaci\u00f3n de la sede y de los proyectos Acompa\u00f1a, Lar, Oikos y Le damos la vuelta con el objeto de ver posibles l\u00edneas de avance y sinergias que pudieran surgir entre ellos. <\/p>\n","protected":false},"excerpt":{"rendered":"<p>EL veinte de abril el equipo de gesti\u00f3n de proyectos de Ema\u00fas se reuni\u00f3n con el equipo de sede de Zaragoza para analizar la situaci\u00f3n de los proyectos sociales que [&hellip;]<\/p>\n","protected":false},"author":4,"featured_media":41981,"comment_status":"closed","ping_status":"closed","sticky":false,"template":"","format":"standard","meta":{"_et_pb_use_builder":"","_et_pb_old_content":"","_et_gb_content_width":"","footnotes":""},"categories":[151,25],"tags":[],"class_list":["post-41980","post","type-post","status-publish","format-standard","has-post-thumbnail","hentry","category-emaus","category-zaragoza"],"yoast_head":"<!-- This site is optimized with the Yoast SEO plugin v27.4 - https:\/\/yoast.com\/product\/yoast-seo-wordpress\/ -->\n<title>REUNI\u00d3N DEL EQUIPO DE GESTI\u00d3N DE PROYECTOS DE EMA\u00daS CON ITAKA-ESCOLAPIOS ZARAGOZA<\/title>\n<meta name=\"description\" content=\"EL veinte de abril el equipo de gesti\u00f3n de proyectos de Ema\u00fas se reuni\u00f3n con el equipo de sede de Zaragoza para analizar la situaci\u00f3n de los proyectos sociales que se desarrollan en esta sede de Itaka-Escolapios. Se analiz\u00f3 la situaci\u00f3n de la sede y de los proyectos Acompa\u00f1a, Lar, Oikos y Le damos la&hellip;\" \/>\n<meta name=\"robots\" content=\"index, follow, max-snippet:-1, max-image-preview:large, max-video-preview:-1\" \/>\n<link rel=\"canonical\" href=\"http:\/\/EL%20veinte%20de%20abril%20el%20equipo%20de%20gesti\u00f3n%20de%20proyectos%20de%20Ema\u00fas%20se%20reuni\u00f3n%20con%20el%20equipo%20de%20sede%20de%20Zaragoza%20para%20analizar%20la%20situaci\u00f3n%20de%20los%20proyectos%20sociales%20que%20se%20desarrollan%20en%20esta%20sede%20de%20Itaka-Escolapios.%20Se%20analiz\u00f3%20la%20situaci\u00f3n%20de%20la%20sede%20y%20de%20los%20proyectos%20Acompa\u00f1a,%20Lar,%20Oikos%20y%20Le%20damos%20la&hellip;\" \/>\n<meta property=\"og:locale\" content=\"en_US\" \/>\n<meta property=\"og:type\" content=\"article\" \/>\n<meta property=\"og:title\" content=\"REUNI\u00d3N DEL EQUIPO DE GESTI\u00d3N DE PROYECTOS DE EMA\u00daS CON ITAKA-ESCOLAPIOS ZARAGOZA\" \/>\n<meta property=\"og:description\" content=\"EL veinte de abril el equipo de gesti\u00f3n de proyectos de Ema\u00fas se reuni\u00f3n con el equipo de sede de Zaragoza para analizar la situaci\u00f3n de los proyectos sociales que se desarrollan en esta sede de Itaka-Escolapios. Se analiz\u00f3 la situaci\u00f3n de la sede y de los proyectos Acompa\u00f1a, Lar, Oikos y Le damos la&hellip;\" \/>\n<meta property=\"og:url\" content=\"https:\/\/www.itakaescolapios.org\/en\/2023\/04\/reunion-del-equipo-de-gestion-de-proyectos-de-emaus-con-itaka-escolapios-zaragoza\/\" \/>\n<meta property=\"og:site_name\" content=\"Proofs in Itaka-Escolapios\" \/>\n<meta property=\"article:published_time\" content=\"2023-04-26T13:07:05+00:00\" \/>\n<meta property=\"article:modified_time\" content=\"2023-11-28T11:35:33+00:00\" \/>\n<meta property=\"og:image\" content=\"https:\/\/www.itakaescolapios.org\/wp-content\/uploads\/2023\/04\/MicrosoftTeams-image-4.png\" \/>\n\t<meta property=\"og:image:width\" content=\"1912\" \/>\n\t<meta property=\"og:image:height\" content=\"1024\" \/>\n\t<meta property=\"og:image:type\" content=\"image\/png\" \/>\n<meta name=\"author\" content=\"itaka\" \/>\n<meta name=\"twitter:card\" content=\"summary_large_image\" \/>\n<meta name=\"twitter:label1\" content=\"Written by\" \/>\n\t<meta name=\"twitter:data1\" content=\"itaka\" \/>\n<script type=\"application\/ld+json\" class=\"yoast-schema-graph\">{\"@context\":\"https:\\\/\\\/schema.org\",\"@graph\":[{\"@type\":\"Article\",\"@id\":\"https:\\\/\\\/www.itakaescolapios.org\\\/en\\\/2023\\\/04\\\/reunion-del-equipo-de-gestion-de-proyectos-de-emaus-con-itaka-escolapios-zaragoza\\\/#article\",\"isPartOf\":{\"@id\":\"https:\\\/\\\/www.itakaescolapios.org\\\/en\\\/2023\\\/04\\\/reunion-del-equipo-de-gestion-de-proyectos-de-emaus-con-itaka-escolapios-zaragoza\\\/\"},\"author\":{\"name\":\"itaka\",\"@id\":\"https:\\\/\\\/www.itakaescolapios.org\\\/es\\\/#\\\/schema\\\/person\\\/670123daeb1cc31cae1b106740036ccb\"},\"headline\":\"REUNI\u00d3N DEL EQUIPO DE GESTI\u00d3N DE PROYECTOS DE EMA\u00daS CON ITAKA-ESCOLAPIOS ZARAGOZA\",\"datePublished\":\"2023-04-26T13:07:05+00:00\",\"dateModified\":\"2023-11-28T11:35:33+00:00\",\"mainEntityOfPage\":{\"@id\":\"https:\\\/\\\/www.itakaescolapios.org\\\/en\\\/2023\\\/04\\\/reunion-del-equipo-de-gestion-de-proyectos-de-emaus-con-itaka-escolapios-zaragoza\\\/\"},\"wordCount\":94,\"publisher\":{\"@id\":\"https:\\\/\\\/www.itakaescolapios.org\\\/es\\\/#organization\"},\"image\":{\"@id\":\"https:\\\/\\\/www.itakaescolapios.org\\\/en\\\/2023\\\/04\\\/reunion-del-equipo-de-gestion-de-proyectos-de-emaus-con-itaka-escolapios-zaragoza\\\/#primaryimage\"},\"thumbnailUrl\":\"https:\\\/\\\/www.itakaescolapios.org\\\/wp-content\\\/uploads\\\/2023\\\/04\\\/MicrosoftTeams-image-4.png\",\"articleSection\":[\"Ema\u00fas\",\"Zaragoza\"],\"inLanguage\":\"en-US\"},{\"@type\":\"WebPage\",\"@id\":\"https:\\\/\\\/www.itakaescolapios.org\\\/en\\\/2023\\\/04\\\/reunion-del-equipo-de-gestion-de-proyectos-de-emaus-con-itaka-escolapios-zaragoza\\\/\",\"url\":\"https:\\\/\\\/www.itakaescolapios.org\\\/en\\\/2023\\\/04\\\/reunion-del-equipo-de-gestion-de-proyectos-de-emaus-con-itaka-escolapios-zaragoza\\\/\",\"name\":\"REUNI\u00d3N DEL EQUIPO DE GESTI\u00d3N DE PROYECTOS DE EMA\u00daS CON ITAKA-ESCOLAPIOS ZARAGOZA - Proofs in Itaka-Escolapios\",\"isPartOf\":{\"@id\":\"https:\\\/\\\/www.itakaescolapios.org\\\/es\\\/#website\"},\"primaryImageOfPage\":{\"@id\":\"https:\\\/\\\/www.itakaescolapios.org\\\/en\\\/2023\\\/04\\\/reunion-del-equipo-de-gestion-de-proyectos-de-emaus-con-itaka-escolapios-zaragoza\\\/#primaryimage\"},\"image\":{\"@id\":\"https:\\\/\\\/www.itakaescolapios.org\\\/en\\\/2023\\\/04\\\/reunion-del-equipo-de-gestion-de-proyectos-de-emaus-con-itaka-escolapios-zaragoza\\\/#primaryimage\"},\"thumbnailUrl\":\"https:\\\/\\\/www.itakaescolapios.org\\\/wp-content\\\/uploads\\\/2023\\\/04\\\/MicrosoftTeams-image-4.png\",\"datePublished\":\"2023-04-26T13:07:05+00:00\",\"dateModified\":\"2023-11-28T11:35:33+00:00\",\"breadcrumb\":{\"@id\":\"https:\\\/\\\/www.itakaescolapios.org\\\/en\\\/2023\\\/04\\\/reunion-del-equipo-de-gestion-de-proyectos-de-emaus-con-itaka-escolapios-zaragoza\\\/#breadcrumb\"},\"inLanguage\":\"en-US\",\"potentialAction\":[{\"@type\":\"ReadAction\",\"target\":[\"https:\\\/\\\/www.itakaescolapios.org\\\/en\\\/2023\\\/04\\\/reunion-del-equipo-de-gestion-de-proyectos-de-emaus-con-itaka-escolapios-zaragoza\\\/\"]}]},{\"@type\":\"ImageObject\",\"inLanguage\":\"en-US\",\"@id\":\"https:\\\/\\\/www.itakaescolapios.org\\\/en\\\/2023\\\/04\\\/reunion-del-equipo-de-gestion-de-proyectos-de-emaus-con-itaka-escolapios-zaragoza\\\/#primaryimage\",\"url\":\"https:\\\/\\\/www.itakaescolapios.org\\\/wp-content\\\/uploads\\\/2023\\\/04\\\/MicrosoftTeams-image-4.png\",\"contentUrl\":\"https:\\\/\\\/www.itakaescolapios.org\\\/wp-content\\\/uploads\\\/2023\\\/04\\\/MicrosoftTeams-image-4.png\",\"width\":1912,\"height\":1024},{\"@type\":\"BreadcrumbList\",\"@id\":\"https:\\\/\\\/www.itakaescolapios.org\\\/en\\\/2023\\\/04\\\/reunion-del-equipo-de-gestion-de-proyectos-de-emaus-con-itaka-escolapios-zaragoza\\\/#breadcrumb\",\"itemListElement\":[{\"@type\":\"ListItem\",\"position\":1,\"name\":\"Proof\",\"item\":\"https:\\\/\\\/www.itakaescolapios.org\\\/es\\\/\"},{\"@type\":\"ListItem\",\"position\":2,\"name\":\"REUNI\u00d3N DEL EQUIPO DE GESTI\u00d3N DE PROYECTOS DE EMA\u00daS CON ITAKA-ESCOLAPIOS ZARAGOZA\"}]},{\"@type\":\"WebSite\",\"@id\":\"https:\\\/\\\/www.itakaescolapios.org\\\/en\\\/es\\\/#website\",\"url\":\"https:\\\/\\\/www.itakaescolapios.org\\\/en\\\/es\\\/\",\"name\":\"Itaka-Escolapios\",\"description\":\"Red de Itaka-Escolapios\",\"publisher\":{\"@id\":\"https:\\\/\\\/www.itakaescolapios.org\\\/en\\\/es\\\/#organization\"},\"potentialAction\":[{\"@type\":\"SearchAction\",\"target\":{\"@type\":\"EntryPoint\",\"urlTemplate\":\"https:\\\/\\\/www.itakaescolapios.org\\\/en\\\/es\\\/?s={search_term_string}\"},\"query-input\":{\"@type\":\"PropertyValueSpecification\",\"valueRequired\":true,\"valueName\":\"search_term_string\"}}],\"inLanguage\":\"en-US\"},{\"@type\":\"Organization\",\"@id\":\"https:\\\/\\\/www.itakaescolapios.org\\\/en\\\/es\\\/#organization\",\"name\":\"Fundaci\u00f3 Itaka-Escolapios\",\"url\":\"https:\\\/\\\/www.itakaescolapios.org\\\/en\\\/es\\\/\",\"logo\":{\"@type\":\"ImageObject\",\"inLanguage\":\"en-US\",\"@id\":\"https:\\\/\\\/www.itakaescolapios.org\\\/en\\\/es\\\/#\\\/schema\\\/logo\\\/image\\\/\",\"url\":\"https:\\\/\\\/www.itakaescolapios.org\\\/wp-content\\\/uploads\\\/2024\\\/04\\\/Logo-itakaescolapios-peque.png\",\"contentUrl\":\"https:\\\/\\\/www.itakaescolapios.org\\\/wp-content\\\/uploads\\\/2024\\\/04\\\/Logo-itakaescolapios-peque.png\",\"width\":500,\"height\":199,\"caption\":\"Fundaci\u00f3 Itaka-Escolapios\"},\"image\":{\"@id\":\"https:\\\/\\\/www.itakaescolapios.org\\\/en\\\/es\\\/#\\\/schema\\\/logo\\\/image\\\/\"}},{\"@type\":\"Person\",\"@id\":\"https:\\\/\\\/www.itakaescolapios.org\\\/es\\\/#\\\/schema\\\/person\\\/670123daeb1cc31cae1b106740036ccb\",\"name\":\"itaka\",\"url\":\"https:\\\/\\\/www.itakaescolapios.org\\\/en\\\/author\\\/itaka\\\/\"}]}<\/script>\n<!-- \/ Yoast SEO plugin. -->","yoast_head_json":{"title":"REUNI\u00d3N DEL EQUIPO DE GESTI\u00d3N DE PROYECTOS DE EMA\u00daS CON ITAKA-ESCOLAPIOS ZARAGOZA","description":"EL veinte de abril el equipo de gesti\u00f3n de proyectos de Ema\u00fas se reuni\u00f3n con el equipo de sede de Zaragoza para analizar la situaci\u00f3n de los proyectos sociales que se desarrollan en esta sede de Itaka-Escolapios. Se analiz\u00f3 la situaci\u00f3n de la sede y de los proyectos Acompa\u00f1a, Lar, Oikos y Le damos la&hellip;","robots":{"index":"index","follow":"follow","max-snippet":"max-snippet:-1","max-image-preview":"max-image-preview:large","max-video-preview":"max-video-preview:-1"},"canonical":"EL veinte de abril el equipo de gesti\u00f3n de proyectos de Ema\u00fas se reuni\u00f3n con el equipo de sede de Zaragoza para analizar la situaci\u00f3n de los proyectos sociales que se desarrollan en esta sede de Itaka-Escolapios. Se analiz\u00f3 la situaci\u00f3n de la sede y de los proyectos Acompa\u00f1a, Lar, Oikos y Le damos la&hellip;","og_locale":"en_US","og_type":"article","og_title":"REUNI\u00d3N DEL EQUIPO DE GESTI\u00d3N DE PROYECTOS DE EMA\u00daS CON ITAKA-ESCOLAPIOS ZARAGOZA","og_description":"EL veinte de abril el equipo de gesti\u00f3n de proyectos de Ema\u00fas se reuni\u00f3n con el equipo de sede de Zaragoza para analizar la situaci\u00f3n de los proyectos sociales que se desarrollan en esta sede de Itaka-Escolapios. Se analiz\u00f3 la situaci\u00f3n de la sede y de los proyectos Acompa\u00f1a, Lar, Oikos y Le damos la&hellip;","og_url":"https:\/\/www.itakaescolapios.org\/en\/2023\/04\/reunion-del-equipo-de-gestion-de-proyectos-de-emaus-con-itaka-escolapios-zaragoza\/","og_site_name":"Proofs in Itaka-Escolapios","article_published_time":"2023-04-26T13:07:05+00:00","article_modified_time":"2023-11-28T11:35:33+00:00","og_image":[{"width":1912,"height":1024,"url":"https:\/\/www.itakaescolapios.org\/wp-content\/uploads\/2023\/04\/MicrosoftTeams-image-4.png","type":"image\/png"}],"author":"itaka","twitter_card":"summary_large_image","twitter_misc":{"Written by":"itaka"},"schema":{"@context":"https:\/\/schema.org","@graph":[{"@type":"Article","@id":"https:\/\/www.itakaescolapios.org\/en\/2023\/04\/reunion-del-equipo-de-gestion-de-proyectos-de-emaus-con-itaka-escolapios-zaragoza\/#article","isPartOf":{"@id":"https:\/\/www.itakaescolapios.org\/en\/2023\/04\/reunion-del-equipo-de-gestion-de-proyectos-de-emaus-con-itaka-escolapios-zaragoza\/"},"author":{"name":"itaka","@id":"https:\/\/www.itakaescolapios.org\/es\/#\/schema\/person\/670123daeb1cc31cae1b106740036ccb"},"headline":"REUNI\u00d3N DEL EQUIPO DE GESTI\u00d3N DE PROYECTOS DE EMA\u00daS CON ITAKA-ESCOLAPIOS ZARAGOZA","datePublished":"2023-04-26T13:07:05+00:00","dateModified":"2023-11-28T11:35:33+00:00","mainEntityOfPage":{"@id":"https:\/\/www.itakaescolapios.org\/en\/2023\/04\/reunion-del-equipo-de-gestion-de-proyectos-de-emaus-con-itaka-escolapios-zaragoza\/"},"wordCount":94,"publisher":{"@id":"https:\/\/www.itakaescolapios.org\/es\/#organization"},"image":{"@id":"https:\/\/www.itakaescolapios.org\/en\/2023\/04\/reunion-del-equipo-de-gestion-de-proyectos-de-emaus-con-itaka-escolapios-zaragoza\/#primaryimage"},"thumbnailUrl":"https:\/\/www.itakaescolapios.org\/wp-content\/uploads\/2023\/04\/MicrosoftTeams-image-4.png","articleSection":["Ema\u00fas","Zaragoza"],"inLanguage":"en-US"},{"@type":"WebPage","@id":"https:\/\/www.itakaescolapios.org\/en\/2023\/04\/reunion-del-equipo-de-gestion-de-proyectos-de-emaus-con-itaka-escolapios-zaragoza\/","url":"https:\/\/www.itakaescolapios.org\/en\/2023\/04\/reunion-del-equipo-de-gestion-de-proyectos-de-emaus-con-itaka-escolapios-zaragoza\/","name":"REUNI\u00d3N DEL EQUIPO DE GESTI\u00d3N DE PROYECTOS DE EMA\u00daS CON ITAKA-ESCOLAPIOS ZARAGOZA - Proofs in Itaka-Escolapios","isPartOf":{"@id":"https:\/\/www.itakaescolapios.org\/es\/#website"},"primaryImageOfPage":{"@id":"https:\/\/www.itakaescolapios.org\/en\/2023\/04\/reunion-del-equipo-de-gestion-de-proyectos-de-emaus-con-itaka-escolapios-zaragoza\/#primaryimage"},"image":{"@id":"https:\/\/www.itakaescolapios.org\/en\/2023\/04\/reunion-del-equipo-de-gestion-de-proyectos-de-emaus-con-itaka-escolapios-zaragoza\/#primaryimage"},"thumbnailUrl":"https:\/\/www.itakaescolapios.org\/wp-content\/uploads\/2023\/04\/MicrosoftTeams-image-4.png","datePublished":"2023-04-26T13:07:05+00:00","dateModified":"2023-11-28T11:35:33+00:00","breadcrumb":{"@id":"https:\/\/www.itakaescolapios.org\/en\/2023\/04\/reunion-del-equipo-de-gestion-de-proyectos-de-emaus-con-itaka-escolapios-zaragoza\/#breadcrumb"},"inLanguage":"en-US","potentialAction":[{"@type":"ReadAction","target":["https:\/\/www.itakaescolapios.org\/en\/2023\/04\/reunion-del-equipo-de-gestion-de-proyectos-de-emaus-con-itaka-escolapios-zaragoza\/"]}]},{"@type":"ImageObject","inLanguage":"en-US","@id":"https:\/\/www.itakaescolapios.org\/en\/2023\/04\/reunion-del-equipo-de-gestion-de-proyectos-de-emaus-con-itaka-escolapios-zaragoza\/#primaryimage","url":"https:\/\/www.itakaescolapios.org\/wp-content\/uploads\/2023\/04\/MicrosoftTeams-image-4.png","contentUrl":"https:\/\/www.itakaescolapios.org\/wp-content\/uploads\/2023\/04\/MicrosoftTeams-image-4.png","width":1912,"height":1024},{"@type":"BreadcrumbList","@id":"https:\/\/www.itakaescolapios.org\/en\/2023\/04\/reunion-del-equipo-de-gestion-de-proyectos-de-emaus-con-itaka-escolapios-zaragoza\/#breadcrumb","itemListElement":[{"@type":"ListItem","position":1,"name":"Proof","item":"https:\/\/www.itakaescolapios.org\/es\/"},{"@type":"ListItem","position":2,"name":"REUNI\u00d3N DEL EQUIPO DE GESTI\u00d3N DE PROYECTOS DE EMA\u00daS CON ITAKA-ESCOLAPIOS ZARAGOZA"}]},{"@type":"WebSite","@id":"https:\/\/www.itakaescolapios.org\/en\/es\/#website","url":"https:\/\/www.itakaescolapios.org\/en\/es\/","name":"Itaka-Escolapios","description":"Red de Itaka-Escolapios","publisher":{"@id":"https:\/\/www.itakaescolapios.org\/en\/es\/#organization"},"potentialAction":[{"@type":"SearchAction","target":{"@type":"EntryPoint","urlTemplate":"https:\/\/www.itakaescolapios.org\/en\/es\/?s={search_term_string}"},"query-input":{"@type":"PropertyValueSpecification","valueRequired":true,"valueName":"search_term_string"}}],"inLanguage":"en-US"},{"@type":"Organization","@id":"https:\/\/www.itakaescolapios.org\/en\/es\/#organization","name":"Fundaci\u00f3 Itaka-Escolapios","url":"https:\/\/www.itakaescolapios.org\/en\/es\/","logo":{"@type":"ImageObject","inLanguage":"en-US","@id":"https:\/\/www.itakaescolapios.org\/en\/es\/#\/schema\/logo\/image\/","url":"https:\/\/www.itakaescolapios.org\/wp-content\/uploads\/2024\/04\/Logo-itakaescolapios-peque.png","contentUrl":"https:\/\/www.itakaescolapios.org\/wp-content\/uploads\/2024\/04\/Logo-itakaescolapios-peque.png","width":500,"height":199,"caption":"Fundaci\u00f3 Itaka-Escolapios"},"image":{"@id":"https:\/\/www.itakaescolapios.org\/en\/es\/#\/schema\/logo\/image\/"}},{"@type":"Person","@id":"https:\/\/www.itakaescolapios.org\/es\/#\/schema\/person\/670123daeb1cc31cae1b106740036ccb","name":"itaka","url":"https:\/\/www.itakaescolapios.org\/en\/author\/itaka\/"}]}},"_links":{"self":[{"href":"https:\/\/www.itakaescolapios.org\/en\/wp-json\/wp\/v2\/posts\/41980","targetHints":{"allow":["GET"]}}],"collection":[{"href":"https:\/\/www.itakaescolapios.org\/en\/wp-json\/wp\/v2\/posts"}],"about":[{"href":"https:\/\/www.itakaescolapios.org\/en\/wp-json\/wp\/v2\/types\/post"}],"author":[{"embeddable":true,"href":"https:\/\/www.itakaescolapios.org\/en\/wp-json\/wp\/v2\/users\/4"}],"replies":[{"embeddable":true,"href":"https:\/\/www.itakaescolapios.org\/en\/wp-json\/wp\/v2\/comments?post=41980"}],"version-history":[{"count":3,"href":"https:\/\/www.itakaescolapios.org\/en\/wp-json\/wp\/v2\/posts\/41980\/revisions"}],"predecessor-version":[{"id":43611,"href":"https:\/\/www.itakaescolapios.org\/en\/wp-json\/wp\/v2\/posts\/41980\/revisions\/43611"}],"wp:featuredmedia":[{"embeddable":true,"href":"https:\/\/www.itakaescolapios.org\/en\/wp-json\/wp\/v2\/media\/41981"}],"wp:attachment":[{"href":"https:\/\/www.itakaescolapios.org\/en\/wp-json\/wp\/v2\/media?parent=41980"}],"wp:term":[{"taxonomy":"category","embeddable":true,"href":"https:\/\/www.itakaescolapios.org\/en\/wp-json\/wp\/v2\/categories?post=41980"},{"taxonomy":"post_tag","embeddable":true,"href":"https:\/\/www.itakaescolapios.org\/en\/wp-json\/wp\/v2\/tags?post=41980"}],"curies":[{"name":"wp","href":"https:\/\/api.w.org\/{rel}","templated":true}]}}