{"id":4242,"date":"2012-11-09T10:37:13","date_gmt":"2012-11-09T09:37:13","guid":{"rendered":"https:\/\/www.itakaescolapios.org\/?p=4242"},"modified":"2023-11-28T12:39:34","modified_gmt":"2023-11-28T11:39:34","slug":"bandjoun-inicio-de-la-obra-del-5o-edificio-del-colegio-tecnico-calasanz-ctc","status":"publish","type":"post","link":"https:\/\/www.itakaescolapios.org\/en\/2012\/11\/bandjoun-inicio-de-la-obra-del-5o-edificio-del-colegio-tecnico-calasanz-ctc\/","title":{"rendered":"Bandjoun-Inicio de la obra del 5\u00ba edificio del Colegio T\u00e9cnico Calasanz (CTC)."},"content":{"rendered":"<p style=\"text-align: justify\"><span style=\"color: #3366ff\">Comenzado hace dos semanas, este proyecto pretende mejorar las condiciones de aprendizaje de los 303 alumn@s del CTC.<\/span><\/p>\n<p style=\"text-align: justify\">El aumento del alumnado y de las especialidades encomienda una necesaria adaptaci\u00f3n de las estructuras de nuestro Centro de Formaci\u00f3n Profesional. A plazo, esta obra permitir\u00e1 al CTC de contar con espacios adecuados para: talleres (Cocina, Electricidad, Inform\u00e1tica, Electr\u00f3nica t\u00e9cnica, Econom\u00eda Social y familiar,\u2026), biblioteca, capilla y oficinas. La primera parte del edificio es realizada una vez m\u00e1s gracias al apoyo econ\u00f3mico de la ONGD Manos Unidas al que agradecimos por su confianza y el reconocimiento de la labor educativa realizada por los Escolapios en Camer\u00fan desde hace ya 25 a\u00f1os.<\/p>\n","protected":false},"excerpt":{"rendered":"<p>Comenzado hace dos semanas, este proyecto pretende mejorar las condiciones de aprendizaje de los 303 alumn@s del CTC. El aumento del alumnado y de las especialidades encomienda una necesaria adaptaci\u00f3n [&hellip;]<\/p>\n","protected":false},"author":16,"featured_media":4243,"comment_status":"closed","ping_status":"closed","sticky":false,"template":"","format":"standard","meta":{"_et_pb_use_builder":"","_et_pb_old_content":"","_et_gb_content_width":"","footnotes":""},"categories":[10],"tags":[],"class_list":["post-4242","post","type-post","status-publish","format-standard","has-post-thumbnail","hentry","category-camerun"],"yoast_head":"<!-- This site is optimized with the Yoast SEO plugin v27.4 - https:\/\/yoast.com\/product\/yoast-seo-wordpress\/ -->\n<title>Bandjoun-Inicio de la obra del 5\u00ba edificio del Colegio T\u00e9cnico Calasanz (CTC).<\/title>\n<meta name=\"description\" content=\"Comenzado hace dos semanas, este proyecto pretende mejorar las condiciones de aprendizaje de los 303 alumn@s del CTC. El aumento del alumnado y de las especialidades encomienda una necesaria adaptaci\u00f3n de las estructuras de nuestro Centro de Formaci\u00f3n Profesional. A plazo, esta obra permitir\u00e1 al CTC de contar con espacios adecuados para: talleres (Cocina, Electricidad,&hellip;\" \/>\n<meta name=\"robots\" content=\"index, follow, max-snippet:-1, max-image-preview:large, max-video-preview:-1\" \/>\n<link rel=\"canonical\" href=\"\" \/>\n<meta property=\"og:locale\" content=\"en_US\" \/>\n<meta property=\"og:type\" content=\"article\" \/>\n<meta property=\"og:title\" content=\"Bandjoun-Inicio de la obra del 5\u00ba edificio del Colegio T\u00e9cnico Calasanz (CTC).\" \/>\n<meta property=\"og:description\" content=\"Comenzado hace dos semanas, este proyecto pretende mejorar las condiciones de aprendizaje de los 303 alumn@s del CTC. El aumento del alumnado y de las especialidades encomienda una necesaria adaptaci\u00f3n de las estructuras de nuestro Centro de Formaci\u00f3n Profesional. A plazo, esta obra permitir\u00e1 al CTC de contar con espacios adecuados para: talleres (Cocina, Electricidad,&hellip;\" \/>\n<meta property=\"og:url\" content=\"https:\/\/www.itakaescolapios.org\/en\/2012\/11\/bandjoun-inicio-de-la-obra-del-5o-edificio-del-colegio-tecnico-calasanz-ctc\/\" \/>\n<meta property=\"og:site_name\" content=\"Proofs in Itaka-Escolapios\" \/>\n<meta property=\"article:published_time\" content=\"2012-11-09T09:37:13+00:00\" \/>\n<meta property=\"article:modified_time\" content=\"2023-11-28T11:39:34+00:00\" \/>\n<meta property=\"og:image\" content=\"https:\/\/www.itakaescolapios.org\/wp-content\/uploads\/2012\/11\/IMG_0179.jpg\" \/>\n\t<meta property=\"og:image:width\" content=\"314\" \/>\n\t<meta property=\"og:image:height\" content=\"209\" \/>\n\t<meta property=\"og:image:type\" content=\"image\/jpeg\" \/>\n<meta name=\"author\" content=\"cameroun02\" \/>\n<meta name=\"twitter:card\" content=\"summary_large_image\" \/>\n<meta name=\"twitter:label1\" content=\"Written by\" \/>\n\t<meta name=\"twitter:data1\" content=\"cameroun02\" \/>\n\t<meta name=\"twitter:label2\" content=\"Est. reading time\" \/>\n\t<meta name=\"twitter:data2\" content=\"1 minute\" \/>\n<script type=\"application\/ld+json\" class=\"yoast-schema-graph\">{\"@context\":\"https:\\\/\\\/schema.org\",\"@graph\":[{\"@type\":\"Article\",\"@id\":\"https:\\\/\\\/www.itakaescolapios.org\\\/en\\\/2012\\\/11\\\/bandjoun-inicio-de-la-obra-del-5o-edificio-del-colegio-tecnico-calasanz-ctc\\\/#article\",\"isPartOf\":{\"@id\":\"https:\\\/\\\/www.itakaescolapios.org\\\/en\\\/2012\\\/11\\\/bandjoun-inicio-de-la-obra-del-5o-edificio-del-colegio-tecnico-calasanz-ctc\\\/\"},\"author\":{\"name\":\"cameroun02\",\"@id\":\"https:\\\/\\\/www.itakaescolapios.org\\\/es\\\/#\\\/schema\\\/person\\\/9274f8b80c7385b5aae18a7831c4a9c5\"},\"headline\":\"Bandjoun-Inicio de la obra del 5\u00ba edificio del Colegio T\u00e9cnico Calasanz (CTC).\",\"datePublished\":\"2012-11-09T09:37:13+00:00\",\"dateModified\":\"2023-11-28T11:39:34+00:00\",\"mainEntityOfPage\":{\"@id\":\"https:\\\/\\\/www.itakaescolapios.org\\\/en\\\/2012\\\/11\\\/bandjoun-inicio-de-la-obra-del-5o-edificio-del-colegio-tecnico-calasanz-ctc\\\/\"},\"wordCount\":130,\"publisher\":{\"@id\":\"https:\\\/\\\/www.itakaescolapios.org\\\/es\\\/#organization\"},\"image\":{\"@id\":\"https:\\\/\\\/www.itakaescolapios.org\\\/en\\\/2012\\\/11\\\/bandjoun-inicio-de-la-obra-del-5o-edificio-del-colegio-tecnico-calasanz-ctc\\\/#primaryimage\"},\"thumbnailUrl\":\"https:\\\/\\\/www.itakaescolapios.org\\\/wp-content\\\/uploads\\\/2012\\\/11\\\/IMG_0179.jpg\",\"articleSection\":[\"Cameroon\"],\"inLanguage\":\"en-US\"},{\"@type\":\"WebPage\",\"@id\":\"https:\\\/\\\/www.itakaescolapios.org\\\/en\\\/2012\\\/11\\\/bandjoun-inicio-de-la-obra-del-5o-edificio-del-colegio-tecnico-calasanz-ctc\\\/\",\"url\":\"https:\\\/\\\/www.itakaescolapios.org\\\/en\\\/2012\\\/11\\\/bandjoun-inicio-de-la-obra-del-5o-edificio-del-colegio-tecnico-calasanz-ctc\\\/\",\"name\":\"Bandjoun-Inicio de la obra del 5\u00ba edificio del Colegio T\u00e9cnico Calasanz (CTC). - Proofs in Itaka-Escolapios\",\"isPartOf\":{\"@id\":\"https:\\\/\\\/www.itakaescolapios.org\\\/es\\\/#website\"},\"primaryImageOfPage\":{\"@id\":\"https:\\\/\\\/www.itakaescolapios.org\\\/en\\\/2012\\\/11\\\/bandjoun-inicio-de-la-obra-del-5o-edificio-del-colegio-tecnico-calasanz-ctc\\\/#primaryimage\"},\"image\":{\"@id\":\"https:\\\/\\\/www.itakaescolapios.org\\\/en\\\/2012\\\/11\\\/bandjoun-inicio-de-la-obra-del-5o-edificio-del-colegio-tecnico-calasanz-ctc\\\/#primaryimage\"},\"thumbnailUrl\":\"https:\\\/\\\/www.itakaescolapios.org\\\/wp-content\\\/uploads\\\/2012\\\/11\\\/IMG_0179.jpg\",\"datePublished\":\"2012-11-09T09:37:13+00:00\",\"dateModified\":\"2023-11-28T11:39:34+00:00\",\"breadcrumb\":{\"@id\":\"https:\\\/\\\/www.itakaescolapios.org\\\/en\\\/2012\\\/11\\\/bandjoun-inicio-de-la-obra-del-5o-edificio-del-colegio-tecnico-calasanz-ctc\\\/#breadcrumb\"},\"inLanguage\":\"en-US\",\"potentialAction\":[{\"@type\":\"ReadAction\",\"target\":[\"https:\\\/\\\/www.itakaescolapios.org\\\/en\\\/2012\\\/11\\\/bandjoun-inicio-de-la-obra-del-5o-edificio-del-colegio-tecnico-calasanz-ctc\\\/\"]}]},{\"@type\":\"ImageObject\",\"inLanguage\":\"en-US\",\"@id\":\"https:\\\/\\\/www.itakaescolapios.org\\\/en\\\/2012\\\/11\\\/bandjoun-inicio-de-la-obra-del-5o-edificio-del-colegio-tecnico-calasanz-ctc\\\/#primaryimage\",\"url\":\"https:\\\/\\\/www.itakaescolapios.org\\\/wp-content\\\/uploads\\\/2012\\\/11\\\/IMG_0179.jpg\",\"contentUrl\":\"https:\\\/\\\/www.itakaescolapios.org\\\/wp-content\\\/uploads\\\/2012\\\/11\\\/IMG_0179.jpg\",\"width\":\"314\",\"height\":\"209\"},{\"@type\":\"BreadcrumbList\",\"@id\":\"https:\\\/\\\/www.itakaescolapios.org\\\/en\\\/2012\\\/11\\\/bandjoun-inicio-de-la-obra-del-5o-edificio-del-colegio-tecnico-calasanz-ctc\\\/#breadcrumb\",\"itemListElement\":[{\"@type\":\"ListItem\",\"position\":1,\"name\":\"Proof\",\"item\":\"https:\\\/\\\/www.itakaescolapios.org\\\/es\\\/\"},{\"@type\":\"ListItem\",\"position\":2,\"name\":\"Bandjoun-Inicio de la obra del 5\u00ba edificio del Colegio T\u00e9cnico Calasanz (CTC).\"}]},{\"@type\":\"WebSite\",\"@id\":\"https:\\\/\\\/www.itakaescolapios.org\\\/en\\\/es\\\/#website\",\"url\":\"https:\\\/\\\/www.itakaescolapios.org\\\/en\\\/es\\\/\",\"name\":\"Itaka-Escolapios\",\"description\":\"Red de Itaka-Escolapios\",\"publisher\":{\"@id\":\"https:\\\/\\\/www.itakaescolapios.org\\\/en\\\/es\\\/#organization\"},\"potentialAction\":[{\"@type\":\"SearchAction\",\"target\":{\"@type\":\"EntryPoint\",\"urlTemplate\":\"https:\\\/\\\/www.itakaescolapios.org\\\/en\\\/es\\\/?s={search_term_string}\"},\"query-input\":{\"@type\":\"PropertyValueSpecification\",\"valueRequired\":true,\"valueName\":\"search_term_string\"}}],\"inLanguage\":\"en-US\"},{\"@type\":\"Organization\",\"@id\":\"https:\\\/\\\/www.itakaescolapios.org\\\/en\\\/es\\\/#organization\",\"name\":\"Fundaci\u00f3 Itaka-Escolapios\",\"url\":\"https:\\\/\\\/www.itakaescolapios.org\\\/en\\\/es\\\/\",\"logo\":{\"@type\":\"ImageObject\",\"inLanguage\":\"en-US\",\"@id\":\"https:\\\/\\\/www.itakaescolapios.org\\\/en\\\/es\\\/#\\\/schema\\\/logo\\\/image\\\/\",\"url\":\"https:\\\/\\\/www.itakaescolapios.org\\\/wp-content\\\/uploads\\\/2024\\\/04\\\/Logo-itakaescolapios-peque.png\",\"contentUrl\":\"https:\\\/\\\/www.itakaescolapios.org\\\/wp-content\\\/uploads\\\/2024\\\/04\\\/Logo-itakaescolapios-peque.png\",\"width\":500,\"height\":199,\"caption\":\"Fundaci\u00f3 Itaka-Escolapios\"},\"image\":{\"@id\":\"https:\\\/\\\/www.itakaescolapios.org\\\/en\\\/es\\\/#\\\/schema\\\/logo\\\/image\\\/\"}},{\"@type\":\"Person\",\"@id\":\"https:\\\/\\\/www.itakaescolapios.org\\\/es\\\/#\\\/schema\\\/person\\\/9274f8b80c7385b5aae18a7831c4a9c5\",\"name\":\"cameroun02\",\"url\":\"https:\\\/\\\/www.itakaescolapios.org\\\/en\\\/author\\\/cameroun02\\\/\"}]}<\/script>\n<!-- \/ Yoast SEO plugin. -->","yoast_head_json":{"title":"Bandjoun-Inicio de la obra del 5\u00ba edificio del Colegio T\u00e9cnico Calasanz (CTC).","description":"Comenzado hace dos semanas, este proyecto pretende mejorar las condiciones de aprendizaje de los 303 alumn@s del CTC. El aumento del alumnado y de las especialidades encomienda una necesaria adaptaci\u00f3n de las estructuras de nuestro Centro de Formaci\u00f3n Profesional. A plazo, esta obra permitir\u00e1 al CTC de contar con espacios adecuados para: talleres (Cocina, Electricidad,&hellip;","robots":{"index":"index","follow":"follow","max-snippet":"max-snippet:-1","max-image-preview":"max-image-preview:large","max-video-preview":"max-video-preview:-1"},"canonical":"Comenzado hace dos semanas, este proyecto pretende mejorar las condiciones de aprendizaje de los 303 alumn@s del CTC. El aumento del alumnado y de las especialidades encomienda una necesaria adaptaci\u00f3n de las estructuras de nuestro Centro de Formaci\u00f3n Profesional. A plazo, esta obra permitir\u00e1 al CTC de contar con espacios adecuados para: talleres (Cocina, Electricidad,&hellip;","og_locale":"en_US","og_type":"article","og_title":"Bandjoun-Inicio de la obra del 5\u00ba edificio del Colegio T\u00e9cnico Calasanz (CTC).","og_description":"Comenzado hace dos semanas, este proyecto pretende mejorar las condiciones de aprendizaje de los 303 alumn@s del CTC. El aumento del alumnado y de las especialidades encomienda una necesaria adaptaci\u00f3n de las estructuras de nuestro Centro de Formaci\u00f3n Profesional. A plazo, esta obra permitir\u00e1 al CTC de contar con espacios adecuados para: talleres (Cocina, Electricidad,&hellip;","og_url":"https:\/\/www.itakaescolapios.org\/en\/2012\/11\/bandjoun-inicio-de-la-obra-del-5o-edificio-del-colegio-tecnico-calasanz-ctc\/","og_site_name":"Proofs in Itaka-Escolapios","article_published_time":"2012-11-09T09:37:13+00:00","article_modified_time":"2023-11-28T11:39:34+00:00","og_image":[{"width":314,"height":209,"url":"https:\/\/www.itakaescolapios.org\/wp-content\/uploads\/2012\/11\/IMG_0179.jpg","type":"image\/jpeg"}],"author":"cameroun02","twitter_card":"summary_large_image","twitter_misc":{"Written by":"cameroun02","Est. reading time":"1 minute"},"schema":{"@context":"https:\/\/schema.org","@graph":[{"@type":"Article","@id":"https:\/\/www.itakaescolapios.org\/en\/2012\/11\/bandjoun-inicio-de-la-obra-del-5o-edificio-del-colegio-tecnico-calasanz-ctc\/#article","isPartOf":{"@id":"https:\/\/www.itakaescolapios.org\/en\/2012\/11\/bandjoun-inicio-de-la-obra-del-5o-edificio-del-colegio-tecnico-calasanz-ctc\/"},"author":{"name":"cameroun02","@id":"https:\/\/www.itakaescolapios.org\/es\/#\/schema\/person\/9274f8b80c7385b5aae18a7831c4a9c5"},"headline":"Bandjoun-Inicio de la obra del 5\u00ba edificio del Colegio T\u00e9cnico Calasanz (CTC).","datePublished":"2012-11-09T09:37:13+00:00","dateModified":"2023-11-28T11:39:34+00:00","mainEntityOfPage":{"@id":"https:\/\/www.itakaescolapios.org\/en\/2012\/11\/bandjoun-inicio-de-la-obra-del-5o-edificio-del-colegio-tecnico-calasanz-ctc\/"},"wordCount":130,"publisher":{"@id":"https:\/\/www.itakaescolapios.org\/es\/#organization"},"image":{"@id":"https:\/\/www.itakaescolapios.org\/en\/2012\/11\/bandjoun-inicio-de-la-obra-del-5o-edificio-del-colegio-tecnico-calasanz-ctc\/#primaryimage"},"thumbnailUrl":"https:\/\/www.itakaescolapios.org\/wp-content\/uploads\/2012\/11\/IMG_0179.jpg","articleSection":["Cameroon"],"inLanguage":"en-US"},{"@type":"WebPage","@id":"https:\/\/www.itakaescolapios.org\/en\/2012\/11\/bandjoun-inicio-de-la-obra-del-5o-edificio-del-colegio-tecnico-calasanz-ctc\/","url":"https:\/\/www.itakaescolapios.org\/en\/2012\/11\/bandjoun-inicio-de-la-obra-del-5o-edificio-del-colegio-tecnico-calasanz-ctc\/","name":"Bandjoun-Inicio de la obra del 5\u00ba edificio del Colegio T\u00e9cnico Calasanz (CTC). - Proofs in Itaka-Escolapios","isPartOf":{"@id":"https:\/\/www.itakaescolapios.org\/es\/#website"},"primaryImageOfPage":{"@id":"https:\/\/www.itakaescolapios.org\/en\/2012\/11\/bandjoun-inicio-de-la-obra-del-5o-edificio-del-colegio-tecnico-calasanz-ctc\/#primaryimage"},"image":{"@id":"https:\/\/www.itakaescolapios.org\/en\/2012\/11\/bandjoun-inicio-de-la-obra-del-5o-edificio-del-colegio-tecnico-calasanz-ctc\/#primaryimage"},"thumbnailUrl":"https:\/\/www.itakaescolapios.org\/wp-content\/uploads\/2012\/11\/IMG_0179.jpg","datePublished":"2012-11-09T09:37:13+00:00","dateModified":"2023-11-28T11:39:34+00:00","breadcrumb":{"@id":"https:\/\/www.itakaescolapios.org\/en\/2012\/11\/bandjoun-inicio-de-la-obra-del-5o-edificio-del-colegio-tecnico-calasanz-ctc\/#breadcrumb"},"inLanguage":"en-US","potentialAction":[{"@type":"ReadAction","target":["https:\/\/www.itakaescolapios.org\/en\/2012\/11\/bandjoun-inicio-de-la-obra-del-5o-edificio-del-colegio-tecnico-calasanz-ctc\/"]}]},{"@type":"ImageObject","inLanguage":"en-US","@id":"https:\/\/www.itakaescolapios.org\/en\/2012\/11\/bandjoun-inicio-de-la-obra-del-5o-edificio-del-colegio-tecnico-calasanz-ctc\/#primaryimage","url":"https:\/\/www.itakaescolapios.org\/wp-content\/uploads\/2012\/11\/IMG_0179.jpg","contentUrl":"https:\/\/www.itakaescolapios.org\/wp-content\/uploads\/2012\/11\/IMG_0179.jpg","width":"314","height":"209"},{"@type":"BreadcrumbList","@id":"https:\/\/www.itakaescolapios.org\/en\/2012\/11\/bandjoun-inicio-de-la-obra-del-5o-edificio-del-colegio-tecnico-calasanz-ctc\/#breadcrumb","itemListElement":[{"@type":"ListItem","position":1,"name":"Proof","item":"https:\/\/www.itakaescolapios.org\/es\/"},{"@type":"ListItem","position":2,"name":"Bandjoun-Inicio de la obra del 5\u00ba edificio del Colegio T\u00e9cnico Calasanz (CTC)."}]},{"@type":"WebSite","@id":"https:\/\/www.itakaescolapios.org\/en\/es\/#website","url":"https:\/\/www.itakaescolapios.org\/en\/es\/","name":"Itaka-Escolapios","description":"Red de Itaka-Escolapios","publisher":{"@id":"https:\/\/www.itakaescolapios.org\/en\/es\/#organization"},"potentialAction":[{"@type":"SearchAction","target":{"@type":"EntryPoint","urlTemplate":"https:\/\/www.itakaescolapios.org\/en\/es\/?s={search_term_string}"},"query-input":{"@type":"PropertyValueSpecification","valueRequired":true,"valueName":"search_term_string"}}],"inLanguage":"en-US"},{"@type":"Organization","@id":"https:\/\/www.itakaescolapios.org\/en\/es\/#organization","name":"Fundaci\u00f3 Itaka-Escolapios","url":"https:\/\/www.itakaescolapios.org\/en\/es\/","logo":{"@type":"ImageObject","inLanguage":"en-US","@id":"https:\/\/www.itakaescolapios.org\/en\/es\/#\/schema\/logo\/image\/","url":"https:\/\/www.itakaescolapios.org\/wp-content\/uploads\/2024\/04\/Logo-itakaescolapios-peque.png","contentUrl":"https:\/\/www.itakaescolapios.org\/wp-content\/uploads\/2024\/04\/Logo-itakaescolapios-peque.png","width":500,"height":199,"caption":"Fundaci\u00f3 Itaka-Escolapios"},"image":{"@id":"https:\/\/www.itakaescolapios.org\/en\/es\/#\/schema\/logo\/image\/"}},{"@type":"Person","@id":"https:\/\/www.itakaescolapios.org\/es\/#\/schema\/person\/9274f8b80c7385b5aae18a7831c4a9c5","name":"cameroun02","url":"https:\/\/www.itakaescolapios.org\/en\/author\/cameroun02\/"}]}},"_links":{"self":[{"href":"https:\/\/www.itakaescolapios.org\/en\/wp-json\/wp\/v2\/posts\/4242","targetHints":{"allow":["GET"]}}],"collection":[{"href":"https:\/\/www.itakaescolapios.org\/en\/wp-json\/wp\/v2\/posts"}],"about":[{"href":"https:\/\/www.itakaescolapios.org\/en\/wp-json\/wp\/v2\/types\/post"}],"author":[{"embeddable":true,"href":"https:\/\/www.itakaescolapios.org\/en\/wp-json\/wp\/v2\/users\/16"}],"replies":[{"embeddable":true,"href":"https:\/\/www.itakaescolapios.org\/en\/wp-json\/wp\/v2\/comments?post=4242"}],"version-history":[{"count":9,"href":"https:\/\/www.itakaescolapios.org\/en\/wp-json\/wp\/v2\/posts\/4242\/revisions"}],"predecessor-version":[{"id":49918,"href":"https:\/\/www.itakaescolapios.org\/en\/wp-json\/wp\/v2\/posts\/4242\/revisions\/49918"}],"wp:featuredmedia":[{"embeddable":true,"href":"https:\/\/www.itakaescolapios.org\/en\/wp-json\/wp\/v2\/media\/4243"}],"wp:attachment":[{"href":"https:\/\/www.itakaescolapios.org\/en\/wp-json\/wp\/v2\/media?parent=4242"}],"wp:term":[{"taxonomy":"category","embeddable":true,"href":"https:\/\/www.itakaescolapios.org\/en\/wp-json\/wp\/v2\/categories?post=4242"},{"taxonomy":"post_tag","embeddable":true,"href":"https:\/\/www.itakaescolapios.org\/en\/wp-json\/wp\/v2\/tags?post=4242"}],"curies":[{"name":"wp","href":"https:\/\/api.w.org\/{rel}","templated":true}]}}