{"id":42531,"date":"2023-06-07T12:31:48","date_gmt":"2023-06-07T11:31:48","guid":{"rendered":"https:\/\/www.itakaescolapios.org\/?p=42531"},"modified":"2023-11-28T12:35:32","modified_gmt":"2023-11-28T11:35:32","slug":"english-calasanz-movement-day-celebration-and-graduation-to-pioneer-group-of-st-joseph-calasanz-kindergarten-and-primary-school-kiyan","status":"publish","type":"post","link":"https:\/\/www.itakaescolapios.org\/en\/2023\/06\/english-calasanz-movement-day-celebration-and-graduation-to-pioneer-group-of-st-joseph-calasanz-kindergarten-and-primary-school-kiyan\/","title":{"rendered":"Calasanz Movement Day Celebration and Graduation to Pioneer Group of St. Joseph Calasanz Kindergarten and Primary School, Kiyan"},"content":{"rendered":"<p>Last Saturday June 02, 2023 took place in Kiyan (North-West Cameroon), the celebration of the day of the Calasanz movement and the graduation of the group of pioneers of the nursery and primary school Saint Joseph Calasanz de Kiyan. On the program we had beforehand the mass, the presentation on the life of Glicerio Landriani, the delivery of the bulletins and parchments to the children then the board games. It was a nice moment of relaxation and goodbye for the students and the administrative body. It is now the holidays in Kiyan, see you next year.<\/p>\n<p><img decoding=\"async\" class=\"size-full wp-image-42534 aligncenter\" src=\"https:\/\/www.itakaescolapios.org\/wp-content\/uploads\/2023\/06\/WhatsApp-Image-2023-06-03-at-16.06.01-1.jpeg\" alt=\"\" width=\"1008\" height=\"567\" srcset=\"https:\/\/www.itakaescolapios.org\/wp-content\/uploads\/2023\/06\/WhatsApp-Image-2023-06-03-at-16.06.01-1.jpeg 1008w, https:\/\/www.itakaescolapios.org\/wp-content\/uploads\/2023\/06\/WhatsApp-Image-2023-06-03-at-16.06.01-1-300x169.jpeg 300w, https:\/\/www.itakaescolapios.org\/wp-content\/uploads\/2023\/06\/WhatsApp-Image-2023-06-03-at-16.06.01-1-768x432.jpeg 768w, https:\/\/www.itakaescolapios.org\/wp-content\/uploads\/2023\/06\/WhatsApp-Image-2023-06-03-at-16.06.01-1-250x141.jpeg 250w\" sizes=\"(max-width: 1008px) 100vw, 1008px\" \/><\/p>\n<p><img decoding=\"async\" class=\"size-full wp-image-42535 aligncenter\" src=\"https:\/\/www.itakaescolapios.org\/wp-content\/uploads\/2023\/06\/WhatsApp-Image-2023-06-03-at-16.06.01.jpeg\" alt=\"\" width=\"1008\" height=\"567\" srcset=\"https:\/\/www.itakaescolapios.org\/wp-content\/uploads\/2023\/06\/WhatsApp-Image-2023-06-03-at-16.06.01.jpeg 1008w, https:\/\/www.itakaescolapios.org\/wp-content\/uploads\/2023\/06\/WhatsApp-Image-2023-06-03-at-16.06.01-300x169.jpeg 300w, https:\/\/www.itakaescolapios.org\/wp-content\/uploads\/2023\/06\/WhatsApp-Image-2023-06-03-at-16.06.01-768x432.jpeg 768w, https:\/\/www.itakaescolapios.org\/wp-content\/uploads\/2023\/06\/WhatsApp-Image-2023-06-03-at-16.06.01-250x141.jpeg 250w\" sizes=\"(max-width: 1008px) 100vw, 1008px\" \/><\/p>\n","protected":false},"excerpt":{"rendered":"<p>Last Saturday June 02, 2023 took place in Kiyan (North-West Cameroon), the celebration of the day of the Calasanz movement and the graduation of the group of pioneers of the [&hellip;]<\/p>\n","protected":false},"author":15,"featured_media":42533,"comment_status":"closed","ping_status":"closed","sticky":false,"template":"","format":"standard","meta":{"_et_pb_use_builder":"","_et_pb_old_content":"","_et_gb_content_width":"","footnotes":""},"categories":[53,10],"tags":[],"class_list":["post-42531","post","type-post","status-publish","format-standard","has-post-thumbnail","hentry","category-africa-central","category-camerun"],"yoast_head":"<!-- This site is optimized with the Yoast SEO plugin v27.4 - https:\/\/yoast.com\/product\/yoast-seo-wordpress\/ -->\n<title>Calasanz Movement Day Celebration and Graduation to Pioneer Group of St. Joseph Calasanz Kindergarten and Primary School, Kiyan<\/title>\n<meta name=\"description\" content=\"Last Saturday June 02, 2023 took place in Kiyan (North-West Cameroon), the celebration of the day of the Calasanz movement and the graduation of the group of pioneers of the nursery and primary school Saint Joseph Calasanz de Kiyan. On the program we had beforehand the mass, the presentation on the life of Glicerio Landriani,&hellip;\" \/>\n<meta name=\"robots\" content=\"index, follow, max-snippet:-1, max-image-preview:large, max-video-preview:-1\" \/>\n<link rel=\"canonical\" href=\"http:\/\/Last%20Saturday%20June%2002,%202023%20took%20place%20in%20Kiyan%20(North-West%20Cameroon),%20the%20celebration%20of%20the%20day%20of%20the%20Calasanz%20movement%20and%20the%20graduation%20of%20the%20group%20of%20pioneers%20of%20the%20nursery%20and%20primary%20school%20Saint%20Joseph%20Calasanz%20de%20Kiyan.%20On%20the%20program%20we%20had%20beforehand%20the%20mass,%20the%20presentation%20on%20the%20life%20of%20Glicerio%20Landriani,&hellip;\" \/>\n<meta property=\"og:locale\" content=\"en_US\" \/>\n<meta property=\"og:type\" content=\"article\" \/>\n<meta property=\"og:title\" content=\"Calasanz Movement Day Celebration and Graduation to Pioneer Group of St. Joseph Calasanz Kindergarten and Primary School, Kiyan\" \/>\n<meta property=\"og:description\" content=\"Last Saturday June 02, 2023 took place in Kiyan (North-West Cameroon), the celebration of the day of the Calasanz movement and the graduation of the group of pioneers of the nursery and primary school Saint Joseph Calasanz de Kiyan. On the program we had beforehand the mass, the presentation on the life of Glicerio Landriani,&hellip;\" \/>\n<meta property=\"og:url\" content=\"https:\/\/www.itakaescolapios.org\/en\/2023\/06\/english-calasanz-movement-day-celebration-and-graduation-to-pioneer-group-of-st-joseph-calasanz-kindergarten-and-primary-school-kiyan\/\" \/>\n<meta property=\"og:site_name\" content=\"Proofs in Itaka-Escolapios\" \/>\n<meta property=\"article:published_time\" content=\"2023-06-07T11:31:48+00:00\" \/>\n<meta property=\"article:modified_time\" content=\"2023-11-28T11:35:32+00:00\" \/>\n<meta property=\"og:image\" content=\"https:\/\/www.itakaescolapios.org\/wp-content\/uploads\/2023\/06\/WhatsApp-Image-2023-06-03-at-16.06.02.jpeg\" \/>\n\t<meta property=\"og:image:width\" content=\"1008\" \/>\n\t<meta property=\"og:image:height\" content=\"567\" \/>\n\t<meta property=\"og:image:type\" content=\"image\/jpeg\" \/>\n<meta name=\"author\" content=\"cameroun01\" \/>\n<meta name=\"twitter:card\" content=\"summary_large_image\" \/>\n<meta name=\"twitter:label1\" content=\"Written by\" \/>\n\t<meta name=\"twitter:data1\" content=\"cameroun01\" \/>\n\t<meta name=\"twitter:label2\" content=\"Est. reading time\" \/>\n\t<meta name=\"twitter:data2\" content=\"1 minute\" \/>\n<script type=\"application\/ld+json\" class=\"yoast-schema-graph\">{\"@context\":\"https:\\\/\\\/schema.org\",\"@graph\":[{\"@type\":\"Article\",\"@id\":\"https:\\\/\\\/www.itakaescolapios.org\\\/en\\\/2023\\\/06\\\/english-calasanz-movement-day-celebration-and-graduation-to-pioneer-group-of-st-joseph-calasanz-kindergarten-and-primary-school-kiyan\\\/#article\",\"isPartOf\":{\"@id\":\"https:\\\/\\\/www.itakaescolapios.org\\\/en\\\/2023\\\/06\\\/english-calasanz-movement-day-celebration-and-graduation-to-pioneer-group-of-st-joseph-calasanz-kindergarten-and-primary-school-kiyan\\\/\"},\"author\":{\"name\":\"cameroun01\",\"@id\":\"https:\\\/\\\/www.itakaescolapios.org\\\/es\\\/#\\\/schema\\\/person\\\/d2844383e29bfdfef69039672ce14eb1\"},\"headline\":\"Calasanz Movement Day Celebration and Graduation to Pioneer Group of St. Joseph Calasanz Kindergarten and Primary School, Kiyan\",\"datePublished\":\"2023-06-07T11:31:48+00:00\",\"dateModified\":\"2023-11-28T11:35:32+00:00\",\"mainEntityOfPage\":{\"@id\":\"https:\\\/\\\/www.itakaescolapios.org\\\/en\\\/2023\\\/06\\\/english-calasanz-movement-day-celebration-and-graduation-to-pioneer-group-of-st-joseph-calasanz-kindergarten-and-primary-school-kiyan\\\/\"},\"wordCount\":131,\"publisher\":{\"@id\":\"https:\\\/\\\/www.itakaescolapios.org\\\/es\\\/#organization\"},\"image\":{\"@id\":\"https:\\\/\\\/www.itakaescolapios.org\\\/en\\\/2023\\\/06\\\/english-calasanz-movement-day-celebration-and-graduation-to-pioneer-group-of-st-joseph-calasanz-kindergarten-and-primary-school-kiyan\\\/#primaryimage\"},\"thumbnailUrl\":\"https:\\\/\\\/www.itakaescolapios.org\\\/wp-content\\\/uploads\\\/2023\\\/06\\\/WhatsApp-Image-2023-06-03-at-16.06.02.jpeg\",\"articleSection\":[\"Central Africa\",\"Cameroon\"],\"inLanguage\":\"en-US\"},{\"@type\":\"WebPage\",\"@id\":\"https:\\\/\\\/www.itakaescolapios.org\\\/en\\\/2023\\\/06\\\/english-calasanz-movement-day-celebration-and-graduation-to-pioneer-group-of-st-joseph-calasanz-kindergarten-and-primary-school-kiyan\\\/\",\"url\":\"https:\\\/\\\/www.itakaescolapios.org\\\/en\\\/2023\\\/06\\\/english-calasanz-movement-day-celebration-and-graduation-to-pioneer-group-of-st-joseph-calasanz-kindergarten-and-primary-school-kiyan\\\/\",\"name\":\"Celebraci\u00f3n del D\u00eda del Movimiento Calasanz y Graduaci\u00f3n del Grupo Pionero de la Escuela Infantil y Primaria St. Joseph Calasanz, Kiyan - Proofs in Itaka-Escolapios\",\"isPartOf\":{\"@id\":\"https:\\\/\\\/www.itakaescolapios.org\\\/es\\\/#website\"},\"primaryImageOfPage\":{\"@id\":\"https:\\\/\\\/www.itakaescolapios.org\\\/en\\\/2023\\\/06\\\/english-calasanz-movement-day-celebration-and-graduation-to-pioneer-group-of-st-joseph-calasanz-kindergarten-and-primary-school-kiyan\\\/#primaryimage\"},\"image\":{\"@id\":\"https:\\\/\\\/www.itakaescolapios.org\\\/en\\\/2023\\\/06\\\/english-calasanz-movement-day-celebration-and-graduation-to-pioneer-group-of-st-joseph-calasanz-kindergarten-and-primary-school-kiyan\\\/#primaryimage\"},\"thumbnailUrl\":\"https:\\\/\\\/www.itakaescolapios.org\\\/wp-content\\\/uploads\\\/2023\\\/06\\\/WhatsApp-Image-2023-06-03-at-16.06.02.jpeg\",\"datePublished\":\"2023-06-07T11:31:48+00:00\",\"dateModified\":\"2023-11-28T11:35:32+00:00\",\"breadcrumb\":{\"@id\":\"https:\\\/\\\/www.itakaescolapios.org\\\/en\\\/2023\\\/06\\\/english-calasanz-movement-day-celebration-and-graduation-to-pioneer-group-of-st-joseph-calasanz-kindergarten-and-primary-school-kiyan\\\/#breadcrumb\"},\"inLanguage\":\"en-US\",\"potentialAction\":[{\"@type\":\"ReadAction\",\"target\":[\"https:\\\/\\\/www.itakaescolapios.org\\\/en\\\/2023\\\/06\\\/english-calasanz-movement-day-celebration-and-graduation-to-pioneer-group-of-st-joseph-calasanz-kindergarten-and-primary-school-kiyan\\\/\"]}]},{\"@type\":\"ImageObject\",\"inLanguage\":\"en-US\",\"@id\":\"https:\\\/\\\/www.itakaescolapios.org\\\/en\\\/2023\\\/06\\\/english-calasanz-movement-day-celebration-and-graduation-to-pioneer-group-of-st-joseph-calasanz-kindergarten-and-primary-school-kiyan\\\/#primaryimage\",\"url\":\"https:\\\/\\\/www.itakaescolapios.org\\\/wp-content\\\/uploads\\\/2023\\\/06\\\/WhatsApp-Image-2023-06-03-at-16.06.02.jpeg\",\"contentUrl\":\"https:\\\/\\\/www.itakaescolapios.org\\\/wp-content\\\/uploads\\\/2023\\\/06\\\/WhatsApp-Image-2023-06-03-at-16.06.02.jpeg\",\"width\":1008,\"height\":567},{\"@type\":\"BreadcrumbList\",\"@id\":\"https:\\\/\\\/www.itakaescolapios.org\\\/en\\\/2023\\\/06\\\/english-calasanz-movement-day-celebration-and-graduation-to-pioneer-group-of-st-joseph-calasanz-kindergarten-and-primary-school-kiyan\\\/#breadcrumb\",\"itemListElement\":[{\"@type\":\"ListItem\",\"position\":1,\"name\":\"Proof\",\"item\":\"https:\\\/\\\/www.itakaescolapios.org\\\/es\\\/\"},{\"@type\":\"ListItem\",\"position\":2,\"name\":\"Calasanz Movement Day Celebration and Graduation to Pioneer Group of St. Joseph Calasanz Kindergarten and Primary School, Kiyan\"}]},{\"@type\":\"WebSite\",\"@id\":\"https:\\\/\\\/www.itakaescolapios.org\\\/en\\\/es\\\/#website\",\"url\":\"https:\\\/\\\/www.itakaescolapios.org\\\/en\\\/es\\\/\",\"name\":\"Itaka-Escolapios\",\"description\":\"Red de Itaka-Escolapios\",\"publisher\":{\"@id\":\"https:\\\/\\\/www.itakaescolapios.org\\\/en\\\/es\\\/#organization\"},\"potentialAction\":[{\"@type\":\"SearchAction\",\"target\":{\"@type\":\"EntryPoint\",\"urlTemplate\":\"https:\\\/\\\/www.itakaescolapios.org\\\/en\\\/es\\\/?s={search_term_string}\"},\"query-input\":{\"@type\":\"PropertyValueSpecification\",\"valueRequired\":true,\"valueName\":\"search_term_string\"}}],\"inLanguage\":\"en-US\"},{\"@type\":\"Organization\",\"@id\":\"https:\\\/\\\/www.itakaescolapios.org\\\/en\\\/es\\\/#organization\",\"name\":\"Fundaci\u00f3 Itaka-Escolapios\",\"url\":\"https:\\\/\\\/www.itakaescolapios.org\\\/en\\\/es\\\/\",\"logo\":{\"@type\":\"ImageObject\",\"inLanguage\":\"en-US\",\"@id\":\"https:\\\/\\\/www.itakaescolapios.org\\\/en\\\/es\\\/#\\\/schema\\\/logo\\\/image\\\/\",\"url\":\"https:\\\/\\\/www.itakaescolapios.org\\\/wp-content\\\/uploads\\\/2024\\\/04\\\/Logo-itakaescolapios-peque.png\",\"contentUrl\":\"https:\\\/\\\/www.itakaescolapios.org\\\/wp-content\\\/uploads\\\/2024\\\/04\\\/Logo-itakaescolapios-peque.png\",\"width\":500,\"height\":199,\"caption\":\"Fundaci\u00f3 Itaka-Escolapios\"},\"image\":{\"@id\":\"https:\\\/\\\/www.itakaescolapios.org\\\/en\\\/es\\\/#\\\/schema\\\/logo\\\/image\\\/\"}},{\"@type\":\"Person\",\"@id\":\"https:\\\/\\\/www.itakaescolapios.org\\\/es\\\/#\\\/schema\\\/person\\\/d2844383e29bfdfef69039672ce14eb1\",\"name\":\"cameroun01\",\"url\":\"https:\\\/\\\/www.itakaescolapios.org\\\/en\\\/author\\\/cameroun01\\\/\"}]}<\/script>\n<!-- \/ Yoast SEO plugin. -->","yoast_head_json":{"title":"Calasanz Movement Day Celebration and Graduation to Pioneer Group of St. Joseph Calasanz Kindergarten and Primary School, Kiyan","description":"Last Saturday June 02, 2023 took place in Kiyan (North-West Cameroon), the celebration of the day of the Calasanz movement and the graduation of the group of pioneers of the nursery and primary school Saint Joseph Calasanz de Kiyan. On the program we had beforehand the mass, the presentation on the life of Glicerio Landriani,&hellip;","robots":{"index":"index","follow":"follow","max-snippet":"max-snippet:-1","max-image-preview":"max-image-preview:large","max-video-preview":"max-video-preview:-1"},"canonical":"Last Saturday June 02, 2023 took place in Kiyan (North-West Cameroon), the celebration of the day of the Calasanz movement and the graduation of the group of pioneers of the nursery and primary school Saint Joseph Calasanz de Kiyan. On the program we had beforehand the mass, the presentation on the life of Glicerio Landriani,&hellip;","og_locale":"en_US","og_type":"article","og_title":"Calasanz Movement Day Celebration and Graduation to Pioneer Group of St. Joseph Calasanz Kindergarten and Primary School, Kiyan","og_description":"Last Saturday June 02, 2023 took place in Kiyan (North-West Cameroon), the celebration of the day of the Calasanz movement and the graduation of the group of pioneers of the nursery and primary school Saint Joseph Calasanz de Kiyan. On the program we had beforehand the mass, the presentation on the life of Glicerio Landriani,&hellip;","og_url":"https:\/\/www.itakaescolapios.org\/en\/2023\/06\/english-calasanz-movement-day-celebration-and-graduation-to-pioneer-group-of-st-joseph-calasanz-kindergarten-and-primary-school-kiyan\/","og_site_name":"Proofs in Itaka-Escolapios","article_published_time":"2023-06-07T11:31:48+00:00","article_modified_time":"2023-11-28T11:35:32+00:00","og_image":[{"width":1008,"height":567,"url":"https:\/\/www.itakaescolapios.org\/wp-content\/uploads\/2023\/06\/WhatsApp-Image-2023-06-03-at-16.06.02.jpeg","type":"image\/jpeg"}],"author":"cameroun01","twitter_card":"summary_large_image","twitter_misc":{"Written by":"cameroun01","Est. reading time":"1 minute"},"schema":{"@context":"https:\/\/schema.org","@graph":[{"@type":"Article","@id":"https:\/\/www.itakaescolapios.org\/en\/2023\/06\/english-calasanz-movement-day-celebration-and-graduation-to-pioneer-group-of-st-joseph-calasanz-kindergarten-and-primary-school-kiyan\/#article","isPartOf":{"@id":"https:\/\/www.itakaescolapios.org\/en\/2023\/06\/english-calasanz-movement-day-celebration-and-graduation-to-pioneer-group-of-st-joseph-calasanz-kindergarten-and-primary-school-kiyan\/"},"author":{"name":"cameroun01","@id":"https:\/\/www.itakaescolapios.org\/es\/#\/schema\/person\/d2844383e29bfdfef69039672ce14eb1"},"headline":"Calasanz Movement Day Celebration and Graduation to Pioneer Group of St. Joseph Calasanz Kindergarten and Primary School, Kiyan","datePublished":"2023-06-07T11:31:48+00:00","dateModified":"2023-11-28T11:35:32+00:00","mainEntityOfPage":{"@id":"https:\/\/www.itakaescolapios.org\/en\/2023\/06\/english-calasanz-movement-day-celebration-and-graduation-to-pioneer-group-of-st-joseph-calasanz-kindergarten-and-primary-school-kiyan\/"},"wordCount":131,"publisher":{"@id":"https:\/\/www.itakaescolapios.org\/es\/#organization"},"image":{"@id":"https:\/\/www.itakaescolapios.org\/en\/2023\/06\/english-calasanz-movement-day-celebration-and-graduation-to-pioneer-group-of-st-joseph-calasanz-kindergarten-and-primary-school-kiyan\/#primaryimage"},"thumbnailUrl":"https:\/\/www.itakaescolapios.org\/wp-content\/uploads\/2023\/06\/WhatsApp-Image-2023-06-03-at-16.06.02.jpeg","articleSection":["Central Africa","Cameroon"],"inLanguage":"en-US"},{"@type":"WebPage","@id":"https:\/\/www.itakaescolapios.org\/en\/2023\/06\/english-calasanz-movement-day-celebration-and-graduation-to-pioneer-group-of-st-joseph-calasanz-kindergarten-and-primary-school-kiyan\/","url":"https:\/\/www.itakaescolapios.org\/en\/2023\/06\/english-calasanz-movement-day-celebration-and-graduation-to-pioneer-group-of-st-joseph-calasanz-kindergarten-and-primary-school-kiyan\/","name":"Celebraci\u00f3n del D\u00eda del Movimiento Calasanz y Graduaci\u00f3n del Grupo Pionero de la Escuela Infantil y Primaria St. Joseph Calasanz, Kiyan - Proofs in Itaka-Escolapios","isPartOf":{"@id":"https:\/\/www.itakaescolapios.org\/es\/#website"},"primaryImageOfPage":{"@id":"https:\/\/www.itakaescolapios.org\/en\/2023\/06\/english-calasanz-movement-day-celebration-and-graduation-to-pioneer-group-of-st-joseph-calasanz-kindergarten-and-primary-school-kiyan\/#primaryimage"},"image":{"@id":"https:\/\/www.itakaescolapios.org\/en\/2023\/06\/english-calasanz-movement-day-celebration-and-graduation-to-pioneer-group-of-st-joseph-calasanz-kindergarten-and-primary-school-kiyan\/#primaryimage"},"thumbnailUrl":"https:\/\/www.itakaescolapios.org\/wp-content\/uploads\/2023\/06\/WhatsApp-Image-2023-06-03-at-16.06.02.jpeg","datePublished":"2023-06-07T11:31:48+00:00","dateModified":"2023-11-28T11:35:32+00:00","breadcrumb":{"@id":"https:\/\/www.itakaescolapios.org\/en\/2023\/06\/english-calasanz-movement-day-celebration-and-graduation-to-pioneer-group-of-st-joseph-calasanz-kindergarten-and-primary-school-kiyan\/#breadcrumb"},"inLanguage":"en-US","potentialAction":[{"@type":"ReadAction","target":["https:\/\/www.itakaescolapios.org\/en\/2023\/06\/english-calasanz-movement-day-celebration-and-graduation-to-pioneer-group-of-st-joseph-calasanz-kindergarten-and-primary-school-kiyan\/"]}]},{"@type":"ImageObject","inLanguage":"en-US","@id":"https:\/\/www.itakaescolapios.org\/en\/2023\/06\/english-calasanz-movement-day-celebration-and-graduation-to-pioneer-group-of-st-joseph-calasanz-kindergarten-and-primary-school-kiyan\/#primaryimage","url":"https:\/\/www.itakaescolapios.org\/wp-content\/uploads\/2023\/06\/WhatsApp-Image-2023-06-03-at-16.06.02.jpeg","contentUrl":"https:\/\/www.itakaescolapios.org\/wp-content\/uploads\/2023\/06\/WhatsApp-Image-2023-06-03-at-16.06.02.jpeg","width":1008,"height":567},{"@type":"BreadcrumbList","@id":"https:\/\/www.itakaescolapios.org\/en\/2023\/06\/english-calasanz-movement-day-celebration-and-graduation-to-pioneer-group-of-st-joseph-calasanz-kindergarten-and-primary-school-kiyan\/#breadcrumb","itemListElement":[{"@type":"ListItem","position":1,"name":"Proof","item":"https:\/\/www.itakaescolapios.org\/es\/"},{"@type":"ListItem","position":2,"name":"Calasanz Movement Day Celebration and Graduation to Pioneer Group of St. Joseph Calasanz Kindergarten and Primary School, Kiyan"}]},{"@type":"WebSite","@id":"https:\/\/www.itakaescolapios.org\/en\/es\/#website","url":"https:\/\/www.itakaescolapios.org\/en\/es\/","name":"Itaka-Escolapios","description":"Red de Itaka-Escolapios","publisher":{"@id":"https:\/\/www.itakaescolapios.org\/en\/es\/#organization"},"potentialAction":[{"@type":"SearchAction","target":{"@type":"EntryPoint","urlTemplate":"https:\/\/www.itakaescolapios.org\/en\/es\/?s={search_term_string}"},"query-input":{"@type":"PropertyValueSpecification","valueRequired":true,"valueName":"search_term_string"}}],"inLanguage":"en-US"},{"@type":"Organization","@id":"https:\/\/www.itakaescolapios.org\/en\/es\/#organization","name":"Fundaci\u00f3 Itaka-Escolapios","url":"https:\/\/www.itakaescolapios.org\/en\/es\/","logo":{"@type":"ImageObject","inLanguage":"en-US","@id":"https:\/\/www.itakaescolapios.org\/en\/es\/#\/schema\/logo\/image\/","url":"https:\/\/www.itakaescolapios.org\/wp-content\/uploads\/2024\/04\/Logo-itakaescolapios-peque.png","contentUrl":"https:\/\/www.itakaescolapios.org\/wp-content\/uploads\/2024\/04\/Logo-itakaescolapios-peque.png","width":500,"height":199,"caption":"Fundaci\u00f3 Itaka-Escolapios"},"image":{"@id":"https:\/\/www.itakaescolapios.org\/en\/es\/#\/schema\/logo\/image\/"}},{"@type":"Person","@id":"https:\/\/www.itakaescolapios.org\/es\/#\/schema\/person\/d2844383e29bfdfef69039672ce14eb1","name":"cameroun01","url":"https:\/\/www.itakaescolapios.org\/en\/author\/cameroun01\/"}]}},"_links":{"self":[{"href":"https:\/\/www.itakaescolapios.org\/en\/wp-json\/wp\/v2\/posts\/42531","targetHints":{"allow":["GET"]}}],"collection":[{"href":"https:\/\/www.itakaescolapios.org\/en\/wp-json\/wp\/v2\/posts"}],"about":[{"href":"https:\/\/www.itakaescolapios.org\/en\/wp-json\/wp\/v2\/types\/post"}],"author":[{"embeddable":true,"href":"https:\/\/www.itakaescolapios.org\/en\/wp-json\/wp\/v2\/users\/15"}],"replies":[{"embeddable":true,"href":"https:\/\/www.itakaescolapios.org\/en\/wp-json\/wp\/v2\/comments?post=42531"}],"version-history":[{"count":4,"href":"https:\/\/www.itakaescolapios.org\/en\/wp-json\/wp\/v2\/posts\/42531\/revisions"}],"predecessor-version":[{"id":43586,"href":"https:\/\/www.itakaescolapios.org\/en\/wp-json\/wp\/v2\/posts\/42531\/revisions\/43586"}],"wp:featuredmedia":[{"embeddable":true,"href":"https:\/\/www.itakaescolapios.org\/en\/wp-json\/wp\/v2\/media\/42533"}],"wp:attachment":[{"href":"https:\/\/www.itakaescolapios.org\/en\/wp-json\/wp\/v2\/media?parent=42531"}],"wp:term":[{"taxonomy":"category","embeddable":true,"href":"https:\/\/www.itakaescolapios.org\/en\/wp-json\/wp\/v2\/categories?post=42531"},{"taxonomy":"post_tag","embeddable":true,"href":"https:\/\/www.itakaescolapios.org\/en\/wp-json\/wp\/v2\/tags?post=42531"}],"curies":[{"name":"wp","href":"https:\/\/api.w.org\/{rel}","templated":true}]}}