{"id":4785,"date":"2012-11-27T17:24:07","date_gmt":"2012-11-27T16:24:07","guid":{"rendered":"https:\/\/www.itakaescolapios.org\/?p=4785"},"modified":"2023-11-28T12:39:32","modified_gmt":"2023-11-28T11:39:32","slug":"festividad-de-san-jose-de-calasanz","status":"publish","type":"post","link":"https:\/\/www.itakaescolapios.org\/en\/2012\/11\/festividad-de-san-jose-de-calasanz\/","title":{"rendered":"Patrocinio de San Jos\u00e9 de Calasanz"},"content":{"rendered":"<p>El 27 de noviembre de 1597. Jos\u00e9 de Calasanz \u00a0funda en Roma la primera escuela popular y gratuita de Europa. Hoy lo recordamos en este d\u00eda como patr\u00f3n de los maestros. Tambi\u00e9n recordamos la proclamaci\u00f3n universal de San Jos\u00e9 de Calasanz como Patrono de las Escuelas Cristianas Populares, decretado por el Papa Pio XII<\/p>\n<p>Felicidades a todos los voluntarios y maestros escolapios y laicos. Como bien dec\u00eda \u00e9l, ojal\u00e1 hayamos \u00a0encontrado la manera de servir a Dios, haciendo el bien a los peque\u00f1os y no dej\u00e1ndolo por cosa alguna.<!--more--><\/p>\n","protected":false},"excerpt":{"rendered":"<p>El 27 de noviembre de 1597. Jos\u00e9 de Calasanz \u00a0funda en Roma la primera escuela popular y gratuita de Europa. Hoy lo recordamos en este d\u00eda como patr\u00f3n de los [&hellip;]<\/p>\n","protected":false},"author":4,"featured_media":4786,"comment_status":"closed","ping_status":"closed","sticky":false,"template":"","format":"standard","meta":{"_et_pb_use_builder":"","_et_pb_old_content":"","_et_gb_content_width":"","footnotes":""},"categories":[30],"tags":[],"class_list":["post-4785","post","type-post","status-publish","format-standard","has-post-thumbnail","hentry","category-itaka-escolapios"],"yoast_head":"<!-- This site is optimized with the Yoast SEO plugin v27.4 - https:\/\/yoast.com\/product\/yoast-seo-wordpress\/ -->\n<title>Patrocinio de San Jos\u00e9 de Calasanz<\/title>\n<meta name=\"description\" content=\"El 27 de noviembre de 1597. Jos\u00e9 de Calasanz \u00a0funda en Roma la primera escuela popular y gratuita de Europa. Hoy lo recordamos en este d\u00eda como patr\u00f3n de los maestros. Tambi\u00e9n recordamos la proclamaci\u00f3n universal de San Jos\u00e9 de Calasanz como Patrono de las Escuelas Cristianas Populares, decretado por el Papa Pio XII Felicidades&hellip;\" \/>\n<meta name=\"robots\" content=\"index, follow, max-snippet:-1, max-image-preview:large, max-video-preview:-1\" \/>\n<link rel=\"canonical\" href=\"http:\/\/El%2027%20de%20noviembre%20de%201597.%20Jos\u00e9%20de%20Calasanz%20\u00a0funda%20en%20Roma%20la%20primera%20escuela%20popular%20y%20gratuita%20de%20Europa.%20Hoy%20lo%20recordamos%20en%20este%20d\u00eda%20como%20patr\u00f3n%20de%20los%20maestros.%20Tambi\u00e9n%20recordamos%20la%20proclamaci\u00f3n%20universal%20de%20San%20Jos\u00e9%20de%20Calasanz%20como%20Patrono%20de%20las%20Escuelas%20Cristianas%20Populares,%20decretado%20por%20el%20Papa%20Pio%20XII%20Felicidades&hellip;\" \/>\n<meta property=\"og:locale\" content=\"en_US\" \/>\n<meta property=\"og:type\" content=\"article\" \/>\n<meta property=\"og:title\" content=\"Patrocinio de San Jos\u00e9 de Calasanz\" \/>\n<meta property=\"og:description\" content=\"El 27 de noviembre de 1597. Jos\u00e9 de Calasanz \u00a0funda en Roma la primera escuela popular y gratuita de Europa. Hoy lo recordamos en este d\u00eda como patr\u00f3n de los maestros. Tambi\u00e9n recordamos la proclamaci\u00f3n universal de San Jos\u00e9 de Calasanz como Patrono de las Escuelas Cristianas Populares, decretado por el Papa Pio XII Felicidades&hellip;\" \/>\n<meta property=\"og:url\" content=\"https:\/\/www.itakaescolapios.org\/en\/2012\/11\/festividad-de-san-jose-de-calasanz\/\" \/>\n<meta property=\"og:site_name\" content=\"Proofs in Itaka-Escolapios\" \/>\n<meta property=\"article:published_time\" content=\"2012-11-27T16:24:07+00:00\" \/>\n<meta property=\"article:modified_time\" content=\"2023-11-28T11:39:32+00:00\" \/>\n<meta property=\"og:image\" content=\"https:\/\/www.itakaescolapios.org\/wp-content\/uploads\/2012\/11\/27-de-noviembre-san-jose-de-calasanz.jpg\" \/>\n\t<meta property=\"og:image:width\" content=\"691\" \/>\n\t<meta property=\"og:image:height\" content=\"636\" \/>\n\t<meta property=\"og:image:type\" content=\"image\/jpeg\" \/>\n<meta name=\"author\" content=\"itaka\" \/>\n<meta name=\"twitter:card\" content=\"summary_large_image\" \/>\n<meta name=\"twitter:label1\" content=\"Written by\" \/>\n\t<meta name=\"twitter:data1\" content=\"itaka\" \/>\n<script type=\"application\/ld+json\" class=\"yoast-schema-graph\">{\"@context\":\"https:\\\/\\\/schema.org\",\"@graph\":[{\"@type\":\"Article\",\"@id\":\"https:\\\/\\\/www.itakaescolapios.org\\\/en\\\/2012\\\/11\\\/festividad-de-san-jose-de-calasanz\\\/#article\",\"isPartOf\":{\"@id\":\"https:\\\/\\\/www.itakaescolapios.org\\\/en\\\/2012\\\/11\\\/festividad-de-san-jose-de-calasanz\\\/\"},\"author\":{\"name\":\"itaka\",\"@id\":\"https:\\\/\\\/www.itakaescolapios.org\\\/es\\\/#\\\/schema\\\/person\\\/670123daeb1cc31cae1b106740036ccb\"},\"headline\":\"Patrocinio de San Jos\u00e9 de Calasanz\",\"datePublished\":\"2012-11-27T16:24:07+00:00\",\"dateModified\":\"2023-11-28T11:39:32+00:00\",\"mainEntityOfPage\":{\"@id\":\"https:\\\/\\\/www.itakaescolapios.org\\\/en\\\/2012\\\/11\\\/festividad-de-san-jose-de-calasanz\\\/\"},\"wordCount\":100,\"publisher\":{\"@id\":\"https:\\\/\\\/www.itakaescolapios.org\\\/es\\\/#organization\"},\"image\":{\"@id\":\"https:\\\/\\\/www.itakaescolapios.org\\\/en\\\/2012\\\/11\\\/festividad-de-san-jose-de-calasanz\\\/#primaryimage\"},\"thumbnailUrl\":\"https:\\\/\\\/www.itakaescolapios.org\\\/wp-content\\\/uploads\\\/2012\\\/11\\\/27-de-noviembre-san-jose-de-calasanz.jpg\",\"articleSection\":[\"Itaka Escolapios\"],\"inLanguage\":\"en-US\"},{\"@type\":\"WebPage\",\"@id\":\"https:\\\/\\\/www.itakaescolapios.org\\\/en\\\/2012\\\/11\\\/festividad-de-san-jose-de-calasanz\\\/\",\"url\":\"https:\\\/\\\/www.itakaescolapios.org\\\/en\\\/2012\\\/11\\\/festividad-de-san-jose-de-calasanz\\\/\",\"name\":\"Patrocinio de San Jos\u00e9 de Calasanz - Proofs in Itaka-Escolapios\",\"isPartOf\":{\"@id\":\"https:\\\/\\\/www.itakaescolapios.org\\\/es\\\/#website\"},\"primaryImageOfPage\":{\"@id\":\"https:\\\/\\\/www.itakaescolapios.org\\\/en\\\/2012\\\/11\\\/festividad-de-san-jose-de-calasanz\\\/#primaryimage\"},\"image\":{\"@id\":\"https:\\\/\\\/www.itakaescolapios.org\\\/en\\\/2012\\\/11\\\/festividad-de-san-jose-de-calasanz\\\/#primaryimage\"},\"thumbnailUrl\":\"https:\\\/\\\/www.itakaescolapios.org\\\/wp-content\\\/uploads\\\/2012\\\/11\\\/27-de-noviembre-san-jose-de-calasanz.jpg\",\"datePublished\":\"2012-11-27T16:24:07+00:00\",\"dateModified\":\"2023-11-28T11:39:32+00:00\",\"breadcrumb\":{\"@id\":\"https:\\\/\\\/www.itakaescolapios.org\\\/en\\\/2012\\\/11\\\/festividad-de-san-jose-de-calasanz\\\/#breadcrumb\"},\"inLanguage\":\"en-US\",\"potentialAction\":[{\"@type\":\"ReadAction\",\"target\":[\"https:\\\/\\\/www.itakaescolapios.org\\\/en\\\/2012\\\/11\\\/festividad-de-san-jose-de-calasanz\\\/\"]}]},{\"@type\":\"ImageObject\",\"inLanguage\":\"en-US\",\"@id\":\"https:\\\/\\\/www.itakaescolapios.org\\\/en\\\/2012\\\/11\\\/festividad-de-san-jose-de-calasanz\\\/#primaryimage\",\"url\":\"https:\\\/\\\/www.itakaescolapios.org\\\/wp-content\\\/uploads\\\/2012\\\/11\\\/27-de-noviembre-san-jose-de-calasanz.jpg\",\"contentUrl\":\"https:\\\/\\\/www.itakaescolapios.org\\\/wp-content\\\/uploads\\\/2012\\\/11\\\/27-de-noviembre-san-jose-de-calasanz.jpg\",\"width\":\"691\",\"height\":\"636\"},{\"@type\":\"BreadcrumbList\",\"@id\":\"https:\\\/\\\/www.itakaescolapios.org\\\/en\\\/2012\\\/11\\\/festividad-de-san-jose-de-calasanz\\\/#breadcrumb\",\"itemListElement\":[{\"@type\":\"ListItem\",\"position\":1,\"name\":\"Proof\",\"item\":\"https:\\\/\\\/www.itakaescolapios.org\\\/es\\\/\"},{\"@type\":\"ListItem\",\"position\":2,\"name\":\"Patrocinio de San Jos\u00e9 de Calasanz\"}]},{\"@type\":\"WebSite\",\"@id\":\"https:\\\/\\\/www.itakaescolapios.org\\\/en\\\/es\\\/#website\",\"url\":\"https:\\\/\\\/www.itakaescolapios.org\\\/en\\\/es\\\/\",\"name\":\"Itaka-Escolapios\",\"description\":\"Red de Itaka-Escolapios\",\"publisher\":{\"@id\":\"https:\\\/\\\/www.itakaescolapios.org\\\/en\\\/es\\\/#organization\"},\"potentialAction\":[{\"@type\":\"SearchAction\",\"target\":{\"@type\":\"EntryPoint\",\"urlTemplate\":\"https:\\\/\\\/www.itakaescolapios.org\\\/en\\\/es\\\/?s={search_term_string}\"},\"query-input\":{\"@type\":\"PropertyValueSpecification\",\"valueRequired\":true,\"valueName\":\"search_term_string\"}}],\"inLanguage\":\"en-US\"},{\"@type\":\"Organization\",\"@id\":\"https:\\\/\\\/www.itakaescolapios.org\\\/en\\\/es\\\/#organization\",\"name\":\"Fundaci\u00f3 Itaka-Escolapios\",\"url\":\"https:\\\/\\\/www.itakaescolapios.org\\\/en\\\/es\\\/\",\"logo\":{\"@type\":\"ImageObject\",\"inLanguage\":\"en-US\",\"@id\":\"https:\\\/\\\/www.itakaescolapios.org\\\/en\\\/es\\\/#\\\/schema\\\/logo\\\/image\\\/\",\"url\":\"https:\\\/\\\/www.itakaescolapios.org\\\/wp-content\\\/uploads\\\/2024\\\/04\\\/Logo-itakaescolapios-peque.png\",\"contentUrl\":\"https:\\\/\\\/www.itakaescolapios.org\\\/wp-content\\\/uploads\\\/2024\\\/04\\\/Logo-itakaescolapios-peque.png\",\"width\":500,\"height\":199,\"caption\":\"Fundaci\u00f3 Itaka-Escolapios\"},\"image\":{\"@id\":\"https:\\\/\\\/www.itakaescolapios.org\\\/en\\\/es\\\/#\\\/schema\\\/logo\\\/image\\\/\"}},{\"@type\":\"Person\",\"@id\":\"https:\\\/\\\/www.itakaescolapios.org\\\/es\\\/#\\\/schema\\\/person\\\/670123daeb1cc31cae1b106740036ccb\",\"name\":\"itaka\",\"url\":\"https:\\\/\\\/www.itakaescolapios.org\\\/en\\\/author\\\/itaka\\\/\"}]}<\/script>\n<!-- \/ Yoast SEO plugin. -->","yoast_head_json":{"title":"Patrocinio de San Jos\u00e9 de Calasanz","description":"El 27 de noviembre de 1597. Jos\u00e9 de Calasanz \u00a0funda en Roma la primera escuela popular y gratuita de Europa. Hoy lo recordamos en este d\u00eda como patr\u00f3n de los maestros. Tambi\u00e9n recordamos la proclamaci\u00f3n universal de San Jos\u00e9 de Calasanz como Patrono de las Escuelas Cristianas Populares, decretado por el Papa Pio XII Felicidades&hellip;","robots":{"index":"index","follow":"follow","max-snippet":"max-snippet:-1","max-image-preview":"max-image-preview:large","max-video-preview":"max-video-preview:-1"},"canonical":"El 27 de noviembre de 1597. Jos\u00e9 de Calasanz \u00a0funda en Roma la primera escuela popular y gratuita de Europa. Hoy lo recordamos en este d\u00eda como patr\u00f3n de los maestros. Tambi\u00e9n recordamos la proclamaci\u00f3n universal de San Jos\u00e9 de Calasanz como Patrono de las Escuelas Cristianas Populares, decretado por el Papa Pio XII Felicidades&hellip;","og_locale":"en_US","og_type":"article","og_title":"Patrocinio de San Jos\u00e9 de Calasanz","og_description":"El 27 de noviembre de 1597. Jos\u00e9 de Calasanz \u00a0funda en Roma la primera escuela popular y gratuita de Europa. Hoy lo recordamos en este d\u00eda como patr\u00f3n de los maestros. Tambi\u00e9n recordamos la proclamaci\u00f3n universal de San Jos\u00e9 de Calasanz como Patrono de las Escuelas Cristianas Populares, decretado por el Papa Pio XII Felicidades&hellip;","og_url":"https:\/\/www.itakaescolapios.org\/en\/2012\/11\/festividad-de-san-jose-de-calasanz\/","og_site_name":"Proofs in Itaka-Escolapios","article_published_time":"2012-11-27T16:24:07+00:00","article_modified_time":"2023-11-28T11:39:32+00:00","og_image":[{"width":691,"height":636,"url":"https:\/\/www.itakaescolapios.org\/wp-content\/uploads\/2012\/11\/27-de-noviembre-san-jose-de-calasanz.jpg","type":"image\/jpeg"}],"author":"itaka","twitter_card":"summary_large_image","twitter_misc":{"Written by":"itaka"},"schema":{"@context":"https:\/\/schema.org","@graph":[{"@type":"Article","@id":"https:\/\/www.itakaescolapios.org\/en\/2012\/11\/festividad-de-san-jose-de-calasanz\/#article","isPartOf":{"@id":"https:\/\/www.itakaescolapios.org\/en\/2012\/11\/festividad-de-san-jose-de-calasanz\/"},"author":{"name":"itaka","@id":"https:\/\/www.itakaescolapios.org\/es\/#\/schema\/person\/670123daeb1cc31cae1b106740036ccb"},"headline":"Patrocinio de San Jos\u00e9 de Calasanz","datePublished":"2012-11-27T16:24:07+00:00","dateModified":"2023-11-28T11:39:32+00:00","mainEntityOfPage":{"@id":"https:\/\/www.itakaescolapios.org\/en\/2012\/11\/festividad-de-san-jose-de-calasanz\/"},"wordCount":100,"publisher":{"@id":"https:\/\/www.itakaescolapios.org\/es\/#organization"},"image":{"@id":"https:\/\/www.itakaescolapios.org\/en\/2012\/11\/festividad-de-san-jose-de-calasanz\/#primaryimage"},"thumbnailUrl":"https:\/\/www.itakaescolapios.org\/wp-content\/uploads\/2012\/11\/27-de-noviembre-san-jose-de-calasanz.jpg","articleSection":["Itaka Escolapios"],"inLanguage":"en-US"},{"@type":"WebPage","@id":"https:\/\/www.itakaescolapios.org\/en\/2012\/11\/festividad-de-san-jose-de-calasanz\/","url":"https:\/\/www.itakaescolapios.org\/en\/2012\/11\/festividad-de-san-jose-de-calasanz\/","name":"Patrocinio de San Jos\u00e9 de Calasanz - Proofs in Itaka-Escolapios","isPartOf":{"@id":"https:\/\/www.itakaescolapios.org\/es\/#website"},"primaryImageOfPage":{"@id":"https:\/\/www.itakaescolapios.org\/en\/2012\/11\/festividad-de-san-jose-de-calasanz\/#primaryimage"},"image":{"@id":"https:\/\/www.itakaescolapios.org\/en\/2012\/11\/festividad-de-san-jose-de-calasanz\/#primaryimage"},"thumbnailUrl":"https:\/\/www.itakaescolapios.org\/wp-content\/uploads\/2012\/11\/27-de-noviembre-san-jose-de-calasanz.jpg","datePublished":"2012-11-27T16:24:07+00:00","dateModified":"2023-11-28T11:39:32+00:00","breadcrumb":{"@id":"https:\/\/www.itakaescolapios.org\/en\/2012\/11\/festividad-de-san-jose-de-calasanz\/#breadcrumb"},"inLanguage":"en-US","potentialAction":[{"@type":"ReadAction","target":["https:\/\/www.itakaescolapios.org\/en\/2012\/11\/festividad-de-san-jose-de-calasanz\/"]}]},{"@type":"ImageObject","inLanguage":"en-US","@id":"https:\/\/www.itakaescolapios.org\/en\/2012\/11\/festividad-de-san-jose-de-calasanz\/#primaryimage","url":"https:\/\/www.itakaescolapios.org\/wp-content\/uploads\/2012\/11\/27-de-noviembre-san-jose-de-calasanz.jpg","contentUrl":"https:\/\/www.itakaescolapios.org\/wp-content\/uploads\/2012\/11\/27-de-noviembre-san-jose-de-calasanz.jpg","width":"691","height":"636"},{"@type":"BreadcrumbList","@id":"https:\/\/www.itakaescolapios.org\/en\/2012\/11\/festividad-de-san-jose-de-calasanz\/#breadcrumb","itemListElement":[{"@type":"ListItem","position":1,"name":"Proof","item":"https:\/\/www.itakaescolapios.org\/es\/"},{"@type":"ListItem","position":2,"name":"Patrocinio de San Jos\u00e9 de Calasanz"}]},{"@type":"WebSite","@id":"https:\/\/www.itakaescolapios.org\/en\/es\/#website","url":"https:\/\/www.itakaescolapios.org\/en\/es\/","name":"Itaka-Escolapios","description":"Red de Itaka-Escolapios","publisher":{"@id":"https:\/\/www.itakaescolapios.org\/en\/es\/#organization"},"potentialAction":[{"@type":"SearchAction","target":{"@type":"EntryPoint","urlTemplate":"https:\/\/www.itakaescolapios.org\/en\/es\/?s={search_term_string}"},"query-input":{"@type":"PropertyValueSpecification","valueRequired":true,"valueName":"search_term_string"}}],"inLanguage":"en-US"},{"@type":"Organization","@id":"https:\/\/www.itakaescolapios.org\/en\/es\/#organization","name":"Fundaci\u00f3 Itaka-Escolapios","url":"https:\/\/www.itakaescolapios.org\/en\/es\/","logo":{"@type":"ImageObject","inLanguage":"en-US","@id":"https:\/\/www.itakaescolapios.org\/en\/es\/#\/schema\/logo\/image\/","url":"https:\/\/www.itakaescolapios.org\/wp-content\/uploads\/2024\/04\/Logo-itakaescolapios-peque.png","contentUrl":"https:\/\/www.itakaescolapios.org\/wp-content\/uploads\/2024\/04\/Logo-itakaescolapios-peque.png","width":500,"height":199,"caption":"Fundaci\u00f3 Itaka-Escolapios"},"image":{"@id":"https:\/\/www.itakaescolapios.org\/en\/es\/#\/schema\/logo\/image\/"}},{"@type":"Person","@id":"https:\/\/www.itakaescolapios.org\/es\/#\/schema\/person\/670123daeb1cc31cae1b106740036ccb","name":"itaka","url":"https:\/\/www.itakaescolapios.org\/en\/author\/itaka\/"}]}},"_links":{"self":[{"href":"https:\/\/www.itakaescolapios.org\/en\/wp-json\/wp\/v2\/posts\/4785","targetHints":{"allow":["GET"]}}],"collection":[{"href":"https:\/\/www.itakaescolapios.org\/en\/wp-json\/wp\/v2\/posts"}],"about":[{"href":"https:\/\/www.itakaescolapios.org\/en\/wp-json\/wp\/v2\/types\/post"}],"author":[{"embeddable":true,"href":"https:\/\/www.itakaescolapios.org\/en\/wp-json\/wp\/v2\/users\/4"}],"replies":[{"embeddable":true,"href":"https:\/\/www.itakaescolapios.org\/en\/wp-json\/wp\/v2\/comments?post=4785"}],"version-history":[{"count":5,"href":"https:\/\/www.itakaescolapios.org\/en\/wp-json\/wp\/v2\/posts\/4785\/revisions"}],"predecessor-version":[{"id":49864,"href":"https:\/\/www.itakaescolapios.org\/en\/wp-json\/wp\/v2\/posts\/4785\/revisions\/49864"}],"wp:featuredmedia":[{"embeddable":true,"href":"https:\/\/www.itakaescolapios.org\/en\/wp-json\/wp\/v2\/media\/4786"}],"wp:attachment":[{"href":"https:\/\/www.itakaescolapios.org\/en\/wp-json\/wp\/v2\/media?parent=4785"}],"wp:term":[{"taxonomy":"category","embeddable":true,"href":"https:\/\/www.itakaescolapios.org\/en\/wp-json\/wp\/v2\/categories?post=4785"},{"taxonomy":"post_tag","embeddable":true,"href":"https:\/\/www.itakaescolapios.org\/en\/wp-json\/wp\/v2\/tags?post=4785"}],"curies":[{"name":"wp","href":"https:\/\/api.w.org\/{rel}","templated":true}]}}