{"id":7514,"date":"2013-10-20T21:44:26","date_gmt":"2013-10-20T20:44:26","guid":{"rendered":"https:\/\/www.itakaescolapios.org\/?p=7514"},"modified":"2023-11-28T12:39:15","modified_gmt":"2023-11-28T11:39:15","slug":"comienza-a-moverse-mugitzen","status":"publish","type":"post","link":"https:\/\/www.itakaescolapios.org\/en\/2013\/10\/comienza-a-moverse-mugitzen\/","title":{"rendered":"COMIENZA A MOVERSE \"MUGITZEN\""},"content":{"rendered":"<p>Este s\u00e1bado, 19 de octubre, comenzaba su andadura el grupo de voluntariado Mugitzen. Es un grupo de exalumnas y exalumnos que a finales del curso pasado mostraron su inter\u00e9s por participar en labores de voluntariado. Algunas ya llevan unas semanas echando una mano en la guarder\u00eda de Ojal\u00e1 y la idea es continuar conociendo otros espacios donde poder desarrollar esta inquietud de ayudar a los y a las dem\u00e1s. Hoy hemos hecho una peque\u00f1a reflexi\u00f3n y presentado las actividades y proyectos para este trimestre. Con la canci\u00f3n de Macaco &#8220;moving&#8221; de fondo, tambi\u00e9n este grupo quiere hacer realidad esto: &#8220;One move of just one dream&#8221;.<\/p>\n","protected":false},"excerpt":{"rendered":"<p>Este s\u00e1bado, 19 de octubre, comenzaba su andadura el grupo de voluntariado Mugitzen. Es un grupo de exalumnas y exalumnos que a finales del curso pasado mostraron su inter\u00e9s por [&hellip;]<\/p>\n","protected":false},"author":41,"featured_media":7515,"comment_status":"closed","ping_status":"closed","sticky":false,"template":"","format":"standard","meta":{"_et_pb_use_builder":"","_et_pb_old_content":"","_et_gb_content_width":"","footnotes":""},"categories":[13],"tags":[],"class_list":["post-7514","post","type-post","status-publish","format-standard","has-post-thumbnail","hentry","category-vitoria"],"yoast_head":"<!-- This site is optimized with the Yoast SEO plugin v27.4 - https:\/\/yoast.com\/product\/yoast-seo-wordpress\/ -->\n<title>COMIENZA A MOVERSE &quot;MUGITZEN&quot;<\/title>\n<meta name=\"description\" content=\"Este s\u00e1bado, 19 de octubre, comenzaba su andadura el grupo de voluntariado Mugitzen. Es un grupo de exalumnas y exalumnos que a finales del curso pasado mostraron su inter\u00e9s por participar en labores de voluntariado. Algunas ya llevan unas semanas echando una mano en la guarder\u00eda de Ojal\u00e1 y la idea es continuar conociendo otros&hellip;\" \/>\n<meta name=\"robots\" content=\"index, follow, max-snippet:-1, max-image-preview:large, max-video-preview:-1\" \/>\n<link rel=\"canonical\" href=\"http:\/\/Este%20s\u00e1bado,%2019%20de%20octubre,%20comenzaba%20su%20andadura%20el%20grupo%20de%20voluntariado%20Mugitzen.%20Es%20un%20grupo%20de%20exalumnas%20y%20exalumnos%20que%20a%20finales%20del%20curso%20pasado%20mostraron%20su%20inter\u00e9s%20por%20participar%20en%20labores%20de%20voluntariado.%20Algunas%20ya%20llevan%20unas%20semanas%20echando%20una%20mano%20en%20la%20guarder\u00eda%20de%20Ojal\u00e1%20y%20la%20idea%20es%20continuar%20conociendo%20otros&hellip;\" \/>\n<meta property=\"og:locale\" content=\"en_US\" \/>\n<meta property=\"og:type\" content=\"article\" \/>\n<meta property=\"og:title\" content=\"COMIENZA A MOVERSE &quot;MUGITZEN&quot;\" \/>\n<meta property=\"og:description\" content=\"Este s\u00e1bado, 19 de octubre, comenzaba su andadura el grupo de voluntariado Mugitzen. Es un grupo de exalumnas y exalumnos que a finales del curso pasado mostraron su inter\u00e9s por participar en labores de voluntariado. Algunas ya llevan unas semanas echando una mano en la guarder\u00eda de Ojal\u00e1 y la idea es continuar conociendo otros&hellip;\" \/>\n<meta property=\"og:url\" content=\"https:\/\/www.itakaescolapios.org\/en\/2013\/10\/comienza-a-moverse-mugitzen\/\" \/>\n<meta property=\"og:site_name\" content=\"Proofs in Itaka-Escolapios\" \/>\n<meta property=\"article:published_time\" content=\"2013-10-20T20:44:26+00:00\" \/>\n<meta property=\"article:modified_time\" content=\"2023-11-28T11:39:15+00:00\" \/>\n<meta property=\"og:image\" content=\"https:\/\/www.itakaescolapios.org\/wp-content\/uploads\/2013\/10\/MUGITZEN.jpg\" \/>\n\t<meta property=\"og:image:width\" content=\"800\" \/>\n\t<meta property=\"og:image:height\" content=\"533\" \/>\n\t<meta property=\"og:image:type\" content=\"image\/jpeg\" \/>\n<meta name=\"author\" content=\"gasteiz01\" \/>\n<meta name=\"twitter:card\" content=\"summary_large_image\" \/>\n<meta name=\"twitter:label1\" content=\"Written by\" \/>\n\t<meta name=\"twitter:data1\" content=\"gasteiz01\" \/>\n\t<meta name=\"twitter:label2\" content=\"Est. reading time\" \/>\n\t<meta name=\"twitter:data2\" content=\"1 minute\" \/>\n<script type=\"application\/ld+json\" class=\"yoast-schema-graph\">{\"@context\":\"https:\\\/\\\/schema.org\",\"@graph\":[{\"@type\":\"Article\",\"@id\":\"https:\\\/\\\/www.itakaescolapios.org\\\/en\\\/2013\\\/10\\\/comienza-a-moverse-mugitzen\\\/#article\",\"isPartOf\":{\"@id\":\"https:\\\/\\\/www.itakaescolapios.org\\\/en\\\/2013\\\/10\\\/comienza-a-moverse-mugitzen\\\/\"},\"author\":{\"name\":\"gasteiz01\",\"@id\":\"https:\\\/\\\/www.itakaescolapios.org\\\/es\\\/#\\\/schema\\\/person\\\/ab0993cd608ccb55ef100715f05010e1\"},\"headline\":\"COMIENZA A MOVERSE \\\"MUGITZEN\\\"\",\"datePublished\":\"2013-10-20T20:44:26+00:00\",\"dateModified\":\"2023-11-28T11:39:15+00:00\",\"mainEntityOfPage\":{\"@id\":\"https:\\\/\\\/www.itakaescolapios.org\\\/en\\\/2013\\\/10\\\/comienza-a-moverse-mugitzen\\\/\"},\"wordCount\":116,\"publisher\":{\"@id\":\"https:\\\/\\\/www.itakaescolapios.org\\\/es\\\/#organization\"},\"image\":{\"@id\":\"https:\\\/\\\/www.itakaescolapios.org\\\/en\\\/2013\\\/10\\\/comienza-a-moverse-mugitzen\\\/#primaryimage\"},\"thumbnailUrl\":\"https:\\\/\\\/www.itakaescolapios.org\\\/wp-content\\\/uploads\\\/2013\\\/10\\\/MUGITZEN.jpg\",\"articleSection\":[\"Vitoria-Gasteiz\"],\"inLanguage\":\"en-US\"},{\"@type\":\"WebPage\",\"@id\":\"https:\\\/\\\/www.itakaescolapios.org\\\/en\\\/2013\\\/10\\\/comienza-a-moverse-mugitzen\\\/\",\"url\":\"https:\\\/\\\/www.itakaescolapios.org\\\/en\\\/2013\\\/10\\\/comienza-a-moverse-mugitzen\\\/\",\"name\":\"COMIENZA A MOVERSE \\\"MUGITZEN\\\" - Proofs in Itaka-Escolapios\",\"isPartOf\":{\"@id\":\"https:\\\/\\\/www.itakaescolapios.org\\\/es\\\/#website\"},\"primaryImageOfPage\":{\"@id\":\"https:\\\/\\\/www.itakaescolapios.org\\\/en\\\/2013\\\/10\\\/comienza-a-moverse-mugitzen\\\/#primaryimage\"},\"image\":{\"@id\":\"https:\\\/\\\/www.itakaescolapios.org\\\/en\\\/2013\\\/10\\\/comienza-a-moverse-mugitzen\\\/#primaryimage\"},\"thumbnailUrl\":\"https:\\\/\\\/www.itakaescolapios.org\\\/wp-content\\\/uploads\\\/2013\\\/10\\\/MUGITZEN.jpg\",\"datePublished\":\"2013-10-20T20:44:26+00:00\",\"dateModified\":\"2023-11-28T11:39:15+00:00\",\"breadcrumb\":{\"@id\":\"https:\\\/\\\/www.itakaescolapios.org\\\/en\\\/2013\\\/10\\\/comienza-a-moverse-mugitzen\\\/#breadcrumb\"},\"inLanguage\":\"en-US\",\"potentialAction\":[{\"@type\":\"ReadAction\",\"target\":[\"https:\\\/\\\/www.itakaescolapios.org\\\/en\\\/2013\\\/10\\\/comienza-a-moverse-mugitzen\\\/\"]}]},{\"@type\":\"ImageObject\",\"inLanguage\":\"en-US\",\"@id\":\"https:\\\/\\\/www.itakaescolapios.org\\\/en\\\/2013\\\/10\\\/comienza-a-moverse-mugitzen\\\/#primaryimage\",\"url\":\"https:\\\/\\\/www.itakaescolapios.org\\\/wp-content\\\/uploads\\\/2013\\\/10\\\/MUGITZEN.jpg\",\"contentUrl\":\"https:\\\/\\\/www.itakaescolapios.org\\\/wp-content\\\/uploads\\\/2013\\\/10\\\/MUGITZEN.jpg\",\"width\":800,\"height\":533},{\"@type\":\"BreadcrumbList\",\"@id\":\"https:\\\/\\\/www.itakaescolapios.org\\\/en\\\/2013\\\/10\\\/comienza-a-moverse-mugitzen\\\/#breadcrumb\",\"itemListElement\":[{\"@type\":\"ListItem\",\"position\":1,\"name\":\"Proof\",\"item\":\"https:\\\/\\\/www.itakaescolapios.org\\\/es\\\/\"},{\"@type\":\"ListItem\",\"position\":2,\"name\":\"COMIENZA A MOVERSE \\\"MUGITZEN\\\"\"}]},{\"@type\":\"WebSite\",\"@id\":\"https:\\\/\\\/www.itakaescolapios.org\\\/en\\\/es\\\/#website\",\"url\":\"https:\\\/\\\/www.itakaescolapios.org\\\/en\\\/es\\\/\",\"name\":\"Itaka-Escolapios\",\"description\":\"Red de Itaka-Escolapios\",\"publisher\":{\"@id\":\"https:\\\/\\\/www.itakaescolapios.org\\\/en\\\/es\\\/#organization\"},\"potentialAction\":[{\"@type\":\"SearchAction\",\"target\":{\"@type\":\"EntryPoint\",\"urlTemplate\":\"https:\\\/\\\/www.itakaescolapios.org\\\/en\\\/es\\\/?s={search_term_string}\"},\"query-input\":{\"@type\":\"PropertyValueSpecification\",\"valueRequired\":true,\"valueName\":\"search_term_string\"}}],\"inLanguage\":\"en-US\"},{\"@type\":\"Organization\",\"@id\":\"https:\\\/\\\/www.itakaescolapios.org\\\/en\\\/es\\\/#organization\",\"name\":\"Fundaci\u00f3 Itaka-Escolapios\",\"url\":\"https:\\\/\\\/www.itakaescolapios.org\\\/en\\\/es\\\/\",\"logo\":{\"@type\":\"ImageObject\",\"inLanguage\":\"en-US\",\"@id\":\"https:\\\/\\\/www.itakaescolapios.org\\\/en\\\/es\\\/#\\\/schema\\\/logo\\\/image\\\/\",\"url\":\"https:\\\/\\\/www.itakaescolapios.org\\\/wp-content\\\/uploads\\\/2024\\\/04\\\/Logo-itakaescolapios-peque.png\",\"contentUrl\":\"https:\\\/\\\/www.itakaescolapios.org\\\/wp-content\\\/uploads\\\/2024\\\/04\\\/Logo-itakaescolapios-peque.png\",\"width\":500,\"height\":199,\"caption\":\"Fundaci\u00f3 Itaka-Escolapios\"},\"image\":{\"@id\":\"https:\\\/\\\/www.itakaescolapios.org\\\/en\\\/es\\\/#\\\/schema\\\/logo\\\/image\\\/\"}},{\"@type\":\"Person\",\"@id\":\"https:\\\/\\\/www.itakaescolapios.org\\\/es\\\/#\\\/schema\\\/person\\\/ab0993cd608ccb55ef100715f05010e1\",\"name\":\"gasteiz01\",\"url\":\"https:\\\/\\\/www.itakaescolapios.org\\\/en\\\/author\\\/gasteiz01\\\/\"}]}<\/script>\n<!-- \/ Yoast SEO plugin. -->","yoast_head_json":{"title":"COMIENZA A MOVERSE \"MUGITZEN\"","description":"Este s\u00e1bado, 19 de octubre, comenzaba su andadura el grupo de voluntariado Mugitzen. Es un grupo de exalumnas y exalumnos que a finales del curso pasado mostraron su inter\u00e9s por participar en labores de voluntariado. Algunas ya llevan unas semanas echando una mano en la guarder\u00eda de Ojal\u00e1 y la idea es continuar conociendo otros&hellip;","robots":{"index":"index","follow":"follow","max-snippet":"max-snippet:-1","max-image-preview":"max-image-preview:large","max-video-preview":"max-video-preview:-1"},"canonical":"Este s\u00e1bado, 19 de octubre, comenzaba su andadura el grupo de voluntariado Mugitzen. Es un grupo de exalumnas y exalumnos que a finales del curso pasado mostraron su inter\u00e9s por participar en labores de voluntariado. Algunas ya llevan unas semanas echando una mano en la guarder\u00eda de Ojal\u00e1 y la idea es continuar conociendo otros&hellip;","og_locale":"en_US","og_type":"article","og_title":"COMIENZA A MOVERSE \"MUGITZEN\"","og_description":"Este s\u00e1bado, 19 de octubre, comenzaba su andadura el grupo de voluntariado Mugitzen. Es un grupo de exalumnas y exalumnos que a finales del curso pasado mostraron su inter\u00e9s por participar en labores de voluntariado. Algunas ya llevan unas semanas echando una mano en la guarder\u00eda de Ojal\u00e1 y la idea es continuar conociendo otros&hellip;","og_url":"https:\/\/www.itakaescolapios.org\/en\/2013\/10\/comienza-a-moverse-mugitzen\/","og_site_name":"Proofs in Itaka-Escolapios","article_published_time":"2013-10-20T20:44:26+00:00","article_modified_time":"2023-11-28T11:39:15+00:00","og_image":[{"width":800,"height":533,"url":"https:\/\/www.itakaescolapios.org\/wp-content\/uploads\/2013\/10\/MUGITZEN.jpg","type":"image\/jpeg"}],"author":"gasteiz01","twitter_card":"summary_large_image","twitter_misc":{"Written by":"gasteiz01","Est. reading time":"1 minute"},"schema":{"@context":"https:\/\/schema.org","@graph":[{"@type":"Article","@id":"https:\/\/www.itakaescolapios.org\/en\/2013\/10\/comienza-a-moverse-mugitzen\/#article","isPartOf":{"@id":"https:\/\/www.itakaescolapios.org\/en\/2013\/10\/comienza-a-moverse-mugitzen\/"},"author":{"name":"gasteiz01","@id":"https:\/\/www.itakaescolapios.org\/es\/#\/schema\/person\/ab0993cd608ccb55ef100715f05010e1"},"headline":"COMIENZA A MOVERSE \"MUGITZEN\"","datePublished":"2013-10-20T20:44:26+00:00","dateModified":"2023-11-28T11:39:15+00:00","mainEntityOfPage":{"@id":"https:\/\/www.itakaescolapios.org\/en\/2013\/10\/comienza-a-moverse-mugitzen\/"},"wordCount":116,"publisher":{"@id":"https:\/\/www.itakaescolapios.org\/es\/#organization"},"image":{"@id":"https:\/\/www.itakaescolapios.org\/en\/2013\/10\/comienza-a-moverse-mugitzen\/#primaryimage"},"thumbnailUrl":"https:\/\/www.itakaescolapios.org\/wp-content\/uploads\/2013\/10\/MUGITZEN.jpg","articleSection":["Vitoria-Gasteiz"],"inLanguage":"en-US"},{"@type":"WebPage","@id":"https:\/\/www.itakaescolapios.org\/en\/2013\/10\/comienza-a-moverse-mugitzen\/","url":"https:\/\/www.itakaescolapios.org\/en\/2013\/10\/comienza-a-moverse-mugitzen\/","name":"COMIENZA A MOVERSE \"MUGITZEN\" - Proofs in Itaka-Escolapios","isPartOf":{"@id":"https:\/\/www.itakaescolapios.org\/es\/#website"},"primaryImageOfPage":{"@id":"https:\/\/www.itakaescolapios.org\/en\/2013\/10\/comienza-a-moverse-mugitzen\/#primaryimage"},"image":{"@id":"https:\/\/www.itakaescolapios.org\/en\/2013\/10\/comienza-a-moverse-mugitzen\/#primaryimage"},"thumbnailUrl":"https:\/\/www.itakaescolapios.org\/wp-content\/uploads\/2013\/10\/MUGITZEN.jpg","datePublished":"2013-10-20T20:44:26+00:00","dateModified":"2023-11-28T11:39:15+00:00","breadcrumb":{"@id":"https:\/\/www.itakaescolapios.org\/en\/2013\/10\/comienza-a-moverse-mugitzen\/#breadcrumb"},"inLanguage":"en-US","potentialAction":[{"@type":"ReadAction","target":["https:\/\/www.itakaescolapios.org\/en\/2013\/10\/comienza-a-moverse-mugitzen\/"]}]},{"@type":"ImageObject","inLanguage":"en-US","@id":"https:\/\/www.itakaescolapios.org\/en\/2013\/10\/comienza-a-moverse-mugitzen\/#primaryimage","url":"https:\/\/www.itakaescolapios.org\/wp-content\/uploads\/2013\/10\/MUGITZEN.jpg","contentUrl":"https:\/\/www.itakaescolapios.org\/wp-content\/uploads\/2013\/10\/MUGITZEN.jpg","width":800,"height":533},{"@type":"BreadcrumbList","@id":"https:\/\/www.itakaescolapios.org\/en\/2013\/10\/comienza-a-moverse-mugitzen\/#breadcrumb","itemListElement":[{"@type":"ListItem","position":1,"name":"Proof","item":"https:\/\/www.itakaescolapios.org\/es\/"},{"@type":"ListItem","position":2,"name":"COMIENZA A MOVERSE \"MUGITZEN\""}]},{"@type":"WebSite","@id":"https:\/\/www.itakaescolapios.org\/en\/es\/#website","url":"https:\/\/www.itakaescolapios.org\/en\/es\/","name":"Itaka-Escolapios","description":"Red de Itaka-Escolapios","publisher":{"@id":"https:\/\/www.itakaescolapios.org\/en\/es\/#organization"},"potentialAction":[{"@type":"SearchAction","target":{"@type":"EntryPoint","urlTemplate":"https:\/\/www.itakaescolapios.org\/en\/es\/?s={search_term_string}"},"query-input":{"@type":"PropertyValueSpecification","valueRequired":true,"valueName":"search_term_string"}}],"inLanguage":"en-US"},{"@type":"Organization","@id":"https:\/\/www.itakaescolapios.org\/en\/es\/#organization","name":"Fundaci\u00f3 Itaka-Escolapios","url":"https:\/\/www.itakaescolapios.org\/en\/es\/","logo":{"@type":"ImageObject","inLanguage":"en-US","@id":"https:\/\/www.itakaescolapios.org\/en\/es\/#\/schema\/logo\/image\/","url":"https:\/\/www.itakaescolapios.org\/wp-content\/uploads\/2024\/04\/Logo-itakaescolapios-peque.png","contentUrl":"https:\/\/www.itakaescolapios.org\/wp-content\/uploads\/2024\/04\/Logo-itakaescolapios-peque.png","width":500,"height":199,"caption":"Fundaci\u00f3 Itaka-Escolapios"},"image":{"@id":"https:\/\/www.itakaescolapios.org\/en\/es\/#\/schema\/logo\/image\/"}},{"@type":"Person","@id":"https:\/\/www.itakaescolapios.org\/es\/#\/schema\/person\/ab0993cd608ccb55ef100715f05010e1","name":"gasteiz01","url":"https:\/\/www.itakaescolapios.org\/en\/author\/gasteiz01\/"}]}},"_links":{"self":[{"href":"https:\/\/www.itakaescolapios.org\/en\/wp-json\/wp\/v2\/posts\/7514","targetHints":{"allow":["GET"]}}],"collection":[{"href":"https:\/\/www.itakaescolapios.org\/en\/wp-json\/wp\/v2\/posts"}],"about":[{"href":"https:\/\/www.itakaescolapios.org\/en\/wp-json\/wp\/v2\/types\/post"}],"author":[{"embeddable":true,"href":"https:\/\/www.itakaescolapios.org\/en\/wp-json\/wp\/v2\/users\/41"}],"replies":[{"embeddable":true,"href":"https:\/\/www.itakaescolapios.org\/en\/wp-json\/wp\/v2\/comments?post=7514"}],"version-history":[{"count":3,"href":"https:\/\/www.itakaescolapios.org\/en\/wp-json\/wp\/v2\/posts\/7514\/revisions"}],"predecessor-version":[{"id":49399,"href":"https:\/\/www.itakaescolapios.org\/en\/wp-json\/wp\/v2\/posts\/7514\/revisions\/49399"}],"wp:featuredmedia":[{"embeddable":true,"href":"https:\/\/www.itakaescolapios.org\/en\/wp-json\/wp\/v2\/media\/7515"}],"wp:attachment":[{"href":"https:\/\/www.itakaescolapios.org\/en\/wp-json\/wp\/v2\/media?parent=7514"}],"wp:term":[{"taxonomy":"category","embeddable":true,"href":"https:\/\/www.itakaescolapios.org\/en\/wp-json\/wp\/v2\/categories?post=7514"},{"taxonomy":"post_tag","embeddable":true,"href":"https:\/\/www.itakaescolapios.org\/en\/wp-json\/wp\/v2\/tags?post=7514"}],"curies":[{"name":"wp","href":"https:\/\/api.w.org\/{rel}","templated":true}]}}