{"id":7520,"date":"2013-10-21T09:51:13","date_gmt":"2013-10-21T08:51:13","guid":{"rendered":"https:\/\/www.itakaescolapios.org\/?p=7520"},"modified":"2023-11-28T12:39:15","modified_gmt":"2023-11-28T11:39:15","slug":"domingo-de-montana-en-los-grupos-del-movimiento-calasanz","status":"publish","type":"post","link":"https:\/\/www.itakaescolapios.org\/en\/2013\/10\/domingo-de-montana-en-los-grupos-del-movimiento-calasanz\/","title":{"rendered":"DOMINGO DE MONTA\u00d1A EN LOS GRUPOS DEL MOVIMIENTO CALASANZ"},"content":{"rendered":"<p>Ayer, domingo, tuvo lugar la primera excursi\u00f3n de domingo de este curso.<\/p>\n<p>&nbsp;<\/p>\n<p>Los grupos de Koskorrak y Kaskondoak I y II acudimos al parque natural de Valderejo, disfrutando de sus senderos y campas en un entorno natural y un d\u00eda adecuado para ello. Una vez all\u00ed, Koskorrak descubri\u00f3 el itinerario did\u00e1ctico y ambos grupos de Kaskondoak, otra ruta m\u00e1s acorde con la edad. A la hora de comer, nos volvimos a juntar todos en la zona recreativa y tras ello, jugamos todos a un gran \u201cpolis y cacos\u201d .<\/p>\n<p>&nbsp;<\/p>\n<p>Los grupos de Oinarinak I y II acudieron al Monte Bayo. Para llegar hasta all\u00ed, tuvieron que ir hasta el pueblo de Araia, para comenzar a subir hasta llegar a la cima. Del mismo modo, disfrutaron de un maravilloso d\u00eda, comenzando as\u00ed las salidas del curso.<\/p>\n","protected":false},"excerpt":{"rendered":"<p>Ayer, domingo, tuvo lugar la primera excursi\u00f3n de domingo de este curso. &nbsp; Los grupos de Koskorrak y Kaskondoak I y II acudimos al parque natural de Valderejo, disfrutando de [&hellip;]<\/p>\n","protected":false},"author":42,"featured_media":7522,"comment_status":"closed","ping_status":"closed","sticky":false,"template":"","format":"standard","meta":{"_et_pb_use_builder":"","_et_pb_old_content":"","_et_gb_content_width":"","footnotes":""},"categories":[13],"tags":[],"class_list":["post-7520","post","type-post","status-publish","format-standard","has-post-thumbnail","hentry","category-vitoria"],"yoast_head":"<!-- This site is optimized with the Yoast SEO plugin v27.4 - https:\/\/yoast.com\/product\/yoast-seo-wordpress\/ -->\n<title>DOMINGO DE MONTA\u00d1A EN LOS GRUPOS DEL MOVIMIENTO CALASANZ<\/title>\n<meta name=\"description\" content=\"Ayer, domingo, tuvo lugar la primera excursi\u00f3n de domingo de este curso. &nbsp; Los grupos de Koskorrak y Kaskondoak I y II acudimos al parque natural de Valderejo, disfrutando de sus senderos y campas en un entorno natural y un d\u00eda adecuado para ello. Una vez all\u00ed, Koskorrak descubri\u00f3 el itinerario did\u00e1ctico y ambos grupos&hellip;\" \/>\n<meta name=\"robots\" content=\"index, follow, max-snippet:-1, max-image-preview:large, max-video-preview:-1\" \/>\n<link rel=\"canonical\" href=\"http:\/\/Ayer,%20domingo,%20tuvo%20lugar%20la%20primera%20excursi\u00f3n%20de%20domingo%20de%20este%20curso.%20&nbsp;%20Los%20grupos%20de%20Koskorrak%20y%20Kaskondoak%20I%20y%20II%20acudimos%20al%20parque%20natural%20de%20Valderejo,%20disfrutando%20de%20sus%20senderos%20y%20campas%20en%20un%20entorno%20natural%20y%20un%20d\u00eda%20adecuado%20para%20ello.%20Una%20vez%20all\u00ed,%20Koskorrak%20descubri\u00f3%20el%20itinerario%20did\u00e1ctico%20y%20ambos%20grupos&hellip;\" \/>\n<meta property=\"og:locale\" content=\"en_US\" \/>\n<meta property=\"og:type\" content=\"article\" \/>\n<meta property=\"og:title\" content=\"DOMINGO DE MONTA\u00d1A EN LOS GRUPOS DEL MOVIMIENTO CALASANZ\" \/>\n<meta property=\"og:description\" content=\"Ayer, domingo, tuvo lugar la primera excursi\u00f3n de domingo de este curso. &nbsp; Los grupos de Koskorrak y Kaskondoak I y II acudimos al parque natural de Valderejo, disfrutando de sus senderos y campas en un entorno natural y un d\u00eda adecuado para ello. Una vez all\u00ed, Koskorrak descubri\u00f3 el itinerario did\u00e1ctico y ambos grupos&hellip;\" \/>\n<meta property=\"og:url\" content=\"https:\/\/www.itakaescolapios.org\/en\/2013\/10\/domingo-de-montana-en-los-grupos-del-movimiento-calasanz\/\" \/>\n<meta property=\"og:site_name\" content=\"Proofs in Itaka-Escolapios\" \/>\n<meta property=\"article:published_time\" content=\"2013-10-21T08:51:13+00:00\" \/>\n<meta property=\"article:modified_time\" content=\"2023-11-28T11:39:15+00:00\" \/>\n<meta property=\"og:image\" content=\"https:\/\/www.itakaescolapios.org\/wp-content\/uploads\/2013\/10\/PA202566.jpg\" \/>\n\t<meta property=\"og:image:width\" content=\"1125\" \/>\n\t<meta property=\"og:image:height\" content=\"1500\" \/>\n\t<meta property=\"og:image:type\" content=\"image\/jpeg\" \/>\n<meta name=\"author\" content=\"gasteiz02\" \/>\n<meta name=\"twitter:card\" content=\"summary_large_image\" \/>\n<meta name=\"twitter:label1\" content=\"Written by\" \/>\n\t<meta name=\"twitter:data1\" content=\"gasteiz02\" \/>\n\t<meta name=\"twitter:label2\" content=\"Est. reading time\" \/>\n\t<meta name=\"twitter:data2\" content=\"1 minute\" \/>\n<script type=\"application\/ld+json\" class=\"yoast-schema-graph\">{\"@context\":\"https:\\\/\\\/schema.org\",\"@graph\":[{\"@type\":\"Article\",\"@id\":\"https:\\\/\\\/www.itakaescolapios.org\\\/en\\\/2013\\\/10\\\/domingo-de-montana-en-los-grupos-del-movimiento-calasanz\\\/#article\",\"isPartOf\":{\"@id\":\"https:\\\/\\\/www.itakaescolapios.org\\\/en\\\/2013\\\/10\\\/domingo-de-montana-en-los-grupos-del-movimiento-calasanz\\\/\"},\"author\":{\"name\":\"gasteiz02\",\"@id\":\"https:\\\/\\\/www.itakaescolapios.org\\\/es\\\/#\\\/schema\\\/person\\\/9cc185e6cd9bcae456bb4586c2d42ea3\"},\"headline\":\"DOMINGO DE MONTA\u00d1A EN LOS GRUPOS DEL MOVIMIENTO CALASANZ\",\"datePublished\":\"2013-10-21T08:51:13+00:00\",\"dateModified\":\"2023-11-28T11:39:15+00:00\",\"mainEntityOfPage\":{\"@id\":\"https:\\\/\\\/www.itakaescolapios.org\\\/en\\\/2013\\\/10\\\/domingo-de-montana-en-los-grupos-del-movimiento-calasanz\\\/\"},\"wordCount\":151,\"publisher\":{\"@id\":\"https:\\\/\\\/www.itakaescolapios.org\\\/es\\\/#organization\"},\"image\":{\"@id\":\"https:\\\/\\\/www.itakaescolapios.org\\\/en\\\/2013\\\/10\\\/domingo-de-montana-en-los-grupos-del-movimiento-calasanz\\\/#primaryimage\"},\"thumbnailUrl\":\"https:\\\/\\\/www.itakaescolapios.org\\\/wp-content\\\/uploads\\\/2013\\\/10\\\/PA202566.jpg\",\"articleSection\":[\"Vitoria-Gasteiz\"],\"inLanguage\":\"en-US\"},{\"@type\":\"WebPage\",\"@id\":\"https:\\\/\\\/www.itakaescolapios.org\\\/en\\\/2013\\\/10\\\/domingo-de-montana-en-los-grupos-del-movimiento-calasanz\\\/\",\"url\":\"https:\\\/\\\/www.itakaescolapios.org\\\/en\\\/2013\\\/10\\\/domingo-de-montana-en-los-grupos-del-movimiento-calasanz\\\/\",\"name\":\"DOMINGO DE MONTA\u00d1A EN LOS GRUPOS DEL MOVIMIENTO CALASANZ - Proofs in Itaka-Escolapios\",\"isPartOf\":{\"@id\":\"https:\\\/\\\/www.itakaescolapios.org\\\/es\\\/#website\"},\"primaryImageOfPage\":{\"@id\":\"https:\\\/\\\/www.itakaescolapios.org\\\/en\\\/2013\\\/10\\\/domingo-de-montana-en-los-grupos-del-movimiento-calasanz\\\/#primaryimage\"},\"image\":{\"@id\":\"https:\\\/\\\/www.itakaescolapios.org\\\/en\\\/2013\\\/10\\\/domingo-de-montana-en-los-grupos-del-movimiento-calasanz\\\/#primaryimage\"},\"thumbnailUrl\":\"https:\\\/\\\/www.itakaescolapios.org\\\/wp-content\\\/uploads\\\/2013\\\/10\\\/PA202566.jpg\",\"datePublished\":\"2013-10-21T08:51:13+00:00\",\"dateModified\":\"2023-11-28T11:39:15+00:00\",\"breadcrumb\":{\"@id\":\"https:\\\/\\\/www.itakaescolapios.org\\\/en\\\/2013\\\/10\\\/domingo-de-montana-en-los-grupos-del-movimiento-calasanz\\\/#breadcrumb\"},\"inLanguage\":\"en-US\",\"potentialAction\":[{\"@type\":\"ReadAction\",\"target\":[\"https:\\\/\\\/www.itakaescolapios.org\\\/en\\\/2013\\\/10\\\/domingo-de-montana-en-los-grupos-del-movimiento-calasanz\\\/\"]}]},{\"@type\":\"ImageObject\",\"inLanguage\":\"en-US\",\"@id\":\"https:\\\/\\\/www.itakaescolapios.org\\\/en\\\/2013\\\/10\\\/domingo-de-montana-en-los-grupos-del-movimiento-calasanz\\\/#primaryimage\",\"url\":\"https:\\\/\\\/www.itakaescolapios.org\\\/wp-content\\\/uploads\\\/2013\\\/10\\\/PA202566.jpg\",\"contentUrl\":\"https:\\\/\\\/www.itakaescolapios.org\\\/wp-content\\\/uploads\\\/2013\\\/10\\\/PA202566.jpg\",\"width\":1125,\"height\":1500},{\"@type\":\"BreadcrumbList\",\"@id\":\"https:\\\/\\\/www.itakaescolapios.org\\\/en\\\/2013\\\/10\\\/domingo-de-montana-en-los-grupos-del-movimiento-calasanz\\\/#breadcrumb\",\"itemListElement\":[{\"@type\":\"ListItem\",\"position\":1,\"name\":\"Proof\",\"item\":\"https:\\\/\\\/www.itakaescolapios.org\\\/es\\\/\"},{\"@type\":\"ListItem\",\"position\":2,\"name\":\"DOMINGO DE MONTA\u00d1A EN LOS GRUPOS DEL MOVIMIENTO CALASANZ\"}]},{\"@type\":\"WebSite\",\"@id\":\"https:\\\/\\\/www.itakaescolapios.org\\\/en\\\/es\\\/#website\",\"url\":\"https:\\\/\\\/www.itakaescolapios.org\\\/en\\\/es\\\/\",\"name\":\"Itaka-Escolapios\",\"description\":\"Red de Itaka-Escolapios\",\"publisher\":{\"@id\":\"https:\\\/\\\/www.itakaescolapios.org\\\/en\\\/es\\\/#organization\"},\"potentialAction\":[{\"@type\":\"SearchAction\",\"target\":{\"@type\":\"EntryPoint\",\"urlTemplate\":\"https:\\\/\\\/www.itakaescolapios.org\\\/en\\\/es\\\/?s={search_term_string}\"},\"query-input\":{\"@type\":\"PropertyValueSpecification\",\"valueRequired\":true,\"valueName\":\"search_term_string\"}}],\"inLanguage\":\"en-US\"},{\"@type\":\"Organization\",\"@id\":\"https:\\\/\\\/www.itakaescolapios.org\\\/en\\\/es\\\/#organization\",\"name\":\"Fundaci\u00f3 Itaka-Escolapios\",\"url\":\"https:\\\/\\\/www.itakaescolapios.org\\\/en\\\/es\\\/\",\"logo\":{\"@type\":\"ImageObject\",\"inLanguage\":\"en-US\",\"@id\":\"https:\\\/\\\/www.itakaescolapios.org\\\/en\\\/es\\\/#\\\/schema\\\/logo\\\/image\\\/\",\"url\":\"https:\\\/\\\/www.itakaescolapios.org\\\/wp-content\\\/uploads\\\/2024\\\/04\\\/Logo-itakaescolapios-peque.png\",\"contentUrl\":\"https:\\\/\\\/www.itakaescolapios.org\\\/wp-content\\\/uploads\\\/2024\\\/04\\\/Logo-itakaescolapios-peque.png\",\"width\":500,\"height\":199,\"caption\":\"Fundaci\u00f3 Itaka-Escolapios\"},\"image\":{\"@id\":\"https:\\\/\\\/www.itakaescolapios.org\\\/en\\\/es\\\/#\\\/schema\\\/logo\\\/image\\\/\"}},{\"@type\":\"Person\",\"@id\":\"https:\\\/\\\/www.itakaescolapios.org\\\/es\\\/#\\\/schema\\\/person\\\/9cc185e6cd9bcae456bb4586c2d42ea3\",\"name\":\"gasteiz02\",\"url\":\"https:\\\/\\\/www.itakaescolapios.org\\\/en\\\/author\\\/gasteiz02\\\/\"}]}<\/script>\n<!-- \/ Yoast SEO plugin. -->","yoast_head_json":{"title":"DOMINGO DE MONTA\u00d1A EN LOS GRUPOS DEL MOVIMIENTO CALASANZ","description":"Ayer, domingo, tuvo lugar la primera excursi\u00f3n de domingo de este curso. &nbsp; Los grupos de Koskorrak y Kaskondoak I y II acudimos al parque natural de Valderejo, disfrutando de sus senderos y campas en un entorno natural y un d\u00eda adecuado para ello. Una vez all\u00ed, Koskorrak descubri\u00f3 el itinerario did\u00e1ctico y ambos grupos&hellip;","robots":{"index":"index","follow":"follow","max-snippet":"max-snippet:-1","max-image-preview":"max-image-preview:large","max-video-preview":"max-video-preview:-1"},"canonical":"Ayer, domingo, tuvo lugar la primera excursi\u00f3n de domingo de este curso. &nbsp; Los grupos de Koskorrak y Kaskondoak I y II acudimos al parque natural de Valderejo, disfrutando de sus senderos y campas en un entorno natural y un d\u00eda adecuado para ello. Una vez all\u00ed, Koskorrak descubri\u00f3 el itinerario did\u00e1ctico y ambos grupos&hellip;","og_locale":"en_US","og_type":"article","og_title":"DOMINGO DE MONTA\u00d1A EN LOS GRUPOS DEL MOVIMIENTO CALASANZ","og_description":"Ayer, domingo, tuvo lugar la primera excursi\u00f3n de domingo de este curso. &nbsp; Los grupos de Koskorrak y Kaskondoak I y II acudimos al parque natural de Valderejo, disfrutando de sus senderos y campas en un entorno natural y un d\u00eda adecuado para ello. Una vez all\u00ed, Koskorrak descubri\u00f3 el itinerario did\u00e1ctico y ambos grupos&hellip;","og_url":"https:\/\/www.itakaescolapios.org\/en\/2013\/10\/domingo-de-montana-en-los-grupos-del-movimiento-calasanz\/","og_site_name":"Proofs in Itaka-Escolapios","article_published_time":"2013-10-21T08:51:13+00:00","article_modified_time":"2023-11-28T11:39:15+00:00","og_image":[{"width":1125,"height":1500,"url":"https:\/\/www.itakaescolapios.org\/wp-content\/uploads\/2013\/10\/PA202566.jpg","type":"image\/jpeg"}],"author":"gasteiz02","twitter_card":"summary_large_image","twitter_misc":{"Written by":"gasteiz02","Est. reading time":"1 minute"},"schema":{"@context":"https:\/\/schema.org","@graph":[{"@type":"Article","@id":"https:\/\/www.itakaescolapios.org\/en\/2013\/10\/domingo-de-montana-en-los-grupos-del-movimiento-calasanz\/#article","isPartOf":{"@id":"https:\/\/www.itakaescolapios.org\/en\/2013\/10\/domingo-de-montana-en-los-grupos-del-movimiento-calasanz\/"},"author":{"name":"gasteiz02","@id":"https:\/\/www.itakaescolapios.org\/es\/#\/schema\/person\/9cc185e6cd9bcae456bb4586c2d42ea3"},"headline":"DOMINGO DE MONTA\u00d1A EN LOS GRUPOS DEL MOVIMIENTO CALASANZ","datePublished":"2013-10-21T08:51:13+00:00","dateModified":"2023-11-28T11:39:15+00:00","mainEntityOfPage":{"@id":"https:\/\/www.itakaescolapios.org\/en\/2013\/10\/domingo-de-montana-en-los-grupos-del-movimiento-calasanz\/"},"wordCount":151,"publisher":{"@id":"https:\/\/www.itakaescolapios.org\/es\/#organization"},"image":{"@id":"https:\/\/www.itakaescolapios.org\/en\/2013\/10\/domingo-de-montana-en-los-grupos-del-movimiento-calasanz\/#primaryimage"},"thumbnailUrl":"https:\/\/www.itakaescolapios.org\/wp-content\/uploads\/2013\/10\/PA202566.jpg","articleSection":["Vitoria-Gasteiz"],"inLanguage":"en-US"},{"@type":"WebPage","@id":"https:\/\/www.itakaescolapios.org\/en\/2013\/10\/domingo-de-montana-en-los-grupos-del-movimiento-calasanz\/","url":"https:\/\/www.itakaescolapios.org\/en\/2013\/10\/domingo-de-montana-en-los-grupos-del-movimiento-calasanz\/","name":"DOMINGO DE MONTA\u00d1A EN LOS GRUPOS DEL MOVIMIENTO CALASANZ - Proofs in Itaka-Escolapios","isPartOf":{"@id":"https:\/\/www.itakaescolapios.org\/es\/#website"},"primaryImageOfPage":{"@id":"https:\/\/www.itakaescolapios.org\/en\/2013\/10\/domingo-de-montana-en-los-grupos-del-movimiento-calasanz\/#primaryimage"},"image":{"@id":"https:\/\/www.itakaescolapios.org\/en\/2013\/10\/domingo-de-montana-en-los-grupos-del-movimiento-calasanz\/#primaryimage"},"thumbnailUrl":"https:\/\/www.itakaescolapios.org\/wp-content\/uploads\/2013\/10\/PA202566.jpg","datePublished":"2013-10-21T08:51:13+00:00","dateModified":"2023-11-28T11:39:15+00:00","breadcrumb":{"@id":"https:\/\/www.itakaescolapios.org\/en\/2013\/10\/domingo-de-montana-en-los-grupos-del-movimiento-calasanz\/#breadcrumb"},"inLanguage":"en-US","potentialAction":[{"@type":"ReadAction","target":["https:\/\/www.itakaescolapios.org\/en\/2013\/10\/domingo-de-montana-en-los-grupos-del-movimiento-calasanz\/"]}]},{"@type":"ImageObject","inLanguage":"en-US","@id":"https:\/\/www.itakaescolapios.org\/en\/2013\/10\/domingo-de-montana-en-los-grupos-del-movimiento-calasanz\/#primaryimage","url":"https:\/\/www.itakaescolapios.org\/wp-content\/uploads\/2013\/10\/PA202566.jpg","contentUrl":"https:\/\/www.itakaescolapios.org\/wp-content\/uploads\/2013\/10\/PA202566.jpg","width":1125,"height":1500},{"@type":"BreadcrumbList","@id":"https:\/\/www.itakaescolapios.org\/en\/2013\/10\/domingo-de-montana-en-los-grupos-del-movimiento-calasanz\/#breadcrumb","itemListElement":[{"@type":"ListItem","position":1,"name":"Proof","item":"https:\/\/www.itakaescolapios.org\/es\/"},{"@type":"ListItem","position":2,"name":"DOMINGO DE MONTA\u00d1A EN LOS GRUPOS DEL MOVIMIENTO CALASANZ"}]},{"@type":"WebSite","@id":"https:\/\/www.itakaescolapios.org\/en\/es\/#website","url":"https:\/\/www.itakaescolapios.org\/en\/es\/","name":"Itaka-Escolapios","description":"Red de Itaka-Escolapios","publisher":{"@id":"https:\/\/www.itakaescolapios.org\/en\/es\/#organization"},"potentialAction":[{"@type":"SearchAction","target":{"@type":"EntryPoint","urlTemplate":"https:\/\/www.itakaescolapios.org\/en\/es\/?s={search_term_string}"},"query-input":{"@type":"PropertyValueSpecification","valueRequired":true,"valueName":"search_term_string"}}],"inLanguage":"en-US"},{"@type":"Organization","@id":"https:\/\/www.itakaescolapios.org\/en\/es\/#organization","name":"Fundaci\u00f3 Itaka-Escolapios","url":"https:\/\/www.itakaescolapios.org\/en\/es\/","logo":{"@type":"ImageObject","inLanguage":"en-US","@id":"https:\/\/www.itakaescolapios.org\/en\/es\/#\/schema\/logo\/image\/","url":"https:\/\/www.itakaescolapios.org\/wp-content\/uploads\/2024\/04\/Logo-itakaescolapios-peque.png","contentUrl":"https:\/\/www.itakaescolapios.org\/wp-content\/uploads\/2024\/04\/Logo-itakaescolapios-peque.png","width":500,"height":199,"caption":"Fundaci\u00f3 Itaka-Escolapios"},"image":{"@id":"https:\/\/www.itakaescolapios.org\/en\/es\/#\/schema\/logo\/image\/"}},{"@type":"Person","@id":"https:\/\/www.itakaescolapios.org\/es\/#\/schema\/person\/9cc185e6cd9bcae456bb4586c2d42ea3","name":"gasteiz02","url":"https:\/\/www.itakaescolapios.org\/en\/author\/gasteiz02\/"}]}},"_links":{"self":[{"href":"https:\/\/www.itakaescolapios.org\/en\/wp-json\/wp\/v2\/posts\/7520","targetHints":{"allow":["GET"]}}],"collection":[{"href":"https:\/\/www.itakaescolapios.org\/en\/wp-json\/wp\/v2\/posts"}],"about":[{"href":"https:\/\/www.itakaescolapios.org\/en\/wp-json\/wp\/v2\/types\/post"}],"author":[{"embeddable":true,"href":"https:\/\/www.itakaescolapios.org\/en\/wp-json\/wp\/v2\/users\/42"}],"replies":[{"embeddable":true,"href":"https:\/\/www.itakaescolapios.org\/en\/wp-json\/wp\/v2\/comments?post=7520"}],"version-history":[{"count":3,"href":"https:\/\/www.itakaescolapios.org\/en\/wp-json\/wp\/v2\/posts\/7520\/revisions"}],"predecessor-version":[{"id":49395,"href":"https:\/\/www.itakaescolapios.org\/en\/wp-json\/wp\/v2\/posts\/7520\/revisions\/49395"}],"wp:featuredmedia":[{"embeddable":true,"href":"https:\/\/www.itakaescolapios.org\/en\/wp-json\/wp\/v2\/media\/7522"}],"wp:attachment":[{"href":"https:\/\/www.itakaescolapios.org\/en\/wp-json\/wp\/v2\/media?parent=7520"}],"wp:term":[{"taxonomy":"category","embeddable":true,"href":"https:\/\/www.itakaescolapios.org\/en\/wp-json\/wp\/v2\/categories?post=7520"},{"taxonomy":"post_tag","embeddable":true,"href":"https:\/\/www.itakaescolapios.org\/en\/wp-json\/wp\/v2\/tags?post=7520"}],"curies":[{"name":"wp","href":"https:\/\/api.w.org\/{rel}","templated":true}]}}