{"id":8604,"date":"2014-01-26T10:03:39","date_gmt":"2014-01-26T09:03:39","guid":{"rendered":"https:\/\/www.itakaescolapios.org\/?p=8604"},"modified":"2023-11-28T12:39:09","modified_gmt":"2023-11-28T11:39:09","slug":"estamosxlapaz-los-grupos-de-bidean-con-el-bakegintza-pamplona-iruna","status":"publish","type":"post","link":"https:\/\/www.itakaescolapios.org\/en\/2014\/01\/estamosxlapaz-los-grupos-de-bidean-con-el-bakegintza-pamplona-iruna\/","title":{"rendered":"#EstamosXlaPAZ Los Grupos de Bidean con el Bakegintza, Pamplona-Iru\u00f1a"},"content":{"rendered":"<p><a href=\"https:\/\/www.itakaescolapios.org\/wp-content\/uploads\/2014\/01\/IMG-20140124-WA0005.jpg\"><a href=\"https:\/\/www.itakaescolapios.org\/wp-content\/uploads\/2014\/01\/IMG-20140125-WA0002.jpg\"><img decoding=\"async\" class=\"aligncenter size-medium wp-image-8607\" alt=\"IMG-20140125-WA0002\" src=\"https:\/\/www.itakaescolapios.org\/wp-content\/uploads\/2014\/01\/IMG-20140125-WA0002-300x225.jpg\" width=\"300\" height=\"225\" srcset=\"https:\/\/www.itakaescolapios.org\/wp-content\/uploads\/2014\/01\/IMG-20140125-WA0002-300x225.jpg 300w, https:\/\/www.itakaescolapios.org\/wp-content\/uploads\/2014\/01\/IMG-20140125-WA0002-250x187.jpg 250w, https:\/\/www.itakaescolapios.org\/wp-content\/uploads\/2014\/01\/IMG-20140125-WA0002.jpg 800w\" sizes=\"(max-width: 300px) 100vw, 300px\" \/><\/a><img decoding=\"async\" class=\"aligncenter size-medium wp-image-8605\" alt=\"IMG-20140124-WA0005\" src=\"https:\/\/www.itakaescolapios.org\/wp-content\/uploads\/2014\/01\/IMG-20140124-WA0005-300x225.jpg\" width=\"300\" height=\"225\" srcset=\"https:\/\/www.itakaescolapios.org\/wp-content\/uploads\/2014\/01\/IMG-20140124-WA0005-300x225.jpg 300w, https:\/\/www.itakaescolapios.org\/wp-content\/uploads\/2014\/01\/IMG-20140124-WA0005-250x187.jpg 250w, https:\/\/www.itakaescolapios.org\/wp-content\/uploads\/2014\/01\/IMG-20140124-WA0005.jpg 800w\" sizes=\"(max-width: 300px) 100vw, 300px\" \/> <a href=\"https:\/\/www.itakaescolapios.org\/wp-content\/uploads\/2014\/01\/IMG-20140124-WA0006.jpg\"><img decoding=\"async\" class=\"aligncenter size-medium wp-image-8606\" alt=\"IMG-20140124-WA0006\" src=\"https:\/\/www.itakaescolapios.org\/wp-content\/uploads\/2014\/01\/IMG-20140124-WA0006-300x168.jpg\" width=\"300\" height=\"168\" srcset=\"https:\/\/www.itakaescolapios.org\/wp-content\/uploads\/2014\/01\/IMG-20140124-WA0006-300x168.jpg 300w, https:\/\/www.itakaescolapios.org\/wp-content\/uploads\/2014\/01\/IMG-20140124-WA0006-250x140.jpg 250w, https:\/\/www.itakaescolapios.org\/wp-content\/uploads\/2014\/01\/IMG-20140124-WA0006.jpg 800w\" sizes=\"(max-width: 300px) 100vw, 300px\" \/><\/a><\/a><\/p>\n<p>Los Grupos de Bidean de Pamplona-Iru\u00f1a hemos realizado el Encuentro por la Paz &#8211; Bakegintza. Este a\u00f1o nos sumamos a la campa\u00f1a con otros grupos del Movimiento Calasanz &#8211; Calasanz Kideak teniendo como lema #EstamosXlaPaz. Hemos querido recordar que los gestos por la paz que hacemos no caen en saco roto. Hemos querido ponernos en marcha sabiendo que gente peque\u00f1a, en lugares peque\u00f1os pueden hacer, si se unen, grandes cosas. Cantando por la paz, descubriendo a grandes personas que han cambiado la historia y uni\u00e9ndonos v\u00eda twitter a la Campa\u00f1a, hemos realizado algo m\u00e1s que un gesto por la paz.<\/p>\n<p>Para ver m\u00e1s, pincha aqu\u00ed:\u00a0https:\/\/plus.google.com\/u\/0\/photos\/110796915376488041094\/albums\/5973124595109128881?sort=1<\/p>\n","protected":false},"excerpt":{"rendered":"<p>Los Grupos de Bidean de Pamplona-Iru\u00f1a hemos realizado el Encuentro por la Paz &#8211; Bakegintza. Este a\u00f1o nos sumamos a la campa\u00f1a con otros grupos del Movimiento Calasanz &#8211; Calasanz [&hellip;]<\/p>\n","protected":false},"author":29,"featured_media":8607,"comment_status":"closed","ping_status":"closed","sticky":false,"template":"","format":"standard","meta":{"_et_pb_use_builder":"","_et_pb_old_content":"","_et_gb_content_width":"","footnotes":""},"categories":[20],"tags":[106,40],"class_list":["post-8604","post","type-post","status-publish","format-standard","has-post-thumbnail","hentry","category-pamplona-iruna","tag-bakegintza","tag-paz"],"yoast_head":"<!-- This site is optimized with the Yoast SEO plugin v27.4 - https:\/\/yoast.com\/product\/yoast-seo-wordpress\/ -->\n<title>#EstamosXlaPAZ Los Grupos de Bidean con el Bakegintza, Pamplona-Iru\u00f1a<\/title>\n<meta name=\"description\" content=\"Los Grupos de Bidean de Pamplona-Iru\u00f1a hemos realizado el Encuentro por la Paz - Bakegintza. Este a\u00f1o nos sumamos a la campa\u00f1a con otros grupos del Movimiento Calasanz - Calasanz Kideak teniendo como lema #EstamosXlaPaz. Hemos querido recordar que los gestos por la paz que hacemos no caen en saco roto. Hemos querido ponernos en&hellip;\" \/>\n<meta name=\"robots\" content=\"index, follow, max-snippet:-1, max-image-preview:large, max-video-preview:-1\" \/>\n<link rel=\"canonical\" href=\"http:\/\/Los%20Grupos%20de%20Bidean%20de%20Pamplona-Iru\u00f1a%20hemos%20realizado%20el%20Encuentro%20por%20la%20Paz%20-%20Bakegintza.%20Este%20a\u00f1o%20nos%20sumamos%20a%20la%20campa\u00f1a%20con%20otros%20grupos%20del%20Movimiento%20Calasanz%20-%20Calasanz%20Kideak%20teniendo%20como%20lema%20#EstamosXlaPaz.%20Hemos%20querido%20recordar%20que%20los%20gestos%20por%20la%20paz%20que%20hacemos%20no%20caen%20en%20saco%20roto.%20Hemos%20querido%20ponernos%20en&hellip;\" \/>\n<meta property=\"og:locale\" content=\"en_US\" \/>\n<meta property=\"og:type\" content=\"article\" \/>\n<meta property=\"og:title\" content=\"#EstamosXlaPAZ Los Grupos de Bidean con el Bakegintza, Pamplona-Iru\u00f1a\" \/>\n<meta property=\"og:description\" content=\"Los Grupos de Bidean de Pamplona-Iru\u00f1a hemos realizado el Encuentro por la Paz - Bakegintza. Este a\u00f1o nos sumamos a la campa\u00f1a con otros grupos del Movimiento Calasanz - Calasanz Kideak teniendo como lema #EstamosXlaPaz. Hemos querido recordar que los gestos por la paz que hacemos no caen en saco roto. Hemos querido ponernos en&hellip;\" \/>\n<meta property=\"og:url\" content=\"https:\/\/www.itakaescolapios.org\/en\/2014\/01\/estamosxlapaz-los-grupos-de-bidean-con-el-bakegintza-pamplona-iruna\/\" \/>\n<meta property=\"og:site_name\" content=\"Proofs in Itaka-Escolapios\" \/>\n<meta property=\"article:published_time\" content=\"2014-01-26T09:03:39+00:00\" \/>\n<meta property=\"article:modified_time\" content=\"2023-11-28T11:39:09+00:00\" \/>\n<meta property=\"og:image\" content=\"https:\/\/www.itakaescolapios.org\/wp-content\/uploads\/2014\/01\/IMG-20140125-WA0002.jpg\" \/>\n\t<meta property=\"og:image:width\" content=\"800\" \/>\n\t<meta property=\"og:image:height\" content=\"600\" \/>\n\t<meta property=\"og:image:type\" content=\"image\/jpeg\" \/>\n<meta name=\"author\" content=\"pamplona01\" \/>\n<meta name=\"twitter:card\" content=\"summary_large_image\" \/>\n<meta name=\"twitter:label1\" content=\"Written by\" \/>\n\t<meta name=\"twitter:data1\" content=\"pamplona01\" \/>\n\t<meta name=\"twitter:label2\" content=\"Est. reading time\" \/>\n\t<meta name=\"twitter:data2\" content=\"1 minute\" \/>\n<script type=\"application\/ld+json\" class=\"yoast-schema-graph\">{\"@context\":\"https:\\\/\\\/schema.org\",\"@graph\":[{\"@type\":\"Article\",\"@id\":\"https:\\\/\\\/www.itakaescolapios.org\\\/en\\\/2014\\\/01\\\/estamosxlapaz-los-grupos-de-bidean-con-el-bakegintza-pamplona-iruna\\\/#article\",\"isPartOf\":{\"@id\":\"https:\\\/\\\/www.itakaescolapios.org\\\/en\\\/2014\\\/01\\\/estamosxlapaz-los-grupos-de-bidean-con-el-bakegintza-pamplona-iruna\\\/\"},\"author\":{\"name\":\"pamplona01\",\"@id\":\"https:\\\/\\\/www.itakaescolapios.org\\\/es\\\/#\\\/schema\\\/person\\\/a44de70f9a43a90c3e0f59aaaffd61f3\"},\"headline\":\"#EstamosXlaPAZ Los Grupos de Bidean con el Bakegintza, Pamplona-Iru\u00f1a\",\"datePublished\":\"2014-01-26T09:03:39+00:00\",\"dateModified\":\"2023-11-28T11:39:09+00:00\",\"mainEntityOfPage\":{\"@id\":\"https:\\\/\\\/www.itakaescolapios.org\\\/en\\\/2014\\\/01\\\/estamosxlapaz-los-grupos-de-bidean-con-el-bakegintza-pamplona-iruna\\\/\"},\"wordCount\":133,\"publisher\":{\"@id\":\"https:\\\/\\\/www.itakaescolapios.org\\\/es\\\/#organization\"},\"image\":{\"@id\":\"https:\\\/\\\/www.itakaescolapios.org\\\/en\\\/2014\\\/01\\\/estamosxlapaz-los-grupos-de-bidean-con-el-bakegintza-pamplona-iruna\\\/#primaryimage\"},\"thumbnailUrl\":\"https:\\\/\\\/www.itakaescolapios.org\\\/wp-content\\\/uploads\\\/2014\\\/01\\\/IMG-20140125-WA0002.jpg\",\"keywords\":[\"Bakegintza\",\"paz\"],\"articleSection\":[\"Pamplona-Iru\u00f1a\"],\"inLanguage\":\"en-US\"},{\"@type\":\"WebPage\",\"@id\":\"https:\\\/\\\/www.itakaescolapios.org\\\/en\\\/2014\\\/01\\\/estamosxlapaz-los-grupos-de-bidean-con-el-bakegintza-pamplona-iruna\\\/\",\"url\":\"https:\\\/\\\/www.itakaescolapios.org\\\/en\\\/2014\\\/01\\\/estamosxlapaz-los-grupos-de-bidean-con-el-bakegintza-pamplona-iruna\\\/\",\"name\":\"#EstamosXlaPAZ Los Grupos de Bidean con el Bakegintza, Pamplona-Iru\u00f1a - Proofs in Itaka-Escolapios\",\"isPartOf\":{\"@id\":\"https:\\\/\\\/www.itakaescolapios.org\\\/es\\\/#website\"},\"primaryImageOfPage\":{\"@id\":\"https:\\\/\\\/www.itakaescolapios.org\\\/en\\\/2014\\\/01\\\/estamosxlapaz-los-grupos-de-bidean-con-el-bakegintza-pamplona-iruna\\\/#primaryimage\"},\"image\":{\"@id\":\"https:\\\/\\\/www.itakaescolapios.org\\\/en\\\/2014\\\/01\\\/estamosxlapaz-los-grupos-de-bidean-con-el-bakegintza-pamplona-iruna\\\/#primaryimage\"},\"thumbnailUrl\":\"https:\\\/\\\/www.itakaescolapios.org\\\/wp-content\\\/uploads\\\/2014\\\/01\\\/IMG-20140125-WA0002.jpg\",\"datePublished\":\"2014-01-26T09:03:39+00:00\",\"dateModified\":\"2023-11-28T11:39:09+00:00\",\"breadcrumb\":{\"@id\":\"https:\\\/\\\/www.itakaescolapios.org\\\/en\\\/2014\\\/01\\\/estamosxlapaz-los-grupos-de-bidean-con-el-bakegintza-pamplona-iruna\\\/#breadcrumb\"},\"inLanguage\":\"en-US\",\"potentialAction\":[{\"@type\":\"ReadAction\",\"target\":[\"https:\\\/\\\/www.itakaescolapios.org\\\/en\\\/2014\\\/01\\\/estamosxlapaz-los-grupos-de-bidean-con-el-bakegintza-pamplona-iruna\\\/\"]}]},{\"@type\":\"ImageObject\",\"inLanguage\":\"en-US\",\"@id\":\"https:\\\/\\\/www.itakaescolapios.org\\\/en\\\/2014\\\/01\\\/estamosxlapaz-los-grupos-de-bidean-con-el-bakegintza-pamplona-iruna\\\/#primaryimage\",\"url\":\"https:\\\/\\\/www.itakaescolapios.org\\\/wp-content\\\/uploads\\\/2014\\\/01\\\/IMG-20140125-WA0002.jpg\",\"contentUrl\":\"https:\\\/\\\/www.itakaescolapios.org\\\/wp-content\\\/uploads\\\/2014\\\/01\\\/IMG-20140125-WA0002.jpg\",\"width\":800,\"height\":600},{\"@type\":\"BreadcrumbList\",\"@id\":\"https:\\\/\\\/www.itakaescolapios.org\\\/en\\\/2014\\\/01\\\/estamosxlapaz-los-grupos-de-bidean-con-el-bakegintza-pamplona-iruna\\\/#breadcrumb\",\"itemListElement\":[{\"@type\":\"ListItem\",\"position\":1,\"name\":\"Proof\",\"item\":\"https:\\\/\\\/www.itakaescolapios.org\\\/es\\\/\"},{\"@type\":\"ListItem\",\"position\":2,\"name\":\"#EstamosXlaPAZ Los Grupos de Bidean con el Bakegintza, Pamplona-Iru\u00f1a\"}]},{\"@type\":\"WebSite\",\"@id\":\"https:\\\/\\\/www.itakaescolapios.org\\\/en\\\/es\\\/#website\",\"url\":\"https:\\\/\\\/www.itakaescolapios.org\\\/en\\\/es\\\/\",\"name\":\"Itaka-Escolapios\",\"description\":\"Red de Itaka-Escolapios\",\"publisher\":{\"@id\":\"https:\\\/\\\/www.itakaescolapios.org\\\/en\\\/es\\\/#organization\"},\"potentialAction\":[{\"@type\":\"SearchAction\",\"target\":{\"@type\":\"EntryPoint\",\"urlTemplate\":\"https:\\\/\\\/www.itakaescolapios.org\\\/en\\\/es\\\/?s={search_term_string}\"},\"query-input\":{\"@type\":\"PropertyValueSpecification\",\"valueRequired\":true,\"valueName\":\"search_term_string\"}}],\"inLanguage\":\"en-US\"},{\"@type\":\"Organization\",\"@id\":\"https:\\\/\\\/www.itakaescolapios.org\\\/en\\\/es\\\/#organization\",\"name\":\"Fundaci\u00f3 Itaka-Escolapios\",\"url\":\"https:\\\/\\\/www.itakaescolapios.org\\\/en\\\/es\\\/\",\"logo\":{\"@type\":\"ImageObject\",\"inLanguage\":\"en-US\",\"@id\":\"https:\\\/\\\/www.itakaescolapios.org\\\/en\\\/es\\\/#\\\/schema\\\/logo\\\/image\\\/\",\"url\":\"https:\\\/\\\/www.itakaescolapios.org\\\/wp-content\\\/uploads\\\/2024\\\/04\\\/Logo-itakaescolapios-peque.png\",\"contentUrl\":\"https:\\\/\\\/www.itakaescolapios.org\\\/wp-content\\\/uploads\\\/2024\\\/04\\\/Logo-itakaescolapios-peque.png\",\"width\":500,\"height\":199,\"caption\":\"Fundaci\u00f3 Itaka-Escolapios\"},\"image\":{\"@id\":\"https:\\\/\\\/www.itakaescolapios.org\\\/en\\\/es\\\/#\\\/schema\\\/logo\\\/image\\\/\"}},{\"@type\":\"Person\",\"@id\":\"https:\\\/\\\/www.itakaescolapios.org\\\/es\\\/#\\\/schema\\\/person\\\/a44de70f9a43a90c3e0f59aaaffd61f3\",\"name\":\"pamplona01\",\"url\":\"https:\\\/\\\/www.itakaescolapios.org\\\/en\\\/author\\\/pamplona01\\\/\"}]}<\/script>\n<!-- \/ Yoast SEO plugin. -->","yoast_head_json":{"title":"#EstamosXlaPAZ Los Grupos de Bidean con el Bakegintza, Pamplona-Iru\u00f1a","description":"Los Grupos de Bidean de Pamplona-Iru\u00f1a hemos realizado el Encuentro por la Paz - Bakegintza. Este a\u00f1o nos sumamos a la campa\u00f1a con otros grupos del Movimiento Calasanz - Calasanz Kideak teniendo como lema #EstamosXlaPaz. Hemos querido recordar que los gestos por la paz que hacemos no caen en saco roto. Hemos querido ponernos en&hellip;","robots":{"index":"index","follow":"follow","max-snippet":"max-snippet:-1","max-image-preview":"max-image-preview:large","max-video-preview":"max-video-preview:-1"},"canonical":"Los Grupos de Bidean de Pamplona-Iru\u00f1a hemos realizado el Encuentro por la Paz - Bakegintza. Este a\u00f1o nos sumamos a la campa\u00f1a con otros grupos del Movimiento Calasanz - Calasanz Kideak teniendo como lema #EstamosXlaPaz. Hemos querido recordar que los gestos por la paz que hacemos no caen en saco roto. Hemos querido ponernos en&hellip;","og_locale":"en_US","og_type":"article","og_title":"#EstamosXlaPAZ Los Grupos de Bidean con el Bakegintza, Pamplona-Iru\u00f1a","og_description":"Los Grupos de Bidean de Pamplona-Iru\u00f1a hemos realizado el Encuentro por la Paz - Bakegintza. Este a\u00f1o nos sumamos a la campa\u00f1a con otros grupos del Movimiento Calasanz - Calasanz Kideak teniendo como lema #EstamosXlaPaz. Hemos querido recordar que los gestos por la paz que hacemos no caen en saco roto. Hemos querido ponernos en&hellip;","og_url":"https:\/\/www.itakaescolapios.org\/en\/2014\/01\/estamosxlapaz-los-grupos-de-bidean-con-el-bakegintza-pamplona-iruna\/","og_site_name":"Proofs in Itaka-Escolapios","article_published_time":"2014-01-26T09:03:39+00:00","article_modified_time":"2023-11-28T11:39:09+00:00","og_image":[{"width":800,"height":600,"url":"https:\/\/www.itakaescolapios.org\/wp-content\/uploads\/2014\/01\/IMG-20140125-WA0002.jpg","type":"image\/jpeg"}],"author":"pamplona01","twitter_card":"summary_large_image","twitter_misc":{"Written by":"pamplona01","Est. reading time":"1 minute"},"schema":{"@context":"https:\/\/schema.org","@graph":[{"@type":"Article","@id":"https:\/\/www.itakaescolapios.org\/en\/2014\/01\/estamosxlapaz-los-grupos-de-bidean-con-el-bakegintza-pamplona-iruna\/#article","isPartOf":{"@id":"https:\/\/www.itakaescolapios.org\/en\/2014\/01\/estamosxlapaz-los-grupos-de-bidean-con-el-bakegintza-pamplona-iruna\/"},"author":{"name":"pamplona01","@id":"https:\/\/www.itakaescolapios.org\/es\/#\/schema\/person\/a44de70f9a43a90c3e0f59aaaffd61f3"},"headline":"#EstamosXlaPAZ Los Grupos de Bidean con el Bakegintza, Pamplona-Iru\u00f1a","datePublished":"2014-01-26T09:03:39+00:00","dateModified":"2023-11-28T11:39:09+00:00","mainEntityOfPage":{"@id":"https:\/\/www.itakaescolapios.org\/en\/2014\/01\/estamosxlapaz-los-grupos-de-bidean-con-el-bakegintza-pamplona-iruna\/"},"wordCount":133,"publisher":{"@id":"https:\/\/www.itakaescolapios.org\/es\/#organization"},"image":{"@id":"https:\/\/www.itakaescolapios.org\/en\/2014\/01\/estamosxlapaz-los-grupos-de-bidean-con-el-bakegintza-pamplona-iruna\/#primaryimage"},"thumbnailUrl":"https:\/\/www.itakaescolapios.org\/wp-content\/uploads\/2014\/01\/IMG-20140125-WA0002.jpg","keywords":["Bakegintza","paz"],"articleSection":["Pamplona-Iru\u00f1a"],"inLanguage":"en-US"},{"@type":"WebPage","@id":"https:\/\/www.itakaescolapios.org\/en\/2014\/01\/estamosxlapaz-los-grupos-de-bidean-con-el-bakegintza-pamplona-iruna\/","url":"https:\/\/www.itakaescolapios.org\/en\/2014\/01\/estamosxlapaz-los-grupos-de-bidean-con-el-bakegintza-pamplona-iruna\/","name":"#EstamosXlaPAZ Los Grupos de Bidean con el Bakegintza, Pamplona-Iru\u00f1a - Proofs in Itaka-Escolapios","isPartOf":{"@id":"https:\/\/www.itakaescolapios.org\/es\/#website"},"primaryImageOfPage":{"@id":"https:\/\/www.itakaescolapios.org\/en\/2014\/01\/estamosxlapaz-los-grupos-de-bidean-con-el-bakegintza-pamplona-iruna\/#primaryimage"},"image":{"@id":"https:\/\/www.itakaescolapios.org\/en\/2014\/01\/estamosxlapaz-los-grupos-de-bidean-con-el-bakegintza-pamplona-iruna\/#primaryimage"},"thumbnailUrl":"https:\/\/www.itakaescolapios.org\/wp-content\/uploads\/2014\/01\/IMG-20140125-WA0002.jpg","datePublished":"2014-01-26T09:03:39+00:00","dateModified":"2023-11-28T11:39:09+00:00","breadcrumb":{"@id":"https:\/\/www.itakaescolapios.org\/en\/2014\/01\/estamosxlapaz-los-grupos-de-bidean-con-el-bakegintza-pamplona-iruna\/#breadcrumb"},"inLanguage":"en-US","potentialAction":[{"@type":"ReadAction","target":["https:\/\/www.itakaescolapios.org\/en\/2014\/01\/estamosxlapaz-los-grupos-de-bidean-con-el-bakegintza-pamplona-iruna\/"]}]},{"@type":"ImageObject","inLanguage":"en-US","@id":"https:\/\/www.itakaescolapios.org\/en\/2014\/01\/estamosxlapaz-los-grupos-de-bidean-con-el-bakegintza-pamplona-iruna\/#primaryimage","url":"https:\/\/www.itakaescolapios.org\/wp-content\/uploads\/2014\/01\/IMG-20140125-WA0002.jpg","contentUrl":"https:\/\/www.itakaescolapios.org\/wp-content\/uploads\/2014\/01\/IMG-20140125-WA0002.jpg","width":800,"height":600},{"@type":"BreadcrumbList","@id":"https:\/\/www.itakaescolapios.org\/en\/2014\/01\/estamosxlapaz-los-grupos-de-bidean-con-el-bakegintza-pamplona-iruna\/#breadcrumb","itemListElement":[{"@type":"ListItem","position":1,"name":"Proof","item":"https:\/\/www.itakaescolapios.org\/es\/"},{"@type":"ListItem","position":2,"name":"#EstamosXlaPAZ Los Grupos de Bidean con el Bakegintza, Pamplona-Iru\u00f1a"}]},{"@type":"WebSite","@id":"https:\/\/www.itakaescolapios.org\/en\/es\/#website","url":"https:\/\/www.itakaescolapios.org\/en\/es\/","name":"Itaka-Escolapios","description":"Red de Itaka-Escolapios","publisher":{"@id":"https:\/\/www.itakaescolapios.org\/en\/es\/#organization"},"potentialAction":[{"@type":"SearchAction","target":{"@type":"EntryPoint","urlTemplate":"https:\/\/www.itakaescolapios.org\/en\/es\/?s={search_term_string}"},"query-input":{"@type":"PropertyValueSpecification","valueRequired":true,"valueName":"search_term_string"}}],"inLanguage":"en-US"},{"@type":"Organization","@id":"https:\/\/www.itakaescolapios.org\/en\/es\/#organization","name":"Fundaci\u00f3 Itaka-Escolapios","url":"https:\/\/www.itakaescolapios.org\/en\/es\/","logo":{"@type":"ImageObject","inLanguage":"en-US","@id":"https:\/\/www.itakaescolapios.org\/en\/es\/#\/schema\/logo\/image\/","url":"https:\/\/www.itakaescolapios.org\/wp-content\/uploads\/2024\/04\/Logo-itakaescolapios-peque.png","contentUrl":"https:\/\/www.itakaescolapios.org\/wp-content\/uploads\/2024\/04\/Logo-itakaescolapios-peque.png","width":500,"height":199,"caption":"Fundaci\u00f3 Itaka-Escolapios"},"image":{"@id":"https:\/\/www.itakaescolapios.org\/en\/es\/#\/schema\/logo\/image\/"}},{"@type":"Person","@id":"https:\/\/www.itakaescolapios.org\/es\/#\/schema\/person\/a44de70f9a43a90c3e0f59aaaffd61f3","name":"pamplona01","url":"https:\/\/www.itakaescolapios.org\/en\/author\/pamplona01\/"}]}},"_links":{"self":[{"href":"https:\/\/www.itakaescolapios.org\/en\/wp-json\/wp\/v2\/posts\/8604","targetHints":{"allow":["GET"]}}],"collection":[{"href":"https:\/\/www.itakaescolapios.org\/en\/wp-json\/wp\/v2\/posts"}],"about":[{"href":"https:\/\/www.itakaescolapios.org\/en\/wp-json\/wp\/v2\/types\/post"}],"author":[{"embeddable":true,"href":"https:\/\/www.itakaescolapios.org\/en\/wp-json\/wp\/v2\/users\/29"}],"replies":[{"embeddable":true,"href":"https:\/\/www.itakaescolapios.org\/en\/wp-json\/wp\/v2\/comments?post=8604"}],"version-history":[{"count":6,"href":"https:\/\/www.itakaescolapios.org\/en\/wp-json\/wp\/v2\/posts\/8604\/revisions"}],"predecessor-version":[{"id":49219,"href":"https:\/\/www.itakaescolapios.org\/en\/wp-json\/wp\/v2\/posts\/8604\/revisions\/49219"}],"wp:featuredmedia":[{"embeddable":true,"href":"https:\/\/www.itakaescolapios.org\/en\/wp-json\/wp\/v2\/media\/8607"}],"wp:attachment":[{"href":"https:\/\/www.itakaescolapios.org\/en\/wp-json\/wp\/v2\/media?parent=8604"}],"wp:term":[{"taxonomy":"category","embeddable":true,"href":"https:\/\/www.itakaescolapios.org\/en\/wp-json\/wp\/v2\/categories?post=8604"},{"taxonomy":"post_tag","embeddable":true,"href":"https:\/\/www.itakaescolapios.org\/en\/wp-json\/wp\/v2\/tags?post=8604"}],"curies":[{"name":"wp","href":"https:\/\/api.w.org\/{rel}","templated":true}]}}